{"id":2244,"date":"2024-10-31T12:48:57","date_gmt":"2024-10-31T09:48:57","guid":{"rendered":"https:\/\/www.welovecycling.com\/ee\/?p=2244"},"modified":"2024-10-31T12:48:57","modified_gmt":"2024-10-31T09:48:57","slug":"avalikustati-2025-aasta-tour-de-francei-ja-tour-de-france-femmes-avec-zwifti-marsruudid","status":"publish","type":"post","link":"https:\/\/www.welovecycling.com\/ee\/2024\/10\/31\/avalikustati-2025-aasta-tour-de-francei-ja-tour-de-france-femmes-avec-zwifti-marsruudid\/","title":{"rendered":"Avalikustati 2025. aasta Tour de France\u2019i ja Tour de France Femmes avec Zwifti marsruudid"},"content":{"rendered":"<p><strong>2025 aasta Tour de France\u2019i ja Tour de France Femmes avec Zwifti marsruudid on n\u00fc\u00fcd avalikud. Need lubavad p\u00f5nevaid uusi etappe ja vihast konkurentsi eriti P\u00fcreneedes, kus meeste v\u00f5istlus kujuneb j\u00e4rjekordseks peat\u00fckiks Tadej Poga\u010dari ja Jonas Vingegaardi vahelises duellis.<\/strong><\/p>\n<p><!--more--><\/p>\n<h2><strong>Meeste Tour: naasmine traditsioonide ja raskete t\u00f5usude juurde<\/strong><\/h2>\n<p>Meeste Tour de France stardib Lille\u2019is ja erinevalt eelmisest aastast on fini\u0161 j\u00e4lle traditsiooniliselt Pariisis Champs-\u00c9lys\u00e9es\u2019l. T\u00e4navune \u201ek\u00f5rvalekalle\u201c oli tingitud Pariisis toimunud ol\u00fcmpiam\u00e4ngudest. Esimest korda p\u00e4rast 2020. aastat toimub kogu v\u00f5istlus eranditult Prantsusmaa territooriumil.<\/p>\n<p><iframe loading=\"lazy\" title=\"YouTube video player\" src=\"https:\/\/www.youtube-nocookie.com\/embed\/-5NKLTugga8?si=Ld9RQ2lfH5vKF9nQ\" width=\"560\" height=\"315\" frameborder=\"0\" allowfullscreen=\"allowfullscreen\"><\/iframe><\/p>\n<p>Marsruut sisaldab k\u00f5iki t\u00fc\u00fcpilise kaasaegse Touri elemente, kus esimesed lauskmaaetapid viivad v\u00e4lja Keskmassiivi n\u00f5udlikumate maastikeni. Kuid v\u00f5istluse tuumaks on ikka vaevarikkad t\u00f5usudega l\u00f5igud P\u00fcreneedes ja Alpides. Kaks individuaalset tempos\u00f5itu, sealhulgas 11-kilomeetrine m\u00e4kket\u00f5us 13. etapil, teevad sellest Tourist j\u00e4rjekordse v\u00e4geva v\u00f5istluse.<\/p>\n<p>V\u00f5istluse otsustavaks j\u00e4rguks t\u00f5otavad kujuneda kolm j\u00e4rjestikust etappi P\u00fcreneedes. Sinna alla k\u00e4ib ka m\u00e4gifini\u0161 Hautacamis, kus Vingegaard juba korra saavutas otsustava v\u00f5idu Poga\u010dari \u00fcle. J\u00e4rgmistel etappidel ootavad ees m\u00e4gine tempos\u00f5it Peyragudes\u2019i ja mitmed keerukad t\u00f5usud fini\u0161iga Luchon-Superbagn\u00e8res\u2019is. Need etapid on eeldatavalt otsustavad \u00fcldliidri selgitamisel.<\/p>\n<p><strong>P\u00f5hja-Prantsusmaalt Normandiasse<\/strong><\/p>\n<ol>\n<li><strong> etapp: Lille M\u00e9tropole \u2013 Lille M\u00e9tropole, 185 km (lauskmaa)<\/strong>: See etapp on kiires tempos sissejuhatus, mis sobib liidrikohta sihtivatele sprinteritele.<\/li>\n<li><strong> etapp: Lauwin-Planque \u2013 Boulogne-sur-Mer, 212 km (k\u00fcnklik)<\/strong>: Tuuri pikimat etappi ilmestavad meretuuled ja l\u00f5pu eel paiknevad j\u00e4rsud t\u00f5usud, mis t\u00f5otavad pakkuda esimesi draamasid ja v\u00f5ivad tuua muudatusi \u00fcldj\u00e4rjestuses.<\/li>\n<li><strong> etapp: Valenciennes \u2013 Dunkerque, 178 km (lauskmaa)<\/strong>: Veel \u00fcks v\u00f5imalus sprinteritele, kuigi k\u00fclgtuul v\u00f5ib fini\u0161i teha keerukaks ja taktikaliselt huvitavaks.<\/li>\n<li><strong> etapp: Amiens M\u00e9tropole \u2013 Rouen, 173 km (k\u00fcnklik)<\/strong>: V\u00f5idus\u00f5it l\u00e4bib n\u00fc\u00fcd Normandia ajaloolist osa, keerukas marsruut v\u00f5ib soosida tugevaid universaale.<\/li>\n<li><strong> etapp: Caen \u2013 Caen, 33 km (individuaalne tempos\u00f5it)<\/strong>: Oluline tempos\u00f5it Caenis, lauskmaal kulgev kiire rada on kriitilise t\u00e4htsusega \u00fcldv\u00f5idu tagaajajatele.<\/li>\n<\/ol>\n<p>K\u00fcsisime muljeid trassi kohta ka endiselt profiratturilt Zden\u011bk \u0160tybarilt. \u201eEsimene n\u00e4dal saab olema intensiivne, eriti kuna avaetapp on sprint. Selline korraldus muudab v\u00f5istluse v\u00e4ga konkurentsitihedaks ja n\u00e4rves\u00f6\u00f6vaks, kuna nii sprinterite kui ka \u00fcldarvestuses tippu p\u00fcrgijate meeskonnad pingutavad, et grupi eesotsas p\u00fcsida. Mulle ei meeldinud kunagi, kui suurtuur algas sprindietapiga, sest k\u00f5ik p\u00fcrivad seal etteotsa, keegi ei taha aega kaotada, k\u00f5ik soovivad kukkumisi v\u00e4ltida. K\u00f5ik see muudab olukorra n\u00e4rvilisemaks ja ohtlikumaks,\u201c muljetas Zden\u011bk.<\/p>\n<p><strong>Bretagne\u2019ist P\u00fcreneedesse<\/strong><\/p>\n<ol start=\"6\">\n<li><strong> etapp: Bayeux \u2013 Vire Normandie, 201 km (k\u00fcnklik)<\/strong>: See etapp on t\u00e4is erinevate kategooriate t\u00f5use, paneb proovile ratturite vastupidavuse ja v\u00f5ib segi paisata paremusj\u00e4rjestuse.<\/li>\n<li><strong> etapp: Saint-Malo \u2013 M\u00fbr-de-Bretagne Guerl\u00e9dan, 194 km (k\u00fcnklik)<\/strong>: Legendaarne M\u00fbr-de-Bretagne ootab rattureid kahe fini\u0161ieelse r\u00e4nga t\u00f5usuga, mis tihti on otsustavad \u00fclekaalu kinnistamisel.<\/li>\n<li><strong> ja 9. etapp (lauskmaa):<\/strong> Need etapid pakuvad p\u00f5gusat hinget\u00f5mbepausi enne k\u00f5rgm\u00e4gesid, kuid taktikalised man\u00f6\u00f6vrid ja lahtirebimiskatsed v\u00f5ivad ikkagi p\u00f5nevust tuua.<\/li>\n<\/ol>\n<p>\u201eNeed etapid soosivad selliseid rattureid nagu van Aert ja van der Poel ning seal v\u00f5ib liidris\u00e4rk iga p\u00e4ev omanikku vahetada,\u201c kommenteeris Zden\u011bk \u0160tybar.<\/p>\n<p><strong>Otsustavad m\u00e4gietapid<\/strong><\/p>\n<ol start=\"10\">\n<li><strong> etapp: Ennezat \u2013 Le Mont-Dore Puy de Sancy, 163 km (m\u00e4ed)<\/strong>: Bastille\u2019 vallutamise aastap\u00e4eval toimuv etapp sisaldab Morandi ja Croix Saint-Robert\u2019i t\u00f5use ning kulmineerub Puy de Sancys, t\u00f5otades vaatem\u00e4ngulist l\u00f5pplahendust.<\/li>\n<li><strong> etapp: Auch \u2013 Hautacam, 181 km (m\u00e4ed)<\/strong>: Naasmine Hautacamile, mis on kuulus seal peetud legendaarsete duellide poolest, v\u00f5ib olla otsustav \u00fcldv\u00f5idu p\u00fc\u00fcdlejaile.<\/li>\n<li><strong> etapp: Loudenvielle \u2013 Peyragudes, 11 km (individuaalne tempos\u00f5it)<\/strong>: See tempos\u00f5it m\u00e4gedes on kriitilise t\u00e4htsusega, iga Peyragudes\u2019i j\u00e4rskudel n\u00f5lvadel v\u00f5idetud v\u00f5i kaotatud sekund v\u00f5ib osutuda m\u00e4\u00e4ravaks.<\/li>\n<li><strong> etapp: Pau \u2013 Luchon-Superbagn\u00e8res, 183 km (m\u00e4ed)<\/strong>: T\u00f5en\u00e4oliselt k\u00f5igi etappide kroon, mis enne m\u00e4etipus asuvasse fini\u0161isse j\u00f5udmist \u00fcletab legendaarse Tourmalet\u2019 m\u00e4ekuru ja mitu teist r\u00e4nkrasket t\u00f5usu.<\/li>\n<li><strong> etapp: Montpellier \u2013 Mont Ventoux, 172 km (m\u00e4ed)<\/strong>: Veel \u00fcks legendaarne t\u00f5us \u2013 Mont Ventoux \u2013 paneb ratturid proovile oma j\u00e4rskude n\u00f5lvade ja viljatu maastikuga.<\/li>\n<li><strong> etapp: Vif \u2013 Courchevel Col de la Loze, 171 km (m\u00e4ed)<\/strong>: Mitme r\u00e4nga t\u00f5usuga etapp l\u00f5peb Col de la Loze\u2019i m\u00e4ekurul ning eeldatavalt kujuneb otsustavaks \u00fcldj\u00e4rjestuse liidritele.<\/li>\n<li><strong> etapp: Albertville \u2013 La Plagne, 130 km (m\u00e4ed)<\/strong>: Veel \u00fcks t\u00f5sine m\u00e4gietapp v\u00f5ib olla viimane lahingutanner kollase s\u00e4rgi p\u00fc\u00fcdjatele, enne kui v\u00f5istlejad suuna Pariisile v\u00f5tavad.<\/li>\n<\/ol>\n<p>\u201e\u00dcldj\u00e4rjestus otsustatakse just siin. Isegi kui keegi oli enne liider, siis kriis \u00fchel neist p\u00e4evadest v\u00f5ib ta k\u00f5igest ilma j\u00e4tta,\u201c \u00fctles Zden\u011bk.<\/p>\n<p>Need r\u00e4nkrasked etapid tagavad, et isegi tugevad tulemused tuuri algul ei pruugi olla piisavad, sest l\u00f5pptulemus v\u00f5ib oleneda ratturi vastupidavusest m\u00e4gisel maastikul.<\/p>\n<p><strong>L\u00f5puetapid ja fini\u0161 Pariisis<\/strong><\/p>\n<ol start=\"20\">\n<li><strong> etapp: Nantua \u2013 Pontarlier, 185 km (k\u00fcnklik)<\/strong>: Eelviimane etapp s\u00f5idetakse k\u00fcll kirja j\u00e4rgi k\u00fcnklikul maastikul, kuid siin v\u00f5ivad veel aset leida viimased \u00fcritused \u00fcldj\u00e4rjestust muuta.<\/li>\n<li><strong> etapp: Mantes-la-Ville \u2013 Pariis Champs-\u00c9lys\u00e9es, 120 km (lauskmaa)<\/strong>: Piduliku alatooniga l\u00f5puetapp on j\u00e4lle oma traditsioonilise sprindifini\u0161iga Champs-\u00c9lys\u00e9es\u2019l ning paneb 2025. aasta Tour de France\u2019ile v\u00e4geva punkti.<\/li>\n<\/ol>\n<p><strong>Naiste Tour: Bretagne\u2019ist Alpidesse<\/strong><\/p>\n<h2><strong>\u00dcheksa p\u00e4eva kestev Tour de France Femmes avec Zwift algab Bretagne\u2019ist ja kulmineerub Alpides. Kas n\u00e4eme taas Kasia triumfi?<\/strong><\/h2>\n<ol>\n<li><strong> etapp: Vannes \u2013 Plumelec, 79 km (k\u00fcnklik)<\/strong><\/li>\n<\/ol>\n<p>V\u00f5istlus algab Bretagne\u2019is, start antakse Vannes\u2019is ja l\u00f5peb Plumelecis C\u00f4te de Cadoudali tipus. Ehkki etapp on l\u00fchike, sisaldab see mitut t\u00f5usu, paneb proovile m\u00e4kke ronida suutvad sprinterid ja annab tooni kollase liidris\u00e4rgi p\u00e4rast peetava v\u00f5itluse algfaasis.<\/p>\n<ol start=\"2\">\n<li><strong> etapp: Brest \u2013 Quimper, 110 km (lauskmaa)<\/strong><\/li>\n<\/ol>\n<p>Tuur j\u00f5uab Finist\u00e8re\u2019i departemangu ning trass on pisut k\u00fcnklik. Siin v\u00f5ivad eelise saada tugevad jooksikute grupid v\u00f5i v\u00f5imsad sprinterid, eriti Quimperi fini\u0161it\u00f5usul \u2013 see v\u00f5ib segi paisata \u00fcldj\u00e4rjestuse.<\/p>\n<ol start=\"3\">\n<li><strong> etapp: La Gacilly \u2013 Angers, 162 km (lauskmaa)<\/strong><\/li>\n<\/ol>\n<p>Tuuri pikim lauskmaaetapp pakub v\u00f5imalust s\u00e4rada sprinteritele, enne kui marsruut v\u00f5tab suuna keerukamatele maastikele.<\/p>\n<ol start=\"4\">\n<li><strong> etapp: Saumur \u2013 Poitiers, 128 km (lauskmaa)<\/strong><\/li>\n<\/ol>\n<p>L\u00e4bi Loire\u2019i oru kulgev etapp on veel \u00fcks v\u00f5imalus sprinteritele, r\u00fctmi rikub vaid \u00fcks leebem t\u00f5us enne Poitiers\u2019sse j\u00f5udmist.<\/p>\n<p><iframe loading=\"lazy\" title=\"YouTube video player\" src=\"https:\/\/www.youtube-nocookie.com\/embed\/-1qD-7HSaNk?si=81RWU46COZ5KKpFc\" width=\"560\" height=\"315\" frameborder=\"0\" allowfullscreen=\"allowfullscreen\"><\/iframe><\/p>\n<ol start=\"5\">\n<li><strong> etapp: Jaunay-Marigny-Futuroscope \u2013 Gu\u00e9ret, 166 km (keskm\u00e4ed)<\/strong><\/li>\n<\/ol>\n<p>Selle etapiga hakkab v\u00f5istlus raskemaks muutuma, sest ees ootavad esimesed t\u00f5sisemad t\u00f5usud, mis kulmineeruvad keeruka fini\u0161iga Gu\u00e9ret\u2019s. See v\u00f5ib olla p\u00e4ev, mil \u00fcldarvestuses tippu p\u00fcrgijad saavad oma jalad proovile panna ja edumaad koguda.<\/p>\n<ol start=\"6\">\n<li><strong> etapp: Clermont-Ferrand \u2013 Ambert, 124 km (m\u00e4ed)<\/strong><\/li>\n<\/ol>\n<p>See m\u00e4gietapp sisaldab juba raskemaid proovikive, mitmed t\u00f5usud hakkavad tugevaid m\u00e4kkeronijaid peagrupist esile t\u00f5stma. Laskumine Ambert\u2019i n\u00f5uab hoolikat navigeerimist.<\/p>\n<ol start=\"7\">\n<li><strong> etapp: Bourg-en-Bresse \u2013 Chamb\u00e9ry, 160 km (k\u00fcnklik)<\/strong><\/li>\n<\/ol>\n<p>V\u00f5istlejad l\u00e4henevad Alpidele ning see etapp on oluline \u00fcldj\u00e4rjestuses k\u00f5rge positsiooni hoidmiseks. Ees ootavad mitmed t\u00f5usud ja keerukas laskumine fini\u0161isse.<\/p>\n<ol start=\"8\">\n<li><strong> etapp: Chamb\u00e9ry \u2013 Saint Fran\u00e7ois Longchamp, 112 km (m\u00e4ed)<\/strong><\/li>\n<\/ol>\n<p>Col de Madeleine\u2019i m\u00e4ekuru \u00fcletav etapp on \u00fcks tuuri k\u00f5rghetki s\u00f5na otseses m\u00f5ttes, sest ratturid ronivad 2000 meetri k\u00f5rgusele merepinnast. Pikk r\u00e4nk t\u00f5us saab olema otsustav hetk \u00fcldv\u00f5idu poole p\u00fcrgijatele.<\/p>\n<ol start=\"9\">\n<li><strong> etapp: Praz-sur-Arly \u2013 Ch\u00e2tel, 124 km (m\u00e4ed)<\/strong><\/li>\n<\/ol>\n<p>L\u00f5puetapp t\u00f5otab dramaatilist l\u00f5pplahendust oma mitme raske t\u00f5usuga, sealhulgas Col de Joux-Plane\u2019i m\u00e4ekurule. Fini\u0161 Ch\u00e2telis paneb proovile mitte ainult m\u00e4kkeronijad, vaid selgitab n\u00f5udlikul t\u00f5usul ka \u00fcldv\u00f5itja.<\/p>\n<ol start=\"2025\">\n<li>aasta Tour de France Femmes avec Zwifti marsruut kergitab konkurentsi taset naiste rattas\u00f5idus ning tagab, et v\u00f5istlus tooks esile osalejate vastupidavuse, strateegilised oskused ja m\u00e4kkeronimisv\u00f5ime. Kes Sinu arvates v\u00f5iks v\u00f5ita? Anna meile teada!<\/li>\n<\/ol>\n","protected":false},"excerpt":{"rendered":"<p>2025 aasta Tour de France\u2019i ja Tour de France Femmes avec Zwifti marsruudid on n\u00fc\u00fcd avalikud. Need lubavad p\u00f5nevaid uusi [&hellip;]<\/p>\n","protected":false},"author":174,"featured_media":2246,"comment_status":"open","ping_status":"open","sticky":false,"template":"","format":"standard","meta":{"footnotes":""},"categories":[39,1],"tags":[309,310,129,14],"global-categories":[22],"class_list":["post-2244","post","type-post","status-publish","format-standard","has-post-thumbnail","hentry","category-maanteesoit","category-uncategorized","tag-2025-tour","tag-2025-tour-de-france-femmes-avec-zwift","tag-le-tour","tag-tour-de-france","global-categories-cycling"],"yoast_head":"<!-- This site is optimized with the Yoast SEO Premium plugin v25.3 (Yoast SEO v25.9) - https:\/\/yoast.com\/wordpress\/plugins\/seo\/ -->\n<title>Avalikustati 2025. aasta Tour de France\u2019i ja Tour de France Femmes avec Zwifti marsruudid - \u0160koda We Love Cycling - Estonia<\/title>\n<meta name=\"description\" content=\"2025 aasta Tour de France\u2019i ja Tour de France Femmes avec Zwifti marsruudid on n\u00fc\u00fcd avalikud. Need lubavad p\u00f5nevaid uusi etappe ja vihast konkurentsi eriti P\u00fcreneedes, kus meeste v\u00f5istlus kujuneb j\u00e4rjekordseks peat\u00fckiks Tadej Poga\u010dari ja Jonas Vingegaardi vahelises duellis.\" \/>\n<meta name=\"robots\" content=\"index, follow, max-snippet:-1, max-image-preview:large, max-video-preview:-1\" \/>\n<link rel=\"canonical\" href=\"https:\/\/www.welovecycling.com\/ee\/2024\/10\/31\/avalikustati-2025-aasta-tour-de-francei-ja-tour-de-france-femmes-avec-zwifti-marsruudid\/\" \/>\n<meta property=\"og:locale\" content=\"et_EE\" \/>\n<meta property=\"og:type\" content=\"article\" \/>\n<meta property=\"og:title\" content=\"Avalikustati 2025. aasta Tour de France\u2019i ja Tour de France Femmes avec Zwifti marsruudid\" \/>\n<meta property=\"og:description\" content=\"2025 aasta Tour de France\u2019i ja Tour de France Femmes avec Zwifti marsruudid on n\u00fc\u00fcd avalikud. Need lubavad p\u00f5nevaid uusi etappe ja vihast konkurentsi eriti P\u00fcreneedes, kus meeste v\u00f5istlus kujuneb j\u00e4rjekordseks peat\u00fckiks Tadej Poga\u010dari ja Jonas Vingegaardi vahelises duellis.\" \/>\n<meta property=\"og:url\" content=\"https:\/\/www.welovecycling.com\/ee\/2024\/10\/31\/avalikustati-2025-aasta-tour-de-francei-ja-tour-de-france-femmes-avec-zwifti-marsruudid\/\" \/>\n<meta property=\"og:site_name\" content=\"\u0160koda We Love Cycling - Estonia\" \/>\n<meta property=\"article:published_time\" content=\"2024-10-31T09:48:57+00:00\" \/>\n<meta property=\"og:image\" content=\"https:\/\/d2p6e6u75xmxt8.cloudfront.net\/15\/2024\/10\/tdf25.webp\" \/>\n\t<meta property=\"og:image:width\" content=\"888\" \/>\n\t<meta property=\"og:image:height\" content=\"594\" \/>\n\t<meta property=\"og:image:type\" content=\"image\/webp\" \/>\n<meta name=\"author\" content=\"andre\" \/>\n<meta name=\"twitter:card\" content=\"summary_large_image\" \/>\n<meta name=\"twitter:label1\" content=\"Written by\" \/>\n\t<meta name=\"twitter:data1\" content=\"Monica Buck\" \/>\n\t<meta name=\"twitter:label2\" content=\"Est. reading time\" \/>\n\t<meta name=\"twitter:data2\" content=\"3\" \/>\n<script type=\"application\/ld+json\" class=\"yoast-schema-graph\">{\"@context\":\"https:\/\/schema.org\",\"@graph\":[{\"@type\":\"WebPage\",\"@id\":\"https:\/\/www.welovecycling.com\/ee\/2024\/10\/31\/avalikustati-2025-aasta-tour-de-francei-ja-tour-de-france-femmes-avec-zwifti-marsruudid\/\",\"url\":\"https:\/\/www.welovecycling.com\/ee\/2024\/10\/31\/avalikustati-2025-aasta-tour-de-francei-ja-tour-de-france-femmes-avec-zwifti-marsruudid\/\",\"name\":\"Avalikustati 2025. aasta Tour de France\u2019i ja Tour de France Femmes avec Zwifti marsruudid - \u0160koda We Love Cycling - Estonia\",\"isPartOf\":{\"@id\":\"https:\/\/www.welovecycling.com\/ee\/#website\"},\"primaryImageOfPage\":{\"@id\":\"https:\/\/www.welovecycling.com\/ee\/2024\/10\/31\/avalikustati-2025-aasta-tour-de-francei-ja-tour-de-france-femmes-avec-zwifti-marsruudid\/#primaryimage\"},\"image\":{\"@id\":\"https:\/\/www.welovecycling.com\/ee\/2024\/10\/31\/avalikustati-2025-aasta-tour-de-francei-ja-tour-de-france-femmes-avec-zwifti-marsruudid\/#primaryimage\"},\"thumbnailUrl\":\"https:\/\/d2p6e6u75xmxt8.cloudfront.net\/15\/2024\/10\/tdf25.webp\",\"datePublished\":\"2024-10-31T09:48:57+00:00\",\"author\":{\"@id\":\"https:\/\/www.welovecycling.com\/ee\/#\/schema\/person\/8b7101c4bd1b1ae9d3732ebb1e6caf57\"},\"description\":\"2025 aasta Tour de France\u2019i ja Tour de France Femmes avec Zwifti marsruudid on n\u00fc\u00fcd avalikud. Need lubavad p\u00f5nevaid uusi etappe ja vihast konkurentsi eriti P\u00fcreneedes, kus meeste v\u00f5istlus kujuneb j\u00e4rjekordseks peat\u00fckiks Tadej Poga\u010dari ja Jonas Vingegaardi vahelises duellis.\",\"inLanguage\":\"et\",\"potentialAction\":[{\"@type\":\"ReadAction\",\"target\":[\"https:\/\/www.welovecycling.com\/ee\/2024\/10\/31\/avalikustati-2025-aasta-tour-de-francei-ja-tour-de-france-femmes-avec-zwifti-marsruudid\/\"]}]},{\"@type\":\"ImageObject\",\"inLanguage\":\"et\",\"@id\":\"https:\/\/www.welovecycling.com\/ee\/2024\/10\/31\/avalikustati-2025-aasta-tour-de-francei-ja-tour-de-france-femmes-avec-zwifti-marsruudid\/#primaryimage\",\"url\":\"https:\/\/d2p6e6u75xmxt8.cloudfront.net\/15\/2024\/10\/tdf25.webp\",\"contentUrl\":\"https:\/\/d2p6e6u75xmxt8.cloudfront.net\/15\/2024\/10\/tdf25.webp\",\"width\":888,\"height\":594},{\"@type\":\"WebSite\",\"@id\":\"https:\/\/www.welovecycling.com\/ee\/#website\",\"url\":\"https:\/\/www.welovecycling.com\/ee\/\",\"name\":\"\u0160koda We Love Cycling - Estonia\",\"description\":\"\",\"potentialAction\":[{\"@type\":\"SearchAction\",\"target\":{\"@type\":\"EntryPoint\",\"urlTemplate\":\"https:\/\/www.welovecycling.com\/ee\/?s={search_term_string}\"},\"query-input\":{\"@type\":\"PropertyValueSpecification\",\"valueRequired\":true,\"valueName\":\"search_term_string\"}}],\"inLanguage\":\"et\"},{\"@type\":\"Person\",\"@id\":\"https:\/\/www.welovecycling.com\/ee\/#\/schema\/person\/8b7101c4bd1b1ae9d3732ebb1e6caf57\",\"name\":\"andre\",\"image\":{\"@type\":\"ImageObject\",\"inLanguage\":\"et\",\"@id\":\"https:\/\/www.welovecycling.com\/ee\/#\/schema\/person\/image\/\",\"url\":\"https:\/\/secure.gravatar.com\/avatar\/0656b3224fe17b018f43b8a562625dd43d30827f027b2f62bc5a05711fec9a61?s=96&d=mm&r=g\",\"contentUrl\":\"https:\/\/secure.gravatar.com\/avatar\/0656b3224fe17b018f43b8a562625dd43d30827f027b2f62bc5a05711fec9a61?s=96&d=mm&r=g\",\"caption\":\"andre\"},\"url\":\"https:\/\/www.welovecycling.com\/ee\/author\/andre\/\"}]}<\/script>\n<!-- \/ Yoast SEO Premium plugin. -->","yoast_head_json":{"title":"Avalikustati 2025. aasta Tour de France\u2019i ja Tour de France Femmes avec Zwifti marsruudid - \u0160koda We Love Cycling - Estonia","description":"2025 aasta Tour de France\u2019i ja Tour de France Femmes avec Zwifti marsruudid on n\u00fc\u00fcd avalikud. Need lubavad p\u00f5nevaid uusi etappe ja vihast konkurentsi eriti P\u00fcreneedes, kus meeste v\u00f5istlus kujuneb j\u00e4rjekordseks peat\u00fckiks Tadej Poga\u010dari ja Jonas Vingegaardi vahelises duellis.","robots":{"index":"index","follow":"follow","max-snippet":"max-snippet:-1","max-image-preview":"max-image-preview:large","max-video-preview":"max-video-preview:-1"},"canonical":"https:\/\/www.welovecycling.com\/ee\/2024\/10\/31\/avalikustati-2025-aasta-tour-de-francei-ja-tour-de-france-femmes-avec-zwifti-marsruudid\/","og_locale":"et_EE","og_type":"article","og_title":"Avalikustati 2025. aasta Tour de France\u2019i ja Tour de France Femmes avec Zwifti marsruudid","og_description":"2025 aasta Tour de France\u2019i ja Tour de France Femmes avec Zwifti marsruudid on n\u00fc\u00fcd avalikud. Need lubavad p\u00f5nevaid uusi etappe ja vihast konkurentsi eriti P\u00fcreneedes, kus meeste v\u00f5istlus kujuneb j\u00e4rjekordseks peat\u00fckiks Tadej Poga\u010dari ja Jonas Vingegaardi vahelises duellis.","og_url":"https:\/\/www.welovecycling.com\/ee\/2024\/10\/31\/avalikustati-2025-aasta-tour-de-francei-ja-tour-de-france-femmes-avec-zwifti-marsruudid\/","og_site_name":"\u0160koda We Love Cycling - Estonia","article_published_time":"2024-10-31T09:48:57+00:00","og_image":[{"width":888,"height":594,"url":"https:\/\/d2p6e6u75xmxt8.cloudfront.net\/15\/2024\/10\/tdf25.webp","type":"image\/webp"}],"author":"andre","twitter_card":"summary_large_image","twitter_misc":{"Written by":"Monica Buck","Est. reading time":"3"},"schema":{"@context":"https:\/\/schema.org","@graph":[{"@type":"WebPage","@id":"https:\/\/www.welovecycling.com\/ee\/2024\/10\/31\/avalikustati-2025-aasta-tour-de-francei-ja-tour-de-france-femmes-avec-zwifti-marsruudid\/","url":"https:\/\/www.welovecycling.com\/ee\/2024\/10\/31\/avalikustati-2025-aasta-tour-de-francei-ja-tour-de-france-femmes-avec-zwifti-marsruudid\/","name":"Avalikustati 2025. aasta Tour de France\u2019i ja Tour de France Femmes avec Zwifti marsruudid - \u0160koda We Love Cycling - Estonia","isPartOf":{"@id":"https:\/\/www.welovecycling.com\/ee\/#website"},"primaryImageOfPage":{"@id":"https:\/\/www.welovecycling.com\/ee\/2024\/10\/31\/avalikustati-2025-aasta-tour-de-francei-ja-tour-de-france-femmes-avec-zwifti-marsruudid\/#primaryimage"},"image":{"@id":"https:\/\/www.welovecycling.com\/ee\/2024\/10\/31\/avalikustati-2025-aasta-tour-de-francei-ja-tour-de-france-femmes-avec-zwifti-marsruudid\/#primaryimage"},"thumbnailUrl":"https:\/\/d2p6e6u75xmxt8.cloudfront.net\/15\/2024\/10\/tdf25.webp","datePublished":"2024-10-31T09:48:57+00:00","author":{"@id":"https:\/\/www.welovecycling.com\/ee\/#\/schema\/person\/8b7101c4bd1b1ae9d3732ebb1e6caf57"},"description":"2025 aasta Tour de France\u2019i ja Tour de France Femmes avec Zwifti marsruudid on n\u00fc\u00fcd avalikud. Need lubavad p\u00f5nevaid uusi etappe ja vihast konkurentsi eriti P\u00fcreneedes, kus meeste v\u00f5istlus kujuneb j\u00e4rjekordseks peat\u00fckiks Tadej Poga\u010dari ja Jonas Vingegaardi vahelises duellis.","inLanguage":"et","potentialAction":[{"@type":"ReadAction","target":["https:\/\/www.welovecycling.com\/ee\/2024\/10\/31\/avalikustati-2025-aasta-tour-de-francei-ja-tour-de-france-femmes-avec-zwifti-marsruudid\/"]}]},{"@type":"ImageObject","inLanguage":"et","@id":"https:\/\/www.welovecycling.com\/ee\/2024\/10\/31\/avalikustati-2025-aasta-tour-de-francei-ja-tour-de-france-femmes-avec-zwifti-marsruudid\/#primaryimage","url":"https:\/\/d2p6e6u75xmxt8.cloudfront.net\/15\/2024\/10\/tdf25.webp","contentUrl":"https:\/\/d2p6e6u75xmxt8.cloudfront.net\/15\/2024\/10\/tdf25.webp","width":888,"height":594},{"@type":"WebSite","@id":"https:\/\/www.welovecycling.com\/ee\/#website","url":"https:\/\/www.welovecycling.com\/ee\/","name":"\u0160koda We Love Cycling - Estonia","description":"","potentialAction":[{"@type":"SearchAction","target":{"@type":"EntryPoint","urlTemplate":"https:\/\/www.welovecycling.com\/ee\/?s={search_term_string}"},"query-input":{"@type":"PropertyValueSpecification","valueRequired":true,"valueName":"search_term_string"}}],"inLanguage":"et"},{"@type":"Person","@id":"https:\/\/www.welovecycling.com\/ee\/#\/schema\/person\/8b7101c4bd1b1ae9d3732ebb1e6caf57","name":"andre","image":{"@type":"ImageObject","inLanguage":"et","@id":"https:\/\/www.welovecycling.com\/ee\/#\/schema\/person\/image\/","url":"https:\/\/secure.gravatar.com\/avatar\/0656b3224fe17b018f43b8a562625dd43d30827f027b2f62bc5a05711fec9a61?s=96&d=mm&r=g","contentUrl":"https:\/\/secure.gravatar.com\/avatar\/0656b3224fe17b018f43b8a562625dd43d30827f027b2f62bc5a05711fec9a61?s=96&d=mm&r=g","caption":"andre"},"url":"https:\/\/www.welovecycling.com\/ee\/author\/andre\/"}]}},"_links":{"self":[{"href":"https:\/\/www.welovecycling.com\/ee\/wp-json\/wp\/v2\/posts\/2244","targetHints":{"allow":["GET"]}}],"collection":[{"href":"https:\/\/www.welovecycling.com\/ee\/wp-json\/wp\/v2\/posts"}],"about":[{"href":"https:\/\/www.welovecycling.com\/ee\/wp-json\/wp\/v2\/types\/post"}],"author":[{"embeddable":true,"href":"https:\/\/www.welovecycling.com\/ee\/wp-json\/wp\/v2\/users\/174"}],"replies":[{"embeddable":true,"href":"https:\/\/www.welovecycling.com\/ee\/wp-json\/wp\/v2\/comments?post=2244"}],"version-history":[{"count":3,"href":"https:\/\/www.welovecycling.com\/ee\/wp-json\/wp\/v2\/posts\/2244\/revisions"}],"predecessor-version":[{"id":2248,"href":"https:\/\/www.welovecycling.com\/ee\/wp-json\/wp\/v2\/posts\/2244\/revisions\/2248"}],"wp:featuredmedia":[{"embeddable":true,"href":"https:\/\/www.welovecycling.com\/ee\/wp-json\/wp\/v2\/media\/2246"}],"wp:attachment":[{"href":"https:\/\/www.welovecycling.com\/ee\/wp-json\/wp\/v2\/media?parent=2244"}],"wp:term":[{"taxonomy":"category","embeddable":true,"href":"https:\/\/www.welovecycling.com\/ee\/wp-json\/wp\/v2\/categories?post=2244"},{"taxonomy":"post_tag","embeddable":true,"href":"https:\/\/www.welovecycling.com\/ee\/wp-json\/wp\/v2\/tags?post=2244"},{"taxonomy":"global-categories","embeddable":true,"href":"https:\/\/www.welovecycling.com\/ee\/wp-json\/wp\/v2\/global-categories?post=2244"}],"curies":[{"name":"wp","href":"https:\/\/api.w.org\/{rel}","templated":true}]}}