{"id":2232,"date":"2024-10-21T14:33:54","date_gmt":"2024-10-21T11:33:54","guid":{"rendered":"https:\/\/www.welovecycling.com\/ee\/?p=2232"},"modified":"2024-10-21T14:33:54","modified_gmt":"2024-10-21T11:33:54","slug":"sportlaste-energiadefitsiit-miks-voistlusratturid-seda-teevad","status":"publish","type":"post","link":"https:\/\/www.welovecycling.com\/ee\/2024\/10\/21\/sportlaste-energiadefitsiit-miks-voistlusratturid-seda-teevad\/","title":{"rendered":"Sportlaste energiadefitsiit \u2013 miks v\u00f5istlusratturid seda teevad?"},"content":{"rendered":"<p><strong>Tippratturid otsivad alati strateegiaid, mis annaks neile mingi eelise. Energiadefitsiit v\u00f5ib kindlasti olla \u00fcks neist. Esmapilgul paistab see k\u00fcll kahjulik sportlastele, kes tipptasemel esinemiseks tegutsevad k\u00f5rgel energiatasemel. Kuid peaaegu k\u00f5ik v\u00f5istlusratturid v\u00e4hendavad sihiteadlikult energiatarbimist, et saavutada teatud sooritusv\u00f5imega seotud eesm\u00e4rke. Vaatame rattas\u00f5idus energiadefitsiidiga kaasnevaid h\u00fcvesid ja tagasil\u00f6\u00f6ke.<\/strong><\/p>\n<h3><strong>Mis on energiadefitsiit?<\/strong><\/h3>\n<p>Esmalt m\u00e4\u00e4ratleme, mis on \u00fcldse energiadefitsiit. \u00dchel pool on Sinu energiakulu: kui palju kaloreid p\u00f5letad Sa kogu p\u00e4eva jooksul harjutades, puhates v\u00f5i isegi magades. Teisel pool on Sinu energiatarbimine: need on k\u00f5ik kalorid toidust ja joogist, mida Sa p\u00e4eva jooksul tarbid. Pane need kaks kokku ja kui Sa kulutad rohkem energiat kui tarbid, oledki energiadefitsiidis. Kuidas see rattas\u00f5idus oluline on? Kui p\u00fcsid defitsiidis piisavalt kaua, on Su keha sunnitud kasutama mingit osa salvestatud energiast n\u00e4iteks rasv- v\u00f5i isegi lihaskudedest, mis toob kaasa kaalukaotuse.<\/p>\n<h3><strong>V\u00f5imsuse ja kaalu suhe<\/strong><\/h3>\n<p>\u00dcks p\u00f5hilisi p\u00f5hjuseid, miks energiadefitsiit v\u00f5istlusrattureid huvitab, on v\u00f5imsuse ja kaalu suhte parandamine. See suhe v\u00e4ljendab sportlase v\u00f5imsust vattides (W) tema kehakaalu kilogrammide (kg) suhtes. Rattas\u00f5idus s\u00f5ltub kiirus mitte ainult vattidest, mida rattur suudab endast v\u00e4lja pigistada. Ka ratturi enda kaal ja jalgratta kaal m\u00e4ngivad suurt rolli tema v\u00f5imalikus kiiruses, eriti kui tegu on m\u00e4kkeronimise v\u00f5i j\u00e4rskude kiirendustega.<\/p>\n<figure id=\"attachment_2235\" aria-describedby=\"caption-attachment-2235\" style=\"width: 712px\" class=\"wp-caption aligncenter\"><a href=\"https:\/\/d2p6e6u75xmxt8.cloudfront.net\/15\/2024\/10\/ed2.webp\"><img loading=\"lazy\" decoding=\"async\" class=\"wp-image-2235 size-full\" src=\"https:\/\/d2p6e6u75xmxt8.cloudfront.net\/15\/2024\/10\/ed2.webp\" alt=\"\" width=\"712\" height=\"476\" srcset=\"https:\/\/d2p6e6u75xmxt8.cloudfront.net\/15\/2024\/10\/ed2.webp 712w, https:\/\/d2p6e6u75xmxt8.cloudfront.net\/15\/2024\/10\/ed2-300x201.webp 300w, https:\/\/d2p6e6u75xmxt8.cloudfront.net\/15\/2024\/10\/ed2-400x267.webp 400w, https:\/\/d2p6e6u75xmxt8.cloudfront.net\/15\/2024\/10\/ed2-272x182.webp 272w\" sizes=\"auto, (max-width: 712px) 100vw, 712px\" \/><\/a><figcaption id=\"caption-attachment-2235\" class=\"wp-caption-text\">V\u00f5imsuse ja kaalu suhe on rattas\u00f5idus \u00fcldlevinud termin, sest see ennustab h\u00e4sti sooritusv\u00f5imet. \u00a9 Profimedia<\/figcaption><\/figure>\n<h3><strong>Energiadefitsiit aitas Chris Froome\u2019il oma t\u00e4ieliku potentsiaali \u00e4ra kasutada<\/strong><\/h3>\n<p>Chris Froome on \u00fcks tuntumaid n\u00e4iteid, kuidas energiadefitsiidiga v\u00f5imsuse-kaalu suhet parandada. Kui Chris Froome 2007. aastal profiks hakkas, kaalus ta pisut \u00fcle 75 kilo ning tema v\u00f5imsuse-kaalu suhe oli nagu keskmisel profiratturil. Ta muutis oma men\u00fc\u00fcd ning kahandas h\u00e4sti hallatud energiadefitsiidiga aastaks 2013 kaalu alla 66 kilo, ning v\u00f5itis oma esimese Tour de France\u2019i. V\u00f5imsuse-kaalu suhteks saavutas ta suurep\u00e4rase 6,2\u20136,5 W\/kg. Kui Sa tahad l\u00e4hemalt lugeda tema toitumise kohta, <a href=\"https:\/\/www.welovecycling.com\/wide\/2017\/07\/04\/world-class-cyclists-special-diets-chris-froome\/\">vaata meie eelmist artiklit.<\/a><\/p>\n<h3><strong>Ronimisv\u00f5ime parandamine<\/strong><\/h3>\n<p>K\u00f5rge <a href=\"https:\/\/www.welovecycling.com\/wide\/2020\/03\/03\/power-to-weight-ratio-how-is-it-calculated\/\">v\u00f5imsuse-kaalu suhe<\/a> on m\u00e4\u00e4rav tegur m\u00e4kkeronimisel. Ratturitel, kes \u00fcritavad v\u00f5ite suurtuuridel, m\u00e4gietappidel v\u00f5i k\u00fcnklikel trassidel, on seet\u00f5ttu t\u00e4iendav stiimul kaalust alla v\u00f5tta. \u00dcks sagedasemaid energiadefitsiidi rakendusi on keharasva hulga v\u00e4hendamine ja kaalu langetamine ilma v\u00f5imsust kaotamata. Just see lubab \u00fcldv\u00f5idu p\u00fc\u00fcdjatel olla hooaja alguses \u00e4\u00e4rmiselt sale.<\/p>\n<h3><strong>V\u00f5istluskaalu peenh\u00e4\u00e4lestamine<\/strong><\/h3>\n<p>Keharasva taseme pidevalt v\u00e4ga madalal hoidmine pole ei lihtne ega soovitatav. Seet\u00f5ttu kasutavadki profiratturid energiadefitsiiti hooaja kestel strateegiliselt, et v\u00f5tta kaalust alla just olulistel hetkedel. N\u00e4iteks m\u00f5ni rattur v\u00f5ib energiadefitsiidi seisundisse minna olulise v\u00f5istluse eel, mis tagab parima v\u00f5istluskaalu ilma treeningute kvaliteeti halvendamata. Energiadefitsiit on neile juhitav viis oma v\u00f5istluskaalu timmimiseks.<\/p>\n<h3><strong>Taastumine haiguse v\u00f5i vigastuse j\u00e4rel<\/strong><\/h3>\n<p>Treeningute juurde naasmisel p\u00e4rast haigust v\u00f5i vigastust, millega kaasnes kaalu kasv v\u00f5i vormi kaotus, v\u00f5ivad ratturid samuti kasutada optimaalse kaalu saavutamiseks energiadefitsiiti. Seda tuleb teha ettevaatlikult, et mitte m\u00f5jutada negatiivselt taastumist ja treeninguid.<\/p>\n<p>Lihtne on n\u00e4ha, et energiadefitsiit v\u00f5ib rattaspordis olulisi h\u00fcvesid tuua. Kui tuleb arvestada, et sellel on omad ohud. V\u00f5imalikke negatiivseid tervisem\u00f5jusid vaatame j\u00e4rgmises artiklis.<\/p>\n","protected":false},"excerpt":{"rendered":"<p>Tippratturid otsivad alati strateegiaid, mis annaks neile mingi eelise. Energiadefitsiit v\u00f5ib kindlasti olla \u00fcks neist. Esmapilgul paistab see k\u00fcll kahjulik [&hellip;]<\/p>\n","protected":false},"author":174,"featured_media":2234,"comment_status":"open","ping_status":"open","sticky":false,"template":"","format":"standard","meta":{"footnotes":""},"categories":[43],"tags":[303,304,305],"global-categories":[22],"class_list":["post-2232","post","type-post","status-publish","format-standard","has-post-thumbnail","hentry","category-tervis-trenn","tag-energiadefitsiit","tag-jou-kaalu-suhe","tag-peenhaalestamine","global-categories-cycling"],"yoast_head":"<!-- This site is optimized with the Yoast SEO Premium plugin v25.3 (Yoast SEO v25.9) - https:\/\/yoast.com\/wordpress\/plugins\/seo\/ -->\n<title>Sportlaste energiadefitsiit \u2013 miks v\u00f5istlusratturid seda teevad? - \u0160koda We Love Cycling - Estonia<\/title>\n<meta name=\"description\" content=\"Tippratturid otsivad alati strateegiaid, mis annaks neile mingi eelise. Energiadefitsiit v\u00f5ib kindlasti olla \u00fcks neist. Esmapilgul paistab see k\u00fcll kahjulik sportlastele, kes tipptasemel esinemiseks tegutsevad k\u00f5rgel energiatasemel. Kuid peaaegu k\u00f5ik v\u00f5istlusratturid v\u00e4hendavad sihiteadlikult energiatarbimist, et saavutada teatud sooritusv\u00f5imega seotud eesm\u00e4rke. Vaatame rattas\u00f5idus energiadefitsiidiga kaasnevaid h\u00fcvesid ja tagasil\u00f6\u00f6ke.\" \/>\n<meta name=\"robots\" content=\"index, follow, max-snippet:-1, max-image-preview:large, max-video-preview:-1\" \/>\n<link rel=\"canonical\" href=\"https:\/\/www.welovecycling.com\/ee\/2024\/10\/21\/sportlaste-energiadefitsiit-miks-voistlusratturid-seda-teevad\/\" \/>\n<meta property=\"og:locale\" content=\"et_EE\" \/>\n<meta property=\"og:type\" content=\"article\" \/>\n<meta property=\"og:title\" content=\"Sportlaste energiadefitsiit \u2013 miks v\u00f5istlusratturid seda teevad?\" \/>\n<meta property=\"og:description\" content=\"Tippratturid otsivad alati strateegiaid, mis annaks neile mingi eelise. Energiadefitsiit v\u00f5ib kindlasti olla \u00fcks neist. Esmapilgul paistab see k\u00fcll kahjulik sportlastele, kes tipptasemel esinemiseks tegutsevad k\u00f5rgel energiatasemel. Kuid peaaegu k\u00f5ik v\u00f5istlusratturid v\u00e4hendavad sihiteadlikult energiatarbimist, et saavutada teatud sooritusv\u00f5imega seotud eesm\u00e4rke. Vaatame rattas\u00f5idus energiadefitsiidiga kaasnevaid h\u00fcvesid ja tagasil\u00f6\u00f6ke.\" \/>\n<meta property=\"og:url\" content=\"https:\/\/www.welovecycling.com\/ee\/2024\/10\/21\/sportlaste-energiadefitsiit-miks-voistlusratturid-seda-teevad\/\" \/>\n<meta property=\"og:site_name\" content=\"\u0160koda We Love Cycling - Estonia\" \/>\n<meta property=\"article:published_time\" content=\"2024-10-21T11:33:54+00:00\" \/>\n<meta property=\"og:image\" content=\"https:\/\/d2p6e6u75xmxt8.cloudfront.net\/15\/2024\/10\/ed1.webp\" \/>\n\t<meta property=\"og:image:width\" content=\"891\" \/>\n\t<meta property=\"og:image:height\" content=\"587\" \/>\n\t<meta property=\"og:image:type\" content=\"image\/webp\" \/>\n<meta name=\"author\" content=\"andre\" \/>\n<meta name=\"twitter:card\" content=\"summary_large_image\" \/>\n<meta name=\"twitter:label1\" content=\"Written by\" \/>\n\t<meta name=\"twitter:data1\" content=\"Ji\u0159\u00ed Kalo\u010d\" \/>\n\t<meta name=\"twitter:label2\" content=\"Est. reading time\" \/>\n\t<meta name=\"twitter:data2\" content=\"3\" \/>\n<script type=\"application\/ld+json\" class=\"yoast-schema-graph\">{\"@context\":\"https:\/\/schema.org\",\"@graph\":[{\"@type\":\"WebPage\",\"@id\":\"https:\/\/www.welovecycling.com\/ee\/2024\/10\/21\/sportlaste-energiadefitsiit-miks-voistlusratturid-seda-teevad\/\",\"url\":\"https:\/\/www.welovecycling.com\/ee\/2024\/10\/21\/sportlaste-energiadefitsiit-miks-voistlusratturid-seda-teevad\/\",\"name\":\"Sportlaste energiadefitsiit \u2013 miks v\u00f5istlusratturid seda teevad? - \u0160koda We Love Cycling - Estonia\",\"isPartOf\":{\"@id\":\"https:\/\/www.welovecycling.com\/ee\/#website\"},\"primaryImageOfPage\":{\"@id\":\"https:\/\/www.welovecycling.com\/ee\/2024\/10\/21\/sportlaste-energiadefitsiit-miks-voistlusratturid-seda-teevad\/#primaryimage\"},\"image\":{\"@id\":\"https:\/\/www.welovecycling.com\/ee\/2024\/10\/21\/sportlaste-energiadefitsiit-miks-voistlusratturid-seda-teevad\/#primaryimage\"},\"thumbnailUrl\":\"https:\/\/d2p6e6u75xmxt8.cloudfront.net\/15\/2024\/10\/ed1.webp\",\"datePublished\":\"2024-10-21T11:33:54+00:00\",\"author\":{\"@id\":\"https:\/\/www.welovecycling.com\/ee\/#\/schema\/person\/8b7101c4bd1b1ae9d3732ebb1e6caf57\"},\"description\":\"Tippratturid otsivad alati strateegiaid, mis annaks neile mingi eelise. Energiadefitsiit v\u00f5ib kindlasti olla \u00fcks neist. Esmapilgul paistab see k\u00fcll kahjulik sportlastele, kes tipptasemel esinemiseks tegutsevad k\u00f5rgel energiatasemel. Kuid peaaegu k\u00f5ik v\u00f5istlusratturid v\u00e4hendavad sihiteadlikult energiatarbimist, et saavutada teatud sooritusv\u00f5imega seotud eesm\u00e4rke. Vaatame rattas\u00f5idus energiadefitsiidiga kaasnevaid h\u00fcvesid ja tagasil\u00f6\u00f6ke.\",\"inLanguage\":\"et\",\"potentialAction\":[{\"@type\":\"ReadAction\",\"target\":[\"https:\/\/www.welovecycling.com\/ee\/2024\/10\/21\/sportlaste-energiadefitsiit-miks-voistlusratturid-seda-teevad\/\"]}]},{\"@type\":\"ImageObject\",\"inLanguage\":\"et\",\"@id\":\"https:\/\/www.welovecycling.com\/ee\/2024\/10\/21\/sportlaste-energiadefitsiit-miks-voistlusratturid-seda-teevad\/#primaryimage\",\"url\":\"https:\/\/d2p6e6u75xmxt8.cloudfront.net\/15\/2024\/10\/ed1.webp\",\"contentUrl\":\"https:\/\/d2p6e6u75xmxt8.cloudfront.net\/15\/2024\/10\/ed1.webp\",\"width\":891,\"height\":587},{\"@type\":\"WebSite\",\"@id\":\"https:\/\/www.welovecycling.com\/ee\/#website\",\"url\":\"https:\/\/www.welovecycling.com\/ee\/\",\"name\":\"\u0160koda We Love Cycling - Estonia\",\"description\":\"\",\"potentialAction\":[{\"@type\":\"SearchAction\",\"target\":{\"@type\":\"EntryPoint\",\"urlTemplate\":\"https:\/\/www.welovecycling.com\/ee\/?s={search_term_string}\"},\"query-input\":{\"@type\":\"PropertyValueSpecification\",\"valueRequired\":true,\"valueName\":\"search_term_string\"}}],\"inLanguage\":\"et\"},{\"@type\":\"Person\",\"@id\":\"https:\/\/www.welovecycling.com\/ee\/#\/schema\/person\/8b7101c4bd1b1ae9d3732ebb1e6caf57\",\"name\":\"andre\",\"image\":{\"@type\":\"ImageObject\",\"inLanguage\":\"et\",\"@id\":\"https:\/\/www.welovecycling.com\/ee\/#\/schema\/person\/image\/\",\"url\":\"https:\/\/secure.gravatar.com\/avatar\/0656b3224fe17b018f43b8a562625dd43d30827f027b2f62bc5a05711fec9a61?s=96&d=mm&r=g\",\"contentUrl\":\"https:\/\/secure.gravatar.com\/avatar\/0656b3224fe17b018f43b8a562625dd43d30827f027b2f62bc5a05711fec9a61?s=96&d=mm&r=g\",\"caption\":\"andre\"},\"url\":\"https:\/\/www.welovecycling.com\/ee\/author\/andre\/\"}]}<\/script>\n<!-- \/ Yoast SEO Premium plugin. -->","yoast_head_json":{"title":"Sportlaste energiadefitsiit \u2013 miks v\u00f5istlusratturid seda teevad? - \u0160koda We Love Cycling - Estonia","description":"Tippratturid otsivad alati strateegiaid, mis annaks neile mingi eelise. Energiadefitsiit v\u00f5ib kindlasti olla \u00fcks neist. Esmapilgul paistab see k\u00fcll kahjulik sportlastele, kes tipptasemel esinemiseks tegutsevad k\u00f5rgel energiatasemel. Kuid peaaegu k\u00f5ik v\u00f5istlusratturid v\u00e4hendavad sihiteadlikult energiatarbimist, et saavutada teatud sooritusv\u00f5imega seotud eesm\u00e4rke. Vaatame rattas\u00f5idus energiadefitsiidiga kaasnevaid h\u00fcvesid ja tagasil\u00f6\u00f6ke.","robots":{"index":"index","follow":"follow","max-snippet":"max-snippet:-1","max-image-preview":"max-image-preview:large","max-video-preview":"max-video-preview:-1"},"canonical":"https:\/\/www.welovecycling.com\/ee\/2024\/10\/21\/sportlaste-energiadefitsiit-miks-voistlusratturid-seda-teevad\/","og_locale":"et_EE","og_type":"article","og_title":"Sportlaste energiadefitsiit \u2013 miks v\u00f5istlusratturid seda teevad?","og_description":"Tippratturid otsivad alati strateegiaid, mis annaks neile mingi eelise. Energiadefitsiit v\u00f5ib kindlasti olla \u00fcks neist. Esmapilgul paistab see k\u00fcll kahjulik sportlastele, kes tipptasemel esinemiseks tegutsevad k\u00f5rgel energiatasemel. Kuid peaaegu k\u00f5ik v\u00f5istlusratturid v\u00e4hendavad sihiteadlikult energiatarbimist, et saavutada teatud sooritusv\u00f5imega seotud eesm\u00e4rke. Vaatame rattas\u00f5idus energiadefitsiidiga kaasnevaid h\u00fcvesid ja tagasil\u00f6\u00f6ke.","og_url":"https:\/\/www.welovecycling.com\/ee\/2024\/10\/21\/sportlaste-energiadefitsiit-miks-voistlusratturid-seda-teevad\/","og_site_name":"\u0160koda We Love Cycling - Estonia","article_published_time":"2024-10-21T11:33:54+00:00","og_image":[{"width":891,"height":587,"url":"https:\/\/d2p6e6u75xmxt8.cloudfront.net\/15\/2024\/10\/ed1.webp","type":"image\/webp"}],"author":"andre","twitter_card":"summary_large_image","twitter_misc":{"Written by":"Ji\u0159\u00ed Kalo\u010d","Est. reading time":"3"},"schema":{"@context":"https:\/\/schema.org","@graph":[{"@type":"WebPage","@id":"https:\/\/www.welovecycling.com\/ee\/2024\/10\/21\/sportlaste-energiadefitsiit-miks-voistlusratturid-seda-teevad\/","url":"https:\/\/www.welovecycling.com\/ee\/2024\/10\/21\/sportlaste-energiadefitsiit-miks-voistlusratturid-seda-teevad\/","name":"Sportlaste energiadefitsiit \u2013 miks v\u00f5istlusratturid seda teevad? - \u0160koda We Love Cycling - Estonia","isPartOf":{"@id":"https:\/\/www.welovecycling.com\/ee\/#website"},"primaryImageOfPage":{"@id":"https:\/\/www.welovecycling.com\/ee\/2024\/10\/21\/sportlaste-energiadefitsiit-miks-voistlusratturid-seda-teevad\/#primaryimage"},"image":{"@id":"https:\/\/www.welovecycling.com\/ee\/2024\/10\/21\/sportlaste-energiadefitsiit-miks-voistlusratturid-seda-teevad\/#primaryimage"},"thumbnailUrl":"https:\/\/d2p6e6u75xmxt8.cloudfront.net\/15\/2024\/10\/ed1.webp","datePublished":"2024-10-21T11:33:54+00:00","author":{"@id":"https:\/\/www.welovecycling.com\/ee\/#\/schema\/person\/8b7101c4bd1b1ae9d3732ebb1e6caf57"},"description":"Tippratturid otsivad alati strateegiaid, mis annaks neile mingi eelise. Energiadefitsiit v\u00f5ib kindlasti olla \u00fcks neist. Esmapilgul paistab see k\u00fcll kahjulik sportlastele, kes tipptasemel esinemiseks tegutsevad k\u00f5rgel energiatasemel. Kuid peaaegu k\u00f5ik v\u00f5istlusratturid v\u00e4hendavad sihiteadlikult energiatarbimist, et saavutada teatud sooritusv\u00f5imega seotud eesm\u00e4rke. Vaatame rattas\u00f5idus energiadefitsiidiga kaasnevaid h\u00fcvesid ja tagasil\u00f6\u00f6ke.","inLanguage":"et","potentialAction":[{"@type":"ReadAction","target":["https:\/\/www.welovecycling.com\/ee\/2024\/10\/21\/sportlaste-energiadefitsiit-miks-voistlusratturid-seda-teevad\/"]}]},{"@type":"ImageObject","inLanguage":"et","@id":"https:\/\/www.welovecycling.com\/ee\/2024\/10\/21\/sportlaste-energiadefitsiit-miks-voistlusratturid-seda-teevad\/#primaryimage","url":"https:\/\/d2p6e6u75xmxt8.cloudfront.net\/15\/2024\/10\/ed1.webp","contentUrl":"https:\/\/d2p6e6u75xmxt8.cloudfront.net\/15\/2024\/10\/ed1.webp","width":891,"height":587},{"@type":"WebSite","@id":"https:\/\/www.welovecycling.com\/ee\/#website","url":"https:\/\/www.welovecycling.com\/ee\/","name":"\u0160koda We Love Cycling - Estonia","description":"","potentialAction":[{"@type":"SearchAction","target":{"@type":"EntryPoint","urlTemplate":"https:\/\/www.welovecycling.com\/ee\/?s={search_term_string}"},"query-input":{"@type":"PropertyValueSpecification","valueRequired":true,"valueName":"search_term_string"}}],"inLanguage":"et"},{"@type":"Person","@id":"https:\/\/www.welovecycling.com\/ee\/#\/schema\/person\/8b7101c4bd1b1ae9d3732ebb1e6caf57","name":"andre","image":{"@type":"ImageObject","inLanguage":"et","@id":"https:\/\/www.welovecycling.com\/ee\/#\/schema\/person\/image\/","url":"https:\/\/secure.gravatar.com\/avatar\/0656b3224fe17b018f43b8a562625dd43d30827f027b2f62bc5a05711fec9a61?s=96&d=mm&r=g","contentUrl":"https:\/\/secure.gravatar.com\/avatar\/0656b3224fe17b018f43b8a562625dd43d30827f027b2f62bc5a05711fec9a61?s=96&d=mm&r=g","caption":"andre"},"url":"https:\/\/www.welovecycling.com\/ee\/author\/andre\/"}]}},"_links":{"self":[{"href":"https:\/\/www.welovecycling.com\/ee\/wp-json\/wp\/v2\/posts\/2232","targetHints":{"allow":["GET"]}}],"collection":[{"href":"https:\/\/www.welovecycling.com\/ee\/wp-json\/wp\/v2\/posts"}],"about":[{"href":"https:\/\/www.welovecycling.com\/ee\/wp-json\/wp\/v2\/types\/post"}],"author":[{"embeddable":true,"href":"https:\/\/www.welovecycling.com\/ee\/wp-json\/wp\/v2\/users\/174"}],"replies":[{"embeddable":true,"href":"https:\/\/www.welovecycling.com\/ee\/wp-json\/wp\/v2\/comments?post=2232"}],"version-history":[{"count":2,"href":"https:\/\/www.welovecycling.com\/ee\/wp-json\/wp\/v2\/posts\/2232\/revisions"}],"predecessor-version":[{"id":2236,"href":"https:\/\/www.welovecycling.com\/ee\/wp-json\/wp\/v2\/posts\/2232\/revisions\/2236"}],"wp:featuredmedia":[{"embeddable":true,"href":"https:\/\/www.welovecycling.com\/ee\/wp-json\/wp\/v2\/media\/2234"}],"wp:attachment":[{"href":"https:\/\/www.welovecycling.com\/ee\/wp-json\/wp\/v2\/media?parent=2232"}],"wp:term":[{"taxonomy":"category","embeddable":true,"href":"https:\/\/www.welovecycling.com\/ee\/wp-json\/wp\/v2\/categories?post=2232"},{"taxonomy":"post_tag","embeddable":true,"href":"https:\/\/www.welovecycling.com\/ee\/wp-json\/wp\/v2\/tags?post=2232"},{"taxonomy":"global-categories","embeddable":true,"href":"https:\/\/www.welovecycling.com\/ee\/wp-json\/wp\/v2\/global-categories?post=2232"}],"curies":[{"name":"wp","href":"https:\/\/api.w.org\/{rel}","templated":true}]}}