{"id":223,"date":"2019-08-29T15:00:44","date_gmt":"2019-08-29T15:00:44","guid":{"rendered":"https:\/\/www.welovecycling.com\/ee\/?p=223"},"modified":"2019-09-02T08:58:24","modified_gmt":"2019-09-02T08:58:24","slug":"5-disainibrandi-mis-pakuvad-agedat-rattasobralikku-mooblit","status":"publish","type":"post","link":"https:\/\/www.welovecycling.com\/ee\/2019\/08\/29\/5-disainibrandi-mis-pakuvad-agedat-rattasobralikku-mooblit\/","title":{"rendered":"5 disainibr\u00e4ndi, mis pakuvad \u00e4gedat rattas\u00f5bralikku m\u00f6\u00f6blit"},"content":{"rendered":"<p><strong>\u00dcks mure, mis on k\u00fcllap k\u00f5igile tuttav. Kel pole garaa\u017ei, kes ei soovi oma ratast niisama silmist lasta \u2013 k\u00f5ik me oleme \u00fcritanud nuputada, kuidas mahutada jalgratas oma eluruumi. V\u00f5ib muidugi haarata sae ja kirve ning m\u00f5ne Ikea m\u00f6\u00f6blit\u00fcki \u00fcmber kohandada, ent vahel annab disainm\u00f6\u00f6bel isetehtule silmad ette. Leidsime viis tootjat, kes aitavad teha jalgrattast korteris v\u00f5i majas kena aksessuaari, s\u00e4\u00e4stes \u00fchtlasi ruumi v\u00f5i lisades uusi panipaiku.<\/strong><\/p>\n<p><!--more--><\/p>\n<p><strong style=\"color: inherit; font-family: inherit; font-size: 1.8em;\">1. Velo Furniture<\/strong><\/p>\n<p>Melbourne&#8217;is ja Sydneys tegutsev Velo Furniture on v\u00e4lja m\u00f5elnud lihtsa ja elegantse \u201erattagarderoobi\u201c, mille puhas minimalistlik vorm sobib laitmatult igasse interj\u00f6\u00f6ri. Kapid valmivad k\u00e4sit\u00f6\u00f6na, joonisest kuni l\u00f5pptulemuseni. Kapp mahutab nii jalgratta kui ka varustuse ja lisad, nii et k\u00f5ik on mugavalt \u00fches kohas ja enam ei pea seda \u00fchte kadunud kinnast m\u00f6\u00f6da maja taga otsima.<\/p>\n<blockquote class=\"instagram-media\" style=\"background: #FFF; border: 0; border-radius: 3px; box-shadow: 0 0 1px 0 rgba(0,0,0,0.5),0 1px 10px 0 rgba(0,0,0,0.15); margin: 1px; max-width: 540px; min-width: 326px; padding: 0; width: calc(100% - 2px);\" data-instgrm-captioned=\"\" data-instgrm-permalink=\"https:\/\/www.instagram.com\/p\/BO_1qqyAlqs\/\" data-instgrm-version=\"12\">\n<div style=\"padding: 16px;\">\n<p>&nbsp;<\/p>\n<div style=\"display: flex; flex-direction: row; align-items: center;\">\n<div style=\"background-color: #f4f4f4; border-radius: 50%; flex-grow: 0; height: 40px; margin-right: 14px; width: 40px;\"><\/div>\n<div style=\"display: flex; flex-direction: column; flex-grow: 1; justify-content: center;\">\n<div style=\"background-color: #f4f4f4; border-radius: 4px; flex-grow: 0; height: 14px; margin-bottom: 6px; width: 100px;\"><\/div>\n<div style=\"background-color: #f4f4f4; border-radius: 4px; flex-grow: 0; height: 14px; width: 60px;\"><\/div>\n<\/div>\n<\/div>\n<div style=\"padding: 19% 0;\"><\/div>\n<div style=\"display: block; height: 50px; margin: 0 auto 12px; width: 50px;\"><\/div>\n<div style=\"padding-top: 8px;\">\n<div style=\"color: #3897f0; font-family: Arial,sans-serif; font-size: 14px; font-style: normal; font-weight: 550; line-height: 18px;\">View this post on Instagram<\/div>\n<\/div>\n<div style=\"padding: 12.5% 0;\"><\/div>\n<div style=\"display: flex; flex-direction: row; margin-bottom: 14px; align-items: center;\">\n<div>\n<div style=\"background-color: #f4f4f4; border-radius: 50%; height: 12.5px; width: 12.5px; transform: translateX(0px) translateY(7px);\"><\/div>\n<div style=\"background-color: #f4f4f4; height: 12.5px; transform: rotate(-45deg) translateX(3px) translateY(1px); width: 12.5px; flex-grow: 0; margin-right: 14px; margin-left: 2px;\"><\/div>\n<div style=\"background-color: #f4f4f4; border-radius: 50%; height: 12.5px; width: 12.5px; transform: translateX(9px) translateY(-18px);\"><\/div>\n<\/div>\n<div style=\"margin-left: 8px;\">\n<div style=\"background-color: #f4f4f4; border-radius: 50%; flex-grow: 0; height: 20px; width: 20px;\"><\/div>\n<div style=\"width: 0; height: 0; border-top: 2px solid transparent; border-left: 6px solid #f4f4f4; border-bottom: 2px solid transparent; transform: translateX(16px) translateY(-4px) rotate(30deg);\"><\/div>\n<\/div>\n<div style=\"margin-left: auto;\">\n<div style=\"width: 0px; border-top: 8px solid #F4F4F4; border-right: 8px solid transparent; transform: translateY(16px);\"><\/div>\n<div style=\"background-color: #f4f4f4; flex-grow: 0; height: 12px; width: 16px; transform: translateY(-4px);\"><\/div>\n<div style=\"width: 0; height: 0; border-top: 8px solid #F4F4F4; border-left: 8px solid transparent; transform: translateY(-4px) translateX(8px);\"><\/div>\n<\/div>\n<\/div>\n<p>&nbsp;<\/p>\n<p style=\"margin: 8px 0 0 0; padding: 0 4px;\"><a style=\"color: #000; font-family: Arial,sans-serif; font-size: 14px; font-style: normal; font-weight: normal; line-height: 17px; text-decoration: none; word-wrap: break-word;\" href=\"https:\/\/www.instagram.com\/p\/BO_1qqyAlqs\/\" target=\"_blank\" rel=\"noopener\">pretty happy with our first custom built for @charlih??what do you guys think?<\/a><\/p>\n<p style=\"color: #c9c8cd; font-family: Arial,sans-serif; font-size: 14px; line-height: 17px; margin-bottom: 0; margin-top: 8px; overflow: hidden; padding: 8px 0 7px; text-align: center; text-overflow: ellipsis; white-space: nowrap;\">A post shared by <a style=\"color: #c9c8cd; font-family: Arial,sans-serif; font-size: 14px; font-style: normal; font-weight: normal; line-height: 17px;\" href=\"https:\/\/www.instagram.com\/velo_furniture\/\" target=\"_blank\" rel=\"noopener\"> Velo Furniture<\/a> (@velo_furniture) on <time style=\"font-family: Arial,sans-serif; font-size: 14px; line-height: 17px;\" datetime=\"2017-01-08T08:56:52+00:00\">Jan 8, 2017 at 12:56am PST<\/time><\/p>\n<\/div>\n<\/blockquote>\n<h2><script async src=\"\/\/www.instagram.com\/embed.js\"><\/script><\/h2>\n<h2><strong>2. Chol#1<\/strong><\/h2>\n<p>T\u0161iili disainibr\u00e4nd Chol#1 on loonud mitmeid erinevaid m\u00f6\u00f6blit\u00fckke, mis t\u00e4idavad \u00fchtlasi elegantse rattahoidja funktsiooni. Nende minimalistliku kujundusega raamaturiiulid, puhvetkapid ja muud esemed on eriti praktilised v\u00e4ikeses korteris. Nii saab ratas h\u00e4sti hoitud ja n\u00e4eb lisaks superhea v\u00e4lja. K\u00f5ik tooted on t\u00e4ispuidust ja saadaval eri v\u00e4rvides. <a href=\"http:\/\/chol1.cl\/en\/\">Chol#1<\/a>\u00a0urbanistlik stiil on meie kindel lemmik.<\/p>\n<div id=\"gallery-5\" class=\"gallery galleryid-160662 gallery-columns-2 gallery-size-large\">\n<figure class=\"gallery-item\">\n<div class=\"gallery-icon landscape\"><a class=\"colorbox-initialized cboxElement\" href=\"https:\/\/d2p6e6u75xmxt8.cloudfront.net\/2\/2017\/07\/Chol1_Design_26.jpg\"><img loading=\"lazy\" decoding=\"async\" class=\"attachment-large size-large loading\" src=\"https:\/\/d2p6e6u75xmxt8.cloudfront.net\/2\/2017\/07\/Chol1_Design_26.jpg\" sizes=\"auto, (max-width: 700px) 100vw, 700px\" srcset=\"https:\/\/d2p6e6u75xmxt8.cloudfront.net\/2\/2017\/07\/Chol1_Design_26.jpg 700w, https:\/\/d2p6e6u75xmxt8.cloudfront.net\/2\/2017\/07\/Chol1_Design_26-300x211.jpg 300w\" alt=\"\" width=\"700\" height=\"493\" data-was-processed=\"true\" \/><\/a><\/div>\n<\/figure>\n<figure class=\"gallery-item\">\n<div class=\"gallery-icon landscape\"><a class=\"colorbox-initialized cboxElement\" href=\"https:\/\/d2p6e6u75xmxt8.cloudfront.net\/2\/2017\/07\/Chol1_Design_1.jpg\"><img loading=\"lazy\" decoding=\"async\" class=\"attachment-large size-large loading\" src=\"https:\/\/d2p6e6u75xmxt8.cloudfront.net\/2\/2017\/07\/Chol1_Design_1.jpg\" sizes=\"auto, (max-width: 700px) 100vw, 700px\" srcset=\"https:\/\/d2p6e6u75xmxt8.cloudfront.net\/2\/2017\/07\/Chol1_Design_1.jpg 700w, https:\/\/d2p6e6u75xmxt8.cloudfront.net\/2\/2017\/07\/Chol1_Design_1-300x181.jpg 300w\" alt=\"\" width=\"700\" height=\"423\" data-was-processed=\"true\" \/><\/a><\/div>\n<\/figure>\n<\/div>\n<h2><strong>3. MIKILI<\/strong><\/h2>\n<p>\u201eJalgratas pole enam ammu pelgalt liikumisvahend, vaid elustiil ja moeaksessuaar.\u201c Nii usub Berliini firma <a href=\"http:\/\/mikili.de\/en\/\">MIKILI\u00a0<\/a>, kelle teod on nende s\u00f5nadega t\u00f5epoolest koosk\u00f5las. Pakutavad m\u00f6\u00f6bliesemed panevad minimalistliku disaini austaja \u00f5nnelikult \u00f5hkama, ja p\u00f5hjusega. Puidust jalgrattahoidjad ja riiulid teevad sinu jalgrattast t\u00f5elise pilgup\u00fc\u00fcdja, kuid on \u00fchtviisi atraktiivsed ka ilma rattata.<\/p>\n<div id=\"gallery-6\" class=\"gallery galleryid-160662 gallery-columns-2 gallery-size-large\">\n<figure class=\"gallery-item\">\n<div class=\"gallery-icon landscape\"><a class=\"colorbox-initialized cboxElement\" href=\"https:\/\/d2p6e6u75xmxt8.cloudfront.net\/2\/2017\/07\/timthumb-1.jpg\"><img loading=\"lazy\" decoding=\"async\" class=\"attachment-large size-large loading\" src=\"https:\/\/d2p6e6u75xmxt8.cloudfront.net\/2\/2017\/07\/timthumb-1.jpg\" sizes=\"auto, (max-width: 460px) 100vw, 460px\" srcset=\"https:\/\/d2p6e6u75xmxt8.cloudfront.net\/2\/2017\/07\/timthumb-1.jpg 460w, https:\/\/d2p6e6u75xmxt8.cloudfront.net\/2\/2017\/07\/timthumb-1-300x215.jpg 300w\" alt=\"\" width=\"460\" height=\"330\" data-was-processed=\"true\" \/><\/a><\/div>\n<\/figure>\n<figure class=\"gallery-item\">\n<div class=\"gallery-icon landscape\"><a class=\"colorbox-initialized cboxElement\" href=\"https:\/\/d2p6e6u75xmxt8.cloudfront.net\/2\/2017\/07\/timthumb.jpg\"><img loading=\"lazy\" decoding=\"async\" class=\"attachment-large size-large loading\" src=\"https:\/\/d2p6e6u75xmxt8.cloudfront.net\/2\/2017\/07\/timthumb.jpg\" sizes=\"auto, (max-width: 460px) 100vw, 460px\" srcset=\"https:\/\/d2p6e6u75xmxt8.cloudfront.net\/2\/2017\/07\/timthumb.jpg 460w, https:\/\/d2p6e6u75xmxt8.cloudfront.net\/2\/2017\/07\/timthumb-300x215.jpg 300w\" alt=\"\" width=\"460\" height=\"330\" data-was-processed=\"true\" \/><\/a><\/div>\n<\/figure>\n<\/div>\n<h2><strong>4. Peri Products<\/strong><\/h2>\n<p>Ei maksa end v\u00e4limusest petta lasta,\u00a0<a href=\"http:\/\/www.periproductsllc.com\/page\/\">Peri jalgrattahoidja<\/a>\u00a0ei ole harf ega tundmatu imeriist. Tegemist on lihtsa disainesemega, mis lisab su kodule t\u00f5eliselt elegantse n\u00fcansi. See ebamaine vidin on m\u00fc\u00fcgil peamiselt vaid tootja e-poes, kuid kui satud USA-s Lenexasse v\u00f5i Denverisse, siis sealsetes rattapoodides saab muinasjutulise rattahoidikuga tutvuda ka elusuuruses ning soovi korral kaasa osta.<\/p>\n<div id=\"gallery-7\" class=\"gallery galleryid-160662 gallery-columns-2 gallery-size-large\">\n<figure class=\"gallery-item\">\n<div class=\"gallery-icon portrait\"><a class=\"colorbox-initialized cboxElement\" href=\"https:\/\/d2p6e6u75xmxt8.cloudfront.net\/2\/2017\/07\/Graffiti_1.jpg\"><img loading=\"lazy\" decoding=\"async\" class=\"attachment-large size-large loading\" src=\"https:\/\/d2p6e6u75xmxt8.cloudfront.net\/2\/2017\/07\/Graffiti_1-683x1024.jpg\" sizes=\"auto, (max-width: 683px) 100vw, 683px\" srcset=\"https:\/\/d2p6e6u75xmxt8.cloudfront.net\/2\/2017\/07\/Graffiti_1-683x1024.jpg 683w, https:\/\/d2p6e6u75xmxt8.cloudfront.net\/2\/2017\/07\/Graffiti_1-200x300.jpg 200w, https:\/\/d2p6e6u75xmxt8.cloudfront.net\/2\/2017\/07\/Graffiti_1-768x1152.jpg 768w, https:\/\/d2p6e6u75xmxt8.cloudfront.net\/2\/2017\/07\/Graffiti_1.jpg 1000w\" alt=\"\" width=\"683\" height=\"1024\" data-was-processed=\"true\" \/><\/a><\/div>\n<\/figure>\n<figure class=\"gallery-item\">\n<div class=\"gallery-icon portrait\"><a class=\"colorbox-initialized cboxElement\" href=\"https:\/\/d2p6e6u75xmxt8.cloudfront.net\/2\/2017\/07\/BrickWall_4.jpg\"><img loading=\"lazy\" decoding=\"async\" class=\"attachment-large size-large loading\" src=\"https:\/\/d2p6e6u75xmxt8.cloudfront.net\/2\/2017\/07\/BrickWall_4-683x1024.jpg\" sizes=\"auto, (max-width: 683px) 100vw, 683px\" srcset=\"https:\/\/d2p6e6u75xmxt8.cloudfront.net\/2\/2017\/07\/BrickWall_4-683x1024.jpg 683w, https:\/\/d2p6e6u75xmxt8.cloudfront.net\/2\/2017\/07\/BrickWall_4-200x300.jpg 200w, https:\/\/d2p6e6u75xmxt8.cloudfront.net\/2\/2017\/07\/BrickWall_4-768x1152.jpg 768w, https:\/\/d2p6e6u75xmxt8.cloudfront.net\/2\/2017\/07\/BrickWall_4.jpg 1000w\" alt=\"\" width=\"683\" height=\"1024\" data-was-processed=\"true\" \/><\/a><\/div>\n<\/figure>\n<\/div>\n<h2><strong>5. Killwood<\/strong><\/h2>\n<p>Ja midagi ka eriti keskkonnateadlikele rattas\u00f5pradele. Kanada Briti Columbia provintsi on viimasel paarik\u00fcmnel aastal laastanud m\u00e4nni\u00fcraskiepideemia, mis muutis suure osa metsapuidust tavat\u00f6\u00f6stusele k\u00f5lbmatuks. \u00dcraskitest puretud puud muutuvad sinakaks ning puidut\u00f6\u00f6stustele selline materjal ei sobi. Killwood on \u00fcks firmadest, mis leidis \u201etapetud puidule\u201c ehk mahakantud materjalile kasutust tarbeesemete tootmiseks. \u00dcks suurep\u00e4rasemaid neist on <a href=\"http:\/\/www.killwood.ca\/product\/bika\/\">BIKA jalgrattariiul<\/a>, mis lisab mugavust ja disainiilu igasse koju.<\/p>\n<div id=\"gallery-8\" class=\"gallery galleryid-160662 gallery-columns-2 gallery-size-large\">\n<figure class=\"gallery-item\">\n<div class=\"gallery-icon landscape\"><a class=\"colorbox-initialized cboxElement\" href=\"https:\/\/d2p6e6u75xmxt8.cloudfront.net\/2\/2017\/07\/BIKA.SPORTBIKE.1000.jpg\"><img loading=\"lazy\" decoding=\"async\" class=\"attachment-large size-large loading\" src=\"https:\/\/d2p6e6u75xmxt8.cloudfront.net\/2\/2017\/07\/BIKA.SPORTBIKE.1000.jpg\" sizes=\"auto, (max-width: 1000px) 100vw, 1000px\" srcset=\"https:\/\/d2p6e6u75xmxt8.cloudfront.net\/2\/2017\/07\/BIKA.SPORTBIKE.1000.jpg 1000w, https:\/\/d2p6e6u75xmxt8.cloudfront.net\/2\/2017\/07\/BIKA.SPORTBIKE.1000-300x200.jpg 300w, https:\/\/d2p6e6u75xmxt8.cloudfront.net\/2\/2017\/07\/BIKA.SPORTBIKE.1000-768x512.jpg 768w, https:\/\/d2p6e6u75xmxt8.cloudfront.net\/2\/2017\/07\/BIKA.SPORTBIKE.1000-272x182.jpg 272w\" alt=\"\" width=\"1000\" height=\"667\" data-was-processed=\"true\" \/><\/a><\/div>\n<\/figure>\n<figure class=\"gallery-item\">\n<div class=\"gallery-icon landscape\"><a class=\"colorbox-initialized cboxElement\" href=\"https:\/\/d2p6e6u75xmxt8.cloudfront.net\/2\/2017\/07\/BIKA.LIFTING.1000.jpg\"><img loading=\"lazy\" decoding=\"async\" class=\"attachment-large size-large loading\" src=\"https:\/\/d2p6e6u75xmxt8.cloudfront.net\/2\/2017\/07\/BIKA.LIFTING.1000.jpg\" sizes=\"auto, (max-width: 1000px) 100vw, 1000px\" srcset=\"https:\/\/d2p6e6u75xmxt8.cloudfront.net\/2\/2017\/07\/BIKA.LIFTING.1000.jpg 1000w, https:\/\/d2p6e6u75xmxt8.cloudfront.net\/2\/2017\/07\/BIKA.LIFTING.1000-300x200.jpg 300w, https:\/\/d2p6e6u75xmxt8.cloudfront.net\/2\/2017\/07\/BIKA.LIFTING.1000-768x512.jpg 768w, https:\/\/d2p6e6u75xmxt8.cloudfront.net\/2\/2017\/07\/BIKA.LIFTING.1000-272x182.jpg 272w\" alt=\"\" width=\"1000\" height=\"667\" data-was-processed=\"true\" \/><\/a><\/div>\n<\/figure>\n<\/div>\n<div id=\"gallery-8\" class=\"gallery galleryid-160662 gallery-columns-2 gallery-size-large\">\n<figure class=\"gallery-item\">\n<div class=\"gallery-icon landscape\"><\/div>\n<\/figure>\n<figure class=\"gallery-item\">\n<div class=\"gallery-icon landscape\"><\/div>\n<\/figure>\n<\/div>\n","protected":false},"excerpt":{"rendered":"<p>\u00dcks mure, mis on k\u00fcllap k\u00f5igile tuttav. Kel pole garaa\u017ei, kes ei soovi oma ratast niisama silmist lasta \u2013 k\u00f5ik [&hellip;]<\/p>\n","protected":false},"author":103,"featured_media":229,"comment_status":"open","ping_status":"open","sticky":false,"template":"","format":"standard","meta":{"footnotes":""},"categories":[37],"tags":[38],"global-categories":[22],"class_list":["post-223","post","type-post","status-publish","format-standard","has-post-thumbnail","hentry","category-rattaga-linnas","tag-rattamoobel","global-categories-cycling"],"yoast_head":"<!-- This site is optimized with the Yoast SEO Premium plugin v25.3 (Yoast SEO v25.9) - https:\/\/yoast.com\/wordpress\/plugins\/seo\/ -->\n<title>5 disainibr\u00e4ndi, mis pakuvad \u00e4gedat rattas\u00f5bralikku m\u00f6\u00f6blit - \u0160koda We Love Cycling - Estonia<\/title>\n<meta name=\"robots\" content=\"index, follow, max-snippet:-1, max-image-preview:large, max-video-preview:-1\" \/>\n<link rel=\"canonical\" href=\"https:\/\/www.welovecycling.com\/ee\/2019\/08\/29\/5-disainibrandi-mis-pakuvad-agedat-rattasobralikku-mooblit\/\" \/>\n<meta property=\"og:locale\" content=\"et_EE\" \/>\n<meta property=\"og:type\" content=\"article\" \/>\n<meta property=\"og:title\" content=\"5 disainibr\u00e4ndi, mis pakuvad \u00e4gedat rattas\u00f5bralikku m\u00f6\u00f6blit\" \/>\n<meta property=\"og:description\" content=\"\u00dcks mure, mis on k\u00fcllap k\u00f5igile tuttav. Kel pole garaa\u017ei, kes ei soovi oma ratast niisama silmist lasta \u2013 k\u00f5ik [&hellip;]\" \/>\n<meta property=\"og:url\" content=\"https:\/\/www.welovecycling.com\/ee\/2019\/08\/29\/5-disainibrandi-mis-pakuvad-agedat-rattasobralikku-mooblit\/\" \/>\n<meta property=\"og:site_name\" content=\"\u0160koda We Love Cycling - Estonia\" \/>\n<meta property=\"article:published_time\" content=\"2019-08-29T15:00:44+00:00\" \/>\n<meta property=\"article:modified_time\" content=\"2019-09-02T08:58:24+00:00\" \/>\n<meta property=\"og:image\" content=\"https:\/\/d2p6e6u75xmxt8.cloudfront.net\/15\/2019\/08\/design_bike.jpg\" \/>\n\t<meta property=\"og:image:width\" content=\"1375\" \/>\n\t<meta property=\"og:image:height\" content=\"600\" \/>\n\t<meta property=\"og:image:type\" content=\"image\/jpeg\" \/>\n<meta name=\"author\" content=\"jaanika\" \/>\n<meta name=\"twitter:card\" content=\"summary_large_image\" \/>\n<meta name=\"twitter:label1\" content=\"Written by\" \/>\n\t<meta name=\"twitter:data1\" content=\"Frantiska Blazkova\" \/>\n\t<meta name=\"twitter:label2\" content=\"Est. reading time\" \/>\n\t<meta name=\"twitter:data2\" content=\"2 minutes\" \/>\n<script type=\"application\/ld+json\" class=\"yoast-schema-graph\">{\"@context\":\"https:\/\/schema.org\",\"@graph\":[{\"@type\":\"WebPage\",\"@id\":\"https:\/\/www.welovecycling.com\/ee\/2019\/08\/29\/5-disainibrandi-mis-pakuvad-agedat-rattasobralikku-mooblit\/\",\"url\":\"https:\/\/www.welovecycling.com\/ee\/2019\/08\/29\/5-disainibrandi-mis-pakuvad-agedat-rattasobralikku-mooblit\/\",\"name\":\"5 disainibr\u00e4ndi, mis pakuvad \u00e4gedat rattas\u00f5bralikku m\u00f6\u00f6blit - \u0160koda We Love Cycling - Estonia\",\"isPartOf\":{\"@id\":\"https:\/\/www.welovecycling.com\/ee\/#website\"},\"primaryImageOfPage\":{\"@id\":\"https:\/\/www.welovecycling.com\/ee\/2019\/08\/29\/5-disainibrandi-mis-pakuvad-agedat-rattasobralikku-mooblit\/#primaryimage\"},\"image\":{\"@id\":\"https:\/\/www.welovecycling.com\/ee\/2019\/08\/29\/5-disainibrandi-mis-pakuvad-agedat-rattasobralikku-mooblit\/#primaryimage\"},\"thumbnailUrl\":\"https:\/\/d2p6e6u75xmxt8.cloudfront.net\/15\/2019\/08\/design_bike.jpg\",\"datePublished\":\"2019-08-29T15:00:44+00:00\",\"dateModified\":\"2019-09-02T08:58:24+00:00\",\"author\":{\"@id\":\"https:\/\/www.welovecycling.com\/ee\/#\/schema\/person\/5a221fc116f29317cd8fc6e8ebbb4bac\"},\"inLanguage\":\"et\",\"potentialAction\":[{\"@type\":\"ReadAction\",\"target\":[\"https:\/\/www.welovecycling.com\/ee\/2019\/08\/29\/5-disainibrandi-mis-pakuvad-agedat-rattasobralikku-mooblit\/\"]}]},{\"@type\":\"ImageObject\",\"inLanguage\":\"et\",\"@id\":\"https:\/\/www.welovecycling.com\/ee\/2019\/08\/29\/5-disainibrandi-mis-pakuvad-agedat-rattasobralikku-mooblit\/#primaryimage\",\"url\":\"https:\/\/d2p6e6u75xmxt8.cloudfront.net\/15\/2019\/08\/design_bike.jpg\",\"contentUrl\":\"https:\/\/d2p6e6u75xmxt8.cloudfront.net\/15\/2019\/08\/design_bike.jpg\",\"width\":1375,\"height\":600},{\"@type\":\"WebSite\",\"@id\":\"https:\/\/www.welovecycling.com\/ee\/#website\",\"url\":\"https:\/\/www.welovecycling.com\/ee\/\",\"name\":\"\u0160koda We Love Cycling - Estonia\",\"description\":\"\",\"potentialAction\":[{\"@type\":\"SearchAction\",\"target\":{\"@type\":\"EntryPoint\",\"urlTemplate\":\"https:\/\/www.welovecycling.com\/ee\/?s={search_term_string}\"},\"query-input\":{\"@type\":\"PropertyValueSpecification\",\"valueRequired\":true,\"valueName\":\"search_term_string\"}}],\"inLanguage\":\"et\"},{\"@type\":\"Person\",\"@id\":\"https:\/\/www.welovecycling.com\/ee\/#\/schema\/person\/5a221fc116f29317cd8fc6e8ebbb4bac\",\"name\":\"jaanika\",\"image\":{\"@type\":\"ImageObject\",\"inLanguage\":\"et\",\"@id\":\"https:\/\/www.welovecycling.com\/ee\/#\/schema\/person\/image\/\",\"url\":\"https:\/\/secure.gravatar.com\/avatar\/423f124d44d6d14dae1b4c509d90d1a324e3ee2f230a72b31ae57302ab921ac7?s=96&d=mm&r=g\",\"contentUrl\":\"https:\/\/secure.gravatar.com\/avatar\/423f124d44d6d14dae1b4c509d90d1a324e3ee2f230a72b31ae57302ab921ac7?s=96&d=mm&r=g\",\"caption\":\"jaanika\"},\"url\":\"https:\/\/www.welovecycling.com\/ee\/author\/jaanika\/\"}]}<\/script>\n<!-- \/ Yoast SEO Premium plugin. -->","yoast_head_json":{"title":"5 disainibr\u00e4ndi, mis pakuvad \u00e4gedat rattas\u00f5bralikku m\u00f6\u00f6blit - \u0160koda We Love Cycling - Estonia","robots":{"index":"index","follow":"follow","max-snippet":"max-snippet:-1","max-image-preview":"max-image-preview:large","max-video-preview":"max-video-preview:-1"},"canonical":"https:\/\/www.welovecycling.com\/ee\/2019\/08\/29\/5-disainibrandi-mis-pakuvad-agedat-rattasobralikku-mooblit\/","og_locale":"et_EE","og_type":"article","og_title":"5 disainibr\u00e4ndi, mis pakuvad \u00e4gedat rattas\u00f5bralikku m\u00f6\u00f6blit","og_description":"\u00dcks mure, mis on k\u00fcllap k\u00f5igile tuttav. Kel pole garaa\u017ei, kes ei soovi oma ratast niisama silmist lasta \u2013 k\u00f5ik [&hellip;]","og_url":"https:\/\/www.welovecycling.com\/ee\/2019\/08\/29\/5-disainibrandi-mis-pakuvad-agedat-rattasobralikku-mooblit\/","og_site_name":"\u0160koda We Love Cycling - Estonia","article_published_time":"2019-08-29T15:00:44+00:00","article_modified_time":"2019-09-02T08:58:24+00:00","og_image":[{"width":1375,"height":600,"url":"https:\/\/d2p6e6u75xmxt8.cloudfront.net\/15\/2019\/08\/design_bike.jpg","type":"image\/jpeg"}],"author":"jaanika","twitter_card":"summary_large_image","twitter_misc":{"Written by":"Frantiska Blazkova","Est. reading time":"2 minutes"},"schema":{"@context":"https:\/\/schema.org","@graph":[{"@type":"WebPage","@id":"https:\/\/www.welovecycling.com\/ee\/2019\/08\/29\/5-disainibrandi-mis-pakuvad-agedat-rattasobralikku-mooblit\/","url":"https:\/\/www.welovecycling.com\/ee\/2019\/08\/29\/5-disainibrandi-mis-pakuvad-agedat-rattasobralikku-mooblit\/","name":"5 disainibr\u00e4ndi, mis pakuvad \u00e4gedat rattas\u00f5bralikku m\u00f6\u00f6blit - \u0160koda We Love Cycling - Estonia","isPartOf":{"@id":"https:\/\/www.welovecycling.com\/ee\/#website"},"primaryImageOfPage":{"@id":"https:\/\/www.welovecycling.com\/ee\/2019\/08\/29\/5-disainibrandi-mis-pakuvad-agedat-rattasobralikku-mooblit\/#primaryimage"},"image":{"@id":"https:\/\/www.welovecycling.com\/ee\/2019\/08\/29\/5-disainibrandi-mis-pakuvad-agedat-rattasobralikku-mooblit\/#primaryimage"},"thumbnailUrl":"https:\/\/d2p6e6u75xmxt8.cloudfront.net\/15\/2019\/08\/design_bike.jpg","datePublished":"2019-08-29T15:00:44+00:00","dateModified":"2019-09-02T08:58:24+00:00","author":{"@id":"https:\/\/www.welovecycling.com\/ee\/#\/schema\/person\/5a221fc116f29317cd8fc6e8ebbb4bac"},"inLanguage":"et","potentialAction":[{"@type":"ReadAction","target":["https:\/\/www.welovecycling.com\/ee\/2019\/08\/29\/5-disainibrandi-mis-pakuvad-agedat-rattasobralikku-mooblit\/"]}]},{"@type":"ImageObject","inLanguage":"et","@id":"https:\/\/www.welovecycling.com\/ee\/2019\/08\/29\/5-disainibrandi-mis-pakuvad-agedat-rattasobralikku-mooblit\/#primaryimage","url":"https:\/\/d2p6e6u75xmxt8.cloudfront.net\/15\/2019\/08\/design_bike.jpg","contentUrl":"https:\/\/d2p6e6u75xmxt8.cloudfront.net\/15\/2019\/08\/design_bike.jpg","width":1375,"height":600},{"@type":"WebSite","@id":"https:\/\/www.welovecycling.com\/ee\/#website","url":"https:\/\/www.welovecycling.com\/ee\/","name":"\u0160koda We Love Cycling - Estonia","description":"","potentialAction":[{"@type":"SearchAction","target":{"@type":"EntryPoint","urlTemplate":"https:\/\/www.welovecycling.com\/ee\/?s={search_term_string}"},"query-input":{"@type":"PropertyValueSpecification","valueRequired":true,"valueName":"search_term_string"}}],"inLanguage":"et"},{"@type":"Person","@id":"https:\/\/www.welovecycling.com\/ee\/#\/schema\/person\/5a221fc116f29317cd8fc6e8ebbb4bac","name":"jaanika","image":{"@type":"ImageObject","inLanguage":"et","@id":"https:\/\/www.welovecycling.com\/ee\/#\/schema\/person\/image\/","url":"https:\/\/secure.gravatar.com\/avatar\/423f124d44d6d14dae1b4c509d90d1a324e3ee2f230a72b31ae57302ab921ac7?s=96&d=mm&r=g","contentUrl":"https:\/\/secure.gravatar.com\/avatar\/423f124d44d6d14dae1b4c509d90d1a324e3ee2f230a72b31ae57302ab921ac7?s=96&d=mm&r=g","caption":"jaanika"},"url":"https:\/\/www.welovecycling.com\/ee\/author\/jaanika\/"}]}},"_links":{"self":[{"href":"https:\/\/www.welovecycling.com\/ee\/wp-json\/wp\/v2\/posts\/223","targetHints":{"allow":["GET"]}}],"collection":[{"href":"https:\/\/www.welovecycling.com\/ee\/wp-json\/wp\/v2\/posts"}],"about":[{"href":"https:\/\/www.welovecycling.com\/ee\/wp-json\/wp\/v2\/types\/post"}],"author":[{"embeddable":true,"href":"https:\/\/www.welovecycling.com\/ee\/wp-json\/wp\/v2\/users\/103"}],"replies":[{"embeddable":true,"href":"https:\/\/www.welovecycling.com\/ee\/wp-json\/wp\/v2\/comments?post=223"}],"version-history":[{"count":2,"href":"https:\/\/www.welovecycling.com\/ee\/wp-json\/wp\/v2\/posts\/223\/revisions"}],"predecessor-version":[{"id":379,"href":"https:\/\/www.welovecycling.com\/ee\/wp-json\/wp\/v2\/posts\/223\/revisions\/379"}],"wp:featuredmedia":[{"embeddable":true,"href":"https:\/\/www.welovecycling.com\/ee\/wp-json\/wp\/v2\/media\/229"}],"wp:attachment":[{"href":"https:\/\/www.welovecycling.com\/ee\/wp-json\/wp\/v2\/media?parent=223"}],"wp:term":[{"taxonomy":"category","embeddable":true,"href":"https:\/\/www.welovecycling.com\/ee\/wp-json\/wp\/v2\/categories?post=223"},{"taxonomy":"post_tag","embeddable":true,"href":"https:\/\/www.welovecycling.com\/ee\/wp-json\/wp\/v2\/tags?post=223"},{"taxonomy":"global-categories","embeddable":true,"href":"https:\/\/www.welovecycling.com\/ee\/wp-json\/wp\/v2\/global-categories?post=223"}],"curies":[{"name":"wp","href":"https:\/\/api.w.org\/{rel}","templated":true}]}}