{"id":2128,"date":"2024-08-12T13:36:47","date_gmt":"2024-08-12T10:36:47","guid":{"rendered":"https:\/\/www.welovecycling.com\/ee\/?p=2128"},"modified":"2024-08-12T13:36:47","modified_gmt":"2024-08-12T10:36:47","slug":"kasia-niewiadoma-raagib-oma-janust-naiste-tour-de-francei-jarele-ja-roomust-kui-seal-viimaks-voistelda-saab","status":"publish","type":"post","link":"https:\/\/www.welovecycling.com\/ee\/2024\/08\/12\/kasia-niewiadoma-raagib-oma-janust-naiste-tour-de-francei-jarele-ja-roomust-kui-seal-viimaks-voistelda-saab\/","title":{"rendered":"Kasia Niewiadoma r\u00e4\u00e4gib oma janust naiste Tour de France\u2019i j\u00e4rele ja r\u00f5\u00f5must, kui seal viimaks v\u00f5istelda saab"},"content":{"rendered":"<h4>Tour de France\u2019i isiklikele lugudele ja helgetele m\u00e4lestustele p\u00fchendatud We Love Cyclingu taskuh\u00e4\u00e4lingu j\u00e4rjekordses osas oli Matt Stephensi virtuaalse stuudio k\u00fclaliseks <a href=\"https:\/\/www.instagram.com\/kasianiewiadoma94\/?hl=cs\">Kasia Niewiadoma<\/a>, andekas ja perspektiivitundega noor profirattur. Tere tulemast kuulama Tour de France Femmes avec Zwifti erisaadet!<\/h4>\n<p><!--more--><\/p>\n<p>Katarzyna Niewiadoma, keda rohkem tuntakse l\u00fchendatud eesnime Kasia j\u00e4rgi, on tuntud mitte ainult oma j\u00e4rjest hoogu koguva rattakarj\u00e4\u00e4ri poolest. Sotsiaalmeedias on ta kogunud kuulsust kui teistele ratturitele m\u00f5eldud hariva ja innustava sisu looja. Matt kohtus Kasiaga siis, kui viimane koos oma Canyon\/SRAM-i tiimiga oli Prantsuse Alpides l\u00f5petanud Tour de France Femmes avec Zwifti 7. etapi tutvumistreeningu. Kuid Kasia teekond Tourile j\u00f5udmiseks algas ilmselt siis, kui ta oli 16-aastane, istus televiisori ees ja jumaldas Alberto Contadori.<\/p>\n<p>\u201eMa olin t\u00f5sine f\u00e4nn,\u201c r\u00e4\u00e4kis Kasia Mattile. \u201eMulle meeldis, kuidas ta s\u00f5itis ja kuidas ta lausa tantsis pedaalidel. Kuidagi sai just temast minu p\u00f5hiline varajane m\u00e4lestus Tour de France\u2019ilt.\u201c Kasia kinnitusel polnud tal rattaspordi vastu huvi kuni hilise teismeeani ja telekas n\u00e4htud v\u00f5istlus v\u00f5is t\u00f5esti olla tema v\u00e4ravaks Tourile. Lisaks uuris ta Poola ratturite k\u00e4ek\u00e4iku kunagisel, praegusest palju l\u00fchemal naiste Touril nimega Grande Boucle F\u00e9minine Internationale.<\/p>\n<p>Praeguseks on 29-aastane poolatar saavutanud muljetavaldavat edu: 18 v\u00f5itu elukutselisena, sealhulgas esikolmikukohad kahel viimasel naiste TdF Femmes\u2019il, mullu koos m\u00e4ekuninganna s\u00e4rgiga, 2019. aasta Amstel Gold Race\u2019i v\u00f5it ning 2023. aasta graveli MM-tiitel. Peatselt ootab teda ees juba 2024. aasta TdF Femmes, kuid Kasia enda s\u00f5nul on tegu uue olukorraga, mille j\u00e4rele \u201eon ta janunenud juba aastaid\u201c.<\/p>\n<p>Oma karj\u00e4\u00e4ri jooksul on Kasia n\u00e4inud, kui palju Tour de France t\u00e4helepanu p\u00e4lvis ja talle tundus, et naisratturid j\u00e4id sellest ilma. \u201eNeid ei lastud peole\u201c, nagu ta tabavalt \u00fctleb. Praegu aga paistab, et naisratturite seas k\u00e4ib pidev pidu alates esimesest neile m\u00f5eldud Tourist. \u201eT\u00e4iesti h\u00e4mmastav kogemus on j\u00f5uda olukorrast, kus mingit Tour de France Femmes\u2019i polnud olemaski, sinna ise v\u00f5istlema. Me kirjutame praegu ajalugu ja \u00e4ge on tunda end osana sellest.\u201c<\/p>\n<p><iframe loading=\"lazy\" style=\"border-radius: 12px;\" src=\"https:\/\/open.spotify.com\/embed\/episode\/3sehWrlkJdXSwAse7u80Ac?utm_source=generator&amp;theme=0\" width=\"100%\" height=\"152\" frameborder=\"0\" allowfullscreen=\"allowfullscreen\"><\/iframe><\/p>\n<p>Kui Kasia startis 2022. aasta esimese naiste Touri avaetapile, pani ta kohe t\u00e4hele, kuidas tiimi koheldi hoopis teistmoodi, muude v\u00f5istlustega v\u00f5rreldes oli kogu ettevalmistus ja korraldus t\u00e4iesti erinev. See tundus nagu astumine uude ajastusse. Tema isiklik k\u00f5ige emotsionaalsem hetke saabus eelmise aasta Col de Tourmalet\u2019 etapil, kui ta sai selga m\u00e4ekuninganna t\u00e4pilise s\u00e4rgi. See t\u00f5i kaasa nii palju elevust ja enesekindlust nii talle endale kui ka kogu tiimile, et j\u00e4rgmisel p\u00e4eval tundis Kasia end juba \u00e4rkamisest peale t\u00e4iesti pingevabalt. \u201eSee on n\u00fc\u00fcd k\u00e4es,\u201c oli tema m\u00f5te eelmisel \u00f5htul magama minnes.<\/p>\n<p>Kasia m\u00e4letab samuti, kuidas teda \u00fcllatas f\u00e4nnide kaasaelamine \u00fcliraskel Tourmalet\u2019 t\u00f5usul vaatamata vihmale ja udule, mis m\u00f5nikord kahandas ratturite ja saateautode juhtide vaatev\u00e4lja m\u00f5ne meetrini. Esimest korda tundis ta, et on osa saanud ehedast Touri m\u00e4gietappide \u00f5hkkonnast, kus f\u00e4nnid toovad teinekord oma ergutush\u00fc\u00fcdeid kuuldavale vaid m\u00f5nek\u00fcmne sentimeetri kaugusel ratturi n\u00e4ost.<\/p>\n<p>Seej\u00e4rel p\u00e4ris Matt, milline saab olema Kasia p\u00e4rand, eriti noorte naisratturite seas, arvestades tema t\u00f5usva t\u00e4he staatust ja aktiivset naiste rattaspordi promomist sotsiaalmeedias. Kasia vastas, et loodab olla hea eeskuju: \u201eIga sportlane tahab inspireerida teisi, sest keegi on ju kunagi inspireerinud ka meid. Minu innustajateks on minust tugevamad ratturid nagu <a href=\"https:\/\/www.welovecycling.com\/wide\/2024\/05\/06\/demi-vollering-on-vuelta-femenina-victory-its-really-nice-to-finish-off-like-this\/\">Demi Vollering<\/a> v\u00f5i Lotte Kopecky, sest l\u00f5ppude l\u00f5puks ma tahan neid edestada ja olla neist parem.\u201c Kasia teab ka h\u00e4sti, et profitasemel kiputakse m\u00f5nikord \u00fclistama pidevat \u00fcle oma v\u00f5imete pingutamist ning seet\u00f5ttu tahab olla teistele eeskujuks, paistes spordis silma \u201etervislikul viisil\u201c, mis \u201eei tee kahju kehale\u201c.<\/p>\n<p>L\u00f5petuseks andis Kasia natuke n\u00f5u ka algajatele ratturitele, kes soovivad kunagi j\u00f5uda tema tasemele: \u201eMine \u00f5ue ja s\u00f5ida rattaga ning \u00e4ra m\u00f5tle k\u00f5igile neile imepisikestele v\u00f5itudele suutlikkuses, mida profid taga ajavad. V\u00f5ta endale m\u00f5ni aasta aega, et hakata rattas\u00f5itu kirglikult armastama. V\u00f5ta seda nagu m\u00e4ngu ja leia endale kamp h\u00e4id s\u00f5pru.\u201c Oleme t\u00e4iesti n\u00f5us.<\/p>\n<p>Kui tahad kuulda teisigi h\u00e4mmastavaid sisekaemusi, pane m\u00e4ngima<a href=\"https:\/\/www.letourfemmes.fr\/en\"> Tour de France Femmes avec Zwifti<\/a> erisaade. Matt ja Kasia r\u00e4\u00e4givad t\u00e4navusest \u201efantastilisest\u201c v\u00f5istlusrajast, t\u00fchimikust, mida Kasia ja tema v\u00f5istluskaaslased tundsid enne t\u00e4ism\u00f5\u00f5dulist naiste Touri, luksuslikust v\u00f5imalusest t\u00e4histada v\u00f5itusid tihedas profikalendris, Kasia \u00fcliedukast kevadhooajast, tema ootustest t\u00e4navuse TdF Femmes\u2019i eel ja paljust muust.<\/p>\n<p><iframe loading=\"lazy\" title=\"YouTube video player\" src=\"https:\/\/www.youtube-nocookie.com\/embed\/zW8OHi30iTw?si=PybxbZXTK74_JZ9m\" width=\"560\" height=\"315\" frameborder=\"0\" allowfullscreen=\"allowfullscreen\"><\/iframe><\/p>\n","protected":false},"excerpt":{"rendered":"<p>Tour de France\u2019i isiklikele lugudele ja helgetele m\u00e4lestustele p\u00fchendatud We Love Cyclingu taskuh\u00e4\u00e4lingu j\u00e4rjekordses osas oli Matt Stephensi virtuaalse stuudio [&hellip;]<\/p>\n","protected":false},"author":174,"featured_media":2129,"comment_status":"open","ping_status":"open","sticky":false,"template":"","format":"standard","meta":{"footnotes":""},"categories":[39],"tags":[250,279,14,280,281],"global-categories":[22],"class_list":["post-2128","post","type-post","status-publish","format-standard","has-post-thumbnail","hentry","category-maanteesoit","tag-2024-tour","tag-kasia-niewiadoma","tag-tour-de-france","tag-tour-de-france-femmes","tag-tour-de-france-femmes-avec-zwift","global-categories-cycling"],"yoast_head":"<!-- This site is optimized with the Yoast SEO Premium plugin v25.3 (Yoast SEO v25.9) - https:\/\/yoast.com\/wordpress\/plugins\/seo\/ -->\n<title>Kasia Niewiadoma r\u00e4\u00e4gib oma janust naiste Tour de France\u2019i j\u00e4rele ja r\u00f5\u00f5must, kui seal viimaks v\u00f5istelda saab - \u0160koda We Love Cycling - Estonia<\/title>\n<meta name=\"robots\" content=\"index, follow, max-snippet:-1, max-image-preview:large, max-video-preview:-1\" \/>\n<link rel=\"canonical\" href=\"https:\/\/www.welovecycling.com\/ee\/2024\/08\/12\/kasia-niewiadoma-raagib-oma-janust-naiste-tour-de-francei-jarele-ja-roomust-kui-seal-viimaks-voistelda-saab\/\" \/>\n<meta property=\"og:locale\" content=\"et_EE\" \/>\n<meta property=\"og:type\" content=\"article\" \/>\n<meta property=\"og:title\" content=\"Kasia Niewiadoma r\u00e4\u00e4gib oma janust naiste Tour de France\u2019i j\u00e4rele ja r\u00f5\u00f5must, kui seal viimaks v\u00f5istelda saab\" \/>\n<meta property=\"og:description\" content=\"Tour de France\u2019i isiklikele lugudele ja helgetele m\u00e4lestustele p\u00fchendatud We Love Cyclingu taskuh\u00e4\u00e4lingu j\u00e4rjekordses osas oli Matt Stephensi virtuaalse stuudio [&hellip;]\" \/>\n<meta property=\"og:url\" content=\"https:\/\/www.welovecycling.com\/ee\/2024\/08\/12\/kasia-niewiadoma-raagib-oma-janust-naiste-tour-de-francei-jarele-ja-roomust-kui-seal-viimaks-voistelda-saab\/\" \/>\n<meta property=\"og:site_name\" content=\"\u0160koda We Love Cycling - Estonia\" \/>\n<meta property=\"article:published_time\" content=\"2024-08-12T10:36:47+00:00\" \/>\n<meta property=\"og:image\" content=\"https:\/\/d2p6e6u75xmxt8.cloudfront.net\/15\/2024\/08\/kasia1.webp\" \/>\n\t<meta property=\"og:image:width\" content=\"894\" \/>\n\t<meta property=\"og:image:height\" content=\"505\" \/>\n\t<meta property=\"og:image:type\" content=\"image\/webp\" \/>\n<meta name=\"author\" content=\"andre\" \/>\n<meta name=\"twitter:card\" content=\"summary_large_image\" \/>\n<meta name=\"twitter:label1\" content=\"Written by\" \/>\n\t<meta name=\"twitter:data1\" content=\"Frantiska Blazkova\" \/>\n\t<meta name=\"twitter:label2\" content=\"Est. reading time\" \/>\n\t<meta name=\"twitter:data2\" content=\"4\" \/>\n<script type=\"application\/ld+json\" class=\"yoast-schema-graph\">{\"@context\":\"https:\/\/schema.org\",\"@graph\":[{\"@type\":\"WebPage\",\"@id\":\"https:\/\/www.welovecycling.com\/ee\/2024\/08\/12\/kasia-niewiadoma-raagib-oma-janust-naiste-tour-de-francei-jarele-ja-roomust-kui-seal-viimaks-voistelda-saab\/\",\"url\":\"https:\/\/www.welovecycling.com\/ee\/2024\/08\/12\/kasia-niewiadoma-raagib-oma-janust-naiste-tour-de-francei-jarele-ja-roomust-kui-seal-viimaks-voistelda-saab\/\",\"name\":\"Kasia Niewiadoma r\u00e4\u00e4gib oma janust naiste Tour de France\u2019i j\u00e4rele ja r\u00f5\u00f5must, kui seal viimaks v\u00f5istelda saab - \u0160koda We Love Cycling - Estonia\",\"isPartOf\":{\"@id\":\"https:\/\/www.welovecycling.com\/ee\/#website\"},\"primaryImageOfPage\":{\"@id\":\"https:\/\/www.welovecycling.com\/ee\/2024\/08\/12\/kasia-niewiadoma-raagib-oma-janust-naiste-tour-de-francei-jarele-ja-roomust-kui-seal-viimaks-voistelda-saab\/#primaryimage\"},\"image\":{\"@id\":\"https:\/\/www.welovecycling.com\/ee\/2024\/08\/12\/kasia-niewiadoma-raagib-oma-janust-naiste-tour-de-francei-jarele-ja-roomust-kui-seal-viimaks-voistelda-saab\/#primaryimage\"},\"thumbnailUrl\":\"https:\/\/d2p6e6u75xmxt8.cloudfront.net\/15\/2024\/08\/kasia1.webp\",\"datePublished\":\"2024-08-12T10:36:47+00:00\",\"author\":{\"@id\":\"https:\/\/www.welovecycling.com\/ee\/#\/schema\/person\/8b7101c4bd1b1ae9d3732ebb1e6caf57\"},\"inLanguage\":\"et\",\"potentialAction\":[{\"@type\":\"ReadAction\",\"target\":[\"https:\/\/www.welovecycling.com\/ee\/2024\/08\/12\/kasia-niewiadoma-raagib-oma-janust-naiste-tour-de-francei-jarele-ja-roomust-kui-seal-viimaks-voistelda-saab\/\"]}]},{\"@type\":\"ImageObject\",\"inLanguage\":\"et\",\"@id\":\"https:\/\/www.welovecycling.com\/ee\/2024\/08\/12\/kasia-niewiadoma-raagib-oma-janust-naiste-tour-de-francei-jarele-ja-roomust-kui-seal-viimaks-voistelda-saab\/#primaryimage\",\"url\":\"https:\/\/d2p6e6u75xmxt8.cloudfront.net\/15\/2024\/08\/kasia1.webp\",\"contentUrl\":\"https:\/\/d2p6e6u75xmxt8.cloudfront.net\/15\/2024\/08\/kasia1.webp\",\"width\":894,\"height\":505},{\"@type\":\"WebSite\",\"@id\":\"https:\/\/www.welovecycling.com\/ee\/#website\",\"url\":\"https:\/\/www.welovecycling.com\/ee\/\",\"name\":\"\u0160koda We Love Cycling - Estonia\",\"description\":\"\",\"potentialAction\":[{\"@type\":\"SearchAction\",\"target\":{\"@type\":\"EntryPoint\",\"urlTemplate\":\"https:\/\/www.welovecycling.com\/ee\/?s={search_term_string}\"},\"query-input\":{\"@type\":\"PropertyValueSpecification\",\"valueRequired\":true,\"valueName\":\"search_term_string\"}}],\"inLanguage\":\"et\"},{\"@type\":\"Person\",\"@id\":\"https:\/\/www.welovecycling.com\/ee\/#\/schema\/person\/8b7101c4bd1b1ae9d3732ebb1e6caf57\",\"name\":\"andre\",\"image\":{\"@type\":\"ImageObject\",\"inLanguage\":\"et\",\"@id\":\"https:\/\/www.welovecycling.com\/ee\/#\/schema\/person\/image\/\",\"url\":\"https:\/\/secure.gravatar.com\/avatar\/0656b3224fe17b018f43b8a562625dd43d30827f027b2f62bc5a05711fec9a61?s=96&d=mm&r=g\",\"contentUrl\":\"https:\/\/secure.gravatar.com\/avatar\/0656b3224fe17b018f43b8a562625dd43d30827f027b2f62bc5a05711fec9a61?s=96&d=mm&r=g\",\"caption\":\"andre\"},\"url\":\"https:\/\/www.welovecycling.com\/ee\/author\/andre\/\"}]}<\/script>\n<!-- \/ Yoast SEO Premium plugin. -->","yoast_head_json":{"title":"Kasia Niewiadoma r\u00e4\u00e4gib oma janust naiste Tour de France\u2019i j\u00e4rele ja r\u00f5\u00f5must, kui seal viimaks v\u00f5istelda saab - \u0160koda We Love Cycling - Estonia","robots":{"index":"index","follow":"follow","max-snippet":"max-snippet:-1","max-image-preview":"max-image-preview:large","max-video-preview":"max-video-preview:-1"},"canonical":"https:\/\/www.welovecycling.com\/ee\/2024\/08\/12\/kasia-niewiadoma-raagib-oma-janust-naiste-tour-de-francei-jarele-ja-roomust-kui-seal-viimaks-voistelda-saab\/","og_locale":"et_EE","og_type":"article","og_title":"Kasia Niewiadoma r\u00e4\u00e4gib oma janust naiste Tour de France\u2019i j\u00e4rele ja r\u00f5\u00f5must, kui seal viimaks v\u00f5istelda saab","og_description":"Tour de France\u2019i isiklikele lugudele ja helgetele m\u00e4lestustele p\u00fchendatud We Love Cyclingu taskuh\u00e4\u00e4lingu j\u00e4rjekordses osas oli Matt Stephensi virtuaalse stuudio [&hellip;]","og_url":"https:\/\/www.welovecycling.com\/ee\/2024\/08\/12\/kasia-niewiadoma-raagib-oma-janust-naiste-tour-de-francei-jarele-ja-roomust-kui-seal-viimaks-voistelda-saab\/","og_site_name":"\u0160koda We Love Cycling - Estonia","article_published_time":"2024-08-12T10:36:47+00:00","og_image":[{"width":894,"height":505,"url":"https:\/\/d2p6e6u75xmxt8.cloudfront.net\/15\/2024\/08\/kasia1.webp","type":"image\/webp"}],"author":"andre","twitter_card":"summary_large_image","twitter_misc":{"Written by":"Frantiska Blazkova","Est. reading time":"4"},"schema":{"@context":"https:\/\/schema.org","@graph":[{"@type":"WebPage","@id":"https:\/\/www.welovecycling.com\/ee\/2024\/08\/12\/kasia-niewiadoma-raagib-oma-janust-naiste-tour-de-francei-jarele-ja-roomust-kui-seal-viimaks-voistelda-saab\/","url":"https:\/\/www.welovecycling.com\/ee\/2024\/08\/12\/kasia-niewiadoma-raagib-oma-janust-naiste-tour-de-francei-jarele-ja-roomust-kui-seal-viimaks-voistelda-saab\/","name":"Kasia Niewiadoma r\u00e4\u00e4gib oma janust naiste Tour de France\u2019i j\u00e4rele ja r\u00f5\u00f5must, kui seal viimaks v\u00f5istelda saab - \u0160koda We Love Cycling - Estonia","isPartOf":{"@id":"https:\/\/www.welovecycling.com\/ee\/#website"},"primaryImageOfPage":{"@id":"https:\/\/www.welovecycling.com\/ee\/2024\/08\/12\/kasia-niewiadoma-raagib-oma-janust-naiste-tour-de-francei-jarele-ja-roomust-kui-seal-viimaks-voistelda-saab\/#primaryimage"},"image":{"@id":"https:\/\/www.welovecycling.com\/ee\/2024\/08\/12\/kasia-niewiadoma-raagib-oma-janust-naiste-tour-de-francei-jarele-ja-roomust-kui-seal-viimaks-voistelda-saab\/#primaryimage"},"thumbnailUrl":"https:\/\/d2p6e6u75xmxt8.cloudfront.net\/15\/2024\/08\/kasia1.webp","datePublished":"2024-08-12T10:36:47+00:00","author":{"@id":"https:\/\/www.welovecycling.com\/ee\/#\/schema\/person\/8b7101c4bd1b1ae9d3732ebb1e6caf57"},"inLanguage":"et","potentialAction":[{"@type":"ReadAction","target":["https:\/\/www.welovecycling.com\/ee\/2024\/08\/12\/kasia-niewiadoma-raagib-oma-janust-naiste-tour-de-francei-jarele-ja-roomust-kui-seal-viimaks-voistelda-saab\/"]}]},{"@type":"ImageObject","inLanguage":"et","@id":"https:\/\/www.welovecycling.com\/ee\/2024\/08\/12\/kasia-niewiadoma-raagib-oma-janust-naiste-tour-de-francei-jarele-ja-roomust-kui-seal-viimaks-voistelda-saab\/#primaryimage","url":"https:\/\/d2p6e6u75xmxt8.cloudfront.net\/15\/2024\/08\/kasia1.webp","contentUrl":"https:\/\/d2p6e6u75xmxt8.cloudfront.net\/15\/2024\/08\/kasia1.webp","width":894,"height":505},{"@type":"WebSite","@id":"https:\/\/www.welovecycling.com\/ee\/#website","url":"https:\/\/www.welovecycling.com\/ee\/","name":"\u0160koda We Love Cycling - Estonia","description":"","potentialAction":[{"@type":"SearchAction","target":{"@type":"EntryPoint","urlTemplate":"https:\/\/www.welovecycling.com\/ee\/?s={search_term_string}"},"query-input":{"@type":"PropertyValueSpecification","valueRequired":true,"valueName":"search_term_string"}}],"inLanguage":"et"},{"@type":"Person","@id":"https:\/\/www.welovecycling.com\/ee\/#\/schema\/person\/8b7101c4bd1b1ae9d3732ebb1e6caf57","name":"andre","image":{"@type":"ImageObject","inLanguage":"et","@id":"https:\/\/www.welovecycling.com\/ee\/#\/schema\/person\/image\/","url":"https:\/\/secure.gravatar.com\/avatar\/0656b3224fe17b018f43b8a562625dd43d30827f027b2f62bc5a05711fec9a61?s=96&d=mm&r=g","contentUrl":"https:\/\/secure.gravatar.com\/avatar\/0656b3224fe17b018f43b8a562625dd43d30827f027b2f62bc5a05711fec9a61?s=96&d=mm&r=g","caption":"andre"},"url":"https:\/\/www.welovecycling.com\/ee\/author\/andre\/"}]}},"_links":{"self":[{"href":"https:\/\/www.welovecycling.com\/ee\/wp-json\/wp\/v2\/posts\/2128","targetHints":{"allow":["GET"]}}],"collection":[{"href":"https:\/\/www.welovecycling.com\/ee\/wp-json\/wp\/v2\/posts"}],"about":[{"href":"https:\/\/www.welovecycling.com\/ee\/wp-json\/wp\/v2\/types\/post"}],"author":[{"embeddable":true,"href":"https:\/\/www.welovecycling.com\/ee\/wp-json\/wp\/v2\/users\/174"}],"replies":[{"embeddable":true,"href":"https:\/\/www.welovecycling.com\/ee\/wp-json\/wp\/v2\/comments?post=2128"}],"version-history":[{"count":2,"href":"https:\/\/www.welovecycling.com\/ee\/wp-json\/wp\/v2\/posts\/2128\/revisions"}],"predecessor-version":[{"id":2131,"href":"https:\/\/www.welovecycling.com\/ee\/wp-json\/wp\/v2\/posts\/2128\/revisions\/2131"}],"wp:featuredmedia":[{"embeddable":true,"href":"https:\/\/www.welovecycling.com\/ee\/wp-json\/wp\/v2\/media\/2129"}],"wp:attachment":[{"href":"https:\/\/www.welovecycling.com\/ee\/wp-json\/wp\/v2\/media?parent=2128"}],"wp:term":[{"taxonomy":"category","embeddable":true,"href":"https:\/\/www.welovecycling.com\/ee\/wp-json\/wp\/v2\/categories?post=2128"},{"taxonomy":"post_tag","embeddable":true,"href":"https:\/\/www.welovecycling.com\/ee\/wp-json\/wp\/v2\/tags?post=2128"},{"taxonomy":"global-categories","embeddable":true,"href":"https:\/\/www.welovecycling.com\/ee\/wp-json\/wp\/v2\/global-categories?post=2128"}],"curies":[{"name":"wp","href":"https:\/\/api.w.org\/{rel}","templated":true}]}}