{"id":2099,"date":"2024-07-18T11:45:07","date_gmt":"2024-07-18T08:45:07","guid":{"rendered":"https:\/\/www.welovecycling.com\/ee\/?p=2099"},"modified":"2024-07-19T09:56:05","modified_gmt":"2024-07-19T06:56:05","slug":"tour-de-francei-jaadvustamas-marketa-navratilova-tippklassi-jalgrattafotograaf","status":"publish","type":"post","link":"https:\/\/www.welovecycling.com\/ee\/2024\/07\/18\/tour-de-francei-jaadvustamas-marketa-navratilova-tippklassi-jalgrattafotograaf\/","title":{"rendered":"Tour de France\u2019i j\u00e4\u00e4dvustamas: Mark\u00e9ta Navr\u00e1tilov\u00e1, tippklassi jalgrattafotograaf"},"content":{"rendered":"<h4><strong>25 aastat oli ta ainuke naissoost fotograaf Tour de France\u2019il. Meeskolleegidel l\u00e4ks kaks aastat, enne kui nad teda t\u00f5siselt v\u00f5tma hakkasid, ent p\u00e4rast seda tunneb Navr\u00e1tilov\u00e1 end Touril nagu kala vees. Ta oli tunnistajaks, kuidas Euroopas kuulus rattav\u00f5idus\u00f5it muundus maailma \u00fcheks enamj\u00e4lgitavaks spordis\u00fcndmuseks. Samal ajal mindi filmiga kaameratelt \u00fcle digitaalsetele ning tekkis konkurents pealtvaatajate n\u00e4ol, kes iga hetke oma nutitelefonidega j\u00e4\u00e4dvustavad. Mis aitas Navr\u00e1tilov\u00e1l proffide karmis konkurentsis edu saavutada, mida peaks iga Touri fotograaf teadma ja mis on piltnikele tabu?<\/strong><\/h4>\n<p><!--more--><\/p>\n<h4>Kui tahta Touri pildistada, siis millele k\u00f5ige rohkem t\u00e4helepanu p\u00f6\u00f6rata?<\/h4>\n<p>Kogu v\u00f5istluse ajal pead olema sada protsenti keskendunud. Miski ei tohi sind segada. Kui midagi juhtub, pead olema valmis seda j\u00e4\u00e4dvustama. Pea peab olema selge. Kui sul on koduseid muresid, v\u00f5id oma m\u00f5tetes uitama minna ja olulise hetke maha magada. Veelgi rohkem tuleb t\u00e4helepanu p\u00f6\u00f6rata turvalisusele. Fotograaf ei tohi kunagi ohustada rattureid. N\u00e4iteks ei tohi objektiivi kate s\u00f5idu ajal maha kukkuda, seet\u00f5ttu ma kinnitan k\u00f5ik teibiga. Kuid k\u00f5ige enam peab muretsema mootorratturi p\u00e4rast. Touri-karj\u00e4\u00e4ri jooksul on mind vedanud viis mootorratturit ja ainult \u00fcks neist oli unistaja t\u00fc\u00fcpi. Olles aasta minuga koos s\u00f5itnud, oli tal tarvis kuskilt l\u00e4bi pugeda ja kogemata takerdus ta kuidagi \u00fche ratturi taha. Ta isegi vedas ratturit m\u00f5ne meetri kaasa. Sellise vea teinud mootorratturit ootavad karmid tagaj\u00e4rjed. Isegi kui jalgrattur p\u00e4\u00e4seb vigastusteta, jookseb avarii videosalvestus Eurospordi klippides uue aastani.<\/p>\n<h4>Kui t\u00f5sine on Touril konkurents fotograafide vahel?<\/h4>\n<p>V\u00e4ga t\u00f5sine. See on \u00e4\u00e4rmiselt konkurentsitihe, kuid professionaalses m\u00f5ttes korrektne keskkond. Kui ma t\u00fcdrukuna meeste seas t\u00f6\u00f6le hakkasin, kulus neil kaks aastat minuga \u00e4ra harjumiseks. Alguses nad vahtisid mind, sest keegi hobusesabaga plika ilmus j\u00e4rsku mootorrattal kohale, mis oli seni reserveeritud ainult meestele. Ma ei kasutanud oma sugu kunagi enda huvides \u00e4ra, muidu oleksin l\u00f5petanud kiiremini kui alustasin. Kui ma pressikeskuses oma fotosid t\u00f6\u00f6tlesin, panin t\u00e4hele, kuidas teised fotograafid ringi k\u00f5ndides minu monitorile kiikasid. K\u00f5ik olid uudishimulikud: kuidas plika hakkama saab? Mina vaatasin nende monitore samamoodi: ega ma ometi midagi kahe silma vahele j\u00e4tnud? Aga sestpeale, kui nad mind oma seltskonda vastu v\u00f5tsid, olen nagu kala vees. Muidugi on seal konkurents, aga kui sul tekib probleem, n\u00e4iteks l\u00e4heb mootorrattal rehv t\u00fchjaks v\u00f5i on sul vaja m\u00e4lukaarti, tulevad k\u00f5ik appi.<\/p>\n<p><a href=\"https:\/\/d2p6e6u75xmxt8.cloudfront.net\/15\/2024\/07\/foto2.webp\"><img loading=\"lazy\" decoding=\"async\" class=\"aligncenter size-full wp-image-2101\" src=\"https:\/\/d2p6e6u75xmxt8.cloudfront.net\/15\/2024\/07\/foto2.webp\" alt=\"\" width=\"789\" height=\"524\" srcset=\"https:\/\/d2p6e6u75xmxt8.cloudfront.net\/15\/2024\/07\/foto2.webp 789w, https:\/\/d2p6e6u75xmxt8.cloudfront.net\/15\/2024\/07\/foto2-300x199.webp 300w, https:\/\/d2p6e6u75xmxt8.cloudfront.net\/15\/2024\/07\/foto2-768x510.webp 768w, https:\/\/d2p6e6u75xmxt8.cloudfront.net\/15\/2024\/07\/foto2-400x266.webp 400w, https:\/\/d2p6e6u75xmxt8.cloudfront.net\/15\/2024\/07\/foto2-272x182.webp 272w\" sizes=\"auto, (max-width: 789px) 100vw, 789px\" \/><\/a><\/p>\n<h4>V\u00f5id sa avada mingeid nippe, mis aitavad Touril fotograafe?<\/h4>\n<p>P\u00f5hiline on mitte alahinnata kodust ettevalmistust. Fotograaf peab teadma, mis on juhtunud ja mis parajasti juhtub. Sa pead selle info konteksti panema ja m\u00f5tlema ettepoole, tulevikule. Mitte \u00fche sammu, vaid v\u00e4hemalt kaks. Iga infokild v\u00f5ib tulemust m\u00f5jutada. N\u00e4iteks kui sa loed, et kellelgi valutab jalg, siis hoiad tal grupis silma peal \u2013 ega ta maha ei hakka j\u00e4\u00e4ma? K\u00f5ik v\u00f5imalikud stsenaariumid tuleb l\u00e4bi r\u00e4\u00e4kida oma mootorratturiga, kuna mina olen ju \u00fcks neist fotograafidest, kes j\u00e4\u00e4dvustab Touri mootorrattalt. Temaga l\u00e4bisaamine on erakordselt oluline. Te peate tegutsema s\u00fcnkroonis, et ta teaks, kuidas ja kuhu minna, kui sina tahad tsikli seljast pilti teha. Ka mootorrattur tunneb uhkust, kui \u201etema\u201c fotograafil on \u00f5nnestunud hea pildiga maha saada. Mootorrattur peab sind usaldama ja tahtma k\u00f5ike seda sinu heaks teha. T\u00f6\u00f6 Touril on ka nende jaoks v\u00e4ga mainekas, kuna sageli alustasid nad sellega kuskile Belgias kohalikel v\u00f5istlustel ja on end j\u00e4rk-j\u00e4rgult \u00fcles t\u00f6\u00f6tanud.<\/p>\n<h4>Kuidas sa leiad parima v\u00f5ttekoha?<\/h4>\n<p>See on absoluutselt t\u00e4htsaim k\u00fcsimus. Mootorrattal tuleb pidevalt otsustada, kuhu grupis minna ja kus peatuda. Ma t\u00f6\u00f6tan \u00fche Hollandi agentuuri heaks, nii et ma pidid hoolikalt valima, kas p\u00fcsida ees koos kollases s\u00e4rgis ratturiga v\u00f5i hoida end tagapool liikuva Hollandi ratturi ligidusse isegi juhul, kui ta peaks v\u00f5istluse katkestama. Fotograaf teeb p\u00f5him\u00f5tteliselt ajakirjanikut\u00f6\u00f6d ja peab j\u00e4rgima oma t\u00f6\u00f6andja juhiseid.<\/p>\n<p><a href=\"https:\/\/d2p6e6u75xmxt8.cloudfront.net\/15\/2024\/07\/foto3.webp\"><img loading=\"lazy\" decoding=\"async\" class=\"aligncenter size-full wp-image-2102\" src=\"https:\/\/d2p6e6u75xmxt8.cloudfront.net\/15\/2024\/07\/foto3.webp\" alt=\"\" width=\"789\" height=\"529\" srcset=\"https:\/\/d2p6e6u75xmxt8.cloudfront.net\/15\/2024\/07\/foto3.webp 789w, https:\/\/d2p6e6u75xmxt8.cloudfront.net\/15\/2024\/07\/foto3-300x201.webp 300w, https:\/\/d2p6e6u75xmxt8.cloudfront.net\/15\/2024\/07\/foto3-768x515.webp 768w, https:\/\/d2p6e6u75xmxt8.cloudfront.net\/15\/2024\/07\/foto3-400x268.webp 400w, https:\/\/d2p6e6u75xmxt8.cloudfront.net\/15\/2024\/07\/foto3-272x182.webp 272w\" sizes=\"auto, (max-width: 789px) 100vw, 789px\" \/><\/a><\/p>\n<h4>Aga ikkagi pead sa olema \u00f5igel ajal \u00f5iges kohas, kas pole nii?<\/h4>\n<p>Muidugi, sest hea pressifoto on j\u00e4rgmisel p\u00e4eval ajalehtedes, ja samas ootab veel k\u00fcmme piltnikku, et saaks j\u00e4\u00e4dvustada etapi saatuse otsustanud hetke. Kui sa tahad Touri pildistada, pead olema osav, omama \u00f5iget infot, k\u00f5vasti kogemusi, ohtralt vaistu ja natuke \u00f5nne. Igal etapil tuleb pidevalt otsustada, kas liikuda hea pildistamisv\u00f5imaluse leidmiseks grupist ette v\u00f5i j\u00e4\u00e4da koos ratturitega ja pildistada ainult mootorrattalt. Oluline on ka koost\u00f6\u00f6 mootorratturiga. See otsustab paljuski, kas sa satud \u00f5igetesse kohtadesse. Kui teed vale otsuse, v\u00f5ib grupp eest \u00e4ra minna ja sul ei pruugi tekkida enam v\u00f5imalust neist sel etapil v\u00f5i sel l\u00f5igul m\u00f6\u00f6duda. Reeglid on l\u00e4inud aastatega karmimaks ja m\u00f6\u00f6duda lubatakse ainult selgelt piiritletud tingimustel.<\/p>\n<h4>Kas sul on oma lemmikfoto?<\/h4>\n<p>Ma v\u00e4\u00e4rtustan ajatuid fotosid, mida ka aastaid hiljem hinnatakse. Harilikult on need p\u00f5hjalikult l\u00e4bim\u00f5eldud v\u00f5tted, kus sa leiad kauni taustaga koha ja ootad ratturite saabumist. Kui oli Touri sajas aastap\u00e4ev, siis ma teadsin, et tahan fotot Armstrongist koos Eiffeli torniga. See oli riskantne v\u00f5te ja poleks pruukinud \u00f5nnestuda, sest ma pidin kaamera asetama maapinnale ega saanud ise pildiotsijasse vaadata. P\u00fc\u00fcdsin k\u00fcll leida kohta, kus pilt kindla peale v\u00e4lja tuleks, ent siis poleks torn peale j\u00e4\u00e4nud. Aga k\u00f5ik siiski \u00f5nnestus ja see on \u00fcks pilte, mis mulle senini meeldib. Armstrong pani selle ka oma raamatusse. Siis on veel fotod agentuuri tarvis. Need elavad j\u00e4rgmise p\u00e4evani ja mitte p\u00e4evagi kauem. Neid pilte ei panda raamatusse, \u00fcheksa fotograafi k\u00fcmnest suudab neid teha.<\/p>\n<h4>Kas Touril on midagi, mida ei peaks pildistama?<\/h4>\n<p>Fotograafide tabusid? K\u00f5ike pildistatakse, isegi massilist pissipeatust. Mina k\u00fcll harilikult v\u00e4ldin neid, sellised pildid on korra naljakad, aga t\u00f5esti ainult korra. Keerulisem on \u00f5nnetuste pildistamisega, mis on samuti osa Tourist. Mul on selle kohta lausa oma lugu.<\/p>\n<p><a href=\"https:\/\/d2p6e6u75xmxt8.cloudfront.net\/15\/2024\/07\/foto4.webp\"><img loading=\"lazy\" decoding=\"async\" class=\"aligncenter size-full wp-image-2103\" src=\"https:\/\/d2p6e6u75xmxt8.cloudfront.net\/15\/2024\/07\/foto4.webp\" alt=\"\" width=\"788\" height=\"523\" srcset=\"https:\/\/d2p6e6u75xmxt8.cloudfront.net\/15\/2024\/07\/foto4.webp 788w, https:\/\/d2p6e6u75xmxt8.cloudfront.net\/15\/2024\/07\/foto4-300x199.webp 300w, https:\/\/d2p6e6u75xmxt8.cloudfront.net\/15\/2024\/07\/foto4-768x510.webp 768w, https:\/\/d2p6e6u75xmxt8.cloudfront.net\/15\/2024\/07\/foto4-400x265.webp 400w, https:\/\/d2p6e6u75xmxt8.cloudfront.net\/15\/2024\/07\/foto4-272x182.webp 272w\" sizes=\"auto, (max-width: 788px) 100vw, 788px\" \/><\/a><\/p>\n<h4>Mis juhtus?<\/h4>\n<ol start=\"2009\">\n<li>aasta Touri eel olime Berliinis Jens Voigtist lugu tegemas. Ta viis meid oma koju, oma naise Stephanile ja nende kolme lapse juurde. Voigt r\u00e4\u00e4kis, kuidas ei taha treenida Mallorcal, sest talle meeldis olla pere juures. Ta oli v\u00e4ga s\u00fcmpaatne, kuid kolm n\u00e4dalat hiljem kukkus Touril otse minu ees. Ta lamas maas, tema peast jooksis verd ja mul olid pisarad silmis, aga ma teadsin, et pean tegema oma t\u00f6\u00f6d ja pildistama, sest samas tegi oma t\u00f6\u00f6d ka arst.<\/li>\n<\/ol>\n<h4>Kuidas sa f\u00e4nnidega l\u00e4bi saad?<\/h4>\n<p>Mulle f\u00e4nnid meeldivad, sest nemad loovad Tourile \u00f5hkkonna. Nemad teevad selle show, mis fotograafile tulu toob. Mul on hea pilt Chris Froome\u2019ist f\u00e4nnide keskel tema viimaselt tempos\u00f5idult. Leidsin endale koha hullude inglise f\u00e4nnide keskel, kes raja \u00e4\u00e4res tantsu l\u00f5id ja veetsin nendega pool tundi, et nende k\u00e4itumist m\u00f5ista, kui Froome saabus. Ma p\u00fc\u00fcan alati fotole j\u00e4\u00e4dvustada enamat kui vaid pelgalt ratturi. Sellised fotod lasevad sul v\u00e4lja paista. Muidugi pildistan ma ka verd, higi ja pisaraid, aga ma naudin, kui fotol on ka teine kiht.<\/p>\n<h4>Kuidas fotograafi t\u00f6\u00f6 Touril on 25 aastaga muutunud?<\/h4>\n<p>Fotograafide seas oli vanasti v\u00e4hem konkurentsi. Ma arvan, et see hakkas tekkima koos Lance Armstrongi saabumisega, kes tegi Tour de France\u2019i \u00fcle maailma kuulsaks, ja muidugi interneti arenemisega. J\u00e4rsku oli k\u00f5ik sinu s\u00f5rmede all. Pildistada oli varem lihtne, aga fotode saatmine oli keerukas. Praegu on v\u00e4ge keeruline teha sellist pilti, midagi keegi teine teha ei saa. Digitaaltehnika saabumisega muutus fotode toimetusse saatmine lihtsamaks ja konkurentsi on rohkem.<\/p>\n<p>K\u00f5igil pealtvaatajatel on nutitelefonid ja nad saavad pilti teha. M\u00f5nikord on keeruline hoida kaadrit t\u00fchjana, et publik ette ei tuleks. Mobiiltelefoni ja konkurentsi tekkimisega kerkisid ka agentuuride n\u00f5udmised. Varem piisas fini\u0161is tehtud pildist. Praegu tuleb t\u00f6\u00f6d palju rohkem teha ja samuti n\u00f5uab see sotsiaalmeedia tundmist. Praegu kulutan ma ka palju aega fotode t\u00f6\u00f6tlemisele, vanasti tegid seda laborandid.<\/p>\n<h4>Kas siis varem tundus parem?<\/h4>\n<p>Kui sa oma t\u00f6\u00f6d naudid, pole vahet. Pildi saamiseks tehtud pingutus tasub \u00e4ra ja edu valmistab tohutult r\u00f5\u00f5mu. Praegu on keeruline teha vahet heal ja suurep\u00e4rasel fotograafil. Meil k\u00f5igil on esmaklassiline varustus, teistega sammu pidamiseks pead sa pidevalt end t\u00e4iendama, \u00f5ppima uusi asju. P\u00f5hiline on j\u00e4\u00e4dvustada hetki uuel moel.<\/p>\n","protected":false},"excerpt":{"rendered":"<p>25 aastat oli ta ainuke naissoost fotograaf Tour de France\u2019il. Meeskolleegidel l\u00e4ks kaks aastat, enne kui nad teda t\u00f5siselt v\u00f5tma [&hellip;]<\/p>\n","protected":false},"author":174,"featured_media":2100,"comment_status":"open","ping_status":"open","sticky":false,"template":"","format":"standard","meta":{"footnotes":""},"categories":[39],"tags":[148,267,14,268],"global-categories":[22],"class_list":["post-2099","post","type-post","status-publish","format-standard","has-post-thumbnail","hentry","category-maanteesoit","tag-2024-tour-de-france","tag-martina-navratilova","tag-tour-de-france","tag-tour-de-france-fotograaf","global-categories-cycling"],"yoast_head":"<!-- This site is optimized with the Yoast SEO Premium plugin v25.3 (Yoast SEO v25.9) - https:\/\/yoast.com\/wordpress\/plugins\/seo\/ -->\n<title>Tour de France\u2019i j\u00e4\u00e4dvustamas: Mark\u00e9ta Navr\u00e1tilov\u00e1, tippklassi jalgrattafotograaf - \u0160koda We Love Cycling - Estonia<\/title>\n<meta name=\"description\" content=\"25 aastat oli ta ainuke naissoost fotograaf Tour de France\u2019il. Meeskolleegidel l\u00e4ks kaks aastat, enne kui nad teda t\u00f5siselt v\u00f5tma hakkasid, ent p\u00e4rast seda tunneb Navr\u00e1tilov\u00e1 end Touril nagu kala vees. Ta oli tunnistajaks, kuidas Euroopas kuulus rattav\u00f5idus\u00f5it muundus maailma \u00fcheks enamj\u00e4lgitavaks spordis\u00fcndmuseks. Samal ajal mindi filmiga kaameratelt \u00fcle digitaalsetele ning tekkis konkurents pealtvaatajate n\u00e4ol, kes iga hetke oma nutitelefonidega j\u00e4\u00e4dvustavad. Mis aitas Navr\u00e1tilov\u00e1l proffide karmis konkurentsis edu saavutada, mida peaks iga Touri fotograaf teadma ja mis on piltnikele tabu?\" \/>\n<meta name=\"robots\" content=\"index, follow, max-snippet:-1, max-image-preview:large, max-video-preview:-1\" \/>\n<link rel=\"canonical\" href=\"https:\/\/www.welovecycling.com\/ee\/2024\/07\/18\/tour-de-francei-jaadvustamas-marketa-navratilova-tippklassi-jalgrattafotograaf\/\" \/>\n<meta property=\"og:locale\" content=\"et_EE\" \/>\n<meta property=\"og:type\" content=\"article\" \/>\n<meta property=\"og:title\" content=\"Tour de France\u2019i j\u00e4\u00e4dvustamas: Mark\u00e9ta Navr\u00e1tilov\u00e1, tippklassi jalgrattafotograaf\" \/>\n<meta property=\"og:description\" content=\"25 aastat oli ta ainuke naissoost fotograaf Tour de France\u2019il. Meeskolleegidel l\u00e4ks kaks aastat, enne kui nad teda t\u00f5siselt v\u00f5tma hakkasid, ent p\u00e4rast seda tunneb Navr\u00e1tilov\u00e1 end Touril nagu kala vees. Ta oli tunnistajaks, kuidas Euroopas kuulus rattav\u00f5idus\u00f5it muundus maailma \u00fcheks enamj\u00e4lgitavaks spordis\u00fcndmuseks. Samal ajal mindi filmiga kaameratelt \u00fcle digitaalsetele ning tekkis konkurents pealtvaatajate n\u00e4ol, kes iga hetke oma nutitelefonidega j\u00e4\u00e4dvustavad. Mis aitas Navr\u00e1tilov\u00e1l proffide karmis konkurentsis edu saavutada, mida peaks iga Touri fotograaf teadma ja mis on piltnikele tabu?\" \/>\n<meta property=\"og:url\" content=\"https:\/\/www.welovecycling.com\/ee\/2024\/07\/18\/tour-de-francei-jaadvustamas-marketa-navratilova-tippklassi-jalgrattafotograaf\/\" \/>\n<meta property=\"og:site_name\" content=\"\u0160koda We Love Cycling - Estonia\" \/>\n<meta property=\"article:published_time\" content=\"2024-07-18T08:45:07+00:00\" \/>\n<meta property=\"article:modified_time\" content=\"2024-07-19T06:56:05+00:00\" \/>\n<meta property=\"og:image\" content=\"https:\/\/d2p6e6u75xmxt8.cloudfront.net\/15\/2024\/07\/foto1.webp\" \/>\n\t<meta property=\"og:image:width\" content=\"992\" \/>\n\t<meta property=\"og:image:height\" content=\"554\" \/>\n\t<meta property=\"og:image:type\" content=\"image\/webp\" \/>\n<meta name=\"author\" content=\"andre\" \/>\n<meta name=\"twitter:card\" content=\"summary_large_image\" \/>\n<meta name=\"twitter:label1\" content=\"Written by\" \/>\n\t<meta name=\"twitter:data1\" content=\"Adam Marsal\" \/>\n\t<meta name=\"twitter:label2\" content=\"Est. reading time\" \/>\n\t<meta name=\"twitter:data2\" content=\"6\" \/>\n<script type=\"application\/ld+json\" class=\"yoast-schema-graph\">{\"@context\":\"https:\/\/schema.org\",\"@graph\":[{\"@type\":\"WebPage\",\"@id\":\"https:\/\/www.welovecycling.com\/ee\/2024\/07\/18\/tour-de-francei-jaadvustamas-marketa-navratilova-tippklassi-jalgrattafotograaf\/\",\"url\":\"https:\/\/www.welovecycling.com\/ee\/2024\/07\/18\/tour-de-francei-jaadvustamas-marketa-navratilova-tippklassi-jalgrattafotograaf\/\",\"name\":\"Tour de France\u2019i j\u00e4\u00e4dvustamas: Mark\u00e9ta Navr\u00e1tilov\u00e1, tippklassi jalgrattafotograaf - \u0160koda We Love Cycling - Estonia\",\"isPartOf\":{\"@id\":\"https:\/\/www.welovecycling.com\/ee\/#website\"},\"primaryImageOfPage\":{\"@id\":\"https:\/\/www.welovecycling.com\/ee\/2024\/07\/18\/tour-de-francei-jaadvustamas-marketa-navratilova-tippklassi-jalgrattafotograaf\/#primaryimage\"},\"image\":{\"@id\":\"https:\/\/www.welovecycling.com\/ee\/2024\/07\/18\/tour-de-francei-jaadvustamas-marketa-navratilova-tippklassi-jalgrattafotograaf\/#primaryimage\"},\"thumbnailUrl\":\"https:\/\/d2p6e6u75xmxt8.cloudfront.net\/15\/2024\/07\/foto1.webp\",\"datePublished\":\"2024-07-18T08:45:07+00:00\",\"dateModified\":\"2024-07-19T06:56:05+00:00\",\"author\":{\"@id\":\"https:\/\/www.welovecycling.com\/ee\/#\/schema\/person\/8b7101c4bd1b1ae9d3732ebb1e6caf57\"},\"description\":\"25 aastat oli ta ainuke naissoost fotograaf Tour de France\u2019il. Meeskolleegidel l\u00e4ks kaks aastat, enne kui nad teda t\u00f5siselt v\u00f5tma hakkasid, ent p\u00e4rast seda tunneb Navr\u00e1tilov\u00e1 end Touril nagu kala vees. Ta oli tunnistajaks, kuidas Euroopas kuulus rattav\u00f5idus\u00f5it muundus maailma \u00fcheks enamj\u00e4lgitavaks spordis\u00fcndmuseks. Samal ajal mindi filmiga kaameratelt \u00fcle digitaalsetele ning tekkis konkurents pealtvaatajate n\u00e4ol, kes iga hetke oma nutitelefonidega j\u00e4\u00e4dvustavad. Mis aitas Navr\u00e1tilov\u00e1l proffide karmis konkurentsis edu saavutada, mida peaks iga Touri fotograaf teadma ja mis on piltnikele tabu?\",\"inLanguage\":\"et\",\"potentialAction\":[{\"@type\":\"ReadAction\",\"target\":[\"https:\/\/www.welovecycling.com\/ee\/2024\/07\/18\/tour-de-francei-jaadvustamas-marketa-navratilova-tippklassi-jalgrattafotograaf\/\"]}]},{\"@type\":\"ImageObject\",\"inLanguage\":\"et\",\"@id\":\"https:\/\/www.welovecycling.com\/ee\/2024\/07\/18\/tour-de-francei-jaadvustamas-marketa-navratilova-tippklassi-jalgrattafotograaf\/#primaryimage\",\"url\":\"https:\/\/d2p6e6u75xmxt8.cloudfront.net\/15\/2024\/07\/foto1.webp\",\"contentUrl\":\"https:\/\/d2p6e6u75xmxt8.cloudfront.net\/15\/2024\/07\/foto1.webp\",\"width\":992,\"height\":554},{\"@type\":\"WebSite\",\"@id\":\"https:\/\/www.welovecycling.com\/ee\/#website\",\"url\":\"https:\/\/www.welovecycling.com\/ee\/\",\"name\":\"\u0160koda We Love Cycling - Estonia\",\"description\":\"\",\"potentialAction\":[{\"@type\":\"SearchAction\",\"target\":{\"@type\":\"EntryPoint\",\"urlTemplate\":\"https:\/\/www.welovecycling.com\/ee\/?s={search_term_string}\"},\"query-input\":{\"@type\":\"PropertyValueSpecification\",\"valueRequired\":true,\"valueName\":\"search_term_string\"}}],\"inLanguage\":\"et\"},{\"@type\":\"Person\",\"@id\":\"https:\/\/www.welovecycling.com\/ee\/#\/schema\/person\/8b7101c4bd1b1ae9d3732ebb1e6caf57\",\"name\":\"andre\",\"image\":{\"@type\":\"ImageObject\",\"inLanguage\":\"et\",\"@id\":\"https:\/\/www.welovecycling.com\/ee\/#\/schema\/person\/image\/\",\"url\":\"https:\/\/secure.gravatar.com\/avatar\/0656b3224fe17b018f43b8a562625dd43d30827f027b2f62bc5a05711fec9a61?s=96&d=mm&r=g\",\"contentUrl\":\"https:\/\/secure.gravatar.com\/avatar\/0656b3224fe17b018f43b8a562625dd43d30827f027b2f62bc5a05711fec9a61?s=96&d=mm&r=g\",\"caption\":\"andre\"},\"url\":\"https:\/\/www.welovecycling.com\/ee\/author\/andre\/\"}]}<\/script>\n<!-- \/ Yoast SEO Premium plugin. -->","yoast_head_json":{"title":"Tour de France\u2019i j\u00e4\u00e4dvustamas: Mark\u00e9ta Navr\u00e1tilov\u00e1, tippklassi jalgrattafotograaf - \u0160koda We Love Cycling - Estonia","description":"25 aastat oli ta ainuke naissoost fotograaf Tour de France\u2019il. Meeskolleegidel l\u00e4ks kaks aastat, enne kui nad teda t\u00f5siselt v\u00f5tma hakkasid, ent p\u00e4rast seda tunneb Navr\u00e1tilov\u00e1 end Touril nagu kala vees. Ta oli tunnistajaks, kuidas Euroopas kuulus rattav\u00f5idus\u00f5it muundus maailma \u00fcheks enamj\u00e4lgitavaks spordis\u00fcndmuseks. Samal ajal mindi filmiga kaameratelt \u00fcle digitaalsetele ning tekkis konkurents pealtvaatajate n\u00e4ol, kes iga hetke oma nutitelefonidega j\u00e4\u00e4dvustavad. Mis aitas Navr\u00e1tilov\u00e1l proffide karmis konkurentsis edu saavutada, mida peaks iga Touri fotograaf teadma ja mis on piltnikele tabu?","robots":{"index":"index","follow":"follow","max-snippet":"max-snippet:-1","max-image-preview":"max-image-preview:large","max-video-preview":"max-video-preview:-1"},"canonical":"https:\/\/www.welovecycling.com\/ee\/2024\/07\/18\/tour-de-francei-jaadvustamas-marketa-navratilova-tippklassi-jalgrattafotograaf\/","og_locale":"et_EE","og_type":"article","og_title":"Tour de France\u2019i j\u00e4\u00e4dvustamas: Mark\u00e9ta Navr\u00e1tilov\u00e1, tippklassi jalgrattafotograaf","og_description":"25 aastat oli ta ainuke naissoost fotograaf Tour de France\u2019il. Meeskolleegidel l\u00e4ks kaks aastat, enne kui nad teda t\u00f5siselt v\u00f5tma hakkasid, ent p\u00e4rast seda tunneb Navr\u00e1tilov\u00e1 end Touril nagu kala vees. Ta oli tunnistajaks, kuidas Euroopas kuulus rattav\u00f5idus\u00f5it muundus maailma \u00fcheks enamj\u00e4lgitavaks spordis\u00fcndmuseks. Samal ajal mindi filmiga kaameratelt \u00fcle digitaalsetele ning tekkis konkurents pealtvaatajate n\u00e4ol, kes iga hetke oma nutitelefonidega j\u00e4\u00e4dvustavad. Mis aitas Navr\u00e1tilov\u00e1l proffide karmis konkurentsis edu saavutada, mida peaks iga Touri fotograaf teadma ja mis on piltnikele tabu?","og_url":"https:\/\/www.welovecycling.com\/ee\/2024\/07\/18\/tour-de-francei-jaadvustamas-marketa-navratilova-tippklassi-jalgrattafotograaf\/","og_site_name":"\u0160koda We Love Cycling - Estonia","article_published_time":"2024-07-18T08:45:07+00:00","article_modified_time":"2024-07-19T06:56:05+00:00","og_image":[{"width":992,"height":554,"url":"https:\/\/d2p6e6u75xmxt8.cloudfront.net\/15\/2024\/07\/foto1.webp","type":"image\/webp"}],"author":"andre","twitter_card":"summary_large_image","twitter_misc":{"Written by":"Adam Marsal","Est. reading time":"6"},"schema":{"@context":"https:\/\/schema.org","@graph":[{"@type":"WebPage","@id":"https:\/\/www.welovecycling.com\/ee\/2024\/07\/18\/tour-de-francei-jaadvustamas-marketa-navratilova-tippklassi-jalgrattafotograaf\/","url":"https:\/\/www.welovecycling.com\/ee\/2024\/07\/18\/tour-de-francei-jaadvustamas-marketa-navratilova-tippklassi-jalgrattafotograaf\/","name":"Tour de France\u2019i j\u00e4\u00e4dvustamas: Mark\u00e9ta Navr\u00e1tilov\u00e1, tippklassi jalgrattafotograaf - \u0160koda We Love Cycling - Estonia","isPartOf":{"@id":"https:\/\/www.welovecycling.com\/ee\/#website"},"primaryImageOfPage":{"@id":"https:\/\/www.welovecycling.com\/ee\/2024\/07\/18\/tour-de-francei-jaadvustamas-marketa-navratilova-tippklassi-jalgrattafotograaf\/#primaryimage"},"image":{"@id":"https:\/\/www.welovecycling.com\/ee\/2024\/07\/18\/tour-de-francei-jaadvustamas-marketa-navratilova-tippklassi-jalgrattafotograaf\/#primaryimage"},"thumbnailUrl":"https:\/\/d2p6e6u75xmxt8.cloudfront.net\/15\/2024\/07\/foto1.webp","datePublished":"2024-07-18T08:45:07+00:00","dateModified":"2024-07-19T06:56:05+00:00","author":{"@id":"https:\/\/www.welovecycling.com\/ee\/#\/schema\/person\/8b7101c4bd1b1ae9d3732ebb1e6caf57"},"description":"25 aastat oli ta ainuke naissoost fotograaf Tour de France\u2019il. Meeskolleegidel l\u00e4ks kaks aastat, enne kui nad teda t\u00f5siselt v\u00f5tma hakkasid, ent p\u00e4rast seda tunneb Navr\u00e1tilov\u00e1 end Touril nagu kala vees. Ta oli tunnistajaks, kuidas Euroopas kuulus rattav\u00f5idus\u00f5it muundus maailma \u00fcheks enamj\u00e4lgitavaks spordis\u00fcndmuseks. Samal ajal mindi filmiga kaameratelt \u00fcle digitaalsetele ning tekkis konkurents pealtvaatajate n\u00e4ol, kes iga hetke oma nutitelefonidega j\u00e4\u00e4dvustavad. Mis aitas Navr\u00e1tilov\u00e1l proffide karmis konkurentsis edu saavutada, mida peaks iga Touri fotograaf teadma ja mis on piltnikele tabu?","inLanguage":"et","potentialAction":[{"@type":"ReadAction","target":["https:\/\/www.welovecycling.com\/ee\/2024\/07\/18\/tour-de-francei-jaadvustamas-marketa-navratilova-tippklassi-jalgrattafotograaf\/"]}]},{"@type":"ImageObject","inLanguage":"et","@id":"https:\/\/www.welovecycling.com\/ee\/2024\/07\/18\/tour-de-francei-jaadvustamas-marketa-navratilova-tippklassi-jalgrattafotograaf\/#primaryimage","url":"https:\/\/d2p6e6u75xmxt8.cloudfront.net\/15\/2024\/07\/foto1.webp","contentUrl":"https:\/\/d2p6e6u75xmxt8.cloudfront.net\/15\/2024\/07\/foto1.webp","width":992,"height":554},{"@type":"WebSite","@id":"https:\/\/www.welovecycling.com\/ee\/#website","url":"https:\/\/www.welovecycling.com\/ee\/","name":"\u0160koda We Love Cycling - Estonia","description":"","potentialAction":[{"@type":"SearchAction","target":{"@type":"EntryPoint","urlTemplate":"https:\/\/www.welovecycling.com\/ee\/?s={search_term_string}"},"query-input":{"@type":"PropertyValueSpecification","valueRequired":true,"valueName":"search_term_string"}}],"inLanguage":"et"},{"@type":"Person","@id":"https:\/\/www.welovecycling.com\/ee\/#\/schema\/person\/8b7101c4bd1b1ae9d3732ebb1e6caf57","name":"andre","image":{"@type":"ImageObject","inLanguage":"et","@id":"https:\/\/www.welovecycling.com\/ee\/#\/schema\/person\/image\/","url":"https:\/\/secure.gravatar.com\/avatar\/0656b3224fe17b018f43b8a562625dd43d30827f027b2f62bc5a05711fec9a61?s=96&d=mm&r=g","contentUrl":"https:\/\/secure.gravatar.com\/avatar\/0656b3224fe17b018f43b8a562625dd43d30827f027b2f62bc5a05711fec9a61?s=96&d=mm&r=g","caption":"andre"},"url":"https:\/\/www.welovecycling.com\/ee\/author\/andre\/"}]}},"_links":{"self":[{"href":"https:\/\/www.welovecycling.com\/ee\/wp-json\/wp\/v2\/posts\/2099","targetHints":{"allow":["GET"]}}],"collection":[{"href":"https:\/\/www.welovecycling.com\/ee\/wp-json\/wp\/v2\/posts"}],"about":[{"href":"https:\/\/www.welovecycling.com\/ee\/wp-json\/wp\/v2\/types\/post"}],"author":[{"embeddable":true,"href":"https:\/\/www.welovecycling.com\/ee\/wp-json\/wp\/v2\/users\/174"}],"replies":[{"embeddable":true,"href":"https:\/\/www.welovecycling.com\/ee\/wp-json\/wp\/v2\/comments?post=2099"}],"version-history":[{"count":1,"href":"https:\/\/www.welovecycling.com\/ee\/wp-json\/wp\/v2\/posts\/2099\/revisions"}],"predecessor-version":[{"id":2104,"href":"https:\/\/www.welovecycling.com\/ee\/wp-json\/wp\/v2\/posts\/2099\/revisions\/2104"}],"wp:featuredmedia":[{"embeddable":true,"href":"https:\/\/www.welovecycling.com\/ee\/wp-json\/wp\/v2\/media\/2100"}],"wp:attachment":[{"href":"https:\/\/www.welovecycling.com\/ee\/wp-json\/wp\/v2\/media?parent=2099"}],"wp:term":[{"taxonomy":"category","embeddable":true,"href":"https:\/\/www.welovecycling.com\/ee\/wp-json\/wp\/v2\/categories?post=2099"},{"taxonomy":"post_tag","embeddable":true,"href":"https:\/\/www.welovecycling.com\/ee\/wp-json\/wp\/v2\/tags?post=2099"},{"taxonomy":"global-categories","embeddable":true,"href":"https:\/\/www.welovecycling.com\/ee\/wp-json\/wp\/v2\/global-categories?post=2099"}],"curies":[{"name":"wp","href":"https:\/\/api.w.org\/{rel}","templated":true}]}}