{"id":2092,"date":"2024-07-17T20:31:31","date_gmt":"2024-07-17T17:31:31","guid":{"rendered":"https:\/\/www.welovecycling.com\/ee\/?p=2092"},"modified":"2024-07-17T20:31:31","modified_gmt":"2024-07-17T17:31:31","slug":"eritreas-unistamisest-tour-de-franceil-startimiseni-biniam-girmay-uskumatu-teekond","status":"publish","type":"post","link":"https:\/\/www.welovecycling.com\/ee\/2024\/07\/17\/eritreas-unistamisest-tour-de-franceil-startimiseni-biniam-girmay-uskumatu-teekond\/","title":{"rendered":"Eritreas unistamisest Tour de France\u2019il startimiseni: Biniam Girmay uskumatu teekond"},"content":{"rendered":"<h4>2024 aasta Tour de France on juba p\u00e4ris ligidal ja maanteerattaf\u00e4nnid on kindlalt langenud selle v\u00f5istluse haardesse. Kuna me t\u00e4navu keskendume s\u00fcgavalt isiklikele kogemustele, m\u00e4lestustele ja seostele Touriga, tegi Matt Stephens ka selle taskuh\u00e4\u00e4lingusaate Tour de France\u2019i erisaateks. Saatek\u00fclaline on t\u00e4na <a href=\"https:\/\/intermarche-wanty.eu\/members\/biniam-girmay-hailu\/\">Biniam Girmay<\/a> ja tema \u201eisiklik\u201c Tour.<\/h4>\n<p><!--more--><\/p>\n<p>Matt kohtus Biniamiga vahetult p\u00e4rast seda, kui too oli 29. mail v\u00f5itnud Circuit Franco-Belge\u2019i, kuid andekas rattur oli juba enne seda <a href=\"https:\/\/www.welovecycling.com\/wide\/2022\/05\/11\/biniam-girmay-the-african-cycling-superstar\/\">t\u00fckk aega laineid l\u00f6\u00f6nud<\/a>. Eritreas kasvanud Biniam kuulis Tour de France\u2019ist esimest korda umbes viieaastasena t\u00e4nu p\u00fchendunud rattaf\u00e4nnist isale. N\u00f5bu oli aga see, kes t\u00f5i Biniami rattaspordi juurde ja s\u00fctitas temas armastuse ala vastu. Saates mainib Biniam oma eeskujudena mitmeid sprintereid, t\u00f5stes eraldi esile <a href=\"https:\/\/www.welovecycling.com\/wide\/2020\/09\/08\/the-story-of-the-skoda-green-jersey-and-the-legend-of-peter-sagan\/\">Peter Sagani<\/a>. Biniam \u201emeenutab r\u00f5\u00f5muga\u201c Sagani kuulsaid v\u00e4ikesi v\u00f5idutantse ja muid koerust\u00fckke Tour de France\u2019il, need on kindlasti ka paljudel teistel s\u00fcdames ja meeles.<\/p>\n<p><a href=\"https:\/\/d2p6e6u75xmxt8.cloudfront.net\/15\/2024\/07\/bini2.webp\"><img loading=\"lazy\" decoding=\"async\" class=\"aligncenter size-full wp-image-2094\" src=\"https:\/\/d2p6e6u75xmxt8.cloudfront.net\/15\/2024\/07\/bini2.webp\" alt=\"\" width=\"793\" height=\"529\" srcset=\"https:\/\/d2p6e6u75xmxt8.cloudfront.net\/15\/2024\/07\/bini2.webp 793w, https:\/\/d2p6e6u75xmxt8.cloudfront.net\/15\/2024\/07\/bini2-300x200.webp 300w, https:\/\/d2p6e6u75xmxt8.cloudfront.net\/15\/2024\/07\/bini2-768x512.webp 768w, https:\/\/d2p6e6u75xmxt8.cloudfront.net\/15\/2024\/07\/bini2-400x267.webp 400w, https:\/\/d2p6e6u75xmxt8.cloudfront.net\/15\/2024\/07\/bini2-272x182.webp 272w\" sizes=\"auto, (max-width: 793px) 100vw, 793px\" \/><\/a><\/p>\n<p>N\u00fc\u00fcd aga kirjutab Biniam juba ise ajalugu, sest osales 2023. aastal oma esimesel Touril. Mattile r\u00e4\u00e4kis ta, kuidas arvas v\u00e4ikese poisina, et kogu Touri uhket olemust ja Champs-\u00c9lys\u00e9es\u2019l toimuvat efektset fini\u0161it arvestades on ratturitel aega s\u00f5itu nautida ja maastikuvaateid imetleda. Selgus, et miski pole t\u00f5est kaugemal. \u201eTour de France on ikka t\u00f5eliselt raske,\u201c v\u00f5tab Biniam lakooniliselt kokku. Sellele vaatamata on ta korduvalt kuulutanud, et Tour on ainus asi, mida ta oma rattakarj\u00e4\u00e4ris \u201et\u00f5eliselt loodab v\u00f5ita\u201c.<br \/>\n<iframe loading=\"lazy\" style=\"border-radius: 12px;\" src=\"https:\/\/open.spotify.com\/embed\/episode\/2YcSEi2QaeErviiR9f85SU?utm_source=generator\" width=\"100%\" height=\"352\" frameborder=\"0\" allowfullscreen=\"allowfullscreen\"><\/iframe><\/p>\n<p>Praegu pole Biniam ainus Eritrea esindaja profikarussellis, seal on tegevad ka Merhawi Kudus ja Daniel Teklehaimanot. Viimane v\u00f5itis <a href=\"https:\/\/www.welovecycling.com\/wide\/2020\/09\/08\/the-story-of-the-skoda-green-jersey-and-the-legend-of-peter-sagan\/\">Tour de France\u2019i<\/a> m\u00e4ekuninga t\u00e4pilise s\u00e4rgi aastal 2015 ja v\u00f5istlust televiisorist vaadanud Biniami jaoks kujunes just sellest murdehetk. \u201eKui ta pjedestaalile t\u00f5usis, hakkasina nutma, n\u00e4hes seal Eritrea ratturit,\u201c h\u00fc\u00fcatab Biniam ja lisab, kuidas hakkas siis m\u00f5istma, et suudab ehk isegi Danieli j\u00e4lgedes astuda.<\/p>\n<p>Huvitava detailina r\u00e4\u00e4gib Biniam, et Tour de France\u2019i ajal Eritrea kinodes filme sisuliselt ei n\u00e4idata, sest igal pool jookseb pidevalt ekraanil Touri sisu ning k\u00f5ikides kohvikutes ja majapidamistes j\u00e4lgitakse Touri v\u00e4idetavalt samuti \u00f6\u00f6p\u00e4ev l\u00e4bi. Eritrea f\u00e4nnid tunglevad Biniamile kaasa elades ka Touri raja \u00e4\u00e4res. Kuulduste kohaselt hinnatakse Eritreas parimale sprinterile antavat \u0160koda rohelist s\u00e4rki isegi rohkem kui \u00fcldliidri kollast, mis v\u00f5ib ka olla selgitus, miks Biniam juba varakult sprinteriks p\u00fc\u00fcdlema hakkas. Terve riik ju ikkagi peab p\u00f6ialt.<\/p>\n<p><iframe loading=\"lazy\" title=\"YouTube video player\" src=\"https:\/\/www.youtube-nocookie.com\/embed\/ng1Qb4NRRTI?si=xfP7z_uhAMRTBWAG\" width=\"560\" height=\"315\" frameborder=\"0\" allowfullscreen=\"allowfullscreen\"><\/iframe><br \/>\nTema saavutusi vaadates tuleb mainida, et 24-aaastane Biniam on mitte ainult t\u00f5usev t\u00e4ht rattamaailmas, vaid ka mitmes m\u00f5ttes teerajaja. Ta on esimene mustanahaline Aafrikast p\u00e4rit rattur, kes on v\u00f5itnud suurtuuri etapi ja \u00fchep\u00e4eva-klassiku, esimene 21. sajandil s\u00fcndinud profiv\u00f5idu saavutanud rattur ja esimene musta Aafrika esindaja, kes maantees\u00f5idu MM-v\u00f5istlustel pjedestaalile j\u00f5udis. 2021. aastast alates on Biniam UCI WorldTeami Intermarch\u00e9-Wanty liige. Tiimi kodulehek\u00fcljelt leiab ka tema lipukirja: \u201e<em>Veni<\/em>, <em>vidi<\/em>, Bini\u201c.<\/p>\n<p>Kui kuulad \u00e4ra kogu saate, saad teada, millise p\u00e4randi Biniam soovib maha j\u00e4tta ja kellele tahab eeskujuks olla oma unistuste v\u00f5idu, Tour de France\u2019i esikoha poole p\u00fcrgides, kuidas n\u00e4eks v\u00e4lja \u201eBiniam Girmay etapp\u201c Touril ja palju muud.<\/p>\n","protected":false},"excerpt":{"rendered":"<p>2024 aasta Tour de France on juba p\u00e4ris ligidal ja maanteerattaf\u00e4nnid on kindlalt langenud selle v\u00f5istluse haardesse. Kuna me t\u00e4navu [&hellip;]<\/p>\n","protected":false},"author":174,"featured_media":2093,"comment_status":"open","ping_status":"open","sticky":false,"template":"","format":"standard","meta":{"footnotes":""},"categories":[39],"tags":[148,266,251,14],"global-categories":[22],"class_list":["post-2092","post","type-post","status-publish","format-standard","has-post-thumbnail","hentry","category-maanteesoit","tag-2024-tour-de-france","tag-biniam-girmay","tag-matt-stephens","tag-tour-de-france","global-categories-cycling"],"yoast_head":"<!-- This site is optimized with the Yoast SEO Premium plugin v25.3 (Yoast SEO v25.9) - https:\/\/yoast.com\/wordpress\/plugins\/seo\/ -->\n<title>Eritreas unistamisest Tour de France\u2019il startimiseni: Biniam Girmay uskumatu teekond - \u0160koda We Love Cycling - Estonia<\/title>\n<meta name=\"description\" content=\"2024 aasta Tour de France on juba p\u00e4ris ligidal ja maanteerattaf\u00e4nnid on kindlalt langenud selle v\u00f5istluse haardesse. Kuna me t\u00e4navu keskendume s\u00fcgavalt isiklikele kogemustele, m\u00e4lestustele ja seostele Touriga, tegi Matt Stephens ka selle taskuh\u00e4\u00e4lingusaate Tour de France\u2019i erisaateks. Saatek\u00fclaline on t\u00e4na Biniam Girmay ja tema \u201eisiklik\u201c Tour.\" \/>\n<meta name=\"robots\" content=\"index, follow, max-snippet:-1, max-image-preview:large, max-video-preview:-1\" \/>\n<link rel=\"canonical\" href=\"https:\/\/www.welovecycling.com\/ee\/2024\/07\/17\/eritreas-unistamisest-tour-de-franceil-startimiseni-biniam-girmay-uskumatu-teekond\/\" \/>\n<meta property=\"og:locale\" content=\"et_EE\" \/>\n<meta property=\"og:type\" content=\"article\" \/>\n<meta property=\"og:title\" content=\"Eritreas unistamisest Tour de France\u2019il startimiseni: Biniam Girmay uskumatu teekond\" \/>\n<meta property=\"og:description\" content=\"2024 aasta Tour de France on juba p\u00e4ris ligidal ja maanteerattaf\u00e4nnid on kindlalt langenud selle v\u00f5istluse haardesse. Kuna me t\u00e4navu keskendume s\u00fcgavalt isiklikele kogemustele, m\u00e4lestustele ja seostele Touriga, tegi Matt Stephens ka selle taskuh\u00e4\u00e4lingusaate Tour de France\u2019i erisaateks. Saatek\u00fclaline on t\u00e4na Biniam Girmay ja tema \u201eisiklik\u201c Tour.\" \/>\n<meta property=\"og:url\" content=\"https:\/\/www.welovecycling.com\/ee\/2024\/07\/17\/eritreas-unistamisest-tour-de-franceil-startimiseni-biniam-girmay-uskumatu-teekond\/\" \/>\n<meta property=\"og:site_name\" content=\"\u0160koda We Love Cycling - Estonia\" \/>\n<meta property=\"article:published_time\" content=\"2024-07-17T17:31:31+00:00\" \/>\n<meta property=\"og:image\" content=\"https:\/\/d2p6e6u75xmxt8.cloudfront.net\/15\/2024\/07\/bini1.webp\" \/>\n\t<meta property=\"og:image:width\" content=\"988\" \/>\n\t<meta property=\"og:image:height\" content=\"558\" \/>\n\t<meta property=\"og:image:type\" content=\"image\/webp\" \/>\n<meta name=\"author\" content=\"andre\" \/>\n<meta name=\"twitter:card\" content=\"summary_large_image\" \/>\n<meta name=\"twitter:label1\" content=\"Written by\" \/>\n\t<meta name=\"twitter:data1\" content=\"andre\" \/>\n\t<meta name=\"twitter:label2\" content=\"Est. reading time\" \/>\n\t<meta name=\"twitter:data2\" content=\"3 minutes\" \/>\n<script type=\"application\/ld+json\" class=\"yoast-schema-graph\">{\"@context\":\"https:\/\/schema.org\",\"@graph\":[{\"@type\":\"WebPage\",\"@id\":\"https:\/\/www.welovecycling.com\/ee\/2024\/07\/17\/eritreas-unistamisest-tour-de-franceil-startimiseni-biniam-girmay-uskumatu-teekond\/\",\"url\":\"https:\/\/www.welovecycling.com\/ee\/2024\/07\/17\/eritreas-unistamisest-tour-de-franceil-startimiseni-biniam-girmay-uskumatu-teekond\/\",\"name\":\"Eritreas unistamisest Tour de France\u2019il startimiseni: Biniam Girmay uskumatu teekond - \u0160koda We Love Cycling - Estonia\",\"isPartOf\":{\"@id\":\"https:\/\/www.welovecycling.com\/ee\/#website\"},\"primaryImageOfPage\":{\"@id\":\"https:\/\/www.welovecycling.com\/ee\/2024\/07\/17\/eritreas-unistamisest-tour-de-franceil-startimiseni-biniam-girmay-uskumatu-teekond\/#primaryimage\"},\"image\":{\"@id\":\"https:\/\/www.welovecycling.com\/ee\/2024\/07\/17\/eritreas-unistamisest-tour-de-franceil-startimiseni-biniam-girmay-uskumatu-teekond\/#primaryimage\"},\"thumbnailUrl\":\"https:\/\/d2p6e6u75xmxt8.cloudfront.net\/15\/2024\/07\/bini1.webp\",\"datePublished\":\"2024-07-17T17:31:31+00:00\",\"author\":{\"@id\":\"https:\/\/www.welovecycling.com\/ee\/#\/schema\/person\/8b7101c4bd1b1ae9d3732ebb1e6caf57\"},\"description\":\"2024 aasta Tour de France on juba p\u00e4ris ligidal ja maanteerattaf\u00e4nnid on kindlalt langenud selle v\u00f5istluse haardesse. Kuna me t\u00e4navu keskendume s\u00fcgavalt isiklikele kogemustele, m\u00e4lestustele ja seostele Touriga, tegi Matt Stephens ka selle taskuh\u00e4\u00e4lingusaate Tour de France\u2019i erisaateks. Saatek\u00fclaline on t\u00e4na Biniam Girmay ja tema \u201eisiklik\u201c Tour.\",\"inLanguage\":\"et\",\"potentialAction\":[{\"@type\":\"ReadAction\",\"target\":[\"https:\/\/www.welovecycling.com\/ee\/2024\/07\/17\/eritreas-unistamisest-tour-de-franceil-startimiseni-biniam-girmay-uskumatu-teekond\/\"]}]},{\"@type\":\"ImageObject\",\"inLanguage\":\"et\",\"@id\":\"https:\/\/www.welovecycling.com\/ee\/2024\/07\/17\/eritreas-unistamisest-tour-de-franceil-startimiseni-biniam-girmay-uskumatu-teekond\/#primaryimage\",\"url\":\"https:\/\/d2p6e6u75xmxt8.cloudfront.net\/15\/2024\/07\/bini1.webp\",\"contentUrl\":\"https:\/\/d2p6e6u75xmxt8.cloudfront.net\/15\/2024\/07\/bini1.webp\",\"width\":988,\"height\":558},{\"@type\":\"WebSite\",\"@id\":\"https:\/\/www.welovecycling.com\/ee\/#website\",\"url\":\"https:\/\/www.welovecycling.com\/ee\/\",\"name\":\"\u0160koda We Love Cycling - Estonia\",\"description\":\"\",\"potentialAction\":[{\"@type\":\"SearchAction\",\"target\":{\"@type\":\"EntryPoint\",\"urlTemplate\":\"https:\/\/www.welovecycling.com\/ee\/?s={search_term_string}\"},\"query-input\":{\"@type\":\"PropertyValueSpecification\",\"valueRequired\":true,\"valueName\":\"search_term_string\"}}],\"inLanguage\":\"et\"},{\"@type\":\"Person\",\"@id\":\"https:\/\/www.welovecycling.com\/ee\/#\/schema\/person\/8b7101c4bd1b1ae9d3732ebb1e6caf57\",\"name\":\"andre\",\"image\":{\"@type\":\"ImageObject\",\"inLanguage\":\"et\",\"@id\":\"https:\/\/www.welovecycling.com\/ee\/#\/schema\/person\/image\/\",\"url\":\"https:\/\/secure.gravatar.com\/avatar\/0656b3224fe17b018f43b8a562625dd43d30827f027b2f62bc5a05711fec9a61?s=96&d=mm&r=g\",\"contentUrl\":\"https:\/\/secure.gravatar.com\/avatar\/0656b3224fe17b018f43b8a562625dd43d30827f027b2f62bc5a05711fec9a61?s=96&d=mm&r=g\",\"caption\":\"andre\"},\"url\":\"https:\/\/www.welovecycling.com\/ee\/author\/andre\/\"}]}<\/script>\n<!-- \/ Yoast SEO Premium plugin. -->","yoast_head_json":{"title":"Eritreas unistamisest Tour de France\u2019il startimiseni: Biniam Girmay uskumatu teekond - \u0160koda We Love Cycling - Estonia","description":"2024 aasta Tour de France on juba p\u00e4ris ligidal ja maanteerattaf\u00e4nnid on kindlalt langenud selle v\u00f5istluse haardesse. Kuna me t\u00e4navu keskendume s\u00fcgavalt isiklikele kogemustele, m\u00e4lestustele ja seostele Touriga, tegi Matt Stephens ka selle taskuh\u00e4\u00e4lingusaate Tour de France\u2019i erisaateks. Saatek\u00fclaline on t\u00e4na Biniam Girmay ja tema \u201eisiklik\u201c Tour.","robots":{"index":"index","follow":"follow","max-snippet":"max-snippet:-1","max-image-preview":"max-image-preview:large","max-video-preview":"max-video-preview:-1"},"canonical":"https:\/\/www.welovecycling.com\/ee\/2024\/07\/17\/eritreas-unistamisest-tour-de-franceil-startimiseni-biniam-girmay-uskumatu-teekond\/","og_locale":"et_EE","og_type":"article","og_title":"Eritreas unistamisest Tour de France\u2019il startimiseni: Biniam Girmay uskumatu teekond","og_description":"2024 aasta Tour de France on juba p\u00e4ris ligidal ja maanteerattaf\u00e4nnid on kindlalt langenud selle v\u00f5istluse haardesse. Kuna me t\u00e4navu keskendume s\u00fcgavalt isiklikele kogemustele, m\u00e4lestustele ja seostele Touriga, tegi Matt Stephens ka selle taskuh\u00e4\u00e4lingusaate Tour de France\u2019i erisaateks. Saatek\u00fclaline on t\u00e4na Biniam Girmay ja tema \u201eisiklik\u201c Tour.","og_url":"https:\/\/www.welovecycling.com\/ee\/2024\/07\/17\/eritreas-unistamisest-tour-de-franceil-startimiseni-biniam-girmay-uskumatu-teekond\/","og_site_name":"\u0160koda We Love Cycling - Estonia","article_published_time":"2024-07-17T17:31:31+00:00","og_image":[{"width":988,"height":558,"url":"https:\/\/d2p6e6u75xmxt8.cloudfront.net\/15\/2024\/07\/bini1.webp","type":"image\/webp"}],"author":"andre","twitter_card":"summary_large_image","twitter_misc":{"Written by":"andre","Est. reading time":"3 minutes"},"schema":{"@context":"https:\/\/schema.org","@graph":[{"@type":"WebPage","@id":"https:\/\/www.welovecycling.com\/ee\/2024\/07\/17\/eritreas-unistamisest-tour-de-franceil-startimiseni-biniam-girmay-uskumatu-teekond\/","url":"https:\/\/www.welovecycling.com\/ee\/2024\/07\/17\/eritreas-unistamisest-tour-de-franceil-startimiseni-biniam-girmay-uskumatu-teekond\/","name":"Eritreas unistamisest Tour de France\u2019il startimiseni: Biniam Girmay uskumatu teekond - \u0160koda We Love Cycling - Estonia","isPartOf":{"@id":"https:\/\/www.welovecycling.com\/ee\/#website"},"primaryImageOfPage":{"@id":"https:\/\/www.welovecycling.com\/ee\/2024\/07\/17\/eritreas-unistamisest-tour-de-franceil-startimiseni-biniam-girmay-uskumatu-teekond\/#primaryimage"},"image":{"@id":"https:\/\/www.welovecycling.com\/ee\/2024\/07\/17\/eritreas-unistamisest-tour-de-franceil-startimiseni-biniam-girmay-uskumatu-teekond\/#primaryimage"},"thumbnailUrl":"https:\/\/d2p6e6u75xmxt8.cloudfront.net\/15\/2024\/07\/bini1.webp","datePublished":"2024-07-17T17:31:31+00:00","author":{"@id":"https:\/\/www.welovecycling.com\/ee\/#\/schema\/person\/8b7101c4bd1b1ae9d3732ebb1e6caf57"},"description":"2024 aasta Tour de France on juba p\u00e4ris ligidal ja maanteerattaf\u00e4nnid on kindlalt langenud selle v\u00f5istluse haardesse. Kuna me t\u00e4navu keskendume s\u00fcgavalt isiklikele kogemustele, m\u00e4lestustele ja seostele Touriga, tegi Matt Stephens ka selle taskuh\u00e4\u00e4lingusaate Tour de France\u2019i erisaateks. Saatek\u00fclaline on t\u00e4na Biniam Girmay ja tema \u201eisiklik\u201c Tour.","inLanguage":"et","potentialAction":[{"@type":"ReadAction","target":["https:\/\/www.welovecycling.com\/ee\/2024\/07\/17\/eritreas-unistamisest-tour-de-franceil-startimiseni-biniam-girmay-uskumatu-teekond\/"]}]},{"@type":"ImageObject","inLanguage":"et","@id":"https:\/\/www.welovecycling.com\/ee\/2024\/07\/17\/eritreas-unistamisest-tour-de-franceil-startimiseni-biniam-girmay-uskumatu-teekond\/#primaryimage","url":"https:\/\/d2p6e6u75xmxt8.cloudfront.net\/15\/2024\/07\/bini1.webp","contentUrl":"https:\/\/d2p6e6u75xmxt8.cloudfront.net\/15\/2024\/07\/bini1.webp","width":988,"height":558},{"@type":"WebSite","@id":"https:\/\/www.welovecycling.com\/ee\/#website","url":"https:\/\/www.welovecycling.com\/ee\/","name":"\u0160koda We Love Cycling - Estonia","description":"","potentialAction":[{"@type":"SearchAction","target":{"@type":"EntryPoint","urlTemplate":"https:\/\/www.welovecycling.com\/ee\/?s={search_term_string}"},"query-input":{"@type":"PropertyValueSpecification","valueRequired":true,"valueName":"search_term_string"}}],"inLanguage":"et"},{"@type":"Person","@id":"https:\/\/www.welovecycling.com\/ee\/#\/schema\/person\/8b7101c4bd1b1ae9d3732ebb1e6caf57","name":"andre","image":{"@type":"ImageObject","inLanguage":"et","@id":"https:\/\/www.welovecycling.com\/ee\/#\/schema\/person\/image\/","url":"https:\/\/secure.gravatar.com\/avatar\/0656b3224fe17b018f43b8a562625dd43d30827f027b2f62bc5a05711fec9a61?s=96&d=mm&r=g","contentUrl":"https:\/\/secure.gravatar.com\/avatar\/0656b3224fe17b018f43b8a562625dd43d30827f027b2f62bc5a05711fec9a61?s=96&d=mm&r=g","caption":"andre"},"url":"https:\/\/www.welovecycling.com\/ee\/author\/andre\/"}]}},"_links":{"self":[{"href":"https:\/\/www.welovecycling.com\/ee\/wp-json\/wp\/v2\/posts\/2092","targetHints":{"allow":["GET"]}}],"collection":[{"href":"https:\/\/www.welovecycling.com\/ee\/wp-json\/wp\/v2\/posts"}],"about":[{"href":"https:\/\/www.welovecycling.com\/ee\/wp-json\/wp\/v2\/types\/post"}],"author":[{"embeddable":true,"href":"https:\/\/www.welovecycling.com\/ee\/wp-json\/wp\/v2\/users\/174"}],"replies":[{"embeddable":true,"href":"https:\/\/www.welovecycling.com\/ee\/wp-json\/wp\/v2\/comments?post=2092"}],"version-history":[{"count":1,"href":"https:\/\/www.welovecycling.com\/ee\/wp-json\/wp\/v2\/posts\/2092\/revisions"}],"predecessor-version":[{"id":2095,"href":"https:\/\/www.welovecycling.com\/ee\/wp-json\/wp\/v2\/posts\/2092\/revisions\/2095"}],"wp:featuredmedia":[{"embeddable":true,"href":"https:\/\/www.welovecycling.com\/ee\/wp-json\/wp\/v2\/media\/2093"}],"wp:attachment":[{"href":"https:\/\/www.welovecycling.com\/ee\/wp-json\/wp\/v2\/media?parent=2092"}],"wp:term":[{"taxonomy":"category","embeddable":true,"href":"https:\/\/www.welovecycling.com\/ee\/wp-json\/wp\/v2\/categories?post=2092"},{"taxonomy":"post_tag","embeddable":true,"href":"https:\/\/www.welovecycling.com\/ee\/wp-json\/wp\/v2\/tags?post=2092"},{"taxonomy":"global-categories","embeddable":true,"href":"https:\/\/www.welovecycling.com\/ee\/wp-json\/wp\/v2\/global-categories?post=2092"}],"curies":[{"name":"wp","href":"https:\/\/api.w.org\/{rel}","templated":true}]}}