{"id":2086,"date":"2024-07-16T11:37:45","date_gmt":"2024-07-16T08:37:45","guid":{"rendered":"https:\/\/www.welovecycling.com\/ee\/?p=2086"},"modified":"2024-07-16T11:37:45","modified_gmt":"2024-07-16T08:37:45","slug":"armastuskiri-tour-de-franceile-stephen-roche-elab-uuesti-labi-hiilguse-ja-sudamevaluhetki","status":"publish","type":"post","link":"https:\/\/www.welovecycling.com\/ee\/2024\/07\/16\/armastuskiri-tour-de-franceile-stephen-roche-elab-uuesti-labi-hiilguse-ja-sudamevaluhetki\/","title":{"rendered":"Armastuskiri Tour de France\u2019ile: Stephen Roche elab uuesti l\u00e4bi hiilguse- ja s\u00fcdamevaluhetki"},"content":{"rendered":"<h4><strong>V\u00f5imatu on armastada jalgratta maantees\u00f5itu ja selle ajalugu, komistamata Stephen Roche \u2019i nime otsa. Matt Stephens istubki n\u00fc\u00fcd vastamisi iirlasest legendiga. Stepheni kodus Prantsusmaal Antibes\u2019is elasid nad uuesti l\u00e4bi endise profiratturi s\u00fcgavaid, intensiivseid ja emotsionaalseid suhted Touriga, mis pole sugugi katkenud.<\/strong><\/h4>\n<p><!--more--><\/p>\n<p>T\u00e4nu v\u00f5istluse ajaloole, t\u00e4htsusele ja m\u00fc\u00fcdil\u00e4hedasele staatusele v\u00f5ime m\u00f5elda <a href=\"https:\/\/www.letour.fr\/en\/\">Tour de France\u2019<\/a>ist kui jalgratta maantees\u00f5idu tuksuvast s\u00fcdamest. Just sellele me t\u00e4navu keskendumegi f\u00e4nnidele ja rattahuvilistele m\u00f5eldud kampaaniaga \u201eMis on Sinu Tour de\u2026?\u201c Kui aga kellelegi on langenud au kuulata eelmainitud s\u00fcdametukseid l\u00e4hedalt, on see kindlasti Stephen Roche. Nagu Matt, kelle elu on aastak\u00fcmneid rattas\u00f5idu \u00fcmber keerelnud, ise tunnistas, oli Stephen \u00fcks neid, kes innustas teda rattaspordis karj\u00e4\u00e4ri tegema.<\/p>\n<p><a href=\"https:\/\/d2p6e6u75xmxt8.cloudfront.net\/15\/2024\/07\/rosche2.webp\"><img loading=\"lazy\" decoding=\"async\" class=\"aligncenter size-full wp-image-2089\" src=\"https:\/\/d2p6e6u75xmxt8.cloudfront.net\/15\/2024\/07\/rosche2.webp\" alt=\"\" width=\"713\" height=\"476\" srcset=\"https:\/\/d2p6e6u75xmxt8.cloudfront.net\/15\/2024\/07\/rosche2.webp 713w, https:\/\/d2p6e6u75xmxt8.cloudfront.net\/15\/2024\/07\/rosche2-300x200.webp 300w, https:\/\/d2p6e6u75xmxt8.cloudfront.net\/15\/2024\/07\/rosche2-400x267.webp 400w, https:\/\/d2p6e6u75xmxt8.cloudfront.net\/15\/2024\/07\/rosche2-272x182.webp 272w\" sizes=\"auto, (max-width: 713px) 100vw, 713px\" \/><\/a><\/p>\n<p>Endine professionaalne maanteerattur Roche, kelle nimele pole tarvis lisada pikka tiitlite loetelu, tegeles rattaspordiga aktiivselt aastail 1977\u20131993 ning j\u00e4ttis sellele spordialale kustumatu j\u00e4lje. Ta alustas rattas\u00f5iduga 13-aastaselt ja kuulis Tourist esimest korda siis, kui teise kuulsa Iiri ratturi Sean Kelly nimi j\u00f5udis lehepealkirjadesse. N\u00e4inud, kuidas Kelly s\u00f5itis v\u00f5idu Eddie Merckxiga, j\u00f5udis Stephenini arusaam, et \u201erattas\u00f5it eksisteerib ka v\u00e4ljaspool Iirimaad\u201c ning temagi v\u00f5iks olla osake sellest. Esimene vahetu kokkupuude tuuriga oli aga aastal 1983, kui Roche seisis juba stardijoonel. Stephen m\u00e4letab t\u00e4nini, kuidas selle v\u00f5istluse intensiivsus ja t\u00e4htsus uustulnukale m\u00f5jus: \u201eVarem ma s\u00f5itsin \u00fcles t\u00f5usudest, n\u00fc\u00fcd ma s\u00f5itsin \u00fcles m\u00e4ekurudest koos k\u00f5ige parematega.\u201c<\/p>\n<p><iframe loading=\"lazy\" style=\"border-radius: 12px;\" src=\"https:\/\/open.spotify.com\/embed\/episode\/4yc6EOADjnJjScigKlF5CC?utm_source=generator\" width=\"100%\" height=\"352\" frameborder=\"0\" allowfullscreen=\"allowfullscreen\"><\/iframe><\/p>\n<ol start=\"1983\">\n<li>aasta Tourilt p\u00e4rineb ka \u00fcks kainestav ja \u00f5petlik kogemus, mida Stephen Mattiga jagas. M\u00e4gietapil, mis sisaldas Alpe d\u2019Huezi, Col du Clandoni ja Col du Galibier\u2019d, leidis ta end j\u00e4rsku absoluutse eliidi seltskonnast. Ehkki v\u00e4simus andis vahetevahel tunda, kuulis ta mootorratta raadiost, et kuulus Sean Kelly liigub 11 v\u00f5i 12 minutit tagapool. See kergitas m\u00f5istagi eneseuhkust, kuid liigne uljus p\u00f6\u00f6rdus l\u00f5puks valusaks \u00f5ppetunniks. Alpe d\u2019Huezis olid Stepheni jalad juba nagu s\u00fclt ning kui palju kogenum Kelly m\u00f6\u00f6dus (ja l\u00f5puks fini\u0161is 20 teda minutiga edestas), pidas viimane vajalikuks kurnatud kaasmaalast isegi n\u00f6\u00f6kida: \u201eLase k\u00e4ia, Rochie!\u201c See kogemus \u00f5petas Stephenit paremini tundma \u00f5ppima ennast ja oma v\u00f5imeid ning vajadusel viimaseid varusid k\u00e4iku laskma.<\/li>\n<\/ol>\n<p><a href=\"https:\/\/d2p6e6u75xmxt8.cloudfront.net\/15\/2024\/07\/roche3.webp\"><img loading=\"lazy\" decoding=\"async\" class=\"aligncenter size-full wp-image-2088\" src=\"https:\/\/d2p6e6u75xmxt8.cloudfront.net\/15\/2024\/07\/roche3.webp\" alt=\"\" width=\"710\" height=\"473\" srcset=\"https:\/\/d2p6e6u75xmxt8.cloudfront.net\/15\/2024\/07\/roche3.webp 710w, https:\/\/d2p6e6u75xmxt8.cloudfront.net\/15\/2024\/07\/roche3-300x200.webp 300w, https:\/\/d2p6e6u75xmxt8.cloudfront.net\/15\/2024\/07\/roche3-400x266.webp 400w, https:\/\/d2p6e6u75xmxt8.cloudfront.net\/15\/2024\/07\/roche3-272x182.webp 272w\" sizes=\"auto, (max-width: 710px) 100vw, 710px\" \/><\/a><\/p>\n<p>Oma karj\u00e4\u00e4ri algusj\u00e4rgus saavutas Stephen mitmeid muljetavaldavaid v\u00f5ite, kuid siis saabus kuulsusrikas aasta 1987, mis l\u00e4ks ka rattas\u00f5idu ajalukku. \u00dche aasta jooksul \u00f5nnestus Stephenile teenida kolmikkroon, v\u00f5ites Giro d\u2019Italia, Tour de France\u2019i ja MM-v\u00f5istlused. T\u00e4naseni on seda suutnud \u00fcksnes kaks inimest: Stephen Roche ja Eddie Merckx. Just Touri v\u00f5it oli eriti dramaatiline. Stephen m\u00e4letab, et edestas eelviimasel etapil Prantsuse Alpides oma peakonkurenti Pedro Delgadot napilt, kuid peaaegu \u00fcleinimlik pingutus viis ta \u00f6\u00f6seks haiglasse. Seal taastus ta siiski sedav\u00f5rd, et oli j\u00e4rgmisel p\u00e4eval v\u00f5imeline v\u00f5istlema ja hoidma kollast liidris\u00e4rki Pariisini. Ise m\u00e4letab Stephen tollest p\u00e4evast eelk\u00f5ige seda, et oli kogu m\u00f6llule ja adrenaliinile vaatamata rahulik ja keskendunud.<\/p>\n<p><iframe loading=\"lazy\" title=\"YouTube video player\" src=\"https:\/\/www.youtube-nocookie.com\/embed\/3ztSh80ItYo?si=Wf9O90-rdpBkmpEo\" width=\"560\" height=\"315\" frameborder=\"0\" allowfullscreen=\"allowfullscreen\"><\/iframe><br \/>\nTeisi h\u00e4mmastavaid fakte veelgi h\u00e4mmastavamast elust ja karj\u00e4\u00e4rist kuuled siis, kui paned m\u00e4ngima erisaate Stephen Roche\u2019iga. Saad teada, kes juhtis Stepheni t\u00e4helepanu 1987. aasta Touri v\u00f5idu t\u00e4htsusele ja selle h\u00e4mmastavale kontekstile, kuidas ja millal kuulis ta Tourist 1970ndate aastate Iirimaal, kuidas n\u00e4gi v\u00e4lja 1983. aasta Touri tervituspakett v\u00f5istlejatele ja veel palju muud.<\/p>\n","protected":false},"excerpt":{"rendered":"<p>V\u00f5imatu on armastada jalgratta maantees\u00f5itu ja selle ajalugu, komistamata Stephen Roche \u2019i nime otsa. Matt Stephens istubki n\u00fc\u00fcd vastamisi iirlasest [&hellip;]<\/p>\n","protected":false},"author":174,"featured_media":2087,"comment_status":"open","ping_status":"open","sticky":false,"template":"","format":"standard","meta":{"footnotes":""},"categories":[39],"tags":[148,251,265,14,264],"global-categories":[22],"class_list":["post-2086","post","type-post","status-publish","format-standard","has-post-thumbnail","hentry","category-maanteesoit","tag-2024-tour-de-france","tag-matt-stephens","tag-stephen-roche","tag-tour-de-france","tag-tour-de-france-1983","global-categories-cycling"],"yoast_head":"<!-- This site is optimized with the Yoast SEO Premium plugin v25.3 (Yoast SEO v25.9) - https:\/\/yoast.com\/wordpress\/plugins\/seo\/ -->\n<title>Armastuskiri Tour de France\u2019ile: Stephen Roche elab uuesti l\u00e4bi hiilguse- ja s\u00fcdamevaluhetki - \u0160koda We Love Cycling - Estonia<\/title>\n<meta name=\"description\" content=\"V\u00f5imatu on armastada jalgratta maantees\u00f5itu ja selle ajalugu, komistamata Stephen Roche \u2019i nime otsa. Matt Stephens istubki n\u00fc\u00fcd vastamisi iirlasest legendiga. Stepheni kodus Prantsusmaal Antibes\u2019is elasid nad uuesti l\u00e4bi endise profiratturi s\u00fcgavaid, intensiivseid ja emotsionaalseid suhted Touriga, mis pole sugugi katkenud.\" \/>\n<meta name=\"robots\" content=\"index, follow, max-snippet:-1, max-image-preview:large, max-video-preview:-1\" \/>\n<link rel=\"canonical\" href=\"https:\/\/www.welovecycling.com\/ee\/2024\/07\/16\/armastuskiri-tour-de-franceile-stephen-roche-elab-uuesti-labi-hiilguse-ja-sudamevaluhetki\/\" \/>\n<meta property=\"og:locale\" content=\"et_EE\" \/>\n<meta property=\"og:type\" content=\"article\" \/>\n<meta property=\"og:title\" content=\"Armastuskiri Tour de France\u2019ile: Stephen Roche elab uuesti l\u00e4bi hiilguse- ja s\u00fcdamevaluhetki\" \/>\n<meta property=\"og:description\" content=\"V\u00f5imatu on armastada jalgratta maantees\u00f5itu ja selle ajalugu, komistamata Stephen Roche \u2019i nime otsa. Matt Stephens istubki n\u00fc\u00fcd vastamisi iirlasest legendiga. Stepheni kodus Prantsusmaal Antibes\u2019is elasid nad uuesti l\u00e4bi endise profiratturi s\u00fcgavaid, intensiivseid ja emotsionaalseid suhted Touriga, mis pole sugugi katkenud.\" \/>\n<meta property=\"og:url\" content=\"https:\/\/www.welovecycling.com\/ee\/2024\/07\/16\/armastuskiri-tour-de-franceile-stephen-roche-elab-uuesti-labi-hiilguse-ja-sudamevaluhetki\/\" \/>\n<meta property=\"og:site_name\" content=\"\u0160koda We Love Cycling - Estonia\" \/>\n<meta property=\"article:published_time\" content=\"2024-07-16T08:37:45+00:00\" \/>\n<meta property=\"og:image\" content=\"https:\/\/d2p6e6u75xmxt8.cloudfront.net\/15\/2024\/07\/roche.webp\" \/>\n\t<meta property=\"og:image:width\" content=\"892\" \/>\n\t<meta property=\"og:image:height\" content=\"511\" \/>\n\t<meta property=\"og:image:type\" content=\"image\/webp\" \/>\n<meta name=\"author\" content=\"andre\" \/>\n<meta name=\"twitter:card\" content=\"summary_large_image\" \/>\n<meta name=\"twitter:label1\" content=\"Written by\" \/>\n\t<meta name=\"twitter:data1\" content=\"Matt Stephens \/ Frantiska Blazkova\" \/>\n\t<meta name=\"twitter:label2\" content=\"Est. reading time\" \/>\n\t<meta name=\"twitter:data2\" content=\"4\" \/>\n<script type=\"application\/ld+json\" class=\"yoast-schema-graph\">{\"@context\":\"https:\/\/schema.org\",\"@graph\":[{\"@type\":\"WebPage\",\"@id\":\"https:\/\/www.welovecycling.com\/ee\/2024\/07\/16\/armastuskiri-tour-de-franceile-stephen-roche-elab-uuesti-labi-hiilguse-ja-sudamevaluhetki\/\",\"url\":\"https:\/\/www.welovecycling.com\/ee\/2024\/07\/16\/armastuskiri-tour-de-franceile-stephen-roche-elab-uuesti-labi-hiilguse-ja-sudamevaluhetki\/\",\"name\":\"Armastuskiri Tour de France\u2019ile: Stephen Roche elab uuesti l\u00e4bi hiilguse- ja s\u00fcdamevaluhetki - \u0160koda We Love Cycling - Estonia\",\"isPartOf\":{\"@id\":\"https:\/\/www.welovecycling.com\/ee\/#website\"},\"primaryImageOfPage\":{\"@id\":\"https:\/\/www.welovecycling.com\/ee\/2024\/07\/16\/armastuskiri-tour-de-franceile-stephen-roche-elab-uuesti-labi-hiilguse-ja-sudamevaluhetki\/#primaryimage\"},\"image\":{\"@id\":\"https:\/\/www.welovecycling.com\/ee\/2024\/07\/16\/armastuskiri-tour-de-franceile-stephen-roche-elab-uuesti-labi-hiilguse-ja-sudamevaluhetki\/#primaryimage\"},\"thumbnailUrl\":\"https:\/\/d2p6e6u75xmxt8.cloudfront.net\/15\/2024\/07\/roche.webp\",\"datePublished\":\"2024-07-16T08:37:45+00:00\",\"author\":{\"@id\":\"https:\/\/www.welovecycling.com\/ee\/#\/schema\/person\/8b7101c4bd1b1ae9d3732ebb1e6caf57\"},\"description\":\"V\u00f5imatu on armastada jalgratta maantees\u00f5itu ja selle ajalugu, komistamata Stephen Roche \u2019i nime otsa. Matt Stephens istubki n\u00fc\u00fcd vastamisi iirlasest legendiga. Stepheni kodus Prantsusmaal Antibes\u2019is elasid nad uuesti l\u00e4bi endise profiratturi s\u00fcgavaid, intensiivseid ja emotsionaalseid suhted Touriga, mis pole sugugi katkenud.\",\"inLanguage\":\"et\",\"potentialAction\":[{\"@type\":\"ReadAction\",\"target\":[\"https:\/\/www.welovecycling.com\/ee\/2024\/07\/16\/armastuskiri-tour-de-franceile-stephen-roche-elab-uuesti-labi-hiilguse-ja-sudamevaluhetki\/\"]}]},{\"@type\":\"ImageObject\",\"inLanguage\":\"et\",\"@id\":\"https:\/\/www.welovecycling.com\/ee\/2024\/07\/16\/armastuskiri-tour-de-franceile-stephen-roche-elab-uuesti-labi-hiilguse-ja-sudamevaluhetki\/#primaryimage\",\"url\":\"https:\/\/d2p6e6u75xmxt8.cloudfront.net\/15\/2024\/07\/roche.webp\",\"contentUrl\":\"https:\/\/d2p6e6u75xmxt8.cloudfront.net\/15\/2024\/07\/roche.webp\",\"width\":892,\"height\":511},{\"@type\":\"WebSite\",\"@id\":\"https:\/\/www.welovecycling.com\/ee\/#website\",\"url\":\"https:\/\/www.welovecycling.com\/ee\/\",\"name\":\"\u0160koda We Love Cycling - Estonia\",\"description\":\"\",\"potentialAction\":[{\"@type\":\"SearchAction\",\"target\":{\"@type\":\"EntryPoint\",\"urlTemplate\":\"https:\/\/www.welovecycling.com\/ee\/?s={search_term_string}\"},\"query-input\":{\"@type\":\"PropertyValueSpecification\",\"valueRequired\":true,\"valueName\":\"search_term_string\"}}],\"inLanguage\":\"et\"},{\"@type\":\"Person\",\"@id\":\"https:\/\/www.welovecycling.com\/ee\/#\/schema\/person\/8b7101c4bd1b1ae9d3732ebb1e6caf57\",\"name\":\"andre\",\"image\":{\"@type\":\"ImageObject\",\"inLanguage\":\"et\",\"@id\":\"https:\/\/www.welovecycling.com\/ee\/#\/schema\/person\/image\/\",\"url\":\"https:\/\/secure.gravatar.com\/avatar\/0656b3224fe17b018f43b8a562625dd43d30827f027b2f62bc5a05711fec9a61?s=96&d=mm&r=g\",\"contentUrl\":\"https:\/\/secure.gravatar.com\/avatar\/0656b3224fe17b018f43b8a562625dd43d30827f027b2f62bc5a05711fec9a61?s=96&d=mm&r=g\",\"caption\":\"andre\"},\"url\":\"https:\/\/www.welovecycling.com\/ee\/author\/andre\/\"}]}<\/script>\n<!-- \/ Yoast SEO Premium plugin. -->","yoast_head_json":{"title":"Armastuskiri Tour de France\u2019ile: Stephen Roche elab uuesti l\u00e4bi hiilguse- ja s\u00fcdamevaluhetki - \u0160koda We Love Cycling - Estonia","description":"V\u00f5imatu on armastada jalgratta maantees\u00f5itu ja selle ajalugu, komistamata Stephen Roche \u2019i nime otsa. Matt Stephens istubki n\u00fc\u00fcd vastamisi iirlasest legendiga. Stepheni kodus Prantsusmaal Antibes\u2019is elasid nad uuesti l\u00e4bi endise profiratturi s\u00fcgavaid, intensiivseid ja emotsionaalseid suhted Touriga, mis pole sugugi katkenud.","robots":{"index":"index","follow":"follow","max-snippet":"max-snippet:-1","max-image-preview":"max-image-preview:large","max-video-preview":"max-video-preview:-1"},"canonical":"https:\/\/www.welovecycling.com\/ee\/2024\/07\/16\/armastuskiri-tour-de-franceile-stephen-roche-elab-uuesti-labi-hiilguse-ja-sudamevaluhetki\/","og_locale":"et_EE","og_type":"article","og_title":"Armastuskiri Tour de France\u2019ile: Stephen Roche elab uuesti l\u00e4bi hiilguse- ja s\u00fcdamevaluhetki","og_description":"V\u00f5imatu on armastada jalgratta maantees\u00f5itu ja selle ajalugu, komistamata Stephen Roche \u2019i nime otsa. Matt Stephens istubki n\u00fc\u00fcd vastamisi iirlasest legendiga. Stepheni kodus Prantsusmaal Antibes\u2019is elasid nad uuesti l\u00e4bi endise profiratturi s\u00fcgavaid, intensiivseid ja emotsionaalseid suhted Touriga, mis pole sugugi katkenud.","og_url":"https:\/\/www.welovecycling.com\/ee\/2024\/07\/16\/armastuskiri-tour-de-franceile-stephen-roche-elab-uuesti-labi-hiilguse-ja-sudamevaluhetki\/","og_site_name":"\u0160koda We Love Cycling - Estonia","article_published_time":"2024-07-16T08:37:45+00:00","og_image":[{"width":892,"height":511,"url":"https:\/\/d2p6e6u75xmxt8.cloudfront.net\/15\/2024\/07\/roche.webp","type":"image\/webp"}],"author":"andre","twitter_card":"summary_large_image","twitter_misc":{"Written by":"Matt Stephens \/ Frantiska Blazkova","Est. reading time":"4"},"schema":{"@context":"https:\/\/schema.org","@graph":[{"@type":"WebPage","@id":"https:\/\/www.welovecycling.com\/ee\/2024\/07\/16\/armastuskiri-tour-de-franceile-stephen-roche-elab-uuesti-labi-hiilguse-ja-sudamevaluhetki\/","url":"https:\/\/www.welovecycling.com\/ee\/2024\/07\/16\/armastuskiri-tour-de-franceile-stephen-roche-elab-uuesti-labi-hiilguse-ja-sudamevaluhetki\/","name":"Armastuskiri Tour de France\u2019ile: Stephen Roche elab uuesti l\u00e4bi hiilguse- ja s\u00fcdamevaluhetki - \u0160koda We Love Cycling - Estonia","isPartOf":{"@id":"https:\/\/www.welovecycling.com\/ee\/#website"},"primaryImageOfPage":{"@id":"https:\/\/www.welovecycling.com\/ee\/2024\/07\/16\/armastuskiri-tour-de-franceile-stephen-roche-elab-uuesti-labi-hiilguse-ja-sudamevaluhetki\/#primaryimage"},"image":{"@id":"https:\/\/www.welovecycling.com\/ee\/2024\/07\/16\/armastuskiri-tour-de-franceile-stephen-roche-elab-uuesti-labi-hiilguse-ja-sudamevaluhetki\/#primaryimage"},"thumbnailUrl":"https:\/\/d2p6e6u75xmxt8.cloudfront.net\/15\/2024\/07\/roche.webp","datePublished":"2024-07-16T08:37:45+00:00","author":{"@id":"https:\/\/www.welovecycling.com\/ee\/#\/schema\/person\/8b7101c4bd1b1ae9d3732ebb1e6caf57"},"description":"V\u00f5imatu on armastada jalgratta maantees\u00f5itu ja selle ajalugu, komistamata Stephen Roche \u2019i nime otsa. Matt Stephens istubki n\u00fc\u00fcd vastamisi iirlasest legendiga. Stepheni kodus Prantsusmaal Antibes\u2019is elasid nad uuesti l\u00e4bi endise profiratturi s\u00fcgavaid, intensiivseid ja emotsionaalseid suhted Touriga, mis pole sugugi katkenud.","inLanguage":"et","potentialAction":[{"@type":"ReadAction","target":["https:\/\/www.welovecycling.com\/ee\/2024\/07\/16\/armastuskiri-tour-de-franceile-stephen-roche-elab-uuesti-labi-hiilguse-ja-sudamevaluhetki\/"]}]},{"@type":"ImageObject","inLanguage":"et","@id":"https:\/\/www.welovecycling.com\/ee\/2024\/07\/16\/armastuskiri-tour-de-franceile-stephen-roche-elab-uuesti-labi-hiilguse-ja-sudamevaluhetki\/#primaryimage","url":"https:\/\/d2p6e6u75xmxt8.cloudfront.net\/15\/2024\/07\/roche.webp","contentUrl":"https:\/\/d2p6e6u75xmxt8.cloudfront.net\/15\/2024\/07\/roche.webp","width":892,"height":511},{"@type":"WebSite","@id":"https:\/\/www.welovecycling.com\/ee\/#website","url":"https:\/\/www.welovecycling.com\/ee\/","name":"\u0160koda We Love Cycling - Estonia","description":"","potentialAction":[{"@type":"SearchAction","target":{"@type":"EntryPoint","urlTemplate":"https:\/\/www.welovecycling.com\/ee\/?s={search_term_string}"},"query-input":{"@type":"PropertyValueSpecification","valueRequired":true,"valueName":"search_term_string"}}],"inLanguage":"et"},{"@type":"Person","@id":"https:\/\/www.welovecycling.com\/ee\/#\/schema\/person\/8b7101c4bd1b1ae9d3732ebb1e6caf57","name":"andre","image":{"@type":"ImageObject","inLanguage":"et","@id":"https:\/\/www.welovecycling.com\/ee\/#\/schema\/person\/image\/","url":"https:\/\/secure.gravatar.com\/avatar\/0656b3224fe17b018f43b8a562625dd43d30827f027b2f62bc5a05711fec9a61?s=96&d=mm&r=g","contentUrl":"https:\/\/secure.gravatar.com\/avatar\/0656b3224fe17b018f43b8a562625dd43d30827f027b2f62bc5a05711fec9a61?s=96&d=mm&r=g","caption":"andre"},"url":"https:\/\/www.welovecycling.com\/ee\/author\/andre\/"}]}},"_links":{"self":[{"href":"https:\/\/www.welovecycling.com\/ee\/wp-json\/wp\/v2\/posts\/2086","targetHints":{"allow":["GET"]}}],"collection":[{"href":"https:\/\/www.welovecycling.com\/ee\/wp-json\/wp\/v2\/posts"}],"about":[{"href":"https:\/\/www.welovecycling.com\/ee\/wp-json\/wp\/v2\/types\/post"}],"author":[{"embeddable":true,"href":"https:\/\/www.welovecycling.com\/ee\/wp-json\/wp\/v2\/users\/174"}],"replies":[{"embeddable":true,"href":"https:\/\/www.welovecycling.com\/ee\/wp-json\/wp\/v2\/comments?post=2086"}],"version-history":[{"count":2,"href":"https:\/\/www.welovecycling.com\/ee\/wp-json\/wp\/v2\/posts\/2086\/revisions"}],"predecessor-version":[{"id":2091,"href":"https:\/\/www.welovecycling.com\/ee\/wp-json\/wp\/v2\/posts\/2086\/revisions\/2091"}],"wp:featuredmedia":[{"embeddable":true,"href":"https:\/\/www.welovecycling.com\/ee\/wp-json\/wp\/v2\/media\/2087"}],"wp:attachment":[{"href":"https:\/\/www.welovecycling.com\/ee\/wp-json\/wp\/v2\/media?parent=2086"}],"wp:term":[{"taxonomy":"category","embeddable":true,"href":"https:\/\/www.welovecycling.com\/ee\/wp-json\/wp\/v2\/categories?post=2086"},{"taxonomy":"post_tag","embeddable":true,"href":"https:\/\/www.welovecycling.com\/ee\/wp-json\/wp\/v2\/tags?post=2086"},{"taxonomy":"global-categories","embeddable":true,"href":"https:\/\/www.welovecycling.com\/ee\/wp-json\/wp\/v2\/global-categories?post=2086"}],"curies":[{"name":"wp","href":"https:\/\/api.w.org\/{rel}","templated":true}]}}