{"id":2066,"date":"2024-07-11T13:58:00","date_gmt":"2024-07-11T10:58:00","guid":{"rendered":"https:\/\/www.welovecycling.com\/ee\/?p=2066"},"modified":"2024-07-11T13:58:00","modified_gmt":"2024-07-11T10:58:00","slug":"varjatud-parlid-2024-aasta-tour-de-francei-raja-veeres","status":"publish","type":"post","link":"https:\/\/www.welovecycling.com\/ee\/2024\/07\/11\/varjatud-parlid-2024-aasta-tour-de-francei-raja-veeres\/","title":{"rendered":"Varjatud p\u00e4rlid 2024. aasta Tour de France\u2019i raja veeres"},"content":{"rendered":"<p><strong>Tour de France on midagi palju enamat kui lihtsalt iga-aastane spordimeisterlikkuse demonstreerimise \u00fcritus, see on ka reis l\u00e4bi mitmete lummavate piirkondade. Kui ratturite karavan liigub m\u00f6\u00f6da t\u00e4navuse marsruudi keerukaid etappe, l\u00e4bib ta \u00fchtlasi paiku, mis on tulvil ajaloolisi m\u00e4lestusm\u00e4rke, puutumatu looduse ilu ja lihtsalt erip\u00e4rast v\u00f5lu.<\/strong><\/p>\n<p>Selle aasta trass pakub ainulaadset v\u00f5imalust avastada varjatud p\u00e4rle, mis j\u00e4\u00e4vad sissetallatud radadest vaid kiviviske kaugusele. Trassi valik lausa kutsub Sind v\u00f5istluse k\u00f5rval tutvuma \u00fcmbrusega p\u00f5hjalikumalt. Pole vahet, kas Sa j\u00e4lgid Touri pingsalt v\u00f5i otsid pigem s\u00fcgavaid kultuurielamusi, j\u00e4rnevad sihtkohad lummavad ja k\u00fctkestavad Sind kindlasti.<\/p>\n<h4>6. etapp: 26,9 km \u2013 leia oma hingerahu Taiz\u00e9s<\/h4>\n<p>Taiz\u00e9 on kogu maailmas kuulus kui Taiz\u00e9 vennaskonnaks nimetatava mungaordu asupaik. Vennaskonna asutas 1944. aastal \u0161veitslasest munk Roger Schutz ning sinna on koondunud sadakond preestrit ja munka kogu maailmast, et \u00fcheskoos ts\u00f6libaadis elades jumalat teenida. Kohavalik on seotud l\u00e4heduses asuva Cluny kloostriga. See vennaskond oli esimene maailmas, kuhu v\u00f5isid kuuluda ka protestantidest mungad. Palver\u00e4nnakutel k\u00fclastab seda igal aastal umbes 50 000 inimest, aastast 1966 alates on k\u00fclastajaid kokku olnud \u00fcle nelja miljoni. Palver\u00e4ndurid majutatakse m\u00e4gionnidesse ja telkidesse ning nad saavad osaleda aruteludes, \u00fchislaulmistes, muusika- ja piiblitundides ning palvustel.<\/p>\n<h4>7. etapp: 19,9 km \u2013 t\u00f5sta klaas Morey-Saint-Denis\u2019s<\/h4>\n<p>Morey-Saint-Denis\u2019 viinamarjaistandus on \u00fcks mainekamaid Burgundias ning tegelikult isegi tervel Prantsusmaal ja kogu maailmas. Selle 150 hektarile on istutatud punase veini valmistamiseks m\u00f5eldud Pinot Noir\u2019 viinamarju, sealhulgas 40 hektarit Grand Cru ja 44 hektarit Premier Cru kvaliteediga. \u00dchel hektaril kasvab aga Aligot\u00e9 viinamari, millest valmistatud Clos des Monts Luisants on \u00fcks Burgundia haruldasemaid Premier Cru kvaliteediga valgeid veine. Pole vist tarvis lisadagi, et k\u00fclas leidub mitmeid veinikeldreid ja gurmeerestorane, mis k\u00f5ik v\u00e4\u00e4rivad sisseastumist.<\/p>\n<h4>12. etapp: 79,9 km \u2013 imetle majesteetlikku Rocamadour\u2019d<\/h4>\n<figure id=\"attachment_2068\" aria-describedby=\"caption-attachment-2068\" style=\"width: 714px\" class=\"wp-caption aligncenter\"><a href=\"https:\/\/d2p6e6u75xmxt8.cloudfront.net\/15\/2024\/07\/rada2.webp\"><img loading=\"lazy\" decoding=\"async\" class=\"wp-image-2068 size-full\" src=\"https:\/\/d2p6e6u75xmxt8.cloudfront.net\/15\/2024\/07\/rada2.webp\" alt=\"\" width=\"714\" height=\"478\" srcset=\"https:\/\/d2p6e6u75xmxt8.cloudfront.net\/15\/2024\/07\/rada2.webp 714w, https:\/\/d2p6e6u75xmxt8.cloudfront.net\/15\/2024\/07\/rada2-300x201.webp 300w, https:\/\/d2p6e6u75xmxt8.cloudfront.net\/15\/2024\/07\/rada2-400x268.webp 400w, https:\/\/d2p6e6u75xmxt8.cloudfront.net\/15\/2024\/07\/rada2-272x182.webp 272w\" sizes=\"auto, (max-width: 714px) 100vw, 714px\" \/><\/a><figcaption id=\"caption-attachment-2068\" class=\"wp-caption-text\">Rocamadour on koht, mida loetakse \u00fcheks kaunimaks kogu Prantsusmaal. \u00a9 Profimedia<\/figcaption><\/figure>\n<p>Kogu Rocamadour\u2019 linn n\u00e4ib otsekui kaljuselval k\u00f5\u00f5ludes tasakaalu hoidvat ning v\u00f5tab aastaringi vastu nii tavalisi k\u00fclastajaid kui ka palver\u00e4ndureid. Linna tuhandeaastane ajalugu ulatub tagasi erakuteni, kes siin kunagi endale varjupaiga leidsid. 1166. aastal avastati P\u00fcha Amadouri t\u00e4iuslikult s\u00e4ilinud surnukeha kohast, kus praegu asub p\u00fchapaik. Rocamadour oli ka 2022. aasta Tour de France\u2019i viimase, 40-kilomeetrise tempos\u00f5idu toimumise koht. Toona tagas Jonas Vingegaard seal endale \u00fcldv\u00f5idu, kuna etapi v\u00f5itis tema meeskonnakaaslane Wout van Aert.<\/p>\n<h4>14. etapp: 37,6 km \u2013 avalda oma austust Lourdesis<\/h4>\n<p>Igal aastal v\u00f5tab Lourdes vastu miljoneid k\u00fclastajaid k\u00f5igilt mandritelt. Siin k\u00e4iakse palver\u00e4nnakul p\u00e4rast seda, kui 14-aastane karjaset\u00fcdruk Bernadette Soubirous sai 1858. aastal Gave\u2019i j\u00f5e l\u00e4hedases koopas ilmutused Neitsi Maarjalt. 2018. aastal t\u00e4histas Lourdes 160 aasta m\u00f6\u00f6dumist sellest s\u00fcndmusest. Sealt alanud Tour de France\u2019i etapp l\u00f5ppes toona Larunsis, kus Primo\u017e Rogli\u010d saavutas oma teise etapiv\u00f5idu. Aastal 1948 aga asus Touri etapi fini\u0161ijoon esmakordselt Lourdesis ning v\u00f5itjaks osutus toona Gino Bartali. Itaalia rattaspordi rahvuskangelasel oli koos Fausto Coppiga \u00fclesanne t\u00f5sta kogu rahva moraali sel keerulisel s\u00f5jaj\u00e4rgsel ajal. V\u00f5itjale m\u00f5eldud lillebuketi viis Bartali aga koopasse, p\u00fchendades Lourdesi jumalaemale oma teise Touri \u00fcldv\u00f5idu \u2013 esimese oli ta saavutanud t\u00e4pselt k\u00fcmme aastat varem. Iga kord Lourdesi kanti sattudes k\u00fclastas ta alati ka seda p\u00fchapaika.<\/p>\n<h4>15. etapp: 19,9 km \u2013 v\u00f5ta endale kuurordip\u00e4ev Bagn\u00e8res-de-Luchonis<\/h4>\n<figure id=\"attachment_2069\" aria-describedby=\"caption-attachment-2069\" style=\"width: 710px\" class=\"wp-caption aligncenter\"><a href=\"https:\/\/d2p6e6u75xmxt8.cloudfront.net\/15\/2024\/07\/rada3.webp\"><img loading=\"lazy\" decoding=\"async\" class=\"wp-image-2069 size-full\" src=\"https:\/\/d2p6e6u75xmxt8.cloudfront.net\/15\/2024\/07\/rada3.webp\" alt=\"\" width=\"710\" height=\"477\" srcset=\"https:\/\/d2p6e6u75xmxt8.cloudfront.net\/15\/2024\/07\/rada3.webp 710w, https:\/\/d2p6e6u75xmxt8.cloudfront.net\/15\/2024\/07\/rada3-300x202.webp 300w, https:\/\/d2p6e6u75xmxt8.cloudfront.net\/15\/2024\/07\/rada3-400x269.webp 400w, https:\/\/d2p6e6u75xmxt8.cloudfront.net\/15\/2024\/07\/rada3-272x182.webp 272w\" sizes=\"auto, (max-width: 710px) 100vw, 710px\" \/><\/a><figcaption id=\"caption-attachment-2069\" class=\"wp-caption-text\">Naudi kuurordip\u00e4eva Bagn\u00e8res-de-Luchonis. \u00a9 Profimedia<\/figcaption><\/figure>\n<p>T\u00e4nu oma asukohale on Tour de France seda linnakest k\u00fclastanud koguni 55 korral ehk rohkem kui \u00fchtki teist sellise suurusega asulat. Tuntud kuurort on Touri ajaloo osaks juba aastast 1910, mil v\u00f5\u00f5rustas kaht esimest k\u00f5rgm\u00e4eetappi. M\u00f5lemad v\u00f5itis Octave Lapize, kes hiljem saavutas ka Touril \u00fcldesikoha. P\u00fcreneede Kuninganna, nagu seda linna kutsutakse, on tihti pannud paika Touri tulevase \u00fcldv\u00f5itja v\u00f5i kangelase \u2013 n\u00e4iteks Pascal Simoni (1983), Thomas Voeckleri (2010) v\u00f5i Julian Alaphilippe\u2019i (2018). Viimati mainitud aastal n\u00e4gi All\u00e9es d\u2019\u00c9tigny Touril uudset stardiviisi, mis meenutas vormel-1 autode stardirivi. Bagn\u00e8res-de-Luchon on k\u00f5ige silmapaistvam m\u00e4gilinn terves P\u00fcrenee m\u00e4estikus. Seda \u00fcmbritsevad 13 P\u00fcreneede kuulsamat tippu, nende hulgas sealne k\u00f5rgeim, 3404-meetrine Aneto. Luchonis on olemas k\u00f5ik Sulle meelelahutuse ja l\u00f5\u00f5gastuse pakkumiseks.<\/p>\n<h4>16. etapp: 7,2 km \u2013 naudi mere\u00e4\u00e4rset vaikelu Fleurys<\/h4>\n<p>See mere\u00e4\u00e4rne vald on tuntud ka nime all Fleury d\u2019Aude ning tema 50 ruutkilomeetrit jagunevad kolmeks: vinnamarjaistanduste k\u00fcla Fleury, Toulouse-Lautreci tihedate k\u00fclask\u00e4ikudega kuulsaks saanud merekuurort Saint Pierre la Mer ning jahi- ja kalasadam Les Cabanes de Fleury. Vald paistab silma oma erisuguste maastikega: 30 ruutkilomeetrit t\u00fc\u00fcpilist Vahemere-\u00e4\u00e4rset v\u00f5sastikku, kuus kilomeetrit liivarandasid ja Vahemerre suubuv Aude\u2019i j\u00f5gi, 10 ruutkilomeetrit viinamarjaistandusi ning 10 ruutkilomeetrit soid, tiike ja m\u00e4rgalasid. Saint Pierre de Meri avaturg on piirkonna suurim ning t\u00f6\u00f6tab maist septembrini iga p\u00e4ev &#8211; olge lahked!<\/p>\n<h4>18. etapp: 139,4 km \u2013 lase pilk \u00fcle \u201ehaldjakorstnate\u201c Les Demoiselles Coiff\u00e9es\u2019s<\/h4>\n<p>Les Demoiselles Coiff\u00e9es ehk \u201ek\u00fcbaratega neiud\u201c on rohkem tuntud siiski \u201ehaldjakorstnate\u201c nime all ning t\u00e4histab erosiooni m\u00f5jul tekkinud omap\u00e4raseid pinnavorme. Kujult on need nagu sambad, mille otsas troonivad erineva kujuga kivirahnud\u00a0 \u2013 visuaalne sarnasus k\u00fcbaratega on t\u00f5esti olemas. Nende edasise lagunemise v\u00e4ltimiseks ja k\u00fclastajate turvalisuse tagamiseks ehitati sammaste jalamile jalgtee koos selgitusi pakkuvate infotahvlite ja \u00e4gedate panoraamvaadetega. 2,6-hektarine maat\u00fckk, kus Demoiselles Coiff\u00e9es de Sauze du Lac asub, on aastast 1966 kaitsealune territoorium.<\/p>\n<h4>20. etapp: 35,9 km \u2013 hinga keskaja h\u00f5ngu Sospelis<\/h4>\n<p>Keskaegne Sospeli linn on Mercantouri rahvuspargi v\u00e4rav ning kuulus oma vana tollisilla poolest. Seda t\u00fc\u00fcpi sild on \u00fcks viimaseid omataolisi Euroopas ning t\u00f5epoolest haruldane vaatepilt. Lisaks ajaloo m\u00e4lestusm\u00e4rkidele saab Sospel uhkustada ka m\u00e4rkimisv\u00e4\u00e4rse looduskeskkonnaga. Keskajal asutatud linnake paikneb B\u00e9v\u00e9ra j\u00f5e kallastel 350 meetri k\u00f5rgusel merepinnast, k\u00f5igest 20 kilomeetri kaugusel Mentonist. Teises maailmas\u00f5jas laastati Sospeli p\u00f5hjalikult, kuid linn \u00e4rkas uuesti elule ning demonstreerib oma 17 kaitsealuse hoonega rikkalikku ajaloop\u00e4randit t\u00e4naseni.<\/p>\n","protected":false},"excerpt":{"rendered":"<p>Tour de France on midagi palju enamat kui lihtsalt iga-aastane spordimeisterlikkuse demonstreerimise \u00fcritus, see on ka reis l\u00e4bi mitmete lummavate [&hellip;]<\/p>\n","protected":false},"author":174,"featured_media":2067,"comment_status":"open","ping_status":"open","sticky":false,"template":"","format":"standard","meta":{"footnotes":""},"categories":[39],"tags":[250,259,260,261,14],"global-categories":[22],"class_list":["post-2066","post","type-post","status-publish","format-standard","has-post-thumbnail","hentry","category-maanteesoit","tag-2024-tour","tag-fleury","tag-lourdes","tag-rocamadour","tag-tour-de-france","global-categories-cycling"],"yoast_head":"<!-- This site is optimized with the Yoast SEO Premium plugin v25.3 (Yoast SEO v25.9) - https:\/\/yoast.com\/wordpress\/plugins\/seo\/ -->\n<title>Varjatud p\u00e4rlid 2024. aasta Tour de France\u2019i raja veeres - \u0160koda We Love Cycling - Estonia<\/title>\n<meta name=\"description\" content=\"Tour de France on midagi palju enamat kui lihtsalt iga-aastane spordimeisterlikkuse demonstreerimise \u00fcritus, see on ka reis l\u00e4bi mitmete lummavate piirkondade. Kui ratturite karavan liigub m\u00f6\u00f6da t\u00e4navuse marsruudi keerukaid etappe, l\u00e4bib ta \u00fchtlasi paiku, mis on tulvil ajaloolisi m\u00e4lestusm\u00e4rke, puutumatu looduse ilu ja lihtsalt erip\u00e4rast v\u00f5lu.\" \/>\n<meta name=\"robots\" content=\"index, follow, max-snippet:-1, max-image-preview:large, max-video-preview:-1\" \/>\n<link rel=\"canonical\" href=\"https:\/\/www.welovecycling.com\/ee\/2024\/07\/11\/varjatud-parlid-2024-aasta-tour-de-francei-raja-veeres\/\" \/>\n<meta property=\"og:locale\" content=\"et_EE\" \/>\n<meta property=\"og:type\" content=\"article\" \/>\n<meta property=\"og:title\" content=\"Varjatud p\u00e4rlid 2024. aasta Tour de France\u2019i raja veeres\" \/>\n<meta property=\"og:description\" content=\"Tour de France on midagi palju enamat kui lihtsalt iga-aastane spordimeisterlikkuse demonstreerimise \u00fcritus, see on ka reis l\u00e4bi mitmete lummavate piirkondade. Kui ratturite karavan liigub m\u00f6\u00f6da t\u00e4navuse marsruudi keerukaid etappe, l\u00e4bib ta \u00fchtlasi paiku, mis on tulvil ajaloolisi m\u00e4lestusm\u00e4rke, puutumatu looduse ilu ja lihtsalt erip\u00e4rast v\u00f5lu.\" \/>\n<meta property=\"og:url\" content=\"https:\/\/www.welovecycling.com\/ee\/2024\/07\/11\/varjatud-parlid-2024-aasta-tour-de-francei-raja-veeres\/\" \/>\n<meta property=\"og:site_name\" content=\"\u0160koda We Love Cycling - Estonia\" \/>\n<meta property=\"article:published_time\" content=\"2024-07-11T10:58:00+00:00\" \/>\n<meta property=\"og:image\" content=\"https:\/\/d2p6e6u75xmxt8.cloudfront.net\/15\/2024\/07\/rada1.webp\" \/>\n\t<meta property=\"og:image:width\" content=\"893\" \/>\n\t<meta property=\"og:image:height\" content=\"594\" \/>\n\t<meta property=\"og:image:type\" content=\"image\/webp\" \/>\n<meta name=\"author\" content=\"andre\" \/>\n<meta name=\"twitter:card\" content=\"summary_large_image\" \/>\n<meta name=\"twitter:label1\" content=\"Written by\" \/>\n\t<meta name=\"twitter:data1\" content=\"Megan Flottorp\" \/>\n\t<meta name=\"twitter:label2\" content=\"Est. reading time\" \/>\n\t<meta name=\"twitter:data2\" content=\"4\" \/>\n<script type=\"application\/ld+json\" class=\"yoast-schema-graph\">{\"@context\":\"https:\/\/schema.org\",\"@graph\":[{\"@type\":\"WebPage\",\"@id\":\"https:\/\/www.welovecycling.com\/ee\/2024\/07\/11\/varjatud-parlid-2024-aasta-tour-de-francei-raja-veeres\/\",\"url\":\"https:\/\/www.welovecycling.com\/ee\/2024\/07\/11\/varjatud-parlid-2024-aasta-tour-de-francei-raja-veeres\/\",\"name\":\"Varjatud p\u00e4rlid 2024. aasta Tour de France\u2019i raja veeres - \u0160koda We Love Cycling - Estonia\",\"isPartOf\":{\"@id\":\"https:\/\/www.welovecycling.com\/ee\/#website\"},\"primaryImageOfPage\":{\"@id\":\"https:\/\/www.welovecycling.com\/ee\/2024\/07\/11\/varjatud-parlid-2024-aasta-tour-de-francei-raja-veeres\/#primaryimage\"},\"image\":{\"@id\":\"https:\/\/www.welovecycling.com\/ee\/2024\/07\/11\/varjatud-parlid-2024-aasta-tour-de-francei-raja-veeres\/#primaryimage\"},\"thumbnailUrl\":\"https:\/\/d2p6e6u75xmxt8.cloudfront.net\/15\/2024\/07\/rada1.webp\",\"datePublished\":\"2024-07-11T10:58:00+00:00\",\"author\":{\"@id\":\"https:\/\/www.welovecycling.com\/ee\/#\/schema\/person\/8b7101c4bd1b1ae9d3732ebb1e6caf57\"},\"description\":\"Tour de France on midagi palju enamat kui lihtsalt iga-aastane spordimeisterlikkuse demonstreerimise \u00fcritus, see on ka reis l\u00e4bi mitmete lummavate piirkondade. Kui ratturite karavan liigub m\u00f6\u00f6da t\u00e4navuse marsruudi keerukaid etappe, l\u00e4bib ta \u00fchtlasi paiku, mis on tulvil ajaloolisi m\u00e4lestusm\u00e4rke, puutumatu looduse ilu ja lihtsalt erip\u00e4rast v\u00f5lu.\",\"inLanguage\":\"et\",\"potentialAction\":[{\"@type\":\"ReadAction\",\"target\":[\"https:\/\/www.welovecycling.com\/ee\/2024\/07\/11\/varjatud-parlid-2024-aasta-tour-de-francei-raja-veeres\/\"]}]},{\"@type\":\"ImageObject\",\"inLanguage\":\"et\",\"@id\":\"https:\/\/www.welovecycling.com\/ee\/2024\/07\/11\/varjatud-parlid-2024-aasta-tour-de-francei-raja-veeres\/#primaryimage\",\"url\":\"https:\/\/d2p6e6u75xmxt8.cloudfront.net\/15\/2024\/07\/rada1.webp\",\"contentUrl\":\"https:\/\/d2p6e6u75xmxt8.cloudfront.net\/15\/2024\/07\/rada1.webp\",\"width\":893,\"height\":594},{\"@type\":\"WebSite\",\"@id\":\"https:\/\/www.welovecycling.com\/ee\/#website\",\"url\":\"https:\/\/www.welovecycling.com\/ee\/\",\"name\":\"\u0160koda We Love Cycling - Estonia\",\"description\":\"\",\"potentialAction\":[{\"@type\":\"SearchAction\",\"target\":{\"@type\":\"EntryPoint\",\"urlTemplate\":\"https:\/\/www.welovecycling.com\/ee\/?s={search_term_string}\"},\"query-input\":{\"@type\":\"PropertyValueSpecification\",\"valueRequired\":true,\"valueName\":\"search_term_string\"}}],\"inLanguage\":\"et\"},{\"@type\":\"Person\",\"@id\":\"https:\/\/www.welovecycling.com\/ee\/#\/schema\/person\/8b7101c4bd1b1ae9d3732ebb1e6caf57\",\"name\":\"andre\",\"image\":{\"@type\":\"ImageObject\",\"inLanguage\":\"et\",\"@id\":\"https:\/\/www.welovecycling.com\/ee\/#\/schema\/person\/image\/\",\"url\":\"https:\/\/secure.gravatar.com\/avatar\/0656b3224fe17b018f43b8a562625dd43d30827f027b2f62bc5a05711fec9a61?s=96&d=mm&r=g\",\"contentUrl\":\"https:\/\/secure.gravatar.com\/avatar\/0656b3224fe17b018f43b8a562625dd43d30827f027b2f62bc5a05711fec9a61?s=96&d=mm&r=g\",\"caption\":\"andre\"},\"url\":\"https:\/\/www.welovecycling.com\/ee\/author\/andre\/\"}]}<\/script>\n<!-- \/ Yoast SEO Premium plugin. -->","yoast_head_json":{"title":"Varjatud p\u00e4rlid 2024. aasta Tour de France\u2019i raja veeres - \u0160koda We Love Cycling - Estonia","description":"Tour de France on midagi palju enamat kui lihtsalt iga-aastane spordimeisterlikkuse demonstreerimise \u00fcritus, see on ka reis l\u00e4bi mitmete lummavate piirkondade. Kui ratturite karavan liigub m\u00f6\u00f6da t\u00e4navuse marsruudi keerukaid etappe, l\u00e4bib ta \u00fchtlasi paiku, mis on tulvil ajaloolisi m\u00e4lestusm\u00e4rke, puutumatu looduse ilu ja lihtsalt erip\u00e4rast v\u00f5lu.","robots":{"index":"index","follow":"follow","max-snippet":"max-snippet:-1","max-image-preview":"max-image-preview:large","max-video-preview":"max-video-preview:-1"},"canonical":"https:\/\/www.welovecycling.com\/ee\/2024\/07\/11\/varjatud-parlid-2024-aasta-tour-de-francei-raja-veeres\/","og_locale":"et_EE","og_type":"article","og_title":"Varjatud p\u00e4rlid 2024. aasta Tour de France\u2019i raja veeres","og_description":"Tour de France on midagi palju enamat kui lihtsalt iga-aastane spordimeisterlikkuse demonstreerimise \u00fcritus, see on ka reis l\u00e4bi mitmete lummavate piirkondade. Kui ratturite karavan liigub m\u00f6\u00f6da t\u00e4navuse marsruudi keerukaid etappe, l\u00e4bib ta \u00fchtlasi paiku, mis on tulvil ajaloolisi m\u00e4lestusm\u00e4rke, puutumatu looduse ilu ja lihtsalt erip\u00e4rast v\u00f5lu.","og_url":"https:\/\/www.welovecycling.com\/ee\/2024\/07\/11\/varjatud-parlid-2024-aasta-tour-de-francei-raja-veeres\/","og_site_name":"\u0160koda We Love Cycling - Estonia","article_published_time":"2024-07-11T10:58:00+00:00","og_image":[{"width":893,"height":594,"url":"https:\/\/d2p6e6u75xmxt8.cloudfront.net\/15\/2024\/07\/rada1.webp","type":"image\/webp"}],"author":"andre","twitter_card":"summary_large_image","twitter_misc":{"Written by":"Megan Flottorp","Est. reading time":"4"},"schema":{"@context":"https:\/\/schema.org","@graph":[{"@type":"WebPage","@id":"https:\/\/www.welovecycling.com\/ee\/2024\/07\/11\/varjatud-parlid-2024-aasta-tour-de-francei-raja-veeres\/","url":"https:\/\/www.welovecycling.com\/ee\/2024\/07\/11\/varjatud-parlid-2024-aasta-tour-de-francei-raja-veeres\/","name":"Varjatud p\u00e4rlid 2024. aasta Tour de France\u2019i raja veeres - \u0160koda We Love Cycling - Estonia","isPartOf":{"@id":"https:\/\/www.welovecycling.com\/ee\/#website"},"primaryImageOfPage":{"@id":"https:\/\/www.welovecycling.com\/ee\/2024\/07\/11\/varjatud-parlid-2024-aasta-tour-de-francei-raja-veeres\/#primaryimage"},"image":{"@id":"https:\/\/www.welovecycling.com\/ee\/2024\/07\/11\/varjatud-parlid-2024-aasta-tour-de-francei-raja-veeres\/#primaryimage"},"thumbnailUrl":"https:\/\/d2p6e6u75xmxt8.cloudfront.net\/15\/2024\/07\/rada1.webp","datePublished":"2024-07-11T10:58:00+00:00","author":{"@id":"https:\/\/www.welovecycling.com\/ee\/#\/schema\/person\/8b7101c4bd1b1ae9d3732ebb1e6caf57"},"description":"Tour de France on midagi palju enamat kui lihtsalt iga-aastane spordimeisterlikkuse demonstreerimise \u00fcritus, see on ka reis l\u00e4bi mitmete lummavate piirkondade. Kui ratturite karavan liigub m\u00f6\u00f6da t\u00e4navuse marsruudi keerukaid etappe, l\u00e4bib ta \u00fchtlasi paiku, mis on tulvil ajaloolisi m\u00e4lestusm\u00e4rke, puutumatu looduse ilu ja lihtsalt erip\u00e4rast v\u00f5lu.","inLanguage":"et","potentialAction":[{"@type":"ReadAction","target":["https:\/\/www.welovecycling.com\/ee\/2024\/07\/11\/varjatud-parlid-2024-aasta-tour-de-francei-raja-veeres\/"]}]},{"@type":"ImageObject","inLanguage":"et","@id":"https:\/\/www.welovecycling.com\/ee\/2024\/07\/11\/varjatud-parlid-2024-aasta-tour-de-francei-raja-veeres\/#primaryimage","url":"https:\/\/d2p6e6u75xmxt8.cloudfront.net\/15\/2024\/07\/rada1.webp","contentUrl":"https:\/\/d2p6e6u75xmxt8.cloudfront.net\/15\/2024\/07\/rada1.webp","width":893,"height":594},{"@type":"WebSite","@id":"https:\/\/www.welovecycling.com\/ee\/#website","url":"https:\/\/www.welovecycling.com\/ee\/","name":"\u0160koda We Love Cycling - Estonia","description":"","potentialAction":[{"@type":"SearchAction","target":{"@type":"EntryPoint","urlTemplate":"https:\/\/www.welovecycling.com\/ee\/?s={search_term_string}"},"query-input":{"@type":"PropertyValueSpecification","valueRequired":true,"valueName":"search_term_string"}}],"inLanguage":"et"},{"@type":"Person","@id":"https:\/\/www.welovecycling.com\/ee\/#\/schema\/person\/8b7101c4bd1b1ae9d3732ebb1e6caf57","name":"andre","image":{"@type":"ImageObject","inLanguage":"et","@id":"https:\/\/www.welovecycling.com\/ee\/#\/schema\/person\/image\/","url":"https:\/\/secure.gravatar.com\/avatar\/0656b3224fe17b018f43b8a562625dd43d30827f027b2f62bc5a05711fec9a61?s=96&d=mm&r=g","contentUrl":"https:\/\/secure.gravatar.com\/avatar\/0656b3224fe17b018f43b8a562625dd43d30827f027b2f62bc5a05711fec9a61?s=96&d=mm&r=g","caption":"andre"},"url":"https:\/\/www.welovecycling.com\/ee\/author\/andre\/"}]}},"_links":{"self":[{"href":"https:\/\/www.welovecycling.com\/ee\/wp-json\/wp\/v2\/posts\/2066","targetHints":{"allow":["GET"]}}],"collection":[{"href":"https:\/\/www.welovecycling.com\/ee\/wp-json\/wp\/v2\/posts"}],"about":[{"href":"https:\/\/www.welovecycling.com\/ee\/wp-json\/wp\/v2\/types\/post"}],"author":[{"embeddable":true,"href":"https:\/\/www.welovecycling.com\/ee\/wp-json\/wp\/v2\/users\/174"}],"replies":[{"embeddable":true,"href":"https:\/\/www.welovecycling.com\/ee\/wp-json\/wp\/v2\/comments?post=2066"}],"version-history":[{"count":1,"href":"https:\/\/www.welovecycling.com\/ee\/wp-json\/wp\/v2\/posts\/2066\/revisions"}],"predecessor-version":[{"id":2070,"href":"https:\/\/www.welovecycling.com\/ee\/wp-json\/wp\/v2\/posts\/2066\/revisions\/2070"}],"wp:featuredmedia":[{"embeddable":true,"href":"https:\/\/www.welovecycling.com\/ee\/wp-json\/wp\/v2\/media\/2067"}],"wp:attachment":[{"href":"https:\/\/www.welovecycling.com\/ee\/wp-json\/wp\/v2\/media?parent=2066"}],"wp:term":[{"taxonomy":"category","embeddable":true,"href":"https:\/\/www.welovecycling.com\/ee\/wp-json\/wp\/v2\/categories?post=2066"},{"taxonomy":"post_tag","embeddable":true,"href":"https:\/\/www.welovecycling.com\/ee\/wp-json\/wp\/v2\/tags?post=2066"},{"taxonomy":"global-categories","embeddable":true,"href":"https:\/\/www.welovecycling.com\/ee\/wp-json\/wp\/v2\/global-categories?post=2066"}],"curies":[{"name":"wp","href":"https:\/\/api.w.org\/{rel}","templated":true}]}}