{"id":2055,"date":"2024-07-09T14:29:29","date_gmt":"2024-07-09T11:29:29","guid":{"rendered":"https:\/\/www.welovecycling.com\/ee\/?p=2055"},"modified":"2024-07-09T14:29:29","modified_gmt":"2024-07-09T11:29:29","slug":"koige-legendaarsemad-tour-de-francei-fannid-kulisside-taga-koos-beefeateritega","status":"publish","type":"post","link":"https:\/\/www.welovecycling.com\/ee\/2024\/07\/09\/koige-legendaarsemad-tour-de-francei-fannid-kulisside-taga-koos-beefeateritega\/","title":{"rendered":"K\u00f5ige legendaarsemad Tour de France\u2019i f\u00e4nnid: kulisside taga koos Beefeateritega"},"content":{"rendered":"<h2><strong>Kui Sa pole n\u00e4inud <a href=\"https:\/\/www.youtube.com\/watch?v=Zd3BkQRDC68&amp;ab_channel=BeefeaterBend\">seda videot<\/a>, ei m\u00f5ista Sa iialgi Tour de France\u2019i f\u00e4nnide v\u00e4ge. Tour on mitte ainult suur v\u00f5istlusareen, kus k\u00f5ik paremad jalgratturid oma v\u00f5imeid ja oskusi m\u00f5\u00f5davad. Ilma f\u00e4nnideta poleks see kuidagi saanud nii suureks kasvada. Nad on v\u00e4rvikad, leidlikud ja sageli t\u00e4iesti s\u00f5gedad.<\/strong><\/h2>\n<p><!--more--><\/p>\n<p>Kamp eksimatult briti p\u00e4ritolu t\u00fc\u00fcpe laseb Prantsuse Alpides \u00fc\u00fcrata Hollandi p\u00e4ritolu laulul ja paneb selle saatel tantsima sadakond tont teab kust k\u00f5ikjalt kohale s\u00f5itnud inimest, n\u00e4idates parimal v\u00f5imalikul viisil Tour de France\u2019i olemust \u2013 publikul peab l\u00f5bus olema.<\/p>\n<p>F\u00e4nnide rolli m\u00f5istame mitte ainult meie. See f\u00e4nluse olemust avav video v\u00f5itis ka 2019. aastal UCI maineka f\u00e4nniauhinna. Videol n\u00e4htud m\u00f6llu taga on kuulus Beefeater Bend, kes on paljuski aidanud luua s\u00e4\u00e4raseid ainulaadseid f\u00e4nnielamusi.<\/p>\n<p>Kuna just f\u00e4nnid teevad Touri nii eriliseks, otsustasime selle l\u00f5busa seltskonna \u00fcles otsida, et uurida l\u00e4hemalt, kuidas neist sai Tour de France\u2019ile kaasaelajate s\u00fcmbol.<\/p>\n<p><iframe loading=\"lazy\" title=\"YouTube video player\" src=\"https:\/\/www.youtube-nocookie.com\/embed\/SqeDDuhtLwQ?si=eRhIsejvIH7leV2G\" width=\"560\" height=\"315\" frameborder=\"0\" allowfullscreen=\"allowfullscreen\"><\/iframe><\/p>\n<h4>Kes on Beefeaterid?<\/h4>\n<p>Kui minna Londonisse ja uurida, kes on <em>beefeater<\/em> (inglise keeles veiseliha s\u00f6\u00f6ja), suunatakse Sind t\u00f5en\u00e4oliselt Toweri kindlusse. T\u00f5esti, Londoni s\u00fcdames paikneva muistse kindluse auvahtkond kannabki nime Beefeaters. Kuid Beefeater Bend on hoopis kuus s\u00f5pra, kes armastavad koos nautida elu ja rattas\u00f5itu.<\/p>\n<p>\u201eKui Tour de France algab, \u00fchendame need kaks asja kokku,\u201c r\u00e4\u00e4kis seltskond We Love Cyclingule. \u201eMe k\u00f5ik elame v\u00e4ga aktiivselt oma pere, t\u00f6\u00f6 ja reiside t\u00f5ttu ning seep\u00e4rast on raske korraga samasse kohta kokku sattuda. Aga kui see \u00f5nnestub, on l\u00f5bu laialt. Me peame v\u00e4ga erinevaid t\u00f6\u00f6kohti alates varajastest pension\u00e4ridest kuni paberit\u00f6\u00f6stuseni, tervisest ja turvateenustest ravimit\u00f6\u00f6stuseni, aga iga\u00fchel meist on oma osa, et Beefeater Bend on just selline nagu ta on.\u201c<\/p>\n<p>Kuigi kambaj\u00f5mmidel on muidugi ka p\u00e4risnimed, eelistavad nad kasutada h\u00fc\u00fcdnimesid \u2013 Super C, Elvis, Stealth (N\u00e4htamatu), Statto, The Mountain Goat (M\u00e4gikits) ehk TMG ja Kami \u2013, eriti kui on end Tour de France\u2019i <em>show<\/em> jaoks riidesse pannud.<\/p>\n<h4>Miks Beefeaterite kost\u00fc\u00fcmid?<\/h4>\n<p>\u201eOtsisime midagi, mis silma paistaks. Ehkki me peame p\u00f6ialt k\u00f5ikidele s\u00f5ltumata rahvusest, tahtsime midagi v\u00e4ga inglisp\u00e4rast. Me kulutame oma kurvis (inglise keeles <em>bend<\/em>, siit ka Beefeater Bend) palju aega seletamaks, kes Beefeaterid on, kuid vahel tekib m\u00f5te, et oleks pidanud m\u00f5ne \u00f5hema riietuse valima, sest Beefeateri kurvis on harilikult 40 kraadi kuuma,\u201c selgitavad nad.<\/p>\n<p>Kui nende paksult r\u00f5ivastatud tegelaste k\u00f5rval seisab keegi pl\u00e4tudes ja kujutlusv\u00f5imele v\u00e4he ruumi j\u00e4tvates bikiinides, tekib t\u00f5esti k\u00fcsimus, kuidas nad seal \u00fcldse ellu j\u00e4\u00e4vad.<\/p>\n<p>Aga m\u00f5istagi on Beefeateritel omad saladused: \u201eP\u00e4rast esialgset \u0161okki, mille me saame kogu oma varanduse Beefeateri kurvi tassimisega, ei pane riietust suurt enam t\u00e4helegi. P\u00fc\u00fcame p\u00e4eva jooksul pidevalt ja piisavalt vett tarbida, mida tavaliselt v\u00f5tame sisse sooja \u00f5lle kujul.\u201c<\/p>\n<p>Touri l\u00f5puks ei teki muidugi enam erilist soovi sinna kost\u00fc\u00fcmidesse pugeda. Seep\u00e4rast teevadki need iga v\u00f5istluse j\u00e4rel l\u00e4bi p\u00f5hjaliku puhastuse. Seegi on osa traditsioonist.<\/p>\n<h4>Kuidas see k\u00f5ik algas?<\/h4>\n<p><a href=\"https:\/\/d2p6e6u75xmxt8.cloudfront.net\/15\/2024\/07\/beef2.webp\"><img loading=\"lazy\" decoding=\"async\" class=\"aligncenter size-full wp-image-2057\" src=\"https:\/\/d2p6e6u75xmxt8.cloudfront.net\/15\/2024\/07\/beef2.webp\" alt=\"\" width=\"712\" height=\"473\" srcset=\"https:\/\/d2p6e6u75xmxt8.cloudfront.net\/15\/2024\/07\/beef2.webp 712w, https:\/\/d2p6e6u75xmxt8.cloudfront.net\/15\/2024\/07\/beef2-300x199.webp 300w, https:\/\/d2p6e6u75xmxt8.cloudfront.net\/15\/2024\/07\/beef2-400x266.webp 400w, https:\/\/d2p6e6u75xmxt8.cloudfront.net\/15\/2024\/07\/beef2-272x182.webp 272w\" sizes=\"auto, (max-width: 712px) 100vw, 712px\" \/><\/a><\/p>\n<p>Seltskonnal polnud v\u00e4himatki kavatsust kuulsaks saada, aga kui nad juba kord said\u2026<\/p>\n<p>\u201eMeil pole \u00f5rna aimugi, mille poolest me erineme f\u00e4nnir\u00fchmadest, kes piiravad k\u00f5ikjal v\u00f5istlusrada ja loovad Tourile sellise v\u00e4geva \u00f5hkkonna. Me oleme vaid kuus s\u00f5pra, kellele meeldib rattaga s\u00f5ita, pidu panna ja n\u00e4ha teisi inimesi l\u00f5butsemas,\u201c seletavad nad ise.<\/p>\n<p>Lugu sai alguse aastal 2009, mil TMG ja Super C otsustasid t\u00f5mmata selga midagi v\u00e4ga inglisp\u00e4rast ning suunduda Prantsusmaale Touri vaatama. See reis pidi plaani j\u00e4rgi olema esimene ja viimane kord, sest m\u00f5lemad elasid toona v\u00e4ga aktiivset elu. Ent aastal 2014 tulid viie aasta tagused m\u00f5nusad hetked uuesti meelde. Mehed said kuuekesi kokku ja suundusid Prantsusmaale.<\/p>\n<p>\u201ePidu kestis terve p\u00e4eva ja samamoodi k\u00e4ib see siiani. Meie soov on isekeskis pidu panna ja t\u00e4histada Touri, aga kui keegi tahab kampa l\u00fc\u00fca, siis miks mitte. K\u00f5ik on oodatud,\u201c r\u00e4\u00e4givad Beefeaterid.<\/p>\n<p>Muidugi armastavad nad k\u00f5ik rattas\u00f5itu. M\u00f5ned rohkem, m\u00f5ned v\u00e4hem. Super C ja Elvis on spordi osas k\u00f5ige innukamad. \u00dclej\u00e4\u00e4nud tunnistavad, et l\u00e4hevad s\u00f5itma ainult ilusa ilmaga, kui p\u00e4ike paistab ja tuul ei puhu ning silmapiirile j\u00f5udes teevad peatuse, et v\u00f5tta \u00fcks latte koos koogiga.<\/p>\n<h4>2019. aasta auhind<\/h4>\n<p>Just see \u201ek\u00f5ik on oodatud\u201c suhtumine ongi vundamendiks Beefeaterite kuulsaimale videoklipile, mida Sa loo alguses ilmselt vaatasid. Video muutus lausa nii menukaks, et 2019. aasta l\u00f5pul said Beefeaterid UCI f\u00e4nniauhinna.<\/p>\n<p>\u201eAinu\u00fcksi auhinna kandidaadiks esitamine oli paras \u0161okk, viskasime veel nalja, et meie vastaseks on Peter Sagani video. Meile ei tulnud p\u00e4hegi, et v\u00f5iksime v\u00f5ita,\u201c m\u00e4letavad asjaosalised ise.<\/p>\n<p>Aga l\u00f5puks k\u00e4isid Beefeaterid isegi auhinda vastu v\u00f5tmas.<\/p>\n<p>\u201eK\u00f5ige naljakam osa oli see, kui p\u00fc\u00fcdsime salvestada auhinna vastuv\u00f5tmise t\u00e4nuk\u00f5net, mida pidi n\u00e4idatama UCI auhinnagaalal Hiinas. Me tegime seda l\u00f5pmatu arv kordi, sest kogu aeg tuli kellelgi vales kohas naer peale. Aga see oli suur au ja me oleme v\u00f5idu \u00fcle v\u00e4ga uhked.\u201c<\/p>\n<h4>Kuidas see v\u00f5luv\u00e4gi s\u00fcnnib?<\/h4>\n<p>See oli justnimelt v\u00f5luv\u00e4gi. Polnud mingit korraldamist, kavandamist ega midagi.<\/p>\n<p>\u201eBeefeater Bend ei plaani kunagi midagi. Inimesed l\u00f5id kampa, lapsed said meie kaabud endale p\u00e4he, banaanikost\u00fc\u00fcmis mees libastus ja t\u00fc\u00fcp, keda me kunagi polnud kohanud, ilmus just sel hetkel kaadrisse dinosauruse kost\u00fc\u00fcmis \u2013 k\u00f5ik see oli puhas juhus. Seep\u00e4rast asi nii hea vast paistiski, sest v\u00f5ttis kokku kogu p\u00e4eva jooksul juhtuva,\u201c seletavad punases univormis s\u00f5brad.<\/p>\n<p>Samuti jagavad nad saladust k\u00f5igi oma grandioossete etteastete plaanimise kohta: \u201eParim, mida ma meie kohta kuulnud olen, k\u00f5las umbes nagu \u201eMa suuda uskuda, kuidas midagi nii edukat tuleb nii v\u00e4hese kavandamisega\u201c. Mu meelest siin ongi m\u00e4ngu ilu. Lihtsalt kuus s\u00f5pra l\u00f5butsevad ja lubavad k\u00f5igil kaasa l\u00fc\u00fca. Ainus, mida tuleb korraldada, on helis\u00fcsteem ja lugude nimistu. Viimane saab tavaliselt paika \u00f5htusel joomingul kellegi juures, \u00f6eldes laulu esimese k\u00fcmne sekundi jooksul selle kohta jah v\u00f5i ei.\u201c<\/p>\n<p>Just nii see v\u00f5luv\u00e4gi neil t\u00f6\u00f6tab ja sel viisil on nad k\u00fcmne aastaga kogunud Tourilt hulgaliselt toredaid m\u00e4lestusi.<\/p>\n<p><a href=\"https:\/\/d2p6e6u75xmxt8.cloudfront.net\/15\/2024\/07\/beef3.webp\"><img loading=\"lazy\" decoding=\"async\" class=\"aligncenter size-full wp-image-2058\" src=\"https:\/\/d2p6e6u75xmxt8.cloudfront.net\/15\/2024\/07\/beef3.webp\" alt=\"\" width=\"713\" height=\"477\" srcset=\"https:\/\/d2p6e6u75xmxt8.cloudfront.net\/15\/2024\/07\/beef3.webp 713w, https:\/\/d2p6e6u75xmxt8.cloudfront.net\/15\/2024\/07\/beef3-300x201.webp 300w, https:\/\/d2p6e6u75xmxt8.cloudfront.net\/15\/2024\/07\/beef3-400x268.webp 400w, https:\/\/d2p6e6u75xmxt8.cloudfront.net\/15\/2024\/07\/beef3-272x182.webp 272w\" sizes=\"auto, (max-width: 713px) 100vw, 713px\" \/><\/a><\/p>\n<h4>Kuid kas neil on ka Touril oma lemmikhetk?<\/h4>\n<p>\u201eNii palju, liiga palju, et k\u00f5iki mainida. Froome\u2019i v\u00f5idud ja Geraint Thomas olid t\u00f5elised tipphetked rattas\u00f5idu poole pealt, kuid ka armastus, mida me tunneme Luke Rowe\u2019i ja tema poolt aastate jooksul Sky\/Ineose tiimi heaks tehtud t\u00f6\u00f6 suhtes. Kui me teda m\u00f6\u00f6dumas ja meile viipamas n\u00e4eme, on see alati tipphetk,\u201c k\u00f5lab vastus.<\/p>\n<p>Kuid p\u00f5hiline on siiski see, mis toimub, kui rattureid veel teel pole. \u201eV\u00e4gevaid hetki on olnud oi kui palju. \u00dcks hiljutisi oli \u201emusta \u00fclikonna vastuv\u00f5tt\u201c \u00f5htul enne etappi Alpe D\u2019huezi jalamil. Tohutu hulk inimesi tuli meiega pidu panema, m\u00f5lemad t\u00e4navapooled olid f\u00e4nne t\u00e4is, tiimide autod ja veokid s\u00f5itsid rahvasummast l\u00e4bi, tuututasid oma signaale ja muusika t\u00fcmpsus \u00fcle k\u00f5ige\u2026 See oli \u00e4ge!\u201c tunnistavad nad.<\/p>\n<h4>Isegi \u00e4pardused ei lase tujul langeda.<\/h4>\n<p>\u201e\u00dchel aastal tahtsime kasutada elektrigrilli, mille Kami oli ostnud. Stealth arvas, et suudab selle t\u00f6\u00f6le panna. Nojah, ei suutnud. Selle asemel lasi ta meie generaatori \u00f5hku. Sama generaatori, mille abil oleks j\u00e4rgmisel p\u00e4eval pidanud muusikat m\u00e4ngitama. Kuid asjad laabuvad alati kuidagi. Majast tuli v\u00e4lja mees pika pikendusjuhtmega ja pakkus meile seda j\u00e4rgmisel p\u00e4eval kasutamiseks,\u201c meenutavad nad naerusui.<\/p>\n<p>Jaa, nende t\u00fc\u00fcpidega juba igav ei hakka.<\/p>\n<h4>Tahad nende peol kaasa l\u00fc\u00fca?<\/h4>\n<p>Kui Sul tekib soov Beefeater Bendi elusast peast n\u00e4ha ja nende v\u00f5rratul peol kaasa l\u00fc\u00fca, saad seda teha juba t\u00e4navu. Jaa, Super C, Elvis, Stealth, Statto, TMG ja Kami on ka sel aastal kohal ja isegi vihjasid meile, kus nad seekord kavatsevad olla.<\/p>\n<p>Seega, kui Sul on soov saada osa Beefeaterite tekitatavast imetabasest \u00f5hkkonnast, v\u00f5ta ette teekond Tour de France\u2019i \u00fcheksandale etapile Troyes\u2019sse. Kus t\u00e4pselt Beefeaterid oma laagri p\u00fcsti l\u00f6\u00f6vad, pole veel otsustatud. Aga asukoha saad teada, kui j\u00e4lgid nende Instagrami kontot @llbeefeaters. K\u00f5ik me oleme peole oodatud.<\/p>\n","protected":false},"excerpt":{"rendered":"<p>Kui Sa pole n\u00e4inud seda videot, ei m\u00f5ista Sa iialgi Tour de France\u2019i f\u00e4nnide v\u00e4ge. Tour on mitte ainult suur [&hellip;]<\/p>\n","protected":false},"author":174,"featured_media":2056,"comment_status":"open","ping_status":"open","sticky":false,"template":"","format":"standard","meta":{"footnotes":""},"categories":[39],"tags":[250,256,255,14],"global-categories":[22],"class_list":["post-2055","post","type-post","status-publish","format-standard","has-post-thumbnail","hentry","category-maanteesoit","tag-2024-tour","tag-beefeeters","tag-beefeteri-kurv","tag-tour-de-france","global-categories-cycling"],"yoast_head":"<!-- This site is optimized with the Yoast SEO Premium plugin v25.3 (Yoast SEO v25.9) - https:\/\/yoast.com\/wordpress\/plugins\/seo\/ -->\n<title>K\u00f5ige legendaarsemad Tour de France\u2019i f\u00e4nnid: kulisside taga koos Beefeateritega - \u0160koda We Love Cycling - Estonia<\/title>\n<meta name=\"robots\" content=\"index, follow, max-snippet:-1, max-image-preview:large, max-video-preview:-1\" \/>\n<link rel=\"canonical\" href=\"https:\/\/www.welovecycling.com\/ee\/2024\/07\/09\/koige-legendaarsemad-tour-de-francei-fannid-kulisside-taga-koos-beefeateritega\/\" \/>\n<meta property=\"og:locale\" content=\"et_EE\" \/>\n<meta property=\"og:type\" content=\"article\" \/>\n<meta property=\"og:title\" content=\"K\u00f5ige legendaarsemad Tour de France\u2019i f\u00e4nnid: kulisside taga koos Beefeateritega\" \/>\n<meta property=\"og:description\" content=\"Kui Sa pole n\u00e4inud seda videot, ei m\u00f5ista Sa iialgi Tour de France\u2019i f\u00e4nnide v\u00e4ge. Tour on mitte ainult suur [&hellip;]\" \/>\n<meta property=\"og:url\" content=\"https:\/\/www.welovecycling.com\/ee\/2024\/07\/09\/koige-legendaarsemad-tour-de-francei-fannid-kulisside-taga-koos-beefeateritega\/\" \/>\n<meta property=\"og:site_name\" content=\"\u0160koda We Love Cycling - Estonia\" \/>\n<meta property=\"article:published_time\" content=\"2024-07-09T11:29:29+00:00\" \/>\n<meta property=\"og:image\" content=\"https:\/\/d2p6e6u75xmxt8.cloudfront.net\/15\/2024\/07\/beef.webp\" \/>\n\t<meta property=\"og:image:width\" content=\"890\" \/>\n\t<meta property=\"og:image:height\" content=\"597\" \/>\n\t<meta property=\"og:image:type\" content=\"image\/webp\" \/>\n<meta name=\"author\" content=\"andre\" \/>\n<meta name=\"twitter:card\" content=\"summary_large_image\" \/>\n<meta name=\"twitter:label1\" content=\"Written by\" \/>\n\t<meta name=\"twitter:data1\" content=\"Martin Atanasov\" \/>\n\t<meta name=\"twitter:label2\" content=\"Est. reading time\" \/>\n\t<meta name=\"twitter:data2\" content=\"4\" \/>\n<script type=\"application\/ld+json\" class=\"yoast-schema-graph\">{\"@context\":\"https:\/\/schema.org\",\"@graph\":[{\"@type\":\"WebPage\",\"@id\":\"https:\/\/www.welovecycling.com\/ee\/2024\/07\/09\/koige-legendaarsemad-tour-de-francei-fannid-kulisside-taga-koos-beefeateritega\/\",\"url\":\"https:\/\/www.welovecycling.com\/ee\/2024\/07\/09\/koige-legendaarsemad-tour-de-francei-fannid-kulisside-taga-koos-beefeateritega\/\",\"name\":\"K\u00f5ige legendaarsemad Tour de France\u2019i f\u00e4nnid: kulisside taga koos Beefeateritega - \u0160koda We Love Cycling - Estonia\",\"isPartOf\":{\"@id\":\"https:\/\/www.welovecycling.com\/ee\/#website\"},\"primaryImageOfPage\":{\"@id\":\"https:\/\/www.welovecycling.com\/ee\/2024\/07\/09\/koige-legendaarsemad-tour-de-francei-fannid-kulisside-taga-koos-beefeateritega\/#primaryimage\"},\"image\":{\"@id\":\"https:\/\/www.welovecycling.com\/ee\/2024\/07\/09\/koige-legendaarsemad-tour-de-francei-fannid-kulisside-taga-koos-beefeateritega\/#primaryimage\"},\"thumbnailUrl\":\"https:\/\/d2p6e6u75xmxt8.cloudfront.net\/15\/2024\/07\/beef.webp\",\"datePublished\":\"2024-07-09T11:29:29+00:00\",\"author\":{\"@id\":\"https:\/\/www.welovecycling.com\/ee\/#\/schema\/person\/8b7101c4bd1b1ae9d3732ebb1e6caf57\"},\"inLanguage\":\"et\",\"potentialAction\":[{\"@type\":\"ReadAction\",\"target\":[\"https:\/\/www.welovecycling.com\/ee\/2024\/07\/09\/koige-legendaarsemad-tour-de-francei-fannid-kulisside-taga-koos-beefeateritega\/\"]}]},{\"@type\":\"ImageObject\",\"inLanguage\":\"et\",\"@id\":\"https:\/\/www.welovecycling.com\/ee\/2024\/07\/09\/koige-legendaarsemad-tour-de-francei-fannid-kulisside-taga-koos-beefeateritega\/#primaryimage\",\"url\":\"https:\/\/d2p6e6u75xmxt8.cloudfront.net\/15\/2024\/07\/beef.webp\",\"contentUrl\":\"https:\/\/d2p6e6u75xmxt8.cloudfront.net\/15\/2024\/07\/beef.webp\",\"width\":890,\"height\":597},{\"@type\":\"WebSite\",\"@id\":\"https:\/\/www.welovecycling.com\/ee\/#website\",\"url\":\"https:\/\/www.welovecycling.com\/ee\/\",\"name\":\"\u0160koda We Love Cycling - Estonia\",\"description\":\"\",\"potentialAction\":[{\"@type\":\"SearchAction\",\"target\":{\"@type\":\"EntryPoint\",\"urlTemplate\":\"https:\/\/www.welovecycling.com\/ee\/?s={search_term_string}\"},\"query-input\":{\"@type\":\"PropertyValueSpecification\",\"valueRequired\":true,\"valueName\":\"search_term_string\"}}],\"inLanguage\":\"et\"},{\"@type\":\"Person\",\"@id\":\"https:\/\/www.welovecycling.com\/ee\/#\/schema\/person\/8b7101c4bd1b1ae9d3732ebb1e6caf57\",\"name\":\"andre\",\"image\":{\"@type\":\"ImageObject\",\"inLanguage\":\"et\",\"@id\":\"https:\/\/www.welovecycling.com\/ee\/#\/schema\/person\/image\/\",\"url\":\"https:\/\/secure.gravatar.com\/avatar\/0656b3224fe17b018f43b8a562625dd43d30827f027b2f62bc5a05711fec9a61?s=96&d=mm&r=g\",\"contentUrl\":\"https:\/\/secure.gravatar.com\/avatar\/0656b3224fe17b018f43b8a562625dd43d30827f027b2f62bc5a05711fec9a61?s=96&d=mm&r=g\",\"caption\":\"andre\"},\"url\":\"https:\/\/www.welovecycling.com\/ee\/author\/andre\/\"}]}<\/script>\n<!-- \/ Yoast SEO Premium plugin. -->","yoast_head_json":{"title":"K\u00f5ige legendaarsemad Tour de France\u2019i f\u00e4nnid: kulisside taga koos Beefeateritega - \u0160koda We Love Cycling - Estonia","robots":{"index":"index","follow":"follow","max-snippet":"max-snippet:-1","max-image-preview":"max-image-preview:large","max-video-preview":"max-video-preview:-1"},"canonical":"https:\/\/www.welovecycling.com\/ee\/2024\/07\/09\/koige-legendaarsemad-tour-de-francei-fannid-kulisside-taga-koos-beefeateritega\/","og_locale":"et_EE","og_type":"article","og_title":"K\u00f5ige legendaarsemad Tour de France\u2019i f\u00e4nnid: kulisside taga koos Beefeateritega","og_description":"Kui Sa pole n\u00e4inud seda videot, ei m\u00f5ista Sa iialgi Tour de France\u2019i f\u00e4nnide v\u00e4ge. Tour on mitte ainult suur [&hellip;]","og_url":"https:\/\/www.welovecycling.com\/ee\/2024\/07\/09\/koige-legendaarsemad-tour-de-francei-fannid-kulisside-taga-koos-beefeateritega\/","og_site_name":"\u0160koda We Love Cycling - Estonia","article_published_time":"2024-07-09T11:29:29+00:00","og_image":[{"width":890,"height":597,"url":"https:\/\/d2p6e6u75xmxt8.cloudfront.net\/15\/2024\/07\/beef.webp","type":"image\/webp"}],"author":"andre","twitter_card":"summary_large_image","twitter_misc":{"Written by":"Martin Atanasov","Est. reading time":"4"},"schema":{"@context":"https:\/\/schema.org","@graph":[{"@type":"WebPage","@id":"https:\/\/www.welovecycling.com\/ee\/2024\/07\/09\/koige-legendaarsemad-tour-de-francei-fannid-kulisside-taga-koos-beefeateritega\/","url":"https:\/\/www.welovecycling.com\/ee\/2024\/07\/09\/koige-legendaarsemad-tour-de-francei-fannid-kulisside-taga-koos-beefeateritega\/","name":"K\u00f5ige legendaarsemad Tour de France\u2019i f\u00e4nnid: kulisside taga koos Beefeateritega - \u0160koda We Love Cycling - Estonia","isPartOf":{"@id":"https:\/\/www.welovecycling.com\/ee\/#website"},"primaryImageOfPage":{"@id":"https:\/\/www.welovecycling.com\/ee\/2024\/07\/09\/koige-legendaarsemad-tour-de-francei-fannid-kulisside-taga-koos-beefeateritega\/#primaryimage"},"image":{"@id":"https:\/\/www.welovecycling.com\/ee\/2024\/07\/09\/koige-legendaarsemad-tour-de-francei-fannid-kulisside-taga-koos-beefeateritega\/#primaryimage"},"thumbnailUrl":"https:\/\/d2p6e6u75xmxt8.cloudfront.net\/15\/2024\/07\/beef.webp","datePublished":"2024-07-09T11:29:29+00:00","author":{"@id":"https:\/\/www.welovecycling.com\/ee\/#\/schema\/person\/8b7101c4bd1b1ae9d3732ebb1e6caf57"},"inLanguage":"et","potentialAction":[{"@type":"ReadAction","target":["https:\/\/www.welovecycling.com\/ee\/2024\/07\/09\/koige-legendaarsemad-tour-de-francei-fannid-kulisside-taga-koos-beefeateritega\/"]}]},{"@type":"ImageObject","inLanguage":"et","@id":"https:\/\/www.welovecycling.com\/ee\/2024\/07\/09\/koige-legendaarsemad-tour-de-francei-fannid-kulisside-taga-koos-beefeateritega\/#primaryimage","url":"https:\/\/d2p6e6u75xmxt8.cloudfront.net\/15\/2024\/07\/beef.webp","contentUrl":"https:\/\/d2p6e6u75xmxt8.cloudfront.net\/15\/2024\/07\/beef.webp","width":890,"height":597},{"@type":"WebSite","@id":"https:\/\/www.welovecycling.com\/ee\/#website","url":"https:\/\/www.welovecycling.com\/ee\/","name":"\u0160koda We Love Cycling - Estonia","description":"","potentialAction":[{"@type":"SearchAction","target":{"@type":"EntryPoint","urlTemplate":"https:\/\/www.welovecycling.com\/ee\/?s={search_term_string}"},"query-input":{"@type":"PropertyValueSpecification","valueRequired":true,"valueName":"search_term_string"}}],"inLanguage":"et"},{"@type":"Person","@id":"https:\/\/www.welovecycling.com\/ee\/#\/schema\/person\/8b7101c4bd1b1ae9d3732ebb1e6caf57","name":"andre","image":{"@type":"ImageObject","inLanguage":"et","@id":"https:\/\/www.welovecycling.com\/ee\/#\/schema\/person\/image\/","url":"https:\/\/secure.gravatar.com\/avatar\/0656b3224fe17b018f43b8a562625dd43d30827f027b2f62bc5a05711fec9a61?s=96&d=mm&r=g","contentUrl":"https:\/\/secure.gravatar.com\/avatar\/0656b3224fe17b018f43b8a562625dd43d30827f027b2f62bc5a05711fec9a61?s=96&d=mm&r=g","caption":"andre"},"url":"https:\/\/www.welovecycling.com\/ee\/author\/andre\/"}]}},"_links":{"self":[{"href":"https:\/\/www.welovecycling.com\/ee\/wp-json\/wp\/v2\/posts\/2055","targetHints":{"allow":["GET"]}}],"collection":[{"href":"https:\/\/www.welovecycling.com\/ee\/wp-json\/wp\/v2\/posts"}],"about":[{"href":"https:\/\/www.welovecycling.com\/ee\/wp-json\/wp\/v2\/types\/post"}],"author":[{"embeddable":true,"href":"https:\/\/www.welovecycling.com\/ee\/wp-json\/wp\/v2\/users\/174"}],"replies":[{"embeddable":true,"href":"https:\/\/www.welovecycling.com\/ee\/wp-json\/wp\/v2\/comments?post=2055"}],"version-history":[{"count":1,"href":"https:\/\/www.welovecycling.com\/ee\/wp-json\/wp\/v2\/posts\/2055\/revisions"}],"predecessor-version":[{"id":2059,"href":"https:\/\/www.welovecycling.com\/ee\/wp-json\/wp\/v2\/posts\/2055\/revisions\/2059"}],"wp:featuredmedia":[{"embeddable":true,"href":"https:\/\/www.welovecycling.com\/ee\/wp-json\/wp\/v2\/media\/2056"}],"wp:attachment":[{"href":"https:\/\/www.welovecycling.com\/ee\/wp-json\/wp\/v2\/media?parent=2055"}],"wp:term":[{"taxonomy":"category","embeddable":true,"href":"https:\/\/www.welovecycling.com\/ee\/wp-json\/wp\/v2\/categories?post=2055"},{"taxonomy":"post_tag","embeddable":true,"href":"https:\/\/www.welovecycling.com\/ee\/wp-json\/wp\/v2\/tags?post=2055"},{"taxonomy":"global-categories","embeddable":true,"href":"https:\/\/www.welovecycling.com\/ee\/wp-json\/wp\/v2\/global-categories?post=2055"}],"curies":[{"name":"wp","href":"https:\/\/api.w.org\/{rel}","templated":true}]}}