{"id":2029,"date":"2024-07-04T13:07:01","date_gmt":"2024-07-04T10:07:01","guid":{"rendered":"https:\/\/www.welovecycling.com\/ee\/?p=2029"},"modified":"2024-07-04T13:51:56","modified_gmt":"2024-07-04T10:51:56","slug":"le-tour-2024-milline-start-see-on-olnud","status":"publish","type":"post","link":"https:\/\/www.welovecycling.com\/ee\/2024\/07\/04\/le-tour-2024-milline-start-see-on-olnud\/","title":{"rendered":"Le Tour 2024 &#8211; Milline start see on olnud!"},"content":{"rendered":"<h2>Selle aastane Tour on alanud s\u00fcndmusterohkelt ja sisuliselt on tunne, et k\u00f5ik mis oodata saab on juba toimunud. Aga pidage oma hobuseid &#8211; nagu \u00f6eldakse.\u00a0 S\u00f5idetud on k\u00f5igest 5 etappi!<\/h2>\n<p><!--more--><\/p>\n<p>Mis siis on t\u00e4psemalt toimunud?<\/p>\n<p><strong>Esimesel etapil<\/strong> sai Tour oma\u00a0 prantslasest etapiv\u00f5itja &#8211; Bardet. Chapeau! Tal \u00f5nnestus koos tiimikaaslasega Van Den Broekiga hoida tagasi peagrupi l\u00f5pukiirendus ja Team DSM Firmenich PostNL v\u00f5ttis kaksiv\u00f5idu.<br \/>\nPrantsusmaa sai etapiv\u00f5idu k\u00e4tte juba Touri esimesel p\u00e4eval!<\/p>\n<p><a href=\"https:\/\/d2p6e6u75xmxt8.cloudfront.net\/15\/2024\/07\/cq5dam.web_.1280.1280-3.webp\"><img loading=\"lazy\" decoding=\"async\" class=\"aligncenter size-full wp-image-2035\" src=\"https:\/\/d2p6e6u75xmxt8.cloudfront.net\/15\/2024\/07\/cq5dam.web_.1280.1280-3.webp\" alt=\"\" width=\"1280\" height=\"852\" srcset=\"https:\/\/d2p6e6u75xmxt8.cloudfront.net\/15\/2024\/07\/cq5dam.web_.1280.1280-3.webp 1280w, https:\/\/d2p6e6u75xmxt8.cloudfront.net\/15\/2024\/07\/cq5dam.web_.1280.1280-3-300x200.webp 300w, https:\/\/d2p6e6u75xmxt8.cloudfront.net\/15\/2024\/07\/cq5dam.web_.1280.1280-3-1024x682.webp 1024w, https:\/\/d2p6e6u75xmxt8.cloudfront.net\/15\/2024\/07\/cq5dam.web_.1280.1280-3-768x511.webp 768w, https:\/\/d2p6e6u75xmxt8.cloudfront.net\/15\/2024\/07\/cq5dam.web_.1280.1280-3-400x266.webp 400w, https:\/\/d2p6e6u75xmxt8.cloudfront.net\/15\/2024\/07\/cq5dam.web_.1280.1280-3-272x182.webp 272w\" sizes=\"auto, (max-width: 1280px) 100vw, 1280px\" \/><\/a><\/p>\n<p><strong>Teisel<\/strong> etapil oli hoos v\u00e4iksem tiim Arkea-B&amp;B Hotels ja asjal taas prantslane &#8211; sedakorda Vauquelin kes soolis\u00f5iudga v\u00f5ttis etapiv\u00f5idu ja Prantsusmaal <strong>2 v\u00f5itu kahest<\/strong>. Tundub, et nende arvates v\u00f5ib Tour juba l\u00e4bi saada \ud83d\ude42 .<\/p>\n<p><strong>Kolmas<\/strong> etapp ja sprinterite pidu. Rein Taaram\u00e4e tiimikaaslane Intermarche-Wanty-t Biniam Girmay, tuntud rohkem, kui Bini, tegi ajalugu ja v\u00f5itis esimese Aafriklasena Le Touri etapi.<\/p>\n<p><a href=\"https:\/\/d2p6e6u75xmxt8.cloudfront.net\/15\/2024\/07\/cq5dam.web_.1280.1280-1.webp\"><img loading=\"lazy\" decoding=\"async\" class=\"aligncenter size-full wp-image-2037\" src=\"https:\/\/d2p6e6u75xmxt8.cloudfront.net\/15\/2024\/07\/cq5dam.web_.1280.1280-1.webp\" alt=\"\" width=\"1280\" height=\"851\" srcset=\"https:\/\/d2p6e6u75xmxt8.cloudfront.net\/15\/2024\/07\/cq5dam.web_.1280.1280-1.webp 1280w, https:\/\/d2p6e6u75xmxt8.cloudfront.net\/15\/2024\/07\/cq5dam.web_.1280.1280-1-300x199.webp 300w, https:\/\/d2p6e6u75xmxt8.cloudfront.net\/15\/2024\/07\/cq5dam.web_.1280.1280-1-1024x681.webp 1024w, https:\/\/d2p6e6u75xmxt8.cloudfront.net\/15\/2024\/07\/cq5dam.web_.1280.1280-1-768x511.webp 768w, https:\/\/d2p6e6u75xmxt8.cloudfront.net\/15\/2024\/07\/cq5dam.web_.1280.1280-1-400x266.webp 400w, https:\/\/d2p6e6u75xmxt8.cloudfront.net\/15\/2024\/07\/cq5dam.web_.1280.1280-1-272x182.webp 272w\" sizes=\"auto, (max-width: 1280px) 100vw, 1280px\" \/><\/a><\/p>\n<p><strong>Neljas<\/strong> etapp &#8211; nii rasket etappi ei ole Touri alguses veel olnud. Sestrieres, Col de Mintgenevre, Col du Galibier ja Pogi tegi Pogi asju. Ehk teisis\u00f5nu Tadej Pogacar pani Galibieril gaasi p\u00f5hja, j\u00e4ttis maha Vingegaardi, Evenepoeli ja l\u00e4ks oma teed. J\u00f5ujooned hakkavad v\u00e4lja joonistuma.<\/p>\n<p><a href=\"https:\/\/d2p6e6u75xmxt8.cloudfront.net\/15\/2024\/07\/cq5dam.web_.1280.1280-4.webp\"><img loading=\"lazy\" decoding=\"async\" class=\"aligncenter size-full wp-image-2034\" src=\"https:\/\/d2p6e6u75xmxt8.cloudfront.net\/15\/2024\/07\/cq5dam.web_.1280.1280-4.webp\" alt=\"\" width=\"1280\" height=\"853\" srcset=\"https:\/\/d2p6e6u75xmxt8.cloudfront.net\/15\/2024\/07\/cq5dam.web_.1280.1280-4.webp 1280w, https:\/\/d2p6e6u75xmxt8.cloudfront.net\/15\/2024\/07\/cq5dam.web_.1280.1280-4-300x200.webp 300w, https:\/\/d2p6e6u75xmxt8.cloudfront.net\/15\/2024\/07\/cq5dam.web_.1280.1280-4-1024x682.webp 1024w, https:\/\/d2p6e6u75xmxt8.cloudfront.net\/15\/2024\/07\/cq5dam.web_.1280.1280-4-768x512.webp 768w, https:\/\/d2p6e6u75xmxt8.cloudfront.net\/15\/2024\/07\/cq5dam.web_.1280.1280-4-400x267.webp 400w, https:\/\/d2p6e6u75xmxt8.cloudfront.net\/15\/2024\/07\/cq5dam.web_.1280.1280-4-272x182.webp 272w\" sizes=\"auto, (max-width: 1280px) 100vw, 1280px\" \/><\/a><\/p>\n<p><strong>Viies<\/strong> etapp. \u00dcks v\u00e4hestest sprinteritele sobivatest etappidest. Peale raskeid m\u00e4gede etappe, kus &#8220;kiired mehed&#8221; grupettos vaevlesid, oli neil v\u00f5imalus n\u00e4idata, mida nad oskavad. \u00d5hus oli ikka see \u00fcks teema &#8230;<br \/>\nKas 39 aastane Mark &#8220;The Manx Missile&#8221; Cavendish suudab \u00fcletada legendaarse Eddy Merckxi k\u00e4es oleva Le Touri etapiv\u00f5itude rekordi? Maagiliseks numbriks oli 34 ja Cavendish on juba 2 Touri jahtinud seda 35-t. Eelmisel aastal see ei \u00f5nnestunud ja ta pidi rangluumurruga Touri pooleli j\u00e4tma, paljud ei uskund, et ta on uuel aastal taas v\u00f5imeline Touril etapi v\u00f5idu eest v\u00f5itlema. Kuid seekord klappis k\u00f5ik ja jaankirsipuuliku sprindiga, kus tal ei olnud l\u00f5pu km oma tiimist \u00fchtegi abilist,\u00a0 alistas ta endast poole nooremad sprinterid ja ajalugu oli taas tehtud.<\/p>\n<p><a href=\"https:\/\/d2p6e6u75xmxt8.cloudfront.net\/15\/2024\/07\/Capture.webp\"><img loading=\"lazy\" decoding=\"async\" class=\"aligncenter size-full wp-image-2032\" src=\"https:\/\/d2p6e6u75xmxt8.cloudfront.net\/15\/2024\/07\/Capture.webp\" alt=\"\" width=\"890\" height=\"594\" srcset=\"https:\/\/d2p6e6u75xmxt8.cloudfront.net\/15\/2024\/07\/Capture.webp 890w, https:\/\/d2p6e6u75xmxt8.cloudfront.net\/15\/2024\/07\/Capture-300x200.webp 300w, https:\/\/d2p6e6u75xmxt8.cloudfront.net\/15\/2024\/07\/Capture-768x513.webp 768w, https:\/\/d2p6e6u75xmxt8.cloudfront.net\/15\/2024\/07\/Capture-400x267.webp 400w, https:\/\/d2p6e6u75xmxt8.cloudfront.net\/15\/2024\/07\/Capture-272x182.webp 272w\" sizes=\"auto, (max-width: 890px) 100vw, 890px\" \/><\/a><\/p>\n<p>Tekib k\u00fcsimus -mis siit edasi?<br \/>\nTunne \u00fctleb, et seeb olema \u00fcks ettearvamutu ja v\u00e4gev Le Tour de France!<\/p>\n","protected":false},"excerpt":{"rendered":"<p>Selle aastane Tour on alanud s\u00fcndmusterohkelt ja sisuliselt on tunne, et k\u00f5ik mis oodata saab on juba toimunud. Aga pidage [&hellip;]<\/p>\n","protected":false},"author":174,"featured_media":2036,"comment_status":"open","ping_status":"open","sticky":false,"template":"","format":"standard","meta":{"footnotes":""},"categories":[13],"tags":[129,14,254],"global-categories":[22],"class_list":["post-2029","post","type-post","status-publish","format-standard","has-post-thumbnail","hentry","category-blogi","tag-le-tour","tag-tour-de-france","tag-tour-de-france-2024","global-categories-cycling"],"yoast_head":"<!-- This site is optimized with the Yoast SEO Premium plugin v25.3 (Yoast SEO v25.9) - https:\/\/yoast.com\/wordpress\/plugins\/seo\/ -->\n<title>Le Tour 2024 - Milline start see on olnud! - \u0160koda We Love Cycling - Estonia<\/title>\n<meta name=\"description\" content=\"Selle aastane Tour on alanud s\u00fcndmusterohkelt ja sisuliselt on tunne, et k\u00f5ik mis oodata saab on juba toimunud. Aga pidage oma hobuseid - nagu \u00f6eldakse.\u00a0 S\u00f5idetud on k\u00f5igest 5 etappi!\" \/>\n<meta name=\"robots\" content=\"index, follow, max-snippet:-1, max-image-preview:large, max-video-preview:-1\" \/>\n<link rel=\"canonical\" href=\"https:\/\/www.welovecycling.com\/ee\/2024\/07\/04\/le-tour-2024-milline-start-see-on-olnud\/\" \/>\n<meta property=\"og:locale\" content=\"et_EE\" \/>\n<meta property=\"og:type\" content=\"article\" \/>\n<meta property=\"og:title\" content=\"Le Tour 2024 - Milline start see on olnud!\" \/>\n<meta property=\"og:description\" content=\"Selle aastane Tour on alanud s\u00fcndmusterohkelt ja sisuliselt on tunne, et k\u00f5ik mis oodata saab on juba toimunud. Aga pidage oma hobuseid - nagu \u00f6eldakse.\u00a0 S\u00f5idetud on k\u00f5igest 5 etappi!\" \/>\n<meta property=\"og:url\" content=\"https:\/\/www.welovecycling.com\/ee\/2024\/07\/04\/le-tour-2024-milline-start-see-on-olnud\/\" \/>\n<meta property=\"og:site_name\" content=\"\u0160koda We Love Cycling - Estonia\" \/>\n<meta property=\"article:published_time\" content=\"2024-07-04T10:07:01+00:00\" \/>\n<meta property=\"article:modified_time\" content=\"2024-07-04T10:51:56+00:00\" \/>\n<meta property=\"og:image\" content=\"https:\/\/d2p6e6u75xmxt8.cloudfront.net\/15\/2024\/07\/cq5dam.web_.1280.1280-2.webp\" \/>\n\t<meta property=\"og:image:width\" content=\"1280\" \/>\n\t<meta property=\"og:image:height\" content=\"853\" \/>\n\t<meta property=\"og:image:type\" content=\"image\/webp\" \/>\n<meta name=\"author\" content=\"andre\" \/>\n<meta name=\"twitter:card\" content=\"summary_large_image\" \/>\n<meta name=\"twitter:label1\" content=\"Written by\" \/>\n\t<meta name=\"twitter:data1\" content=\"Andre Kull\" \/>\n\t<meta name=\"twitter:label2\" content=\"Est. reading time\" \/>\n\t<meta name=\"twitter:data2\" content=\"3\" \/>\n<script type=\"application\/ld+json\" class=\"yoast-schema-graph\">{\"@context\":\"https:\/\/schema.org\",\"@graph\":[{\"@type\":\"WebPage\",\"@id\":\"https:\/\/www.welovecycling.com\/ee\/2024\/07\/04\/le-tour-2024-milline-start-see-on-olnud\/\",\"url\":\"https:\/\/www.welovecycling.com\/ee\/2024\/07\/04\/le-tour-2024-milline-start-see-on-olnud\/\",\"name\":\"Le Tour 2024 - Milline start see on olnud! - \u0160koda We Love Cycling - Estonia\",\"isPartOf\":{\"@id\":\"https:\/\/www.welovecycling.com\/ee\/#website\"},\"primaryImageOfPage\":{\"@id\":\"https:\/\/www.welovecycling.com\/ee\/2024\/07\/04\/le-tour-2024-milline-start-see-on-olnud\/#primaryimage\"},\"image\":{\"@id\":\"https:\/\/www.welovecycling.com\/ee\/2024\/07\/04\/le-tour-2024-milline-start-see-on-olnud\/#primaryimage\"},\"thumbnailUrl\":\"https:\/\/d2p6e6u75xmxt8.cloudfront.net\/15\/2024\/07\/cq5dam.web_.1280.1280-2.webp\",\"datePublished\":\"2024-07-04T10:07:01+00:00\",\"dateModified\":\"2024-07-04T10:51:56+00:00\",\"author\":{\"@id\":\"https:\/\/www.welovecycling.com\/ee\/#\/schema\/person\/8b7101c4bd1b1ae9d3732ebb1e6caf57\"},\"description\":\"Selle aastane Tour on alanud s\u00fcndmusterohkelt ja sisuliselt on tunne, et k\u00f5ik mis oodata saab on juba toimunud. Aga pidage oma hobuseid - nagu \u00f6eldakse.\u00a0 S\u00f5idetud on k\u00f5igest 5 etappi!\",\"inLanguage\":\"et\",\"potentialAction\":[{\"@type\":\"ReadAction\",\"target\":[\"https:\/\/www.welovecycling.com\/ee\/2024\/07\/04\/le-tour-2024-milline-start-see-on-olnud\/\"]}]},{\"@type\":\"ImageObject\",\"inLanguage\":\"et\",\"@id\":\"https:\/\/www.welovecycling.com\/ee\/2024\/07\/04\/le-tour-2024-milline-start-see-on-olnud\/#primaryimage\",\"url\":\"https:\/\/d2p6e6u75xmxt8.cloudfront.net\/15\/2024\/07\/cq5dam.web_.1280.1280-2.webp\",\"contentUrl\":\"https:\/\/d2p6e6u75xmxt8.cloudfront.net\/15\/2024\/07\/cq5dam.web_.1280.1280-2.webp\",\"width\":1280,\"height\":853},{\"@type\":\"WebSite\",\"@id\":\"https:\/\/www.welovecycling.com\/ee\/#website\",\"url\":\"https:\/\/www.welovecycling.com\/ee\/\",\"name\":\"\u0160koda We Love Cycling - Estonia\",\"description\":\"\",\"potentialAction\":[{\"@type\":\"SearchAction\",\"target\":{\"@type\":\"EntryPoint\",\"urlTemplate\":\"https:\/\/www.welovecycling.com\/ee\/?s={search_term_string}\"},\"query-input\":{\"@type\":\"PropertyValueSpecification\",\"valueRequired\":true,\"valueName\":\"search_term_string\"}}],\"inLanguage\":\"et\"},{\"@type\":\"Person\",\"@id\":\"https:\/\/www.welovecycling.com\/ee\/#\/schema\/person\/8b7101c4bd1b1ae9d3732ebb1e6caf57\",\"name\":\"andre\",\"image\":{\"@type\":\"ImageObject\",\"inLanguage\":\"et\",\"@id\":\"https:\/\/www.welovecycling.com\/ee\/#\/schema\/person\/image\/\",\"url\":\"https:\/\/secure.gravatar.com\/avatar\/0656b3224fe17b018f43b8a562625dd43d30827f027b2f62bc5a05711fec9a61?s=96&d=mm&r=g\",\"contentUrl\":\"https:\/\/secure.gravatar.com\/avatar\/0656b3224fe17b018f43b8a562625dd43d30827f027b2f62bc5a05711fec9a61?s=96&d=mm&r=g\",\"caption\":\"andre\"},\"url\":\"https:\/\/www.welovecycling.com\/ee\/author\/andre\/\"}]}<\/script>\n<!-- \/ Yoast SEO Premium plugin. -->","yoast_head_json":{"title":"Le Tour 2024 - Milline start see on olnud! - \u0160koda We Love Cycling - Estonia","description":"Selle aastane Tour on alanud s\u00fcndmusterohkelt ja sisuliselt on tunne, et k\u00f5ik mis oodata saab on juba toimunud. Aga pidage oma hobuseid - nagu \u00f6eldakse.\u00a0 S\u00f5idetud on k\u00f5igest 5 etappi!","robots":{"index":"index","follow":"follow","max-snippet":"max-snippet:-1","max-image-preview":"max-image-preview:large","max-video-preview":"max-video-preview:-1"},"canonical":"https:\/\/www.welovecycling.com\/ee\/2024\/07\/04\/le-tour-2024-milline-start-see-on-olnud\/","og_locale":"et_EE","og_type":"article","og_title":"Le Tour 2024 - Milline start see on olnud!","og_description":"Selle aastane Tour on alanud s\u00fcndmusterohkelt ja sisuliselt on tunne, et k\u00f5ik mis oodata saab on juba toimunud. Aga pidage oma hobuseid - nagu \u00f6eldakse.\u00a0 S\u00f5idetud on k\u00f5igest 5 etappi!","og_url":"https:\/\/www.welovecycling.com\/ee\/2024\/07\/04\/le-tour-2024-milline-start-see-on-olnud\/","og_site_name":"\u0160koda We Love Cycling - Estonia","article_published_time":"2024-07-04T10:07:01+00:00","article_modified_time":"2024-07-04T10:51:56+00:00","og_image":[{"width":1280,"height":853,"url":"https:\/\/d2p6e6u75xmxt8.cloudfront.net\/15\/2024\/07\/cq5dam.web_.1280.1280-2.webp","type":"image\/webp"}],"author":"andre","twitter_card":"summary_large_image","twitter_misc":{"Written by":"Andre Kull","Est. reading time":"3"},"schema":{"@context":"https:\/\/schema.org","@graph":[{"@type":"WebPage","@id":"https:\/\/www.welovecycling.com\/ee\/2024\/07\/04\/le-tour-2024-milline-start-see-on-olnud\/","url":"https:\/\/www.welovecycling.com\/ee\/2024\/07\/04\/le-tour-2024-milline-start-see-on-olnud\/","name":"Le Tour 2024 - Milline start see on olnud! - \u0160koda We Love Cycling - Estonia","isPartOf":{"@id":"https:\/\/www.welovecycling.com\/ee\/#website"},"primaryImageOfPage":{"@id":"https:\/\/www.welovecycling.com\/ee\/2024\/07\/04\/le-tour-2024-milline-start-see-on-olnud\/#primaryimage"},"image":{"@id":"https:\/\/www.welovecycling.com\/ee\/2024\/07\/04\/le-tour-2024-milline-start-see-on-olnud\/#primaryimage"},"thumbnailUrl":"https:\/\/d2p6e6u75xmxt8.cloudfront.net\/15\/2024\/07\/cq5dam.web_.1280.1280-2.webp","datePublished":"2024-07-04T10:07:01+00:00","dateModified":"2024-07-04T10:51:56+00:00","author":{"@id":"https:\/\/www.welovecycling.com\/ee\/#\/schema\/person\/8b7101c4bd1b1ae9d3732ebb1e6caf57"},"description":"Selle aastane Tour on alanud s\u00fcndmusterohkelt ja sisuliselt on tunne, et k\u00f5ik mis oodata saab on juba toimunud. Aga pidage oma hobuseid - nagu \u00f6eldakse.\u00a0 S\u00f5idetud on k\u00f5igest 5 etappi!","inLanguage":"et","potentialAction":[{"@type":"ReadAction","target":["https:\/\/www.welovecycling.com\/ee\/2024\/07\/04\/le-tour-2024-milline-start-see-on-olnud\/"]}]},{"@type":"ImageObject","inLanguage":"et","@id":"https:\/\/www.welovecycling.com\/ee\/2024\/07\/04\/le-tour-2024-milline-start-see-on-olnud\/#primaryimage","url":"https:\/\/d2p6e6u75xmxt8.cloudfront.net\/15\/2024\/07\/cq5dam.web_.1280.1280-2.webp","contentUrl":"https:\/\/d2p6e6u75xmxt8.cloudfront.net\/15\/2024\/07\/cq5dam.web_.1280.1280-2.webp","width":1280,"height":853},{"@type":"WebSite","@id":"https:\/\/www.welovecycling.com\/ee\/#website","url":"https:\/\/www.welovecycling.com\/ee\/","name":"\u0160koda We Love Cycling - Estonia","description":"","potentialAction":[{"@type":"SearchAction","target":{"@type":"EntryPoint","urlTemplate":"https:\/\/www.welovecycling.com\/ee\/?s={search_term_string}"},"query-input":{"@type":"PropertyValueSpecification","valueRequired":true,"valueName":"search_term_string"}}],"inLanguage":"et"},{"@type":"Person","@id":"https:\/\/www.welovecycling.com\/ee\/#\/schema\/person\/8b7101c4bd1b1ae9d3732ebb1e6caf57","name":"andre","image":{"@type":"ImageObject","inLanguage":"et","@id":"https:\/\/www.welovecycling.com\/ee\/#\/schema\/person\/image\/","url":"https:\/\/secure.gravatar.com\/avatar\/0656b3224fe17b018f43b8a562625dd43d30827f027b2f62bc5a05711fec9a61?s=96&d=mm&r=g","contentUrl":"https:\/\/secure.gravatar.com\/avatar\/0656b3224fe17b018f43b8a562625dd43d30827f027b2f62bc5a05711fec9a61?s=96&d=mm&r=g","caption":"andre"},"url":"https:\/\/www.welovecycling.com\/ee\/author\/andre\/"}]}},"_links":{"self":[{"href":"https:\/\/www.welovecycling.com\/ee\/wp-json\/wp\/v2\/posts\/2029","targetHints":{"allow":["GET"]}}],"collection":[{"href":"https:\/\/www.welovecycling.com\/ee\/wp-json\/wp\/v2\/posts"}],"about":[{"href":"https:\/\/www.welovecycling.com\/ee\/wp-json\/wp\/v2\/types\/post"}],"author":[{"embeddable":true,"href":"https:\/\/www.welovecycling.com\/ee\/wp-json\/wp\/v2\/users\/174"}],"replies":[{"embeddable":true,"href":"https:\/\/www.welovecycling.com\/ee\/wp-json\/wp\/v2\/comments?post=2029"}],"version-history":[{"count":10,"href":"https:\/\/www.welovecycling.com\/ee\/wp-json\/wp\/v2\/posts\/2029\/revisions"}],"predecessor-version":[{"id":2049,"href":"https:\/\/www.welovecycling.com\/ee\/wp-json\/wp\/v2\/posts\/2029\/revisions\/2049"}],"wp:featuredmedia":[{"embeddable":true,"href":"https:\/\/www.welovecycling.com\/ee\/wp-json\/wp\/v2\/media\/2036"}],"wp:attachment":[{"href":"https:\/\/www.welovecycling.com\/ee\/wp-json\/wp\/v2\/media?parent=2029"}],"wp:term":[{"taxonomy":"category","embeddable":true,"href":"https:\/\/www.welovecycling.com\/ee\/wp-json\/wp\/v2\/categories?post=2029"},{"taxonomy":"post_tag","embeddable":true,"href":"https:\/\/www.welovecycling.com\/ee\/wp-json\/wp\/v2\/tags?post=2029"},{"taxonomy":"global-categories","embeddable":true,"href":"https:\/\/www.welovecycling.com\/ee\/wp-json\/wp\/v2\/global-categories?post=2029"}],"curies":[{"name":"wp","href":"https:\/\/api.w.org\/{rel}","templated":true}]}}