{"id":2009,"date":"2024-07-02T15:55:43","date_gmt":"2024-07-02T12:55:43","guid":{"rendered":"https:\/\/www.welovecycling.com\/ee\/?p=2009"},"modified":"2024-07-02T15:55:43","modified_gmt":"2024-07-02T12:55:43","slug":"matt-stephens-kuidas-tour-de-france-mulle-inspiratsiooni-andis","status":"publish","type":"post","link":"https:\/\/www.welovecycling.com\/ee\/2024\/07\/02\/matt-stephens-kuidas-tour-de-france-mulle-inspiratsiooni-andis\/","title":{"rendered":"Matt Stephens: kuidas Tour de France mulle inspiratsiooni andis"},"content":{"rendered":"<h2>Tundub v\u00e4gagi t\u00f5en\u00e4oline, et ilma Tour de France\u2019ita ei istuks ma praegu oma tagatoas ega kirjutaks seda juttu We Love Cyclingu jaoks. Just kuuluses\u00e4rasse uppuv Tour de France innustas mind kaugel 1986. aastal saama profiratturiks.<!--more--><\/h2>\n<p>Kerimegi aega pisut tagasi. Tegelikult isegi palju, sest 1986 oli juba 38 aastat tagasi. See oli ikka v\u00e4ga-v\u00e4ga ammu! Selleks ajaks olin ma Tour de France\u2019i olemasolust teadlik juba p\u00e4ris kaua. Mu vanemad k\u00e4isid v\u00f5istlust 1970ndatel aastatel, Eddy Merckxi ajastul m\u00f5nel korral vaatamas. Isal oli suur kogu rattas\u00f5iduajakirju Touril tehtud \u00e4gedate fotodega. Ma m\u00e4letan, kuidas ta mind v\u00e4ikese lapsena istuma panin ja n\u00e4itas fotosid ratturite karavanist. Olin rabatud, kuidas ta oskas k\u00f5iki rattureid pildil n\u00e4idata ja nimetada. Touri n\u00e4idati ka telekas, aga ainult pool tundi p\u00e4evas ning me ootasime seda alati p\u00f5nevusega.<\/p>\n<p>T\u00f5eline huvi ja teadlikkus tekkisid minus aastal 1984, kuis Robert Millar v\u00f5itis etapi ja m\u00e4ekuninga tiitli ning \u00fcldv\u00f5idu v\u00f5ttis Laurent Fignon. Sel ajal s\u00f5itsin ma rattaga lihtsalt kooli ja jalgpallitrenni ega m\u00f5elnud \u00fcldse v\u00f5istlemisest. Kuid igal suvel Prantsusmaalt, peaaegu n\u00f5iduslikult legendaarselt rattav\u00f5idus\u00f5idult laekuvad pildid kindlasti puudutasid mingeid keeli minu sees. Aga ma ei saanud sellest eriti aru, sest olin veel ametis lapseks olemisega.<\/p>\n<figure id=\"attachment_2011\" aria-describedby=\"caption-attachment-2011\" style=\"width: 709px\" class=\"wp-caption aligncenter\"><a href=\"https:\/\/d2p6e6u75xmxt8.cloudfront.net\/15\/2024\/07\/matt2.webp\"><img loading=\"lazy\" decoding=\"async\" class=\"wp-image-2011 size-full\" src=\"https:\/\/d2p6e6u75xmxt8.cloudfront.net\/15\/2024\/07\/matt2.webp\" alt=\"\" width=\"709\" height=\"471\" srcset=\"https:\/\/d2p6e6u75xmxt8.cloudfront.net\/15\/2024\/07\/matt2.webp 709w, https:\/\/d2p6e6u75xmxt8.cloudfront.net\/15\/2024\/07\/matt2-300x199.webp 300w, https:\/\/d2p6e6u75xmxt8.cloudfront.net\/15\/2024\/07\/matt2-400x266.webp 400w, https:\/\/d2p6e6u75xmxt8.cloudfront.net\/15\/2024\/07\/matt2-272x182.webp 272w\" sizes=\"auto, (max-width: 709px) 100vw, 709px\" \/><\/a><figcaption id=\"caption-attachment-2011\" class=\"wp-caption-text\">Matt Stephens le Touril<\/figcaption><\/figure>\n<p>Niisiis 1986. Selleks ajaks tegelesin ma jooksmisega ja \u00fcpris edukalt. Ka rattaga s\u00f5itsin palju: jooksutrenni ja tagasi, samuti kooli ja tagasi. Mul oli toona Peugeot\u2019 ratas, sama mark nagu Robert Millaril ja <a href=\"https:\/\/www.welovecycling.com\/wide\/2024\/06\/25\/love-letter-to-the-tour-de-france-stephen-roche-relives-the-glory-and-the-heartbreak\/\">Stephen Roche\u2019<\/a>il ning kooli kihutades kujutasin end ette nendena. M\u00f5ttes ma isegi kommenteerisin oma tegevust, t\u00e4pselt nagu seda tegi kuulus telekommentaator Phil Liggett. See oli siiski kaua enne, kui ma otsustasin, et tahan v\u00f5istelda. Aga tagasi vaadates on selge, et minu \u00fclej\u00e4\u00e4nud edu vundament oli selleks ajaks juba paika pandud.<\/p>\n<p>Millalgi kevadel k\u00fcsis isa, kas ma tahaks minna Alpidesse <a href=\"https:\/\/www.letour.fr\/en\/\">Tour de France\u2019<\/a>i vaatama. Plaan oli s\u00f5ita l\u00e4bi Prantsusmaa ja \u00f6\u00f6bida telgis. Tundus p\u00f5nev seiklus ja ma n\u00f5ustusin k\u00f5hklemata.<\/p>\n<p>Kohales\u00f5it ise v\u00e4\u00e4riks eraldi artiklit, millest ma teid hetkel s\u00e4\u00e4stan. Kuna isa ei tahtnud maksta kiirteemakse, siksakitasime m\u00f6\u00f6da v\u00e4iksemaid maanteid Alpide poole, mida ma polnud elus kunagi varem n\u00e4inud. See oli t\u00f5eline avastusretk ning \u00fcks k\u00f5ige kallimaid ja nauditavamaid aegu mu elus.<\/p>\n<p>Kavas oli \u00e4ra vaadata viis Touri etappi \u2013 kaks Alpides ja veel kolm Saint-Etienne\u2019i l\u00e4hedal. Telkisime Gapi l\u00e4hedal. S\u00fc\u00fca tegime matkapliidil, juua ja end pesta saime j\u00e4\u00e4k\u00fclma veega m\u00e4gij\u00f5es. See oli imeline.<\/p>\n<p>Esimeste p\u00e4evade j\u00e4rel, mil s\u00f5itsime \u00fcles Granoni m\u00e4ekuru uskumatult j\u00e4rskudest n\u00f5lvadest (need olid Touri ajaloos alles teist korda kasutusel 2022. aastal), suundusime legendaarsesse Alpe d\u2019Huezi. 1986. aasta 21. juuli varahommikul lahkusime oma laagripaigast ja asusime v\u00f5tma kultusliku mainega t\u00f5usu, et tipu l\u00e4hedal m\u00f5ni hea vaatamiskoht leida. M\u00e4letan, et pea kogu teekonnal \u00fclesm\u00e4ge ergutati mind tagant, ma polnud kunagi midagi sellist kogenud. Tervest maailmast kohale s\u00f5itnud f\u00e4nnide toores, ehe energia innustas mind ning andis tohutult j\u00f5udu. Pole vist tarvis lisadagi, et kogu selle adrenaliini lisaannusega j\u00e4tsin peagi isa seljataha ja pidin mitu korda teda j\u00e4rele ootama. Ma arvan, et ta ei lasknud end sellest k\u00fcll segada.<\/p>\n<figure id=\"attachment_2012\" aria-describedby=\"caption-attachment-2012\" style=\"width: 711px\" class=\"wp-caption aligncenter\"><a href=\"https:\/\/d2p6e6u75xmxt8.cloudfront.net\/15\/2024\/07\/matt3.webp\"><img loading=\"lazy\" decoding=\"async\" class=\"wp-image-2012 size-full\" src=\"https:\/\/d2p6e6u75xmxt8.cloudfront.net\/15\/2024\/07\/matt3.webp\" alt=\"\" width=\"711\" height=\"530\" srcset=\"https:\/\/d2p6e6u75xmxt8.cloudfront.net\/15\/2024\/07\/matt3.webp 711w, https:\/\/d2p6e6u75xmxt8.cloudfront.net\/15\/2024\/07\/matt3-300x224.webp 300w, https:\/\/d2p6e6u75xmxt8.cloudfront.net\/15\/2024\/07\/matt3-400x298.webp 400w\" sizes=\"auto, (max-width: 711px) 100vw, 711px\" \/><\/a><figcaption id=\"caption-attachment-2012\" class=\"wp-caption-text\">Le Tour 1986<\/figcaption><\/figure>\n<p>L\u00f5\u00f5skavas suvep\u00e4ikeses leidsime endale koha ligikaudu kaks kilomeetrit enne fini\u0161it, umbes 50 meetrit enne pikka tagasip\u00f6\u00f6ret paremale. Seadsime teiste f\u00e4nnide vahel end sisse ja j\u00e4ime ootama.<\/p>\n<p>M\u00f6\u00f6dusid tunnid, n\u00e4gime kuulsat reklaamikaravani ja l\u00f5puks v\u00f5istlust ennast. Politsei mootorrattad, arvukad esiautod, kopterid pea kohal p\u00f5risemas \u2013 vaatem\u00e4ng oli nii n\u00f5iduslik, kummaline ja vapustav, et mul oli raske seda k\u00f5ike hoomata. Ja siis tulid ratturid! Seisin kindlalt paigal, pigistades k\u00e4es oma pisikest \u00fchekordset kaamerat ja piiludes tee poole, mida f\u00e4nnid j\u00e4rk-j\u00e4rgult vabastasid, kuni ilmus n\u00e4htavale viimane esimootorratas. Selle taga silmasin kaht ratturit, ikka veel osaliselt tsikli varjus. Kui mootorratas minust vaid sentimeetrite kauguselt m\u00f6\u00f6dus, n\u00e4gin neid selgelt: <a href=\"https:\/\/www.welovecycling.com\/wide\/2021\/12\/29\/the-greatest-comeback-in-cycling-history-the-greg-lemond-story\/\">Greg LeMond<\/a> kollases liidris\u00e4rgis ja tema k\u00f5rval Bernard Hinault kombineeritud arvestuse efektses mitmev\u00e4rvilises s\u00e4rgis. See ajahetk j\u00e4\u00e4dvustus mulle igaveseks m\u00e4llu. M\u00e4letan end vaatamas LeMondi lohkuvajunud, v\u00e4sinud ja keskendunud silmadesse ning kuskilt j\u00f5udis minusse teadmine, et just \u201eseda\u201c ma tahan teha. Sel sekundil otsustati \u00e4ra suurem osa minu eluk\u00e4igust.<\/p>\n<p>Nende m\u00f5ne l\u00fchikese hetke jooksul, mis rattaspordi kahel suurkujul kulus minust m\u00f6\u00f6dumiseks, j\u00f5udsin ma neist pilti teha ja hoian seda t\u00e4nini kui aaret. Pean t\u00e4nama oma isa, kes mind toona endaga kaasa v\u00f5ttis, kuigi vaevalt suutis ta ligil\u00e4hedaseltki ette kujutada, kuhu see k\u00f5ik v\u00e4lja viib.<\/p>\n<p>Kerime kiiresti aega edasi\u2026 \u2026ja siin ma olen, seda artiklit kirjutamas. H\u00fcva, ma ise ei ole Touril v\u00f5istelnud, aga ei kahetse seda. Mul on selja taga Giro, ol\u00fcmpiam\u00e4ngud, mitmed MM-v\u00f5istlused ja paljud muud fantastilised kogemused, mis mind siia t\u00f5id. Mulle endale on aga oluline, et ma olen tagasi Touril, t\u00f6\u00f6d tegemas. Mul on siin privileeg edastada \u00fclevaateid toimuvast, anda edasi emotsioone ja tundeid. Samuti p\u00fc\u00fcan ma k\u00f5igile teile kodudesse anda aimu, kes on \u00f5ieti need inimesed, kes iga aasta juulikuus s\u00f5idavad end hingetuks Prantsusmaa p\u00e4evalillep\u00f5ldude vahel ja m\u00e4ekurudel.<\/p>\n<p>Minule andis inspiratsiooni Tour, mis juhtis mind elu ja karj\u00e4\u00e4rini rattas\u00f5idus. Seet\u00f5ttu tunnengi vastupandamatut kohustust jagada Touri olemust nii paljude inimestega kui v\u00e4hegi saan.<\/p>\n","protected":false},"excerpt":{"rendered":"<p>Tundub v\u00e4gagi t\u00f5en\u00e4oline, et ilma Tour de France\u2019ita ei istuks ma praegu oma tagatoas ega kirjutaks seda juttu We Love [&hellip;]<\/p>\n","protected":false},"author":174,"featured_media":2010,"comment_status":"open","ping_status":"open","sticky":false,"template":"","format":"standard","meta":{"footnotes":""},"categories":[7],"tags":[250,129,251,14],"global-categories":[22],"class_list":["post-2009","post","type-post","status-publish","format-standard","has-post-thumbnail","hentry","category-maanteeratas","tag-2024-tour","tag-le-tour","tag-matt-stephens","tag-tour-de-france","global-categories-cycling"],"yoast_head":"<!-- This site is optimized with the Yoast SEO Premium plugin v25.3 (Yoast SEO v25.9) - https:\/\/yoast.com\/wordpress\/plugins\/seo\/ -->\n<title>Matt Stephens: kuidas Tour de France mulle inspiratsiooni andis - \u0160koda We Love Cycling - Estonia<\/title>\n<meta name=\"description\" content=\"Tundub v\u00e4gagi t\u00f5en\u00e4oline, et ilma Tour de France\u2019ita ei istuks ma praegu oma tagatoas ega kirjutaks seda juttu We Love Cyclingu jaoks. Just kuuluses\u00e4rasse uppuv Tour de France innustas mind kaugel 1986. aastal saama profiratturiks.\" \/>\n<meta name=\"robots\" content=\"index, follow, max-snippet:-1, max-image-preview:large, max-video-preview:-1\" \/>\n<link rel=\"canonical\" href=\"https:\/\/www.welovecycling.com\/ee\/2024\/07\/02\/matt-stephens-kuidas-tour-de-france-mulle-inspiratsiooni-andis\/\" \/>\n<meta property=\"og:locale\" content=\"et_EE\" \/>\n<meta property=\"og:type\" content=\"article\" \/>\n<meta property=\"og:title\" content=\"Matt Stephens: kuidas Tour de France mulle inspiratsiooni andis\" \/>\n<meta property=\"og:description\" content=\"Tundub v\u00e4gagi t\u00f5en\u00e4oline, et ilma Tour de France\u2019ita ei istuks ma praegu oma tagatoas ega kirjutaks seda juttu We Love Cyclingu jaoks. Just kuuluses\u00e4rasse uppuv Tour de France innustas mind kaugel 1986. aastal saama profiratturiks.\" \/>\n<meta property=\"og:url\" content=\"https:\/\/www.welovecycling.com\/ee\/2024\/07\/02\/matt-stephens-kuidas-tour-de-france-mulle-inspiratsiooni-andis\/\" \/>\n<meta property=\"og:site_name\" content=\"\u0160koda We Love Cycling - Estonia\" \/>\n<meta property=\"article:published_time\" content=\"2024-07-02T12:55:43+00:00\" \/>\n<meta property=\"og:image\" content=\"https:\/\/d2p6e6u75xmxt8.cloudfront.net\/15\/2024\/07\/matt1.webp\" \/>\n\t<meta property=\"og:image:width\" content=\"890\" \/>\n\t<meta property=\"og:image:height\" content=\"595\" \/>\n\t<meta property=\"og:image:type\" content=\"image\/webp\" \/>\n<meta name=\"author\" content=\"andre\" \/>\n<meta name=\"twitter:card\" content=\"summary_large_image\" \/>\n<meta name=\"twitter:label1\" content=\"Written by\" \/>\n\t<meta name=\"twitter:data1\" content=\"Matt Stephens\" \/>\n\t<meta name=\"twitter:label2\" content=\"Est. reading time\" \/>\n\t<meta name=\"twitter:data2\" content=\"6\" \/>\n<script type=\"application\/ld+json\" class=\"yoast-schema-graph\">{\"@context\":\"https:\/\/schema.org\",\"@graph\":[{\"@type\":\"WebPage\",\"@id\":\"https:\/\/www.welovecycling.com\/ee\/2024\/07\/02\/matt-stephens-kuidas-tour-de-france-mulle-inspiratsiooni-andis\/\",\"url\":\"https:\/\/www.welovecycling.com\/ee\/2024\/07\/02\/matt-stephens-kuidas-tour-de-france-mulle-inspiratsiooni-andis\/\",\"name\":\"Matt Stephens: kuidas Tour de France mulle inspiratsiooni andis - \u0160koda We Love Cycling - Estonia\",\"isPartOf\":{\"@id\":\"https:\/\/www.welovecycling.com\/ee\/#website\"},\"primaryImageOfPage\":{\"@id\":\"https:\/\/www.welovecycling.com\/ee\/2024\/07\/02\/matt-stephens-kuidas-tour-de-france-mulle-inspiratsiooni-andis\/#primaryimage\"},\"image\":{\"@id\":\"https:\/\/www.welovecycling.com\/ee\/2024\/07\/02\/matt-stephens-kuidas-tour-de-france-mulle-inspiratsiooni-andis\/#primaryimage\"},\"thumbnailUrl\":\"https:\/\/d2p6e6u75xmxt8.cloudfront.net\/15\/2024\/07\/matt1.webp\",\"datePublished\":\"2024-07-02T12:55:43+00:00\",\"author\":{\"@id\":\"https:\/\/www.welovecycling.com\/ee\/#\/schema\/person\/8b7101c4bd1b1ae9d3732ebb1e6caf57\"},\"description\":\"Tundub v\u00e4gagi t\u00f5en\u00e4oline, et ilma Tour de France\u2019ita ei istuks ma praegu oma tagatoas ega kirjutaks seda juttu We Love Cyclingu jaoks. Just kuuluses\u00e4rasse uppuv Tour de France innustas mind kaugel 1986. aastal saama profiratturiks.\",\"inLanguage\":\"et\",\"potentialAction\":[{\"@type\":\"ReadAction\",\"target\":[\"https:\/\/www.welovecycling.com\/ee\/2024\/07\/02\/matt-stephens-kuidas-tour-de-france-mulle-inspiratsiooni-andis\/\"]}]},{\"@type\":\"ImageObject\",\"inLanguage\":\"et\",\"@id\":\"https:\/\/www.welovecycling.com\/ee\/2024\/07\/02\/matt-stephens-kuidas-tour-de-france-mulle-inspiratsiooni-andis\/#primaryimage\",\"url\":\"https:\/\/d2p6e6u75xmxt8.cloudfront.net\/15\/2024\/07\/matt1.webp\",\"contentUrl\":\"https:\/\/d2p6e6u75xmxt8.cloudfront.net\/15\/2024\/07\/matt1.webp\",\"width\":890,\"height\":595},{\"@type\":\"WebSite\",\"@id\":\"https:\/\/www.welovecycling.com\/ee\/#website\",\"url\":\"https:\/\/www.welovecycling.com\/ee\/\",\"name\":\"\u0160koda We Love Cycling - Estonia\",\"description\":\"\",\"potentialAction\":[{\"@type\":\"SearchAction\",\"target\":{\"@type\":\"EntryPoint\",\"urlTemplate\":\"https:\/\/www.welovecycling.com\/ee\/?s={search_term_string}\"},\"query-input\":{\"@type\":\"PropertyValueSpecification\",\"valueRequired\":true,\"valueName\":\"search_term_string\"}}],\"inLanguage\":\"et\"},{\"@type\":\"Person\",\"@id\":\"https:\/\/www.welovecycling.com\/ee\/#\/schema\/person\/8b7101c4bd1b1ae9d3732ebb1e6caf57\",\"name\":\"andre\",\"image\":{\"@type\":\"ImageObject\",\"inLanguage\":\"et\",\"@id\":\"https:\/\/www.welovecycling.com\/ee\/#\/schema\/person\/image\/\",\"url\":\"https:\/\/secure.gravatar.com\/avatar\/0656b3224fe17b018f43b8a562625dd43d30827f027b2f62bc5a05711fec9a61?s=96&d=mm&r=g\",\"contentUrl\":\"https:\/\/secure.gravatar.com\/avatar\/0656b3224fe17b018f43b8a562625dd43d30827f027b2f62bc5a05711fec9a61?s=96&d=mm&r=g\",\"caption\":\"andre\"},\"url\":\"https:\/\/www.welovecycling.com\/ee\/author\/andre\/\"}]}<\/script>\n<!-- \/ Yoast SEO Premium plugin. -->","yoast_head_json":{"title":"Matt Stephens: kuidas Tour de France mulle inspiratsiooni andis - \u0160koda We Love Cycling - Estonia","description":"Tundub v\u00e4gagi t\u00f5en\u00e4oline, et ilma Tour de France\u2019ita ei istuks ma praegu oma tagatoas ega kirjutaks seda juttu We Love Cyclingu jaoks. Just kuuluses\u00e4rasse uppuv Tour de France innustas mind kaugel 1986. aastal saama profiratturiks.","robots":{"index":"index","follow":"follow","max-snippet":"max-snippet:-1","max-image-preview":"max-image-preview:large","max-video-preview":"max-video-preview:-1"},"canonical":"https:\/\/www.welovecycling.com\/ee\/2024\/07\/02\/matt-stephens-kuidas-tour-de-france-mulle-inspiratsiooni-andis\/","og_locale":"et_EE","og_type":"article","og_title":"Matt Stephens: kuidas Tour de France mulle inspiratsiooni andis","og_description":"Tundub v\u00e4gagi t\u00f5en\u00e4oline, et ilma Tour de France\u2019ita ei istuks ma praegu oma tagatoas ega kirjutaks seda juttu We Love Cyclingu jaoks. Just kuuluses\u00e4rasse uppuv Tour de France innustas mind kaugel 1986. aastal saama profiratturiks.","og_url":"https:\/\/www.welovecycling.com\/ee\/2024\/07\/02\/matt-stephens-kuidas-tour-de-france-mulle-inspiratsiooni-andis\/","og_site_name":"\u0160koda We Love Cycling - Estonia","article_published_time":"2024-07-02T12:55:43+00:00","og_image":[{"width":890,"height":595,"url":"https:\/\/d2p6e6u75xmxt8.cloudfront.net\/15\/2024\/07\/matt1.webp","type":"image\/webp"}],"author":"andre","twitter_card":"summary_large_image","twitter_misc":{"Written by":"Matt Stephens","Est. reading time":"6"},"schema":{"@context":"https:\/\/schema.org","@graph":[{"@type":"WebPage","@id":"https:\/\/www.welovecycling.com\/ee\/2024\/07\/02\/matt-stephens-kuidas-tour-de-france-mulle-inspiratsiooni-andis\/","url":"https:\/\/www.welovecycling.com\/ee\/2024\/07\/02\/matt-stephens-kuidas-tour-de-france-mulle-inspiratsiooni-andis\/","name":"Matt Stephens: kuidas Tour de France mulle inspiratsiooni andis - \u0160koda We Love Cycling - Estonia","isPartOf":{"@id":"https:\/\/www.welovecycling.com\/ee\/#website"},"primaryImageOfPage":{"@id":"https:\/\/www.welovecycling.com\/ee\/2024\/07\/02\/matt-stephens-kuidas-tour-de-france-mulle-inspiratsiooni-andis\/#primaryimage"},"image":{"@id":"https:\/\/www.welovecycling.com\/ee\/2024\/07\/02\/matt-stephens-kuidas-tour-de-france-mulle-inspiratsiooni-andis\/#primaryimage"},"thumbnailUrl":"https:\/\/d2p6e6u75xmxt8.cloudfront.net\/15\/2024\/07\/matt1.webp","datePublished":"2024-07-02T12:55:43+00:00","author":{"@id":"https:\/\/www.welovecycling.com\/ee\/#\/schema\/person\/8b7101c4bd1b1ae9d3732ebb1e6caf57"},"description":"Tundub v\u00e4gagi t\u00f5en\u00e4oline, et ilma Tour de France\u2019ita ei istuks ma praegu oma tagatoas ega kirjutaks seda juttu We Love Cyclingu jaoks. Just kuuluses\u00e4rasse uppuv Tour de France innustas mind kaugel 1986. aastal saama profiratturiks.","inLanguage":"et","potentialAction":[{"@type":"ReadAction","target":["https:\/\/www.welovecycling.com\/ee\/2024\/07\/02\/matt-stephens-kuidas-tour-de-france-mulle-inspiratsiooni-andis\/"]}]},{"@type":"ImageObject","inLanguage":"et","@id":"https:\/\/www.welovecycling.com\/ee\/2024\/07\/02\/matt-stephens-kuidas-tour-de-france-mulle-inspiratsiooni-andis\/#primaryimage","url":"https:\/\/d2p6e6u75xmxt8.cloudfront.net\/15\/2024\/07\/matt1.webp","contentUrl":"https:\/\/d2p6e6u75xmxt8.cloudfront.net\/15\/2024\/07\/matt1.webp","width":890,"height":595},{"@type":"WebSite","@id":"https:\/\/www.welovecycling.com\/ee\/#website","url":"https:\/\/www.welovecycling.com\/ee\/","name":"\u0160koda We Love Cycling - Estonia","description":"","potentialAction":[{"@type":"SearchAction","target":{"@type":"EntryPoint","urlTemplate":"https:\/\/www.welovecycling.com\/ee\/?s={search_term_string}"},"query-input":{"@type":"PropertyValueSpecification","valueRequired":true,"valueName":"search_term_string"}}],"inLanguage":"et"},{"@type":"Person","@id":"https:\/\/www.welovecycling.com\/ee\/#\/schema\/person\/8b7101c4bd1b1ae9d3732ebb1e6caf57","name":"andre","image":{"@type":"ImageObject","inLanguage":"et","@id":"https:\/\/www.welovecycling.com\/ee\/#\/schema\/person\/image\/","url":"https:\/\/secure.gravatar.com\/avatar\/0656b3224fe17b018f43b8a562625dd43d30827f027b2f62bc5a05711fec9a61?s=96&d=mm&r=g","contentUrl":"https:\/\/secure.gravatar.com\/avatar\/0656b3224fe17b018f43b8a562625dd43d30827f027b2f62bc5a05711fec9a61?s=96&d=mm&r=g","caption":"andre"},"url":"https:\/\/www.welovecycling.com\/ee\/author\/andre\/"}]}},"_links":{"self":[{"href":"https:\/\/www.welovecycling.com\/ee\/wp-json\/wp\/v2\/posts\/2009","targetHints":{"allow":["GET"]}}],"collection":[{"href":"https:\/\/www.welovecycling.com\/ee\/wp-json\/wp\/v2\/posts"}],"about":[{"href":"https:\/\/www.welovecycling.com\/ee\/wp-json\/wp\/v2\/types\/post"}],"author":[{"embeddable":true,"href":"https:\/\/www.welovecycling.com\/ee\/wp-json\/wp\/v2\/users\/174"}],"replies":[{"embeddable":true,"href":"https:\/\/www.welovecycling.com\/ee\/wp-json\/wp\/v2\/comments?post=2009"}],"version-history":[{"count":1,"href":"https:\/\/www.welovecycling.com\/ee\/wp-json\/wp\/v2\/posts\/2009\/revisions"}],"predecessor-version":[{"id":2013,"href":"https:\/\/www.welovecycling.com\/ee\/wp-json\/wp\/v2\/posts\/2009\/revisions\/2013"}],"wp:featuredmedia":[{"embeddable":true,"href":"https:\/\/www.welovecycling.com\/ee\/wp-json\/wp\/v2\/media\/2010"}],"wp:attachment":[{"href":"https:\/\/www.welovecycling.com\/ee\/wp-json\/wp\/v2\/media?parent=2009"}],"wp:term":[{"taxonomy":"category","embeddable":true,"href":"https:\/\/www.welovecycling.com\/ee\/wp-json\/wp\/v2\/categories?post=2009"},{"taxonomy":"post_tag","embeddable":true,"href":"https:\/\/www.welovecycling.com\/ee\/wp-json\/wp\/v2\/tags?post=2009"},{"taxonomy":"global-categories","embeddable":true,"href":"https:\/\/www.welovecycling.com\/ee\/wp-json\/wp\/v2\/global-categories?post=2009"}],"curies":[{"name":"wp","href":"https:\/\/api.w.org\/{rel}","templated":true}]}}