{"id":1990,"date":"2024-06-27T07:11:46","date_gmt":"2024-06-27T04:11:46","guid":{"rendered":"https:\/\/www.welovecycling.com\/ee\/?p=1990"},"modified":"2024-06-27T07:31:42","modified_gmt":"2024-06-27T04:31:42","slug":"rattaseiklus-euroopast-aafrikasse-hello-aafrika","status":"publish","type":"post","link":"https:\/\/www.welovecycling.com\/ee\/2024\/06\/27\/rattaseiklus-euroopast-aafrikasse-hello-aafrika\/","title":{"rendered":"Rattaseiklus Euroopast Aafrikasse &#8220;Hello Aafrika&#8221;"},"content":{"rendered":"<h3><strong>Samal ajal, kui stardib selleaastane suurim rattaspordiv\u00f5istlus le Tour de France 2024 alustab seltskond rattureid Chamonix linnast Prantsusmaalt seiklust Casablanca, Maroko suunas.<\/strong><br \/>\n<strong>Miks nad seda teevad ja miks on neil kaasas elektriauto \u0160koda Enyaq IV?<\/strong><\/h3>\n<p><!--more--><\/p>\n<p>Et k\u00f5ik ausalt \u00e4ra r\u00e4\u00e4kida pean ma alustama sellest, et \u00fchel 2011. veebruarikuu n\u00e4dalal sattus t\u00e4iesti pooljuhuslikult kokku \u00fcks \u201ehullude seltskond\u201c, kes viis SEB Panga ja Klubi Tartu Maratoni koost\u00f6\u00f6lepingu kr\u00f5bek\u00fclma ilmaga suukadel Tallinnast Otep\u00e4\u00e4le Tartu suusamaratoni starti. Matka eesm\u00e4rk oli nakatada ja inspireerida maratonihuviga suusas\u00f5pru ning n\u00e4itada, et ega see maraton midagi hullu polegi.<\/p>\n<p>Kuna \u00fcks seiklus sai \u00fcheskoos toredalt l\u00e4bitud tekkis meie tiimi p\u00f5hiagigaator T\u00f5nul veel samal suvel hull idee, mis kirjas Rivole n\u00e4gi v\u00e4lja juttude j\u00e4rgi umbes selline; \u201eKuule \u2013 l\u00e4heks \u00f5ige ratastega tuuri (Tour de France-i) vaatama ja s\u00f5idame tagasi ka!\u201c<br \/>\nSealt hakkas heas m\u00f5ttes hakkas \u201epall veerema\u201c. Suusapunt aeti taas taas kokku ning 2012. aastal tegimegi oma esimese rattatuuri k\u00f5lava nimega \u201eL\u2019exp\u00e9dition du Tour de France\u201c, mis viis Tallinnast l\u00e4bi Skandinaavia Pariisi. Meie teekond kattus ajaliselt t\u00e4pselt Tour de France enam kui kolme n\u00e4dalase v\u00f5istlusega ning mitmel korral olime ka enda reisimarsuudi planeeritud nii, et me n\u00e4eks oma higivalamise k\u00f5rval paralleelset ka suurtuuri ennast. M\u00e4rgiliseks tegi tipptuuri j\u00e4lgmise veel toona ka see, et Rein Taarem\u00e4e sai tuuri esimestel p\u00e4eval enda selga parima noorratturi valge s\u00e4rgi. Taaram\u00e4e parimaks kohaks j\u00e4i antud aasta v\u00f5idus\u00f5idul seitsemandal etapil v\u00f5idetud viies koht, mis t\u00f5stis ta \u00fcldarvestus antud hetkel neljandaks.<br \/>\nTeise suurema emotsiooni pakkus meile Taaram\u00e4e aga juba Pariisis, kui me ta p\u00e4rast viimast etappi, mille hulka kuulus ka hulluva rahvamassi ees kuulsal Champs-\u00c9lys\u00e9es tiirutamine, temaga sinimustvalgeda \u00fchisele pildile saime \ud83d\ude0a<\/p>\n<figure id=\"attachment_1992\" aria-describedby=\"caption-attachment-1992\" style=\"width: 1440px\" class=\"wp-caption aligncenter\"><a href=\"https:\/\/d2p6e6u75xmxt8.cloudfront.net\/15\/2024\/06\/Finish-Madridis.webp\"><img loading=\"lazy\" decoding=\"async\" class=\"wp-image-1992 size-full\" src=\"https:\/\/d2p6e6u75xmxt8.cloudfront.net\/15\/2024\/06\/Finish-Madridis.webp\" alt=\"\" width=\"1440\" height=\"1080\" srcset=\"https:\/\/d2p6e6u75xmxt8.cloudfront.net\/15\/2024\/06\/Finish-Madridis.webp 1440w, https:\/\/d2p6e6u75xmxt8.cloudfront.net\/15\/2024\/06\/Finish-Madridis-300x225.webp 300w, https:\/\/d2p6e6u75xmxt8.cloudfront.net\/15\/2024\/06\/Finish-Madridis-1024x768.webp 1024w, https:\/\/d2p6e6u75xmxt8.cloudfront.net\/15\/2024\/06\/Finish-Madridis-768x576.webp 768w, https:\/\/d2p6e6u75xmxt8.cloudfront.net\/15\/2024\/06\/Finish-Madridis-400x300.webp 400w\" sizes=\"auto, (max-width: 1440px) 100vw, 1440px\" \/><\/a><figcaption id=\"caption-attachment-1992\" class=\"wp-caption-text\">Madriid , 2018 a.<\/figcaption><\/figure>\n<p>Esimesele seiklusele j\u00e4rgnes 2015. aastal Krakow-Milano trip \u00fches Itaalia suurtuur Giro d&#8217;italiale kaasaelamisega. Seal tegi mehetegused Tanel Kangert, kes sai kokkuv\u00f5ttes kolmeteistk\u00fcmnenda koha ning j\u00f5udis avaetapil kohe ka poodimil \u00e4ra k\u00e4ia. Parima koha heitlusest polnud ta ka kaugel viieteistk\u00fcmnendal etapil Madonna di Campigliol, kuhu me olime paar tundi varem ise juba ratasrteg \u00fcles roninud ning Kangerti s\u00f5idule suurelt ekraanilt tuliselt kaasa elasime.<br \/>\nKolmandat tuur viis meid 2018. aastal juba Nice-i ja sealt edasi l\u00e4bi Portugali Hispaaniasse, kus elasime kaasa juba viimasele kolmest suurtuurist ehk Vueltale.<\/p>\n<p>Viimasest seiklusest on meil n\u00fc\u00fcdseks m\u00f6\u00f6das juba kuus aastat, kuid juba 30. juunil stardime Alpide jalamilt Chamonix`st, et j\u00f5uda 21. juunil Casablancasse \ud83d\ude0a<br \/>\nSarnaselt m\u00f6\u00f6dunud kordadega, hingame me taas t\u00e4pselt suurtuuriga (seekord juulikuise Tour de Franc-iga) samas r\u00fctmis. Ning \u00fcheks suureks sooviks on neljadal p\u00e4eval Col du Calibieril suurtuuri melu oma silmaga n\u00e4ha ja kaasa elada.<br \/>\nLisaks kaasaelamisele v\u00f5idus\u00f5itjatele oleme p\u00fc\u00fcdnud korraldada k\u00f5ik tuurid ka selliselt, et lisaks \u00fchisele kalendrile liigume me ka ise kolme n\u00e4dala jooksul nibinabin samapalju horisontaalselt kilomeetreid ja vertikaalseid meetreid kui tippratturid. Ehk ees ootab taas \u00fcks umbes 3000 kilomeetrine teekond umbes 38\u00a0000 t\u00f5usumeetriga.<\/p>\n<p>Kui senini oleme j\u00f5unud pedaalida seitsmeteistk\u00fcmnes riigis siis Marako ja ka Andorra oleks meie tuuri jaoks uued teet\u00e4hised.<\/p>\n<figure id=\"attachment_1993\" aria-describedby=\"caption-attachment-1993\" style=\"width: 720px\" class=\"wp-caption aligncenter\"><a href=\"https:\/\/d2p6e6u75xmxt8.cloudfront.net\/15\/2024\/06\/Start-San-Remos.webp\"><img loading=\"lazy\" decoding=\"async\" class=\"wp-image-1993 size-full\" src=\"https:\/\/d2p6e6u75xmxt8.cloudfront.net\/15\/2024\/06\/Start-San-Remos.webp\" alt=\"\" width=\"720\" height=\"960\" srcset=\"https:\/\/d2p6e6u75xmxt8.cloudfront.net\/15\/2024\/06\/Start-San-Remos.webp 720w, https:\/\/d2p6e6u75xmxt8.cloudfront.net\/15\/2024\/06\/Start-San-Remos-225x300.webp 225w, https:\/\/d2p6e6u75xmxt8.cloudfront.net\/15\/2024\/06\/Start-San-Remos-300x400.webp 300w\" sizes=\"auto, (max-width: 720px) 100vw, 720px\" \/><\/a><figcaption id=\"caption-attachment-1993\" class=\"wp-caption-text\">Start Sanremost<\/figcaption><\/figure>\n<p>Et tekiks midagi suurt on vaja emotsioone, mida v\u00f5imendab kindlasti \u00fchiselt toetav tiim ja tiimikaaslased. Ise v\u00f5tan ma m\u00fctsi maha meie tiimijuhi T\u00f5nu ees, kes on t\u00e4naseks p\u00e4evaks kaheksa ratturit taas \u201estardijoonele\u201c aidanud tuua \ud83d\ude0a Kuid v\u00e4het\u00e4htsamad pole ka meie kolm saatetiimi liiget, kellest \u00fcks aitab meid ja tavaari l\u00e4bi Euroopa ja t\u00fckki Aafrikat kaasa vedada ning lisaks meile sobivaid peamiselt metsikuid ning eelistatult veega seotud looduslikke \u00f6\u00f6bimiskohti otsida. Kindlasti on \u00fcha suurema t\u00e4htsusega meid tuuril meditsiiniliselt \u201eturvav\u201c f\u00fcsiterapeut, sest eks me k\u00f5ik peame tunnistame fakti, et v\u00f5rreldes eelmise seiklusega oleme k\u00f5ik kuus aastat vanemad ja poolsada aastat eksisteerimist pole meist enamikul enam kaugel.<\/p>\n<p>V\u00f5rreldes eelnevate trippidega teeb selle tuuri k\u00f5ige erilisemaks seekord lisaks Aafrika mandri vallutamisele aga see, et meie suurtoetaja <a href=\"https:\/\/www.skodalaagri.ee\/\">SKO Motors Laagri<\/a> on meile kaasa andnud elektilise elektrilise <a href=\"https:\/\/www.skodalaagri.ee\/taiselektrilise-skoda-enyaq-60-eripakkumine\/\">\u0160koda Enyaq IV <\/a>. Autoajakirjanikust saatetiimi liikmel tuleb t\u00f5en\u00e4oliselt sama vinge seiklus kui ratturitel ning ka k\u00f5igile t\u00f5estamine, et elektriautoga pole v\u00f5imalik s\u00f5ita mitte vaid Tallinnast Tartu vaid koguni Casablancasse! \ud83d\ude0a<\/p>\n<figure id=\"attachment_1994\" aria-describedby=\"caption-attachment-1994\" style=\"width: 978px\" class=\"wp-caption aligncenter\"><a href=\"https:\/\/d2p6e6u75xmxt8.cloudfront.net\/15\/2024\/06\/enyaq.webp\"><img loading=\"lazy\" decoding=\"async\" class=\"wp-image-1994 size-full\" src=\"https:\/\/d2p6e6u75xmxt8.cloudfront.net\/15\/2024\/06\/enyaq.webp\" alt=\"\" width=\"978\" height=\"719\" srcset=\"https:\/\/d2p6e6u75xmxt8.cloudfront.net\/15\/2024\/06\/enyaq.webp 978w, https:\/\/d2p6e6u75xmxt8.cloudfront.net\/15\/2024\/06\/enyaq-300x221.webp 300w, https:\/\/d2p6e6u75xmxt8.cloudfront.net\/15\/2024\/06\/enyaq-768x565.webp 768w, https:\/\/d2p6e6u75xmxt8.cloudfront.net\/15\/2024\/06\/enyaq-400x294.webp 400w\" sizes=\"auto, (max-width: 978px) 100vw, 978px\" \/><\/a><figcaption id=\"caption-attachment-1994\" class=\"wp-caption-text\">\u0160koda Enyaq IV &#8220;Hello Africa&#8221; v\u00e4rvides<\/figcaption><\/figure>\n<p>\u0160kodaga on otseselt seotud ka meie teine suur \u00f5la alla panija We Love Cycling, mis kajastab rattaspordi ja jalgrattaga seotud teemasid ning mis on riietanud meie meeskonna pealaest jalatallani \u00fchtsesse helerohelis-valgesse vormi. Meeskonna osas pean ma veidi k\u00fcll tagasi t\u00f5mbama, kuna tiimis on lisaks kuuele mehele ka kaks kanget naist \ud83d\ude0a<br \/>\nSeiklus on \u00e4ratanud ka huvi laiemalt &#8211; loe meie ettev\u00f5tmistest <a href=\"https:\/\/www.welovecycling.com\/wide\/2024\/06\/17\/an-ev-supported-cycling-trip-from-chamonix-mont-blanc-to-casablanca-in-celebration-of-the-tour-de-france\/\">We Love Cyclingu inglise keelselt lehelt.<\/a><br \/>\nMe oleme seikluseks valmis. Aafrika, siit me tuleme!<\/p>\n","protected":false},"excerpt":{"rendered":"<p>Samal ajal, kui stardib selleaastane suurim rattaspordiv\u00f5istlus le Tour de France 2024 alustab seltskond rattureid Chamonix linnast Prantsusmaalt seiklust Casablanca, [&hellip;]<\/p>\n","protected":false},"author":174,"featured_media":1991,"comment_status":"open","ping_status":"open","sticky":false,"template":"","format":"standard","meta":{"footnotes":""},"categories":[13],"tags":[148,248,129,142,249,14],"global-categories":[22],"class_list":["post-1990","post","type-post","status-publish","format-standard","has-post-thumbnail","hentry","category-blogi","tag-2024-tour-de-france","tag-hello-africa","tag-le-tour","tag-sko-motors","tag-skoda-enyaq","tag-tour-de-france","global-categories-cycling"],"yoast_head":"<!-- This site is optimized with the Yoast SEO Premium plugin v25.3 (Yoast SEO v25.9) - https:\/\/yoast.com\/wordpress\/plugins\/seo\/ -->\n<title>Rattaseiklus Euroopast Aafrikasse &quot;Hello Aafrika&quot; - \u0160koda We Love Cycling - Estonia<\/title>\n<meta name=\"description\" content=\"Samal ajal, kui stardib selleaastane suurim rattaspordiv\u00f5istlus le Tour de France 2024 alustab seltskond rattureid Chamonix linnast Prantsusmaalt seiklust Casablanca, Maroko suunas.Miks nad seda teevad ja miks on neil kaasas elektriauto \u0160koda Enyaq IV?\u00a0\" \/>\n<meta name=\"robots\" content=\"index, follow, max-snippet:-1, max-image-preview:large, max-video-preview:-1\" \/>\n<link rel=\"canonical\" href=\"https:\/\/www.welovecycling.com\/ee\/2024\/06\/27\/rattaseiklus-euroopast-aafrikasse-hello-aafrika\/\" \/>\n<meta property=\"og:locale\" content=\"et_EE\" \/>\n<meta property=\"og:type\" content=\"article\" \/>\n<meta property=\"og:title\" content=\"Rattaseiklus Euroopast Aafrikasse &quot;Hello Aafrika&quot;\" \/>\n<meta property=\"og:description\" content=\"Samal ajal, kui stardib selleaastane suurim rattaspordiv\u00f5istlus le Tour de France 2024 alustab seltskond rattureid Chamonix linnast Prantsusmaalt seiklust Casablanca, Maroko suunas.Miks nad seda teevad ja miks on neil kaasas elektriauto \u0160koda Enyaq IV?\u00a0\" \/>\n<meta property=\"og:url\" content=\"https:\/\/www.welovecycling.com\/ee\/2024\/06\/27\/rattaseiklus-euroopast-aafrikasse-hello-aafrika\/\" \/>\n<meta property=\"og:site_name\" content=\"\u0160koda We Love Cycling - Estonia\" \/>\n<meta property=\"article:published_time\" content=\"2024-06-27T04:11:46+00:00\" \/>\n<meta property=\"article:modified_time\" content=\"2024-06-27T04:31:42+00:00\" \/>\n<meta property=\"og:image\" content=\"https:\/\/d2p6e6u75xmxt8.cloudfront.net\/15\/2024\/06\/Angliru.webp\" \/>\n\t<meta property=\"og:image:width\" content=\"960\" \/>\n\t<meta property=\"og:image:height\" content=\"720\" \/>\n\t<meta property=\"og:image:type\" content=\"image\/webp\" \/>\n<meta name=\"author\" content=\"andre\" \/>\n<meta name=\"twitter:card\" content=\"summary_large_image\" \/>\n<meta name=\"twitter:label1\" content=\"Written by\" \/>\n\t<meta name=\"twitter:data1\" content=\"Raivo Sormunen \/ Andre Kull\" \/>\n\t<meta name=\"twitter:label2\" content=\"Est. reading time\" \/>\n\t<meta name=\"twitter:data2\" content=\"4\" \/>\n<script type=\"application\/ld+json\" class=\"yoast-schema-graph\">{\"@context\":\"https:\/\/schema.org\",\"@graph\":[{\"@type\":\"WebPage\",\"@id\":\"https:\/\/www.welovecycling.com\/ee\/2024\/06\/27\/rattaseiklus-euroopast-aafrikasse-hello-aafrika\/\",\"url\":\"https:\/\/www.welovecycling.com\/ee\/2024\/06\/27\/rattaseiklus-euroopast-aafrikasse-hello-aafrika\/\",\"name\":\"Rattaseiklus Euroopast Aafrikasse \\\"Hello Aafrika\\\" - \u0160koda We Love Cycling - Estonia\",\"isPartOf\":{\"@id\":\"https:\/\/www.welovecycling.com\/ee\/#website\"},\"primaryImageOfPage\":{\"@id\":\"https:\/\/www.welovecycling.com\/ee\/2024\/06\/27\/rattaseiklus-euroopast-aafrikasse-hello-aafrika\/#primaryimage\"},\"image\":{\"@id\":\"https:\/\/www.welovecycling.com\/ee\/2024\/06\/27\/rattaseiklus-euroopast-aafrikasse-hello-aafrika\/#primaryimage\"},\"thumbnailUrl\":\"https:\/\/d2p6e6u75xmxt8.cloudfront.net\/15\/2024\/06\/Angliru.webp\",\"datePublished\":\"2024-06-27T04:11:46+00:00\",\"dateModified\":\"2024-06-27T04:31:42+00:00\",\"author\":{\"@id\":\"https:\/\/www.welovecycling.com\/ee\/#\/schema\/person\/8b7101c4bd1b1ae9d3732ebb1e6caf57\"},\"description\":\"Samal ajal, kui stardib selleaastane suurim rattaspordiv\u00f5istlus le Tour de France 2024 alustab seltskond rattureid Chamonix linnast Prantsusmaalt seiklust Casablanca, Maroko suunas.Miks nad seda teevad ja miks on neil kaasas elektriauto \u0160koda Enyaq IV?\u00a0\",\"inLanguage\":\"et\",\"potentialAction\":[{\"@type\":\"ReadAction\",\"target\":[\"https:\/\/www.welovecycling.com\/ee\/2024\/06\/27\/rattaseiklus-euroopast-aafrikasse-hello-aafrika\/\"]}]},{\"@type\":\"ImageObject\",\"inLanguage\":\"et\",\"@id\":\"https:\/\/www.welovecycling.com\/ee\/2024\/06\/27\/rattaseiklus-euroopast-aafrikasse-hello-aafrika\/#primaryimage\",\"url\":\"https:\/\/d2p6e6u75xmxt8.cloudfront.net\/15\/2024\/06\/Angliru.webp\",\"contentUrl\":\"https:\/\/d2p6e6u75xmxt8.cloudfront.net\/15\/2024\/06\/Angliru.webp\",\"width\":960,\"height\":720},{\"@type\":\"WebSite\",\"@id\":\"https:\/\/www.welovecycling.com\/ee\/#website\",\"url\":\"https:\/\/www.welovecycling.com\/ee\/\",\"name\":\"\u0160koda We Love Cycling - Estonia\",\"description\":\"\",\"potentialAction\":[{\"@type\":\"SearchAction\",\"target\":{\"@type\":\"EntryPoint\",\"urlTemplate\":\"https:\/\/www.welovecycling.com\/ee\/?s={search_term_string}\"},\"query-input\":{\"@type\":\"PropertyValueSpecification\",\"valueRequired\":true,\"valueName\":\"search_term_string\"}}],\"inLanguage\":\"et\"},{\"@type\":\"Person\",\"@id\":\"https:\/\/www.welovecycling.com\/ee\/#\/schema\/person\/8b7101c4bd1b1ae9d3732ebb1e6caf57\",\"name\":\"andre\",\"image\":{\"@type\":\"ImageObject\",\"inLanguage\":\"et\",\"@id\":\"https:\/\/www.welovecycling.com\/ee\/#\/schema\/person\/image\/\",\"url\":\"https:\/\/secure.gravatar.com\/avatar\/0656b3224fe17b018f43b8a562625dd43d30827f027b2f62bc5a05711fec9a61?s=96&d=mm&r=g\",\"contentUrl\":\"https:\/\/secure.gravatar.com\/avatar\/0656b3224fe17b018f43b8a562625dd43d30827f027b2f62bc5a05711fec9a61?s=96&d=mm&r=g\",\"caption\":\"andre\"},\"url\":\"https:\/\/www.welovecycling.com\/ee\/author\/andre\/\"}]}<\/script>\n<!-- \/ Yoast SEO Premium plugin. -->","yoast_head_json":{"title":"Rattaseiklus Euroopast Aafrikasse \"Hello Aafrika\" - \u0160koda We Love Cycling - Estonia","description":"Samal ajal, kui stardib selleaastane suurim rattaspordiv\u00f5istlus le Tour de France 2024 alustab seltskond rattureid Chamonix linnast Prantsusmaalt seiklust Casablanca, Maroko suunas.Miks nad seda teevad ja miks on neil kaasas elektriauto \u0160koda Enyaq IV?\u00a0","robots":{"index":"index","follow":"follow","max-snippet":"max-snippet:-1","max-image-preview":"max-image-preview:large","max-video-preview":"max-video-preview:-1"},"canonical":"https:\/\/www.welovecycling.com\/ee\/2024\/06\/27\/rattaseiklus-euroopast-aafrikasse-hello-aafrika\/","og_locale":"et_EE","og_type":"article","og_title":"Rattaseiklus Euroopast Aafrikasse \"Hello Aafrika\"","og_description":"Samal ajal, kui stardib selleaastane suurim rattaspordiv\u00f5istlus le Tour de France 2024 alustab seltskond rattureid Chamonix linnast Prantsusmaalt seiklust Casablanca, Maroko suunas.Miks nad seda teevad ja miks on neil kaasas elektriauto \u0160koda Enyaq IV?\u00a0","og_url":"https:\/\/www.welovecycling.com\/ee\/2024\/06\/27\/rattaseiklus-euroopast-aafrikasse-hello-aafrika\/","og_site_name":"\u0160koda We Love Cycling - Estonia","article_published_time":"2024-06-27T04:11:46+00:00","article_modified_time":"2024-06-27T04:31:42+00:00","og_image":[{"width":960,"height":720,"url":"https:\/\/d2p6e6u75xmxt8.cloudfront.net\/15\/2024\/06\/Angliru.webp","type":"image\/webp"}],"author":"andre","twitter_card":"summary_large_image","twitter_misc":{"Written by":"Raivo Sormunen \/ Andre Kull","Est. reading time":"4"},"schema":{"@context":"https:\/\/schema.org","@graph":[{"@type":"WebPage","@id":"https:\/\/www.welovecycling.com\/ee\/2024\/06\/27\/rattaseiklus-euroopast-aafrikasse-hello-aafrika\/","url":"https:\/\/www.welovecycling.com\/ee\/2024\/06\/27\/rattaseiklus-euroopast-aafrikasse-hello-aafrika\/","name":"Rattaseiklus Euroopast Aafrikasse \"Hello Aafrika\" - \u0160koda We Love Cycling - Estonia","isPartOf":{"@id":"https:\/\/www.welovecycling.com\/ee\/#website"},"primaryImageOfPage":{"@id":"https:\/\/www.welovecycling.com\/ee\/2024\/06\/27\/rattaseiklus-euroopast-aafrikasse-hello-aafrika\/#primaryimage"},"image":{"@id":"https:\/\/www.welovecycling.com\/ee\/2024\/06\/27\/rattaseiklus-euroopast-aafrikasse-hello-aafrika\/#primaryimage"},"thumbnailUrl":"https:\/\/d2p6e6u75xmxt8.cloudfront.net\/15\/2024\/06\/Angliru.webp","datePublished":"2024-06-27T04:11:46+00:00","dateModified":"2024-06-27T04:31:42+00:00","author":{"@id":"https:\/\/www.welovecycling.com\/ee\/#\/schema\/person\/8b7101c4bd1b1ae9d3732ebb1e6caf57"},"description":"Samal ajal, kui stardib selleaastane suurim rattaspordiv\u00f5istlus le Tour de France 2024 alustab seltskond rattureid Chamonix linnast Prantsusmaalt seiklust Casablanca, Maroko suunas.Miks nad seda teevad ja miks on neil kaasas elektriauto \u0160koda Enyaq IV?\u00a0","inLanguage":"et","potentialAction":[{"@type":"ReadAction","target":["https:\/\/www.welovecycling.com\/ee\/2024\/06\/27\/rattaseiklus-euroopast-aafrikasse-hello-aafrika\/"]}]},{"@type":"ImageObject","inLanguage":"et","@id":"https:\/\/www.welovecycling.com\/ee\/2024\/06\/27\/rattaseiklus-euroopast-aafrikasse-hello-aafrika\/#primaryimage","url":"https:\/\/d2p6e6u75xmxt8.cloudfront.net\/15\/2024\/06\/Angliru.webp","contentUrl":"https:\/\/d2p6e6u75xmxt8.cloudfront.net\/15\/2024\/06\/Angliru.webp","width":960,"height":720},{"@type":"WebSite","@id":"https:\/\/www.welovecycling.com\/ee\/#website","url":"https:\/\/www.welovecycling.com\/ee\/","name":"\u0160koda We Love Cycling - Estonia","description":"","potentialAction":[{"@type":"SearchAction","target":{"@type":"EntryPoint","urlTemplate":"https:\/\/www.welovecycling.com\/ee\/?s={search_term_string}"},"query-input":{"@type":"PropertyValueSpecification","valueRequired":true,"valueName":"search_term_string"}}],"inLanguage":"et"},{"@type":"Person","@id":"https:\/\/www.welovecycling.com\/ee\/#\/schema\/person\/8b7101c4bd1b1ae9d3732ebb1e6caf57","name":"andre","image":{"@type":"ImageObject","inLanguage":"et","@id":"https:\/\/www.welovecycling.com\/ee\/#\/schema\/person\/image\/","url":"https:\/\/secure.gravatar.com\/avatar\/0656b3224fe17b018f43b8a562625dd43d30827f027b2f62bc5a05711fec9a61?s=96&d=mm&r=g","contentUrl":"https:\/\/secure.gravatar.com\/avatar\/0656b3224fe17b018f43b8a562625dd43d30827f027b2f62bc5a05711fec9a61?s=96&d=mm&r=g","caption":"andre"},"url":"https:\/\/www.welovecycling.com\/ee\/author\/andre\/"}]}},"_links":{"self":[{"href":"https:\/\/www.welovecycling.com\/ee\/wp-json\/wp\/v2\/posts\/1990","targetHints":{"allow":["GET"]}}],"collection":[{"href":"https:\/\/www.welovecycling.com\/ee\/wp-json\/wp\/v2\/posts"}],"about":[{"href":"https:\/\/www.welovecycling.com\/ee\/wp-json\/wp\/v2\/types\/post"}],"author":[{"embeddable":true,"href":"https:\/\/www.welovecycling.com\/ee\/wp-json\/wp\/v2\/users\/174"}],"replies":[{"embeddable":true,"href":"https:\/\/www.welovecycling.com\/ee\/wp-json\/wp\/v2\/comments?post=1990"}],"version-history":[{"count":7,"href":"https:\/\/www.welovecycling.com\/ee\/wp-json\/wp\/v2\/posts\/1990\/revisions"}],"predecessor-version":[{"id":2001,"href":"https:\/\/www.welovecycling.com\/ee\/wp-json\/wp\/v2\/posts\/1990\/revisions\/2001"}],"wp:featuredmedia":[{"embeddable":true,"href":"https:\/\/www.welovecycling.com\/ee\/wp-json\/wp\/v2\/media\/1991"}],"wp:attachment":[{"href":"https:\/\/www.welovecycling.com\/ee\/wp-json\/wp\/v2\/media?parent=1990"}],"wp:term":[{"taxonomy":"category","embeddable":true,"href":"https:\/\/www.welovecycling.com\/ee\/wp-json\/wp\/v2\/categories?post=1990"},{"taxonomy":"post_tag","embeddable":true,"href":"https:\/\/www.welovecycling.com\/ee\/wp-json\/wp\/v2\/tags?post=1990"},{"taxonomy":"global-categories","embeddable":true,"href":"https:\/\/www.welovecycling.com\/ee\/wp-json\/wp\/v2\/global-categories?post=1990"}],"curies":[{"name":"wp","href":"https:\/\/api.w.org\/{rel}","templated":true}]}}