{"id":1862,"date":"2024-05-03T21:24:58","date_gmt":"2024-05-03T18:24:58","guid":{"rendered":"https:\/\/www.welovecycling.com\/ee\/?p=1862"},"modified":"2024-05-03T21:42:35","modified_gmt":"2024-05-03T18:42:35","slug":"skoda-titan-desert-morocco-2024-greete-poodiumil","status":"publish","type":"post","link":"https:\/\/www.welovecycling.com\/ee\/2024\/05\/03\/skoda-titan-desert-morocco-2024-greete-poodiumil\/","title":{"rendered":"\u0160koda Titan Desert Morocco 2024 &#8211; Greete poodiumil!"},"content":{"rendered":"<h2>Titan Desert peeti esmakordsalt aastal 2006. Algselt Titan Desert Garmini nime kandnud v\u00f5istluse idee on tuua mitmep\u00e4evaline maastikurattav\u00f5istlus k\u00f5rbesse. Maalilised vaated, d\u00fc\u00fcnid, kaamlid, telklinnakud, kuumus, tuul ja liiv. T\u00f5eline v\u00e4ljakutse!<\/h2>\n<p><!--more--><\/p>\n<p>Peale Garmini sponsorlepingu l\u00f5ppu v\u00f5ttis peatoetaja kohustused \u00fcle \u0160koda. \u0160koda on selle v\u00f5istluse peasponsoriks olnud n\u00fc\u00fcdseks 3 aastat. V\u00f5istluse maine ja tuntus on aasta aastalt suurenenud, meelitades kohale ala tippe.<br \/>\nSellel aastal avanes meil v\u00f5imalus SKO Motorsi ja We Love Cyclingu abiga saata sellele legendaarsele v\u00f5istlusele meie oma We Love Cycling Estonia tiimi s\u00f5itja Greete Steinburgi.<br \/>\n\u00dchtlasi on ta ka esimene eestlane, kes sellel v\u00f5istusel osalenud on. Greete l\u00f5petas k\u00fcll eelmisel aastal oma profisportlase karj\u00e4\u00e4ri, kuid treenib siiski t\u00e4nu oma t\u00f6\u00f6le suurte mahtudega edasi. 6-p\u00e4evane v\u00e4ljakutse Sahara k\u00f5rbes tundus just selline, mis k\u00f5ikjal v\u00f5istenud ja k\u00f5ike n\u00e4inud sportlast siiski ennast motiveerituna tundma pani.<\/p>\n<p><a href=\"https:\/\/d2p6e6u75xmxt8.cloudfront.net\/15\/2024\/05\/IMG_4873-scaled.webp\"><img loading=\"lazy\" decoding=\"async\" class=\"aligncenter size-extra-large wp-image-1876\" src=\"https:\/\/d2p6e6u75xmxt8.cloudfront.net\/15\/2024\/05\/IMG_4873-1440x1920.webp\" alt=\"\" width=\"1440\" height=\"1920\" srcset=\"https:\/\/d2p6e6u75xmxt8.cloudfront.net\/15\/2024\/05\/IMG_4873-1440x1920.webp 1440w, https:\/\/d2p6e6u75xmxt8.cloudfront.net\/15\/2024\/05\/IMG_4873-225x300.webp 225w, https:\/\/d2p6e6u75xmxt8.cloudfront.net\/15\/2024\/05\/IMG_4873-768x1024.webp 768w, https:\/\/d2p6e6u75xmxt8.cloudfront.net\/15\/2024\/05\/IMG_4873-1152x1536.webp 1152w, https:\/\/d2p6e6u75xmxt8.cloudfront.net\/15\/2024\/05\/IMG_4873-1536x2048.webp 1536w, https:\/\/d2p6e6u75xmxt8.cloudfront.net\/15\/2024\/05\/IMG_4873-300x400.webp 300w, https:\/\/d2p6e6u75xmxt8.cloudfront.net\/15\/2024\/05\/IMG_4873-scaled.webp 1920w, https:\/\/d2p6e6u75xmxt8.cloudfront.net\/15\/2024\/05\/IMG_4873-1440x1920.webp 1440w\" sizes=\"auto, (max-width: 1440px) 100vw, 1440px\" \/><\/a><\/p>\n<h4>V\u00f5islusest \u00fcldiselt.<\/h4>\n<p>V\u00f5istlus kestab 6 p\u00e4eva, 590 km, 6500 t\u00f5usumeetrit. Esimesed 2 etappi s\u00f5idetakse Atlase m\u00e4gedes ja k\u00f5rgus merepinnast \u00fcletab korduvalt 2000 m piiri.<br \/>\nV\u00f5istluse esimesed 3 etappi toimuvad m\u00e4rgistatud radadel. Viimased 3 s\u00f5idetakse kas t\u00e4ielikult v\u00f5i osaliselt ise navigeerides ja enda vajalike asju kaasas vedades.<br \/>\n\u00d6\u00f6bimine on organiseeritud k\u00f5rbes Marokko traditsioonilistes beduiini telkides. Telgis \u00f6\u00f6bib korraga mitu inimest. Telkide \u00fcmbrus on palistatud vaipadega. \u00d6\u00f6siti on temperatuur kohati vaid + 6 C, p\u00e4eval \u00fcle 30 C.<\/p>\n<p><a href=\"https:\/\/d2p6e6u75xmxt8.cloudfront.net\/15\/2024\/05\/IMG_4979-scaled.webp\"><img loading=\"lazy\" decoding=\"async\" class=\"aligncenter size-extra-large wp-image-1879\" src=\"https:\/\/d2p6e6u75xmxt8.cloudfront.net\/15\/2024\/05\/IMG_4979-1440x1920.webp\" alt=\"\" width=\"1440\" height=\"1920\" srcset=\"https:\/\/d2p6e6u75xmxt8.cloudfront.net\/15\/2024\/05\/IMG_4979-1440x1920.webp 1440w, https:\/\/d2p6e6u75xmxt8.cloudfront.net\/15\/2024\/05\/IMG_4979-225x300.webp 225w, https:\/\/d2p6e6u75xmxt8.cloudfront.net\/15\/2024\/05\/IMG_4979-768x1024.webp 768w, https:\/\/d2p6e6u75xmxt8.cloudfront.net\/15\/2024\/05\/IMG_4979-1152x1536.webp 1152w, https:\/\/d2p6e6u75xmxt8.cloudfront.net\/15\/2024\/05\/IMG_4979-1536x2048.webp 1536w, https:\/\/d2p6e6u75xmxt8.cloudfront.net\/15\/2024\/05\/IMG_4979-300x400.webp 300w, https:\/\/d2p6e6u75xmxt8.cloudfront.net\/15\/2024\/05\/IMG_4979-scaled.webp 1920w, https:\/\/d2p6e6u75xmxt8.cloudfront.net\/15\/2024\/05\/IMG_4979-1440x1920.webp 1440w\" sizes=\"auto, (max-width: 1440px) 100vw, 1440px\" \/><\/a><\/p>\n<h4>S\u00f5idust:<\/h4>\n<p>Greete oli algusest peale poodiumi konkurentsis ja hoidis etappidel kindalt kolmandat kohta. Teistel naistel olid abiks mitu meessoost tiimikaaslast, kelle toetus aitas neil lihtsamini navigeerida , s\u00fc\u00fca, juu ja tehnilisi muresid lahendada.<br \/>\nViimasel kolmel etapil oli Greetel teine koht k\u00e4eulatuses\u00a0 &#8211; abiks oli ka see, et Greete on regulaarselt jooksmas k\u00e4inud ja just jooksmine talle liivasematel l\u00f5ikudel ka edu t\u00f5i. Viimasel, kuuendal etapil \u00f5nnestuski ka poodiumi teine aste \u00e4ra v\u00f5tta ja 6-p\u00e4evane tuur edukalt ja p\u00fcstip\u00e4i \u00fcldarvestuses kolmandal kohal l\u00f5petada.<\/p>\n<p><a href=\"https:\/\/d2p6e6u75xmxt8.cloudfront.net\/15\/2024\/05\/19308E26-25E6-42DA-83B3-AD883FFD5C9A-scaled.webp\"><img loading=\"lazy\" decoding=\"async\" class=\"aligncenter size-extra-large wp-image-1873\" src=\"https:\/\/d2p6e6u75xmxt8.cloudfront.net\/15\/2024\/05\/19308E26-25E6-42DA-83B3-AD883FFD5C9A-1440x1920.webp\" alt=\"\" width=\"1440\" height=\"1920\" srcset=\"https:\/\/d2p6e6u75xmxt8.cloudfront.net\/15\/2024\/05\/19308E26-25E6-42DA-83B3-AD883FFD5C9A-1440x1920.webp 1440w, https:\/\/d2p6e6u75xmxt8.cloudfront.net\/15\/2024\/05\/19308E26-25E6-42DA-83B3-AD883FFD5C9A-225x300.webp 225w, https:\/\/d2p6e6u75xmxt8.cloudfront.net\/15\/2024\/05\/19308E26-25E6-42DA-83B3-AD883FFD5C9A-768x1024.webp 768w, https:\/\/d2p6e6u75xmxt8.cloudfront.net\/15\/2024\/05\/19308E26-25E6-42DA-83B3-AD883FFD5C9A-1152x1536.webp 1152w, https:\/\/d2p6e6u75xmxt8.cloudfront.net\/15\/2024\/05\/19308E26-25E6-42DA-83B3-AD883FFD5C9A-1536x2048.webp 1536w, https:\/\/d2p6e6u75xmxt8.cloudfront.net\/15\/2024\/05\/19308E26-25E6-42DA-83B3-AD883FFD5C9A-300x400.webp 300w, https:\/\/d2p6e6u75xmxt8.cloudfront.net\/15\/2024\/05\/19308E26-25E6-42DA-83B3-AD883FFD5C9A-scaled.webp 1920w, https:\/\/d2p6e6u75xmxt8.cloudfront.net\/15\/2024\/05\/19308E26-25E6-42DA-83B3-AD883FFD5C9A-1440x1920.webp 1440w\" sizes=\"auto, (max-width: 1440px) 100vw, 1440px\" \/><\/a><\/p>\n<p>Kokkuv\u00f5ttes v\u00f5itis kindlalt k\u00f5ik etapid ja \u00fcldarvestuse hollandlanna Tessa Kortekaas Cannondale ISB profitiimist.<br \/>\nGreetega v\u00f5ttis v\u00f5rdsematel alustel m\u00f5\u00f5tu hispaanlanna Pilar Fernandez Hernandez\u00a0 KH7 tiimist, olles k\u00f5igil, v\u00e4lja arvatdud kuuendal etapil teine ja teine ka koondarvestuses.<br \/>\nGreete v\u00f5itles tublisti ja oli viiel etapl kolmas ja viimasel teine. Kokkuv\u00f5ttes kindel kolmas koht.<\/p>\n<p><a href=\"https:\/\/d2p6e6u75xmxt8.cloudfront.net\/15\/2024\/05\/IMG_5094-scaled.webp\"><img loading=\"lazy\" decoding=\"async\" class=\"aligncenter size-extra-large wp-image-1882\" src=\"https:\/\/d2p6e6u75xmxt8.cloudfront.net\/15\/2024\/05\/IMG_5094-1920x1280.webp\" alt=\"\" width=\"1920\" height=\"1280\" srcset=\"https:\/\/d2p6e6u75xmxt8.cloudfront.net\/15\/2024\/05\/IMG_5094-1920x1280.webp 1920w, https:\/\/d2p6e6u75xmxt8.cloudfront.net\/15\/2024\/05\/IMG_5094-300x200.webp 300w, https:\/\/d2p6e6u75xmxt8.cloudfront.net\/15\/2024\/05\/IMG_5094-1024x683.webp 1024w, https:\/\/d2p6e6u75xmxt8.cloudfront.net\/15\/2024\/05\/IMG_5094-768x512.webp 768w, https:\/\/d2p6e6u75xmxt8.cloudfront.net\/15\/2024\/05\/IMG_5094-1536x1024.webp 1536w, https:\/\/d2p6e6u75xmxt8.cloudfront.net\/15\/2024\/05\/IMG_5094-2048x1365.webp 2048w, https:\/\/d2p6e6u75xmxt8.cloudfront.net\/15\/2024\/05\/IMG_5094-400x267.webp 400w, https:\/\/d2p6e6u75xmxt8.cloudfront.net\/15\/2024\/05\/IMG_5094-272x182.webp 272w, https:\/\/d2p6e6u75xmxt8.cloudfront.net\/15\/2024\/05\/IMG_5094-1920x1280.webp 1920w\" sizes=\"auto, (max-width: 1920px) 100vw, 1920px\" \/><\/a><\/p>\n<p>Meeste eliitklassis v\u00f5its legendaarne hispaanlane Luis Leon Sanchez tiimist Kosner-Saltoki Home 1, teisena l\u00f5petas samuti Hispaaniast tituleeritud Sergio Mantec\u00f3n Guti\u00e9rrez Scott Cala Bandida tiimist. Kolmanda koha saavutas itaalane Riccardo Chiarini tiimist Cannondale ISB Sport &#8211; Soria Ni Te Lo Imaginas.<\/p>\n<p><a href=\"https:\/\/d2p6e6u75xmxt8.cloudfront.net\/15\/2024\/05\/438088166_18431733928022433_2957863196828394561_n.webp\"><img loading=\"lazy\" decoding=\"async\" class=\"aligncenter size-full wp-image-1884\" src=\"https:\/\/d2p6e6u75xmxt8.cloudfront.net\/15\/2024\/05\/438088166_18431733928022433_2957863196828394561_n.webp\" alt=\"\" width=\"640\" height=\"1138\" srcset=\"https:\/\/d2p6e6u75xmxt8.cloudfront.net\/15\/2024\/05\/438088166_18431733928022433_2957863196828394561_n.webp 640w, https:\/\/d2p6e6u75xmxt8.cloudfront.net\/15\/2024\/05\/438088166_18431733928022433_2957863196828394561_n-169x300.webp 169w, https:\/\/d2p6e6u75xmxt8.cloudfront.net\/15\/2024\/05\/438088166_18431733928022433_2957863196828394561_n-576x1024.webp 576w, https:\/\/d2p6e6u75xmxt8.cloudfront.net\/15\/2024\/05\/438088166_18431733928022433_2957863196828394561_n-225x400.webp 225w\" sizes=\"auto, (max-width: 640px) 100vw, 640px\" \/><\/a><\/p>\n","protected":false},"excerpt":{"rendered":"<p>Titan Desert peeti esmakordsalt aastal 2006. Algselt Titan Desert Garmini nime kandnud v\u00f5istluse idee on tuua mitmep\u00e4evaline maastikurattav\u00f5istlus k\u00f5rbesse. Maalilised [&hellip;]<\/p>\n","protected":false},"author":174,"featured_media":1874,"comment_status":"open","ping_status":"open","sticky":false,"template":"","format":"standard","meta":{"footnotes":""},"categories":[12],"tags":[227,153,229,228,121,189,190],"global-categories":[22],"class_list":["post-1862","post","type-post","status-publish","format-standard","has-post-thumbnail","hentry","category-cx-gravel-mtb","tag-2024-skoda-titan-desert","tag-greete-steinburg","tag-morocco","tag-sahara","tag-skoda-titan-desert","tag-skoda-titan-desert-morocco","tag-titan-desert","global-categories-cycling"],"yoast_head":"<!-- This site is optimized with the Yoast SEO Premium plugin v25.3 (Yoast SEO v25.9) - https:\/\/yoast.com\/wordpress\/plugins\/seo\/ -->\n<title>\u0160koda Titan Desert Morocco 2024 - Greete poodiumil! - \u0160koda We Love Cycling - Estonia<\/title>\n<meta name=\"description\" content=\"Titan Desert peeti esmakordsalt aastal 2006. Algselt Titan Desert Garmini nime kandnud v\u00f5istluse idee on tuua mitmep\u00e4evaline maastikurattav\u00f5istlus k\u00f5rbesse. Maalilised vaated, d\u00fc\u00fcnid, kaamlid, telklinnakud, kuumus, tuul ja liiv. T\u00f5eline v\u00e4ljakutse!\" \/>\n<meta name=\"robots\" content=\"index, follow, max-snippet:-1, max-image-preview:large, max-video-preview:-1\" \/>\n<link rel=\"canonical\" href=\"https:\/\/www.welovecycling.com\/ee\/2024\/05\/03\/skoda-titan-desert-morocco-2024-greete-poodiumil\/\" \/>\n<meta property=\"og:locale\" content=\"et_EE\" \/>\n<meta property=\"og:type\" content=\"article\" \/>\n<meta property=\"og:title\" content=\"\u0160koda Titan Desert Morocco 2024 - Greete poodiumil!\" \/>\n<meta property=\"og:description\" content=\"Titan Desert peeti esmakordsalt aastal 2006. Algselt Titan Desert Garmini nime kandnud v\u00f5istluse idee on tuua mitmep\u00e4evaline maastikurattav\u00f5istlus k\u00f5rbesse. Maalilised vaated, d\u00fc\u00fcnid, kaamlid, telklinnakud, kuumus, tuul ja liiv. T\u00f5eline v\u00e4ljakutse!\" \/>\n<meta property=\"og:url\" content=\"https:\/\/www.welovecycling.com\/ee\/2024\/05\/03\/skoda-titan-desert-morocco-2024-greete-poodiumil\/\" \/>\n<meta property=\"og:site_name\" content=\"\u0160koda We Love Cycling - Estonia\" \/>\n<meta property=\"article:published_time\" content=\"2024-05-03T18:24:58+00:00\" \/>\n<meta property=\"article:modified_time\" content=\"2024-05-03T18:42:35+00:00\" \/>\n<meta property=\"og:image\" content=\"https:\/\/d2p6e6u75xmxt8.cloudfront.net\/15\/2024\/05\/440583744_18430724287000662_8205312151135208172_n.webp\" \/>\n\t<meta property=\"og:image:width\" content=\"1440\" \/>\n\t<meta property=\"og:image:height\" content=\"1439\" \/>\n\t<meta property=\"og:image:type\" content=\"image\/webp\" \/>\n<meta name=\"author\" content=\"andre\" \/>\n<meta name=\"twitter:card\" content=\"summary_large_image\" \/>\n<meta name=\"twitter:label1\" content=\"Written by\" \/>\n\t<meta name=\"twitter:data1\" content=\"Andre Kull\" \/>\n\t<meta name=\"twitter:label2\" content=\"Est. reading time\" \/>\n\t<meta name=\"twitter:data2\" content=\"2 minutes\" \/>\n<script type=\"application\/ld+json\" class=\"yoast-schema-graph\">{\"@context\":\"https:\/\/schema.org\",\"@graph\":[{\"@type\":\"WebPage\",\"@id\":\"https:\/\/www.welovecycling.com\/ee\/2024\/05\/03\/skoda-titan-desert-morocco-2024-greete-poodiumil\/\",\"url\":\"https:\/\/www.welovecycling.com\/ee\/2024\/05\/03\/skoda-titan-desert-morocco-2024-greete-poodiumil\/\",\"name\":\"\u0160koda Titan Desert Morocco 2024 - Greete poodiumil! - \u0160koda We Love Cycling - Estonia\",\"isPartOf\":{\"@id\":\"https:\/\/www.welovecycling.com\/ee\/#website\"},\"primaryImageOfPage\":{\"@id\":\"https:\/\/www.welovecycling.com\/ee\/2024\/05\/03\/skoda-titan-desert-morocco-2024-greete-poodiumil\/#primaryimage\"},\"image\":{\"@id\":\"https:\/\/www.welovecycling.com\/ee\/2024\/05\/03\/skoda-titan-desert-morocco-2024-greete-poodiumil\/#primaryimage\"},\"thumbnailUrl\":\"https:\/\/d2p6e6u75xmxt8.cloudfront.net\/15\/2024\/05\/440583744_18430724287000662_8205312151135208172_n.webp\",\"datePublished\":\"2024-05-03T18:24:58+00:00\",\"dateModified\":\"2024-05-03T18:42:35+00:00\",\"author\":{\"@id\":\"https:\/\/www.welovecycling.com\/ee\/#\/schema\/person\/8b7101c4bd1b1ae9d3732ebb1e6caf57\"},\"description\":\"Titan Desert peeti esmakordsalt aastal 2006. Algselt Titan Desert Garmini nime kandnud v\u00f5istluse idee on tuua mitmep\u00e4evaline maastikurattav\u00f5istlus k\u00f5rbesse. Maalilised vaated, d\u00fc\u00fcnid, kaamlid, telklinnakud, kuumus, tuul ja liiv. T\u00f5eline v\u00e4ljakutse!\",\"inLanguage\":\"et\",\"potentialAction\":[{\"@type\":\"ReadAction\",\"target\":[\"https:\/\/www.welovecycling.com\/ee\/2024\/05\/03\/skoda-titan-desert-morocco-2024-greete-poodiumil\/\"]}]},{\"@type\":\"ImageObject\",\"inLanguage\":\"et\",\"@id\":\"https:\/\/www.welovecycling.com\/ee\/2024\/05\/03\/skoda-titan-desert-morocco-2024-greete-poodiumil\/#primaryimage\",\"url\":\"https:\/\/d2p6e6u75xmxt8.cloudfront.net\/15\/2024\/05\/440583744_18430724287000662_8205312151135208172_n.webp\",\"contentUrl\":\"https:\/\/d2p6e6u75xmxt8.cloudfront.net\/15\/2024\/05\/440583744_18430724287000662_8205312151135208172_n.webp\",\"width\":1440,\"height\":1439},{\"@type\":\"WebSite\",\"@id\":\"https:\/\/www.welovecycling.com\/ee\/#website\",\"url\":\"https:\/\/www.welovecycling.com\/ee\/\",\"name\":\"\u0160koda We Love Cycling - Estonia\",\"description\":\"\",\"potentialAction\":[{\"@type\":\"SearchAction\",\"target\":{\"@type\":\"EntryPoint\",\"urlTemplate\":\"https:\/\/www.welovecycling.com\/ee\/?s={search_term_string}\"},\"query-input\":{\"@type\":\"PropertyValueSpecification\",\"valueRequired\":true,\"valueName\":\"search_term_string\"}}],\"inLanguage\":\"et\"},{\"@type\":\"Person\",\"@id\":\"https:\/\/www.welovecycling.com\/ee\/#\/schema\/person\/8b7101c4bd1b1ae9d3732ebb1e6caf57\",\"name\":\"andre\",\"image\":{\"@type\":\"ImageObject\",\"inLanguage\":\"et\",\"@id\":\"https:\/\/www.welovecycling.com\/ee\/#\/schema\/person\/image\/\",\"url\":\"https:\/\/secure.gravatar.com\/avatar\/0656b3224fe17b018f43b8a562625dd43d30827f027b2f62bc5a05711fec9a61?s=96&d=mm&r=g\",\"contentUrl\":\"https:\/\/secure.gravatar.com\/avatar\/0656b3224fe17b018f43b8a562625dd43d30827f027b2f62bc5a05711fec9a61?s=96&d=mm&r=g\",\"caption\":\"andre\"},\"url\":\"https:\/\/www.welovecycling.com\/ee\/author\/andre\/\"}]}<\/script>\n<!-- \/ Yoast SEO Premium plugin. -->","yoast_head_json":{"title":"\u0160koda Titan Desert Morocco 2024 - Greete poodiumil! - \u0160koda We Love Cycling - Estonia","description":"Titan Desert peeti esmakordsalt aastal 2006. Algselt Titan Desert Garmini nime kandnud v\u00f5istluse idee on tuua mitmep\u00e4evaline maastikurattav\u00f5istlus k\u00f5rbesse. Maalilised vaated, d\u00fc\u00fcnid, kaamlid, telklinnakud, kuumus, tuul ja liiv. T\u00f5eline v\u00e4ljakutse!","robots":{"index":"index","follow":"follow","max-snippet":"max-snippet:-1","max-image-preview":"max-image-preview:large","max-video-preview":"max-video-preview:-1"},"canonical":"https:\/\/www.welovecycling.com\/ee\/2024\/05\/03\/skoda-titan-desert-morocco-2024-greete-poodiumil\/","og_locale":"et_EE","og_type":"article","og_title":"\u0160koda Titan Desert Morocco 2024 - Greete poodiumil!","og_description":"Titan Desert peeti esmakordsalt aastal 2006. Algselt Titan Desert Garmini nime kandnud v\u00f5istluse idee on tuua mitmep\u00e4evaline maastikurattav\u00f5istlus k\u00f5rbesse. Maalilised vaated, d\u00fc\u00fcnid, kaamlid, telklinnakud, kuumus, tuul ja liiv. T\u00f5eline v\u00e4ljakutse!","og_url":"https:\/\/www.welovecycling.com\/ee\/2024\/05\/03\/skoda-titan-desert-morocco-2024-greete-poodiumil\/","og_site_name":"\u0160koda We Love Cycling - Estonia","article_published_time":"2024-05-03T18:24:58+00:00","article_modified_time":"2024-05-03T18:42:35+00:00","og_image":[{"width":1440,"height":1439,"url":"https:\/\/d2p6e6u75xmxt8.cloudfront.net\/15\/2024\/05\/440583744_18430724287000662_8205312151135208172_n.webp","type":"image\/webp"}],"author":"andre","twitter_card":"summary_large_image","twitter_misc":{"Written by":"Andre Kull","Est. reading time":"2 minutes"},"schema":{"@context":"https:\/\/schema.org","@graph":[{"@type":"WebPage","@id":"https:\/\/www.welovecycling.com\/ee\/2024\/05\/03\/skoda-titan-desert-morocco-2024-greete-poodiumil\/","url":"https:\/\/www.welovecycling.com\/ee\/2024\/05\/03\/skoda-titan-desert-morocco-2024-greete-poodiumil\/","name":"\u0160koda Titan Desert Morocco 2024 - Greete poodiumil! - \u0160koda We Love Cycling - Estonia","isPartOf":{"@id":"https:\/\/www.welovecycling.com\/ee\/#website"},"primaryImageOfPage":{"@id":"https:\/\/www.welovecycling.com\/ee\/2024\/05\/03\/skoda-titan-desert-morocco-2024-greete-poodiumil\/#primaryimage"},"image":{"@id":"https:\/\/www.welovecycling.com\/ee\/2024\/05\/03\/skoda-titan-desert-morocco-2024-greete-poodiumil\/#primaryimage"},"thumbnailUrl":"https:\/\/d2p6e6u75xmxt8.cloudfront.net\/15\/2024\/05\/440583744_18430724287000662_8205312151135208172_n.webp","datePublished":"2024-05-03T18:24:58+00:00","dateModified":"2024-05-03T18:42:35+00:00","author":{"@id":"https:\/\/www.welovecycling.com\/ee\/#\/schema\/person\/8b7101c4bd1b1ae9d3732ebb1e6caf57"},"description":"Titan Desert peeti esmakordsalt aastal 2006. Algselt Titan Desert Garmini nime kandnud v\u00f5istluse idee on tuua mitmep\u00e4evaline maastikurattav\u00f5istlus k\u00f5rbesse. Maalilised vaated, d\u00fc\u00fcnid, kaamlid, telklinnakud, kuumus, tuul ja liiv. T\u00f5eline v\u00e4ljakutse!","inLanguage":"et","potentialAction":[{"@type":"ReadAction","target":["https:\/\/www.welovecycling.com\/ee\/2024\/05\/03\/skoda-titan-desert-morocco-2024-greete-poodiumil\/"]}]},{"@type":"ImageObject","inLanguage":"et","@id":"https:\/\/www.welovecycling.com\/ee\/2024\/05\/03\/skoda-titan-desert-morocco-2024-greete-poodiumil\/#primaryimage","url":"https:\/\/d2p6e6u75xmxt8.cloudfront.net\/15\/2024\/05\/440583744_18430724287000662_8205312151135208172_n.webp","contentUrl":"https:\/\/d2p6e6u75xmxt8.cloudfront.net\/15\/2024\/05\/440583744_18430724287000662_8205312151135208172_n.webp","width":1440,"height":1439},{"@type":"WebSite","@id":"https:\/\/www.welovecycling.com\/ee\/#website","url":"https:\/\/www.welovecycling.com\/ee\/","name":"\u0160koda We Love Cycling - Estonia","description":"","potentialAction":[{"@type":"SearchAction","target":{"@type":"EntryPoint","urlTemplate":"https:\/\/www.welovecycling.com\/ee\/?s={search_term_string}"},"query-input":{"@type":"PropertyValueSpecification","valueRequired":true,"valueName":"search_term_string"}}],"inLanguage":"et"},{"@type":"Person","@id":"https:\/\/www.welovecycling.com\/ee\/#\/schema\/person\/8b7101c4bd1b1ae9d3732ebb1e6caf57","name":"andre","image":{"@type":"ImageObject","inLanguage":"et","@id":"https:\/\/www.welovecycling.com\/ee\/#\/schema\/person\/image\/","url":"https:\/\/secure.gravatar.com\/avatar\/0656b3224fe17b018f43b8a562625dd43d30827f027b2f62bc5a05711fec9a61?s=96&d=mm&r=g","contentUrl":"https:\/\/secure.gravatar.com\/avatar\/0656b3224fe17b018f43b8a562625dd43d30827f027b2f62bc5a05711fec9a61?s=96&d=mm&r=g","caption":"andre"},"url":"https:\/\/www.welovecycling.com\/ee\/author\/andre\/"}]}},"_links":{"self":[{"href":"https:\/\/www.welovecycling.com\/ee\/wp-json\/wp\/v2\/posts\/1862","targetHints":{"allow":["GET"]}}],"collection":[{"href":"https:\/\/www.welovecycling.com\/ee\/wp-json\/wp\/v2\/posts"}],"about":[{"href":"https:\/\/www.welovecycling.com\/ee\/wp-json\/wp\/v2\/types\/post"}],"author":[{"embeddable":true,"href":"https:\/\/www.welovecycling.com\/ee\/wp-json\/wp\/v2\/users\/174"}],"replies":[{"embeddable":true,"href":"https:\/\/www.welovecycling.com\/ee\/wp-json\/wp\/v2\/comments?post=1862"}],"version-history":[{"count":12,"href":"https:\/\/www.welovecycling.com\/ee\/wp-json\/wp\/v2\/posts\/1862\/revisions"}],"predecessor-version":[{"id":1888,"href":"https:\/\/www.welovecycling.com\/ee\/wp-json\/wp\/v2\/posts\/1862\/revisions\/1888"}],"wp:featuredmedia":[{"embeddable":true,"href":"https:\/\/www.welovecycling.com\/ee\/wp-json\/wp\/v2\/media\/1874"}],"wp:attachment":[{"href":"https:\/\/www.welovecycling.com\/ee\/wp-json\/wp\/v2\/media?parent=1862"}],"wp:term":[{"taxonomy":"category","embeddable":true,"href":"https:\/\/www.welovecycling.com\/ee\/wp-json\/wp\/v2\/categories?post=1862"},{"taxonomy":"post_tag","embeddable":true,"href":"https:\/\/www.welovecycling.com\/ee\/wp-json\/wp\/v2\/tags?post=1862"},{"taxonomy":"global-categories","embeddable":true,"href":"https:\/\/www.welovecycling.com\/ee\/wp-json\/wp\/v2\/global-categories?post=1862"}],"curies":[{"name":"wp","href":"https:\/\/api.w.org\/{rel}","templated":true}]}}