{"id":1826,"date":"2024-04-19T14:26:19","date_gmt":"2024-04-19T11:26:19","guid":{"rendered":"https:\/\/www.welovecycling.com\/ee\/?p=1826"},"modified":"2024-04-19T14:26:19","modified_gmt":"2024-04-19T11:26:19","slug":"sissevaade-alpecin-deceunincki-meeskonda-tiimiautode-roll-liege-bastogne-liegei-voidusoidul","status":"publish","type":"post","link":"https:\/\/www.welovecycling.com\/ee\/2024\/04\/19\/sissevaade-alpecin-deceunincki-meeskonda-tiimiautode-roll-liege-bastogne-liegei-voidusoidul\/","title":{"rendered":"Sissevaade Alpecin-Deceunincki meeskonda: tiimiautode roll Li\u00e8ge-Bastogne-Li\u00e8ge\u2019i v\u00f5idus\u00f5idul"},"content":{"rendered":"<h2><strong>Legendaarne <a href=\"https:\/\/www.liege-bastogne-liege.be\/en\/\">Li\u00e8ge-Bastogne-Li\u00e8ge\u2019i<\/a> v\u00f5idus\u00f5it, mida tuntakse ka nime all \u201eLa Doyenne\u201c ehk \u201eVanadaam\u201c, ongi ukse ees \u2013 see s\u00f5idetakse t\u00e4navu 21. aprillil. Vanim viiest Monumendist toimub Belgias Ardennide piirkonnas, mis on tuntud oma k\u00fcnkliku maastikuga \u2013 see t\u00e4hendab tapvaid t\u00f5use ja rohkelt vaatamisv\u00e4\u00e4rset v\u00f5istlust. Ehkki ratturid on alati iga v\u00f5idus\u00f5idu n\u00e4htavaim osa, tahaksime natuke puudutada ka neid, kes Li\u00e8ge-Bastogne-Li\u00e8ge\u2019i v\u00f5istlusel profitiimides taustaj\u00f5ududena tegutsevad.<\/strong><\/h2>\n<p><!--more--><\/p>\n<p>Meil oli meeldiv v\u00f5imalus ajada juttu Jonas de Winiga, kes on aastast 2019 olnud UCI WorldTeam-kategooriasse kuuluva Alpecin-Deceunincki logistikajuht. <a href=\"https:\/\/www.liege-bastogne-liege.be\/en\/\">Li\u00e8ge-Bastogne-Li\u00e8ge\u2019<\/a>i ettevalmistuste k\u00e4igus p\u00fchendas ta meile pisut oma v\u00e4\u00e4rtuslikku aega.<\/p>\n<p>Alustasime juttu praeguse aja rattas\u00f5idu \u00fche sagedasema jututeemaga: millised on olnud viimaste aastate suurimad muutused Alpecin-Deceunincki tiimis, kui arvestada profirattas\u00f5idus toimuvaid kiireid ja ulatuslikke muutusi?<\/p>\n<p>\u201eMinu kui logistikajuhi seisukohalt kindlasti tiimi suurus \u2013 see on tohutult kasvanud. Sellega koos muutub k\u00f5ik: jalgrataste hulk on kasvanud, meil on k\u00f5igi gruppide peale n\u00fc\u00fcd umbes 80 ratturit, mis t\u00e4hendab rohkem reisiplaane, rohkem v\u00f5istlusi ja rohkem reisimist nii Euroopas kui ka v\u00e4ljaspool. Oleme k\u00e4inud Hiinas, Kanadas, Austraalias\u2026 Ka teenindav meeskond kasvab kiiresti, rohkem mehaanikuid, abipersonali, spordidirektoreid \u2013 neidki inimesi tuleb transportida. \u00d5nneks pole ma enam \u00fcksi, mul on kaks kolleegi, kes mind abistavad meeste tiimi, naiste tiimi, j\u00e4relkasvutiimide ning MTB ja muude alade tiimide juures.\u201c<\/p>\n<figure id=\"attachment_1831\" aria-describedby=\"caption-attachment-1831\" style=\"width: 710px\" class=\"wp-caption aligncenter\"><a href=\"https:\/\/d2p6e6u75xmxt8.cloudfront.net\/15\/2024\/04\/al2.webp\"><img loading=\"lazy\" decoding=\"async\" class=\"wp-image-1831 size-full\" src=\"https:\/\/d2p6e6u75xmxt8.cloudfront.net\/15\/2024\/04\/al2.webp\" alt=\"\" width=\"710\" height=\"559\" srcset=\"https:\/\/d2p6e6u75xmxt8.cloudfront.net\/15\/2024\/04\/al2.webp 710w, https:\/\/d2p6e6u75xmxt8.cloudfront.net\/15\/2024\/04\/al2-300x236.webp 300w, https:\/\/d2p6e6u75xmxt8.cloudfront.net\/15\/2024\/04\/al2-400x315.webp 400w\" sizes=\"auto, (max-width: 710px) 100vw, 710px\" \/><\/a><figcaption id=\"caption-attachment-1831\" class=\"wp-caption-text\">Jonas de Win, UCI WorldTeam Alpecin\u2013Deceuninck logistika manager<\/figcaption><\/figure>\n<p>Tundsime huvi, kui kaua l\u00e4heb aega, et vedada kogu tiim, personal ja varustus Li\u00e8ge-Bastogne-Li\u00e8ge\u2019i v\u00f5idus\u00f5idu toimumispaika ja k\u00f5ik ette valmistada.<\/p>\n<p>\u201eMe asume Belgias ja enamik meie ratturitest on belglased, seet\u00f5ttu on Li\u00e8ge-Bastogne-Li\u00e8ge\u2019i logistika m\u00f5ttes palju lihtsam kui teised v\u00f5istlused. Lisaks on m\u00f5ned ratturid ja osa personalist juba kohal, sest hiljuti toimusid samas kandis ka teised v\u00f5istlused nagu Amstel Gold Race, La Fl\u00e8che Wallonne jt. Teistele v\u00f5istlustele peavad m\u00f5nikord peaaegu k\u00f5ik lennukiga kohale lendama, aga seekord oleme sisuliselt kohalikud. N\u00e4iteks on meil k\u00f6\u00f6giauto juba La Fl\u00e8che Wallonne\u2019i ajast valmis, samuti enamik \u00fclej\u00e4\u00e4nud s\u00f5idukeid, nii et nemad saavad kohe teele asuda.\u201c<\/p>\n<p>\u0160koda on Li\u00e8ge-Bastogne-Li\u00e8ge\u2019i p\u00f5hiline s\u00f5idukipartner, ka mitmed teised UCI WorldTeami meeskonnad kasutavad neid autosid ning \u0160koda sai \u00e4sja ka Alpecin-Deceunincki meeskonna uueks partneriks. Milliseid muudatusi ja h\u00fcvesid t\u00e4hendab see partnerlus Jonas de Winile?<\/p>\n<p><a href=\"https:\/\/d2p6e6u75xmxt8.cloudfront.net\/15\/2024\/04\/al3.webp\"><img loading=\"lazy\" decoding=\"async\" class=\"aligncenter size-full wp-image-1832\" src=\"https:\/\/d2p6e6u75xmxt8.cloudfront.net\/15\/2024\/04\/al3.webp\" alt=\"\" width=\"714\" height=\"467\" srcset=\"https:\/\/d2p6e6u75xmxt8.cloudfront.net\/15\/2024\/04\/al3.webp 714w, https:\/\/d2p6e6u75xmxt8.cloudfront.net\/15\/2024\/04\/al3-300x196.webp 300w, https:\/\/d2p6e6u75xmxt8.cloudfront.net\/15\/2024\/04\/al3-400x262.webp 400w\" sizes=\"auto, (max-width: 714px) 100vw, 714px\" \/><\/a><\/p>\n<p>\u201eMa pole kunagi varem \u0160kodaga t\u00f6\u00f6d teinud ja ootan seda p\u00f5nevusega eelk\u00f5ige suurema koguse asjade t\u00f5ttu, mida me saame pakiruumi mahtu arvestades kaasa v\u00f5tta. N\u00e4iteks eelmisel aastal pidime kolm ratturit koos nende pagasiga lennujaamast peale v\u00f5tma ja \u00fche autoga ei saanud seda teha, aga \u0160kodaga saaks. Ka reisijaile on rohkem ruumi ja mugavust, mis on eriti kasulik spordidirektoritele ja teisele meeskonnaliikmetele, kes v\u00f5istluse ajal oma autodes neli-viis tundi istuma peavad.\u201c<\/p>\n<p>Tiimi k\u00e4sutuses on kokku 35 \u0160kodat, millest 7\u20138 on vahetult tegevad Li\u00e8ge-Bastogne-Li\u00e8ge\u2019i ajal ja 4\u20135 <a href=\"https:\/\/www.liege-bastogne-liege-femmes.be\/fr\">Li\u00e8ge-Bastogne-Li\u00e8ge Femmes\u2019<\/a>i k\u00e4igus. Iga\u00fchel neist on kindel roll ja otstarve.<\/p>\n<p>\u201eMeie autopark koosneb n\u00fc\u00fcd t\u00e4ielikult automaatk\u00e4igukastiga autodest, nagu praegused reeglid turvalisuse ja t\u00f5hususe nimel n\u00f5uavad. Me soovisime konkreetselt <a href=\"https:\/\/www.skodalaagri.ee\/uus_superb\/\">\u0160koda Superbe<\/a>, et oleks rohkem ruumi ja samuti v\u00f5imsamaid autosid spordidirektoritele, et nad saaksid p\u00fchendada p\u00f5hit\u00e4helepanu v\u00f5istlusele ja j\u00f5uaksid kiiresti vajalikku kohta v\u00f5i m\u00f6\u00f6duksid ratturitest. 16 autot on varustatud raadiojaamadega ja 20 katusel asuva rattaraamiga.<\/p>\n<p>Esimeses spordidirektori autos on peadirektor, abidirektor ja mehaanik. Teises spordidirektori autos on m\u00f5nikord teine peadirektor, kui v\u00f5istlus on oluline ja v\u00f5ib oodata lahtirebimisi, samuti teine mehaanik. \u00dclej\u00e4\u00e4nud neli-viis autot on abiautod, mille tegevust koordineerivad spordidirektorid. \u00dcks neist on alati toiduauto, mis tavaliselt tegutseb ka fini\u0161iautona \u2013 seal on pardal kaks rattureid teenindavat abilist. \u00dclej\u00e4\u00e4nud umbes neli autot teenindavad joogipunkte. Naiste v\u00f5istlusel on spordidirektorite ja abiliste autode suhe ligikaudu 1:4. Ehkki kogu meie autopark koosneb 35 autost, p\u00fc\u00fcame v\u00f5istlustel kasutatavate autode arvu v\u00e4hendada keskkonnakaalutlustel. V\u00f5idus\u00f5idu ajal on autodes k\u00fclmikud joogipudelitega, mehaanikute t\u00f6\u00f6riistad, varuosad, -kiivrid, &#8211; s\u00f5idukingad, ratturite vihmariietus jne.\u201c<\/p>\n<p>Raske on \u00f6elda, millisel hetkel on autod k\u00f5ige h\u00e4davajalikumad, neid on tarvis isegi siis, kui nad seisavad.<\/p>\n<p><a href=\"https:\/\/d2p6e6u75xmxt8.cloudfront.net\/15\/2024\/04\/al4.webp\"><img loading=\"lazy\" decoding=\"async\" class=\"aligncenter size-full wp-image-1833\" src=\"https:\/\/d2p6e6u75xmxt8.cloudfront.net\/15\/2024\/04\/al4.webp\" alt=\"\" width=\"891\" height=\"596\" srcset=\"https:\/\/d2p6e6u75xmxt8.cloudfront.net\/15\/2024\/04\/al4.webp 891w, https:\/\/d2p6e6u75xmxt8.cloudfront.net\/15\/2024\/04\/al4-300x201.webp 300w, https:\/\/d2p6e6u75xmxt8.cloudfront.net\/15\/2024\/04\/al4-768x514.webp 768w, https:\/\/d2p6e6u75xmxt8.cloudfront.net\/15\/2024\/04\/al4-400x268.webp 400w, https:\/\/d2p6e6u75xmxt8.cloudfront.net\/15\/2024\/04\/al4-272x182.webp 272w\" sizes=\"auto, (max-width: 891px) 100vw, 891px\" \/><\/a><\/p>\n<p>\u201eIga minut on oluline. Kui autod seisavad hotelli ees, on nad seal valmis meeskonnaliikmeid ja rattureid peale v\u00f5tma. Loomulikult ei saaks me ilma autodeta teenindada v\u00f5istlust ja abistada oma rattureid. P\u00e4rast v\u00f5idus\u00f5itu on autosid vaja terve tiimi hotelli v\u00f5i koju toimetamiseks. Autod on olulised kogu aeg, nii p\u00e4eval kui ka \u00f6\u00f6sel, tagamaks, et k\u00f5ik l\u00e4heb plaanip\u00e4raselt.\u201c<\/p>\n<p>Logistika ajagraafikud on erinevatel v\u00f5istlustel erinevad. N\u00e4iteks Pariis-Roubaix\u2019 v\u00f5itlusel on graafik pingelisem ja n\u00f5uab paindlikku kavandamist, kuid Li\u00e8ge-Bastogne-Li\u00e8ge on m\u00f5nev\u00f5rra lihtsam, sest Alpecin-Deceuninck baseerub ise Belgias.<\/p>\n<p>\u201e\u00dcritame k\u00f5ik plaanid paika panna seitse p\u00e4eva enne v\u00f5istlust. S\u00f5ltub ka sellest, kas ratturid k\u00e4ivad rajaga tutvumas, mis toimub tavaliselt kaks-kolm p\u00e4eva varem. See aga otsustatakse \u00e4ra ammu enne v\u00f5istlust, nii et ideaalne stsenaarium on lihtsalt plaani sujuvalt j\u00e4rgida.\u201c<\/p>\n<p>L\u00f5puks jagas Jonas de Win meiega ka sisevaadet tehnikasse, mida UCI WorldTeami logistikas rakendatakse aja t\u00f5husamaks kasutamiseks.<\/p>\n<p>\u201eMe t\u00f6\u00f6tame on <em>online<\/em>-logistikaplatvormiga, mis on m\u00f5eldud spetsiaalselt rattatiimidele. Sealtkaudu k\u00e4ib kogu tegevus: lennupiletid, rongipiletid, reisigraafikud, hotellide aadressid, k\u00fclaliste nimekirjad, kes millise autoga s\u00f5idab jne. Me teeme ka k\u00f5ik reserveeringud ise, v\u00e4list abi kasutamata. Kui ma Alpecin-Deceunincki juures t\u00f6\u00f6d alustasin, kasutasime v\u00e4ljaprinditud PDF-faile ja Exceli tabeleid, kuid tiimi kasvades polnud niiviisi enam v\u00f5imalik hakkama saada. \u00d5nneks olid meie tiimi juhid Christoph ja Philip Roodhooft avatud uuendustele ning praegu saame ka viimase hetke muudatusi teha paari hiireklikiga ja k\u00f5ik p\u00fcsib kontrolli all.\u201c<\/p>\n<p>Ait\u00e4h veel kord, Jonas de Win, selle sissevaate ja meile p\u00fchendatud aja eest! Soovime Alpecin-Deceuninckile parimat mitte \u00fcksnes Li\u00e8ge-Bastogne-Li\u00e8ge\u2019i v\u00f5istlusel, vaid ka kogu 2024. aasta hooajal.<\/p>\n","protected":false},"excerpt":{"rendered":"<p>Legendaarne Li\u00e8ge-Bastogne-Li\u00e8ge\u2019i v\u00f5idus\u00f5it, mida tuntakse ka nime all \u201eLa Doyenne\u201c ehk \u201eVanadaam\u201c, ongi ukse ees \u2013 see s\u00f5idetakse t\u00e4navu 21. [&hellip;]<\/p>\n","protected":false},"author":174,"featured_media":1830,"comment_status":"open","ping_status":"open","sticky":false,"template":"","format":"standard","meta":{"footnotes":""},"categories":[39],"tags":[204,205,203,223],"global-categories":[22],"class_list":["post-1826","post","type-post","status-publish","format-standard","has-post-thumbnail","hentry","category-maanteesoit","tag-alpecin-deceunincki","tag-la-doyenne","tag-liege-bastogne-liege","tag-skoda-superb","global-categories-cycling"],"yoast_head":"<!-- This site is optimized with the Yoast SEO Premium plugin v25.3 (Yoast SEO v25.9) - https:\/\/yoast.com\/wordpress\/plugins\/seo\/ -->\n<title>Sissevaade Alpecin-Deceunincki meeskonda: tiimiautode roll Li\u00e8ge-Bastogne-Li\u00e8ge\u2019i v\u00f5idus\u00f5idul - \u0160koda We Love Cycling - Estonia<\/title>\n<meta name=\"description\" content=\"Legendaarne Li\u00e8ge-Bastogne-Li\u00e8ge\u2019i v\u00f5idus\u00f5it, mida tuntakse ka nime all \u201eLa Doyenne\u201c ehk \u201eVanadaam\u201c, ongi ukse ees \u2013 see s\u00f5idetakse t\u00e4navu 21. aprillil. Vanim viiest Monumendist toimub Belgias Ardennide piirkonnas, mis on tuntud oma k\u00fcnkliku maastikuga \u2013 see t\u00e4hendab tapvaid t\u00f5use ja rohkelt vaatamisv\u00e4\u00e4rset v\u00f5istlust. Ehkki ratturid on alati iga v\u00f5idus\u00f5idu n\u00e4htavaim osa, tahaksime natuke puudutada ka neid, kes Li\u00e8ge-Bastogne-Li\u00e8ge\u2019i v\u00f5istlusel profitiimides taustaj\u00f5ududena tegutsevad.\" \/>\n<meta name=\"robots\" content=\"index, follow, max-snippet:-1, max-image-preview:large, max-video-preview:-1\" \/>\n<link rel=\"canonical\" href=\"https:\/\/www.welovecycling.com\/ee\/2024\/04\/19\/sissevaade-alpecin-deceunincki-meeskonda-tiimiautode-roll-liege-bastogne-liegei-voidusoidul\/\" \/>\n<meta property=\"og:locale\" content=\"et_EE\" \/>\n<meta property=\"og:type\" content=\"article\" \/>\n<meta property=\"og:title\" content=\"Sissevaade Alpecin-Deceunincki meeskonda: tiimiautode roll Li\u00e8ge-Bastogne-Li\u00e8ge\u2019i v\u00f5idus\u00f5idul\" \/>\n<meta property=\"og:description\" content=\"Legendaarne Li\u00e8ge-Bastogne-Li\u00e8ge\u2019i v\u00f5idus\u00f5it, mida tuntakse ka nime all \u201eLa Doyenne\u201c ehk \u201eVanadaam\u201c, ongi ukse ees \u2013 see s\u00f5idetakse t\u00e4navu 21. aprillil. Vanim viiest Monumendist toimub Belgias Ardennide piirkonnas, mis on tuntud oma k\u00fcnkliku maastikuga \u2013 see t\u00e4hendab tapvaid t\u00f5use ja rohkelt vaatamisv\u00e4\u00e4rset v\u00f5istlust. Ehkki ratturid on alati iga v\u00f5idus\u00f5idu n\u00e4htavaim osa, tahaksime natuke puudutada ka neid, kes Li\u00e8ge-Bastogne-Li\u00e8ge\u2019i v\u00f5istlusel profitiimides taustaj\u00f5ududena tegutsevad.\" \/>\n<meta property=\"og:url\" content=\"https:\/\/www.welovecycling.com\/ee\/2024\/04\/19\/sissevaade-alpecin-deceunincki-meeskonda-tiimiautode-roll-liege-bastogne-liegei-voidusoidul\/\" \/>\n<meta property=\"og:site_name\" content=\"\u0160koda We Love Cycling - Estonia\" \/>\n<meta property=\"article:published_time\" content=\"2024-04-19T11:26:19+00:00\" \/>\n<meta property=\"og:image\" content=\"https:\/\/d2p6e6u75xmxt8.cloudfront.net\/15\/2024\/04\/al1.webp\" \/>\n\t<meta property=\"og:image:width\" content=\"891\" \/>\n\t<meta property=\"og:image:height\" content=\"596\" \/>\n\t<meta property=\"og:image:type\" content=\"image\/webp\" \/>\n<meta name=\"author\" content=\"andre\" \/>\n<meta name=\"twitter:card\" content=\"summary_large_image\" \/>\n<meta name=\"twitter:label1\" content=\"Written by\" \/>\n\t<meta name=\"twitter:data1\" content=\"Franti\u0161ka Bla\u017ekov\u00e1\" \/>\n\t<meta name=\"twitter:label2\" content=\"Est. reading time\" \/>\n\t<meta name=\"twitter:data2\" content=\"5\" \/>\n<script type=\"application\/ld+json\" class=\"yoast-schema-graph\">{\"@context\":\"https:\/\/schema.org\",\"@graph\":[{\"@type\":\"WebPage\",\"@id\":\"https:\/\/www.welovecycling.com\/ee\/2024\/04\/19\/sissevaade-alpecin-deceunincki-meeskonda-tiimiautode-roll-liege-bastogne-liegei-voidusoidul\/\",\"url\":\"https:\/\/www.welovecycling.com\/ee\/2024\/04\/19\/sissevaade-alpecin-deceunincki-meeskonda-tiimiautode-roll-liege-bastogne-liegei-voidusoidul\/\",\"name\":\"Sissevaade Alpecin-Deceunincki meeskonda: tiimiautode roll Li\u00e8ge-Bastogne-Li\u00e8ge\u2019i v\u00f5idus\u00f5idul - \u0160koda We Love Cycling - Estonia\",\"isPartOf\":{\"@id\":\"https:\/\/www.welovecycling.com\/ee\/#website\"},\"primaryImageOfPage\":{\"@id\":\"https:\/\/www.welovecycling.com\/ee\/2024\/04\/19\/sissevaade-alpecin-deceunincki-meeskonda-tiimiautode-roll-liege-bastogne-liegei-voidusoidul\/#primaryimage\"},\"image\":{\"@id\":\"https:\/\/www.welovecycling.com\/ee\/2024\/04\/19\/sissevaade-alpecin-deceunincki-meeskonda-tiimiautode-roll-liege-bastogne-liegei-voidusoidul\/#primaryimage\"},\"thumbnailUrl\":\"https:\/\/d2p6e6u75xmxt8.cloudfront.net\/15\/2024\/04\/al1.webp\",\"datePublished\":\"2024-04-19T11:26:19+00:00\",\"author\":{\"@id\":\"https:\/\/www.welovecycling.com\/ee\/#\/schema\/person\/8b7101c4bd1b1ae9d3732ebb1e6caf57\"},\"description\":\"Legendaarne Li\u00e8ge-Bastogne-Li\u00e8ge\u2019i v\u00f5idus\u00f5it, mida tuntakse ka nime all \u201eLa Doyenne\u201c ehk \u201eVanadaam\u201c, ongi ukse ees \u2013 see s\u00f5idetakse t\u00e4navu 21. aprillil. Vanim viiest Monumendist toimub Belgias Ardennide piirkonnas, mis on tuntud oma k\u00fcnkliku maastikuga \u2013 see t\u00e4hendab tapvaid t\u00f5use ja rohkelt vaatamisv\u00e4\u00e4rset v\u00f5istlust. Ehkki ratturid on alati iga v\u00f5idus\u00f5idu n\u00e4htavaim osa, tahaksime natuke puudutada ka neid, kes Li\u00e8ge-Bastogne-Li\u00e8ge\u2019i v\u00f5istlusel profitiimides taustaj\u00f5ududena tegutsevad.\",\"inLanguage\":\"et\",\"potentialAction\":[{\"@type\":\"ReadAction\",\"target\":[\"https:\/\/www.welovecycling.com\/ee\/2024\/04\/19\/sissevaade-alpecin-deceunincki-meeskonda-tiimiautode-roll-liege-bastogne-liegei-voidusoidul\/\"]}]},{\"@type\":\"ImageObject\",\"inLanguage\":\"et\",\"@id\":\"https:\/\/www.welovecycling.com\/ee\/2024\/04\/19\/sissevaade-alpecin-deceunincki-meeskonda-tiimiautode-roll-liege-bastogne-liegei-voidusoidul\/#primaryimage\",\"url\":\"https:\/\/d2p6e6u75xmxt8.cloudfront.net\/15\/2024\/04\/al1.webp\",\"contentUrl\":\"https:\/\/d2p6e6u75xmxt8.cloudfront.net\/15\/2024\/04\/al1.webp\",\"width\":891,\"height\":596},{\"@type\":\"WebSite\",\"@id\":\"https:\/\/www.welovecycling.com\/ee\/#website\",\"url\":\"https:\/\/www.welovecycling.com\/ee\/\",\"name\":\"\u0160koda We Love Cycling - Estonia\",\"description\":\"\",\"potentialAction\":[{\"@type\":\"SearchAction\",\"target\":{\"@type\":\"EntryPoint\",\"urlTemplate\":\"https:\/\/www.welovecycling.com\/ee\/?s={search_term_string}\"},\"query-input\":{\"@type\":\"PropertyValueSpecification\",\"valueRequired\":true,\"valueName\":\"search_term_string\"}}],\"inLanguage\":\"et\"},{\"@type\":\"Person\",\"@id\":\"https:\/\/www.welovecycling.com\/ee\/#\/schema\/person\/8b7101c4bd1b1ae9d3732ebb1e6caf57\",\"name\":\"andre\",\"image\":{\"@type\":\"ImageObject\",\"inLanguage\":\"et\",\"@id\":\"https:\/\/www.welovecycling.com\/ee\/#\/schema\/person\/image\/\",\"url\":\"https:\/\/secure.gravatar.com\/avatar\/0656b3224fe17b018f43b8a562625dd43d30827f027b2f62bc5a05711fec9a61?s=96&d=mm&r=g\",\"contentUrl\":\"https:\/\/secure.gravatar.com\/avatar\/0656b3224fe17b018f43b8a562625dd43d30827f027b2f62bc5a05711fec9a61?s=96&d=mm&r=g\",\"caption\":\"andre\"},\"url\":\"https:\/\/www.welovecycling.com\/ee\/author\/andre\/\"}]}<\/script>\n<!-- \/ Yoast SEO Premium plugin. -->","yoast_head_json":{"title":"Sissevaade Alpecin-Deceunincki meeskonda: tiimiautode roll Li\u00e8ge-Bastogne-Li\u00e8ge\u2019i v\u00f5idus\u00f5idul - \u0160koda We Love Cycling - Estonia","description":"Legendaarne Li\u00e8ge-Bastogne-Li\u00e8ge\u2019i v\u00f5idus\u00f5it, mida tuntakse ka nime all \u201eLa Doyenne\u201c ehk \u201eVanadaam\u201c, ongi ukse ees \u2013 see s\u00f5idetakse t\u00e4navu 21. aprillil. Vanim viiest Monumendist toimub Belgias Ardennide piirkonnas, mis on tuntud oma k\u00fcnkliku maastikuga \u2013 see t\u00e4hendab tapvaid t\u00f5use ja rohkelt vaatamisv\u00e4\u00e4rset v\u00f5istlust. Ehkki ratturid on alati iga v\u00f5idus\u00f5idu n\u00e4htavaim osa, tahaksime natuke puudutada ka neid, kes Li\u00e8ge-Bastogne-Li\u00e8ge\u2019i v\u00f5istlusel profitiimides taustaj\u00f5ududena tegutsevad.","robots":{"index":"index","follow":"follow","max-snippet":"max-snippet:-1","max-image-preview":"max-image-preview:large","max-video-preview":"max-video-preview:-1"},"canonical":"https:\/\/www.welovecycling.com\/ee\/2024\/04\/19\/sissevaade-alpecin-deceunincki-meeskonda-tiimiautode-roll-liege-bastogne-liegei-voidusoidul\/","og_locale":"et_EE","og_type":"article","og_title":"Sissevaade Alpecin-Deceunincki meeskonda: tiimiautode roll Li\u00e8ge-Bastogne-Li\u00e8ge\u2019i v\u00f5idus\u00f5idul","og_description":"Legendaarne Li\u00e8ge-Bastogne-Li\u00e8ge\u2019i v\u00f5idus\u00f5it, mida tuntakse ka nime all \u201eLa Doyenne\u201c ehk \u201eVanadaam\u201c, ongi ukse ees \u2013 see s\u00f5idetakse t\u00e4navu 21. aprillil. Vanim viiest Monumendist toimub Belgias Ardennide piirkonnas, mis on tuntud oma k\u00fcnkliku maastikuga \u2013 see t\u00e4hendab tapvaid t\u00f5use ja rohkelt vaatamisv\u00e4\u00e4rset v\u00f5istlust. Ehkki ratturid on alati iga v\u00f5idus\u00f5idu n\u00e4htavaim osa, tahaksime natuke puudutada ka neid, kes Li\u00e8ge-Bastogne-Li\u00e8ge\u2019i v\u00f5istlusel profitiimides taustaj\u00f5ududena tegutsevad.","og_url":"https:\/\/www.welovecycling.com\/ee\/2024\/04\/19\/sissevaade-alpecin-deceunincki-meeskonda-tiimiautode-roll-liege-bastogne-liegei-voidusoidul\/","og_site_name":"\u0160koda We Love Cycling - Estonia","article_published_time":"2024-04-19T11:26:19+00:00","og_image":[{"width":891,"height":596,"url":"https:\/\/d2p6e6u75xmxt8.cloudfront.net\/15\/2024\/04\/al1.webp","type":"image\/webp"}],"author":"andre","twitter_card":"summary_large_image","twitter_misc":{"Written by":"Franti\u0161ka Bla\u017ekov\u00e1","Est. reading time":"5"},"schema":{"@context":"https:\/\/schema.org","@graph":[{"@type":"WebPage","@id":"https:\/\/www.welovecycling.com\/ee\/2024\/04\/19\/sissevaade-alpecin-deceunincki-meeskonda-tiimiautode-roll-liege-bastogne-liegei-voidusoidul\/","url":"https:\/\/www.welovecycling.com\/ee\/2024\/04\/19\/sissevaade-alpecin-deceunincki-meeskonda-tiimiautode-roll-liege-bastogne-liegei-voidusoidul\/","name":"Sissevaade Alpecin-Deceunincki meeskonda: tiimiautode roll Li\u00e8ge-Bastogne-Li\u00e8ge\u2019i v\u00f5idus\u00f5idul - \u0160koda We Love Cycling - Estonia","isPartOf":{"@id":"https:\/\/www.welovecycling.com\/ee\/#website"},"primaryImageOfPage":{"@id":"https:\/\/www.welovecycling.com\/ee\/2024\/04\/19\/sissevaade-alpecin-deceunincki-meeskonda-tiimiautode-roll-liege-bastogne-liegei-voidusoidul\/#primaryimage"},"image":{"@id":"https:\/\/www.welovecycling.com\/ee\/2024\/04\/19\/sissevaade-alpecin-deceunincki-meeskonda-tiimiautode-roll-liege-bastogne-liegei-voidusoidul\/#primaryimage"},"thumbnailUrl":"https:\/\/d2p6e6u75xmxt8.cloudfront.net\/15\/2024\/04\/al1.webp","datePublished":"2024-04-19T11:26:19+00:00","author":{"@id":"https:\/\/www.welovecycling.com\/ee\/#\/schema\/person\/8b7101c4bd1b1ae9d3732ebb1e6caf57"},"description":"Legendaarne Li\u00e8ge-Bastogne-Li\u00e8ge\u2019i v\u00f5idus\u00f5it, mida tuntakse ka nime all \u201eLa Doyenne\u201c ehk \u201eVanadaam\u201c, ongi ukse ees \u2013 see s\u00f5idetakse t\u00e4navu 21. aprillil. Vanim viiest Monumendist toimub Belgias Ardennide piirkonnas, mis on tuntud oma k\u00fcnkliku maastikuga \u2013 see t\u00e4hendab tapvaid t\u00f5use ja rohkelt vaatamisv\u00e4\u00e4rset v\u00f5istlust. Ehkki ratturid on alati iga v\u00f5idus\u00f5idu n\u00e4htavaim osa, tahaksime natuke puudutada ka neid, kes Li\u00e8ge-Bastogne-Li\u00e8ge\u2019i v\u00f5istlusel profitiimides taustaj\u00f5ududena tegutsevad.","inLanguage":"et","potentialAction":[{"@type":"ReadAction","target":["https:\/\/www.welovecycling.com\/ee\/2024\/04\/19\/sissevaade-alpecin-deceunincki-meeskonda-tiimiautode-roll-liege-bastogne-liegei-voidusoidul\/"]}]},{"@type":"ImageObject","inLanguage":"et","@id":"https:\/\/www.welovecycling.com\/ee\/2024\/04\/19\/sissevaade-alpecin-deceunincki-meeskonda-tiimiautode-roll-liege-bastogne-liegei-voidusoidul\/#primaryimage","url":"https:\/\/d2p6e6u75xmxt8.cloudfront.net\/15\/2024\/04\/al1.webp","contentUrl":"https:\/\/d2p6e6u75xmxt8.cloudfront.net\/15\/2024\/04\/al1.webp","width":891,"height":596},{"@type":"WebSite","@id":"https:\/\/www.welovecycling.com\/ee\/#website","url":"https:\/\/www.welovecycling.com\/ee\/","name":"\u0160koda We Love Cycling - Estonia","description":"","potentialAction":[{"@type":"SearchAction","target":{"@type":"EntryPoint","urlTemplate":"https:\/\/www.welovecycling.com\/ee\/?s={search_term_string}"},"query-input":{"@type":"PropertyValueSpecification","valueRequired":true,"valueName":"search_term_string"}}],"inLanguage":"et"},{"@type":"Person","@id":"https:\/\/www.welovecycling.com\/ee\/#\/schema\/person\/8b7101c4bd1b1ae9d3732ebb1e6caf57","name":"andre","image":{"@type":"ImageObject","inLanguage":"et","@id":"https:\/\/www.welovecycling.com\/ee\/#\/schema\/person\/image\/","url":"https:\/\/secure.gravatar.com\/avatar\/0656b3224fe17b018f43b8a562625dd43d30827f027b2f62bc5a05711fec9a61?s=96&d=mm&r=g","contentUrl":"https:\/\/secure.gravatar.com\/avatar\/0656b3224fe17b018f43b8a562625dd43d30827f027b2f62bc5a05711fec9a61?s=96&d=mm&r=g","caption":"andre"},"url":"https:\/\/www.welovecycling.com\/ee\/author\/andre\/"}]}},"_links":{"self":[{"href":"https:\/\/www.welovecycling.com\/ee\/wp-json\/wp\/v2\/posts\/1826","targetHints":{"allow":["GET"]}}],"collection":[{"href":"https:\/\/www.welovecycling.com\/ee\/wp-json\/wp\/v2\/posts"}],"about":[{"href":"https:\/\/www.welovecycling.com\/ee\/wp-json\/wp\/v2\/types\/post"}],"author":[{"embeddable":true,"href":"https:\/\/www.welovecycling.com\/ee\/wp-json\/wp\/v2\/users\/174"}],"replies":[{"embeddable":true,"href":"https:\/\/www.welovecycling.com\/ee\/wp-json\/wp\/v2\/comments?post=1826"}],"version-history":[{"count":3,"href":"https:\/\/www.welovecycling.com\/ee\/wp-json\/wp\/v2\/posts\/1826\/revisions"}],"predecessor-version":[{"id":1835,"href":"https:\/\/www.welovecycling.com\/ee\/wp-json\/wp\/v2\/posts\/1826\/revisions\/1835"}],"wp:featuredmedia":[{"embeddable":true,"href":"https:\/\/www.welovecycling.com\/ee\/wp-json\/wp\/v2\/media\/1830"}],"wp:attachment":[{"href":"https:\/\/www.welovecycling.com\/ee\/wp-json\/wp\/v2\/media?parent=1826"}],"wp:term":[{"taxonomy":"category","embeddable":true,"href":"https:\/\/www.welovecycling.com\/ee\/wp-json\/wp\/v2\/categories?post=1826"},{"taxonomy":"post_tag","embeddable":true,"href":"https:\/\/www.welovecycling.com\/ee\/wp-json\/wp\/v2\/tags?post=1826"},{"taxonomy":"global-categories","embeddable":true,"href":"https:\/\/www.welovecycling.com\/ee\/wp-json\/wp\/v2\/global-categories?post=1826"}],"curies":[{"name":"wp","href":"https:\/\/api.w.org\/{rel}","templated":true}]}}