{"id":1819,"date":"2024-04-18T15:37:23","date_gmt":"2024-04-18T12:37:23","guid":{"rendered":"https:\/\/www.welovecycling.com\/ee\/?p=1819"},"modified":"2024-04-18T15:54:40","modified_gmt":"2024-04-18T12:54:40","slug":"alpecin-deceuninck-rattatiim-uhepaevasoitude-kuningas","status":"publish","type":"post","link":"https:\/\/www.welovecycling.com\/ee\/2024\/04\/18\/alpecin-deceuninck-rattatiim-uhepaevasoitude-kuningas\/","title":{"rendered":"Alpecin-Deceuninck rattatiim: \u00fchep\u00e4evas\u00f5itude kuningas"},"content":{"rendered":"<h2><strong>Alpecin-Deceunincki tiimile on 2024 seni edukas aasta olnud. Noor Axel Laurance v\u00f5itis juba 1. veebruaril Etoile de Bess\u00e8ges\u2019i teise etapi ning p\u00e4rast seda on j\u00e4rgnenud veel \u00fcheksa esikohta. Sinna hulka kuuluvad Milano\u2013San Remo ja Classic Brugge\u2013De Panne (m\u00f5lemal juhul Jasper Philipsen), E3 Saxo Classic, Tour de Flanders ja viimati Pariis\u2013Roubaix (k\u00f5ik v\u00f5itis Mathieu van der Poel).<\/strong><\/h2>\n<p><!--more--><\/p>\n<p>Ka eelmine, 2023. aasta oli tiimile 35 v\u00f5iduga v\u00e4ga edukas. 19 neist teenis Philipsen, sealhulgas neli Tour de France\u2019i etapiv\u00f5tu (ja <a href=\"https:\/\/www.welovecycling.com\/wide\/2022\/07\/18\/its-exhausting-on-fighting-for-the-skoda-green-jersey-with-andre-greipel\/\">\u0160koda rohelise s\u00e4rgi<\/a>), seitse austraallasest sprinter Kaden Groves, sealhulgas kaks Vuelta etappi, ning viis van der Poel (kes mullu tuli ka grupis\u00f5idu maailmameistriks).<\/p>\n<p>Philipseni ja van der Poeli n\u00e4ol on Alpecinil \u2013 v\u00e4hemalt aastani 2028 \u2013 planeedi parim sprinter ja \u00fcks k\u00f5igi aegade paremaid, kui mitte parim klassikute s\u00f5itja. T\u00e4nu neile ja Kaden Grovesile on Alpecin \u00fchep\u00e4evas\u00f5itude troonilt k\u00f5rvale t\u00f5rjunud Remco Evenepoeli kodutiimi Soudal-Quick Step, mis pikka aega domineeris. \u00dcks p\u00f5hjusi on Soudali \u2013 ja Evenepoeli \u2013 t\u00e4navune keskendumine belglase ambitsioonidele Tour de France\u2019il. Kui valitsev tempos\u00f5idu maailmameister oleks selle asemel sihikule v\u00f5tnud klassikud, v\u00f5iks ka pilt olla teistsugune. Evenepoel on \u00fcks kolmest ratturist, kes oma parimatel p\u00e4evadel v\u00f5ib klassikutel t\u00f5siselt ohustada van der Poeli. \u00dclej\u00e4\u00e4nud kaks on Tadej Poga\u010dar (UAE Team Emirates) ja Wout van Aert (Visma-Lease a Bike).<\/p>\n<p><a href=\"https:\/\/d2p6e6u75xmxt8.cloudfront.net\/15\/2024\/04\/liege.webp\"><img loading=\"lazy\" decoding=\"async\" class=\"aligncenter size-full wp-image-1822\" src=\"https:\/\/d2p6e6u75xmxt8.cloudfront.net\/15\/2024\/04\/liege.webp\" alt=\"\" width=\"891\" height=\"594\" srcset=\"https:\/\/d2p6e6u75xmxt8.cloudfront.net\/15\/2024\/04\/liege.webp 891w, https:\/\/d2p6e6u75xmxt8.cloudfront.net\/15\/2024\/04\/liege-300x200.webp 300w, https:\/\/d2p6e6u75xmxt8.cloudfront.net\/15\/2024\/04\/liege-768x512.webp 768w, https:\/\/d2p6e6u75xmxt8.cloudfront.net\/15\/2024\/04\/liege-400x267.webp 400w, https:\/\/d2p6e6u75xmxt8.cloudfront.net\/15\/2024\/04\/liege-272x182.webp 272w\" sizes=\"auto, (max-width: 891px) 100vw, 891px\" \/><\/a><\/p>\n<p>Kuid v\u00f5ib-olla ei muudaks seegi midagi Van der Poel on t\u00e4navu t\u00f5usnud enneolematutesse k\u00f5rgustesse, teda \u00fcmbritsevad Alpecin-Deceunincki ratturid on tugevad ja t\u00f6\u00f6tavad v\u00e4simatult tiimi strateegia teokstegemisel. Kuskil pole see paistnud selgemalt v\u00e4lja kui Pariis\u2013Roubaix\u2019 v\u00f5istlusel, kus van der Poel v\u00f5itis grupist lahtirebimisele j\u00e4rgnenud ebamaise 60-kilomeetrise soolos\u00f5iduga. Kuid tiimikaaslased eesotsas v\u00e4simatu Gianni Vermeerschiga l\u00f5id talle selleks ideaalsed tingimused alates hetkest, mil fini\u0161ini j\u00e4i veel 150 kilomeetrit.<\/p>\n<p><a href=\"https:\/\/d2p6e6u75xmxt8.cloudfront.net\/15\/2024\/04\/KingOfOneDayRaces_4x5_3.webp\"><img loading=\"lazy\" decoding=\"async\" class=\"aligncenter size-full wp-image-1821\" src=\"https:\/\/d2p6e6u75xmxt8.cloudfront.net\/15\/2024\/04\/KingOfOneDayRaces_4x5_3.webp\" alt=\"\" width=\"1080\" height=\"1350\" srcset=\"https:\/\/d2p6e6u75xmxt8.cloudfront.net\/15\/2024\/04\/KingOfOneDayRaces_4x5_3.webp 1080w, https:\/\/d2p6e6u75xmxt8.cloudfront.net\/15\/2024\/04\/KingOfOneDayRaces_4x5_3-240x300.webp 240w, https:\/\/d2p6e6u75xmxt8.cloudfront.net\/15\/2024\/04\/KingOfOneDayRaces_4x5_3-819x1024.webp 819w, https:\/\/d2p6e6u75xmxt8.cloudfront.net\/15\/2024\/04\/KingOfOneDayRaces_4x5_3-768x960.webp 768w, https:\/\/d2p6e6u75xmxt8.cloudfront.net\/15\/2024\/04\/KingOfOneDayRaces_4x5_3-320x400.webp 320w\" sizes=\"auto, (max-width: 1080px) 100vw, 1080px\" \/><\/a><\/p>\n<p>Van der Poel kavatseb osaleda veel kahel \u00fchep\u00e4evas\u00f5idul \u2013 Amstel Gold Race peeti eelmisel n\u00e4dalavahetusel ja sel n\u00e4dalal s\u00f5idetakse Li\u00e8ge\u2013Bastogne\u2013Li\u00e8ge \u2013, enne kui asub valmistuma Pariisi ol\u00fcmpiam\u00e4ngudeks ja MM-v\u00f5istlusteks. Ka Evenepoel plaanis Li\u00e8ge\u2019is startida, enne kui Baskimaa velotuuril rangluu murdis. Sellest oleks tulnud erakordselt p\u00f5nev vastasseis van der Poeli ja Poga\u010dariga. Ent ka kahekordse Tour de France\u2019i v\u00f5itja Poga\u010dari ja van der Poeli duell t\u00f5otab tulev\u00e4rki.<\/p>\n<p><a href=\"https:\/\/d2p6e6u75xmxt8.cloudfront.net\/15\/2024\/04\/KingOfOneDayRaces_4x5_2.webp\"><img loading=\"lazy\" decoding=\"async\" class=\"aligncenter size-full wp-image-1820\" src=\"https:\/\/d2p6e6u75xmxt8.cloudfront.net\/15\/2024\/04\/KingOfOneDayRaces_4x5_2.webp\" alt=\"\" width=\"1080\" height=\"1350\" srcset=\"https:\/\/d2p6e6u75xmxt8.cloudfront.net\/15\/2024\/04\/KingOfOneDayRaces_4x5_2.webp 1080w, https:\/\/d2p6e6u75xmxt8.cloudfront.net\/15\/2024\/04\/KingOfOneDayRaces_4x5_2-240x300.webp 240w, https:\/\/d2p6e6u75xmxt8.cloudfront.net\/15\/2024\/04\/KingOfOneDayRaces_4x5_2-819x1024.webp 819w, https:\/\/d2p6e6u75xmxt8.cloudfront.net\/15\/2024\/04\/KingOfOneDayRaces_4x5_2-768x960.webp 768w, https:\/\/d2p6e6u75xmxt8.cloudfront.net\/15\/2024\/04\/KingOfOneDayRaces_4x5_2-320x400.webp 320w\" sizes=\"auto, (max-width: 1080px) 100vw, 1080px\" \/><\/a><\/p>\n","protected":false},"excerpt":{"rendered":"<p>Alpecin-Deceunincki tiimile on 2024 seni edukas aasta olnud. Noor Axel Laurance v\u00f5itis juba 1. veebruaril Etoile de Bess\u00e8ges\u2019i teise etapi [&hellip;]<\/p>\n","protected":false},"author":174,"featured_media":1823,"comment_status":"open","ping_status":"open","sticky":false,"template":"","format":"standard","meta":{"footnotes":""},"categories":[39],"tags":[219,220,221,222,203,207],"global-categories":[22],"class_list":["post-1819","post","type-post","status-publish","format-standard","has-post-thumbnail","hentry","category-maanteesoit","tag-2024-liege-bastogne-liege","tag-alpecin-deceuninck","tag-jasper-philipsen","tag-kaden-groves","tag-liege-bastogne-liege","tag-mathieu-van-der-poel","global-categories-cycling"],"yoast_head":"<!-- This site is optimized with the Yoast SEO Premium plugin v25.3 (Yoast SEO v25.9) - https:\/\/yoast.com\/wordpress\/plugins\/seo\/ -->\n<title>Alpecin-Deceuninck rattatiim: \u00fchep\u00e4evas\u00f5itude kuningas - \u0160koda We Love Cycling - Estonia<\/title>\n<meta name=\"description\" content=\"Alpecin-Deceunincki tiimile on 2024 seni edukas aasta olnud. Noor Axel Laurance v\u00f5itis juba 1. veebruaril Etoile de Bess\u00e8ges\u2019i teise etapi ning p\u00e4rast seda on j\u00e4rgnenud veel \u00fcheksa esikohta. Sinna hulka kuuluvad Milano\u2013San Remo ja Classic Brugge\u2013De Panne (m\u00f5lemal juhul Jasper Philipsen), E3 Saxo Classic, Tour de Flanders ja viimati Pariis\u2013Roubaix (k\u00f5ik v\u00f5itis Mathieu van der Poel).\" \/>\n<meta name=\"robots\" content=\"index, follow, max-snippet:-1, max-image-preview:large, max-video-preview:-1\" \/>\n<link rel=\"canonical\" href=\"https:\/\/www.welovecycling.com\/ee\/2024\/04\/18\/alpecin-deceuninck-rattatiim-uhepaevasoitude-kuningas\/\" \/>\n<meta property=\"og:locale\" content=\"et_EE\" \/>\n<meta property=\"og:type\" content=\"article\" \/>\n<meta property=\"og:title\" content=\"Alpecin-Deceuninck rattatiim: \u00fchep\u00e4evas\u00f5itude kuningas\" \/>\n<meta property=\"og:description\" content=\"Alpecin-Deceunincki tiimile on 2024 seni edukas aasta olnud. Noor Axel Laurance v\u00f5itis juba 1. veebruaril Etoile de Bess\u00e8ges\u2019i teise etapi ning p\u00e4rast seda on j\u00e4rgnenud veel \u00fcheksa esikohta. Sinna hulka kuuluvad Milano\u2013San Remo ja Classic Brugge\u2013De Panne (m\u00f5lemal juhul Jasper Philipsen), E3 Saxo Classic, Tour de Flanders ja viimati Pariis\u2013Roubaix (k\u00f5ik v\u00f5itis Mathieu van der Poel).\" \/>\n<meta property=\"og:url\" content=\"https:\/\/www.welovecycling.com\/ee\/2024\/04\/18\/alpecin-deceuninck-rattatiim-uhepaevasoitude-kuningas\/\" \/>\n<meta property=\"og:site_name\" content=\"\u0160koda We Love Cycling - Estonia\" \/>\n<meta property=\"article:published_time\" content=\"2024-04-18T12:37:23+00:00\" \/>\n<meta property=\"article:modified_time\" content=\"2024-04-18T12:54:40+00:00\" \/>\n<meta property=\"og:image\" content=\"https:\/\/d2p6e6u75xmxt8.cloudfront.net\/15\/2024\/04\/liege2.webp\" \/>\n\t<meta property=\"og:image:width\" content=\"710\" \/>\n\t<meta property=\"og:image:height\" content=\"476\" \/>\n\t<meta property=\"og:image:type\" content=\"image\/webp\" \/>\n<meta name=\"author\" content=\"andre\" \/>\n<meta name=\"twitter:card\" content=\"summary_large_image\" \/>\n<meta name=\"twitter:label1\" content=\"Written by\" \/>\n\t<meta name=\"twitter:data1\" content=\"Siegfried Mortkowitz\" \/>\n\t<meta name=\"twitter:label2\" content=\"Est. reading time\" \/>\n\t<meta name=\"twitter:data2\" content=\"3\" \/>\n<script type=\"application\/ld+json\" class=\"yoast-schema-graph\">{\"@context\":\"https:\/\/schema.org\",\"@graph\":[{\"@type\":\"WebPage\",\"@id\":\"https:\/\/www.welovecycling.com\/ee\/2024\/04\/18\/alpecin-deceuninck-rattatiim-uhepaevasoitude-kuningas\/\",\"url\":\"https:\/\/www.welovecycling.com\/ee\/2024\/04\/18\/alpecin-deceuninck-rattatiim-uhepaevasoitude-kuningas\/\",\"name\":\"Alpecin-Deceuninck rattatiim: \u00fchep\u00e4evas\u00f5itude kuningas - \u0160koda We Love Cycling - Estonia\",\"isPartOf\":{\"@id\":\"https:\/\/www.welovecycling.com\/ee\/#website\"},\"primaryImageOfPage\":{\"@id\":\"https:\/\/www.welovecycling.com\/ee\/2024\/04\/18\/alpecin-deceuninck-rattatiim-uhepaevasoitude-kuningas\/#primaryimage\"},\"image\":{\"@id\":\"https:\/\/www.welovecycling.com\/ee\/2024\/04\/18\/alpecin-deceuninck-rattatiim-uhepaevasoitude-kuningas\/#primaryimage\"},\"thumbnailUrl\":\"https:\/\/d2p6e6u75xmxt8.cloudfront.net\/15\/2024\/04\/liege2.webp\",\"datePublished\":\"2024-04-18T12:37:23+00:00\",\"dateModified\":\"2024-04-18T12:54:40+00:00\",\"author\":{\"@id\":\"https:\/\/www.welovecycling.com\/ee\/#\/schema\/person\/8b7101c4bd1b1ae9d3732ebb1e6caf57\"},\"description\":\"Alpecin-Deceunincki tiimile on 2024 seni edukas aasta olnud. Noor Axel Laurance v\u00f5itis juba 1. veebruaril Etoile de Bess\u00e8ges\u2019i teise etapi ning p\u00e4rast seda on j\u00e4rgnenud veel \u00fcheksa esikohta. Sinna hulka kuuluvad Milano\u2013San Remo ja Classic Brugge\u2013De Panne (m\u00f5lemal juhul Jasper Philipsen), E3 Saxo Classic, Tour de Flanders ja viimati Pariis\u2013Roubaix (k\u00f5ik v\u00f5itis Mathieu van der Poel).\",\"inLanguage\":\"et\",\"potentialAction\":[{\"@type\":\"ReadAction\",\"target\":[\"https:\/\/www.welovecycling.com\/ee\/2024\/04\/18\/alpecin-deceuninck-rattatiim-uhepaevasoitude-kuningas\/\"]}]},{\"@type\":\"ImageObject\",\"inLanguage\":\"et\",\"@id\":\"https:\/\/www.welovecycling.com\/ee\/2024\/04\/18\/alpecin-deceuninck-rattatiim-uhepaevasoitude-kuningas\/#primaryimage\",\"url\":\"https:\/\/d2p6e6u75xmxt8.cloudfront.net\/15\/2024\/04\/liege2.webp\",\"contentUrl\":\"https:\/\/d2p6e6u75xmxt8.cloudfront.net\/15\/2024\/04\/liege2.webp\",\"width\":710,\"height\":476},{\"@type\":\"WebSite\",\"@id\":\"https:\/\/www.welovecycling.com\/ee\/#website\",\"url\":\"https:\/\/www.welovecycling.com\/ee\/\",\"name\":\"\u0160koda We Love Cycling - Estonia\",\"description\":\"\",\"potentialAction\":[{\"@type\":\"SearchAction\",\"target\":{\"@type\":\"EntryPoint\",\"urlTemplate\":\"https:\/\/www.welovecycling.com\/ee\/?s={search_term_string}\"},\"query-input\":{\"@type\":\"PropertyValueSpecification\",\"valueRequired\":true,\"valueName\":\"search_term_string\"}}],\"inLanguage\":\"et\"},{\"@type\":\"Person\",\"@id\":\"https:\/\/www.welovecycling.com\/ee\/#\/schema\/person\/8b7101c4bd1b1ae9d3732ebb1e6caf57\",\"name\":\"andre\",\"image\":{\"@type\":\"ImageObject\",\"inLanguage\":\"et\",\"@id\":\"https:\/\/www.welovecycling.com\/ee\/#\/schema\/person\/image\/\",\"url\":\"https:\/\/secure.gravatar.com\/avatar\/0656b3224fe17b018f43b8a562625dd43d30827f027b2f62bc5a05711fec9a61?s=96&d=mm&r=g\",\"contentUrl\":\"https:\/\/secure.gravatar.com\/avatar\/0656b3224fe17b018f43b8a562625dd43d30827f027b2f62bc5a05711fec9a61?s=96&d=mm&r=g\",\"caption\":\"andre\"},\"url\":\"https:\/\/www.welovecycling.com\/ee\/author\/andre\/\"}]}<\/script>\n<!-- \/ Yoast SEO Premium plugin. -->","yoast_head_json":{"title":"Alpecin-Deceuninck rattatiim: \u00fchep\u00e4evas\u00f5itude kuningas - \u0160koda We Love Cycling - Estonia","description":"Alpecin-Deceunincki tiimile on 2024 seni edukas aasta olnud. Noor Axel Laurance v\u00f5itis juba 1. veebruaril Etoile de Bess\u00e8ges\u2019i teise etapi ning p\u00e4rast seda on j\u00e4rgnenud veel \u00fcheksa esikohta. Sinna hulka kuuluvad Milano\u2013San Remo ja Classic Brugge\u2013De Panne (m\u00f5lemal juhul Jasper Philipsen), E3 Saxo Classic, Tour de Flanders ja viimati Pariis\u2013Roubaix (k\u00f5ik v\u00f5itis Mathieu van der Poel).","robots":{"index":"index","follow":"follow","max-snippet":"max-snippet:-1","max-image-preview":"max-image-preview:large","max-video-preview":"max-video-preview:-1"},"canonical":"https:\/\/www.welovecycling.com\/ee\/2024\/04\/18\/alpecin-deceuninck-rattatiim-uhepaevasoitude-kuningas\/","og_locale":"et_EE","og_type":"article","og_title":"Alpecin-Deceuninck rattatiim: \u00fchep\u00e4evas\u00f5itude kuningas","og_description":"Alpecin-Deceunincki tiimile on 2024 seni edukas aasta olnud. Noor Axel Laurance v\u00f5itis juba 1. veebruaril Etoile de Bess\u00e8ges\u2019i teise etapi ning p\u00e4rast seda on j\u00e4rgnenud veel \u00fcheksa esikohta. Sinna hulka kuuluvad Milano\u2013San Remo ja Classic Brugge\u2013De Panne (m\u00f5lemal juhul Jasper Philipsen), E3 Saxo Classic, Tour de Flanders ja viimati Pariis\u2013Roubaix (k\u00f5ik v\u00f5itis Mathieu van der Poel).","og_url":"https:\/\/www.welovecycling.com\/ee\/2024\/04\/18\/alpecin-deceuninck-rattatiim-uhepaevasoitude-kuningas\/","og_site_name":"\u0160koda We Love Cycling - Estonia","article_published_time":"2024-04-18T12:37:23+00:00","article_modified_time":"2024-04-18T12:54:40+00:00","og_image":[{"width":710,"height":476,"url":"https:\/\/d2p6e6u75xmxt8.cloudfront.net\/15\/2024\/04\/liege2.webp","type":"image\/webp"}],"author":"andre","twitter_card":"summary_large_image","twitter_misc":{"Written by":"Siegfried Mortkowitz","Est. reading time":"3"},"schema":{"@context":"https:\/\/schema.org","@graph":[{"@type":"WebPage","@id":"https:\/\/www.welovecycling.com\/ee\/2024\/04\/18\/alpecin-deceuninck-rattatiim-uhepaevasoitude-kuningas\/","url":"https:\/\/www.welovecycling.com\/ee\/2024\/04\/18\/alpecin-deceuninck-rattatiim-uhepaevasoitude-kuningas\/","name":"Alpecin-Deceuninck rattatiim: \u00fchep\u00e4evas\u00f5itude kuningas - \u0160koda We Love Cycling - Estonia","isPartOf":{"@id":"https:\/\/www.welovecycling.com\/ee\/#website"},"primaryImageOfPage":{"@id":"https:\/\/www.welovecycling.com\/ee\/2024\/04\/18\/alpecin-deceuninck-rattatiim-uhepaevasoitude-kuningas\/#primaryimage"},"image":{"@id":"https:\/\/www.welovecycling.com\/ee\/2024\/04\/18\/alpecin-deceuninck-rattatiim-uhepaevasoitude-kuningas\/#primaryimage"},"thumbnailUrl":"https:\/\/d2p6e6u75xmxt8.cloudfront.net\/15\/2024\/04\/liege2.webp","datePublished":"2024-04-18T12:37:23+00:00","dateModified":"2024-04-18T12:54:40+00:00","author":{"@id":"https:\/\/www.welovecycling.com\/ee\/#\/schema\/person\/8b7101c4bd1b1ae9d3732ebb1e6caf57"},"description":"Alpecin-Deceunincki tiimile on 2024 seni edukas aasta olnud. Noor Axel Laurance v\u00f5itis juba 1. veebruaril Etoile de Bess\u00e8ges\u2019i teise etapi ning p\u00e4rast seda on j\u00e4rgnenud veel \u00fcheksa esikohta. Sinna hulka kuuluvad Milano\u2013San Remo ja Classic Brugge\u2013De Panne (m\u00f5lemal juhul Jasper Philipsen), E3 Saxo Classic, Tour de Flanders ja viimati Pariis\u2013Roubaix (k\u00f5ik v\u00f5itis Mathieu van der Poel).","inLanguage":"et","potentialAction":[{"@type":"ReadAction","target":["https:\/\/www.welovecycling.com\/ee\/2024\/04\/18\/alpecin-deceuninck-rattatiim-uhepaevasoitude-kuningas\/"]}]},{"@type":"ImageObject","inLanguage":"et","@id":"https:\/\/www.welovecycling.com\/ee\/2024\/04\/18\/alpecin-deceuninck-rattatiim-uhepaevasoitude-kuningas\/#primaryimage","url":"https:\/\/d2p6e6u75xmxt8.cloudfront.net\/15\/2024\/04\/liege2.webp","contentUrl":"https:\/\/d2p6e6u75xmxt8.cloudfront.net\/15\/2024\/04\/liege2.webp","width":710,"height":476},{"@type":"WebSite","@id":"https:\/\/www.welovecycling.com\/ee\/#website","url":"https:\/\/www.welovecycling.com\/ee\/","name":"\u0160koda We Love Cycling - Estonia","description":"","potentialAction":[{"@type":"SearchAction","target":{"@type":"EntryPoint","urlTemplate":"https:\/\/www.welovecycling.com\/ee\/?s={search_term_string}"},"query-input":{"@type":"PropertyValueSpecification","valueRequired":true,"valueName":"search_term_string"}}],"inLanguage":"et"},{"@type":"Person","@id":"https:\/\/www.welovecycling.com\/ee\/#\/schema\/person\/8b7101c4bd1b1ae9d3732ebb1e6caf57","name":"andre","image":{"@type":"ImageObject","inLanguage":"et","@id":"https:\/\/www.welovecycling.com\/ee\/#\/schema\/person\/image\/","url":"https:\/\/secure.gravatar.com\/avatar\/0656b3224fe17b018f43b8a562625dd43d30827f027b2f62bc5a05711fec9a61?s=96&d=mm&r=g","contentUrl":"https:\/\/secure.gravatar.com\/avatar\/0656b3224fe17b018f43b8a562625dd43d30827f027b2f62bc5a05711fec9a61?s=96&d=mm&r=g","caption":"andre"},"url":"https:\/\/www.welovecycling.com\/ee\/author\/andre\/"}]}},"_links":{"self":[{"href":"https:\/\/www.welovecycling.com\/ee\/wp-json\/wp\/v2\/posts\/1819","targetHints":{"allow":["GET"]}}],"collection":[{"href":"https:\/\/www.welovecycling.com\/ee\/wp-json\/wp\/v2\/posts"}],"about":[{"href":"https:\/\/www.welovecycling.com\/ee\/wp-json\/wp\/v2\/types\/post"}],"author":[{"embeddable":true,"href":"https:\/\/www.welovecycling.com\/ee\/wp-json\/wp\/v2\/users\/174"}],"replies":[{"embeddable":true,"href":"https:\/\/www.welovecycling.com\/ee\/wp-json\/wp\/v2\/comments?post=1819"}],"version-history":[{"count":4,"href":"https:\/\/www.welovecycling.com\/ee\/wp-json\/wp\/v2\/posts\/1819\/revisions"}],"predecessor-version":[{"id":1829,"href":"https:\/\/www.welovecycling.com\/ee\/wp-json\/wp\/v2\/posts\/1819\/revisions\/1829"}],"wp:featuredmedia":[{"embeddable":true,"href":"https:\/\/www.welovecycling.com\/ee\/wp-json\/wp\/v2\/media\/1823"}],"wp:attachment":[{"href":"https:\/\/www.welovecycling.com\/ee\/wp-json\/wp\/v2\/media?parent=1819"}],"wp:term":[{"taxonomy":"category","embeddable":true,"href":"https:\/\/www.welovecycling.com\/ee\/wp-json\/wp\/v2\/categories?post=1819"},{"taxonomy":"post_tag","embeddable":true,"href":"https:\/\/www.welovecycling.com\/ee\/wp-json\/wp\/v2\/tags?post=1819"},{"taxonomy":"global-categories","embeddable":true,"href":"https:\/\/www.welovecycling.com\/ee\/wp-json\/wp\/v2\/global-categories?post=1819"}],"curies":[{"name":"wp","href":"https:\/\/api.w.org\/{rel}","templated":true}]}}