{"id":1780,"date":"2024-04-09T15:57:35","date_gmt":"2024-04-09T12:57:35","guid":{"rendered":"https:\/\/www.welovecycling.com\/ee\/?p=1780"},"modified":"2024-04-09T16:04:31","modified_gmt":"2024-04-09T13:04:31","slug":"jalgrattapuhkus-tsehhimaal-pereseikluste-juhised-kevadeks-2024","status":"publish","type":"post","link":"https:\/\/www.welovecycling.com\/ee\/2024\/04\/09\/jalgrattapuhkus-tsehhimaal-pereseikluste-juhised-kevadeks-2024\/","title":{"rendered":"Jalgrattapuhkus T\u0161ehhimaal: pereseikluste juhised kevadeks 2024"},"content":{"rendered":"<h2>Kui T\u0161ehhimaa maastikud \u00e4rkavad kevadele, v\u00f5ivad pered sealt leida hulga k\u00f5ikv\u00f5imalikele vanustele sobivaid rattas\u00f5idukogemusi. See maa on t\u00e4iuslik sihtkoht neile, kes otsivad seiklusi, kultuuri ja looduse ilu. T\u0161ehhimaa oma h\u00e4sti m\u00e4rgistatud rattamarsruutide, ajalooliste linnade ja vapustavate loodusparkidega pakub ideaalset avastamisr\u00f5\u00f5mu ja l\u00f5\u00f5gastuse tasakaalu peredele, kes tahavad sukelduda Euroopa s\u00fcdamesse. Siin on spetside koostatud nimistu T\u0161ehhimaa peres\u00f5bralikest rattas\u00f5idumarsruutidest, mis t\u00f5otavad unustamatuid kogemusi.<\/h2>\n<p><!--more--><\/p>\n<h2><strong>Prahast Karl\u0161tejni lossi (umbes 30 km)<\/strong><\/h2>\n<figure id=\"attachment_1782\" aria-describedby=\"caption-attachment-1782\" style=\"width: 713px\" class=\"wp-caption aligncenter\"><a href=\"https:\/\/d2p6e6u75xmxt8.cloudfront.net\/15\/2024\/04\/tsehhi2.webp\"><img loading=\"lazy\" decoding=\"async\" class=\"wp-image-1782 size-full\" src=\"https:\/\/d2p6e6u75xmxt8.cloudfront.net\/15\/2024\/04\/tsehhi2.webp\" alt=\"\" width=\"713\" height=\"478\" srcset=\"https:\/\/d2p6e6u75xmxt8.cloudfront.net\/15\/2024\/04\/tsehhi2.webp 713w, https:\/\/d2p6e6u75xmxt8.cloudfront.net\/15\/2024\/04\/tsehhi2-300x201.webp 300w, https:\/\/d2p6e6u75xmxt8.cloudfront.net\/15\/2024\/04\/tsehhi2-400x268.webp 400w, https:\/\/d2p6e6u75xmxt8.cloudfront.net\/15\/2024\/04\/tsehhi2-272x182.webp 272w\" sizes=\"auto, (max-width: 713px) 100vw, 713px\" \/><\/a><figcaption id=\"caption-attachment-1782\" class=\"wp-caption-text\">Karl\u0161tejn on Karl IV ehitatud gooti stiilis p\u00e4rl<\/figcaption><\/figure>\n<p>Sobib: v\u00e4hemalt 6-aastastele lastele<\/p>\n<p>Imelisest Prahast algav marsruut viib teid l\u00e4bi maaliliste Kesk-T\u0161ehhimaa maastike gooti stiilis Karl\u0161tejni lossi juurde, mille ehitas Karl IV. Teekond kulgeb suhteliselt tasasel maal Vltava ja Berounka j\u00f5e \u00e4\u00e4res, tehes selle sobilikuks ka v\u00e4iksemate lastega peredele. Tee peal saate nautida lopsakaid maastikke ja peatuda v\u00f5luvates k\u00fclakestes, maitsmaks traditsioonilisi t\u0161ehhi h\u00f5rgutisi. K\u00fcnkatipus asuv loss pakub mitte ainult p\u00f5hjalikku ajalootundi, vaid ka hingematvalt kauneid vaateid \u00fcmbruskonnale.<\/p>\n<h2><strong>L\u00f5una-Moraavia veinirajad (erineva pikkusega)<\/strong><\/h2>\n<figure id=\"attachment_1783\" aria-describedby=\"caption-attachment-1783\" style=\"width: 714px\" class=\"wp-caption aligncenter\"><a href=\"https:\/\/d2p6e6u75xmxt8.cloudfront.net\/15\/2024\/04\/tsehhi3.webp\"><img loading=\"lazy\" decoding=\"async\" class=\"wp-image-1783 size-full\" src=\"https:\/\/d2p6e6u75xmxt8.cloudfront.net\/15\/2024\/04\/tsehhi3.webp\" alt=\"\" width=\"714\" height=\"473\" srcset=\"https:\/\/d2p6e6u75xmxt8.cloudfront.net\/15\/2024\/04\/tsehhi3.webp 714w, https:\/\/d2p6e6u75xmxt8.cloudfront.net\/15\/2024\/04\/tsehhi3-300x199.webp 300w, https:\/\/d2p6e6u75xmxt8.cloudfront.net\/15\/2024\/04\/tsehhi3-400x265.webp 400w\" sizes=\"auto, (max-width: 714px) 100vw, 714px\" \/><\/a><figcaption id=\"caption-attachment-1783\" class=\"wp-caption-text\">Znojmo P\u00fcha Nikolause kirik koos viinamarjaistandustega p\u00e4ikeseloojangul<\/figcaption><\/figure>\n<p>Sobib: v\u00e4hemalt 10-aastastele lastele<\/p>\n<p>Tutvuge kuppelmaastiku ja viinamarjaistandustega L\u00f5una-Moraavias, mis on tuntud oma veinitootmise ja piltilusate vaadetega. Paljude olemasolevate marsruutide seast v\u00f5ivad pered valida radu, mis vonklevad l\u00e4bi maaliliste veinilinnakeste, m\u00f6\u00f6da ajaloolistest lossidest ja suunduda P\u00e1lava biosf\u00e4\u00e4ri kaitsealale. Kevad, kui viinamarjaistandused elule \u00e4rkavad, on siin ise\u00e4ranis eriline. Rajad sobivad veidi vanemate lastega peredele, pakkudes nii rahulikku kulgemist kui ka v\u00f5imalusi kultuuriga tutvumiseks, sealhulgas veinide degusteerimist t\u00e4iskasvanutele.<\/p>\n<h2><strong>Elbe j\u00f5e rada: Hradec Kr\u00e1lov\u00e9st Dresdenisse (umbes 210 km)<\/strong><\/h2>\n<figure id=\"attachment_1784\" aria-describedby=\"caption-attachment-1784\" style=\"width: 711px\" class=\"wp-caption aligncenter\"><a href=\"https:\/\/d2p6e6u75xmxt8.cloudfront.net\/15\/2024\/04\/tsehhi4.webp\"><img loading=\"lazy\" decoding=\"async\" class=\"wp-image-1784 size-full\" src=\"https:\/\/d2p6e6u75xmxt8.cloudfront.net\/15\/2024\/04\/tsehhi4.webp\" alt=\"\" width=\"711\" height=\"471\" srcset=\"https:\/\/d2p6e6u75xmxt8.cloudfront.net\/15\/2024\/04\/tsehhi4.webp 711w, https:\/\/d2p6e6u75xmxt8.cloudfront.net\/15\/2024\/04\/tsehhi4-300x199.webp 300w, https:\/\/d2p6e6u75xmxt8.cloudfront.net\/15\/2024\/04\/tsehhi4-400x265.webp 400w\" sizes=\"auto, (max-width: 711px) 100vw, 711px\" \/><\/a><figcaption id=\"caption-attachment-1784\" class=\"wp-caption-text\">Hradec Kr\u00e1lov\u00e9 v\u00e4ike h\u00fcdroelektrijaam (F. Sander, 1909) on tehnikaajaloo monument<\/figcaption><\/figure>\n<p>Sobib: teismelistega peredele<\/p>\n<p>Pikk marsruut kulgeb piki Elbe (Labe) j\u00f5ge T\u0161ehhimaalt Hradec Kr\u00e1lov\u00e9st Saksamaale Dresdenisse. Kui kogu marsruut v\u00f5ib m\u00f5nele perele tunduda \u00fclej\u00f5uk\u00e4iv, siis l\u00fchemad l\u00f5igud pakuvad v\u00f5imalusi \u00fchep\u00e4evasteks matkadeks, kus selle olemus samuti v\u00e4lja tuleb. Marsruut on tuntud oma leebe maastiku ja vapustavate vaadete poolest, l\u00e4bides T\u0161ehhi keskm\u00e4estikku ja Saksimaa \u0160veitsi rahvusparki. See on hariv reis l\u00e4bi imelise looduse ja ajalooliste paikade, sobides oma pisut n\u00f5udlikuma teekonnaga h\u00e4sti teismeliste lastega peredele.<\/p>\n<h2><strong>Plze\u0148ist Regensburgi (umbes 160 km)<\/strong><\/h2>\n<figure id=\"attachment_1785\" aria-describedby=\"caption-attachment-1785\" style=\"width: 713px\" class=\"wp-caption aligncenter\"><a href=\"https:\/\/d2p6e6u75xmxt8.cloudfront.net\/15\/2024\/04\/tsehhi5.webp\"><img loading=\"lazy\" decoding=\"async\" class=\"wp-image-1785 size-full\" src=\"https:\/\/d2p6e6u75xmxt8.cloudfront.net\/15\/2024\/04\/tsehhi5.webp\" alt=\"\" width=\"713\" height=\"476\" srcset=\"https:\/\/d2p6e6u75xmxt8.cloudfront.net\/15\/2024\/04\/tsehhi5.webp 713w, https:\/\/d2p6e6u75xmxt8.cloudfront.net\/15\/2024\/04\/tsehhi5-300x200.webp 300w, https:\/\/d2p6e6u75xmxt8.cloudfront.net\/15\/2024\/04\/tsehhi5-400x267.webp 400w, https:\/\/d2p6e6u75xmxt8.cloudfront.net\/15\/2024\/04\/tsehhi5-272x182.webp 272w\" sizes=\"auto, (max-width: 713px) 100vw, 713px\" \/><\/a><figcaption id=\"caption-attachment-1785\" class=\"wp-caption-text\">Vaade Plze\u0148i P\u00fcha Bartolomeuse katedraalile<\/figcaption><\/figure>\n<p>Sobib: teismelistega peredele<\/p>\n<p>See marsruut, mis \u00fchendab pilseni \u00f5lle s\u00fcnnikohana tuntud T\u0161ehhimaa linna Plze\u0148i UNESCO maailmap\u00e4randi nimistusse kuuluva Regensburgiga Saksamaal, pakub riigipiiri \u00fcletavat ning ajaloost ja kultuurist l\u00e4biimbunud reisikogemust. Teekond tutvustab peredele Plze\u0148i piirkonna rikkalikku t\u00f6\u00f6stusp\u00e4randit ning Regensburgi keskaegset arhitektuuri. Seegi marsruut on sobilik teismeliste lastega peredele ning \u00fchendab pikemad rattas\u00f5iduotsad harivate peatustega, sealhulgas Plze\u0148i \u00f5llepruulimismuuseumis ja Regensburgi ajaloolises vanalinnas.<\/p>\n<h2><strong>\u0160umava rahvuspargi rajad (erineva pikkusega)<\/strong><\/h2>\n<figure id=\"attachment_1786\" aria-describedby=\"caption-attachment-1786\" style=\"width: 714px\" class=\"wp-caption aligncenter\"><a href=\"https:\/\/d2p6e6u75xmxt8.cloudfront.net\/15\/2024\/04\/tsehhi6.webp\"><img loading=\"lazy\" decoding=\"async\" class=\"wp-image-1786 size-full\" src=\"https:\/\/d2p6e6u75xmxt8.cloudfront.net\/15\/2024\/04\/tsehhi6.webp\" alt=\"\" width=\"714\" height=\"475\" srcset=\"https:\/\/d2p6e6u75xmxt8.cloudfront.net\/15\/2024\/04\/tsehhi6.webp 714w, https:\/\/d2p6e6u75xmxt8.cloudfront.net\/15\/2024\/04\/tsehhi6-300x200.webp 300w, https:\/\/d2p6e6u75xmxt8.cloudfront.net\/15\/2024\/04\/tsehhi6-400x266.webp 400w, https:\/\/d2p6e6u75xmxt8.cloudfront.net\/15\/2024\/04\/tsehhi6-272x182.webp 272w\" sizes=\"auto, (max-width: 714px) 100vw, 714px\" \/><\/a><figcaption id=\"caption-attachment-1786\" class=\"wp-caption-text\">Kaunis loodus kunagise Stod\u016flky k\u00fcla asukohas \u0160umava m\u00e4gedes<\/figcaption><\/figure>\n<p>Sobib: v\u00e4hemalt 10-aastastele lastele<\/p>\n<p>T\u0161ehhimaa, Saksamaa ja Austria riigipiiride \u00fchinemiskohas paiknev \u0160umava rahvuspark peidab endas l\u00f5putult tihedaid metsi, turbarabasid ja kristallselge veega j\u00e4rvesid. Parki kattev rattaradade v\u00f5rgustik pakub midagi igale tasemele, alates lihtsatest marsruutidest algajaile ja l\u00f5petades keerukatega seikluseotsijaile. Kevadel l\u00f6\u00f6b siin haljendama lopsaka taimestikuga maastik ja see ongi parim aeg tutvuda rahvuspargi loodusliku iluga. Peatusi saab teha n\u00e4iteks sellist vaatamisv\u00e4\u00e4rsuste juures nagu \u010cern\u00e9 ja \u010certovo j\u00e4rved.<\/p>\n<p>K\u00f5ik need T\u0161ehhimaa rattaseiklused pakuvad peredele v\u00f5imalust tugevdada omavahelisi sidemeid \u00fchiste kogemustega, alates Karl\u0161tejni lossi ajaloolistest imedest kuni T\u0161ehhimaa \u0160veitsi loodusliku iluni. Vahet pole, kas v\u00e4ndata l\u00e4bi rahulike metsade v\u00f5i tutvuda iidsete linnadega \u2013 need marsruudid t\u00e4idavad teie 2024. aasta kevade avastuste, seikluste ja T\u0161ehhimaa unustamatu veetlusega.<\/p>\n","protected":false},"excerpt":{"rendered":"<p>Kui T\u0161ehhimaa maastikud \u00e4rkavad kevadele, v\u00f5ivad pered sealt leida hulga k\u00f5ikv\u00f5imalikele vanustele sobivaid rattas\u00f5idukogemusi. See maa on t\u00e4iuslik sihtkoht neile, [&hellip;]<\/p>\n","protected":false},"author":174,"featured_media":1781,"comment_status":"open","ping_status":"open","sticky":false,"template":"","format":"standard","meta":{"footnotes":""},"categories":[9],"tags":[214,213,216,215],"global-categories":[22],"class_list":["post-1780","post","type-post","status-publish","format-standard","has-post-thumbnail","hentry","category-perekond","tag-jalgrattaga-tsehhi","tag-jalgrattamatk","tag-pere-jalgrattapuhkus","tag-rattasoit-perega","global-categories-cycling"],"yoast_head":"<!-- This site is optimized with the Yoast SEO Premium plugin v25.3 (Yoast SEO v25.9) - https:\/\/yoast.com\/wordpress\/plugins\/seo\/ -->\n<title>Jalgrattapuhkus T\u0161ehhimaal: pereseikluste juhised kevadeks 2024 - \u0160koda We Love Cycling - Estonia<\/title>\n<meta name=\"robots\" content=\"index, follow, max-snippet:-1, max-image-preview:large, max-video-preview:-1\" \/>\n<link rel=\"canonical\" href=\"https:\/\/www.welovecycling.com\/ee\/2024\/04\/09\/jalgrattapuhkus-tsehhimaal-pereseikluste-juhised-kevadeks-2024\/\" \/>\n<meta property=\"og:locale\" content=\"et_EE\" \/>\n<meta property=\"og:type\" content=\"article\" \/>\n<meta property=\"og:title\" content=\"Jalgrattapuhkus T\u0161ehhimaal: pereseikluste juhised kevadeks 2024\" \/>\n<meta property=\"og:description\" content=\"Kui T\u0161ehhimaa maastikud \u00e4rkavad kevadele, v\u00f5ivad pered sealt leida hulga k\u00f5ikv\u00f5imalikele vanustele sobivaid rattas\u00f5idukogemusi. See maa on t\u00e4iuslik sihtkoht neile, [&hellip;]\" \/>\n<meta property=\"og:url\" content=\"https:\/\/www.welovecycling.com\/ee\/2024\/04\/09\/jalgrattapuhkus-tsehhimaal-pereseikluste-juhised-kevadeks-2024\/\" \/>\n<meta property=\"og:site_name\" content=\"\u0160koda We Love Cycling - Estonia\" \/>\n<meta property=\"article:published_time\" content=\"2024-04-09T12:57:35+00:00\" \/>\n<meta property=\"article:modified_time\" content=\"2024-04-09T13:04:31+00:00\" \/>\n<meta property=\"og:image\" content=\"https:\/\/d2p6e6u75xmxt8.cloudfront.net\/15\/2024\/04\/tsehhi1.webp\" \/>\n\t<meta property=\"og:image:width\" content=\"893\" \/>\n\t<meta property=\"og:image:height\" content=\"586\" \/>\n\t<meta property=\"og:image:type\" content=\"image\/webp\" \/>\n<meta name=\"author\" content=\"andre\" \/>\n<meta name=\"twitter:card\" content=\"summary_large_image\" \/>\n<meta name=\"twitter:label1\" content=\"Written by\" \/>\n\t<meta name=\"twitter:data1\" content=\"Monica Buck\" \/>\n\t<meta name=\"twitter:label2\" content=\"Est. reading time\" \/>\n\t<meta name=\"twitter:data2\" content=\"5\" \/>\n<script type=\"application\/ld+json\" class=\"yoast-schema-graph\">{\"@context\":\"https:\/\/schema.org\",\"@graph\":[{\"@type\":\"WebPage\",\"@id\":\"https:\/\/www.welovecycling.com\/ee\/2024\/04\/09\/jalgrattapuhkus-tsehhimaal-pereseikluste-juhised-kevadeks-2024\/\",\"url\":\"https:\/\/www.welovecycling.com\/ee\/2024\/04\/09\/jalgrattapuhkus-tsehhimaal-pereseikluste-juhised-kevadeks-2024\/\",\"name\":\"Jalgrattapuhkus T\u0161ehhimaal: pereseikluste juhised kevadeks 2024 - \u0160koda We Love Cycling - Estonia\",\"isPartOf\":{\"@id\":\"https:\/\/www.welovecycling.com\/ee\/#website\"},\"primaryImageOfPage\":{\"@id\":\"https:\/\/www.welovecycling.com\/ee\/2024\/04\/09\/jalgrattapuhkus-tsehhimaal-pereseikluste-juhised-kevadeks-2024\/#primaryimage\"},\"image\":{\"@id\":\"https:\/\/www.welovecycling.com\/ee\/2024\/04\/09\/jalgrattapuhkus-tsehhimaal-pereseikluste-juhised-kevadeks-2024\/#primaryimage\"},\"thumbnailUrl\":\"https:\/\/d2p6e6u75xmxt8.cloudfront.net\/15\/2024\/04\/tsehhi1.webp\",\"datePublished\":\"2024-04-09T12:57:35+00:00\",\"dateModified\":\"2024-04-09T13:04:31+00:00\",\"author\":{\"@id\":\"https:\/\/www.welovecycling.com\/ee\/#\/schema\/person\/8b7101c4bd1b1ae9d3732ebb1e6caf57\"},\"inLanguage\":\"et\",\"potentialAction\":[{\"@type\":\"ReadAction\",\"target\":[\"https:\/\/www.welovecycling.com\/ee\/2024\/04\/09\/jalgrattapuhkus-tsehhimaal-pereseikluste-juhised-kevadeks-2024\/\"]}]},{\"@type\":\"ImageObject\",\"inLanguage\":\"et\",\"@id\":\"https:\/\/www.welovecycling.com\/ee\/2024\/04\/09\/jalgrattapuhkus-tsehhimaal-pereseikluste-juhised-kevadeks-2024\/#primaryimage\",\"url\":\"https:\/\/d2p6e6u75xmxt8.cloudfront.net\/15\/2024\/04\/tsehhi1.webp\",\"contentUrl\":\"https:\/\/d2p6e6u75xmxt8.cloudfront.net\/15\/2024\/04\/tsehhi1.webp\",\"width\":893,\"height\":586},{\"@type\":\"WebSite\",\"@id\":\"https:\/\/www.welovecycling.com\/ee\/#website\",\"url\":\"https:\/\/www.welovecycling.com\/ee\/\",\"name\":\"\u0160koda We Love Cycling - Estonia\",\"description\":\"\",\"potentialAction\":[{\"@type\":\"SearchAction\",\"target\":{\"@type\":\"EntryPoint\",\"urlTemplate\":\"https:\/\/www.welovecycling.com\/ee\/?s={search_term_string}\"},\"query-input\":{\"@type\":\"PropertyValueSpecification\",\"valueRequired\":true,\"valueName\":\"search_term_string\"}}],\"inLanguage\":\"et\"},{\"@type\":\"Person\",\"@id\":\"https:\/\/www.welovecycling.com\/ee\/#\/schema\/person\/8b7101c4bd1b1ae9d3732ebb1e6caf57\",\"name\":\"andre\",\"image\":{\"@type\":\"ImageObject\",\"inLanguage\":\"et\",\"@id\":\"https:\/\/www.welovecycling.com\/ee\/#\/schema\/person\/image\/\",\"url\":\"https:\/\/secure.gravatar.com\/avatar\/0656b3224fe17b018f43b8a562625dd43d30827f027b2f62bc5a05711fec9a61?s=96&d=mm&r=g\",\"contentUrl\":\"https:\/\/secure.gravatar.com\/avatar\/0656b3224fe17b018f43b8a562625dd43d30827f027b2f62bc5a05711fec9a61?s=96&d=mm&r=g\",\"caption\":\"andre\"},\"url\":\"https:\/\/www.welovecycling.com\/ee\/author\/andre\/\"}]}<\/script>\n<!-- \/ Yoast SEO Premium plugin. -->","yoast_head_json":{"title":"Jalgrattapuhkus T\u0161ehhimaal: pereseikluste juhised kevadeks 2024 - \u0160koda We Love Cycling - Estonia","robots":{"index":"index","follow":"follow","max-snippet":"max-snippet:-1","max-image-preview":"max-image-preview:large","max-video-preview":"max-video-preview:-1"},"canonical":"https:\/\/www.welovecycling.com\/ee\/2024\/04\/09\/jalgrattapuhkus-tsehhimaal-pereseikluste-juhised-kevadeks-2024\/","og_locale":"et_EE","og_type":"article","og_title":"Jalgrattapuhkus T\u0161ehhimaal: pereseikluste juhised kevadeks 2024","og_description":"Kui T\u0161ehhimaa maastikud \u00e4rkavad kevadele, v\u00f5ivad pered sealt leida hulga k\u00f5ikv\u00f5imalikele vanustele sobivaid rattas\u00f5idukogemusi. See maa on t\u00e4iuslik sihtkoht neile, [&hellip;]","og_url":"https:\/\/www.welovecycling.com\/ee\/2024\/04\/09\/jalgrattapuhkus-tsehhimaal-pereseikluste-juhised-kevadeks-2024\/","og_site_name":"\u0160koda We Love Cycling - Estonia","article_published_time":"2024-04-09T12:57:35+00:00","article_modified_time":"2024-04-09T13:04:31+00:00","og_image":[{"width":893,"height":586,"url":"https:\/\/d2p6e6u75xmxt8.cloudfront.net\/15\/2024\/04\/tsehhi1.webp","type":"image\/webp"}],"author":"andre","twitter_card":"summary_large_image","twitter_misc":{"Written by":"Monica Buck","Est. reading time":"5"},"schema":{"@context":"https:\/\/schema.org","@graph":[{"@type":"WebPage","@id":"https:\/\/www.welovecycling.com\/ee\/2024\/04\/09\/jalgrattapuhkus-tsehhimaal-pereseikluste-juhised-kevadeks-2024\/","url":"https:\/\/www.welovecycling.com\/ee\/2024\/04\/09\/jalgrattapuhkus-tsehhimaal-pereseikluste-juhised-kevadeks-2024\/","name":"Jalgrattapuhkus T\u0161ehhimaal: pereseikluste juhised kevadeks 2024 - \u0160koda We Love Cycling - Estonia","isPartOf":{"@id":"https:\/\/www.welovecycling.com\/ee\/#website"},"primaryImageOfPage":{"@id":"https:\/\/www.welovecycling.com\/ee\/2024\/04\/09\/jalgrattapuhkus-tsehhimaal-pereseikluste-juhised-kevadeks-2024\/#primaryimage"},"image":{"@id":"https:\/\/www.welovecycling.com\/ee\/2024\/04\/09\/jalgrattapuhkus-tsehhimaal-pereseikluste-juhised-kevadeks-2024\/#primaryimage"},"thumbnailUrl":"https:\/\/d2p6e6u75xmxt8.cloudfront.net\/15\/2024\/04\/tsehhi1.webp","datePublished":"2024-04-09T12:57:35+00:00","dateModified":"2024-04-09T13:04:31+00:00","author":{"@id":"https:\/\/www.welovecycling.com\/ee\/#\/schema\/person\/8b7101c4bd1b1ae9d3732ebb1e6caf57"},"inLanguage":"et","potentialAction":[{"@type":"ReadAction","target":["https:\/\/www.welovecycling.com\/ee\/2024\/04\/09\/jalgrattapuhkus-tsehhimaal-pereseikluste-juhised-kevadeks-2024\/"]}]},{"@type":"ImageObject","inLanguage":"et","@id":"https:\/\/www.welovecycling.com\/ee\/2024\/04\/09\/jalgrattapuhkus-tsehhimaal-pereseikluste-juhised-kevadeks-2024\/#primaryimage","url":"https:\/\/d2p6e6u75xmxt8.cloudfront.net\/15\/2024\/04\/tsehhi1.webp","contentUrl":"https:\/\/d2p6e6u75xmxt8.cloudfront.net\/15\/2024\/04\/tsehhi1.webp","width":893,"height":586},{"@type":"WebSite","@id":"https:\/\/www.welovecycling.com\/ee\/#website","url":"https:\/\/www.welovecycling.com\/ee\/","name":"\u0160koda We Love Cycling - Estonia","description":"","potentialAction":[{"@type":"SearchAction","target":{"@type":"EntryPoint","urlTemplate":"https:\/\/www.welovecycling.com\/ee\/?s={search_term_string}"},"query-input":{"@type":"PropertyValueSpecification","valueRequired":true,"valueName":"search_term_string"}}],"inLanguage":"et"},{"@type":"Person","@id":"https:\/\/www.welovecycling.com\/ee\/#\/schema\/person\/8b7101c4bd1b1ae9d3732ebb1e6caf57","name":"andre","image":{"@type":"ImageObject","inLanguage":"et","@id":"https:\/\/www.welovecycling.com\/ee\/#\/schema\/person\/image\/","url":"https:\/\/secure.gravatar.com\/avatar\/0656b3224fe17b018f43b8a562625dd43d30827f027b2f62bc5a05711fec9a61?s=96&d=mm&r=g","contentUrl":"https:\/\/secure.gravatar.com\/avatar\/0656b3224fe17b018f43b8a562625dd43d30827f027b2f62bc5a05711fec9a61?s=96&d=mm&r=g","caption":"andre"},"url":"https:\/\/www.welovecycling.com\/ee\/author\/andre\/"}]}},"_links":{"self":[{"href":"https:\/\/www.welovecycling.com\/ee\/wp-json\/wp\/v2\/posts\/1780","targetHints":{"allow":["GET"]}}],"collection":[{"href":"https:\/\/www.welovecycling.com\/ee\/wp-json\/wp\/v2\/posts"}],"about":[{"href":"https:\/\/www.welovecycling.com\/ee\/wp-json\/wp\/v2\/types\/post"}],"author":[{"embeddable":true,"href":"https:\/\/www.welovecycling.com\/ee\/wp-json\/wp\/v2\/users\/174"}],"replies":[{"embeddable":true,"href":"https:\/\/www.welovecycling.com\/ee\/wp-json\/wp\/v2\/comments?post=1780"}],"version-history":[{"count":2,"href":"https:\/\/www.welovecycling.com\/ee\/wp-json\/wp\/v2\/posts\/1780\/revisions"}],"predecessor-version":[{"id":1788,"href":"https:\/\/www.welovecycling.com\/ee\/wp-json\/wp\/v2\/posts\/1780\/revisions\/1788"}],"wp:featuredmedia":[{"embeddable":true,"href":"https:\/\/www.welovecycling.com\/ee\/wp-json\/wp\/v2\/media\/1781"}],"wp:attachment":[{"href":"https:\/\/www.welovecycling.com\/ee\/wp-json\/wp\/v2\/media?parent=1780"}],"wp:term":[{"taxonomy":"category","embeddable":true,"href":"https:\/\/www.welovecycling.com\/ee\/wp-json\/wp\/v2\/categories?post=1780"},{"taxonomy":"post_tag","embeddable":true,"href":"https:\/\/www.welovecycling.com\/ee\/wp-json\/wp\/v2\/tags?post=1780"},{"taxonomy":"global-categories","embeddable":true,"href":"https:\/\/www.welovecycling.com\/ee\/wp-json\/wp\/v2\/global-categories?post=1780"}],"curies":[{"name":"wp","href":"https:\/\/api.w.org\/{rel}","templated":true}]}}