{"id":1733,"date":"2024-03-25T21:09:23","date_gmt":"2024-03-25T18:09:23","guid":{"rendered":"https:\/\/www.welovecycling.com\/ee\/?p=1733"},"modified":"2025-03-11T14:12:35","modified_gmt":"2025-03-11T11:12:35","slug":"skoda-mtb-kolmapaevakud-2024-jatkame-traditsioone","status":"publish","type":"post","link":"https:\/\/www.welovecycling.com\/ee\/2024\/03\/25\/skoda-mtb-kolmapaevakud-2024-jatkame-traditsioone\/","title":{"rendered":"\u0160koda MTB Kolmap\u00e4evakud 2024 &#8211; J\u00e4tkame traditsioone!"},"content":{"rendered":"<h2>10.04.2024 kell 17.00 Kalevi Liival l\u00e4heb k\u00e4ima sarja juba 17. hooaeg. Ilmselt aastal 2007, kui sari esmakordselt t\u00e4ies mahus ja formaadis oma avastardi sai, ei arvanud keegi, et see sari traditsiooniks saab. Sarja peatoetaja on j\u00e4tkuval SKO Motors &#8211; \u0160koda esindus Laagris, \u0160koda ja We Love Cycling. Korraldajad on ikka samad &#8211; Porter Racing, J\u00f5el\u00e4htme Singel, Velo.Clubbers ja CC Rota Mobilis.<\/h2>\n<p><!--more--><\/p>\n<p><strong>Nagu iga teine spordisari, proovib ka \u0160koda MTB Kolmap\u00e4evakud ajaga kaasas k\u00e4ia. Toome teieni kvaliteetseid radu, \u00fcllatusi, uusi v\u00f5istlusklasse, v\u00e4gevate auhindadega loosimisi, p\u00f5nevust ja h\u00e4id pakkumisi meie toetajatelt.<\/strong><br \/>\n<strong>Mis on sellel hooajal uut?<\/strong><\/p>\n<p><a href=\"https:\/\/d2p6e6u75xmxt8.cloudfront.net\/15\/2024\/03\/IMG_11.webp\"><img loading=\"lazy\" decoding=\"async\" class=\"aligncenter size-full wp-image-1745\" src=\"https:\/\/d2p6e6u75xmxt8.cloudfront.net\/15\/2024\/03\/IMG_11.webp\" alt=\"\" width=\"1091\" height=\"727\" srcset=\"https:\/\/d2p6e6u75xmxt8.cloudfront.net\/15\/2024\/03\/IMG_11.webp 1091w, https:\/\/d2p6e6u75xmxt8.cloudfront.net\/15\/2024\/03\/IMG_11-300x200.webp 300w, https:\/\/d2p6e6u75xmxt8.cloudfront.net\/15\/2024\/03\/IMG_11-1024x682.webp 1024w, https:\/\/d2p6e6u75xmxt8.cloudfront.net\/15\/2024\/03\/IMG_11-768x512.webp 768w, https:\/\/d2p6e6u75xmxt8.cloudfront.net\/15\/2024\/03\/IMG_11-400x267.webp 400w, https:\/\/d2p6e6u75xmxt8.cloudfront.net\/15\/2024\/03\/IMG_11-272x182.webp 272w\" sizes=\"auto, (max-width: 1091px) 100vw, 1091px\" \/><\/a><\/p>\n<ol>\n<li>Stardimaks per etapp j\u00e4\u00e4b 10 EUR + number 3 EUR (\u00fchekordne tasu). Registreerida saad kas kolmapaev.ee lehel v\u00f5i kohapeal.<\/li>\n<li>V\u00f5tame kasutusele keskkonnas\u00e4\u00e4stliku lahenduse, kus numbrid, mis v\u00e4ljastatakse kehtivad ka j\u00e4rgmisel aastal jne. Uuendame numbreid kleebisega. Kadumisel peab uue nr lunastama.<\/li>\n<li>Sellel hooajal on v\u00f5imalus 1 n\u00e4dal enne starti numbritele j\u00e4rgi minna ka SKO Motorsi esindusse (P\u00e4rnu mnt 543, Laagri). Selles osas anname veel t\u00e4psemat infot. Samuti saab numbrid k\u00e4tte esimese etapi stardis nagu alati.<\/li>\n<li>Sellest hooajast alates on elektrilised E-MTB rattad starti lubatud igal etapil. Loomulikult toimub neile eraldi arvestus. Mootorite v\u00f5imsusi me kontrollima ei hakka. E-MTB s\u00f5itjate numbritele lisatakse vastav kleebis.<\/li>\n<li>Viimasel, Keila etapil leiab aset ka E-MTB Eesti mesitriv\u00f5istluste etapp. E-MTB-stardivad sellel etapil eraldi ja tavaratastega koos s\u00f5itmist ei ole.<\/li>\n<li>V\u00f5tame kasutusele ka nooremate vanuser\u00fchma M\/N 8.<\/li>\n<li>Need tublid ratturid, kes v\u00f5tsid eelmisel aastal osa k\u00f5igist etappidest saavad sellel aastal endale nimelised numbrid. Samal tingimusel anname v\u00e4lja ka 2025 a nimelised numbrid, seega ole igal etapil kohal!<\/li>\n<li>\u00a021.08.24 toimuv\u00a0 Pirita etapp on taas traditsiooniline SKO Motors Spetsiaal \/ S\u00f5ber Tasuta Kaasa etapp. Mis t\u00e4psemalt toimuma hakkab, anname jooksvalt teada.<\/li>\n<li>\u00a0Sarja l\u00f5petamine toimub eraldi \u00fcritusena SKO Motorsis 18.09.2024. Selle \u00fcrituse kohta jagame samuti infot jooksvalt.<\/li>\n<li>Sarja fotograafina j\u00e4tkab Janne Epner<\/li>\n<li>SKO Motors, \u0160koda ja WeLoveCycling teevad spetsiaalseid ainult kolmap\u00e4evakulistele suunatud pakkumisi.<br \/>\n<strong><a href=\"https:\/\/d2p6e6u75xmxt8.cloudfront.net\/15\/2024\/03\/postitus_02_2024_1024x267.webp\"><img loading=\"lazy\" decoding=\"async\" class=\"aligncenter size-full wp-image-1754\" src=\"https:\/\/d2p6e6u75xmxt8.cloudfront.net\/15\/2024\/03\/postitus_02_2024_1024x267.webp\" alt=\"\" width=\"1024\" height=\"267\" srcset=\"https:\/\/d2p6e6u75xmxt8.cloudfront.net\/15\/2024\/03\/postitus_02_2024_1024x267.webp 1024w, https:\/\/d2p6e6u75xmxt8.cloudfront.net\/15\/2024\/03\/postitus_02_2024_1024x267-300x78.webp 300w, https:\/\/d2p6e6u75xmxt8.cloudfront.net\/15\/2024\/03\/postitus_02_2024_1024x267-768x200.webp 768w, https:\/\/d2p6e6u75xmxt8.cloudfront.net\/15\/2024\/03\/postitus_02_2024_1024x267-400x104.webp 400w\" sizes=\"auto, (max-width: 1024px) 100vw, 1024px\" \/><\/a><\/strong><\/li>\n<li><strong>Loosime v\u00e4lja \u00fche \u00f5nneliku, kes saab SKO Motorsi kulul s\u00f5ita L\u2019\u00c9tape du Tour de France rahvaetapile, mis toimub 07.07.2024 . V\u00f5idupakett sisaldab lennupiletit, transporti kohapeal, majutust, stardikohta jne.<\/strong><br \/>\n<strong>Suur loos toimub k\u00f5igi t\u00e4isealiste v\u00f5istlejate vahel, kes on osa v\u00f5tnud v\u00e4hemalt \u00fchestj\u00e4rgmistest 2024 a. etappidest (Kalevi Liiva, Saustin\u00f5mme, Rohuneeme ja Riiam\u00e4e).\u00a0 Kui soovid oma v\u00f5idu v\u00f5imalusi suurendada v\u00f5ta osa k\u00f5igist neljast etapist. Iga etapp annab \u00fche &#8220;pileti&#8221;. Samuti saad loosirattasse, kui oled registreerunud ja maksnud kogu hooajaks. <a href=\"https:\/\/www.skodalaagri.ee\/letape-du-tour-de-france-rahvaetapile\/\">T\u00e4psemad tingimused leiad SKO Motorsi lehelt.<\/a><\/strong><\/li>\n<\/ol>\n<p>&nbsp;<\/p>\n<p><a href=\"https:\/\/d2p6e6u75xmxt8.cloudfront.net\/15\/2024\/03\/postitus_02_2024_1080x1080.webp\"><img loading=\"lazy\" decoding=\"async\" class=\"aligncenter size-full wp-image-1741\" src=\"https:\/\/d2p6e6u75xmxt8.cloudfront.net\/15\/2024\/03\/postitus_02_2024_1080x1080.webp\" alt=\"\" width=\"1080\" height=\"1080\" srcset=\"https:\/\/d2p6e6u75xmxt8.cloudfront.net\/15\/2024\/03\/postitus_02_2024_1080x1080.webp 1080w, https:\/\/d2p6e6u75xmxt8.cloudfront.net\/15\/2024\/03\/postitus_02_2024_1080x1080-300x300.webp 300w, https:\/\/d2p6e6u75xmxt8.cloudfront.net\/15\/2024\/03\/postitus_02_2024_1080x1080-1024x1024.webp 1024w, https:\/\/d2p6e6u75xmxt8.cloudfront.net\/15\/2024\/03\/postitus_02_2024_1080x1080-150x150.webp 150w, https:\/\/d2p6e6u75xmxt8.cloudfront.net\/15\/2024\/03\/postitus_02_2024_1080x1080-768x768.webp 768w, https:\/\/d2p6e6u75xmxt8.cloudfront.net\/15\/2024\/03\/postitus_02_2024_1080x1080-400x400.webp 400w\" sizes=\"auto, (max-width: 1080px) 100vw, 1080px\" \/><\/a><\/p>\n","protected":false},"excerpt":{"rendered":"<p>10.04.2024 kell 17.00 Kalevi Liival l\u00e4heb k\u00e4ima sarja juba 17. hooaeg. Ilmselt aastal 2007, kui sari esmakordselt t\u00e4ies mahus ja [&hellip;]<\/p>\n","protected":false},"author":174,"featured_media":1746,"comment_status":"open","ping_status":"open","sticky":false,"template":"","format":"standard","meta":{"footnotes":""},"categories":[12],"tags":[208,116],"global-categories":[22],"class_list":["post-1733","post","type-post","status-publish","format-standard","has-post-thumbnail","hentry","category-cx-gravel-mtb","tag-letape-du-tour-de-france","tag-skoda-mtb-kolmapaevak","global-categories-cycling"],"yoast_head":"<!-- This site is optimized with the Yoast SEO Premium plugin v25.3 (Yoast SEO v25.9) - https:\/\/yoast.com\/wordpress\/plugins\/seo\/ -->\n<title>\u0160koda MTB Kolmap\u00e4evakud 2024 - J\u00e4tkame traditsioone! - \u0160koda We Love Cycling - Estonia<\/title>\n<meta name=\"description\" content=\"10.04.2024 kell 17.00 Kalevi Liival l\u00e4heb k\u00e4ima sarja juba 17. hooaeg. Ilmselt aastal 2007, kui sari esmakordselt t\u00e4ies mahus ja formaadis oma avastardi sai, ei arvanud keegi, et see sari traditsiooniks saab. Sarja peatoetaja on j\u00e4tkuval SKO Motors - \u0160koda esindus Laagris, \u0160koda ja We Love Cycling. Korraldajad on ikka samad - Porter Racing, J\u00f5el\u00e4htme Singel, Velo.Clubbers ja CC Rota Mobilis.\" \/>\n<meta name=\"robots\" content=\"index, follow, max-snippet:-1, max-image-preview:large, max-video-preview:-1\" \/>\n<link rel=\"canonical\" href=\"https:\/\/www.welovecycling.com\/ee\/2024\/03\/25\/skoda-mtb-kolmapaevakud-2024-jatkame-traditsioone\/\" \/>\n<meta property=\"og:locale\" content=\"et_EE\" \/>\n<meta property=\"og:type\" content=\"article\" \/>\n<meta property=\"og:title\" content=\"\u0160koda MTB Kolmap\u00e4evakud 2024 - J\u00e4tkame traditsioone!\" \/>\n<meta property=\"og:description\" content=\"10.04.2024 kell 17.00 Kalevi Liival l\u00e4heb k\u00e4ima sarja juba 17. hooaeg. Ilmselt aastal 2007, kui sari esmakordselt t\u00e4ies mahus ja formaadis oma avastardi sai, ei arvanud keegi, et see sari traditsiooniks saab. Sarja peatoetaja on j\u00e4tkuval SKO Motors - \u0160koda esindus Laagris, \u0160koda ja We Love Cycling. Korraldajad on ikka samad - Porter Racing, J\u00f5el\u00e4htme Singel, Velo.Clubbers ja CC Rota Mobilis.\" \/>\n<meta property=\"og:url\" content=\"https:\/\/www.welovecycling.com\/ee\/2024\/03\/25\/skoda-mtb-kolmapaevakud-2024-jatkame-traditsioone\/\" \/>\n<meta property=\"og:site_name\" content=\"\u0160koda We Love Cycling - Estonia\" \/>\n<meta property=\"article:published_time\" content=\"2024-03-25T18:09:23+00:00\" \/>\n<meta property=\"article:modified_time\" content=\"2025-03-11T11:12:35+00:00\" \/>\n<meta property=\"og:image\" content=\"https:\/\/d2p6e6u75xmxt8.cloudfront.net\/15\/2024\/03\/IMG_12.webp\" \/>\n\t<meta property=\"og:image:width\" content=\"1091\" \/>\n\t<meta property=\"og:image:height\" content=\"727\" \/>\n\t<meta property=\"og:image:type\" content=\"image\/webp\" \/>\n<meta name=\"author\" content=\"andre\" \/>\n<meta name=\"twitter:card\" content=\"summary_large_image\" \/>\n<meta name=\"twitter:label1\" content=\"Written by\" \/>\n\t<meta name=\"twitter:data1\" content=\"Andre Kull\" \/>\n\t<meta name=\"twitter:label2\" content=\"Est. reading time\" \/>\n\t<meta name=\"twitter:data2\" content=\"3\" \/>\n<script type=\"application\/ld+json\" class=\"yoast-schema-graph\">{\"@context\":\"https:\/\/schema.org\",\"@graph\":[{\"@type\":\"WebPage\",\"@id\":\"https:\/\/www.welovecycling.com\/ee\/2024\/03\/25\/skoda-mtb-kolmapaevakud-2024-jatkame-traditsioone\/\",\"url\":\"https:\/\/www.welovecycling.com\/ee\/2024\/03\/25\/skoda-mtb-kolmapaevakud-2024-jatkame-traditsioone\/\",\"name\":\"\u0160koda MTB Kolmap\u00e4evakud 2024 - J\u00e4tkame traditsioone! - \u0160koda We Love Cycling - Estonia\",\"isPartOf\":{\"@id\":\"https:\/\/www.welovecycling.com\/ee\/#website\"},\"primaryImageOfPage\":{\"@id\":\"https:\/\/www.welovecycling.com\/ee\/2024\/03\/25\/skoda-mtb-kolmapaevakud-2024-jatkame-traditsioone\/#primaryimage\"},\"image\":{\"@id\":\"https:\/\/www.welovecycling.com\/ee\/2024\/03\/25\/skoda-mtb-kolmapaevakud-2024-jatkame-traditsioone\/#primaryimage\"},\"thumbnailUrl\":\"https:\/\/d2p6e6u75xmxt8.cloudfront.net\/15\/2024\/03\/IMG_12.webp\",\"datePublished\":\"2024-03-25T18:09:23+00:00\",\"dateModified\":\"2025-03-11T11:12:35+00:00\",\"author\":{\"@id\":\"https:\/\/www.welovecycling.com\/ee\/#\/schema\/person\/8b7101c4bd1b1ae9d3732ebb1e6caf57\"},\"description\":\"10.04.2024 kell 17.00 Kalevi Liival l\u00e4heb k\u00e4ima sarja juba 17. hooaeg. Ilmselt aastal 2007, kui sari esmakordselt t\u00e4ies mahus ja formaadis oma avastardi sai, ei arvanud keegi, et see sari traditsiooniks saab. Sarja peatoetaja on j\u00e4tkuval SKO Motors - \u0160koda esindus Laagris, \u0160koda ja We Love Cycling. Korraldajad on ikka samad - Porter Racing, J\u00f5el\u00e4htme Singel, Velo.Clubbers ja CC Rota Mobilis.\",\"inLanguage\":\"et\",\"potentialAction\":[{\"@type\":\"ReadAction\",\"target\":[\"https:\/\/www.welovecycling.com\/ee\/2024\/03\/25\/skoda-mtb-kolmapaevakud-2024-jatkame-traditsioone\/\"]}]},{\"@type\":\"ImageObject\",\"inLanguage\":\"et\",\"@id\":\"https:\/\/www.welovecycling.com\/ee\/2024\/03\/25\/skoda-mtb-kolmapaevakud-2024-jatkame-traditsioone\/#primaryimage\",\"url\":\"https:\/\/d2p6e6u75xmxt8.cloudfront.net\/15\/2024\/03\/IMG_12.webp\",\"contentUrl\":\"https:\/\/d2p6e6u75xmxt8.cloudfront.net\/15\/2024\/03\/IMG_12.webp\",\"width\":1091,\"height\":727},{\"@type\":\"WebSite\",\"@id\":\"https:\/\/www.welovecycling.com\/ee\/#website\",\"url\":\"https:\/\/www.welovecycling.com\/ee\/\",\"name\":\"\u0160koda We Love Cycling - Estonia\",\"description\":\"\",\"potentialAction\":[{\"@type\":\"SearchAction\",\"target\":{\"@type\":\"EntryPoint\",\"urlTemplate\":\"https:\/\/www.welovecycling.com\/ee\/?s={search_term_string}\"},\"query-input\":{\"@type\":\"PropertyValueSpecification\",\"valueRequired\":true,\"valueName\":\"search_term_string\"}}],\"inLanguage\":\"et\"},{\"@type\":\"Person\",\"@id\":\"https:\/\/www.welovecycling.com\/ee\/#\/schema\/person\/8b7101c4bd1b1ae9d3732ebb1e6caf57\",\"name\":\"andre\",\"image\":{\"@type\":\"ImageObject\",\"inLanguage\":\"et\",\"@id\":\"https:\/\/www.welovecycling.com\/ee\/#\/schema\/person\/image\/\",\"url\":\"https:\/\/secure.gravatar.com\/avatar\/0656b3224fe17b018f43b8a562625dd43d30827f027b2f62bc5a05711fec9a61?s=96&d=mm&r=g\",\"contentUrl\":\"https:\/\/secure.gravatar.com\/avatar\/0656b3224fe17b018f43b8a562625dd43d30827f027b2f62bc5a05711fec9a61?s=96&d=mm&r=g\",\"caption\":\"andre\"},\"url\":\"https:\/\/www.welovecycling.com\/ee\/author\/andre\/\"}]}<\/script>\n<!-- \/ Yoast SEO Premium plugin. -->","yoast_head_json":{"title":"\u0160koda MTB Kolmap\u00e4evakud 2024 - J\u00e4tkame traditsioone! - \u0160koda We Love Cycling - Estonia","description":"10.04.2024 kell 17.00 Kalevi Liival l\u00e4heb k\u00e4ima sarja juba 17. hooaeg. Ilmselt aastal 2007, kui sari esmakordselt t\u00e4ies mahus ja formaadis oma avastardi sai, ei arvanud keegi, et see sari traditsiooniks saab. Sarja peatoetaja on j\u00e4tkuval SKO Motors - \u0160koda esindus Laagris, \u0160koda ja We Love Cycling. Korraldajad on ikka samad - Porter Racing, J\u00f5el\u00e4htme Singel, Velo.Clubbers ja CC Rota Mobilis.","robots":{"index":"index","follow":"follow","max-snippet":"max-snippet:-1","max-image-preview":"max-image-preview:large","max-video-preview":"max-video-preview:-1"},"canonical":"https:\/\/www.welovecycling.com\/ee\/2024\/03\/25\/skoda-mtb-kolmapaevakud-2024-jatkame-traditsioone\/","og_locale":"et_EE","og_type":"article","og_title":"\u0160koda MTB Kolmap\u00e4evakud 2024 - J\u00e4tkame traditsioone!","og_description":"10.04.2024 kell 17.00 Kalevi Liival l\u00e4heb k\u00e4ima sarja juba 17. hooaeg. Ilmselt aastal 2007, kui sari esmakordselt t\u00e4ies mahus ja formaadis oma avastardi sai, ei arvanud keegi, et see sari traditsiooniks saab. Sarja peatoetaja on j\u00e4tkuval SKO Motors - \u0160koda esindus Laagris, \u0160koda ja We Love Cycling. Korraldajad on ikka samad - Porter Racing, J\u00f5el\u00e4htme Singel, Velo.Clubbers ja CC Rota Mobilis.","og_url":"https:\/\/www.welovecycling.com\/ee\/2024\/03\/25\/skoda-mtb-kolmapaevakud-2024-jatkame-traditsioone\/","og_site_name":"\u0160koda We Love Cycling - Estonia","article_published_time":"2024-03-25T18:09:23+00:00","article_modified_time":"2025-03-11T11:12:35+00:00","og_image":[{"width":1091,"height":727,"url":"https:\/\/d2p6e6u75xmxt8.cloudfront.net\/15\/2024\/03\/IMG_12.webp","type":"image\/webp"}],"author":"andre","twitter_card":"summary_large_image","twitter_misc":{"Written by":"Andre Kull","Est. reading time":"3"},"schema":{"@context":"https:\/\/schema.org","@graph":[{"@type":"WebPage","@id":"https:\/\/www.welovecycling.com\/ee\/2024\/03\/25\/skoda-mtb-kolmapaevakud-2024-jatkame-traditsioone\/","url":"https:\/\/www.welovecycling.com\/ee\/2024\/03\/25\/skoda-mtb-kolmapaevakud-2024-jatkame-traditsioone\/","name":"\u0160koda MTB Kolmap\u00e4evakud 2024 - J\u00e4tkame traditsioone! - \u0160koda We Love Cycling - Estonia","isPartOf":{"@id":"https:\/\/www.welovecycling.com\/ee\/#website"},"primaryImageOfPage":{"@id":"https:\/\/www.welovecycling.com\/ee\/2024\/03\/25\/skoda-mtb-kolmapaevakud-2024-jatkame-traditsioone\/#primaryimage"},"image":{"@id":"https:\/\/www.welovecycling.com\/ee\/2024\/03\/25\/skoda-mtb-kolmapaevakud-2024-jatkame-traditsioone\/#primaryimage"},"thumbnailUrl":"https:\/\/d2p6e6u75xmxt8.cloudfront.net\/15\/2024\/03\/IMG_12.webp","datePublished":"2024-03-25T18:09:23+00:00","dateModified":"2025-03-11T11:12:35+00:00","author":{"@id":"https:\/\/www.welovecycling.com\/ee\/#\/schema\/person\/8b7101c4bd1b1ae9d3732ebb1e6caf57"},"description":"10.04.2024 kell 17.00 Kalevi Liival l\u00e4heb k\u00e4ima sarja juba 17. hooaeg. Ilmselt aastal 2007, kui sari esmakordselt t\u00e4ies mahus ja formaadis oma avastardi sai, ei arvanud keegi, et see sari traditsiooniks saab. Sarja peatoetaja on j\u00e4tkuval SKO Motors - \u0160koda esindus Laagris, \u0160koda ja We Love Cycling. Korraldajad on ikka samad - Porter Racing, J\u00f5el\u00e4htme Singel, Velo.Clubbers ja CC Rota Mobilis.","inLanguage":"et","potentialAction":[{"@type":"ReadAction","target":["https:\/\/www.welovecycling.com\/ee\/2024\/03\/25\/skoda-mtb-kolmapaevakud-2024-jatkame-traditsioone\/"]}]},{"@type":"ImageObject","inLanguage":"et","@id":"https:\/\/www.welovecycling.com\/ee\/2024\/03\/25\/skoda-mtb-kolmapaevakud-2024-jatkame-traditsioone\/#primaryimage","url":"https:\/\/d2p6e6u75xmxt8.cloudfront.net\/15\/2024\/03\/IMG_12.webp","contentUrl":"https:\/\/d2p6e6u75xmxt8.cloudfront.net\/15\/2024\/03\/IMG_12.webp","width":1091,"height":727},{"@type":"WebSite","@id":"https:\/\/www.welovecycling.com\/ee\/#website","url":"https:\/\/www.welovecycling.com\/ee\/","name":"\u0160koda We Love Cycling - Estonia","description":"","potentialAction":[{"@type":"SearchAction","target":{"@type":"EntryPoint","urlTemplate":"https:\/\/www.welovecycling.com\/ee\/?s={search_term_string}"},"query-input":{"@type":"PropertyValueSpecification","valueRequired":true,"valueName":"search_term_string"}}],"inLanguage":"et"},{"@type":"Person","@id":"https:\/\/www.welovecycling.com\/ee\/#\/schema\/person\/8b7101c4bd1b1ae9d3732ebb1e6caf57","name":"andre","image":{"@type":"ImageObject","inLanguage":"et","@id":"https:\/\/www.welovecycling.com\/ee\/#\/schema\/person\/image\/","url":"https:\/\/secure.gravatar.com\/avatar\/0656b3224fe17b018f43b8a562625dd43d30827f027b2f62bc5a05711fec9a61?s=96&d=mm&r=g","contentUrl":"https:\/\/secure.gravatar.com\/avatar\/0656b3224fe17b018f43b8a562625dd43d30827f027b2f62bc5a05711fec9a61?s=96&d=mm&r=g","caption":"andre"},"url":"https:\/\/www.welovecycling.com\/ee\/author\/andre\/"}]}},"_links":{"self":[{"href":"https:\/\/www.welovecycling.com\/ee\/wp-json\/wp\/v2\/posts\/1733","targetHints":{"allow":["GET"]}}],"collection":[{"href":"https:\/\/www.welovecycling.com\/ee\/wp-json\/wp\/v2\/posts"}],"about":[{"href":"https:\/\/www.welovecycling.com\/ee\/wp-json\/wp\/v2\/types\/post"}],"author":[{"embeddable":true,"href":"https:\/\/www.welovecycling.com\/ee\/wp-json\/wp\/v2\/users\/174"}],"replies":[{"embeddable":true,"href":"https:\/\/www.welovecycling.com\/ee\/wp-json\/wp\/v2\/comments?post=1733"}],"version-history":[{"count":27,"href":"https:\/\/www.welovecycling.com\/ee\/wp-json\/wp\/v2\/posts\/1733\/revisions"}],"predecessor-version":[{"id":2426,"href":"https:\/\/www.welovecycling.com\/ee\/wp-json\/wp\/v2\/posts\/1733\/revisions\/2426"}],"wp:featuredmedia":[{"embeddable":true,"href":"https:\/\/www.welovecycling.com\/ee\/wp-json\/wp\/v2\/media\/1746"}],"wp:attachment":[{"href":"https:\/\/www.welovecycling.com\/ee\/wp-json\/wp\/v2\/media?parent=1733"}],"wp:term":[{"taxonomy":"category","embeddable":true,"href":"https:\/\/www.welovecycling.com\/ee\/wp-json\/wp\/v2\/categories?post=1733"},{"taxonomy":"post_tag","embeddable":true,"href":"https:\/\/www.welovecycling.com\/ee\/wp-json\/wp\/v2\/tags?post=1733"},{"taxonomy":"global-categories","embeddable":true,"href":"https:\/\/www.welovecycling.com\/ee\/wp-json\/wp\/v2\/global-categories?post=1733"}],"curies":[{"name":"wp","href":"https:\/\/api.w.org\/{rel}","templated":true}]}}