{"id":1716,"date":"2024-03-18T09:18:01","date_gmt":"2024-03-18T06:18:01","guid":{"rendered":"https:\/\/www.welovecycling.com\/ee\/?p=1716"},"modified":"2024-03-18T09:18:01","modified_gmt":"2024-03-18T06:18:01","slug":"osale-meie-rattasoidufannide-voistlusel-ning-void-veeta-kolm-paeva-liege-bastogne-liegei-voidusoidul-koos-alpecin-deceunincki-meeskonnaga","status":"publish","type":"post","link":"https:\/\/www.welovecycling.com\/ee\/2024\/03\/18\/osale-meie-rattasoidufannide-voistlusel-ning-void-veeta-kolm-paeva-liege-bastogne-liegei-voidusoidul-koos-alpecin-deceunincki-meeskonnaga\/","title":{"rendered":"Osale meie rattas\u00f5iduf\u00e4nnide v\u00f5istlusel ning v\u00f5id veeta kolm p\u00e4eva Li\u00e8ge-Bastogne-Li\u00e8ge\u2019i v\u00f5idus\u00f5idul koos Alpecin-Deceunincki meeskonnaga!"},"content":{"rendered":"<h2>Huvilised ja f\u00e4nnid on iga spordiala liikumapanev j\u00f5ud, see v\u00e4rske hapnikupuhang, mis elektriseerib iga v\u00f5istluse \u00f5hkkonda \u2013 me ju keegi ei kahtle selles! Aga mis siis, kui me pakume veelgi v\u00e4\u00e4rikamat tasu kui p\u00f5nevus ja \u00f5lg-\u00f5la k\u00f5rval seismise tunne, mida annab oma lemmikmeeskonnale vahetu kaasaelamine?<\/h2>\n<p>Legendaarne <a href=\"https:\/\/www.liege-bastogne-liege.be\/en\/\">Li\u00e8ge-Bastogne-Li\u00e8ge\u2019i<\/a> v\u00f5idus\u00f5it, mida tuntakse ka nime all \u201eLa Doyenne\u201c ehk \u201eVanadaam\u201c, s\u00f5idetakse t\u00e4navu 21. aprillil. Tegu on vast k\u00f5ige vaevan\u00f5udvama \u00fchep\u00e4evas\u00f5iduga maailmas ning vanimaga Euroopa viiest Monumendist ehk klassikust. Marsruut sisaldab j\u00e4rjestikuseid tapvaid t\u00f5use ning on ratturitele erakordselt raske \u2013 kuid f\u00e4nnidele t\u00f5eline nauding. Kui Sa oled kunagi tahtnud olla rada palistavate pealtvaatajate seas, siis siin on sinu v\u00f5imalus. Ja mitte ainult \u2013 sul on v\u00f5imalus osaleda kolmep\u00e4evasel VIP-reisil, kus k\u00f5ik kulud kaetakse. Loe edasi!<\/p>\n<p><!--more--><\/p>\n<p><a href=\"https:\/\/d2p6e6u75xmxt8.cloudfront.net\/15\/2024\/03\/PHOTONEWS_11078256-081-scaled.webp\"><img loading=\"lazy\" decoding=\"async\" class=\"aligncenter size-extra-large wp-image-1727\" src=\"https:\/\/d2p6e6u75xmxt8.cloudfront.net\/15\/2024\/03\/PHOTONEWS_11078256-081-1920x1280.webp\" alt=\"\" width=\"1920\" height=\"1280\" srcset=\"https:\/\/d2p6e6u75xmxt8.cloudfront.net\/15\/2024\/03\/PHOTONEWS_11078256-081-1920x1280.webp 1920w, https:\/\/d2p6e6u75xmxt8.cloudfront.net\/15\/2024\/03\/PHOTONEWS_11078256-081-300x200.webp 300w, https:\/\/d2p6e6u75xmxt8.cloudfront.net\/15\/2024\/03\/PHOTONEWS_11078256-081-1024x683.webp 1024w, https:\/\/d2p6e6u75xmxt8.cloudfront.net\/15\/2024\/03\/PHOTONEWS_11078256-081-768x512.webp 768w, https:\/\/d2p6e6u75xmxt8.cloudfront.net\/15\/2024\/03\/PHOTONEWS_11078256-081-1536x1024.webp 1536w, https:\/\/d2p6e6u75xmxt8.cloudfront.net\/15\/2024\/03\/PHOTONEWS_11078256-081-2048x1365.webp 2048w, https:\/\/d2p6e6u75xmxt8.cloudfront.net\/15\/2024\/03\/PHOTONEWS_11078256-081-400x267.webp 400w, https:\/\/d2p6e6u75xmxt8.cloudfront.net\/15\/2024\/03\/PHOTONEWS_11078256-081-272x182.webp 272w, https:\/\/d2p6e6u75xmxt8.cloudfront.net\/15\/2024\/03\/PHOTONEWS_11078256-081-1920x1280.webp 1920w\" sizes=\"auto, (max-width: 1920px) 100vw, 1920px\" \/><\/a><\/p>\n<p>Koost\u00f6\u00f6s profitiimiga <a href=\"https:\/\/www.alpecin-deceuninck.com\/\">Alpecin-Deceuninck<\/a> kuulutame v\u00e4lja v\u00f5istluste tulihingelistele jalgrattas\u00f5iduhuvilistele. Et jutt liiga pikaks ei l\u00e4heks, siis siin on reeglid:<\/p>\n<ol>\n<li>Postita <strong>Instagrami <\/strong>foto v\u00f5i video endast (v\u00f5i kohenda vanemat, juba postitatut), mis n\u00e4itab Sinu armastust jalgrattas\u00f5idu vastu ning mida jalgrattas\u00f5idu f\u00e4nnamine Sulle t\u00e4hendab. Sa v\u00f5id olla seal nii aktiivse s\u00f5itja kui ka vaimustunud huvilise rollis. Rattasadulas kanna oma lemmikmeeskonna v\u00e4rve (Alpecin-Deceuninck annab lisapunkte!), esitle meile oma f\u00e4nniatribuutikat, ela kaasa oma jumaldatud ratturile \u2013 mida iganes! N\u00e4ita oma vaimustust ja loovust nii piltidel kui ka pildiallkirjades.<\/li>\n<li>Oma fotole v\u00f5i videole lisa teemaviide <strong>#LiegeDream<\/strong> ja m\u00e4rgi \u00e4ra (<em>tag<\/em>) veebiajakiri <strong>We Love Cycling<\/strong>. Sellega oled automaatselt v\u00f5istlusele registreeritud.<\/li>\n<li>K\u00f5ike seda saad teha ajavahemikus <strong> kuni 31. m\u00e4rts 2024<\/strong>.<\/li>\n<li>Ongi k\u00f5ik!<\/li>\n<\/ol>\n<p>Kui j\u00e4rgid k\u00f5iki v\u00f5istluse reegleid, on Sul v\u00f5imalus v\u00f5ita peaauhind. Mis see on? <strong>Kolmep\u00e4evane VIP-reis<\/strong> (19.\u201321. aprillil 2024) Li\u00e8ge-Bastogne-Li\u00e8ge\u2019i v\u00f5idus\u00f5idule koos Alpecin-Deceunincki profitiimiga v\u00f5itjale ja \u00fchele k\u00fclalisele. See t\u00e4hendab kaht v\u00f5istluseelset p\u00e4eva, n\u00e4gemaks kogu profitiimi ettevalmistuste karusselli pluss v\u00f5istlusp\u00e4eva ennast. Paketti kuuluvad <em>ride and greet<\/em> tiimi kahe ratturiga, pilguheit tiimibussi ja jalgrataste seadistamisele, parimad vaatamiskohad v\u00f5idus\u00f5idu ajal \u2013 ning k\u00f5igi reisi- ja \u00f6\u00f6bimiskulude katmine. Kujuta ette, et n\u00e4ed, kuidas Mathieu van der Poeli jalgratast kokku pannakse ja ette valmistatakse!<\/p>\n<p><a href=\"https:\/\/d2p6e6u75xmxt8.cloudfront.net\/15\/2024\/03\/PHOTONEWS_11074096-049-scaled.webp\"><img loading=\"lazy\" decoding=\"async\" class=\"aligncenter size-extra-large wp-image-1726\" src=\"https:\/\/d2p6e6u75xmxt8.cloudfront.net\/15\/2024\/03\/PHOTONEWS_11074096-049-1920x1280.webp\" alt=\"\" width=\"1920\" height=\"1280\" srcset=\"https:\/\/d2p6e6u75xmxt8.cloudfront.net\/15\/2024\/03\/PHOTONEWS_11074096-049-1920x1280.webp 1920w, https:\/\/d2p6e6u75xmxt8.cloudfront.net\/15\/2024\/03\/PHOTONEWS_11074096-049-300x200.webp 300w, https:\/\/d2p6e6u75xmxt8.cloudfront.net\/15\/2024\/03\/PHOTONEWS_11074096-049-1024x683.webp 1024w, https:\/\/d2p6e6u75xmxt8.cloudfront.net\/15\/2024\/03\/PHOTONEWS_11074096-049-768x512.webp 768w, https:\/\/d2p6e6u75xmxt8.cloudfront.net\/15\/2024\/03\/PHOTONEWS_11074096-049-1536x1024.webp 1536w, https:\/\/d2p6e6u75xmxt8.cloudfront.net\/15\/2024\/03\/PHOTONEWS_11074096-049-2048x1365.webp 2048w, https:\/\/d2p6e6u75xmxt8.cloudfront.net\/15\/2024\/03\/PHOTONEWS_11074096-049-400x267.webp 400w, https:\/\/d2p6e6u75xmxt8.cloudfront.net\/15\/2024\/03\/PHOTONEWS_11074096-049-272x182.webp 272w, https:\/\/d2p6e6u75xmxt8.cloudfront.net\/15\/2024\/03\/PHOTONEWS_11074096-049-1920x1280.webp 1920w\" sizes=\"auto, (max-width: 1920px) 100vw, 1920px\" \/><\/a><\/p>\n<p>V\u00f5itjana tutvud Sina ja Su k\u00fclaline l\u00e4hemalt ka Alpecin-Deceunincki uhiuue autopargi \u0160kodadega, kuna tiim s\u00f5lmis just t\u00e4navu <a href=\"https:\/\/www.alpecin-deceuninck.com\/news\/partnership-skoda\">partnerluslepingu<\/a> autotootjaga. V\u00f5idus\u00f5idu ajaks saate tiimi autodesse <strong>kaks VIP-kohta<\/strong>.<\/p>\n<p>V\u00f5itja valimisel arvestatakse loovust, entusiasmi, nutikust, leidlikkust, kunstilisust, kaasaelamise siirust\u2026 Nii et pange pead t\u00f6\u00f6le, sest auhind on seda v\u00e4\u00e4rt. P\u00f6idlad pihku!<\/p>\n","protected":false},"excerpt":{"rendered":"<p>Huvilised ja f\u00e4nnid on iga spordiala liikumapanev j\u00f5ud, see v\u00e4rske hapnikupuhang, mis elektriseerib iga v\u00f5istluse \u00f5hkkonda \u2013 me ju keegi [&hellip;]<\/p>\n","protected":false},"author":174,"featured_media":1725,"comment_status":"open","ping_status":"open","sticky":false,"template":"","format":"standard","meta":{"footnotes":""},"categories":[7],"tags":[204,205,203,207,206],"global-categories":[22],"class_list":["post-1716","post","type-post","status-publish","format-standard","has-post-thumbnail","hentry","category-maanteeratas","tag-alpecin-deceunincki","tag-la-doyenne","tag-liege-bastogne-liege","tag-mathieu-van-der-poel","tag-we-love-cycling","global-categories-cycling"],"yoast_head":"<!-- This site is optimized with the Yoast SEO Premium plugin v25.3 (Yoast SEO v25.9) - https:\/\/yoast.com\/wordpress\/plugins\/seo\/ -->\n<title>Osale meie rattas\u00f5iduf\u00e4nnide v\u00f5istlusel ning v\u00f5id veeta kolm p\u00e4eva Li\u00e8ge-Bastogne-Li\u00e8ge\u2019i v\u00f5idus\u00f5idul koos Alpecin-Deceunincki meeskonnaga! - \u0160koda We Love Cycling - Estonia<\/title>\n<meta name=\"robots\" content=\"index, follow, max-snippet:-1, max-image-preview:large, max-video-preview:-1\" \/>\n<link rel=\"canonical\" href=\"https:\/\/www.welovecycling.com\/ee\/2024\/03\/18\/osale-meie-rattasoidufannide-voistlusel-ning-void-veeta-kolm-paeva-liege-bastogne-liegei-voidusoidul-koos-alpecin-deceunincki-meeskonnaga\/\" \/>\n<meta property=\"og:locale\" content=\"et_EE\" \/>\n<meta property=\"og:type\" content=\"article\" \/>\n<meta property=\"og:title\" content=\"Osale meie rattas\u00f5iduf\u00e4nnide v\u00f5istlusel ning v\u00f5id veeta kolm p\u00e4eva Li\u00e8ge-Bastogne-Li\u00e8ge\u2019i v\u00f5idus\u00f5idul koos Alpecin-Deceunincki meeskonnaga!\" \/>\n<meta property=\"og:description\" content=\"Huvilised ja f\u00e4nnid on iga spordiala liikumapanev j\u00f5ud, see v\u00e4rske hapnikupuhang, mis elektriseerib iga v\u00f5istluse \u00f5hkkonda \u2013 me ju keegi [&hellip;]\" \/>\n<meta property=\"og:url\" content=\"https:\/\/www.welovecycling.com\/ee\/2024\/03\/18\/osale-meie-rattasoidufannide-voistlusel-ning-void-veeta-kolm-paeva-liege-bastogne-liegei-voidusoidul-koos-alpecin-deceunincki-meeskonnaga\/\" \/>\n<meta property=\"og:site_name\" content=\"\u0160koda We Love Cycling - Estonia\" \/>\n<meta property=\"article:published_time\" content=\"2024-03-18T06:18:01+00:00\" \/>\n<meta property=\"og:image\" content=\"https:\/\/d2p6e6u75xmxt8.cloudfront.net\/15\/2024\/03\/PHOTONEWS_11070190-124-scaled.webp\" \/>\n\t<meta property=\"og:image:width\" content=\"2560\" \/>\n\t<meta property=\"og:image:height\" content=\"1742\" \/>\n\t<meta property=\"og:image:type\" content=\"image\/webp\" \/>\n<meta name=\"author\" content=\"andre\" \/>\n<meta name=\"twitter:card\" content=\"summary_large_image\" \/>\n<meta name=\"twitter:label1\" content=\"Written by\" \/>\n\t<meta name=\"twitter:data1\" content=\"andre\" \/>\n\t<meta name=\"twitter:label2\" content=\"Est. reading time\" \/>\n\t<meta name=\"twitter:data2\" content=\"3\" \/>\n<script type=\"application\/ld+json\" class=\"yoast-schema-graph\">{\"@context\":\"https:\/\/schema.org\",\"@graph\":[{\"@type\":\"WebPage\",\"@id\":\"https:\/\/www.welovecycling.com\/ee\/2024\/03\/18\/osale-meie-rattasoidufannide-voistlusel-ning-void-veeta-kolm-paeva-liege-bastogne-liegei-voidusoidul-koos-alpecin-deceunincki-meeskonnaga\/\",\"url\":\"https:\/\/www.welovecycling.com\/ee\/2024\/03\/18\/osale-meie-rattasoidufannide-voistlusel-ning-void-veeta-kolm-paeva-liege-bastogne-liegei-voidusoidul-koos-alpecin-deceunincki-meeskonnaga\/\",\"name\":\"Osale meie rattas\u00f5iduf\u00e4nnide v\u00f5istlusel ning v\u00f5id veeta kolm p\u00e4eva Li\u00e8ge-Bastogne-Li\u00e8ge\u2019i v\u00f5idus\u00f5idul koos Alpecin-Deceunincki meeskonnaga! - \u0160koda We Love Cycling - Estonia\",\"isPartOf\":{\"@id\":\"https:\/\/www.welovecycling.com\/ee\/#website\"},\"primaryImageOfPage\":{\"@id\":\"https:\/\/www.welovecycling.com\/ee\/2024\/03\/18\/osale-meie-rattasoidufannide-voistlusel-ning-void-veeta-kolm-paeva-liege-bastogne-liegei-voidusoidul-koos-alpecin-deceunincki-meeskonnaga\/#primaryimage\"},\"image\":{\"@id\":\"https:\/\/www.welovecycling.com\/ee\/2024\/03\/18\/osale-meie-rattasoidufannide-voistlusel-ning-void-veeta-kolm-paeva-liege-bastogne-liegei-voidusoidul-koos-alpecin-deceunincki-meeskonnaga\/#primaryimage\"},\"thumbnailUrl\":\"https:\/\/d2p6e6u75xmxt8.cloudfront.net\/15\/2024\/03\/PHOTONEWS_11070190-124-scaled.webp\",\"datePublished\":\"2024-03-18T06:18:01+00:00\",\"author\":{\"@id\":\"https:\/\/www.welovecycling.com\/ee\/#\/schema\/person\/8b7101c4bd1b1ae9d3732ebb1e6caf57\"},\"inLanguage\":\"et\",\"potentialAction\":[{\"@type\":\"ReadAction\",\"target\":[\"https:\/\/www.welovecycling.com\/ee\/2024\/03\/18\/osale-meie-rattasoidufannide-voistlusel-ning-void-veeta-kolm-paeva-liege-bastogne-liegei-voidusoidul-koos-alpecin-deceunincki-meeskonnaga\/\"]}]},{\"@type\":\"ImageObject\",\"inLanguage\":\"et\",\"@id\":\"https:\/\/www.welovecycling.com\/ee\/2024\/03\/18\/osale-meie-rattasoidufannide-voistlusel-ning-void-veeta-kolm-paeva-liege-bastogne-liegei-voidusoidul-koos-alpecin-deceunincki-meeskonnaga\/#primaryimage\",\"url\":\"https:\/\/d2p6e6u75xmxt8.cloudfront.net\/15\/2024\/03\/PHOTONEWS_11070190-124-scaled.webp\",\"contentUrl\":\"https:\/\/d2p6e6u75xmxt8.cloudfront.net\/15\/2024\/03\/PHOTONEWS_11070190-124-scaled.webp\",\"width\":2560,\"height\":1742},{\"@type\":\"WebSite\",\"@id\":\"https:\/\/www.welovecycling.com\/ee\/#website\",\"url\":\"https:\/\/www.welovecycling.com\/ee\/\",\"name\":\"\u0160koda We Love Cycling - Estonia\",\"description\":\"\",\"potentialAction\":[{\"@type\":\"SearchAction\",\"target\":{\"@type\":\"EntryPoint\",\"urlTemplate\":\"https:\/\/www.welovecycling.com\/ee\/?s={search_term_string}\"},\"query-input\":{\"@type\":\"PropertyValueSpecification\",\"valueRequired\":true,\"valueName\":\"search_term_string\"}}],\"inLanguage\":\"et\"},{\"@type\":\"Person\",\"@id\":\"https:\/\/www.welovecycling.com\/ee\/#\/schema\/person\/8b7101c4bd1b1ae9d3732ebb1e6caf57\",\"name\":\"andre\",\"image\":{\"@type\":\"ImageObject\",\"inLanguage\":\"et\",\"@id\":\"https:\/\/www.welovecycling.com\/ee\/#\/schema\/person\/image\/\",\"url\":\"https:\/\/secure.gravatar.com\/avatar\/0656b3224fe17b018f43b8a562625dd43d30827f027b2f62bc5a05711fec9a61?s=96&d=mm&r=g\",\"contentUrl\":\"https:\/\/secure.gravatar.com\/avatar\/0656b3224fe17b018f43b8a562625dd43d30827f027b2f62bc5a05711fec9a61?s=96&d=mm&r=g\",\"caption\":\"andre\"},\"url\":\"https:\/\/www.welovecycling.com\/ee\/author\/andre\/\"}]}<\/script>\n<!-- \/ Yoast SEO Premium plugin. -->","yoast_head_json":{"title":"Osale meie rattas\u00f5iduf\u00e4nnide v\u00f5istlusel ning v\u00f5id veeta kolm p\u00e4eva Li\u00e8ge-Bastogne-Li\u00e8ge\u2019i v\u00f5idus\u00f5idul koos Alpecin-Deceunincki meeskonnaga! - \u0160koda We Love Cycling - Estonia","robots":{"index":"index","follow":"follow","max-snippet":"max-snippet:-1","max-image-preview":"max-image-preview:large","max-video-preview":"max-video-preview:-1"},"canonical":"https:\/\/www.welovecycling.com\/ee\/2024\/03\/18\/osale-meie-rattasoidufannide-voistlusel-ning-void-veeta-kolm-paeva-liege-bastogne-liegei-voidusoidul-koos-alpecin-deceunincki-meeskonnaga\/","og_locale":"et_EE","og_type":"article","og_title":"Osale meie rattas\u00f5iduf\u00e4nnide v\u00f5istlusel ning v\u00f5id veeta kolm p\u00e4eva Li\u00e8ge-Bastogne-Li\u00e8ge\u2019i v\u00f5idus\u00f5idul koos Alpecin-Deceunincki meeskonnaga!","og_description":"Huvilised ja f\u00e4nnid on iga spordiala liikumapanev j\u00f5ud, see v\u00e4rske hapnikupuhang, mis elektriseerib iga v\u00f5istluse \u00f5hkkonda \u2013 me ju keegi [&hellip;]","og_url":"https:\/\/www.welovecycling.com\/ee\/2024\/03\/18\/osale-meie-rattasoidufannide-voistlusel-ning-void-veeta-kolm-paeva-liege-bastogne-liegei-voidusoidul-koos-alpecin-deceunincki-meeskonnaga\/","og_site_name":"\u0160koda We Love Cycling - Estonia","article_published_time":"2024-03-18T06:18:01+00:00","og_image":[{"width":2560,"height":1742,"url":"https:\/\/d2p6e6u75xmxt8.cloudfront.net\/15\/2024\/03\/PHOTONEWS_11070190-124-scaled.webp","type":"image\/webp"}],"author":"andre","twitter_card":"summary_large_image","twitter_misc":{"Written by":"andre","Est. reading time":"3"},"schema":{"@context":"https:\/\/schema.org","@graph":[{"@type":"WebPage","@id":"https:\/\/www.welovecycling.com\/ee\/2024\/03\/18\/osale-meie-rattasoidufannide-voistlusel-ning-void-veeta-kolm-paeva-liege-bastogne-liegei-voidusoidul-koos-alpecin-deceunincki-meeskonnaga\/","url":"https:\/\/www.welovecycling.com\/ee\/2024\/03\/18\/osale-meie-rattasoidufannide-voistlusel-ning-void-veeta-kolm-paeva-liege-bastogne-liegei-voidusoidul-koos-alpecin-deceunincki-meeskonnaga\/","name":"Osale meie rattas\u00f5iduf\u00e4nnide v\u00f5istlusel ning v\u00f5id veeta kolm p\u00e4eva Li\u00e8ge-Bastogne-Li\u00e8ge\u2019i v\u00f5idus\u00f5idul koos Alpecin-Deceunincki meeskonnaga! - \u0160koda We Love Cycling - Estonia","isPartOf":{"@id":"https:\/\/www.welovecycling.com\/ee\/#website"},"primaryImageOfPage":{"@id":"https:\/\/www.welovecycling.com\/ee\/2024\/03\/18\/osale-meie-rattasoidufannide-voistlusel-ning-void-veeta-kolm-paeva-liege-bastogne-liegei-voidusoidul-koos-alpecin-deceunincki-meeskonnaga\/#primaryimage"},"image":{"@id":"https:\/\/www.welovecycling.com\/ee\/2024\/03\/18\/osale-meie-rattasoidufannide-voistlusel-ning-void-veeta-kolm-paeva-liege-bastogne-liegei-voidusoidul-koos-alpecin-deceunincki-meeskonnaga\/#primaryimage"},"thumbnailUrl":"https:\/\/d2p6e6u75xmxt8.cloudfront.net\/15\/2024\/03\/PHOTONEWS_11070190-124-scaled.webp","datePublished":"2024-03-18T06:18:01+00:00","author":{"@id":"https:\/\/www.welovecycling.com\/ee\/#\/schema\/person\/8b7101c4bd1b1ae9d3732ebb1e6caf57"},"inLanguage":"et","potentialAction":[{"@type":"ReadAction","target":["https:\/\/www.welovecycling.com\/ee\/2024\/03\/18\/osale-meie-rattasoidufannide-voistlusel-ning-void-veeta-kolm-paeva-liege-bastogne-liegei-voidusoidul-koos-alpecin-deceunincki-meeskonnaga\/"]}]},{"@type":"ImageObject","inLanguage":"et","@id":"https:\/\/www.welovecycling.com\/ee\/2024\/03\/18\/osale-meie-rattasoidufannide-voistlusel-ning-void-veeta-kolm-paeva-liege-bastogne-liegei-voidusoidul-koos-alpecin-deceunincki-meeskonnaga\/#primaryimage","url":"https:\/\/d2p6e6u75xmxt8.cloudfront.net\/15\/2024\/03\/PHOTONEWS_11070190-124-scaled.webp","contentUrl":"https:\/\/d2p6e6u75xmxt8.cloudfront.net\/15\/2024\/03\/PHOTONEWS_11070190-124-scaled.webp","width":2560,"height":1742},{"@type":"WebSite","@id":"https:\/\/www.welovecycling.com\/ee\/#website","url":"https:\/\/www.welovecycling.com\/ee\/","name":"\u0160koda We Love Cycling - Estonia","description":"","potentialAction":[{"@type":"SearchAction","target":{"@type":"EntryPoint","urlTemplate":"https:\/\/www.welovecycling.com\/ee\/?s={search_term_string}"},"query-input":{"@type":"PropertyValueSpecification","valueRequired":true,"valueName":"search_term_string"}}],"inLanguage":"et"},{"@type":"Person","@id":"https:\/\/www.welovecycling.com\/ee\/#\/schema\/person\/8b7101c4bd1b1ae9d3732ebb1e6caf57","name":"andre","image":{"@type":"ImageObject","inLanguage":"et","@id":"https:\/\/www.welovecycling.com\/ee\/#\/schema\/person\/image\/","url":"https:\/\/secure.gravatar.com\/avatar\/0656b3224fe17b018f43b8a562625dd43d30827f027b2f62bc5a05711fec9a61?s=96&d=mm&r=g","contentUrl":"https:\/\/secure.gravatar.com\/avatar\/0656b3224fe17b018f43b8a562625dd43d30827f027b2f62bc5a05711fec9a61?s=96&d=mm&r=g","caption":"andre"},"url":"https:\/\/www.welovecycling.com\/ee\/author\/andre\/"}]}},"_links":{"self":[{"href":"https:\/\/www.welovecycling.com\/ee\/wp-json\/wp\/v2\/posts\/1716","targetHints":{"allow":["GET"]}}],"collection":[{"href":"https:\/\/www.welovecycling.com\/ee\/wp-json\/wp\/v2\/posts"}],"about":[{"href":"https:\/\/www.welovecycling.com\/ee\/wp-json\/wp\/v2\/types\/post"}],"author":[{"embeddable":true,"href":"https:\/\/www.welovecycling.com\/ee\/wp-json\/wp\/v2\/users\/174"}],"replies":[{"embeddable":true,"href":"https:\/\/www.welovecycling.com\/ee\/wp-json\/wp\/v2\/comments?post=1716"}],"version-history":[{"count":2,"href":"https:\/\/www.welovecycling.com\/ee\/wp-json\/wp\/v2\/posts\/1716\/revisions"}],"predecessor-version":[{"id":1729,"href":"https:\/\/www.welovecycling.com\/ee\/wp-json\/wp\/v2\/posts\/1716\/revisions\/1729"}],"wp:featuredmedia":[{"embeddable":true,"href":"https:\/\/www.welovecycling.com\/ee\/wp-json\/wp\/v2\/media\/1725"}],"wp:attachment":[{"href":"https:\/\/www.welovecycling.com\/ee\/wp-json\/wp\/v2\/media?parent=1716"}],"wp:term":[{"taxonomy":"category","embeddable":true,"href":"https:\/\/www.welovecycling.com\/ee\/wp-json\/wp\/v2\/categories?post=1716"},{"taxonomy":"post_tag","embeddable":true,"href":"https:\/\/www.welovecycling.com\/ee\/wp-json\/wp\/v2\/tags?post=1716"},{"taxonomy":"global-categories","embeddable":true,"href":"https:\/\/www.welovecycling.com\/ee\/wp-json\/wp\/v2\/global-categories?post=1716"}],"curies":[{"name":"wp","href":"https:\/\/api.w.org\/{rel}","templated":true}]}}