{"id":1681,"date":"2024-03-14T17:46:12","date_gmt":"2024-03-14T14:46:12","guid":{"rendered":"https:\/\/www.welovecycling.com\/ee\/?p=1681"},"modified":"2024-03-16T13:41:26","modified_gmt":"2024-03-16T10:41:26","slug":"greete-steinburg-soovitab-valismaised-mtb-mitme-ja-uhepaevasoidud-kuhu-voiks-uks-ambitsioonikas-mtb-rattur-korra-elus-minna","status":"publish","type":"post","link":"https:\/\/www.welovecycling.com\/ee\/2024\/03\/14\/greete-steinburg-soovitab-valismaised-mtb-mitme-ja-uhepaevasoidud-kuhu-voiks-uks-ambitsioonikas-mtb-rattur-korra-elus-minna\/","title":{"rendered":"Greete Steinburg soovitab: v\u00e4lismaised MTB mitme-ja \u00fchep\u00e4evas\u00f5idud, kuhu v\u00f5iks \u00fcks ambitsioonikas MTB rattur korra elus minna"},"content":{"rendered":"<h2>Kui oled tulihingeline MTB hunt ja Eesti maratonid 10 x l\u00e4bi s\u00f5idetud, k\u00e4idud Soomes Tahko MTB-l ja L\u00e4ti Cesise MTB maratonil, aga ikka on tunne, et tahaks midagi veel rohkemat, v\u00e4ljakutset esitavamat, siis siin on Greete ja Andre kokku pannud m\u00f5ned head MTB tuurid ja \u00fchep\u00e4evas\u00f5idud, mida tasuks uue v\u00e4ljakutsena kaaluda.<\/h2>\n<p><!--more--><\/p>\n<p>1. <strong>ABSA Cape Epic<\/strong> &#8211; <span data-preserver-spaces=\"true\">tunnistan ausalt, Cape Epic tundus minu jaoks alati veidi selline kauge, v\u00e4ga kallis ja veidi isegi \u00fcle v\u00e4\u00e4rtustatud \u00fcritus. N\u00fc\u00fcd, kui korra seal v\u00f5istelnud, oskan seda aga palju rohkem hinnata. Ma sain aru, miks on see v\u00f5istlus nii legendaarne. Ma siinkohal isegi j\u00e4taks korraldusliku poole k\u00f5rvale, kuna olen v\u00e4ga paljudel erinevatel v\u00f5istlustel osalenud, ning suurem osa korraldajaid (on muidugi ka erandeid) teavad, mida nad teevad. Minu jaoks on Cape Epic unustamatu radade t\u00f5ttu. Tegemist siis maastikuratta paariss\u00f5iduga. 8 etapi jooksul l\u00e4bitakse ~650km ja 15000 t\u00f5usumeetrit. V\u00f5istlus on n-\u00f6 r\u00e4ndav, s.t et pea iga p\u00e4ev on laager erinevas kohas (igal aastal muidugi programm erinev).\u00a0<\/span><\/p>\n<p><span data-preserver-spaces=\"true\">Kindlasti top 1 koht, kus olen senimaani maastikurattaga s\u00f5itnud. Radu on lihtsalt l\u00f5putult, v\u00f5i v\u00e4hemalt nii tundus. V\u00e4ga palju looduslike, aga ka ehitatud \u201csingleid\u201d. Sealjuures imeline loodus. Rajad, n\u00e4iteks Hispaaniaga v\u00f5rreldes, on m\u00f5nusalt \u201cvoolavad\u201d ja pigem kiired. Loomulikult on erinevaid radu, aga p\u00f5himulje j\u00e4i just selline. Kuigi p\u00e4evad on pikad, siis just rajad teevad s\u00f5itmise v\u00e4ga huvitavaks ja nauditavaks. Teine asi mis teeb v\u00f5istluse eriliseks, on see, et v\u00f5istlejad elavad k\u00f5ik koos \u00fchises laagris (muidugi on v\u00f5imalik ka eraldi omale majutus otsida) mis tekitab veelgi enam sellise \u00fchtekuuluvuse tunde. V\u00f5id juhtuda k\u00f5rvuti elama maailma tipps\u00f5itjatega.\u00a0<\/span><\/p>\n<p><span data-preserver-spaces=\"true\">Kokkuv\u00f5ttes julgen seda v\u00f5istlus soovitada inimestele, kellele meeldivad suured v\u00e4ljakutsed, kes armastab maastikurattas\u00f5itu, imelisi radu ja loodust ning kellel on treenitust, et s\u00f5ita rattaga 8 p\u00e4eva j\u00e4rjest. Ratta osas soovitan FS, 2.3 \/ 2.35 tugevdatud \u00e4\u00e4rtega rehvidega. <\/span><a class=\"editor-rtfLink\" href=\"https:\/\/www.epic-series.com\/\" target=\"_blank\" rel=\"noopener\"><span data-preserver-spaces=\"true\">https:\/\/www.epic-series.com<\/span><\/a><\/p>\n<p><a href=\"https:\/\/d2p6e6u75xmxt8.cloudfront.net\/15\/2024\/03\/IMG_1720.webp\"><img loading=\"lazy\" decoding=\"async\" class=\"aligncenter size-full wp-image-1705\" src=\"https:\/\/d2p6e6u75xmxt8.cloudfront.net\/15\/2024\/03\/IMG_1720.webp\" alt=\"\" width=\"1500\" height=\"1020\" srcset=\"https:\/\/d2p6e6u75xmxt8.cloudfront.net\/15\/2024\/03\/IMG_1720.webp 1500w, https:\/\/d2p6e6u75xmxt8.cloudfront.net\/15\/2024\/03\/IMG_1720-300x204.webp 300w, https:\/\/d2p6e6u75xmxt8.cloudfront.net\/15\/2024\/03\/IMG_1720-1024x696.webp 1024w, https:\/\/d2p6e6u75xmxt8.cloudfront.net\/15\/2024\/03\/IMG_1720-768x522.webp 768w, https:\/\/d2p6e6u75xmxt8.cloudfront.net\/15\/2024\/03\/IMG_1720-400x272.webp 400w\" sizes=\"auto, (max-width: 1500px) 100vw, 1500px\" \/><\/a><\/p>\n<p>2. <strong>HERO S\u00fcdtirol Dolomites<\/strong> &#8211; <span data-preserver-spaces=\"true\">see v\u00f5istlus on mul eriliselt meeles v\u00f5ibolla seet\u00f5ttu, et v\u00f5istlesin seal oma esimestel maailmameistri v\u00f5istlustel maastikurattamaratonis 2015. a. ja 2021. a l\u00e4ksin sinna tagasi. Dolomiidid Itaalias on \u00fcks ilusamaid kohti Euroopas rattaga s\u00f5itmiseks. V\u00f5istlus on k\u00fcll f\u00fc\u00fcsiliselt v\u00e4ga raske oma pikkade ja j\u00e4rskude t\u00f5usudega, aga sealne loodus oma iluga annab nii palju tagasi. Rajad on pigem v\u00e4he tehnilised (62km), mis annab hea v\u00f5imaluse just inimestele, kes ennast tehniliselt nii kindlalt ei tunne. Siiski, tasub minna hea ettevalmistusega, et kogemust nautida. V\u00f5istlusel on ka fini\u0161eerimise ajalimiit. Sellele v\u00f5istlusele julgen soovitada HT ratast ja kogu setup v\u00f5ib j\u00e4\u00e4da isegi suhteliselt sarnane Eesti v\u00f5istlustele (juhul kui s\u00f5idad 62km).\u00a0<\/span><a class=\"editor-rtfLink\" href=\"https:\/\/www.herodolomites.com\/en\" target=\"_blank\" rel=\"noopener\"><span data-preserver-spaces=\"true\">https:\/\/www.herodolomites.com\/en<\/span><\/a><\/p>\n<p>&nbsp;<\/p>\n<p><a href=\"https:\/\/d2p6e6u75xmxt8.cloudfront.net\/15\/2024\/03\/IMG_1272.webp\"><img loading=\"lazy\" decoding=\"async\" class=\"aligncenter size-full wp-image-1701\" src=\"https:\/\/d2p6e6u75xmxt8.cloudfront.net\/15\/2024\/03\/IMG_1272.webp\" alt=\"\" width=\"1200\" height=\"799\" srcset=\"https:\/\/d2p6e6u75xmxt8.cloudfront.net\/15\/2024\/03\/IMG_1272.webp 1200w, https:\/\/d2p6e6u75xmxt8.cloudfront.net\/15\/2024\/03\/IMG_1272-300x200.webp 300w, https:\/\/d2p6e6u75xmxt8.cloudfront.net\/15\/2024\/03\/IMG_1272-1024x682.webp 1024w, https:\/\/d2p6e6u75xmxt8.cloudfront.net\/15\/2024\/03\/IMG_1272-768x511.webp 768w, https:\/\/d2p6e6u75xmxt8.cloudfront.net\/15\/2024\/03\/IMG_1272-400x266.webp 400w, https:\/\/d2p6e6u75xmxt8.cloudfront.net\/15\/2024\/03\/IMG_1272-272x182.webp 272w\" sizes=\"auto, (max-width: 1200px) 100vw, 1200px\" \/><\/a><br \/>\n3. <strong>Roc\u2019d Azur<\/strong> &#8211; <span data-preserver-spaces=\"true\">Prantsusmaal toimuv peaegu n\u00e4dala pikkune \u00fcrituste sari ja rattafestival. Tavaliselt oktoobri alguses toimuv Roc\u2019d Azur on v\u00e4ga suur ja populaarne maastikurattav\u00f5istlus, mis meelitab igal aastal kohale ka palju maastiku profirattureid. Ideaalne v\u00f5istlus hooaja l\u00f5petamiseks, saab valida \u00fche v\u00f5i mitme erineva v\u00f5istluse vahel, muuhulgas on programmis ka tandems\u00f5it! Lisaks saab festivali raames toimuval rattalaadal uudistada erinevate rattaspordiga seotud br\u00e4ndide toodanguid ja leida allahindlusi. Ideaalne minna koos perega, sest saab \u00fchendada rattas\u00f5idu puhkusega ilusal L\u00f5una-Prantsusmaal. Soovitan sellel v\u00f5istlusel kindlasti FS ratast, laiemate rehvidega, 2.3 \/ 2.35, kuna rajal on palju tehniliselt n\u00f5udlike l\u00f5ike.\u00a0<\/span><a class=\"editor-rtfLink\" href=\"https:\/\/www.rocazur.com\/en\/bike-up\/vtt-competition\" target=\"_blank\" rel=\"noopener\"><span data-preserver-spaces=\"true\">https:\/\/www.rocazur.com\/en\/bike-up\/vtt-competition<\/span><\/a><\/p>\n<p><a href=\"https:\/\/d2p6e6u75xmxt8.cloudfront.net\/15\/2024\/03\/IMG_1201.webp\"><img loading=\"lazy\" decoding=\"async\" class=\"aligncenter size-full wp-image-1692\" src=\"https:\/\/d2p6e6u75xmxt8.cloudfront.net\/15\/2024\/03\/IMG_1201.webp\" alt=\"\" width=\"1200\" height=\"800\" srcset=\"https:\/\/d2p6e6u75xmxt8.cloudfront.net\/15\/2024\/03\/IMG_1201.webp 1200w, https:\/\/d2p6e6u75xmxt8.cloudfront.net\/15\/2024\/03\/IMG_1201-300x200.webp 300w, https:\/\/d2p6e6u75xmxt8.cloudfront.net\/15\/2024\/03\/IMG_1201-1024x683.webp 1024w, https:\/\/d2p6e6u75xmxt8.cloudfront.net\/15\/2024\/03\/IMG_1201-768x512.webp 768w, https:\/\/d2p6e6u75xmxt8.cloudfront.net\/15\/2024\/03\/IMG_1201-400x267.webp 400w, https:\/\/d2p6e6u75xmxt8.cloudfront.net\/15\/2024\/03\/IMG_1201-272x182.webp 272w\" sizes=\"auto, (max-width: 1200px) 100vw, 1200px\" \/><\/a><br \/>\n4. <strong>Epic series, Swiss Epic v\u00f5i Andorra MTB Classic<\/strong> &#8211;\u00a0<span data-preserver-spaces=\"true\">v\u00f5istlus mille v\u00f5iks korra elus \u00e4ra teha. Epic Series v\u00f5istlustest need kaks on Euroopas minu arvates huvitavaimad. M\u00f5lemad s\u00f5idud on paaris. Swiss Epic on f\u00fc\u00fcsiliselt v\u00e4ga raske oma v\u00e4ga pikkade t\u00f5usude ja laskumiste t\u00f5ttu, aga Sveitsi loodus suvel rattaga s\u00f5itmiseks on imeline. Saad kogeda koos oma partneriga v\u00e4ga erilisi hetki kohtades, kuhu muidu kunagi ei satuks. Swiss Epicul on 5 etappi. K\u00f5ik etapid on maratoni etapid. Kokku ~350km ja 12000 t\u00f5usumeetrit. Andorra v\u00f5istlus on f\u00fc\u00fcsiliselt veidi lihtsam ja l\u00fchem. 4 p\u00e4eva, mille sees ka l\u00fchem etapp ehk proloog. Seega kui tunned, et pole valmis veel v\u00e4ga pikkadeks t\u00f5usudeks, on Andorra alistamiseks veidi parem (minu arvates). M\u00f5lemal v\u00f5istlusel l\u00e4hevad etapid \u00fcle 2000 m perepinnast, seega see v\u00f5ib eestlasele harjumatu olla. Samuti on k\u00f5rgm\u00e4estikus v\u00f5istlemine ilma poolest v\u00e4ga ettearvamatu, tuleb olla valmis nii v\u00e4ga palavateks ilmadeks kui ka vihmasajuks.\u00a0<\/span><a class=\"editor-rtfLink\" href=\"https:\/\/www.epic-series.com\/\" target=\"_blank\" rel=\"noopener\"><span data-preserver-spaces=\"true\">https:\/\/www.epic-series.com<\/span><\/a><br \/>\n<span data-preserver-spaces=\"true\">Loe ka eestlaste seiklustest Andorra MTB Classicul:\u00a0<\/span><a class=\"editor-rtfLink\" href=\"https:\/\/www.ccrotamobilis.ee\/taikki-ja-tarmo-seiklused-pureneedes-andorra-mtb-classic\/\" target=\"_blank\" rel=\"noopener\"><span data-preserver-spaces=\"true\">https:\/\/www.ccrotamobilis.ee\/taikki-ja-tarmo-seiklused-pureneedes-andorra-mtb-classic\/<\/span><\/a><\/p>\n<p><a href=\"https:\/\/d2p6e6u75xmxt8.cloudfront.net\/15\/2024\/03\/IMG_1222.webp\"><img loading=\"lazy\" decoding=\"async\" class=\"aligncenter size-full wp-image-1697\" src=\"https:\/\/d2p6e6u75xmxt8.cloudfront.net\/15\/2024\/03\/IMG_1222.webp\" alt=\"\" width=\"960\" height=\"640\" srcset=\"https:\/\/d2p6e6u75xmxt8.cloudfront.net\/15\/2024\/03\/IMG_1222.webp 960w, https:\/\/d2p6e6u75xmxt8.cloudfront.net\/15\/2024\/03\/IMG_1222-300x200.webp 300w, https:\/\/d2p6e6u75xmxt8.cloudfront.net\/15\/2024\/03\/IMG_1222-768x512.webp 768w, https:\/\/d2p6e6u75xmxt8.cloudfront.net\/15\/2024\/03\/IMG_1222-400x267.webp 400w, https:\/\/d2p6e6u75xmxt8.cloudfront.net\/15\/2024\/03\/IMG_1222-272x182.webp 272w\" sizes=\"auto, (max-width: 960px) 100vw, 960px\" \/><\/a><br \/>\n5. <strong>LaTramun<\/strong> &#8211; <span data-preserver-spaces=\"true\">Hispaanias, teada tuntud jalgratturite mekas, Gironas toimuv maastikuratta maraton, mis on \u00fcks tehnilisemaid maratone, mida ma kunagi s\u00f5itnud olen. V\u00e4ga palju tehnilisi j\u00e4rske laskumisi, v\u00e4ga palju singleid. Sellest t\u00f5en\u00e4oliselt ka nimi \u201eSingle track marathon \u201e. Pikk ja raske maraton, mille l\u00f5petades v\u00f5id enda \u00fcle suurt uhkust tunda. T\u00f5eline maastikuratturite gurmee \u00fcritus. Kui meeldib ennast proovile panna, kui sul on tehniliselt v\u00e4ga head oskused, siis seda maratoni soovitan kindlasti proovida! Tegemist \u00fchep\u00e4eva individuaalse maratoniga, p\u00f5hidistants on ~80km. Start ja fini\u0161 erinevates kohtades, aga korraldaja pakub transporti. Kindlasti soovitan varem kohale minna ja rada l\u00e4bi s\u00f5ita.\u00a0<\/span><a class=\"editor-rtfLink\" href=\"https:\/\/latramun.cat\/en\/\" target=\"_blank\" rel=\"noopener\"><span data-preserver-spaces=\"true\">https:\/\/latramun.cat\/en\/<\/span><\/a><\/p>\n<p><a href=\"https:\/\/d2p6e6u75xmxt8.cloudfront.net\/15\/2024\/03\/9856394C-3415-49AB-B782-3E70C2F0A7C3.webp\"><img loading=\"lazy\" decoding=\"async\" class=\"aligncenter size-full wp-image-1689\" src=\"https:\/\/d2p6e6u75xmxt8.cloudfront.net\/15\/2024\/03\/9856394C-3415-49AB-B782-3E70C2F0A7C3.webp\" alt=\"\" width=\"1440\" height=\"1285\" srcset=\"https:\/\/d2p6e6u75xmxt8.cloudfront.net\/15\/2024\/03\/9856394C-3415-49AB-B782-3E70C2F0A7C3.webp 1440w, https:\/\/d2p6e6u75xmxt8.cloudfront.net\/15\/2024\/03\/9856394C-3415-49AB-B782-3E70C2F0A7C3-300x268.webp 300w, https:\/\/d2p6e6u75xmxt8.cloudfront.net\/15\/2024\/03\/9856394C-3415-49AB-B782-3E70C2F0A7C3-1024x914.webp 1024w, https:\/\/d2p6e6u75xmxt8.cloudfront.net\/15\/2024\/03\/9856394C-3415-49AB-B782-3E70C2F0A7C3-768x685.webp 768w, https:\/\/d2p6e6u75xmxt8.cloudfront.net\/15\/2024\/03\/9856394C-3415-49AB-B782-3E70C2F0A7C3-400x357.webp 400w\" sizes=\"auto, (max-width: 1440px) 100vw, 1440px\" \/><\/a><br \/>\n6. <strong>TransPyr<\/strong> &#8211; Hispaania P\u00fcreneedes Vahemerest Atlandi ookeanini. Juuni keskel &#8211; 7 p\u00e4eva, 750 km, 18 000\u00a0 t\u00f5usumeetrit. Keskmise tehnilise raskusastmega. Saab s\u00f5ita nii soolot kui paaris. Etapid on pikad &#8211; 75 kuni 130 km, ajalisetl on tuleb arvestada 6-7 h per etapp. Etappidel on ajav\u00f5tu segmendid. Neende pikkused v\u00f5ivad olla 20 km &#8211; 100 km ja segmente v\u00f5ib olla \u00fchel etapil mitu. Rajad on m\u00e4rgistatud harvade nooltega aga tuleb ise j\u00e4rgida ette andud GPX faili. Logistika on lihtne. Koos stardimatejalidega saad koti, kuhu oma kaasa liikuva kraami kokku pakid. Selle annad stardis \u00e4ra ja iga etapi finishis saad selle k\u00e4tte jne. Pakutakse nii majutusega kui majutuseta pakette. Rajad on p\u00e4ris eepilised ja 7 p\u00e4eva on korralik v\u00e4ljakutse. Loodus v\u00e4ga ilus, laskumised kohati tehnlised, kohati v\u00e4ga kiired. K\u00f5rgusest &#8211; paar korda k\u00e4ib rada ka \u00fcle 2000 m. Tehnika osas sobib korralik FS MTB, 2,3 tolli rehv v\u00f5ika all olla. Rehvid pigem paksema seinaga, sest tervate okasetaga astlad kipuvad kurja tegema. <a href=\"https:\/\/mtb.transpyr.com\/en\/\">https:\/\/mtb.transpyr.com\/en\/<\/a><\/p>\n<p><a href=\"https:\/\/d2p6e6u75xmxt8.cloudfront.net\/15\/2024\/03\/DSC_1878-scaled.webp\"><img loading=\"lazy\" decoding=\"async\" class=\"aligncenter size-extra-large wp-image-1686\" src=\"https:\/\/d2p6e6u75xmxt8.cloudfront.net\/15\/2024\/03\/DSC_1878-1920x1080.webp\" alt=\"\" width=\"1920\" height=\"1080\" srcset=\"https:\/\/d2p6e6u75xmxt8.cloudfront.net\/15\/2024\/03\/DSC_1878-1920x1080.webp 1920w, https:\/\/d2p6e6u75xmxt8.cloudfront.net\/15\/2024\/03\/DSC_1878-300x169.webp 300w, https:\/\/d2p6e6u75xmxt8.cloudfront.net\/15\/2024\/03\/DSC_1878-1024x576.webp 1024w, https:\/\/d2p6e6u75xmxt8.cloudfront.net\/15\/2024\/03\/DSC_1878-768x432.webp 768w, https:\/\/d2p6e6u75xmxt8.cloudfront.net\/15\/2024\/03\/DSC_1878-1536x864.webp 1536w, https:\/\/d2p6e6u75xmxt8.cloudfront.net\/15\/2024\/03\/DSC_1878-2048x1152.webp 2048w, https:\/\/d2p6e6u75xmxt8.cloudfront.net\/15\/2024\/03\/DSC_1878-400x225.webp 400w, https:\/\/d2p6e6u75xmxt8.cloudfront.net\/15\/2024\/03\/DSC_1878-1920x1080.webp 1920w\" sizes=\"auto, (max-width: 1920px) 100vw, 1920px\" \/><\/a><\/p>\n<p>&nbsp;<\/p>\n","protected":false},"excerpt":{"rendered":"<p>Kui oled tulihingeline MTB hunt ja Eesti maratonid 10 x l\u00e4bi s\u00f5idetud, k\u00e4idud Soomes Tahko MTB-l ja L\u00e4ti Cesise MTB [&hellip;]<\/p>\n","protected":false},"author":174,"featured_media":1688,"comment_status":"open","ping_status":"open","sticky":false,"template":"","format":"standard","meta":{"footnotes":""},"categories":[12],"tags":[194,199,197,195,200,202,196,198,201],"global-categories":[22],"class_list":["post-1681","post","type-post","status-publish","format-standard","has-post-thumbnail","hentry","category-cx-gravel-mtb","tag-absa-cape-epic","tag-andorra-mtb-classic","tag-epic-series","tag-hero-sudtirol-dolomites","tag-latramun","tag-mtb-mitmepaevasoit","tag-rocd-azur","tag-swiss-epic","tag-transpyr","global-categories-cycling"],"yoast_head":"<!-- This site is optimized with the Yoast SEO Premium plugin v25.3 (Yoast SEO v25.9) - https:\/\/yoast.com\/wordpress\/plugins\/seo\/ -->\n<title>Greete Steinburg soovitab: v\u00e4lismaised MTB mitme-ja \u00fchep\u00e4evas\u00f5idud, kuhu v\u00f5iks \u00fcks ambitsioonikas MTB rattur korra elus minna - \u0160koda We Love Cycling - Estonia<\/title>\n<meta name=\"description\" content=\"Kui oled tulihingeline MTB hunt ja Eesti maratonid 10 x l\u00e4bi s\u00f5idetud, k\u00e4idud Soomes Tahko MTB-l ja L\u00e4ti Cesise MTB maratonil, aga ikka on tunne, et tahaks midagi veel rohkemat, v\u00e4ljakutset esitavamat, siis siin on Greete ja Andre kokku pannud m\u00f5ned head MTB tuurid ja \u00fchep\u00e4evas\u00f5idud, mida tasuks uue v\u00e4ljakutsena kaaluda.\" \/>\n<meta name=\"robots\" content=\"index, follow, max-snippet:-1, max-image-preview:large, max-video-preview:-1\" \/>\n<link rel=\"canonical\" href=\"https:\/\/www.welovecycling.com\/ee\/2024\/03\/14\/greete-steinburg-soovitab-valismaised-mtb-mitme-ja-uhepaevasoidud-kuhu-voiks-uks-ambitsioonikas-mtb-rattur-korra-elus-minna\/\" \/>\n<meta property=\"og:locale\" content=\"et_EE\" \/>\n<meta property=\"og:type\" content=\"article\" \/>\n<meta property=\"og:title\" content=\"Greete Steinburg soovitab: v\u00e4lismaised MTB mitme-ja \u00fchep\u00e4evas\u00f5idud, kuhu v\u00f5iks \u00fcks ambitsioonikas MTB rattur korra elus minna\" \/>\n<meta property=\"og:description\" content=\"Kui oled tulihingeline MTB hunt ja Eesti maratonid 10 x l\u00e4bi s\u00f5idetud, k\u00e4idud Soomes Tahko MTB-l ja L\u00e4ti Cesise MTB maratonil, aga ikka on tunne, et tahaks midagi veel rohkemat, v\u00e4ljakutset esitavamat, siis siin on Greete ja Andre kokku pannud m\u00f5ned head MTB tuurid ja \u00fchep\u00e4evas\u00f5idud, mida tasuks uue v\u00e4ljakutsena kaaluda.\" \/>\n<meta property=\"og:url\" content=\"https:\/\/www.welovecycling.com\/ee\/2024\/03\/14\/greete-steinburg-soovitab-valismaised-mtb-mitme-ja-uhepaevasoidud-kuhu-voiks-uks-ambitsioonikas-mtb-rattur-korra-elus-minna\/\" \/>\n<meta property=\"og:site_name\" content=\"\u0160koda We Love Cycling - Estonia\" \/>\n<meta property=\"article:published_time\" content=\"2024-03-14T14:46:12+00:00\" \/>\n<meta property=\"article:modified_time\" content=\"2024-03-16T10:41:26+00:00\" \/>\n<meta property=\"og:image\" content=\"https:\/\/d2p6e6u75xmxt8.cloudfront.net\/15\/2024\/03\/881D2A9E-A2C8-43CF-A0B7-9944E7B71EAE.webp\" \/>\n\t<meta property=\"og:image:width\" content=\"1170\" \/>\n\t<meta property=\"og:image:height\" content=\"780\" \/>\n\t<meta property=\"og:image:type\" content=\"image\/webp\" \/>\n<meta name=\"author\" content=\"andre\" \/>\n<meta name=\"twitter:card\" content=\"summary_large_image\" \/>\n<meta name=\"twitter:label1\" content=\"Written by\" \/>\n\t<meta name=\"twitter:data1\" content=\"Greete Steinburg \/ Andre Kull\" \/>\n\t<meta name=\"twitter:label2\" content=\"Est. reading time\" \/>\n\t<meta name=\"twitter:data2\" content=\"5\" \/>\n<script type=\"application\/ld+json\" class=\"yoast-schema-graph\">{\"@context\":\"https:\/\/schema.org\",\"@graph\":[{\"@type\":\"WebPage\",\"@id\":\"https:\/\/www.welovecycling.com\/ee\/2024\/03\/14\/greete-steinburg-soovitab-valismaised-mtb-mitme-ja-uhepaevasoidud-kuhu-voiks-uks-ambitsioonikas-mtb-rattur-korra-elus-minna\/\",\"url\":\"https:\/\/www.welovecycling.com\/ee\/2024\/03\/14\/greete-steinburg-soovitab-valismaised-mtb-mitme-ja-uhepaevasoidud-kuhu-voiks-uks-ambitsioonikas-mtb-rattur-korra-elus-minna\/\",\"name\":\"Greete Steinburg soovitab: v\u00e4lismaised MTB mitme-ja \u00fchep\u00e4evas\u00f5idud, kuhu v\u00f5iks \u00fcks ambitsioonikas MTB rattur korra elus minna - \u0160koda We Love Cycling - Estonia\",\"isPartOf\":{\"@id\":\"https:\/\/www.welovecycling.com\/ee\/#website\"},\"primaryImageOfPage\":{\"@id\":\"https:\/\/www.welovecycling.com\/ee\/2024\/03\/14\/greete-steinburg-soovitab-valismaised-mtb-mitme-ja-uhepaevasoidud-kuhu-voiks-uks-ambitsioonikas-mtb-rattur-korra-elus-minna\/#primaryimage\"},\"image\":{\"@id\":\"https:\/\/www.welovecycling.com\/ee\/2024\/03\/14\/greete-steinburg-soovitab-valismaised-mtb-mitme-ja-uhepaevasoidud-kuhu-voiks-uks-ambitsioonikas-mtb-rattur-korra-elus-minna\/#primaryimage\"},\"thumbnailUrl\":\"https:\/\/d2p6e6u75xmxt8.cloudfront.net\/15\/2024\/03\/881D2A9E-A2C8-43CF-A0B7-9944E7B71EAE.webp\",\"datePublished\":\"2024-03-14T14:46:12+00:00\",\"dateModified\":\"2024-03-16T10:41:26+00:00\",\"author\":{\"@id\":\"https:\/\/www.welovecycling.com\/ee\/#\/schema\/person\/8b7101c4bd1b1ae9d3732ebb1e6caf57\"},\"description\":\"Kui oled tulihingeline MTB hunt ja Eesti maratonid 10 x l\u00e4bi s\u00f5idetud, k\u00e4idud Soomes Tahko MTB-l ja L\u00e4ti Cesise MTB maratonil, aga ikka on tunne, et tahaks midagi veel rohkemat, v\u00e4ljakutset esitavamat, siis siin on Greete ja Andre kokku pannud m\u00f5ned head MTB tuurid ja \u00fchep\u00e4evas\u00f5idud, mida tasuks uue v\u00e4ljakutsena kaaluda.\",\"inLanguage\":\"et\",\"potentialAction\":[{\"@type\":\"ReadAction\",\"target\":[\"https:\/\/www.welovecycling.com\/ee\/2024\/03\/14\/greete-steinburg-soovitab-valismaised-mtb-mitme-ja-uhepaevasoidud-kuhu-voiks-uks-ambitsioonikas-mtb-rattur-korra-elus-minna\/\"]}]},{\"@type\":\"ImageObject\",\"inLanguage\":\"et\",\"@id\":\"https:\/\/www.welovecycling.com\/ee\/2024\/03\/14\/greete-steinburg-soovitab-valismaised-mtb-mitme-ja-uhepaevasoidud-kuhu-voiks-uks-ambitsioonikas-mtb-rattur-korra-elus-minna\/#primaryimage\",\"url\":\"https:\/\/d2p6e6u75xmxt8.cloudfront.net\/15\/2024\/03\/881D2A9E-A2C8-43CF-A0B7-9944E7B71EAE.webp\",\"contentUrl\":\"https:\/\/d2p6e6u75xmxt8.cloudfront.net\/15\/2024\/03\/881D2A9E-A2C8-43CF-A0B7-9944E7B71EAE.webp\",\"width\":1170,\"height\":780},{\"@type\":\"WebSite\",\"@id\":\"https:\/\/www.welovecycling.com\/ee\/#website\",\"url\":\"https:\/\/www.welovecycling.com\/ee\/\",\"name\":\"\u0160koda We Love Cycling - Estonia\",\"description\":\"\",\"potentialAction\":[{\"@type\":\"SearchAction\",\"target\":{\"@type\":\"EntryPoint\",\"urlTemplate\":\"https:\/\/www.welovecycling.com\/ee\/?s={search_term_string}\"},\"query-input\":{\"@type\":\"PropertyValueSpecification\",\"valueRequired\":true,\"valueName\":\"search_term_string\"}}],\"inLanguage\":\"et\"},{\"@type\":\"Person\",\"@id\":\"https:\/\/www.welovecycling.com\/ee\/#\/schema\/person\/8b7101c4bd1b1ae9d3732ebb1e6caf57\",\"name\":\"andre\",\"image\":{\"@type\":\"ImageObject\",\"inLanguage\":\"et\",\"@id\":\"https:\/\/www.welovecycling.com\/ee\/#\/schema\/person\/image\/\",\"url\":\"https:\/\/secure.gravatar.com\/avatar\/0656b3224fe17b018f43b8a562625dd43d30827f027b2f62bc5a05711fec9a61?s=96&d=mm&r=g\",\"contentUrl\":\"https:\/\/secure.gravatar.com\/avatar\/0656b3224fe17b018f43b8a562625dd43d30827f027b2f62bc5a05711fec9a61?s=96&d=mm&r=g\",\"caption\":\"andre\"},\"url\":\"https:\/\/www.welovecycling.com\/ee\/author\/andre\/\"}]}<\/script>\n<!-- \/ Yoast SEO Premium plugin. -->","yoast_head_json":{"title":"Greete Steinburg soovitab: v\u00e4lismaised MTB mitme-ja \u00fchep\u00e4evas\u00f5idud, kuhu v\u00f5iks \u00fcks ambitsioonikas MTB rattur korra elus minna - \u0160koda We Love Cycling - Estonia","description":"Kui oled tulihingeline MTB hunt ja Eesti maratonid 10 x l\u00e4bi s\u00f5idetud, k\u00e4idud Soomes Tahko MTB-l ja L\u00e4ti Cesise MTB maratonil, aga ikka on tunne, et tahaks midagi veel rohkemat, v\u00e4ljakutset esitavamat, siis siin on Greete ja Andre kokku pannud m\u00f5ned head MTB tuurid ja \u00fchep\u00e4evas\u00f5idud, mida tasuks uue v\u00e4ljakutsena kaaluda.","robots":{"index":"index","follow":"follow","max-snippet":"max-snippet:-1","max-image-preview":"max-image-preview:large","max-video-preview":"max-video-preview:-1"},"canonical":"https:\/\/www.welovecycling.com\/ee\/2024\/03\/14\/greete-steinburg-soovitab-valismaised-mtb-mitme-ja-uhepaevasoidud-kuhu-voiks-uks-ambitsioonikas-mtb-rattur-korra-elus-minna\/","og_locale":"et_EE","og_type":"article","og_title":"Greete Steinburg soovitab: v\u00e4lismaised MTB mitme-ja \u00fchep\u00e4evas\u00f5idud, kuhu v\u00f5iks \u00fcks ambitsioonikas MTB rattur korra elus minna","og_description":"Kui oled tulihingeline MTB hunt ja Eesti maratonid 10 x l\u00e4bi s\u00f5idetud, k\u00e4idud Soomes Tahko MTB-l ja L\u00e4ti Cesise MTB maratonil, aga ikka on tunne, et tahaks midagi veel rohkemat, v\u00e4ljakutset esitavamat, siis siin on Greete ja Andre kokku pannud m\u00f5ned head MTB tuurid ja \u00fchep\u00e4evas\u00f5idud, mida tasuks uue v\u00e4ljakutsena kaaluda.","og_url":"https:\/\/www.welovecycling.com\/ee\/2024\/03\/14\/greete-steinburg-soovitab-valismaised-mtb-mitme-ja-uhepaevasoidud-kuhu-voiks-uks-ambitsioonikas-mtb-rattur-korra-elus-minna\/","og_site_name":"\u0160koda We Love Cycling - Estonia","article_published_time":"2024-03-14T14:46:12+00:00","article_modified_time":"2024-03-16T10:41:26+00:00","og_image":[{"width":1170,"height":780,"url":"https:\/\/d2p6e6u75xmxt8.cloudfront.net\/15\/2024\/03\/881D2A9E-A2C8-43CF-A0B7-9944E7B71EAE.webp","type":"image\/webp"}],"author":"andre","twitter_card":"summary_large_image","twitter_misc":{"Written by":"Greete Steinburg \/ Andre Kull","Est. reading time":"5"},"schema":{"@context":"https:\/\/schema.org","@graph":[{"@type":"WebPage","@id":"https:\/\/www.welovecycling.com\/ee\/2024\/03\/14\/greete-steinburg-soovitab-valismaised-mtb-mitme-ja-uhepaevasoidud-kuhu-voiks-uks-ambitsioonikas-mtb-rattur-korra-elus-minna\/","url":"https:\/\/www.welovecycling.com\/ee\/2024\/03\/14\/greete-steinburg-soovitab-valismaised-mtb-mitme-ja-uhepaevasoidud-kuhu-voiks-uks-ambitsioonikas-mtb-rattur-korra-elus-minna\/","name":"Greete Steinburg soovitab: v\u00e4lismaised MTB mitme-ja \u00fchep\u00e4evas\u00f5idud, kuhu v\u00f5iks \u00fcks ambitsioonikas MTB rattur korra elus minna - \u0160koda We Love Cycling - Estonia","isPartOf":{"@id":"https:\/\/www.welovecycling.com\/ee\/#website"},"primaryImageOfPage":{"@id":"https:\/\/www.welovecycling.com\/ee\/2024\/03\/14\/greete-steinburg-soovitab-valismaised-mtb-mitme-ja-uhepaevasoidud-kuhu-voiks-uks-ambitsioonikas-mtb-rattur-korra-elus-minna\/#primaryimage"},"image":{"@id":"https:\/\/www.welovecycling.com\/ee\/2024\/03\/14\/greete-steinburg-soovitab-valismaised-mtb-mitme-ja-uhepaevasoidud-kuhu-voiks-uks-ambitsioonikas-mtb-rattur-korra-elus-minna\/#primaryimage"},"thumbnailUrl":"https:\/\/d2p6e6u75xmxt8.cloudfront.net\/15\/2024\/03\/881D2A9E-A2C8-43CF-A0B7-9944E7B71EAE.webp","datePublished":"2024-03-14T14:46:12+00:00","dateModified":"2024-03-16T10:41:26+00:00","author":{"@id":"https:\/\/www.welovecycling.com\/ee\/#\/schema\/person\/8b7101c4bd1b1ae9d3732ebb1e6caf57"},"description":"Kui oled tulihingeline MTB hunt ja Eesti maratonid 10 x l\u00e4bi s\u00f5idetud, k\u00e4idud Soomes Tahko MTB-l ja L\u00e4ti Cesise MTB maratonil, aga ikka on tunne, et tahaks midagi veel rohkemat, v\u00e4ljakutset esitavamat, siis siin on Greete ja Andre kokku pannud m\u00f5ned head MTB tuurid ja \u00fchep\u00e4evas\u00f5idud, mida tasuks uue v\u00e4ljakutsena kaaluda.","inLanguage":"et","potentialAction":[{"@type":"ReadAction","target":["https:\/\/www.welovecycling.com\/ee\/2024\/03\/14\/greete-steinburg-soovitab-valismaised-mtb-mitme-ja-uhepaevasoidud-kuhu-voiks-uks-ambitsioonikas-mtb-rattur-korra-elus-minna\/"]}]},{"@type":"ImageObject","inLanguage":"et","@id":"https:\/\/www.welovecycling.com\/ee\/2024\/03\/14\/greete-steinburg-soovitab-valismaised-mtb-mitme-ja-uhepaevasoidud-kuhu-voiks-uks-ambitsioonikas-mtb-rattur-korra-elus-minna\/#primaryimage","url":"https:\/\/d2p6e6u75xmxt8.cloudfront.net\/15\/2024\/03\/881D2A9E-A2C8-43CF-A0B7-9944E7B71EAE.webp","contentUrl":"https:\/\/d2p6e6u75xmxt8.cloudfront.net\/15\/2024\/03\/881D2A9E-A2C8-43CF-A0B7-9944E7B71EAE.webp","width":1170,"height":780},{"@type":"WebSite","@id":"https:\/\/www.welovecycling.com\/ee\/#website","url":"https:\/\/www.welovecycling.com\/ee\/","name":"\u0160koda We Love Cycling - Estonia","description":"","potentialAction":[{"@type":"SearchAction","target":{"@type":"EntryPoint","urlTemplate":"https:\/\/www.welovecycling.com\/ee\/?s={search_term_string}"},"query-input":{"@type":"PropertyValueSpecification","valueRequired":true,"valueName":"search_term_string"}}],"inLanguage":"et"},{"@type":"Person","@id":"https:\/\/www.welovecycling.com\/ee\/#\/schema\/person\/8b7101c4bd1b1ae9d3732ebb1e6caf57","name":"andre","image":{"@type":"ImageObject","inLanguage":"et","@id":"https:\/\/www.welovecycling.com\/ee\/#\/schema\/person\/image\/","url":"https:\/\/secure.gravatar.com\/avatar\/0656b3224fe17b018f43b8a562625dd43d30827f027b2f62bc5a05711fec9a61?s=96&d=mm&r=g","contentUrl":"https:\/\/secure.gravatar.com\/avatar\/0656b3224fe17b018f43b8a562625dd43d30827f027b2f62bc5a05711fec9a61?s=96&d=mm&r=g","caption":"andre"},"url":"https:\/\/www.welovecycling.com\/ee\/author\/andre\/"}]}},"_links":{"self":[{"href":"https:\/\/www.welovecycling.com\/ee\/wp-json\/wp\/v2\/posts\/1681","targetHints":{"allow":["GET"]}}],"collection":[{"href":"https:\/\/www.welovecycling.com\/ee\/wp-json\/wp\/v2\/posts"}],"about":[{"href":"https:\/\/www.welovecycling.com\/ee\/wp-json\/wp\/v2\/types\/post"}],"author":[{"embeddable":true,"href":"https:\/\/www.welovecycling.com\/ee\/wp-json\/wp\/v2\/users\/174"}],"replies":[{"embeddable":true,"href":"https:\/\/www.welovecycling.com\/ee\/wp-json\/wp\/v2\/comments?post=1681"}],"version-history":[{"count":14,"href":"https:\/\/www.welovecycling.com\/ee\/wp-json\/wp\/v2\/posts\/1681\/revisions"}],"predecessor-version":[{"id":1732,"href":"https:\/\/www.welovecycling.com\/ee\/wp-json\/wp\/v2\/posts\/1681\/revisions\/1732"}],"wp:featuredmedia":[{"embeddable":true,"href":"https:\/\/www.welovecycling.com\/ee\/wp-json\/wp\/v2\/media\/1688"}],"wp:attachment":[{"href":"https:\/\/www.welovecycling.com\/ee\/wp-json\/wp\/v2\/media?parent=1681"}],"wp:term":[{"taxonomy":"category","embeddable":true,"href":"https:\/\/www.welovecycling.com\/ee\/wp-json\/wp\/v2\/categories?post=1681"},{"taxonomy":"post_tag","embeddable":true,"href":"https:\/\/www.welovecycling.com\/ee\/wp-json\/wp\/v2\/tags?post=1681"},{"taxonomy":"global-categories","embeddable":true,"href":"https:\/\/www.welovecycling.com\/ee\/wp-json\/wp\/v2\/global-categories?post=1681"}],"curies":[{"name":"wp","href":"https:\/\/api.w.org\/{rel}","templated":true}]}}