{"id":1605,"date":"2024-01-23T15:43:52","date_gmt":"2024-01-23T12:43:52","guid":{"rendered":"https:\/\/www.welovecycling.com\/ee\/?p=1605"},"modified":"2024-01-23T15:43:52","modified_gmt":"2024-01-23T12:43:52","slug":"112-tour-de-france-teekond-labi-pohja-prantsusmaa-sudame","status":"publish","type":"post","link":"https:\/\/www.welovecycling.com\/ee\/2024\/01\/23\/112-tour-de-france-teekond-labi-pohja-prantsusmaa-sudame\/","title":{"rendered":"112. Tour de France: teekond l\u00e4bi P\u00f5hja-Prantsusmaa s\u00fcdame"},"content":{"rendered":"<h2><span style=\"font-weight: 400;\">Hiljuti P\u00f5hja-Prantsusmaa pealinnas Lille\u2019is peetud pressikonverentsil avalikustati 112. Tour de France\u2019i \u00fcksikasjad. 2025. aasta Grand D\u00e9part ehk pidulik start toob esile Hauts-de-France\u2019i piirkonna \u2013 sealhulgas Nordi departemangu ja Lille\u2019i linna \u2013 ilu ning tugevuse.<\/span><\/h2>\n<p><!--more--><\/p>\n<p><span style=\"font-weight: 400;\">Esimene etapp leiab aset 5. juulil 2025, mil ratturid s\u00f5idavad \u00fcmber Lille\u2019i. Edasi kulgeb trass l\u00e4bi Pas-de-Calais\u2019 departemangu, Lauwin-Planque\u2019ist mere \u00e4\u00e4rde Boulogne-sur-Meri. J\u00e4rgmine k\u00f5rgpunkt on kolmanda etapi start Valenciennes\u2019is, kuhu Tour j\u00f5uab esimest korda p\u00e4rast 34-aastast vaheaega. Kolmas etapp l\u00f5peb Dunkerque\u2019is, mis on Touri ennegi v\u00f5\u00f5rustanud \u2013 2001. aastal anti siit pidulik start ning 2022. aastal oli see \u00fche etapi algus. Amiens\u2019ist antakse neljanda etapi start ja seej\u00e4rel lahkub Touri karavan Hauts-de-France\u2019i piirkonnast.<\/span><\/p>\n<ol start=\"2025\">\n<li><span style=\"font-weight: 400;\"> aasta Touriga peetakse meeles P\u00f5hja-Prantsusmaa panust rattas\u00f5itu. On see ju 20. sajandi alguse tuuriv\u00f5itjate Maurice Garini ja Henri Cornet\u2019 kodukant, samuti on siit p\u00e4rit profina \u00fcle saja v\u00f5idu teeninud Jean Stablinski. P\u00f5hja-Prantusmaa on andnud ka mitmeid Touril liidris\u00e4rgis s\u00f5itnud rattureid ning muulgi viisil spordiala ajalugu rikastanud.<\/span><\/li>\n<\/ol>\n<p><span style=\"font-weight: 400;\">Hauts-de-France on k\u00f5igile rattahuvilistele tuntud t\u00e4nu Pariis-Roubaix\u2019 v\u00f5idus\u00f5idule ning Touri pidulik start antakse siit viiendat korda. Esimene etapp Lille\u2019is selgitab esimese kollase s\u00e4rgi kandja. Tuulised olud ja strateegilised marsruudid, mis sisaldavad Notre-Dame-de-Lorette\u2019i ja Mont Casseli n\u00f5lvasid, on ratturitele paras proovikivi ning kujunevad taustaks ihaldatud s\u00e4rkide p\u00e4rast peetavale heitlusele.<\/span><\/p>\n<blockquote class=\"twitter-tweet\">\n<p dir=\"ltr\" lang=\"fr\">\ud83e\udd29 Grand D\u00e9part <a href=\"https:\/\/twitter.com\/hashtag\/TDF2025?src=hash&amp;ref_src=twsrc%5Etfw\">#TDF2025<\/a> Lille &#8211; Nord de France \ud83e\udd29<\/p>\n<p>Stage 1 \ud83d\udea9 <a href=\"https:\/\/twitter.com\/MetropoleLille?ref_src=twsrc%5Etfw\">@MetropoleLille<\/a> &#8211; <a href=\"https:\/\/twitter.com\/MetropoleLille?ref_src=twsrc%5Etfw\">@MetropoleLille<\/a> \ud83c\udfc1<br \/>\nStage 2 \ud83d\udea9 Lauwin-Planque &#8211; <a href=\"https:\/\/twitter.com\/Ville_Boulogne?ref_src=twsrc%5Etfw\">@Ville_Boulogne<\/a> \ud83c\udfc1<br \/>\nStage 3 \ud83d\udea9 <a href=\"https:\/\/twitter.com\/Valenciennes_?ref_src=twsrc%5Etfw\">@Valenciennes_<\/a> &#8211; <a href=\"https:\/\/twitter.com\/Dunkerque?ref_src=twsrc%5Etfw\">@Dunkerque<\/a> \ud83c\udfc1<br \/>\nStage 4 \ud83d\udea9 <a href=\"https:\/\/twitter.com\/AmiensMetropole?ref_src=twsrc%5Etfw\">@AmiensMetropole<\/a> &#8211; ??? <a href=\"https:\/\/t.co\/mjIaATOptI\">pic.twitter.com\/mjIaATOptI<\/a><\/p>\n<p>\u2014 Tour de France\u2122 (@LeTour) <a href=\"https:\/\/twitter.com\/LeTour\/status\/1730182014169456668?ref_src=twsrc%5Etfw\">November 30, 2023<\/a><\/p><\/blockquote>\n<p><script async src=\"https:\/\/platform.twitter.com\/widgets.js\" charset=\"utf-8\"><\/script><\/p>\n<p><span style=\"font-weight: 400;\">Teine p\u00e4ev viib v\u00f5istluskaravani l\u00e4bi Pas-de-Calais departemangu ning l\u00f5peb dramaatilise fini\u0161iga Boulogne-sur-Meris. See etapp sobib m\u00e4gironijatele ning on oma fini\u0161ieelsete raskete t\u00f5usudega k\u00f5va katsumus sprinteritele. Kolmandaks p\u00e4evaks p\u00f6\u00f6rdub Tour tagasi Nordi departemangu ning siis s\u00f5idetakse Valenciennes\u2019ist Dunkerque\u2019i. See etapp peaks kujunema strateegia ja vastupidavuse kombinatsiooniks, eriti just Dunkerque\u2019i l\u00e4hedal fini\u0161i eel.<\/span><\/p>\n<ol start=\"8\">\n<li><span style=\"font-weight: 400;\"> juulil Pikardia ajaloolisest pealinnast Amiens\u2019ist algava etapiga lahkuvad ratturid P\u00f5hja-Prantsusmaalt ning algab legendaarse v\u00f5istluse j\u00e4rgmine faas.<\/span><\/li>\n<\/ol>\n","protected":false},"excerpt":{"rendered":"<p>Hiljuti P\u00f5hja-Prantsusmaa pealinnas Lille\u2019is peetud pressikonverentsil avalikustati 112. Tour de France\u2019i \u00fcksikasjad. 2025. aasta Grand D\u00e9part ehk pidulik start toob [&hellip;]<\/p>\n","protected":false},"author":174,"featured_media":1606,"comment_status":"open","ping_status":"open","sticky":false,"template":"","format":"standard","meta":{"footnotes":""},"categories":[7],"tags":[148,129,177,14],"global-categories":[22],"class_list":["post-1605","post","type-post","status-publish","format-standard","has-post-thumbnail","hentry","category-maanteeratas","tag-2024-tour-de-france","tag-le-tour","tag-lille","tag-tour-de-france","global-categories-cycling"],"yoast_head":"<!-- This site is optimized with the Yoast SEO Premium plugin v25.3 (Yoast SEO v25.9) - https:\/\/yoast.com\/wordpress\/plugins\/seo\/ -->\n<title>112. Tour de France: teekond l\u00e4bi P\u00f5hja-Prantsusmaa s\u00fcdame - \u0160koda We Love Cycling - Estonia<\/title>\n<meta name=\"robots\" content=\"index, follow, max-snippet:-1, max-image-preview:large, max-video-preview:-1\" \/>\n<link rel=\"canonical\" href=\"https:\/\/www.welovecycling.com\/ee\/2024\/01\/23\/112-tour-de-france-teekond-labi-pohja-prantsusmaa-sudame\/\" \/>\n<meta property=\"og:locale\" content=\"et_EE\" \/>\n<meta property=\"og:type\" content=\"article\" \/>\n<meta property=\"og:title\" content=\"112. Tour de France: teekond l\u00e4bi P\u00f5hja-Prantsusmaa s\u00fcdame\" \/>\n<meta property=\"og:description\" content=\"Hiljuti P\u00f5hja-Prantsusmaa pealinnas Lille\u2019is peetud pressikonverentsil avalikustati 112. Tour de France\u2019i \u00fcksikasjad. 2025. aasta Grand D\u00e9part ehk pidulik start toob [&hellip;]\" \/>\n<meta property=\"og:url\" content=\"https:\/\/www.welovecycling.com\/ee\/2024\/01\/23\/112-tour-de-france-teekond-labi-pohja-prantsusmaa-sudame\/\" \/>\n<meta property=\"og:site_name\" content=\"\u0160koda We Love Cycling - Estonia\" \/>\n<meta property=\"article:published_time\" content=\"2024-01-23T12:43:52+00:00\" \/>\n<meta property=\"og:image\" content=\"https:\/\/d2p6e6u75xmxt8.cloudfront.net\/15\/2024\/01\/tdf24.webp\" \/>\n\t<meta property=\"og:image:width\" content=\"989\" \/>\n\t<meta property=\"og:image:height\" content=\"662\" \/>\n\t<meta property=\"og:image:type\" content=\"image\/webp\" \/>\n<meta name=\"author\" content=\"andre\" \/>\n<meta name=\"twitter:card\" content=\"summary_large_image\" \/>\n<meta name=\"twitter:label1\" content=\"Written by\" \/>\n\t<meta name=\"twitter:data1\" content=\"Monica Buck\" \/>\n\t<meta name=\"twitter:label2\" content=\"Est. reading time\" \/>\n\t<meta name=\"twitter:data2\" content=\"2 minutes\" \/>\n<script type=\"application\/ld+json\" class=\"yoast-schema-graph\">{\"@context\":\"https:\/\/schema.org\",\"@graph\":[{\"@type\":\"WebPage\",\"@id\":\"https:\/\/www.welovecycling.com\/ee\/2024\/01\/23\/112-tour-de-france-teekond-labi-pohja-prantsusmaa-sudame\/\",\"url\":\"https:\/\/www.welovecycling.com\/ee\/2024\/01\/23\/112-tour-de-france-teekond-labi-pohja-prantsusmaa-sudame\/\",\"name\":\"112. Tour de France: teekond l\u00e4bi P\u00f5hja-Prantsusmaa s\u00fcdame - \u0160koda We Love Cycling - Estonia\",\"isPartOf\":{\"@id\":\"https:\/\/www.welovecycling.com\/ee\/#website\"},\"primaryImageOfPage\":{\"@id\":\"https:\/\/www.welovecycling.com\/ee\/2024\/01\/23\/112-tour-de-france-teekond-labi-pohja-prantsusmaa-sudame\/#primaryimage\"},\"image\":{\"@id\":\"https:\/\/www.welovecycling.com\/ee\/2024\/01\/23\/112-tour-de-france-teekond-labi-pohja-prantsusmaa-sudame\/#primaryimage\"},\"thumbnailUrl\":\"https:\/\/d2p6e6u75xmxt8.cloudfront.net\/15\/2024\/01\/tdf24.webp\",\"datePublished\":\"2024-01-23T12:43:52+00:00\",\"author\":{\"@id\":\"https:\/\/www.welovecycling.com\/ee\/#\/schema\/person\/8b7101c4bd1b1ae9d3732ebb1e6caf57\"},\"inLanguage\":\"et\",\"potentialAction\":[{\"@type\":\"ReadAction\",\"target\":[\"https:\/\/www.welovecycling.com\/ee\/2024\/01\/23\/112-tour-de-france-teekond-labi-pohja-prantsusmaa-sudame\/\"]}]},{\"@type\":\"ImageObject\",\"inLanguage\":\"et\",\"@id\":\"https:\/\/www.welovecycling.com\/ee\/2024\/01\/23\/112-tour-de-france-teekond-labi-pohja-prantsusmaa-sudame\/#primaryimage\",\"url\":\"https:\/\/d2p6e6u75xmxt8.cloudfront.net\/15\/2024\/01\/tdf24.webp\",\"contentUrl\":\"https:\/\/d2p6e6u75xmxt8.cloudfront.net\/15\/2024\/01\/tdf24.webp\",\"width\":989,\"height\":662},{\"@type\":\"WebSite\",\"@id\":\"https:\/\/www.welovecycling.com\/ee\/#website\",\"url\":\"https:\/\/www.welovecycling.com\/ee\/\",\"name\":\"\u0160koda We Love Cycling - Estonia\",\"description\":\"\",\"potentialAction\":[{\"@type\":\"SearchAction\",\"target\":{\"@type\":\"EntryPoint\",\"urlTemplate\":\"https:\/\/www.welovecycling.com\/ee\/?s={search_term_string}\"},\"query-input\":{\"@type\":\"PropertyValueSpecification\",\"valueRequired\":true,\"valueName\":\"search_term_string\"}}],\"inLanguage\":\"et\"},{\"@type\":\"Person\",\"@id\":\"https:\/\/www.welovecycling.com\/ee\/#\/schema\/person\/8b7101c4bd1b1ae9d3732ebb1e6caf57\",\"name\":\"andre\",\"image\":{\"@type\":\"ImageObject\",\"inLanguage\":\"et\",\"@id\":\"https:\/\/www.welovecycling.com\/ee\/#\/schema\/person\/image\/\",\"url\":\"https:\/\/secure.gravatar.com\/avatar\/0656b3224fe17b018f43b8a562625dd43d30827f027b2f62bc5a05711fec9a61?s=96&d=mm&r=g\",\"contentUrl\":\"https:\/\/secure.gravatar.com\/avatar\/0656b3224fe17b018f43b8a562625dd43d30827f027b2f62bc5a05711fec9a61?s=96&d=mm&r=g\",\"caption\":\"andre\"},\"url\":\"https:\/\/www.welovecycling.com\/ee\/author\/andre\/\"}]}<\/script>\n<!-- \/ Yoast SEO Premium plugin. -->","yoast_head_json":{"title":"112. Tour de France: teekond l\u00e4bi P\u00f5hja-Prantsusmaa s\u00fcdame - \u0160koda We Love Cycling - Estonia","robots":{"index":"index","follow":"follow","max-snippet":"max-snippet:-1","max-image-preview":"max-image-preview:large","max-video-preview":"max-video-preview:-1"},"canonical":"https:\/\/www.welovecycling.com\/ee\/2024\/01\/23\/112-tour-de-france-teekond-labi-pohja-prantsusmaa-sudame\/","og_locale":"et_EE","og_type":"article","og_title":"112. Tour de France: teekond l\u00e4bi P\u00f5hja-Prantsusmaa s\u00fcdame","og_description":"Hiljuti P\u00f5hja-Prantsusmaa pealinnas Lille\u2019is peetud pressikonverentsil avalikustati 112. Tour de France\u2019i \u00fcksikasjad. 2025. aasta Grand D\u00e9part ehk pidulik start toob [&hellip;]","og_url":"https:\/\/www.welovecycling.com\/ee\/2024\/01\/23\/112-tour-de-france-teekond-labi-pohja-prantsusmaa-sudame\/","og_site_name":"\u0160koda We Love Cycling - Estonia","article_published_time":"2024-01-23T12:43:52+00:00","og_image":[{"width":989,"height":662,"url":"https:\/\/d2p6e6u75xmxt8.cloudfront.net\/15\/2024\/01\/tdf24.webp","type":"image\/webp"}],"author":"andre","twitter_card":"summary_large_image","twitter_misc":{"Written by":"Monica Buck","Est. reading time":"2 minutes"},"schema":{"@context":"https:\/\/schema.org","@graph":[{"@type":"WebPage","@id":"https:\/\/www.welovecycling.com\/ee\/2024\/01\/23\/112-tour-de-france-teekond-labi-pohja-prantsusmaa-sudame\/","url":"https:\/\/www.welovecycling.com\/ee\/2024\/01\/23\/112-tour-de-france-teekond-labi-pohja-prantsusmaa-sudame\/","name":"112. Tour de France: teekond l\u00e4bi P\u00f5hja-Prantsusmaa s\u00fcdame - \u0160koda We Love Cycling - Estonia","isPartOf":{"@id":"https:\/\/www.welovecycling.com\/ee\/#website"},"primaryImageOfPage":{"@id":"https:\/\/www.welovecycling.com\/ee\/2024\/01\/23\/112-tour-de-france-teekond-labi-pohja-prantsusmaa-sudame\/#primaryimage"},"image":{"@id":"https:\/\/www.welovecycling.com\/ee\/2024\/01\/23\/112-tour-de-france-teekond-labi-pohja-prantsusmaa-sudame\/#primaryimage"},"thumbnailUrl":"https:\/\/d2p6e6u75xmxt8.cloudfront.net\/15\/2024\/01\/tdf24.webp","datePublished":"2024-01-23T12:43:52+00:00","author":{"@id":"https:\/\/www.welovecycling.com\/ee\/#\/schema\/person\/8b7101c4bd1b1ae9d3732ebb1e6caf57"},"inLanguage":"et","potentialAction":[{"@type":"ReadAction","target":["https:\/\/www.welovecycling.com\/ee\/2024\/01\/23\/112-tour-de-france-teekond-labi-pohja-prantsusmaa-sudame\/"]}]},{"@type":"ImageObject","inLanguage":"et","@id":"https:\/\/www.welovecycling.com\/ee\/2024\/01\/23\/112-tour-de-france-teekond-labi-pohja-prantsusmaa-sudame\/#primaryimage","url":"https:\/\/d2p6e6u75xmxt8.cloudfront.net\/15\/2024\/01\/tdf24.webp","contentUrl":"https:\/\/d2p6e6u75xmxt8.cloudfront.net\/15\/2024\/01\/tdf24.webp","width":989,"height":662},{"@type":"WebSite","@id":"https:\/\/www.welovecycling.com\/ee\/#website","url":"https:\/\/www.welovecycling.com\/ee\/","name":"\u0160koda We Love Cycling - Estonia","description":"","potentialAction":[{"@type":"SearchAction","target":{"@type":"EntryPoint","urlTemplate":"https:\/\/www.welovecycling.com\/ee\/?s={search_term_string}"},"query-input":{"@type":"PropertyValueSpecification","valueRequired":true,"valueName":"search_term_string"}}],"inLanguage":"et"},{"@type":"Person","@id":"https:\/\/www.welovecycling.com\/ee\/#\/schema\/person\/8b7101c4bd1b1ae9d3732ebb1e6caf57","name":"andre","image":{"@type":"ImageObject","inLanguage":"et","@id":"https:\/\/www.welovecycling.com\/ee\/#\/schema\/person\/image\/","url":"https:\/\/secure.gravatar.com\/avatar\/0656b3224fe17b018f43b8a562625dd43d30827f027b2f62bc5a05711fec9a61?s=96&d=mm&r=g","contentUrl":"https:\/\/secure.gravatar.com\/avatar\/0656b3224fe17b018f43b8a562625dd43d30827f027b2f62bc5a05711fec9a61?s=96&d=mm&r=g","caption":"andre"},"url":"https:\/\/www.welovecycling.com\/ee\/author\/andre\/"}]}},"_links":{"self":[{"href":"https:\/\/www.welovecycling.com\/ee\/wp-json\/wp\/v2\/posts\/1605","targetHints":{"allow":["GET"]}}],"collection":[{"href":"https:\/\/www.welovecycling.com\/ee\/wp-json\/wp\/v2\/posts"}],"about":[{"href":"https:\/\/www.welovecycling.com\/ee\/wp-json\/wp\/v2\/types\/post"}],"author":[{"embeddable":true,"href":"https:\/\/www.welovecycling.com\/ee\/wp-json\/wp\/v2\/users\/174"}],"replies":[{"embeddable":true,"href":"https:\/\/www.welovecycling.com\/ee\/wp-json\/wp\/v2\/comments?post=1605"}],"version-history":[{"count":2,"href":"https:\/\/www.welovecycling.com\/ee\/wp-json\/wp\/v2\/posts\/1605\/revisions"}],"predecessor-version":[{"id":1608,"href":"https:\/\/www.welovecycling.com\/ee\/wp-json\/wp\/v2\/posts\/1605\/revisions\/1608"}],"wp:featuredmedia":[{"embeddable":true,"href":"https:\/\/www.welovecycling.com\/ee\/wp-json\/wp\/v2\/media\/1606"}],"wp:attachment":[{"href":"https:\/\/www.welovecycling.com\/ee\/wp-json\/wp\/v2\/media?parent=1605"}],"wp:term":[{"taxonomy":"category","embeddable":true,"href":"https:\/\/www.welovecycling.com\/ee\/wp-json\/wp\/v2\/categories?post=1605"},{"taxonomy":"post_tag","embeddable":true,"href":"https:\/\/www.welovecycling.com\/ee\/wp-json\/wp\/v2\/tags?post=1605"},{"taxonomy":"global-categories","embeddable":true,"href":"https:\/\/www.welovecycling.com\/ee\/wp-json\/wp\/v2\/global-categories?post=1605"}],"curies":[{"name":"wp","href":"https:\/\/api.w.org\/{rel}","templated":true}]}}