{"id":1590,"date":"2024-01-19T17:18:28","date_gmt":"2024-01-19T14:18:28","guid":{"rendered":"https:\/\/www.welovecycling.com\/ee\/?p=1590"},"modified":"2024-01-19T18:17:07","modified_gmt":"2024-01-19T15:17:07","slug":"kuidas-saada-hakkama-rattasoiduga-talvistes-oludes","status":"publish","type":"post","link":"https:\/\/www.welovecycling.com\/ee\/2024\/01\/19\/kuidas-saada-hakkama-rattasoiduga-talvistes-oludes\/","title":{"rendered":"Kuidas saada hakkama rattas\u00f5iduga talvistes oludes?"},"content":{"rendered":"<p><b>Talvine ilm v\u00f5ib olla Sinu rattas\u00f5itude vaenlane, kui Sa seda kardad. Esimene samm, harjumaks talvel rattaga s\u00f5itma, on sobiv varustus ja teadmine, millele t\u00e4helepanu p\u00f6\u00f6rata. Vaatame natuke p\u00f5hit\u00f5desid.<\/b><\/p>\n<p><!--more--><\/p>\n<h3><strong>\u00c4ra tegutse uisap\u00e4isa!<\/strong><\/h3>\n<p><span style=\"font-weight: 400;\">Kui sul on ebameeldivaid m\u00e4lestusi rattas\u00f5idust talvise v\u00f5i halva ilmaga v\u00f5i pole Sa lihtsalt kindel, kuidas nende oludega toime tuled, ei maksa kindlasti kiirustada. V\u00f5id alustada rattas\u00f5iduga lihtsamates talvistes oludes ning j\u00e4rk-j\u00e4rgult kohaneda keerukamate oludega. Oma talvise ilma kartusest v\u00f5id r\u00e4\u00e4kida ka teiste ratturitega kes talviti v\u00e4ljas s\u00f5idavad, keda Sa usaldad. Nad saavad Sind toetada, n\u00f5u anda ning aitavad aduda suurt pilti.<\/span><\/p>\n<h3><strong>Ole valmis selleks, mida ootad<\/strong><\/h3>\n<p><span style=\"font-weight: 400;\">Talvise ilmaga v\u00f5ivad m\u00f5ned asjad rattas\u00f5idus teistmoodi olla. See ei t\u00e4henda, nagu Sa ei saaks turvaliselt s\u00f5ita, vaja on lihtsalt uute oludega kohaneda.<\/span><\/p>\n<p><span style=\"font-weight: 400;\">Arvesta libeduse, peatumisteekonna pikenemisega.<\/span><span style=\"font-weight: 400;\"> Talvised olud t\u00e4hendavad pikemat peatumisteekonda, ebatasausi j\u00e4\u00e4konarluste n\u00e4ol, lumevaalusid jne. Rehvide haardumine on kehvem ja pidurid ei toimi nii t\u00f5husalt, isegi ketaspidurid mitte. <a href=\"https:\/\/www.hobisport.ee\/index.php\/viimati-lisatud\/results,1-50?keyword=naast&amp;limitstart=0&amp;option=com_virtuemart&amp;view=category&amp;virtuemart_category_id=0\">Naastrehvid<\/a>, <a href=\"https:\/\/www.hobisport.ee\/index.php\/viimati-lisatud\/results,1-50?keyword=tuled&amp;limitstart=0&amp;option=com_virtuemart&amp;view=category&amp;virtuemart_category_id=0\">tuled<\/a> ja pikad <a href=\"https:\/\/www.hobisport.ee\/index.php\/viimati-lisatud\/results,1-50?keyword=porilauad&amp;limitstart=0&amp;option=com_virtuemart&amp;view=category&amp;virtuemart_category_id=0\">porilauad<\/a> on Eesti talvistes oludes sinu abivahendid.<\/span><\/p>\n<p><a href=\"https:\/\/d2p6e6u75xmxt8.cloudfront.net\/15\/2024\/01\/20220109_105437.webp\"><img loading=\"lazy\" decoding=\"async\" class=\"aligncenter size-full wp-image-1596\" src=\"https:\/\/d2p6e6u75xmxt8.cloudfront.net\/15\/2024\/01\/20220109_105437.webp\" alt=\"\" width=\"1920\" height=\"865\" srcset=\"https:\/\/d2p6e6u75xmxt8.cloudfront.net\/15\/2024\/01\/20220109_105437.webp 1920w, https:\/\/d2p6e6u75xmxt8.cloudfront.net\/15\/2024\/01\/20220109_105437-300x135.webp 300w, https:\/\/d2p6e6u75xmxt8.cloudfront.net\/15\/2024\/01\/20220109_105437-1024x461.webp 1024w, https:\/\/d2p6e6u75xmxt8.cloudfront.net\/15\/2024\/01\/20220109_105437-768x346.webp 768w, https:\/\/d2p6e6u75xmxt8.cloudfront.net\/15\/2024\/01\/20220109_105437-1536x692.webp 1536w, https:\/\/d2p6e6u75xmxt8.cloudfront.net\/15\/2024\/01\/20220109_105437-400x180.webp 400w\" sizes=\"auto, (max-width: 1920px) 100vw, 1920px\" \/><\/a><\/p>\n<p><span style=\"font-weight: 400;\">J\u00e4lgi ilmateadet. Ei soovita minna s\u00f5itma, kui temperatuur on madalam kui 10 kraadi celsiust (halvemal juhul v\u00f5id saada k\u00fclmakahjustusi v\u00f5i alajahtuda). Hoia oma kehatemperatuur \u00fcleval.<\/span><span style=\"font-weight: 400;\"> \u00d5ige riietus on talvise ilma korral h\u00e4datarvilik. Termotagi, soe pesu, termop\u00fcksid, talvised rattakingad, soojad sokid ja kingakatted. Kaitse oma pead, kaela ja k\u00e4si! Kinnaste valik ja jalan\u00f5ude valik on v\u00e4ga oluline, kuna need kehaosad kipuvad k\u00f5ige kiiremini k\u00fclmetama. Soojad talvised riided aitavad Sul p\u00fcsida kuivana, s\u00e4ilitada kehatemperatuuri ja kaitsta tuule eest.<br \/>\nKui tahad s\u00f5ita k\u00fclmemates oludes, v\u00f5i su jalad k\u00e4ed kardavad eriti k\u00fclma, siis saad abi jahi- ja kalastuspoodides m\u00fc\u00fcdavatest <a href=\"https:\/\/www.jahipaun.ee\/netipood\/toode\/sooduspakkumised\/asseri\/ktesoojendaja-asseri-2-tk-pakis-_8ncypf\/\">termopakettidest<\/a> (umbes 1 EUR paar), akutoitel soojendusega taldadest ja kinnastest, soojenduskreemist v\u00f5i n\u00e4iteks k\u00e4e <a href=\"https:\/\/7rbags.com\/product\/pogies\/\">muvidest<\/a>, mis kinnitatakse lenksu k\u00fclge.<\/span><\/p>\n<p><a href=\"https:\/\/d2p6e6u75xmxt8.cloudfront.net\/15\/2024\/01\/20220320_094602.webp\"><img loading=\"lazy\" decoding=\"async\" class=\"size-full wp-image-1598 alignleft\" src=\"https:\/\/d2p6e6u75xmxt8.cloudfront.net\/15\/2024\/01\/20220320_094602.webp\" alt=\"\" width=\"414\" height=\"919\" srcset=\"https:\/\/d2p6e6u75xmxt8.cloudfront.net\/15\/2024\/01\/20220320_094602.webp 414w, https:\/\/d2p6e6u75xmxt8.cloudfront.net\/15\/2024\/01\/20220320_094602-135x300.webp 135w, https:\/\/d2p6e6u75xmxt8.cloudfront.net\/15\/2024\/01\/20220320_094602-180x400.webp 180w\" sizes=\"auto, (max-width: 414px) 100vw, 414px\" \/><\/a><\/p>\n<p>&nbsp;<\/p>\n<p>&nbsp;<\/p>\n<h3><strong>Ole valmis, et asjad l\u00e4hevad untsu<\/strong><\/h3>\n<p><span style=\"font-weight: 400;\">J\u00f5uamegi hirmuni, mida paljud ratturid seoses talvise ilmaga tunnevad. Nad kardavad j\u00e4\u00e4da h\u00e4tta kodust kaugel. Seda on v\u00f5imalik v\u00e4ltida, kui kavandada oma s\u00f5idumarsruut ilmaennustust arvestades. Kodust kaugele s\u00f5ites tasub ka telefon kaasa v\u00f5tta, eriti kui ilm \u00e4hvardab halvaks p\u00f6\u00f6rata \u2013 siis saad vajadusel abi kutsuda. Kasulik harjumus on ka anda kellelegi teada, kuhu Sa suundud ja kui kauaks. Samuti saad n\u00e4iteks <a href=\"https:\/\/www.hobisport.ee\/index.php\/wahoo-fitness\/elemnt-rattakompuutrid\">Wahoo<\/a> \u00e4ppi kaudu jagada m\u00f5ne oma l\u00e4hedasega oma positsiooni reaalajas.<\/span><\/p>\n<p><span style=\"font-weight: 400;\">Sageduselt j\u00e4rgmine p\u00f5hjus, mis ratturid kodust kaugel h\u00e4tta j\u00e4\u00e4vad, on rattarike. Oskamatus rikkeid k\u00f5rvaldada v\u00f5ib seda kartust tublisti v\u00f5imendada. Sellest \u00fcle saamiseks tuleb kaasa v\u00f5tta p\u00f5hilised t\u00f6\u00f6riistad ja teha endale selgeks, kuidas sagedamini esinevaid rikkeid k\u00f5rvaldada.<\/span><\/p>\n<p><span style=\"font-weight: 400;\">Rehvi parandamine.<\/span><span style=\"font-weight: 400;\"> \u00c4ra unusta kaasa v\u00f5tmast <a href=\"https:\/\/www.hobisport.ee\/index.php\/viimati-lisatud\/results,1-50?keyword=sisekumm&amp;limitstart=0&amp;option=com_virtuemart&amp;view=category&amp;virtuemart_category_id=0\">varulohvi<\/a>, <a href=\"https:\/\/www.hobisport.ee\/index.php\/viimati-lisatud\/results,1-50?keyword=kummihe&amp;limitstart=0&amp;option=com_virtuemart&amp;view=category&amp;virtuemart_category_id=0\">rehviheeblit<\/a>, vahtu ja <a href=\"https:\/\/www.hobisport.ee\/index.php\/viimati-lisatud\/results,1-50?keyword=pump&amp;limitstart=0&amp;option=com_virtuemart&amp;view=category&amp;virtuemart_category_id=0\">pumpa<\/a>. CO<\/span><span style=\"font-weight: 400;\">2<\/span><span style=\"font-weight: 400;\">&#8211;<a href=\"https:\/\/www.hobisport.ee\/index.php\/poodi\/toeoeriistad-ja-hooldustarvikud\/pumbad,-co2-balloonid\/barbieri-visionair-co2-minipump-detail\">balloonid<\/a> on samuti mugavad ja kerged, aga pumpa saab kasutada korduvalt. Veelgi parem on proovida kodus harjutuseks rehvi vahetada.<\/span><\/p>\n<p><a href=\"https:\/\/d2p6e6u75xmxt8.cloudfront.net\/15\/2024\/01\/20220115_085543.webp\"><img loading=\"lazy\" decoding=\"async\" class=\"size-full wp-image-1597 alignleft\" src=\"https:\/\/d2p6e6u75xmxt8.cloudfront.net\/15\/2024\/01\/20220115_085543.webp\" alt=\"\" width=\"414\" height=\"919\" srcset=\"https:\/\/d2p6e6u75xmxt8.cloudfront.net\/15\/2024\/01\/20220115_085543.webp 414w, https:\/\/d2p6e6u75xmxt8.cloudfront.net\/15\/2024\/01\/20220115_085543-135x300.webp 135w, https:\/\/d2p6e6u75xmxt8.cloudfront.net\/15\/2024\/01\/20220115_085543-180x400.webp 180w\" sizes=\"auto, (max-width: 414px) 100vw, 414px\" \/><\/a><\/p>\n<p><span style=\"font-weight: 400;\">Katkise keti parandamine.<\/span><span style=\"font-weight: 400;\"> Keti katkemine on harv juhus, kuid t\u00f5sine asi, kui abi juhtub kaugel olema. \u00d5nneks on ketti lihtne parandada. Sul on vaja <a href=\"https:\/\/www.hobisport.ee\/index.php\/poodi\/toeoeriistad-ja-hooldustarvikud\/mini-komplektid\/topeak-mini-20-detail\">multit\u00f6\u00f6riista<\/a> (kes m\u00e4letab veel vanast ajast \u201eperekat\u201c?) katkise l\u00fcli eemaldamiseks ja <a href=\"https:\/\/www.hobisport.ee\/index.php\/viimati-lisatud\/results,1-50?keyword=ketilukk&amp;limitstart=0&amp;option=com_virtuemart&amp;view=category&amp;virtuemart_category_id=0\">ketilukku\u00a0<\/a> (selle soovitame panna teibiga pidurilingi sisse), millega ketiotsad kiiresti ja abivahenditeta uuesti \u00fchendada. See oskus ja v\u00f5ib osutuda hindamatuks pikkadel s\u00f5itudel.<\/span><\/p>\n<p><span style=\"font-weight: 400;\">Kui Sul on olemas varustus, t\u00f6\u00f6riistad ja oskused, v\u00f5id oma kartused maha raputada ning s\u00f5ita rattaga s\u00f5ltumata aastajastja koduni j\u00e4\u00e4nud vahemaast.<\/span><\/p>\n","protected":false},"excerpt":{"rendered":"<p>Talvine ilm v\u00f5ib olla Sinu rattas\u00f5itude vaenlane, kui Sa seda kardad. Esimene samm, harjumaks talvel rattaga s\u00f5itma, on sobiv varustus [&hellip;]<\/p>\n","protected":false},"author":174,"featured_media":1595,"comment_status":"open","ping_status":"open","sticky":false,"template":"","format":"standard","meta":{"footnotes":""},"categories":[8],"tags":[165,176],"global-categories":[22],"class_list":["post-1590","post","type-post","status-publish","format-standard","has-post-thumbnail","hentry","category-turvalisus","tag-talvine-rattasoit","tag-talvine-treening","global-categories-cycling"],"yoast_head":"<!-- This site is optimized with the Yoast SEO Premium plugin v25.3 (Yoast SEO v25.9) - https:\/\/yoast.com\/wordpress\/plugins\/seo\/ -->\n<title>Kuidas saada hakkama rattas\u00f5iduga talvistes oludes? - \u0160koda We Love Cycling - Estonia<\/title>\n<meta name=\"robots\" content=\"index, follow, max-snippet:-1, max-image-preview:large, max-video-preview:-1\" \/>\n<link rel=\"canonical\" href=\"https:\/\/www.welovecycling.com\/ee\/2024\/01\/19\/kuidas-saada-hakkama-rattasoiduga-talvistes-oludes\/\" \/>\n<meta property=\"og:locale\" content=\"et_EE\" \/>\n<meta property=\"og:type\" content=\"article\" \/>\n<meta property=\"og:title\" content=\"Kuidas saada hakkama rattas\u00f5iduga talvistes oludes?\" \/>\n<meta property=\"og:description\" content=\"Talvine ilm v\u00f5ib olla Sinu rattas\u00f5itude vaenlane, kui Sa seda kardad. Esimene samm, harjumaks talvel rattaga s\u00f5itma, on sobiv varustus [&hellip;]\" \/>\n<meta property=\"og:url\" content=\"https:\/\/www.welovecycling.com\/ee\/2024\/01\/19\/kuidas-saada-hakkama-rattasoiduga-talvistes-oludes\/\" \/>\n<meta property=\"og:site_name\" content=\"\u0160koda We Love Cycling - Estonia\" \/>\n<meta property=\"article:published_time\" content=\"2024-01-19T14:18:28+00:00\" \/>\n<meta property=\"article:modified_time\" content=\"2024-01-19T15:17:07+00:00\" \/>\n<meta property=\"og:image\" content=\"https:\/\/d2p6e6u75xmxt8.cloudfront.net\/15\/2024\/01\/20220109_0905380.webp\" \/>\n\t<meta property=\"og:image:width\" content=\"1920\" \/>\n\t<meta property=\"og:image:height\" content=\"864\" \/>\n\t<meta property=\"og:image:type\" content=\"image\/webp\" \/>\n<meta name=\"author\" content=\"andre\" \/>\n<meta name=\"twitter:card\" content=\"summary_large_image\" \/>\n<meta name=\"twitter:label1\" content=\"Written by\" \/>\n\t<meta name=\"twitter:data1\" content=\"Ji\u0159\u00ed Kalo\u010d \/ Andre Kull\" \/>\n\t<meta name=\"twitter:label2\" content=\"Est. reading time\" \/>\n\t<meta name=\"twitter:data2\" content=\"4\" \/>\n<script type=\"application\/ld+json\" class=\"yoast-schema-graph\">{\"@context\":\"https:\/\/schema.org\",\"@graph\":[{\"@type\":\"WebPage\",\"@id\":\"https:\/\/www.welovecycling.com\/ee\/2024\/01\/19\/kuidas-saada-hakkama-rattasoiduga-talvistes-oludes\/\",\"url\":\"https:\/\/www.welovecycling.com\/ee\/2024\/01\/19\/kuidas-saada-hakkama-rattasoiduga-talvistes-oludes\/\",\"name\":\"Kuidas saada hakkama rattas\u00f5iduga talvistes oludes? - \u0160koda We Love Cycling - Estonia\",\"isPartOf\":{\"@id\":\"https:\/\/www.welovecycling.com\/ee\/#website\"},\"primaryImageOfPage\":{\"@id\":\"https:\/\/www.welovecycling.com\/ee\/2024\/01\/19\/kuidas-saada-hakkama-rattasoiduga-talvistes-oludes\/#primaryimage\"},\"image\":{\"@id\":\"https:\/\/www.welovecycling.com\/ee\/2024\/01\/19\/kuidas-saada-hakkama-rattasoiduga-talvistes-oludes\/#primaryimage\"},\"thumbnailUrl\":\"https:\/\/d2p6e6u75xmxt8.cloudfront.net\/15\/2024\/01\/20220109_0905380.webp\",\"datePublished\":\"2024-01-19T14:18:28+00:00\",\"dateModified\":\"2024-01-19T15:17:07+00:00\",\"author\":{\"@id\":\"https:\/\/www.welovecycling.com\/ee\/#\/schema\/person\/8b7101c4bd1b1ae9d3732ebb1e6caf57\"},\"inLanguage\":\"et\",\"potentialAction\":[{\"@type\":\"ReadAction\",\"target\":[\"https:\/\/www.welovecycling.com\/ee\/2024\/01\/19\/kuidas-saada-hakkama-rattasoiduga-talvistes-oludes\/\"]}]},{\"@type\":\"ImageObject\",\"inLanguage\":\"et\",\"@id\":\"https:\/\/www.welovecycling.com\/ee\/2024\/01\/19\/kuidas-saada-hakkama-rattasoiduga-talvistes-oludes\/#primaryimage\",\"url\":\"https:\/\/d2p6e6u75xmxt8.cloudfront.net\/15\/2024\/01\/20220109_0905380.webp\",\"contentUrl\":\"https:\/\/d2p6e6u75xmxt8.cloudfront.net\/15\/2024\/01\/20220109_0905380.webp\",\"width\":1920,\"height\":864},{\"@type\":\"WebSite\",\"@id\":\"https:\/\/www.welovecycling.com\/ee\/#website\",\"url\":\"https:\/\/www.welovecycling.com\/ee\/\",\"name\":\"\u0160koda We Love Cycling - Estonia\",\"description\":\"\",\"potentialAction\":[{\"@type\":\"SearchAction\",\"target\":{\"@type\":\"EntryPoint\",\"urlTemplate\":\"https:\/\/www.welovecycling.com\/ee\/?s={search_term_string}\"},\"query-input\":{\"@type\":\"PropertyValueSpecification\",\"valueRequired\":true,\"valueName\":\"search_term_string\"}}],\"inLanguage\":\"et\"},{\"@type\":\"Person\",\"@id\":\"https:\/\/www.welovecycling.com\/ee\/#\/schema\/person\/8b7101c4bd1b1ae9d3732ebb1e6caf57\",\"name\":\"andre\",\"image\":{\"@type\":\"ImageObject\",\"inLanguage\":\"et\",\"@id\":\"https:\/\/www.welovecycling.com\/ee\/#\/schema\/person\/image\/\",\"url\":\"https:\/\/secure.gravatar.com\/avatar\/0656b3224fe17b018f43b8a562625dd43d30827f027b2f62bc5a05711fec9a61?s=96&d=mm&r=g\",\"contentUrl\":\"https:\/\/secure.gravatar.com\/avatar\/0656b3224fe17b018f43b8a562625dd43d30827f027b2f62bc5a05711fec9a61?s=96&d=mm&r=g\",\"caption\":\"andre\"},\"url\":\"https:\/\/www.welovecycling.com\/ee\/author\/andre\/\"}]}<\/script>\n<!-- \/ Yoast SEO Premium plugin. -->","yoast_head_json":{"title":"Kuidas saada hakkama rattas\u00f5iduga talvistes oludes? - \u0160koda We Love Cycling - Estonia","robots":{"index":"index","follow":"follow","max-snippet":"max-snippet:-1","max-image-preview":"max-image-preview:large","max-video-preview":"max-video-preview:-1"},"canonical":"https:\/\/www.welovecycling.com\/ee\/2024\/01\/19\/kuidas-saada-hakkama-rattasoiduga-talvistes-oludes\/","og_locale":"et_EE","og_type":"article","og_title":"Kuidas saada hakkama rattas\u00f5iduga talvistes oludes?","og_description":"Talvine ilm v\u00f5ib olla Sinu rattas\u00f5itude vaenlane, kui Sa seda kardad. Esimene samm, harjumaks talvel rattaga s\u00f5itma, on sobiv varustus [&hellip;]","og_url":"https:\/\/www.welovecycling.com\/ee\/2024\/01\/19\/kuidas-saada-hakkama-rattasoiduga-talvistes-oludes\/","og_site_name":"\u0160koda We Love Cycling - Estonia","article_published_time":"2024-01-19T14:18:28+00:00","article_modified_time":"2024-01-19T15:17:07+00:00","og_image":[{"width":1920,"height":864,"url":"https:\/\/d2p6e6u75xmxt8.cloudfront.net\/15\/2024\/01\/20220109_0905380.webp","type":"image\/webp"}],"author":"andre","twitter_card":"summary_large_image","twitter_misc":{"Written by":"Ji\u0159\u00ed Kalo\u010d \/ Andre Kull","Est. reading time":"4"},"schema":{"@context":"https:\/\/schema.org","@graph":[{"@type":"WebPage","@id":"https:\/\/www.welovecycling.com\/ee\/2024\/01\/19\/kuidas-saada-hakkama-rattasoiduga-talvistes-oludes\/","url":"https:\/\/www.welovecycling.com\/ee\/2024\/01\/19\/kuidas-saada-hakkama-rattasoiduga-talvistes-oludes\/","name":"Kuidas saada hakkama rattas\u00f5iduga talvistes oludes? - \u0160koda We Love Cycling - Estonia","isPartOf":{"@id":"https:\/\/www.welovecycling.com\/ee\/#website"},"primaryImageOfPage":{"@id":"https:\/\/www.welovecycling.com\/ee\/2024\/01\/19\/kuidas-saada-hakkama-rattasoiduga-talvistes-oludes\/#primaryimage"},"image":{"@id":"https:\/\/www.welovecycling.com\/ee\/2024\/01\/19\/kuidas-saada-hakkama-rattasoiduga-talvistes-oludes\/#primaryimage"},"thumbnailUrl":"https:\/\/d2p6e6u75xmxt8.cloudfront.net\/15\/2024\/01\/20220109_0905380.webp","datePublished":"2024-01-19T14:18:28+00:00","dateModified":"2024-01-19T15:17:07+00:00","author":{"@id":"https:\/\/www.welovecycling.com\/ee\/#\/schema\/person\/8b7101c4bd1b1ae9d3732ebb1e6caf57"},"inLanguage":"et","potentialAction":[{"@type":"ReadAction","target":["https:\/\/www.welovecycling.com\/ee\/2024\/01\/19\/kuidas-saada-hakkama-rattasoiduga-talvistes-oludes\/"]}]},{"@type":"ImageObject","inLanguage":"et","@id":"https:\/\/www.welovecycling.com\/ee\/2024\/01\/19\/kuidas-saada-hakkama-rattasoiduga-talvistes-oludes\/#primaryimage","url":"https:\/\/d2p6e6u75xmxt8.cloudfront.net\/15\/2024\/01\/20220109_0905380.webp","contentUrl":"https:\/\/d2p6e6u75xmxt8.cloudfront.net\/15\/2024\/01\/20220109_0905380.webp","width":1920,"height":864},{"@type":"WebSite","@id":"https:\/\/www.welovecycling.com\/ee\/#website","url":"https:\/\/www.welovecycling.com\/ee\/","name":"\u0160koda We Love Cycling - Estonia","description":"","potentialAction":[{"@type":"SearchAction","target":{"@type":"EntryPoint","urlTemplate":"https:\/\/www.welovecycling.com\/ee\/?s={search_term_string}"},"query-input":{"@type":"PropertyValueSpecification","valueRequired":true,"valueName":"search_term_string"}}],"inLanguage":"et"},{"@type":"Person","@id":"https:\/\/www.welovecycling.com\/ee\/#\/schema\/person\/8b7101c4bd1b1ae9d3732ebb1e6caf57","name":"andre","image":{"@type":"ImageObject","inLanguage":"et","@id":"https:\/\/www.welovecycling.com\/ee\/#\/schema\/person\/image\/","url":"https:\/\/secure.gravatar.com\/avatar\/0656b3224fe17b018f43b8a562625dd43d30827f027b2f62bc5a05711fec9a61?s=96&d=mm&r=g","contentUrl":"https:\/\/secure.gravatar.com\/avatar\/0656b3224fe17b018f43b8a562625dd43d30827f027b2f62bc5a05711fec9a61?s=96&d=mm&r=g","caption":"andre"},"url":"https:\/\/www.welovecycling.com\/ee\/author\/andre\/"}]}},"_links":{"self":[{"href":"https:\/\/www.welovecycling.com\/ee\/wp-json\/wp\/v2\/posts\/1590","targetHints":{"allow":["GET"]}}],"collection":[{"href":"https:\/\/www.welovecycling.com\/ee\/wp-json\/wp\/v2\/posts"}],"about":[{"href":"https:\/\/www.welovecycling.com\/ee\/wp-json\/wp\/v2\/types\/post"}],"author":[{"embeddable":true,"href":"https:\/\/www.welovecycling.com\/ee\/wp-json\/wp\/v2\/users\/174"}],"replies":[{"embeddable":true,"href":"https:\/\/www.welovecycling.com\/ee\/wp-json\/wp\/v2\/comments?post=1590"}],"version-history":[{"count":9,"href":"https:\/\/www.welovecycling.com\/ee\/wp-json\/wp\/v2\/posts\/1590\/revisions"}],"predecessor-version":[{"id":1604,"href":"https:\/\/www.welovecycling.com\/ee\/wp-json\/wp\/v2\/posts\/1590\/revisions\/1604"}],"wp:featuredmedia":[{"embeddable":true,"href":"https:\/\/www.welovecycling.com\/ee\/wp-json\/wp\/v2\/media\/1595"}],"wp:attachment":[{"href":"https:\/\/www.welovecycling.com\/ee\/wp-json\/wp\/v2\/media?parent=1590"}],"wp:term":[{"taxonomy":"category","embeddable":true,"href":"https:\/\/www.welovecycling.com\/ee\/wp-json\/wp\/v2\/categories?post=1590"},{"taxonomy":"post_tag","embeddable":true,"href":"https:\/\/www.welovecycling.com\/ee\/wp-json\/wp\/v2\/tags?post=1590"},{"taxonomy":"global-categories","embeddable":true,"href":"https:\/\/www.welovecycling.com\/ee\/wp-json\/wp\/v2\/global-categories?post=1590"}],"curies":[{"name":"wp","href":"https:\/\/api.w.org\/{rel}","templated":true}]}}