{"id":1575,"date":"2024-01-09T14:54:20","date_gmt":"2024-01-09T11:54:20","guid":{"rendered":"https:\/\/www.welovecycling.com\/ee\/?p=1575"},"modified":"2024-01-09T14:54:20","modified_gmt":"2024-01-09T11:54:20","slug":"greete-steinburg-soovitab-kuhu-tasub-hispaanias-rattaga-kevaldlaagrisse-minna","status":"publish","type":"post","link":"https:\/\/www.welovecycling.com\/ee\/2024\/01\/09\/greete-steinburg-soovitab-kuhu-tasub-hispaanias-rattaga-kevaldlaagrisse-minna\/","title":{"rendered":"Greete Steinburg soovitab &#8211; kuhu tasub Hispaanias rattaga kevaldlaagrisse minna?"},"content":{"rendered":"<h2>K\u00f5ik ju teavad, et kui kevadel rattalaagrisse minna, siis on k\u00f5igi eestlastte lemmiksihtkohaks Hispaania. Seda t\u00e4nu oma sobivale kliimale, maastikule, rattas\u00f5bralikule liikluskultuurile, toidule, vaatamisv\u00e4\u00e4rsustele, merele, m\u00e4gedele, veinile , p\u00e4ikesele jne. Greete on oma proffikarj\u00e4\u00e4ri jooksul s\u00f5otnud selle riigi risti-p\u00f5iki l\u00e4bi ja jagab n\u00fc\u00fcd teiega oma kogemusi, et kuhu ikka tasub minna.<br \/>\n<!--more--><\/h2>\n<p>Olen k\u00e4inud aastate jooksul Tenerife, Mallorca, Estepona, Vera\/Mojacar, La Nucia, Calpe, Gran Canaria. MTB tuuridel Jaen\/Cordoba, Castellon ja Igualada.<\/p>\n<p><strong>Tenerife<\/strong> &#8211; ronijate paradiis. Siledat suhteliselt v\u00e4he, t\u00f5usud pikad. Mulle v\u00e4ga meeldis, kui kunagi v\u00f5imalust, siis kindlasti tagasi. V\u00e4ga ilus saar ja kui elada l\u00f5unas, siis iga p\u00e4ev super ilm (mina k\u00e4isin m\u00e4rtsis). Maastikut pole s\u00f5itnud, aga pigem pidi sobima graveli s\u00f5itmiseks. Ka matkamiseks lahe koht &#8211; Masca k\u00fcla ja Teide.<\/p>\n<figure id=\"attachment_1584\" aria-describedby=\"caption-attachment-1584\" style=\"width: 1281px\" class=\"wp-caption aligncenter\"><a href=\"https:\/\/d2p6e6u75xmxt8.cloudfront.net\/15\/2024\/01\/tener-scaled.webp\"><img loading=\"lazy\" decoding=\"async\" class=\"wp-image-1584 size-extra-large\" src=\"https:\/\/d2p6e6u75xmxt8.cloudfront.net\/15\/2024\/01\/tener-1281x1920.webp\" alt=\"\" width=\"1281\" height=\"1920\" srcset=\"https:\/\/d2p6e6u75xmxt8.cloudfront.net\/15\/2024\/01\/tener-1281x1920.webp 1281w, https:\/\/d2p6e6u75xmxt8.cloudfront.net\/15\/2024\/01\/tener-200x300.webp 200w, https:\/\/d2p6e6u75xmxt8.cloudfront.net\/15\/2024\/01\/tener-683x1024.webp 683w, https:\/\/d2p6e6u75xmxt8.cloudfront.net\/15\/2024\/01\/tener-768x1151.webp 768w, https:\/\/d2p6e6u75xmxt8.cloudfront.net\/15\/2024\/01\/tener-1025x1536.webp 1025w, https:\/\/d2p6e6u75xmxt8.cloudfront.net\/15\/2024\/01\/tener-1366x2048.webp 1366w, https:\/\/d2p6e6u75xmxt8.cloudfront.net\/15\/2024\/01\/tener-267x400.webp 267w, https:\/\/d2p6e6u75xmxt8.cloudfront.net\/15\/2024\/01\/tener-scaled.webp 1708w, https:\/\/d2p6e6u75xmxt8.cloudfront.net\/15\/2024\/01\/tener-1281x1920.webp 1281w\" sizes=\"auto, (max-width: 1281px) 100vw, 1281px\" \/><\/a><figcaption id=\"caption-attachment-1584\" class=\"wp-caption-text\">Philipp Mandler, Unsplash<\/figcaption><\/figure>\n<p><strong>Mallorca<\/strong> &#8211; klassika, kus v\u00f5iks ratturina v\u00e4hemalt korra \u00e4ra k\u00e4ia. Palju v\u00e4ikeseid istanduste vahelisi teid ja mulle meeldis. Ilmad v\u00f5ibolla mitte nii stabiilsed. Maastikut pole s\u00f5itnud seal, aga kuulduste j\u00e4rgi palju eramaid, et pigem keeruline. Miinuspooleks minu jaoks, et kevadeti v\u00f5ibolla isegi liiga \u00fcle rahvastatud ratturite poolt. Igal sammul n\u00e4ed rattureid.<\/p>\n<p><strong>Estepona<\/strong> &#8211; Ei olnud minu lemmik koht laagriks. Iga kord pidi trenni minnes-tulles m\u00f5nda aega suure liiklusega teel s\u00f5itma. Suurem osa autojuhte k\u00fcll m\u00f5istlikud, aga ma eelistan rahulikumat piirkonda. Maastikut pole s\u00f4itnud seal.<\/p>\n<figure id=\"attachment_1583\" aria-describedby=\"caption-attachment-1583\" style=\"width: 1920px\" class=\"wp-caption aligncenter\"><a href=\"https:\/\/d2p6e6u75xmxt8.cloudfront.net\/15\/2024\/01\/mallorca.webp\"><img loading=\"lazy\" decoding=\"async\" class=\"wp-image-1583 size-extra-large\" src=\"https:\/\/d2p6e6u75xmxt8.cloudfront.net\/15\/2024\/01\/mallorca-1920x1280.webp\" alt=\"\" width=\"1920\" height=\"1280\" srcset=\"https:\/\/d2p6e6u75xmxt8.cloudfront.net\/15\/2024\/01\/mallorca-1920x1280.webp 1920w, https:\/\/d2p6e6u75xmxt8.cloudfront.net\/15\/2024\/01\/mallorca-300x200.webp 300w, https:\/\/d2p6e6u75xmxt8.cloudfront.net\/15\/2024\/01\/mallorca-1024x683.webp 1024w, https:\/\/d2p6e6u75xmxt8.cloudfront.net\/15\/2024\/01\/mallorca-768x512.webp 768w, https:\/\/d2p6e6u75xmxt8.cloudfront.net\/15\/2024\/01\/mallorca-1536x1024.webp 1536w, https:\/\/d2p6e6u75xmxt8.cloudfront.net\/15\/2024\/01\/mallorca-2048x1365.webp 2048w, https:\/\/d2p6e6u75xmxt8.cloudfront.net\/15\/2024\/01\/mallorca-400x267.webp 400w, https:\/\/d2p6e6u75xmxt8.cloudfront.net\/15\/2024\/01\/mallorca-272x182.webp 272w, https:\/\/d2p6e6u75xmxt8.cloudfront.net\/15\/2024\/01\/mallorca-1920x1280.webp 1920w\" sizes=\"auto, (max-width: 1920px) 100vw, 1920px\" \/><\/a><figcaption id=\"caption-attachment-1583\" class=\"wp-caption-text\">Zeihlund, Unsplash<\/figcaption><\/figure>\n<p><strong>Vera\/Mojacar<\/strong> &#8211; selline poolk\u00f5rbe piirkond. Ilma m\u00f4ttes talvel kindlasti \u00fcks parimaid kohti mandri Euroopas. Teid pole v\u00e4ga palju ja palju selliseid pikki sirgeid teid, minu jaoks isegi veidi igavaid (ideaalsed TT harjutamiseks triatleetidel). V\u00f5ib olla aga v\u00e4ga tuuline. Maastiku radu leiab, aga pigem mitte v\u00e4ga tehnilisi.<\/p>\n<p><strong>La Nucia<\/strong> &#8211; Benidormi k\u00fcljeall, suhteliselt l\u00e4hedal Alicante lennujaamale, ca 40 min autoga. Piirkond v\u00e4ga hea, maantee ringe leiab erinevaid, aga no ajaga ikka korduvad. Maastikus\u00f4idu kohana ideaalne, v\u00e4ga palju erinevaid radu. Rajad aasta l\u00e4bi s\u00f5idetavad, pole muret eramaadega. Kindlasti \u00fched tehnilisemad rajad mida s\u00f5itnud olen, v\u00e4ga palju kiviseid-tehniliselt n\u00f4udlikke singleid. Ainult fullyga minna + dropper post ja korralike rehvidega. llm on olnud hea. Vahel satub m\u00f4ni vihmane p\u00e4ev, aga pigem erand.<\/p>\n<figure id=\"attachment_1582\" aria-describedby=\"caption-attachment-1582\" style=\"width: 1920px\" class=\"wp-caption aligncenter\"><a href=\"https:\/\/d2p6e6u75xmxt8.cloudfront.net\/15\/2024\/01\/estepona.webp\"><img loading=\"lazy\" decoding=\"async\" class=\"wp-image-1582 size-extra-large\" src=\"https:\/\/d2p6e6u75xmxt8.cloudfront.net\/15\/2024\/01\/estepona-1920x1343.webp\" alt=\"\" width=\"1920\" height=\"1343\" srcset=\"https:\/\/d2p6e6u75xmxt8.cloudfront.net\/15\/2024\/01\/estepona-1920x1343.webp 1920w, https:\/\/d2p6e6u75xmxt8.cloudfront.net\/15\/2024\/01\/estepona-300x210.webp 300w, https:\/\/d2p6e6u75xmxt8.cloudfront.net\/15\/2024\/01\/estepona-1024x716.webp 1024w, https:\/\/d2p6e6u75xmxt8.cloudfront.net\/15\/2024\/01\/estepona-768x537.webp 768w, https:\/\/d2p6e6u75xmxt8.cloudfront.net\/15\/2024\/01\/estepona-1536x1075.webp 1536w, https:\/\/d2p6e6u75xmxt8.cloudfront.net\/15\/2024\/01\/estepona-2048x1433.webp 2048w, https:\/\/d2p6e6u75xmxt8.cloudfront.net\/15\/2024\/01\/estepona-400x280.webp 400w, https:\/\/d2p6e6u75xmxt8.cloudfront.net\/15\/2024\/01\/estepona-1920x1343.webp 1920w\" sizes=\"auto, (max-width: 1920px) 100vw, 1920px\" \/><\/a><figcaption id=\"caption-attachment-1582\" class=\"wp-caption-text\">Giullianna Balza, Unsplash<\/figcaption><\/figure>\n<p>Seal samas kandis ka <strong>Calpe<\/strong>, samuti tehniliste maastiku radadega. Maanteed saab s\u00f5ita nii siledamat, kui ka m\u00e4gisemat. Paljude eestlaste lemmikkoht.<\/p>\n<p><strong>Jaen\/Cordoba<\/strong> &#8211; maanteed pole s\u00f5itnud, maastiku jaoks \u00e4ge. Palju ronimist, singleid, v\u00f5ibolla veidi v\u00e4hem kivisem kui La Nucia\/Calpe<\/p>\n<p><strong>Castellon<\/strong> &#8211; Oropesa del Mar-s elanud, see selline turistidele m\u00f5eldud linn, palju t\u00fchjana seisvaid kortereid off-season-il (november-aprill) mis t\u00e4hendab, et v\u00f4imalik elamine suhteliselt soodsalt leida. Mastiku rajad huvitavad, pigem suhteliselt tehnilised\/kivised.<\/p>\n<p><strong>Barcelona\/Manresa\/Girona (Kataloonia)<\/strong> &#8211; Samuti selline klassikaline ratturite piirkond, eriti <strong>Girona<\/strong>, kus korra v\u00f5iks \u00e4ra k\u00e4ia. Mulle isiklikult meeldib v\u00e4ga Barcelona linna vibe, aga igap\u00e4evaselt rattaga treenimiseks mitte k\u00f4ige mugavam. Selleks pigem l\u00e4heks linnast v\u00e4lja ja valiks veidi vaiksema koha nagu Girona. Gironas ja selle \u00fcmbruses ka v\u00e4ga palju lahedaid maastiku ja kruusateid. Ilma m\u00f5ttes talvel\/kevadel riskantsem. Hommikud ja \u00f5htud v\u00f5ivad olla v\u00e4ga jahedad. Kindlasti tuleb pikad riided kaasa v\u00f5tta.<\/p>\n<figure id=\"attachment_1581\" aria-describedby=\"caption-attachment-1581\" style=\"width: 1060px\" class=\"wp-caption aligncenter\"><a href=\"https:\/\/d2p6e6u75xmxt8.cloudfront.net\/15\/2024\/01\/castelloon.webp\"><img loading=\"lazy\" decoding=\"async\" class=\"wp-image-1581 size-full\" src=\"https:\/\/d2p6e6u75xmxt8.cloudfront.net\/15\/2024\/01\/castelloon.webp\" alt=\"\" width=\"1060\" height=\"1505\" srcset=\"https:\/\/d2p6e6u75xmxt8.cloudfront.net\/15\/2024\/01\/castelloon.webp 1060w, https:\/\/d2p6e6u75xmxt8.cloudfront.net\/15\/2024\/01\/castelloon-211x300.webp 211w, https:\/\/d2p6e6u75xmxt8.cloudfront.net\/15\/2024\/01\/castelloon-721x1024.webp 721w, https:\/\/d2p6e6u75xmxt8.cloudfront.net\/15\/2024\/01\/castelloon-768x1090.webp 768w, https:\/\/d2p6e6u75xmxt8.cloudfront.net\/15\/2024\/01\/castelloon-282x400.webp 282w\" sizes=\"auto, (max-width: 1060px) 100vw, 1060px\" \/><\/a><figcaption id=\"caption-attachment-1581\" class=\"wp-caption-text\">Dmitrii Vaccinium, Unsplash<\/figcaption><\/figure>\n<p><strong>Gran Canaria<\/strong> &#8211; Maspalomase piirkonnas (l\u00f5unas) talvel\/kevadel hea ilma garantii. P\u00f5hjapool (Las Palmas) v\u00f5ib ilm jahedam ja vihmasem olla. Maantees\u00f5iduks siledaid teid pigem v\u00e4he. Teed pigem hea kattega (leidub ka m\u00f5ned halvemad muidugi). Majanduslikus m\u00f5ttes pigem kallim piirkond, eriti k\u00f5rghooajal (dets-m\u00e4rts). Palju turiste. Maastikus\u00f5iduks leiab samuti radu, keskmise tehnilisuse astmega. Matkaradade paradiis! K\u00f5ik tundub justkui k\u00e4e-jala ulatuses, lennujaamast Maspalomasesse k\u00f5igest 25min autos\u00f4itu. Ideaalne n\u00e4iteks kahe n\u00e4dalaseks laagriks, j\u00f5uab terve saare \u00e4ra n\u00e4ha.<\/p>\n<p>Ma arvan, et <strong>maastiku s\u00f5idu<\/strong> osas tasub vaadata kus kandis nt mingid maastikuratta tuurid toimuvad, see n\u00e4itab, et radu peaks olema ja lihtsam leida ka mingeid tracke. Et siis nt <strong>Costa Blanca<\/strong> Bike Race, <strong>Andalusia<\/strong> Bike Race, <strong>Mediterranean<\/strong> Epic, <strong>Volcat<\/strong> jms.<\/p>\n<p>Minule isiklikult meeldib maantee k\u00f4ige rohkem seni <strong>Tenerife<\/strong>, eks see v\u00f5ibolla sellep\u00e4rast, et on selle kohaga head m\u00e4lestused, super ilm, vorm oli ronimiseks hea jne ja maastikus\u00f5iduks La Nucia, sest seal iga trenn tunned, et on v\u00e4ljakutse ning tehnilisi v\u00f5imeid on v\u00f4imalik k\u00f5vasti arendada kui julgust piisavalt.<\/p>\n<p>Head avastamist ja laagerdamist!<\/p>\n<p>&nbsp;<\/p>\n","protected":false},"excerpt":{"rendered":"<p>K\u00f5ik ju teavad, et kui kevadel rattalaagrisse minna, siis on k\u00f5igi eestlastte lemmiksihtkohaks Hispaania. Seda t\u00e4nu oma sobivale kliimale, maastikule, [&hellip;]<\/p>\n","protected":false},"author":174,"featured_media":1580,"comment_status":"open","ping_status":"open","sticky":false,"template":"","format":"standard","meta":{"footnotes":""},"categories":[12,39],"tags":[172,175,170,173,171,174],"global-categories":[22],"class_list":["post-1575","post","type-post","status-publish","format-standard","has-post-thumbnail","hentry","category-cx-gravel-mtb","category-maanteesoit","tag-girona","tag-gran-canaria","tag-hispaania","tag-mallorca","tag-rattalaager","tag-tenerife","global-categories-cycling"],"yoast_head":"<!-- This site is optimized with the Yoast SEO Premium plugin v25.3 (Yoast SEO v25.9) - https:\/\/yoast.com\/wordpress\/plugins\/seo\/ -->\n<title>Greete Steinburg soovitab - kuhu tasub Hispaanias rattaga kevaldlaagrisse minna? - \u0160koda We Love Cycling - Estonia<\/title>\n<meta name=\"robots\" content=\"index, follow, max-snippet:-1, max-image-preview:large, max-video-preview:-1\" \/>\n<link rel=\"canonical\" href=\"https:\/\/www.welovecycling.com\/ee\/2024\/01\/09\/greete-steinburg-soovitab-kuhu-tasub-hispaanias-rattaga-kevaldlaagrisse-minna\/\" \/>\n<meta property=\"og:locale\" content=\"et_EE\" \/>\n<meta property=\"og:type\" content=\"article\" \/>\n<meta property=\"og:title\" content=\"Greete Steinburg soovitab - kuhu tasub Hispaanias rattaga kevaldlaagrisse minna?\" \/>\n<meta property=\"og:description\" content=\"K\u00f5ik ju teavad, et kui kevadel rattalaagrisse minna, siis on k\u00f5igi eestlastte lemmiksihtkohaks Hispaania. Seda t\u00e4nu oma sobivale kliimale, maastikule, [&hellip;]\" \/>\n<meta property=\"og:url\" content=\"https:\/\/www.welovecycling.com\/ee\/2024\/01\/09\/greete-steinburg-soovitab-kuhu-tasub-hispaanias-rattaga-kevaldlaagrisse-minna\/\" \/>\n<meta property=\"og:site_name\" content=\"\u0160koda We Love Cycling - Estonia\" \/>\n<meta property=\"article:published_time\" content=\"2024-01-09T11:54:20+00:00\" \/>\n<meta property=\"og:image\" content=\"https:\/\/d2p6e6u75xmxt8.cloudfront.net\/15\/2024\/01\/lanza-scaled.webp\" \/>\n\t<meta property=\"og:image:width\" content=\"2560\" \/>\n\t<meta property=\"og:image:height\" content=\"1653\" \/>\n\t<meta property=\"og:image:type\" content=\"image\/webp\" \/>\n<meta name=\"author\" content=\"andre\" \/>\n<meta name=\"twitter:card\" content=\"summary_large_image\" \/>\n<meta name=\"twitter:label1\" content=\"Written by\" \/>\n\t<meta name=\"twitter:data1\" content=\"Greete Steinburg\" \/>\n\t<meta name=\"twitter:label2\" content=\"Est. reading time\" \/>\n\t<meta name=\"twitter:data2\" content=\"4\" \/>\n<script type=\"application\/ld+json\" class=\"yoast-schema-graph\">{\"@context\":\"https:\/\/schema.org\",\"@graph\":[{\"@type\":\"WebPage\",\"@id\":\"https:\/\/www.welovecycling.com\/ee\/2024\/01\/09\/greete-steinburg-soovitab-kuhu-tasub-hispaanias-rattaga-kevaldlaagrisse-minna\/\",\"url\":\"https:\/\/www.welovecycling.com\/ee\/2024\/01\/09\/greete-steinburg-soovitab-kuhu-tasub-hispaanias-rattaga-kevaldlaagrisse-minna\/\",\"name\":\"Greete Steinburg soovitab - kuhu tasub Hispaanias rattaga kevaldlaagrisse minna? - \u0160koda We Love Cycling - Estonia\",\"isPartOf\":{\"@id\":\"https:\/\/www.welovecycling.com\/ee\/#website\"},\"primaryImageOfPage\":{\"@id\":\"https:\/\/www.welovecycling.com\/ee\/2024\/01\/09\/greete-steinburg-soovitab-kuhu-tasub-hispaanias-rattaga-kevaldlaagrisse-minna\/#primaryimage\"},\"image\":{\"@id\":\"https:\/\/www.welovecycling.com\/ee\/2024\/01\/09\/greete-steinburg-soovitab-kuhu-tasub-hispaanias-rattaga-kevaldlaagrisse-minna\/#primaryimage\"},\"thumbnailUrl\":\"https:\/\/d2p6e6u75xmxt8.cloudfront.net\/15\/2024\/01\/lanza-scaled.webp\",\"datePublished\":\"2024-01-09T11:54:20+00:00\",\"author\":{\"@id\":\"https:\/\/www.welovecycling.com\/ee\/#\/schema\/person\/8b7101c4bd1b1ae9d3732ebb1e6caf57\"},\"inLanguage\":\"et\",\"potentialAction\":[{\"@type\":\"ReadAction\",\"target\":[\"https:\/\/www.welovecycling.com\/ee\/2024\/01\/09\/greete-steinburg-soovitab-kuhu-tasub-hispaanias-rattaga-kevaldlaagrisse-minna\/\"]}]},{\"@type\":\"ImageObject\",\"inLanguage\":\"et\",\"@id\":\"https:\/\/www.welovecycling.com\/ee\/2024\/01\/09\/greete-steinburg-soovitab-kuhu-tasub-hispaanias-rattaga-kevaldlaagrisse-minna\/#primaryimage\",\"url\":\"https:\/\/d2p6e6u75xmxt8.cloudfront.net\/15\/2024\/01\/lanza-scaled.webp\",\"contentUrl\":\"https:\/\/d2p6e6u75xmxt8.cloudfront.net\/15\/2024\/01\/lanza-scaled.webp\",\"width\":2560,\"height\":1653},{\"@type\":\"WebSite\",\"@id\":\"https:\/\/www.welovecycling.com\/ee\/#website\",\"url\":\"https:\/\/www.welovecycling.com\/ee\/\",\"name\":\"\u0160koda We Love Cycling - Estonia\",\"description\":\"\",\"potentialAction\":[{\"@type\":\"SearchAction\",\"target\":{\"@type\":\"EntryPoint\",\"urlTemplate\":\"https:\/\/www.welovecycling.com\/ee\/?s={search_term_string}\"},\"query-input\":{\"@type\":\"PropertyValueSpecification\",\"valueRequired\":true,\"valueName\":\"search_term_string\"}}],\"inLanguage\":\"et\"},{\"@type\":\"Person\",\"@id\":\"https:\/\/www.welovecycling.com\/ee\/#\/schema\/person\/8b7101c4bd1b1ae9d3732ebb1e6caf57\",\"name\":\"andre\",\"image\":{\"@type\":\"ImageObject\",\"inLanguage\":\"et\",\"@id\":\"https:\/\/www.welovecycling.com\/ee\/#\/schema\/person\/image\/\",\"url\":\"https:\/\/secure.gravatar.com\/avatar\/0656b3224fe17b018f43b8a562625dd43d30827f027b2f62bc5a05711fec9a61?s=96&d=mm&r=g\",\"contentUrl\":\"https:\/\/secure.gravatar.com\/avatar\/0656b3224fe17b018f43b8a562625dd43d30827f027b2f62bc5a05711fec9a61?s=96&d=mm&r=g\",\"caption\":\"andre\"},\"url\":\"https:\/\/www.welovecycling.com\/ee\/author\/andre\/\"}]}<\/script>\n<!-- \/ Yoast SEO Premium plugin. -->","yoast_head_json":{"title":"Greete Steinburg soovitab - kuhu tasub Hispaanias rattaga kevaldlaagrisse minna? - \u0160koda We Love Cycling - Estonia","robots":{"index":"index","follow":"follow","max-snippet":"max-snippet:-1","max-image-preview":"max-image-preview:large","max-video-preview":"max-video-preview:-1"},"canonical":"https:\/\/www.welovecycling.com\/ee\/2024\/01\/09\/greete-steinburg-soovitab-kuhu-tasub-hispaanias-rattaga-kevaldlaagrisse-minna\/","og_locale":"et_EE","og_type":"article","og_title":"Greete Steinburg soovitab - kuhu tasub Hispaanias rattaga kevaldlaagrisse minna?","og_description":"K\u00f5ik ju teavad, et kui kevadel rattalaagrisse minna, siis on k\u00f5igi eestlastte lemmiksihtkohaks Hispaania. Seda t\u00e4nu oma sobivale kliimale, maastikule, [&hellip;]","og_url":"https:\/\/www.welovecycling.com\/ee\/2024\/01\/09\/greete-steinburg-soovitab-kuhu-tasub-hispaanias-rattaga-kevaldlaagrisse-minna\/","og_site_name":"\u0160koda We Love Cycling - Estonia","article_published_time":"2024-01-09T11:54:20+00:00","og_image":[{"width":2560,"height":1653,"url":"https:\/\/d2p6e6u75xmxt8.cloudfront.net\/15\/2024\/01\/lanza-scaled.webp","type":"image\/webp"}],"author":"andre","twitter_card":"summary_large_image","twitter_misc":{"Written by":"Greete Steinburg","Est. reading time":"4"},"schema":{"@context":"https:\/\/schema.org","@graph":[{"@type":"WebPage","@id":"https:\/\/www.welovecycling.com\/ee\/2024\/01\/09\/greete-steinburg-soovitab-kuhu-tasub-hispaanias-rattaga-kevaldlaagrisse-minna\/","url":"https:\/\/www.welovecycling.com\/ee\/2024\/01\/09\/greete-steinburg-soovitab-kuhu-tasub-hispaanias-rattaga-kevaldlaagrisse-minna\/","name":"Greete Steinburg soovitab - kuhu tasub Hispaanias rattaga kevaldlaagrisse minna? - \u0160koda We Love Cycling - Estonia","isPartOf":{"@id":"https:\/\/www.welovecycling.com\/ee\/#website"},"primaryImageOfPage":{"@id":"https:\/\/www.welovecycling.com\/ee\/2024\/01\/09\/greete-steinburg-soovitab-kuhu-tasub-hispaanias-rattaga-kevaldlaagrisse-minna\/#primaryimage"},"image":{"@id":"https:\/\/www.welovecycling.com\/ee\/2024\/01\/09\/greete-steinburg-soovitab-kuhu-tasub-hispaanias-rattaga-kevaldlaagrisse-minna\/#primaryimage"},"thumbnailUrl":"https:\/\/d2p6e6u75xmxt8.cloudfront.net\/15\/2024\/01\/lanza-scaled.webp","datePublished":"2024-01-09T11:54:20+00:00","author":{"@id":"https:\/\/www.welovecycling.com\/ee\/#\/schema\/person\/8b7101c4bd1b1ae9d3732ebb1e6caf57"},"inLanguage":"et","potentialAction":[{"@type":"ReadAction","target":["https:\/\/www.welovecycling.com\/ee\/2024\/01\/09\/greete-steinburg-soovitab-kuhu-tasub-hispaanias-rattaga-kevaldlaagrisse-minna\/"]}]},{"@type":"ImageObject","inLanguage":"et","@id":"https:\/\/www.welovecycling.com\/ee\/2024\/01\/09\/greete-steinburg-soovitab-kuhu-tasub-hispaanias-rattaga-kevaldlaagrisse-minna\/#primaryimage","url":"https:\/\/d2p6e6u75xmxt8.cloudfront.net\/15\/2024\/01\/lanza-scaled.webp","contentUrl":"https:\/\/d2p6e6u75xmxt8.cloudfront.net\/15\/2024\/01\/lanza-scaled.webp","width":2560,"height":1653},{"@type":"WebSite","@id":"https:\/\/www.welovecycling.com\/ee\/#website","url":"https:\/\/www.welovecycling.com\/ee\/","name":"\u0160koda We Love Cycling - Estonia","description":"","potentialAction":[{"@type":"SearchAction","target":{"@type":"EntryPoint","urlTemplate":"https:\/\/www.welovecycling.com\/ee\/?s={search_term_string}"},"query-input":{"@type":"PropertyValueSpecification","valueRequired":true,"valueName":"search_term_string"}}],"inLanguage":"et"},{"@type":"Person","@id":"https:\/\/www.welovecycling.com\/ee\/#\/schema\/person\/8b7101c4bd1b1ae9d3732ebb1e6caf57","name":"andre","image":{"@type":"ImageObject","inLanguage":"et","@id":"https:\/\/www.welovecycling.com\/ee\/#\/schema\/person\/image\/","url":"https:\/\/secure.gravatar.com\/avatar\/0656b3224fe17b018f43b8a562625dd43d30827f027b2f62bc5a05711fec9a61?s=96&d=mm&r=g","contentUrl":"https:\/\/secure.gravatar.com\/avatar\/0656b3224fe17b018f43b8a562625dd43d30827f027b2f62bc5a05711fec9a61?s=96&d=mm&r=g","caption":"andre"},"url":"https:\/\/www.welovecycling.com\/ee\/author\/andre\/"}]}},"_links":{"self":[{"href":"https:\/\/www.welovecycling.com\/ee\/wp-json\/wp\/v2\/posts\/1575","targetHints":{"allow":["GET"]}}],"collection":[{"href":"https:\/\/www.welovecycling.com\/ee\/wp-json\/wp\/v2\/posts"}],"about":[{"href":"https:\/\/www.welovecycling.com\/ee\/wp-json\/wp\/v2\/types\/post"}],"author":[{"embeddable":true,"href":"https:\/\/www.welovecycling.com\/ee\/wp-json\/wp\/v2\/users\/174"}],"replies":[{"embeddable":true,"href":"https:\/\/www.welovecycling.com\/ee\/wp-json\/wp\/v2\/comments?post=1575"}],"version-history":[{"count":7,"href":"https:\/\/www.welovecycling.com\/ee\/wp-json\/wp\/v2\/posts\/1575\/revisions"}],"predecessor-version":[{"id":1587,"href":"https:\/\/www.welovecycling.com\/ee\/wp-json\/wp\/v2\/posts\/1575\/revisions\/1587"}],"wp:featuredmedia":[{"embeddable":true,"href":"https:\/\/www.welovecycling.com\/ee\/wp-json\/wp\/v2\/media\/1580"}],"wp:attachment":[{"href":"https:\/\/www.welovecycling.com\/ee\/wp-json\/wp\/v2\/media?parent=1575"}],"wp:term":[{"taxonomy":"category","embeddable":true,"href":"https:\/\/www.welovecycling.com\/ee\/wp-json\/wp\/v2\/categories?post=1575"},{"taxonomy":"post_tag","embeddable":true,"href":"https:\/\/www.welovecycling.com\/ee\/wp-json\/wp\/v2\/tags?post=1575"},{"taxonomy":"global-categories","embeddable":true,"href":"https:\/\/www.welovecycling.com\/ee\/wp-json\/wp\/v2\/global-categories?post=1575"}],"curies":[{"name":"wp","href":"https:\/\/api.w.org\/{rel}","templated":true}]}}