{"id":1548,"date":"2023-12-14T14:10:15","date_gmt":"2023-12-14T11:10:15","guid":{"rendered":"https:\/\/www.welovecycling.com\/ee\/?p=1548"},"modified":"2023-12-14T14:10:15","modified_gmt":"2023-12-14T11:10:15","slug":"kuidas-talvel-rattateedeta-linnas-rattaga-soita","status":"publish","type":"post","link":"https:\/\/www.welovecycling.com\/ee\/2023\/12\/14\/kuidas-talvel-rattateedeta-linnas-rattaga-soita\/","title":{"rendered":"Kuidas talvel rattateedeta linnas rattaga s\u00f5ita?"},"content":{"rendered":"<p><strong>Talvine rattas\u00f5it on paras proovikivi, isegi kui Sa juhtud elama eeskujuliku rattateede v\u00f5rguga riigis. Ent mitte k\u00f5igil pole kodumaaks Taani, Holland v\u00f5i Saksamaa. Kahjuks elavad meist paljud riikides ja linnades, kus rattatee on pelgalt v\u00e4rv maanteeveeres. Ent m\u00f5nes kohas pole sedagi. V\u00f5ime muidugi pikalt arutada, kes on s\u00fc\u00fcdi, kuid selle asemel tundub m\u00f5istlikum pakkuda soovitusi talviseks rattas\u00f5iduks linnades, kus vastav taristu on puudulik v\u00f5i pole seda \u00fcldse.<\/strong><\/p>\n<h2>Ole n\u00e4htav<\/h2>\n<p>J\u00f5uludeni on veel pisut aega, kuid \u00e4ra karda end j\u00f5ulupuuna valgustada \u2013 siis n\u00e4evad teisedki, et sa teel liigud. Jah, n\u00e4htav olemine on h\u00e4davajalik s\u00f5ltumata rattateede olemasolust Sinu kodulinnas, aga kui sa s\u00f5idad muu liiklusega samadel teedel, pead olema veel eriti n\u00e4htav. See t\u00e4hendab erksamaid riideid, rohkem helkureid ja tulesid rattal ning vilkuvaid tulesid seljakotil v\u00f5i kiivril. Sa pead mitte \u00fcksnes n\u00e4htav olema, vaid ka t\u00e4helepanu t\u00f5mbama.<\/p>\n<p>Seega osta endale helkurjope ja kinnita seljakotile helkur v\u00f5i isegi mingit sorti vilkur. Pane kindlasti mingid helkurid ka k\u00e4tele, nii et kui Sa k\u00e4ega suunda n\u00e4itad, oleks see ka kaasliiklejatele kohe n\u00e4ha. Ja alati tuleb veenduda, et tulede akud v\u00f5i patareid oleks laetud ja s\u00f5iduvalmis.<\/p>\n<p>V\u00f5ib tunduda, et need n\u00f5uded kehtivad ainult \u00f5htusel v\u00f5i \u00f6isel ajal, aga p\u00e4ris nii see pole. Esiteks kipub talvel enam-v\u00e4hem kogu aeg pime olema. Teiseks \u2013 ja see on veelgi olulisem \u2013 pole isegi p\u00e4evavalguses n\u00e4htavus ideaalne, eriti vihma- v\u00f5i lumesaju v\u00f5i udu korral. Seega \u00e4ra \u00fclehinda n\u00e4htavust ja tee k\u00f5ik, et oleksid teistele n\u00e4htav.<br \/>\n<a href=\"https:\/\/d2p6e6u75xmxt8.cloudfront.net\/15\/2023\/12\/linnas2.webp\"><img loading=\"lazy\" decoding=\"async\" class=\"aligncenter size-full wp-image-1550\" src=\"https:\/\/d2p6e6u75xmxt8.cloudfront.net\/15\/2023\/12\/linnas2.webp\" alt=\"\" width=\"792\" height=\"527\" srcset=\"https:\/\/d2p6e6u75xmxt8.cloudfront.net\/15\/2023\/12\/linnas2.webp 792w, https:\/\/d2p6e6u75xmxt8.cloudfront.net\/15\/2023\/12\/linnas2-300x200.webp 300w, https:\/\/d2p6e6u75xmxt8.cloudfront.net\/15\/2023\/12\/linnas2-768x511.webp 768w, https:\/\/d2p6e6u75xmxt8.cloudfront.net\/15\/2023\/12\/linnas2-400x266.webp 400w, https:\/\/d2p6e6u75xmxt8.cloudfront.net\/15\/2023\/12\/linnas2-272x182.webp 272w\" sizes=\"auto, (max-width: 792px) 100vw, 792px\" \/><\/a><\/p>\n<p>Talvisel ajal on n\u00e4htav olemine k\u00f5ige t\u00e4htsam. Kaasliiklejad peavad Sind juba kaugelt m\u00e4rkama, sest peatumine on palju keerulisem. \u00a9 Profimedia<\/p>\n<h2>Vali marsruuti hoolikalt<\/h2>\n<p>Marsruudi valik on samuti rattateede puudumisel \u00fclioluline. Isegi kui teeservas jookseb rattarada, ei pruugi see alati turvaline olla. N\u00e4iteks suure lumesaju puhul l\u00fckkavad sahad selle lume ju teeserva ehk t\u00e4pselt sinna, kus rattarada asub. Rusikareegel \u00fctleb seega, et k\u00f5vema lumesaju korral hoidu suurtest t\u00e4navatest eemale, sest need l\u00fckatakse puhtaks esimeses j\u00e4rjekorras.<\/p>\n<p>Muidu aga s\u00f5ltub marsruut Sinu kodulinna liikluskorraldusest. Kui suurematel t\u00e4navatel on olemas bussirajad, saad neid kasutada suhteliselt turvaliseks liiklemiseks. Aga seejuures \u00e4ra takista \u00fchistransporti ning anna bussidele alati teed. Enamgi veel: veendu, kas Sinu kodumaal liiklusreeglid seda \u00fcldse lubavad. V\u00f5i kui see pole lubatud, siis kas keegi ka j\u00e4relevalvet teeb.<\/p>\n<p>Teine hea lahendus on valida v\u00f5imalikult rohkete valgusfooridega marsruut. Jah, see tundub ebaloogiline ja kindlasti pikendab s\u00f5iduaega, kuid fooridega ristmikud on palju turvalisemad. Ning kui on olemas turvaline rattarada v\u00f5i park, kus saab s\u00f5ita, kasuta seda, isegi kui s\u00f5iduaeg niimoodi pikeneb. P\u00f5hiline on ju ikka turvaliselt sihtpunkti kohale j\u00f5uda.<\/p>\n<h2>H\u00f5iva kogu s\u00f5idurada<\/h2>\n<p>See on veel \u00fcks v\u00e4gagi vastuoluline soovitus, mis t\u00f5en\u00e4oliselt vaidlusi p\u00f5hjustab, aga rattas\u00f5idus on turvalisus \u00fcle k\u00f5ige. Suuremal jaol autojuhtidel pole midagi selle vastu, kui Sa terve raja enda alla v\u00f5tad, sest siis n\u00e4evad nad Sind paremini ning Sinust m\u00f6\u00f6dudes peaksid nad nii v\u00f5i teisiti v\u00e4hemalt osaliselt k\u00f5rvalrada kasutama. J\u00e4relikult pole m\u00f5tet p\u00fcsida teeservas vee, lume ja pori sees \u2013 see on mitte \u00fcksnes ohtlik Sulle ja tagant l\u00e4henevatele autodele, vaid ka t\u00e4iesti m\u00f5ttetu.<\/p>\n<p>Seega h\u00f5iva kogu s\u00f5idurada v\u00f5i v\u00e4hemalt enamik sellest ning v\u00e4ldi koht, kus vesi v\u00f5ib \u00e4ravooluavade \u00fcmber koguneda. K\u00fclmema ilmaga on need esimesed kohad, kuhu tekib j\u00e4\u00e4. Sinna peale sattudes lendad kohe pikali.<\/p>\n<p>Linnas s\u00f5ites satud paratamatult ikka ja j\u00e4lle valgusfooride taha ootama. Niisugusel juhul anna teed k\u00f5igile autodele ja v\u00f5ta end viimasele sappa. Siis ei sega sa liiklust ja saad rahulikult kulgeda.<\/p>\n<h2>Kasuta liiklemiseks tipptunde<\/h2>\n<p>Veel \u00fcks esmapilgul ebaloogiline lahendus, mis aga osutub v\u00e4ga kasulikuks. Inimesed tavaliselt v\u00e4ldivad tipptunni ajal rattaga s\u00f5itmist. Jah, sellel on palju-palju halbu k\u00fclgi. Kuid autod liiguvad tipptunnil k\u00f5ige aeglasemalt ja nende vahelt p\u00e4\u00e4seb suhteliselt turvaliselt l\u00e4bi. On siiski m\u00f5ned \u00fcldreeglid, mida tuleb j\u00e4rgida. Esimene ja k\u00f5ige olulisem: <a href=\"https:\/\/www.welovecycling.com\/wide\/2020\/11\/06\/bike-lane-etiquette-101\/\">\u00e4ra kunagi s\u00f5ida radade vahel,<\/a> kui autod liiguvad. P\u00fc\u00fca p\u00fcsida paremal rajal ning autode vahelt v\u00f5id l\u00e4bi pugeda siis, kui need seisavad. Aga \u00e4ra kihuta, sest iga hetk v\u00f5ib keegi ukse avada. Ja tipptunnil liigud ka Sina aeglaselt.<\/p>\n<p>Kui autod liikuma p\u00e4\u00e4sevad, v\u00f5ta eesliikujale sappa ja h\u00f5iva kogu s\u00f5idurada. Sel juhul n\u00e4eb eess\u00f5itja peeglist t\u00e4pselt Sinu paiknemist ning tagaliikuja hoiab pikivahet ega kipu Sinust m\u00f6\u00f6duma. Rattateedeta linnades on tipptundidel liikumiskiirus madal, nii et Sul pole keeruline eesliikuja tempos p\u00fcsida. Kuid \u00e4ra unusta, et tee v\u00f5ib olla libe. Seet\u00f5ttu tuleb hoida eesliikuva autoga pikivahet, sest see v\u00f5ib iga hetk \u00e4kiliselt pidurdada ja Sa kindlasti ei soovi tagumise akna kaudu sinna tagaistmele maanduda.<\/p>\n<h2>Ole \u00e4\u00e4rmiselt ettevaatlik<\/h2>\n<p>\u00c4\u00e4rmiselt ettevaatlik tuleb muidugi olla alati, isegi suvel. Ent talvel kehtib see veel topelt. Teedel varitseb tuhandeid ohte ning autod on neist k\u00f5ige v\u00e4iksem. Enamasti lasevad autojuhid Sind ikka l\u00e4bi. Aga olemas on ka must j\u00e4\u00e4, lumi, j\u00e4\u00e4tunud kohad, lumevaalud, s\u00fcgavad lombid ning k\u00f5ikv\u00f5imalikud ohud teeservades. K\u00f5ige selle silmas pidamine on absoluutselt kohustuslik, kui Sa tahad talvel rattaga s\u00f5ita, aga taristu selle tarvis puudub. See muidugi ei t\u00e4henda rattas\u00f5idust loobumist. Tuleb lihtsalt j\u00e4rgida \u00fclaltoodud n\u00f5uandeid ja k\u00f5ik laabub. <a href=\"https:\/\/www.hobisport.ee\/index.php\/viimati-lisatud\/results,1-50?keyword=naast&amp;limitstart=0&amp;option=com_virtuemart&amp;view=category&amp;virtuemart_category_id=0\">Talverehvid rattale alla<\/a> \u2013 ja v\u00f5ibki minna!<\/p>\n","protected":false},"excerpt":{"rendered":"<p>Talvine rattas\u00f5it on paras proovikivi, isegi kui Sa juhtud elama eeskujuliku rattateede v\u00f5rguga riigis. Ent mitte k\u00f5igil pole kodumaaks Taani, [&hellip;]<\/p>\n","protected":false},"author":174,"featured_media":1549,"comment_status":"open","ping_status":"open","sticky":false,"template":"","format":"standard","meta":{"footnotes":""},"categories":[10],"tags":[166,165],"global-categories":[22],"class_list":["post-1548","post","type-post","status-publish","format-standard","has-post-thumbnail","hentry","category-jalgrattaga-linnas","tag-talvine-rattaga-toolkaimine","tag-talvine-rattasoit","global-categories-cycling"],"yoast_head":"<!-- This site is optimized with the Yoast SEO Premium plugin v25.3 (Yoast SEO v25.9) - https:\/\/yoast.com\/wordpress\/plugins\/seo\/ -->\n<title>Kuidas talvel rattateedeta linnas rattaga s\u00f5ita? - \u0160koda We Love Cycling - Estonia<\/title>\n<meta name=\"description\" content=\"Talvine rattas\u00f5it on paras proovikivi, isegi kui Sa juhtud elama eeskujuliku rattateede v\u00f5rguga riigis. Ent mitte k\u00f5igil pole kodumaaks Taani, Holland v\u00f5i Saksamaa. Kahjuks elavad meist paljud riikides ja linnades, kus rattatee on pelgalt v\u00e4rv maanteeveeres. Ent m\u00f5nes kohas pole sedagi. V\u00f5ime muidugi pikalt arutada, kes on s\u00fc\u00fcdi, kuid selle asemel tundub m\u00f5istlikum pakkuda soovitusi talviseks rattas\u00f5iduks linnades, kus vastav taristu on puudulik v\u00f5i pole seda \u00fcldse.\" \/>\n<meta name=\"robots\" content=\"index, follow, max-snippet:-1, max-image-preview:large, max-video-preview:-1\" \/>\n<link rel=\"canonical\" href=\"https:\/\/www.welovecycling.com\/ee\/2023\/12\/14\/kuidas-talvel-rattateedeta-linnas-rattaga-soita\/\" \/>\n<meta property=\"og:locale\" content=\"et_EE\" \/>\n<meta property=\"og:type\" content=\"article\" \/>\n<meta property=\"og:title\" content=\"Kuidas talvel rattateedeta linnas rattaga s\u00f5ita?\" \/>\n<meta property=\"og:description\" content=\"Talvine rattas\u00f5it on paras proovikivi, isegi kui Sa juhtud elama eeskujuliku rattateede v\u00f5rguga riigis. Ent mitte k\u00f5igil pole kodumaaks Taani, Holland v\u00f5i Saksamaa. Kahjuks elavad meist paljud riikides ja linnades, kus rattatee on pelgalt v\u00e4rv maanteeveeres. Ent m\u00f5nes kohas pole sedagi. V\u00f5ime muidugi pikalt arutada, kes on s\u00fc\u00fcdi, kuid selle asemel tundub m\u00f5istlikum pakkuda soovitusi talviseks rattas\u00f5iduks linnades, kus vastav taristu on puudulik v\u00f5i pole seda \u00fcldse.\" \/>\n<meta property=\"og:url\" content=\"https:\/\/www.welovecycling.com\/ee\/2023\/12\/14\/kuidas-talvel-rattateedeta-linnas-rattaga-soita\/\" \/>\n<meta property=\"og:site_name\" content=\"\u0160koda We Love Cycling - Estonia\" \/>\n<meta property=\"article:published_time\" content=\"2023-12-14T11:10:15+00:00\" \/>\n<meta property=\"og:image\" content=\"https:\/\/d2p6e6u75xmxt8.cloudfront.net\/15\/2023\/12\/linnas1.webp\" \/>\n\t<meta property=\"og:image:width\" content=\"990\" \/>\n\t<meta property=\"og:image:height\" content=\"658\" \/>\n\t<meta property=\"og:image:type\" content=\"image\/webp\" \/>\n<meta name=\"author\" content=\"andre\" \/>\n<meta name=\"twitter:card\" content=\"summary_large_image\" \/>\n<meta name=\"twitter:label1\" content=\"Written by\" \/>\n\t<meta name=\"twitter:data1\" content=\"Martin Atanasov\" \/>\n\t<meta name=\"twitter:label2\" content=\"Est. reading time\" \/>\n\t<meta name=\"twitter:data2\" content=\"5\" \/>\n<script type=\"application\/ld+json\" class=\"yoast-schema-graph\">{\"@context\":\"https:\/\/schema.org\",\"@graph\":[{\"@type\":\"WebPage\",\"@id\":\"https:\/\/www.welovecycling.com\/ee\/2023\/12\/14\/kuidas-talvel-rattateedeta-linnas-rattaga-soita\/\",\"url\":\"https:\/\/www.welovecycling.com\/ee\/2023\/12\/14\/kuidas-talvel-rattateedeta-linnas-rattaga-soita\/\",\"name\":\"Kuidas talvel rattateedeta linnas rattaga s\u00f5ita? - \u0160koda We Love Cycling - Estonia\",\"isPartOf\":{\"@id\":\"https:\/\/www.welovecycling.com\/ee\/#website\"},\"primaryImageOfPage\":{\"@id\":\"https:\/\/www.welovecycling.com\/ee\/2023\/12\/14\/kuidas-talvel-rattateedeta-linnas-rattaga-soita\/#primaryimage\"},\"image\":{\"@id\":\"https:\/\/www.welovecycling.com\/ee\/2023\/12\/14\/kuidas-talvel-rattateedeta-linnas-rattaga-soita\/#primaryimage\"},\"thumbnailUrl\":\"https:\/\/d2p6e6u75xmxt8.cloudfront.net\/15\/2023\/12\/linnas1.webp\",\"datePublished\":\"2023-12-14T11:10:15+00:00\",\"author\":{\"@id\":\"https:\/\/www.welovecycling.com\/ee\/#\/schema\/person\/8b7101c4bd1b1ae9d3732ebb1e6caf57\"},\"description\":\"Talvine rattas\u00f5it on paras proovikivi, isegi kui Sa juhtud elama eeskujuliku rattateede v\u00f5rguga riigis. Ent mitte k\u00f5igil pole kodumaaks Taani, Holland v\u00f5i Saksamaa. Kahjuks elavad meist paljud riikides ja linnades, kus rattatee on pelgalt v\u00e4rv maanteeveeres. Ent m\u00f5nes kohas pole sedagi. V\u00f5ime muidugi pikalt arutada, kes on s\u00fc\u00fcdi, kuid selle asemel tundub m\u00f5istlikum pakkuda soovitusi talviseks rattas\u00f5iduks linnades, kus vastav taristu on puudulik v\u00f5i pole seda \u00fcldse.\",\"inLanguage\":\"et\",\"potentialAction\":[{\"@type\":\"ReadAction\",\"target\":[\"https:\/\/www.welovecycling.com\/ee\/2023\/12\/14\/kuidas-talvel-rattateedeta-linnas-rattaga-soita\/\"]}]},{\"@type\":\"ImageObject\",\"inLanguage\":\"et\",\"@id\":\"https:\/\/www.welovecycling.com\/ee\/2023\/12\/14\/kuidas-talvel-rattateedeta-linnas-rattaga-soita\/#primaryimage\",\"url\":\"https:\/\/d2p6e6u75xmxt8.cloudfront.net\/15\/2023\/12\/linnas1.webp\",\"contentUrl\":\"https:\/\/d2p6e6u75xmxt8.cloudfront.net\/15\/2023\/12\/linnas1.webp\",\"width\":990,\"height\":658},{\"@type\":\"WebSite\",\"@id\":\"https:\/\/www.welovecycling.com\/ee\/#website\",\"url\":\"https:\/\/www.welovecycling.com\/ee\/\",\"name\":\"\u0160koda We Love Cycling - Estonia\",\"description\":\"\",\"potentialAction\":[{\"@type\":\"SearchAction\",\"target\":{\"@type\":\"EntryPoint\",\"urlTemplate\":\"https:\/\/www.welovecycling.com\/ee\/?s={search_term_string}\"},\"query-input\":{\"@type\":\"PropertyValueSpecification\",\"valueRequired\":true,\"valueName\":\"search_term_string\"}}],\"inLanguage\":\"et\"},{\"@type\":\"Person\",\"@id\":\"https:\/\/www.welovecycling.com\/ee\/#\/schema\/person\/8b7101c4bd1b1ae9d3732ebb1e6caf57\",\"name\":\"andre\",\"image\":{\"@type\":\"ImageObject\",\"inLanguage\":\"et\",\"@id\":\"https:\/\/www.welovecycling.com\/ee\/#\/schema\/person\/image\/\",\"url\":\"https:\/\/secure.gravatar.com\/avatar\/0656b3224fe17b018f43b8a562625dd43d30827f027b2f62bc5a05711fec9a61?s=96&d=mm&r=g\",\"contentUrl\":\"https:\/\/secure.gravatar.com\/avatar\/0656b3224fe17b018f43b8a562625dd43d30827f027b2f62bc5a05711fec9a61?s=96&d=mm&r=g\",\"caption\":\"andre\"},\"url\":\"https:\/\/www.welovecycling.com\/ee\/author\/andre\/\"}]}<\/script>\n<!-- \/ Yoast SEO Premium plugin. -->","yoast_head_json":{"title":"Kuidas talvel rattateedeta linnas rattaga s\u00f5ita? - \u0160koda We Love Cycling - Estonia","description":"Talvine rattas\u00f5it on paras proovikivi, isegi kui Sa juhtud elama eeskujuliku rattateede v\u00f5rguga riigis. Ent mitte k\u00f5igil pole kodumaaks Taani, Holland v\u00f5i Saksamaa. Kahjuks elavad meist paljud riikides ja linnades, kus rattatee on pelgalt v\u00e4rv maanteeveeres. Ent m\u00f5nes kohas pole sedagi. V\u00f5ime muidugi pikalt arutada, kes on s\u00fc\u00fcdi, kuid selle asemel tundub m\u00f5istlikum pakkuda soovitusi talviseks rattas\u00f5iduks linnades, kus vastav taristu on puudulik v\u00f5i pole seda \u00fcldse.","robots":{"index":"index","follow":"follow","max-snippet":"max-snippet:-1","max-image-preview":"max-image-preview:large","max-video-preview":"max-video-preview:-1"},"canonical":"https:\/\/www.welovecycling.com\/ee\/2023\/12\/14\/kuidas-talvel-rattateedeta-linnas-rattaga-soita\/","og_locale":"et_EE","og_type":"article","og_title":"Kuidas talvel rattateedeta linnas rattaga s\u00f5ita?","og_description":"Talvine rattas\u00f5it on paras proovikivi, isegi kui Sa juhtud elama eeskujuliku rattateede v\u00f5rguga riigis. Ent mitte k\u00f5igil pole kodumaaks Taani, Holland v\u00f5i Saksamaa. Kahjuks elavad meist paljud riikides ja linnades, kus rattatee on pelgalt v\u00e4rv maanteeveeres. Ent m\u00f5nes kohas pole sedagi. V\u00f5ime muidugi pikalt arutada, kes on s\u00fc\u00fcdi, kuid selle asemel tundub m\u00f5istlikum pakkuda soovitusi talviseks rattas\u00f5iduks linnades, kus vastav taristu on puudulik v\u00f5i pole seda \u00fcldse.","og_url":"https:\/\/www.welovecycling.com\/ee\/2023\/12\/14\/kuidas-talvel-rattateedeta-linnas-rattaga-soita\/","og_site_name":"\u0160koda We Love Cycling - Estonia","article_published_time":"2023-12-14T11:10:15+00:00","og_image":[{"width":990,"height":658,"url":"https:\/\/d2p6e6u75xmxt8.cloudfront.net\/15\/2023\/12\/linnas1.webp","type":"image\/webp"}],"author":"andre","twitter_card":"summary_large_image","twitter_misc":{"Written by":"Martin Atanasov","Est. reading time":"5"},"schema":{"@context":"https:\/\/schema.org","@graph":[{"@type":"WebPage","@id":"https:\/\/www.welovecycling.com\/ee\/2023\/12\/14\/kuidas-talvel-rattateedeta-linnas-rattaga-soita\/","url":"https:\/\/www.welovecycling.com\/ee\/2023\/12\/14\/kuidas-talvel-rattateedeta-linnas-rattaga-soita\/","name":"Kuidas talvel rattateedeta linnas rattaga s\u00f5ita? - \u0160koda We Love Cycling - Estonia","isPartOf":{"@id":"https:\/\/www.welovecycling.com\/ee\/#website"},"primaryImageOfPage":{"@id":"https:\/\/www.welovecycling.com\/ee\/2023\/12\/14\/kuidas-talvel-rattateedeta-linnas-rattaga-soita\/#primaryimage"},"image":{"@id":"https:\/\/www.welovecycling.com\/ee\/2023\/12\/14\/kuidas-talvel-rattateedeta-linnas-rattaga-soita\/#primaryimage"},"thumbnailUrl":"https:\/\/d2p6e6u75xmxt8.cloudfront.net\/15\/2023\/12\/linnas1.webp","datePublished":"2023-12-14T11:10:15+00:00","author":{"@id":"https:\/\/www.welovecycling.com\/ee\/#\/schema\/person\/8b7101c4bd1b1ae9d3732ebb1e6caf57"},"description":"Talvine rattas\u00f5it on paras proovikivi, isegi kui Sa juhtud elama eeskujuliku rattateede v\u00f5rguga riigis. Ent mitte k\u00f5igil pole kodumaaks Taani, Holland v\u00f5i Saksamaa. Kahjuks elavad meist paljud riikides ja linnades, kus rattatee on pelgalt v\u00e4rv maanteeveeres. Ent m\u00f5nes kohas pole sedagi. V\u00f5ime muidugi pikalt arutada, kes on s\u00fc\u00fcdi, kuid selle asemel tundub m\u00f5istlikum pakkuda soovitusi talviseks rattas\u00f5iduks linnades, kus vastav taristu on puudulik v\u00f5i pole seda \u00fcldse.","inLanguage":"et","potentialAction":[{"@type":"ReadAction","target":["https:\/\/www.welovecycling.com\/ee\/2023\/12\/14\/kuidas-talvel-rattateedeta-linnas-rattaga-soita\/"]}]},{"@type":"ImageObject","inLanguage":"et","@id":"https:\/\/www.welovecycling.com\/ee\/2023\/12\/14\/kuidas-talvel-rattateedeta-linnas-rattaga-soita\/#primaryimage","url":"https:\/\/d2p6e6u75xmxt8.cloudfront.net\/15\/2023\/12\/linnas1.webp","contentUrl":"https:\/\/d2p6e6u75xmxt8.cloudfront.net\/15\/2023\/12\/linnas1.webp","width":990,"height":658},{"@type":"WebSite","@id":"https:\/\/www.welovecycling.com\/ee\/#website","url":"https:\/\/www.welovecycling.com\/ee\/","name":"\u0160koda We Love Cycling - Estonia","description":"","potentialAction":[{"@type":"SearchAction","target":{"@type":"EntryPoint","urlTemplate":"https:\/\/www.welovecycling.com\/ee\/?s={search_term_string}"},"query-input":{"@type":"PropertyValueSpecification","valueRequired":true,"valueName":"search_term_string"}}],"inLanguage":"et"},{"@type":"Person","@id":"https:\/\/www.welovecycling.com\/ee\/#\/schema\/person\/8b7101c4bd1b1ae9d3732ebb1e6caf57","name":"andre","image":{"@type":"ImageObject","inLanguage":"et","@id":"https:\/\/www.welovecycling.com\/ee\/#\/schema\/person\/image\/","url":"https:\/\/secure.gravatar.com\/avatar\/0656b3224fe17b018f43b8a562625dd43d30827f027b2f62bc5a05711fec9a61?s=96&d=mm&r=g","contentUrl":"https:\/\/secure.gravatar.com\/avatar\/0656b3224fe17b018f43b8a562625dd43d30827f027b2f62bc5a05711fec9a61?s=96&d=mm&r=g","caption":"andre"},"url":"https:\/\/www.welovecycling.com\/ee\/author\/andre\/"}]}},"_links":{"self":[{"href":"https:\/\/www.welovecycling.com\/ee\/wp-json\/wp\/v2\/posts\/1548","targetHints":{"allow":["GET"]}}],"collection":[{"href":"https:\/\/www.welovecycling.com\/ee\/wp-json\/wp\/v2\/posts"}],"about":[{"href":"https:\/\/www.welovecycling.com\/ee\/wp-json\/wp\/v2\/types\/post"}],"author":[{"embeddable":true,"href":"https:\/\/www.welovecycling.com\/ee\/wp-json\/wp\/v2\/users\/174"}],"replies":[{"embeddable":true,"href":"https:\/\/www.welovecycling.com\/ee\/wp-json\/wp\/v2\/comments?post=1548"}],"version-history":[{"count":3,"href":"https:\/\/www.welovecycling.com\/ee\/wp-json\/wp\/v2\/posts\/1548\/revisions"}],"predecessor-version":[{"id":1553,"href":"https:\/\/www.welovecycling.com\/ee\/wp-json\/wp\/v2\/posts\/1548\/revisions\/1553"}],"wp:featuredmedia":[{"embeddable":true,"href":"https:\/\/www.welovecycling.com\/ee\/wp-json\/wp\/v2\/media\/1549"}],"wp:attachment":[{"href":"https:\/\/www.welovecycling.com\/ee\/wp-json\/wp\/v2\/media?parent=1548"}],"wp:term":[{"taxonomy":"category","embeddable":true,"href":"https:\/\/www.welovecycling.com\/ee\/wp-json\/wp\/v2\/categories?post=1548"},{"taxonomy":"post_tag","embeddable":true,"href":"https:\/\/www.welovecycling.com\/ee\/wp-json\/wp\/v2\/tags?post=1548"},{"taxonomy":"global-categories","embeddable":true,"href":"https:\/\/www.welovecycling.com\/ee\/wp-json\/wp\/v2\/global-categories?post=1548"}],"curies":[{"name":"wp","href":"https:\/\/api.w.org\/{rel}","templated":true}]}}