{"id":1530,"date":"2023-12-08T09:19:18","date_gmt":"2023-12-08T06:19:18","guid":{"rendered":"https:\/\/www.welovecycling.com\/ee\/?p=1530"},"modified":"2023-12-08T09:27:17","modified_gmt":"2023-12-08T06:27:17","slug":"elu-eolo-kometa-profirattatiimis-voistlemine-giro-del-venetol","status":"publish","type":"post","link":"https:\/\/www.welovecycling.com\/ee\/2023\/12\/08\/elu-eolo-kometa-profirattatiimis-voistlemine-giro-del-venetol\/","title":{"rendered":"Elu Eolo Kometa profirattatiimis: v\u00f5istlemine Giro del Venetol"},"content":{"rendered":"<p>Tulge kaasa \u00fchep\u00e4evasele teekonnale UCI ProTeam-kategooriasse kuuluva Eolo Kometa meeskonnaga, kes valmistub, v\u00f5istleb ja taastub p\u00e4rast \u00fcht pilkup\u00fc\u00fcdvamat ja erilisema \u00f5hkkonnaga Euroopa rattav\u00f5istlust.<\/p>\n<p><a href=\"https:\/\/d2p6e6u75xmxt8.cloudfront.net\/15\/2023\/12\/WLC-EOLO-Carousel-scaled.webp\"><img loading=\"lazy\" decoding=\"async\" class=\"aligncenter size-extra-large wp-image-1531\" src=\"https:\/\/d2p6e6u75xmxt8.cloudfront.net\/15\/2023\/12\/WLC-EOLO-Carousel-1920x400.webp\" alt=\"\" width=\"1920\" height=\"400\" srcset=\"https:\/\/d2p6e6u75xmxt8.cloudfront.net\/15\/2023\/12\/WLC-EOLO-Carousel-1920x400.webp 1920w, https:\/\/d2p6e6u75xmxt8.cloudfront.net\/15\/2023\/12\/WLC-EOLO-Carousel-300x63.webp 300w, https:\/\/d2p6e6u75xmxt8.cloudfront.net\/15\/2023\/12\/WLC-EOLO-Carousel-1024x213.webp 1024w, https:\/\/d2p6e6u75xmxt8.cloudfront.net\/15\/2023\/12\/WLC-EOLO-Carousel-768x160.webp 768w, https:\/\/d2p6e6u75xmxt8.cloudfront.net\/15\/2023\/12\/WLC-EOLO-Carousel-1536x320.webp 1536w, https:\/\/d2p6e6u75xmxt8.cloudfront.net\/15\/2023\/12\/WLC-EOLO-Carousel-2048x427.webp 2048w, https:\/\/d2p6e6u75xmxt8.cloudfront.net\/15\/2023\/12\/WLC-EOLO-Carousel-400x83.webp 400w, https:\/\/d2p6e6u75xmxt8.cloudfront.net\/15\/2023\/12\/WLC-EOLO-Carousel-1920x400.webp 1920w\" sizes=\"auto, (max-width: 1920px) 100vw, 1920px\" \/><\/a><\/p>\n<p>Olete midagi kuulnud Giro del Venetost? See on UCI ProSeriesi kalendrisse kuuluv poolklassikaline Euroopa maantees\u00f5iduv\u00f5istlus, mis taaselustati 2021. aastal p\u00e4rast \u00fcheksa-aastast pausi. \u00dchep\u00e4evase v\u00f5idus\u00f5idu ajalugu ulatub tagasi aastasse 1909 ning t\u00e4navune 86. v\u00f5istlus oli pikkusega 170 kilomeetrit. Starditi Padova provintsi Tombolo linnast ning fini\u0161eeriti kuulsal Vicenza t\u00f5usul. V\u00f5idus\u00f5idul on oma kindel koht Itaalia rattas\u00f5iduajaloos ning v\u00f5istluse veebileht nimetab seda isegi \u201erattas\u00f5idu h\u00e4lliks\u201c. Mis k\u00f5ik ahvatleb starti arvukaid profitiime, kes ihkavad oma rattureid auj\u00e4rjele upitada.<\/p>\n<ol start=\"2023\">\n<li>aasta v\u00f5istlus toimus 11. oktoobril. Mitmete osalenud ProTeam-kategooria meeskondade seas oli ka Eolo Kometa \u2013 Itaalias registreeritud ja Hispaanias paiknev tiim, mille sponsoriks on rattalegend Alberto Contadori juhitav Fundaci\u00f3n Contador. Eolo Kometa sai ProTeami litsentsi alles 2021. aastal ning on koostatud auahnetest perspektiivikatest ratturitest. T\u00e4navu v\u00f5itis Davide Bais juba \u00fche Giro d\u2019Italia etapi ning Julio \u00c1lvarez Mendo saavutas Vuelta Asturiasel \u00fcldesikoha.<\/li>\n<\/ol>\n<p>We Love Cycling j\u00e4lgis meeskonna tegevust Giro del Venetoks valmistumisel ja kogu v\u00f5istluse v\u00e4ltel. L\u00fchike dokumentaalfilm on v\u00e4lja peetud usalduslikumas ja l\u00e4hedasemas laadis, v\u00e4ltides klassikaliste spordifilmide v\u00f5tteid. Tulemustele ja taktikale keskendumise asemel s\u00fcvenetakse v\u00f5istluse sisemisse loogikasse, tiimi \u201etagatuppa\u201c, \u0160koda autosid kasutava asendamatu toetusmeeskonna tegemistesse ja nende kasutatavasse tehnikasse ning k\u00f5igesse muusse, mis tavaliselt j\u00e4\u00e4b rattapubliku eest peitu. Ratturite k\u00f5rval n\u00e4eb v\u00f5istlust spordidirektori, autojuhi, mehaaniku ja k\u00f5igi teiste selliste asjaosaliste vaatepunktist, kes tavaliselt valgusvihku ei satu.<\/p>\n<p>Nautige seda intensiivset sisevaadet profimeeskonna ellu!<\/p>\n<p><a href=\"https:\/\/www.facebook.com\/welovecyclingestonia\/videos\/362202156283372\/\">VIDEO<\/a><\/p>\n","protected":false},"excerpt":{"rendered":"<p>Tulge kaasa \u00fchep\u00e4evasele teekonnale UCI ProTeam-kategooriasse kuuluva Eolo Kometa meeskonnaga, kes valmistub, v\u00f5istleb ja taastub p\u00e4rast \u00fcht pilkup\u00fc\u00fcdvamat ja erilisema [&hellip;]<\/p>\n","protected":false},"author":174,"featured_media":1533,"comment_status":"open","ping_status":"open","sticky":false,"template":"","format":"standard","meta":{"footnotes":""},"categories":[13],"tags":[162,161],"global-categories":[22],"class_list":["post-1530","post","type-post","status-publish","format-standard","has-post-thumbnail","hentry","category-blogi","tag-eolo-kometa","tag-giro-del-veneto","global-categories-cycling"],"yoast_head":"<!-- This site is optimized with the Yoast SEO Premium plugin v25.3 (Yoast SEO v25.9) - https:\/\/yoast.com\/wordpress\/plugins\/seo\/ -->\n<title>Elu Eolo Kometa profirattatiimis: v\u00f5istlemine Giro del Venetol - \u0160koda We Love Cycling - Estonia<\/title>\n<meta name=\"description\" content=\"Tulge kaasa \u00fchep\u00e4evasele teekonnale UCI ProTeam-kategooriasse kuuluva Eolo Kometa meeskonnaga, kes valmistub, v\u00f5istleb ja taastub p\u00e4rast \u00fcht pilkup\u00fc\u00fcdvamat ja erilisema \u00f5hkkonnaga Euroopa rattav\u00f5istlust.\" \/>\n<meta name=\"robots\" content=\"index, follow, max-snippet:-1, max-image-preview:large, max-video-preview:-1\" \/>\n<link rel=\"canonical\" href=\"https:\/\/www.welovecycling.com\/ee\/2023\/12\/08\/elu-eolo-kometa-profirattatiimis-voistlemine-giro-del-venetol\/\" \/>\n<meta property=\"og:locale\" content=\"et_EE\" \/>\n<meta property=\"og:type\" content=\"article\" \/>\n<meta property=\"og:title\" content=\"Elu Eolo Kometa profirattatiimis: v\u00f5istlemine Giro del Venetol\" \/>\n<meta property=\"og:description\" content=\"Tulge kaasa \u00fchep\u00e4evasele teekonnale UCI ProTeam-kategooriasse kuuluva Eolo Kometa meeskonnaga, kes valmistub, v\u00f5istleb ja taastub p\u00e4rast \u00fcht pilkup\u00fc\u00fcdvamat ja erilisema \u00f5hkkonnaga Euroopa rattav\u00f5istlust.\" \/>\n<meta property=\"og:url\" content=\"https:\/\/www.welovecycling.com\/ee\/2023\/12\/08\/elu-eolo-kometa-profirattatiimis-voistlemine-giro-del-venetol\/\" \/>\n<meta property=\"og:site_name\" content=\"\u0160koda We Love Cycling - Estonia\" \/>\n<meta property=\"article:published_time\" content=\"2023-12-08T06:19:18+00:00\" \/>\n<meta property=\"article:modified_time\" content=\"2023-12-08T06:27:17+00:00\" \/>\n<meta property=\"og:image\" content=\"https:\/\/d2p6e6u75xmxt8.cloudfront.net\/15\/2023\/12\/cont1_header_dk-1024x560-1.webp\" \/>\n\t<meta property=\"og:image:width\" content=\"1024\" \/>\n\t<meta property=\"og:image:height\" content=\"560\" \/>\n\t<meta property=\"og:image:type\" content=\"image\/webp\" \/>\n<meta name=\"author\" content=\"andre\" \/>\n<meta name=\"twitter:card\" content=\"summary_large_image\" \/>\n<meta name=\"twitter:label1\" content=\"Written by\" \/>\n\t<meta name=\"twitter:data1\" content=\"We Love Cycling\" \/>\n\t<meta name=\"twitter:label2\" content=\"Est. reading time\" \/>\n\t<meta name=\"twitter:data2\" content=\"3\" \/>\n<script type=\"application\/ld+json\" class=\"yoast-schema-graph\">{\"@context\":\"https:\/\/schema.org\",\"@graph\":[{\"@type\":\"WebPage\",\"@id\":\"https:\/\/www.welovecycling.com\/ee\/2023\/12\/08\/elu-eolo-kometa-profirattatiimis-voistlemine-giro-del-venetol\/\",\"url\":\"https:\/\/www.welovecycling.com\/ee\/2023\/12\/08\/elu-eolo-kometa-profirattatiimis-voistlemine-giro-del-venetol\/\",\"name\":\"Elu Eolo Kometa profirattatiimis: v\u00f5istlemine Giro del Venetol - \u0160koda We Love Cycling - Estonia\",\"isPartOf\":{\"@id\":\"https:\/\/www.welovecycling.com\/ee\/#website\"},\"primaryImageOfPage\":{\"@id\":\"https:\/\/www.welovecycling.com\/ee\/2023\/12\/08\/elu-eolo-kometa-profirattatiimis-voistlemine-giro-del-venetol\/#primaryimage\"},\"image\":{\"@id\":\"https:\/\/www.welovecycling.com\/ee\/2023\/12\/08\/elu-eolo-kometa-profirattatiimis-voistlemine-giro-del-venetol\/#primaryimage\"},\"thumbnailUrl\":\"https:\/\/d2p6e6u75xmxt8.cloudfront.net\/15\/2023\/12\/cont1_header_dk-1024x560-1.webp\",\"datePublished\":\"2023-12-08T06:19:18+00:00\",\"dateModified\":\"2023-12-08T06:27:17+00:00\",\"author\":{\"@id\":\"https:\/\/www.welovecycling.com\/ee\/#\/schema\/person\/8b7101c4bd1b1ae9d3732ebb1e6caf57\"},\"description\":\"Tulge kaasa \u00fchep\u00e4evasele teekonnale UCI ProTeam-kategooriasse kuuluva Eolo Kometa meeskonnaga, kes valmistub, v\u00f5istleb ja taastub p\u00e4rast \u00fcht pilkup\u00fc\u00fcdvamat ja erilisema \u00f5hkkonnaga Euroopa rattav\u00f5istlust.\",\"inLanguage\":\"et\",\"potentialAction\":[{\"@type\":\"ReadAction\",\"target\":[\"https:\/\/www.welovecycling.com\/ee\/2023\/12\/08\/elu-eolo-kometa-profirattatiimis-voistlemine-giro-del-venetol\/\"]}]},{\"@type\":\"ImageObject\",\"inLanguage\":\"et\",\"@id\":\"https:\/\/www.welovecycling.com\/ee\/2023\/12\/08\/elu-eolo-kometa-profirattatiimis-voistlemine-giro-del-venetol\/#primaryimage\",\"url\":\"https:\/\/d2p6e6u75xmxt8.cloudfront.net\/15\/2023\/12\/cont1_header_dk-1024x560-1.webp\",\"contentUrl\":\"https:\/\/d2p6e6u75xmxt8.cloudfront.net\/15\/2023\/12\/cont1_header_dk-1024x560-1.webp\",\"width\":1024,\"height\":560},{\"@type\":\"WebSite\",\"@id\":\"https:\/\/www.welovecycling.com\/ee\/#website\",\"url\":\"https:\/\/www.welovecycling.com\/ee\/\",\"name\":\"\u0160koda We Love Cycling - Estonia\",\"description\":\"\",\"potentialAction\":[{\"@type\":\"SearchAction\",\"target\":{\"@type\":\"EntryPoint\",\"urlTemplate\":\"https:\/\/www.welovecycling.com\/ee\/?s={search_term_string}\"},\"query-input\":{\"@type\":\"PropertyValueSpecification\",\"valueRequired\":true,\"valueName\":\"search_term_string\"}}],\"inLanguage\":\"et\"},{\"@type\":\"Person\",\"@id\":\"https:\/\/www.welovecycling.com\/ee\/#\/schema\/person\/8b7101c4bd1b1ae9d3732ebb1e6caf57\",\"name\":\"andre\",\"image\":{\"@type\":\"ImageObject\",\"inLanguage\":\"et\",\"@id\":\"https:\/\/www.welovecycling.com\/ee\/#\/schema\/person\/image\/\",\"url\":\"https:\/\/secure.gravatar.com\/avatar\/0656b3224fe17b018f43b8a562625dd43d30827f027b2f62bc5a05711fec9a61?s=96&d=mm&r=g\",\"contentUrl\":\"https:\/\/secure.gravatar.com\/avatar\/0656b3224fe17b018f43b8a562625dd43d30827f027b2f62bc5a05711fec9a61?s=96&d=mm&r=g\",\"caption\":\"andre\"},\"url\":\"https:\/\/www.welovecycling.com\/ee\/author\/andre\/\"}]}<\/script>\n<!-- \/ Yoast SEO Premium plugin. -->","yoast_head_json":{"title":"Elu Eolo Kometa profirattatiimis: v\u00f5istlemine Giro del Venetol - \u0160koda We Love Cycling - Estonia","description":"Tulge kaasa \u00fchep\u00e4evasele teekonnale UCI ProTeam-kategooriasse kuuluva Eolo Kometa meeskonnaga, kes valmistub, v\u00f5istleb ja taastub p\u00e4rast \u00fcht pilkup\u00fc\u00fcdvamat ja erilisema \u00f5hkkonnaga Euroopa rattav\u00f5istlust.","robots":{"index":"index","follow":"follow","max-snippet":"max-snippet:-1","max-image-preview":"max-image-preview:large","max-video-preview":"max-video-preview:-1"},"canonical":"https:\/\/www.welovecycling.com\/ee\/2023\/12\/08\/elu-eolo-kometa-profirattatiimis-voistlemine-giro-del-venetol\/","og_locale":"et_EE","og_type":"article","og_title":"Elu Eolo Kometa profirattatiimis: v\u00f5istlemine Giro del Venetol","og_description":"Tulge kaasa \u00fchep\u00e4evasele teekonnale UCI ProTeam-kategooriasse kuuluva Eolo Kometa meeskonnaga, kes valmistub, v\u00f5istleb ja taastub p\u00e4rast \u00fcht pilkup\u00fc\u00fcdvamat ja erilisema \u00f5hkkonnaga Euroopa rattav\u00f5istlust.","og_url":"https:\/\/www.welovecycling.com\/ee\/2023\/12\/08\/elu-eolo-kometa-profirattatiimis-voistlemine-giro-del-venetol\/","og_site_name":"\u0160koda We Love Cycling - Estonia","article_published_time":"2023-12-08T06:19:18+00:00","article_modified_time":"2023-12-08T06:27:17+00:00","og_image":[{"width":1024,"height":560,"url":"https:\/\/d2p6e6u75xmxt8.cloudfront.net\/15\/2023\/12\/cont1_header_dk-1024x560-1.webp","type":"image\/webp"}],"author":"andre","twitter_card":"summary_large_image","twitter_misc":{"Written by":"We Love Cycling","Est. reading time":"3"},"schema":{"@context":"https:\/\/schema.org","@graph":[{"@type":"WebPage","@id":"https:\/\/www.welovecycling.com\/ee\/2023\/12\/08\/elu-eolo-kometa-profirattatiimis-voistlemine-giro-del-venetol\/","url":"https:\/\/www.welovecycling.com\/ee\/2023\/12\/08\/elu-eolo-kometa-profirattatiimis-voistlemine-giro-del-venetol\/","name":"Elu Eolo Kometa profirattatiimis: v\u00f5istlemine Giro del Venetol - \u0160koda We Love Cycling - Estonia","isPartOf":{"@id":"https:\/\/www.welovecycling.com\/ee\/#website"},"primaryImageOfPage":{"@id":"https:\/\/www.welovecycling.com\/ee\/2023\/12\/08\/elu-eolo-kometa-profirattatiimis-voistlemine-giro-del-venetol\/#primaryimage"},"image":{"@id":"https:\/\/www.welovecycling.com\/ee\/2023\/12\/08\/elu-eolo-kometa-profirattatiimis-voistlemine-giro-del-venetol\/#primaryimage"},"thumbnailUrl":"https:\/\/d2p6e6u75xmxt8.cloudfront.net\/15\/2023\/12\/cont1_header_dk-1024x560-1.webp","datePublished":"2023-12-08T06:19:18+00:00","dateModified":"2023-12-08T06:27:17+00:00","author":{"@id":"https:\/\/www.welovecycling.com\/ee\/#\/schema\/person\/8b7101c4bd1b1ae9d3732ebb1e6caf57"},"description":"Tulge kaasa \u00fchep\u00e4evasele teekonnale UCI ProTeam-kategooriasse kuuluva Eolo Kometa meeskonnaga, kes valmistub, v\u00f5istleb ja taastub p\u00e4rast \u00fcht pilkup\u00fc\u00fcdvamat ja erilisema \u00f5hkkonnaga Euroopa rattav\u00f5istlust.","inLanguage":"et","potentialAction":[{"@type":"ReadAction","target":["https:\/\/www.welovecycling.com\/ee\/2023\/12\/08\/elu-eolo-kometa-profirattatiimis-voistlemine-giro-del-venetol\/"]}]},{"@type":"ImageObject","inLanguage":"et","@id":"https:\/\/www.welovecycling.com\/ee\/2023\/12\/08\/elu-eolo-kometa-profirattatiimis-voistlemine-giro-del-venetol\/#primaryimage","url":"https:\/\/d2p6e6u75xmxt8.cloudfront.net\/15\/2023\/12\/cont1_header_dk-1024x560-1.webp","contentUrl":"https:\/\/d2p6e6u75xmxt8.cloudfront.net\/15\/2023\/12\/cont1_header_dk-1024x560-1.webp","width":1024,"height":560},{"@type":"WebSite","@id":"https:\/\/www.welovecycling.com\/ee\/#website","url":"https:\/\/www.welovecycling.com\/ee\/","name":"\u0160koda We Love Cycling - Estonia","description":"","potentialAction":[{"@type":"SearchAction","target":{"@type":"EntryPoint","urlTemplate":"https:\/\/www.welovecycling.com\/ee\/?s={search_term_string}"},"query-input":{"@type":"PropertyValueSpecification","valueRequired":true,"valueName":"search_term_string"}}],"inLanguage":"et"},{"@type":"Person","@id":"https:\/\/www.welovecycling.com\/ee\/#\/schema\/person\/8b7101c4bd1b1ae9d3732ebb1e6caf57","name":"andre","image":{"@type":"ImageObject","inLanguage":"et","@id":"https:\/\/www.welovecycling.com\/ee\/#\/schema\/person\/image\/","url":"https:\/\/secure.gravatar.com\/avatar\/0656b3224fe17b018f43b8a562625dd43d30827f027b2f62bc5a05711fec9a61?s=96&d=mm&r=g","contentUrl":"https:\/\/secure.gravatar.com\/avatar\/0656b3224fe17b018f43b8a562625dd43d30827f027b2f62bc5a05711fec9a61?s=96&d=mm&r=g","caption":"andre"},"url":"https:\/\/www.welovecycling.com\/ee\/author\/andre\/"}]}},"_links":{"self":[{"href":"https:\/\/www.welovecycling.com\/ee\/wp-json\/wp\/v2\/posts\/1530","targetHints":{"allow":["GET"]}}],"collection":[{"href":"https:\/\/www.welovecycling.com\/ee\/wp-json\/wp\/v2\/posts"}],"about":[{"href":"https:\/\/www.welovecycling.com\/ee\/wp-json\/wp\/v2\/types\/post"}],"author":[{"embeddable":true,"href":"https:\/\/www.welovecycling.com\/ee\/wp-json\/wp\/v2\/users\/174"}],"replies":[{"embeddable":true,"href":"https:\/\/www.welovecycling.com\/ee\/wp-json\/wp\/v2\/comments?post=1530"}],"version-history":[{"count":2,"href":"https:\/\/www.welovecycling.com\/ee\/wp-json\/wp\/v2\/posts\/1530\/revisions"}],"predecessor-version":[{"id":1535,"href":"https:\/\/www.welovecycling.com\/ee\/wp-json\/wp\/v2\/posts\/1530\/revisions\/1535"}],"wp:featuredmedia":[{"embeddable":true,"href":"https:\/\/www.welovecycling.com\/ee\/wp-json\/wp\/v2\/media\/1533"}],"wp:attachment":[{"href":"https:\/\/www.welovecycling.com\/ee\/wp-json\/wp\/v2\/media?parent=1530"}],"wp:term":[{"taxonomy":"category","embeddable":true,"href":"https:\/\/www.welovecycling.com\/ee\/wp-json\/wp\/v2\/categories?post=1530"},{"taxonomy":"post_tag","embeddable":true,"href":"https:\/\/www.welovecycling.com\/ee\/wp-json\/wp\/v2\/tags?post=1530"},{"taxonomy":"global-categories","embeddable":true,"href":"https:\/\/www.welovecycling.com\/ee\/wp-json\/wp\/v2\/global-categories?post=1530"}],"curies":[{"name":"wp","href":"https:\/\/api.w.org\/{rel}","templated":true}]}}