{"id":1431,"date":"2023-11-13T15:45:21","date_gmt":"2023-11-13T12:45:21","guid":{"rendered":"https:\/\/www.welovecycling.com\/ee\/?p=1431"},"modified":"2023-11-20T14:58:35","modified_gmt":"2023-11-20T11:58:35","slug":"oine-rattasoit-ehk-night-ride-hadavajalik-varustus","status":"publish","type":"post","link":"https:\/\/www.welovecycling.com\/ee\/2023\/11\/13\/oine-rattasoit-ehk-night-ride-hadavajalik-varustus\/","title":{"rendered":"\u00d6ine rattas\u00f5it ehk night ride &#8211; h\u00e4davajalik varustus"},"content":{"rendered":"<h3>Iga\u00fcks teab, et \u00f6iseks rattas\u00f5iduks on tarvis h\u00e4id tulesid, aga kui palju ja kui heledaid? Ja kuhu paigutada helkurid? Vaatame \u00fcle h\u00e4davajaliku varustuse, mis on tarvilik turvaliseks \u00f6iseks rattas\u00f5iduks.<\/h3>\n<p><!--more--><\/p>\n<h2>Kui heledad peavad tuled olema?<\/h2>\n<p>\u00d6iseks rattas\u00f5iduks peab Su rattal alati olema v\u00e4hemalt kaks tuld. <a href=\"https:\/\/www.hobisport.ee\/index.php\/poodi\/lisatarvikud\/esituled-ja-pealambid\">Esituli<\/a> valgustab teed Sinu ees ja tagatuli annab kaasliiklejatele m\u00e4rku Sinu olemasolust. Esituli peab olema valge valgusega ja piisavalt hele kavandatava s\u00f5idu erip\u00e4rade tarvis. Siin on k\u00f5ige sagedasemad variandid:<\/p>\n<ul>\n<li>100\u2013200 luumenit on piisav sillutatud ja valgustatud linnakeskkonnas.<\/li>\n<li>500\u2013100 luumenit on piisav valgustamata, kuid ettearvatava maastikuga maanteedel.<\/li>\n<li>2000 luumenist piisab keerukama maastikus\u00f5idu tarvis, kus v\u00f5ib esineda ka ootamatusi.<\/li>\n<\/ul>\n<p>V\u00f5rdluseks: autode esitulede heledus j\u00e4\u00e4b tavaliselt 700 ja 1200 luumeni vahele, aga luumenid ei ole veel k\u00f5ik. Optika ja fookus m\u00e4\u00e4ravad, kuhu valgus langeb ja kui kaugele Sa n\u00e4ed v\u00f5i kui kaugelt Sind n\u00e4hakse. Tagatule puhul piisab 50 kuni 100 luumenist, et kaasliiklejad Sind turvaliselt kauguselt m\u00e4rkaksid.<br \/>\nPaljudel tuledel on valguse tugevus m\u00e4rgitud erinevate suurus\u00fchikutega. Siib v\u00e4ike <a href=\"https:\/\/www.hobisport.ee\/index.php\/info\/tehnikanurk\/319-kuidas-kampi-valida-lumenid-luxid-mis-need-tahendavad\">artikkel<\/a>, et nendest aru saada.<\/p>\n<h2>Vilkuvad v\u00f5i pidevalt p\u00f5levad tuled?<\/h2>\n<p>V\u00f5imalik valik vilkuvate ja pidevalt p\u00f5levate tulede vahel s\u00f5ltub Sinu koduriigi seadusandlusest. N\u00e4iteks Eesti ja Suurbritannia elanikud tohivad vilkuvaid tulesid kasutada, Saksamaal on need aga keelatud. Siin on v\u00e4ike \u00fclevaade m\u00f5ningate Euroopa riikide n\u00f5uetest:<\/p>\n<figure id=\"attachment_1434\" aria-describedby=\"caption-attachment-1434\" style=\"width: 792px\" class=\"wp-caption alignnone\"><a href=\"https:\/\/d2p6e6u75xmxt8.cloudfront.net\/15\/2023\/11\/nightride2.webp\"><img loading=\"lazy\" decoding=\"async\" class=\"wp-image-1434 size-full\" src=\"https:\/\/d2p6e6u75xmxt8.cloudfront.net\/15\/2023\/11\/nightride2.webp\" alt=\"\" width=\"792\" height=\"527\" srcset=\"https:\/\/d2p6e6u75xmxt8.cloudfront.net\/15\/2023\/11\/nightride2.webp 792w, https:\/\/d2p6e6u75xmxt8.cloudfront.net\/15\/2023\/11\/nightride2-300x200.webp 300w, https:\/\/d2p6e6u75xmxt8.cloudfront.net\/15\/2023\/11\/nightride2-768x511.webp 768w, https:\/\/d2p6e6u75xmxt8.cloudfront.net\/15\/2023\/11\/nightride2-400x266.webp 400w, https:\/\/d2p6e6u75xmxt8.cloudfront.net\/15\/2023\/11\/nightride2-272x182.webp 272w\" sizes=\"auto, (max-width: 792px) 100vw, 792px\" \/><\/a><figcaption id=\"caption-attachment-1434\" class=\"wp-caption-text\">Veendu, et oled kursis oma koduriigi seadusandlusega. \u00a9 Profimedia<\/figcaption><\/figure>\n<p>&nbsp;<\/p>\n<ul>\n<li><strong>Eesti<\/strong>: vilkuvad tuled on lubatud nii ees kui ka taga<\/li>\n<li><strong>Suurbritannia<\/strong>: vilkuvad tuled on lubatud nii ees kui ka taga, kui vilkumissagedus on \u00fcks kuni neli korda sekundis.<\/li>\n<li><strong>Belgia<\/strong>: vilkuvaid tulesid on lubatud jalgratastel kasutada.<\/li>\n<li><strong>T\u0161ehhi Vabariik<\/strong>: vilkuvad tuled on lubatud nii ees kui ka taga, kui neid kasutatakse sobivates oludes.<\/li>\n<li><strong>Holland<\/strong>: esituled ei tohi olla vilkuvad, kuid seadusandlus ei maini s\u00f5naselgelt vilkuvate tulede kasutamist jalgratta tagatulena.<\/li>\n<li><strong>Saksamaa<\/strong>: vilkuvaid tulesid pole lubatud kasutada ei ees ega taga, kuna neid loetakse teisi liiklejaid segavateks.<\/li>\n<li><strong>Austria<\/strong>: esituled ei tohi olla vilkuvad, kuid seadusandlus ei maini s\u00f5naselgelt vilkuvate tulede kasutamist jalgratta tagatulena.<\/li>\n<li><strong>Prantsusmaa<\/strong>: seadusandlusele mittevastavate valguss\u00fcsteemidega jalgrataste m\u00fc\u00fcki v\u00f5idakse k\u00e4sitleda rikkumisena, kuid vilkuvatele tuledele esitatavaid n\u00f5udeid pole s\u00f5naselgelt mainitud.<\/li>\n<\/ul>\n<p>Nii et kui Sul on valik, siis mida eelistada? M\u00f5ne uuringu kohaselt on vilkuv esituli pidevalt p\u00f5levast liikluses paremini n\u00e4htav. Maanteel s\u00f5ites tasuks kaaluda v\u00e4hem v\u00f5imsa vilkuva ja valgustava, pidevalt tule kombineerimist. Kuid p\u00e4riselus tuleb arvestada ka muid tegureid. Enamik jalgrataste esitulesid on palju heledamad kui tagatuled ja sageli kasutatakse seal laia l\u00f5ikamata valgusvihku, mis v\u00f5ib pimestada nii autojuhte kui ka teisi rattureid. Iga\u00fcks, kes on sattunud m\u00f5ne l\u00e4heneva vilkuva tule otsa, teab seda h\u00e4sti. Seega on enamasti m\u00f5istlik siiski eelistada pidevalt p\u00f5levat esituld.<\/p>\n<p>Vilkuva tagatule puhul on aga t\u00f5endatud, et see aitab p\u00fc\u00fcda kaasliiklejate t\u00e4helepanu. V\u00e4ltimaks teiste liiklejate pimestamist on eelistatav kasutada madalama vilkumissagedusega tagatuld. Kui Sul on soov oma n\u00e4htavust t\u00f5sta, v\u00f5id rattale paigaldada nii vilkuva kui ka pidevalt p\u00f5leva tule ja kasutada m\u00f5lema h\u00fcvesid.<\/p>\n<h2>Lisa helkureid<\/h2>\n<p>Et n\u00e4htavust veelgi parandada ja n\u00e4idata end kaasliiklejatele just ratturina, kasuta helkuritega riideid ja lisasid. Uuringud on n\u00e4idanud, et helkurid pedaalidel v\u00f5i s\u00e4\u00e4re alaosas teevad Sind paremini n\u00e4htavaks, sest autojuhid n\u00e4evad pedaalide ringliikumist ja saavad aru, et tegu on jalgratturiga. Parema n\u00e4htavuse k\u00fcljeltvaates tagavad kodarate vahele paigutatud helkurid.<\/p>\n<p>Samuti on hea omada helkureid oma s\u00f5iduriietel, kinnastel, kiivril ja seljakotil. Seda saab h\u00f5lpsasti teha helkurkleepse kasutades. Neid v\u00f5id kinnitada mitte ainult jalgratta porilaudadele, raamile ja muudele osadele, vaid ka omaenda riietele. Mida rohkem helkureid, seda t\u00f5en\u00e4olisemalt kaasliiklejad Sind m\u00e4rkavad.<\/p>\n<h2>Korralik riietus<\/h2>\n<p>Lisaks n\u00e4htavusele pead hoolitsema, et Sul k\u00fclm ei hakkaks. \u00d6ised temperatuurid v\u00f5ivad Sind \u00fcllatada, sest isegi suvel langevad need kiiresti. Kui Sa kavatsed pidevalt rattaga s\u00f5ita ka k\u00fclmematel aastaaegadel, investeeri raha talvisesse s\u00f5iduriietusse \u2013 seal on tohutu vahe sees. \u00dcleminek kogu k\u00e4tt katvatele kinnastele, pikkadele p\u00fckstele ja paksematele sokkidele aitab j\u00e4semeid soojas hoida. Ka niiskus v\u00f5i udu v\u00f5ivad k\u00fclmatunnet tekitada, mist\u00f5ttu on m\u00f5istlik kasutada veekindlaid v\u00e4liskihte isegi juhul, kui vihma pole ette n\u00e4ha.<\/p>\n<p>K\u00f5ige sellega varustatult oled valmis nautima \u00f6ise rattas\u00f5idu maailma. Enne v\u00e4ljas\u00f5itu pole n\u00fc\u00fcd tarvis teha muud, kui paika panna marsruut. J\u00e4rgmises artiklis annamegi selle kohta natuke n\u00f5u.<\/p>\n","protected":false},"excerpt":{"rendered":"<p>Iga\u00fcks teab, et \u00f6iseks rattas\u00f5iduks on tarvis h\u00e4id tulesid, aga kui palju ja kui heledaid? Ja kuhu paigutada helkurid? Vaatame [&hellip;]<\/p>\n","protected":false},"author":174,"featured_media":1433,"comment_status":"open","ping_status":"open","sticky":false,"template":"","format":"standard","meta":{"footnotes":""},"categories":[5],"tags":[145,143,144],"global-categories":[22],"class_list":["post-1431","post","type-post","status-publish","format-standard","has-post-thumbnail","hentry","category-adrenaliin","tag-lambikas","tag-nightride","tag-oosoit","global-categories-cycling"],"yoast_head":"<!-- This site is optimized with the Yoast SEO Premium plugin v25.3 (Yoast SEO v25.9) - https:\/\/yoast.com\/wordpress\/plugins\/seo\/ -->\n<title>\u00d6ine rattas\u00f5it ehk night ride - h\u00e4davajalik varustus - \u0160koda We Love Cycling - Estonia<\/title>\n<meta name=\"description\" content=\"Iga\u00fcks teab, et \u00f6iseks rattas\u00f5iduks on tarvis h\u00e4id tulesid, aga kui palju ja kui heledaid? Ja kuhu paigutada helkurid? Vaatame \u00fcle h\u00e4davajaliku varustuse, mis on tarvilik turvaliseks \u00f6iseks rattas\u00f5iduks.\" \/>\n<meta name=\"robots\" content=\"index, follow, max-snippet:-1, max-image-preview:large, max-video-preview:-1\" \/>\n<link rel=\"canonical\" href=\"https:\/\/www.welovecycling.com\/ee\/2023\/11\/13\/oine-rattasoit-ehk-night-ride-hadavajalik-varustus\/\" \/>\n<meta property=\"og:locale\" content=\"et_EE\" \/>\n<meta property=\"og:type\" content=\"article\" \/>\n<meta property=\"og:title\" content=\"\u00d6ine rattas\u00f5it ehk night ride - h\u00e4davajalik varustus\" \/>\n<meta property=\"og:description\" content=\"Iga\u00fcks teab, et \u00f6iseks rattas\u00f5iduks on tarvis h\u00e4id tulesid, aga kui palju ja kui heledaid? Ja kuhu paigutada helkurid? Vaatame \u00fcle h\u00e4davajaliku varustuse, mis on tarvilik turvaliseks \u00f6iseks rattas\u00f5iduks.\" \/>\n<meta property=\"og:url\" content=\"https:\/\/www.welovecycling.com\/ee\/2023\/11\/13\/oine-rattasoit-ehk-night-ride-hadavajalik-varustus\/\" \/>\n<meta property=\"og:site_name\" content=\"\u0160koda We Love Cycling - Estonia\" \/>\n<meta property=\"article:published_time\" content=\"2023-11-13T12:45:21+00:00\" \/>\n<meta property=\"article:modified_time\" content=\"2023-11-20T11:58:35+00:00\" \/>\n<meta property=\"og:image\" content=\"https:\/\/d2p6e6u75xmxt8.cloudfront.net\/15\/2023\/11\/nightride.webp\" \/>\n\t<meta property=\"og:image:width\" content=\"987\" \/>\n\t<meta property=\"og:image:height\" content=\"656\" \/>\n\t<meta property=\"og:image:type\" content=\"image\/webp\" \/>\n<meta name=\"author\" content=\"andre\" \/>\n<meta name=\"twitter:card\" content=\"summary_large_image\" \/>\n<meta name=\"twitter:label1\" content=\"Written by\" \/>\n\t<meta name=\"twitter:data1\" content=\"Ji\u0159\u00ed Kalo\u010d\" \/>\n\t<meta name=\"twitter:label2\" content=\"Est. reading time\" \/>\n\t<meta name=\"twitter:data2\" content=\"5\" \/>\n<script type=\"application\/ld+json\" class=\"yoast-schema-graph\">{\"@context\":\"https:\/\/schema.org\",\"@graph\":[{\"@type\":\"WebPage\",\"@id\":\"https:\/\/www.welovecycling.com\/ee\/2023\/11\/13\/oine-rattasoit-ehk-night-ride-hadavajalik-varustus\/\",\"url\":\"https:\/\/www.welovecycling.com\/ee\/2023\/11\/13\/oine-rattasoit-ehk-night-ride-hadavajalik-varustus\/\",\"name\":\"\u00d6ine rattas\u00f5it ehk night ride - h\u00e4davajalik varustus - \u0160koda We Love Cycling - Estonia\",\"isPartOf\":{\"@id\":\"https:\/\/www.welovecycling.com\/ee\/#website\"},\"primaryImageOfPage\":{\"@id\":\"https:\/\/www.welovecycling.com\/ee\/2023\/11\/13\/oine-rattasoit-ehk-night-ride-hadavajalik-varustus\/#primaryimage\"},\"image\":{\"@id\":\"https:\/\/www.welovecycling.com\/ee\/2023\/11\/13\/oine-rattasoit-ehk-night-ride-hadavajalik-varustus\/#primaryimage\"},\"thumbnailUrl\":\"https:\/\/d2p6e6u75xmxt8.cloudfront.net\/15\/2023\/11\/nightride.webp\",\"datePublished\":\"2023-11-13T12:45:21+00:00\",\"dateModified\":\"2023-11-20T11:58:35+00:00\",\"author\":{\"@id\":\"https:\/\/www.welovecycling.com\/ee\/#\/schema\/person\/8b7101c4bd1b1ae9d3732ebb1e6caf57\"},\"description\":\"Iga\u00fcks teab, et \u00f6iseks rattas\u00f5iduks on tarvis h\u00e4id tulesid, aga kui palju ja kui heledaid? Ja kuhu paigutada helkurid? Vaatame \u00fcle h\u00e4davajaliku varustuse, mis on tarvilik turvaliseks \u00f6iseks rattas\u00f5iduks.\",\"inLanguage\":\"et\",\"potentialAction\":[{\"@type\":\"ReadAction\",\"target\":[\"https:\/\/www.welovecycling.com\/ee\/2023\/11\/13\/oine-rattasoit-ehk-night-ride-hadavajalik-varustus\/\"]}]},{\"@type\":\"ImageObject\",\"inLanguage\":\"et\",\"@id\":\"https:\/\/www.welovecycling.com\/ee\/2023\/11\/13\/oine-rattasoit-ehk-night-ride-hadavajalik-varustus\/#primaryimage\",\"url\":\"https:\/\/d2p6e6u75xmxt8.cloudfront.net\/15\/2023\/11\/nightride.webp\",\"contentUrl\":\"https:\/\/d2p6e6u75xmxt8.cloudfront.net\/15\/2023\/11\/nightride.webp\",\"width\":987,\"height\":656},{\"@type\":\"WebSite\",\"@id\":\"https:\/\/www.welovecycling.com\/ee\/#website\",\"url\":\"https:\/\/www.welovecycling.com\/ee\/\",\"name\":\"\u0160koda We Love Cycling - Estonia\",\"description\":\"\",\"potentialAction\":[{\"@type\":\"SearchAction\",\"target\":{\"@type\":\"EntryPoint\",\"urlTemplate\":\"https:\/\/www.welovecycling.com\/ee\/?s={search_term_string}\"},\"query-input\":{\"@type\":\"PropertyValueSpecification\",\"valueRequired\":true,\"valueName\":\"search_term_string\"}}],\"inLanguage\":\"et\"},{\"@type\":\"Person\",\"@id\":\"https:\/\/www.welovecycling.com\/ee\/#\/schema\/person\/8b7101c4bd1b1ae9d3732ebb1e6caf57\",\"name\":\"andre\",\"image\":{\"@type\":\"ImageObject\",\"inLanguage\":\"et\",\"@id\":\"https:\/\/www.welovecycling.com\/ee\/#\/schema\/person\/image\/\",\"url\":\"https:\/\/secure.gravatar.com\/avatar\/0656b3224fe17b018f43b8a562625dd43d30827f027b2f62bc5a05711fec9a61?s=96&d=mm&r=g\",\"contentUrl\":\"https:\/\/secure.gravatar.com\/avatar\/0656b3224fe17b018f43b8a562625dd43d30827f027b2f62bc5a05711fec9a61?s=96&d=mm&r=g\",\"caption\":\"andre\"},\"url\":\"https:\/\/www.welovecycling.com\/ee\/author\/andre\/\"}]}<\/script>\n<!-- \/ Yoast SEO Premium plugin. -->","yoast_head_json":{"title":"\u00d6ine rattas\u00f5it ehk night ride - h\u00e4davajalik varustus - \u0160koda We Love Cycling - Estonia","description":"Iga\u00fcks teab, et \u00f6iseks rattas\u00f5iduks on tarvis h\u00e4id tulesid, aga kui palju ja kui heledaid? Ja kuhu paigutada helkurid? Vaatame \u00fcle h\u00e4davajaliku varustuse, mis on tarvilik turvaliseks \u00f6iseks rattas\u00f5iduks.","robots":{"index":"index","follow":"follow","max-snippet":"max-snippet:-1","max-image-preview":"max-image-preview:large","max-video-preview":"max-video-preview:-1"},"canonical":"https:\/\/www.welovecycling.com\/ee\/2023\/11\/13\/oine-rattasoit-ehk-night-ride-hadavajalik-varustus\/","og_locale":"et_EE","og_type":"article","og_title":"\u00d6ine rattas\u00f5it ehk night ride - h\u00e4davajalik varustus","og_description":"Iga\u00fcks teab, et \u00f6iseks rattas\u00f5iduks on tarvis h\u00e4id tulesid, aga kui palju ja kui heledaid? Ja kuhu paigutada helkurid? Vaatame \u00fcle h\u00e4davajaliku varustuse, mis on tarvilik turvaliseks \u00f6iseks rattas\u00f5iduks.","og_url":"https:\/\/www.welovecycling.com\/ee\/2023\/11\/13\/oine-rattasoit-ehk-night-ride-hadavajalik-varustus\/","og_site_name":"\u0160koda We Love Cycling - Estonia","article_published_time":"2023-11-13T12:45:21+00:00","article_modified_time":"2023-11-20T11:58:35+00:00","og_image":[{"width":987,"height":656,"url":"https:\/\/d2p6e6u75xmxt8.cloudfront.net\/15\/2023\/11\/nightride.webp","type":"image\/webp"}],"author":"andre","twitter_card":"summary_large_image","twitter_misc":{"Written by":"Ji\u0159\u00ed Kalo\u010d","Est. reading time":"5"},"schema":{"@context":"https:\/\/schema.org","@graph":[{"@type":"WebPage","@id":"https:\/\/www.welovecycling.com\/ee\/2023\/11\/13\/oine-rattasoit-ehk-night-ride-hadavajalik-varustus\/","url":"https:\/\/www.welovecycling.com\/ee\/2023\/11\/13\/oine-rattasoit-ehk-night-ride-hadavajalik-varustus\/","name":"\u00d6ine rattas\u00f5it ehk night ride - h\u00e4davajalik varustus - \u0160koda We Love Cycling - Estonia","isPartOf":{"@id":"https:\/\/www.welovecycling.com\/ee\/#website"},"primaryImageOfPage":{"@id":"https:\/\/www.welovecycling.com\/ee\/2023\/11\/13\/oine-rattasoit-ehk-night-ride-hadavajalik-varustus\/#primaryimage"},"image":{"@id":"https:\/\/www.welovecycling.com\/ee\/2023\/11\/13\/oine-rattasoit-ehk-night-ride-hadavajalik-varustus\/#primaryimage"},"thumbnailUrl":"https:\/\/d2p6e6u75xmxt8.cloudfront.net\/15\/2023\/11\/nightride.webp","datePublished":"2023-11-13T12:45:21+00:00","dateModified":"2023-11-20T11:58:35+00:00","author":{"@id":"https:\/\/www.welovecycling.com\/ee\/#\/schema\/person\/8b7101c4bd1b1ae9d3732ebb1e6caf57"},"description":"Iga\u00fcks teab, et \u00f6iseks rattas\u00f5iduks on tarvis h\u00e4id tulesid, aga kui palju ja kui heledaid? Ja kuhu paigutada helkurid? Vaatame \u00fcle h\u00e4davajaliku varustuse, mis on tarvilik turvaliseks \u00f6iseks rattas\u00f5iduks.","inLanguage":"et","potentialAction":[{"@type":"ReadAction","target":["https:\/\/www.welovecycling.com\/ee\/2023\/11\/13\/oine-rattasoit-ehk-night-ride-hadavajalik-varustus\/"]}]},{"@type":"ImageObject","inLanguage":"et","@id":"https:\/\/www.welovecycling.com\/ee\/2023\/11\/13\/oine-rattasoit-ehk-night-ride-hadavajalik-varustus\/#primaryimage","url":"https:\/\/d2p6e6u75xmxt8.cloudfront.net\/15\/2023\/11\/nightride.webp","contentUrl":"https:\/\/d2p6e6u75xmxt8.cloudfront.net\/15\/2023\/11\/nightride.webp","width":987,"height":656},{"@type":"WebSite","@id":"https:\/\/www.welovecycling.com\/ee\/#website","url":"https:\/\/www.welovecycling.com\/ee\/","name":"\u0160koda We Love Cycling - Estonia","description":"","potentialAction":[{"@type":"SearchAction","target":{"@type":"EntryPoint","urlTemplate":"https:\/\/www.welovecycling.com\/ee\/?s={search_term_string}"},"query-input":{"@type":"PropertyValueSpecification","valueRequired":true,"valueName":"search_term_string"}}],"inLanguage":"et"},{"@type":"Person","@id":"https:\/\/www.welovecycling.com\/ee\/#\/schema\/person\/8b7101c4bd1b1ae9d3732ebb1e6caf57","name":"andre","image":{"@type":"ImageObject","inLanguage":"et","@id":"https:\/\/www.welovecycling.com\/ee\/#\/schema\/person\/image\/","url":"https:\/\/secure.gravatar.com\/avatar\/0656b3224fe17b018f43b8a562625dd43d30827f027b2f62bc5a05711fec9a61?s=96&d=mm&r=g","contentUrl":"https:\/\/secure.gravatar.com\/avatar\/0656b3224fe17b018f43b8a562625dd43d30827f027b2f62bc5a05711fec9a61?s=96&d=mm&r=g","caption":"andre"},"url":"https:\/\/www.welovecycling.com\/ee\/author\/andre\/"}]}},"_links":{"self":[{"href":"https:\/\/www.welovecycling.com\/ee\/wp-json\/wp\/v2\/posts\/1431","targetHints":{"allow":["GET"]}}],"collection":[{"href":"https:\/\/www.welovecycling.com\/ee\/wp-json\/wp\/v2\/posts"}],"about":[{"href":"https:\/\/www.welovecycling.com\/ee\/wp-json\/wp\/v2\/types\/post"}],"author":[{"embeddable":true,"href":"https:\/\/www.welovecycling.com\/ee\/wp-json\/wp\/v2\/users\/174"}],"replies":[{"embeddable":true,"href":"https:\/\/www.welovecycling.com\/ee\/wp-json\/wp\/v2\/comments?post=1431"}],"version-history":[{"count":6,"href":"https:\/\/www.welovecycling.com\/ee\/wp-json\/wp\/v2\/posts\/1431\/revisions"}],"predecessor-version":[{"id":1439,"href":"https:\/\/www.welovecycling.com\/ee\/wp-json\/wp\/v2\/posts\/1431\/revisions\/1439"}],"wp:featuredmedia":[{"embeddable":true,"href":"https:\/\/www.welovecycling.com\/ee\/wp-json\/wp\/v2\/media\/1433"}],"wp:attachment":[{"href":"https:\/\/www.welovecycling.com\/ee\/wp-json\/wp\/v2\/media?parent=1431"}],"wp:term":[{"taxonomy":"category","embeddable":true,"href":"https:\/\/www.welovecycling.com\/ee\/wp-json\/wp\/v2\/categories?post=1431"},{"taxonomy":"post_tag","embeddable":true,"href":"https:\/\/www.welovecycling.com\/ee\/wp-json\/wp\/v2\/tags?post=1431"},{"taxonomy":"global-categories","embeddable":true,"href":"https:\/\/www.welovecycling.com\/ee\/wp-json\/wp\/v2\/global-categories?post=1431"}],"curies":[{"name":"wp","href":"https:\/\/api.w.org\/{rel}","templated":true}]}}