{"id":1428,"date":"2023-11-20T19:37:44","date_gmt":"2023-11-20T16:37:44","guid":{"rendered":"https:\/\/www.welovecycling.com\/ee\/?p=1428"},"modified":"2023-11-20T19:46:09","modified_gmt":"2023-11-20T16:46:09","slug":"greete-steinburg-on-we-love-cycling-eesti-ametlik-brandisaadik-ja-tiimi-liige","status":"publish","type":"post","link":"https:\/\/www.welovecycling.com\/ee\/2023\/11\/20\/greete-steinburg-on-we-love-cycling-eesti-ametlik-brandisaadik-ja-tiimi-liige\/","title":{"rendered":"Greete Steinburg on We Love Cycling Eesti tiimi liige ja br\u00e4ndisaadik."},"content":{"rendered":"<h2>Greete Steinburg on We Love Cycling Estonia tiimi uusim liige! <!--more--><\/h2>\n<h3><strong>Greetet hakkad kohtama meie Instagrami ja Facebooki kanalitel ja ka paljudes p\u00f5nevates projektides, mis l\u00e4hiajala toimuva saavad. Enda kohta kirjutab Greete nii:<\/strong><\/h3>\n<p>Alustasin jalgrattaspordiga umbes 15 aastat tagasi. Enne seda tegelesin kergej\u00f5ustikuga. Peamiselt keskmaa jooksu distantsidega (800m ja 1500m), aga proovisin \u00e4ra enamik alad alates odaviskest kuni teivash\u00fcppeni. Kuna minu kaks venda ja isa tegelesid samal ajal aga jalgrattas\u00f5iduga, tundus loogiline samm ka ise see \u00e4ra proovida! Minu esimeseks maastikuratta maratoniks oli Tallinna maraton K\u00f5rvemaal. Osalesin matka distantsil 2008. aastal.<\/p>\n<figure id=\"attachment_1449\" aria-describedby=\"caption-attachment-1449\" style=\"width: 882px\" class=\"wp-caption aligncenter\"><a href=\"https:\/\/d2p6e6u75xmxt8.cloudfront.net\/15\/2023\/11\/IMG_5574.webp\"><img loading=\"lazy\" decoding=\"async\" class=\"wp-image-1449 size-full\" src=\"https:\/\/d2p6e6u75xmxt8.cloudfront.net\/15\/2023\/11\/IMG_5574.webp\" alt=\"\" width=\"882\" height=\"931\" srcset=\"https:\/\/d2p6e6u75xmxt8.cloudfront.net\/15\/2023\/11\/IMG_5574.webp 882w, https:\/\/d2p6e6u75xmxt8.cloudfront.net\/15\/2023\/11\/IMG_5574-284x300.webp 284w, https:\/\/d2p6e6u75xmxt8.cloudfront.net\/15\/2023\/11\/IMG_5574-768x811.webp 768w, https:\/\/d2p6e6u75xmxt8.cloudfront.net\/15\/2023\/11\/IMG_5574-379x400.webp 379w\" sizes=\"auto, (max-width: 882px) 100vw, 882px\" \/><\/a><figcaption id=\"caption-attachment-1449\" class=\"wp-caption-text\">Pilt 2008, Rakke Rattamaraton. Minu teada esimene, mille Rakkes s\u00f5itsin, enne seda olin isale korraldamisel abiks.<\/figcaption><\/figure>\n<p>Peale seda hakkasin regulaarselt erinevatel v\u00f5istlustel osalema, tihti koos isaga, kes andis n\u00f5uandeid ning vahel ka aitas suurematest t\u00f5usudest \u00fclesse. Kohe algus-aastatel proovisin ka maanteejalgratta v\u00f5istlusi, aga sain kiiresti aru, et need ei ole mulle. Mulle ei meeldinud koos meestega suurtes kiiretes gruppides s\u00f5ita, pidasin seda ohtlikuks ja ka kukkusin m\u00f5nel korral. Metsas s\u00f5itmist aga nautisin v\u00e4ga ja kuna sel ajal oli meil juba v\u00e4ga \u00e4ge maastikurattamaratonide sari, siis \u00fcheks unistuseks sai selle sarja \u00fcldkokkuv\u00f5tte v\u00f5itmine naiste kategoorias. Kohe algusest peale sain aru, et maratoni distants v\u00f5iks minule sobida kuna mul on hea vastupidavus.<\/p>\n<figure id=\"attachment_1450\" aria-describedby=\"caption-attachment-1450\" style=\"width: 1206px\" class=\"wp-caption aligncenter\"><a href=\"https:\/\/d2p6e6u75xmxt8.cloudfront.net\/15\/2023\/11\/IMG_8803.webp\"><img loading=\"lazy\" decoding=\"async\" class=\"wp-image-1450 size-full\" src=\"https:\/\/d2p6e6u75xmxt8.cloudfront.net\/15\/2023\/11\/IMG_8803.webp\" alt=\"\" width=\"1206\" height=\"804\" srcset=\"https:\/\/d2p6e6u75xmxt8.cloudfront.net\/15\/2023\/11\/IMG_8803.webp 1206w, https:\/\/d2p6e6u75xmxt8.cloudfront.net\/15\/2023\/11\/IMG_8803-300x200.webp 300w, https:\/\/d2p6e6u75xmxt8.cloudfront.net\/15\/2023\/11\/IMG_8803-1024x683.webp 1024w, https:\/\/d2p6e6u75xmxt8.cloudfront.net\/15\/2023\/11\/IMG_8803-768x512.webp 768w, https:\/\/d2p6e6u75xmxt8.cloudfront.net\/15\/2023\/11\/IMG_8803-400x267.webp 400w, https:\/\/d2p6e6u75xmxt8.cloudfront.net\/15\/2023\/11\/IMG_8803-272x182.webp 272w\" sizes=\"auto, (max-width: 1206px) 100vw, 1206px\" \/><\/a><figcaption id=\"caption-attachment-1450\" class=\"wp-caption-text\">Pilt minu algus-aastatest Emum\u00e4e t\u00f5usul, koos Spordiklubi Rakke poistega.<\/figcaption><\/figure>\n<p>Ol\u00fcmpiakrossi distantsi ma nii v\u00e4ga ei nautinud, kuna minu jaoks tundus see alati liiga intensiivne ning tehnilised elemendid hirmutavad. Seega j\u00e4tkasin p\u00f5hiliselt maratonidega ja arvan, et alustasin just \u201cn-\u00f6\u201d \u00f5igel ajal, kuna maastikuratta maratonid olid Eestis v\u00e4ga populaarsed, tase tugev ja alati oli kellega m\u00f5\u00f5tu v\u00f5tta. Oma esimesse v\u00e4lislaagrisse l\u00e4ksin 2011.a l\u00f5pus. Tol ajal koos \u00fche suurima eeskuju Maaris Meieriga, kes mind kaasa kutsus. 2012. aastal s\u00f5itsime koos Portugali amat\u00f6\u00f6rklubis \u201cSomamaratonas\u201d. Kuna aga klubi prioriteet oli pigem ol\u00fcmpiakross, siis peale \u00fchte hooaega j\u00e4tkasin oma kohalikus spordiklubis. Seda tegelikult suurem osa oma karj\u00e4\u00e4rist. Alates 2013. aastast, erinevate juhuste kokkulangemisel hakkas mind toetama Auto 100, hiljem \u0160koda Laagri ja SkoMotors, Maario eestvedamisel. Vaatamata sellele, et sel hetkel ei olnud mul veel isegi juhilubasid, n\u00e4gi Maario minus potensiaali ning tahtis minu tegemistesse panustada. Tol hetkel ei oleks uskunud, et meie koost\u00f6\u00f6 kujuneb nii pikaks. Sel aastal juba 10 aastat!<\/p>\n<figure id=\"attachment_1455\" aria-describedby=\"caption-attachment-1455\" style=\"width: 1241px\" class=\"wp-caption aligncenter\"><a href=\"https:\/\/d2p6e6u75xmxt8.cloudfront.net\/15\/2023\/11\/IMG_8817.webp\"><img loading=\"lazy\" decoding=\"async\" class=\"wp-image-1455 size-full\" src=\"https:\/\/d2p6e6u75xmxt8.cloudfront.net\/15\/2023\/11\/IMG_8817.webp\" alt=\"\" width=\"1241\" height=\"931\" srcset=\"https:\/\/d2p6e6u75xmxt8.cloudfront.net\/15\/2023\/11\/IMG_8817.webp 1241w, https:\/\/d2p6e6u75xmxt8.cloudfront.net\/15\/2023\/11\/IMG_8817-300x225.webp 300w, https:\/\/d2p6e6u75xmxt8.cloudfront.net\/15\/2023\/11\/IMG_8817-1024x768.webp 1024w, https:\/\/d2p6e6u75xmxt8.cloudfront.net\/15\/2023\/11\/IMG_8817-768x576.webp 768w, https:\/\/d2p6e6u75xmxt8.cloudfront.net\/15\/2023\/11\/IMG_8817-400x300.webp 400w\" sizes=\"auto, (max-width: 1241px) 100vw, 1241px\" \/><\/a><figcaption id=\"caption-attachment-1455\" class=\"wp-caption-text\">Pilt on tehtud 2022. a novembris P\u00f5hja-Soomes Levil, kus olin n\u00e4dal aega suusalaagris.<\/figcaption><\/figure>\n<p>2015 v\u00f5istlesin esimest korda maastikurattamaratoni maailmameistriv\u00f5istlustel, Itaalias, Sellaronda Hero maratonil. Ma arvan, et see oli tegelikult \u00fcks olulisemaid v\u00f5istusi terve mu karj\u00e4\u00e4ri jooksul, sest just peale seda teadsin kindlalt, et just maratonid on minu ala ning v\u00f5in selles h\u00e4id tulemusi saavutada.<\/p>\n<figure id=\"attachment_1460\" aria-describedby=\"caption-attachment-1460\" style=\"width: 1241px\" class=\"wp-caption aligncenter\"><a href=\"https:\/\/d2p6e6u75xmxt8.cloudfront.net\/15\/2023\/11\/IMG_8828.webp\"><img loading=\"lazy\" decoding=\"async\" class=\"wp-image-1460 size-full\" src=\"https:\/\/d2p6e6u75xmxt8.cloudfront.net\/15\/2023\/11\/IMG_8828.webp\" alt=\"\" width=\"1241\" height=\"931\" srcset=\"https:\/\/d2p6e6u75xmxt8.cloudfront.net\/15\/2023\/11\/IMG_8828.webp 1241w, https:\/\/d2p6e6u75xmxt8.cloudfront.net\/15\/2023\/11\/IMG_8828-300x225.webp 300w, https:\/\/d2p6e6u75xmxt8.cloudfront.net\/15\/2023\/11\/IMG_8828-1024x768.webp 1024w, https:\/\/d2p6e6u75xmxt8.cloudfront.net\/15\/2023\/11\/IMG_8828-768x576.webp 768w, https:\/\/d2p6e6u75xmxt8.cloudfront.net\/15\/2023\/11\/IMG_8828-400x300.webp 400w\" sizes=\"auto, (max-width: 1241px) 100vw, 1241px\" \/><\/a><figcaption id=\"caption-attachment-1460\" class=\"wp-caption-text\">Pilt on tehtud \u00fchel Eesti maratonil. Pildil koos minuga on Veiko P\u00f5der, kes on mu pikaaegne s\u00f5ber ja rattamehhanik. Kui ma \u00f5igesti m\u00e4letan, siis Veiko kaudu tuli ka esimene kontakt Maario-ga \u0160kodast!<\/figcaption><\/figure>\n<p>J\u00e4rgnevad hooajad j\u00e4tkasin Spordiklubi Rakkes, aga kuna mu tulemused paranesid, leidsin endale uusi sponsoreid, et ka v\u00e4lisv\u00f5istlustele minna. 2017-2019 hooajad loen tegelikult enda jaoks \u00fchtedeks parimateks aastateks. (mitte ainult tulemusi arvestades) Mind valiti kahel korral Eesti parimaks naisjalgratturiks, aga oli ka palju eba\u00f5nnestumisi ja v\u00f5istlusi, mille protokollis kahjuks etinevate mehhaaniliste probleemide t\u00f5ttu ei kajastu, kui tugev ma tegelikult sel hetkel olin.<\/p>\n<figure id=\"attachment_1458\" aria-describedby=\"caption-attachment-1458\" style=\"width: 698px\" class=\"wp-caption aligncenter\"><a href=\"https:\/\/d2p6e6u75xmxt8.cloudfront.net\/15\/2023\/11\/IMG_8826.webp\"><img loading=\"lazy\" decoding=\"async\" class=\"wp-image-1458 size-full\" src=\"https:\/\/d2p6e6u75xmxt8.cloudfront.net\/15\/2023\/11\/IMG_8826.webp\" alt=\"\" width=\"698\" height=\"931\" srcset=\"https:\/\/d2p6e6u75xmxt8.cloudfront.net\/15\/2023\/11\/IMG_8826.webp 698w, https:\/\/d2p6e6u75xmxt8.cloudfront.net\/15\/2023\/11\/IMG_8826-225x300.webp 225w, https:\/\/d2p6e6u75xmxt8.cloudfront.net\/15\/2023\/11\/IMG_8826-300x400.webp 300w\" sizes=\"auto, (max-width: 698px) 100vw, 698px\" \/><\/a><figcaption id=\"caption-attachment-1458\" class=\"wp-caption-text\">Pilt on tehtud 2017. a EJL hooaja l\u00f5petamisel, kus mind valiti Eesti parimaks naisjalgratturiks. Sellee tiitli olen p\u00e4lvinud kahel korral. Pildil koos minu pika aegse toetaja Maario Orgla-ga \u0160koda Laagrist.<\/figcaption><\/figure>\n<p>Alates 2020 esindasin v\u00f5istlustel oma erasponsorit, 2021-2022 s\u00f5itsin eras\u00f5itjana Saksamaa eraettev\u00f5tja \u201ctiimis\u201d MTBProMerchandising. Just neil aastatel sain s\u00f5ita v\u00e4ga palju mainekaid v\u00f5istlusi, nagu Epic Series (Andorra, \u0160veits, Horvaatia), olulisi v\u00f5istlusi Hispaanias, Itaalias ja mujal Euroopas. Paraku 2020. aasta algusest olen pidanud v\u00f5itlema erinevate terviseprobleemidega ning tegelikult pole t\u00e4nase p\u00e4evani tervise probleemidele lahendust leidnud.<\/p>\n<figure id=\"attachment_1459\" aria-describedby=\"caption-attachment-1459\" style=\"width: 1397px\" class=\"wp-caption aligncenter\"><a href=\"https:\/\/d2p6e6u75xmxt8.cloudfront.net\/15\/2023\/11\/IMG_8827.webp\"><img loading=\"lazy\" decoding=\"async\" class=\"wp-image-1459 size-full\" src=\"https:\/\/d2p6e6u75xmxt8.cloudfront.net\/15\/2023\/11\/IMG_8827.webp\" alt=\"\" width=\"1397\" height=\"931\" srcset=\"https:\/\/d2p6e6u75xmxt8.cloudfront.net\/15\/2023\/11\/IMG_8827.webp 1397w, https:\/\/d2p6e6u75xmxt8.cloudfront.net\/15\/2023\/11\/IMG_8827-300x200.webp 300w, https:\/\/d2p6e6u75xmxt8.cloudfront.net\/15\/2023\/11\/IMG_8827-1024x682.webp 1024w, https:\/\/d2p6e6u75xmxt8.cloudfront.net\/15\/2023\/11\/IMG_8827-768x512.webp 768w, https:\/\/d2p6e6u75xmxt8.cloudfront.net\/15\/2023\/11\/IMG_8827-400x267.webp 400w, https:\/\/d2p6e6u75xmxt8.cloudfront.net\/15\/2023\/11\/IMG_8827-272x182.webp 272w\" sizes=\"auto, (max-width: 1397px) 100vw, 1397px\" \/><\/a><figcaption id=\"caption-attachment-1459\" class=\"wp-caption-text\">Pilt on tehtud 2015. a XCM MMil, Itaalias Selva Val di Gardena-s. See oli minu esimene MM. Fini\u0161eerisin 35. kohaga. Pildil olen koos oma isaga.<\/figcaption><\/figure>\n<p>2022 aasta suve l\u00f5ppus v\u00f5ttis minuga \u00fchendust Hispaania tiim \u201cCannondale Vas Arabay\u201d, kelle ridades s\u00f5itsin ma sel hooajal.<\/p>\n<p>See oli ametlikult minu esimene profileping, mille s\u00f5lmisin suures osas selleks, et osaleda \u00fchel viimastest v\u00f5istlustest, mis minu karj\u00e4\u00e4ris veel tegemata oli &#8211; Cape Epicul. Sel v\u00f5istluse osalesin koos oma Kolumbialannast tiimikaaslase Monica Caldreroniga. Me l\u00f5petasime kokkuv\u00f5ttes k\u00fcll 4ndatena, aga \u00f5nnestus kahel korral olla 3. ning viimasel etapil etapiv\u00f5it v\u00f5tta. See teeb minust esimese eestlase, kes on Cape Epicul etapi v\u00f5itnud.<\/p>\n<figure id=\"attachment_1446\" aria-describedby=\"caption-attachment-1446\" style=\"width: 745px\" class=\"wp-caption aligncenter\"><a href=\"https:\/\/d2p6e6u75xmxt8.cloudfront.net\/15\/2023\/11\/IMG_2003.webp\"><img loading=\"lazy\" decoding=\"async\" class=\"wp-image-1446 size-full\" src=\"https:\/\/d2p6e6u75xmxt8.cloudfront.net\/15\/2023\/11\/IMG_2003.webp\" alt=\"\" width=\"745\" height=\"931\" srcset=\"https:\/\/d2p6e6u75xmxt8.cloudfront.net\/15\/2023\/11\/IMG_2003.webp 745w, https:\/\/d2p6e6u75xmxt8.cloudfront.net\/15\/2023\/11\/IMG_2003-240x300.webp 240w, https:\/\/d2p6e6u75xmxt8.cloudfront.net\/15\/2023\/11\/IMG_2003-320x400.webp 320w\" sizes=\"auto, (max-width: 745px) 100vw, 745px\" \/><\/a><figcaption id=\"caption-attachment-1446\" class=\"wp-caption-text\">Pildil koos oma tiimikaaslaste Monica, Roberto ja Miguel-iga. Pilt tehtud enne 2023. a Cape Epic-u algust.<\/figcaption><\/figure>\n<p>Cape Epic oli minu jaoks \u00fcks unistusi ning tegelikult \u00fcpris kohe peale seal \u00e4ra k\u00e4imist, otsustasin tippspordist loobuda. See on olnud tegelikult \u00fcpris pikaajaline otsus alates 2020. aastast, kui hakkasin terviseprobleemidega v\u00f5itlema. Vaatamata sellele, olen ma r\u00f5\u00f5mus, et seda otsust varem ei teinud. Tunnen, et praeguseks hetkeks olen saanud v\u00f5istelda k\u00f5ikjal kus kunagi minu unistuseks oli. Vaatamata tippspordist loobumisele soovin siiski jalgrattaspordiga j\u00e4tkata ning jagada oma kogemusi, l\u00e4bielamisi ja ka r\u00f5\u00f5mu selle spordi vastu! Mul on siiralt hea meel, et saan j\u00e4tkata pikaajalist koost\u00f6\u00f6d SkoMotorsiga ning WeLoveCycling.ee-ga olles nende ametlik saadik.<\/p>\n<figure id=\"attachment_1457\" aria-describedby=\"caption-attachment-1457\" style=\"width: 559px\" class=\"wp-caption aligncenter\"><a href=\"https:\/\/d2p6e6u75xmxt8.cloudfront.net\/15\/2023\/11\/IMG_8825.webp\"><img loading=\"lazy\" decoding=\"async\" class=\"wp-image-1457 size-full\" src=\"https:\/\/d2p6e6u75xmxt8.cloudfront.net\/15\/2023\/11\/IMG_8825.webp\" alt=\"\" width=\"559\" height=\"931\" srcset=\"https:\/\/d2p6e6u75xmxt8.cloudfront.net\/15\/2023\/11\/IMG_8825.webp 559w, https:\/\/d2p6e6u75xmxt8.cloudfront.net\/15\/2023\/11\/IMG_8825-180x300.webp 180w, https:\/\/d2p6e6u75xmxt8.cloudfront.net\/15\/2023\/11\/IMG_8825-240x400.webp 240w\" sizes=\"auto, (max-width: 559px) 100vw, 559px\" \/><\/a><figcaption id=\"caption-attachment-1457\" class=\"wp-caption-text\">Pilt on tehtud Portugal MTB Race-il, mida s\u00f5itsin koos Maaris Meieriga. Pildil veel meeste eliidi v\u00f5itjad Joris Massaer ja Hans Becking.<\/figcaption><\/figure>\n<figure id=\"attachment_1456\" aria-describedby=\"caption-attachment-1456\" style=\"width: 1275px\" class=\"wp-caption aligncenter\"><a href=\"https:\/\/d2p6e6u75xmxt8.cloudfront.net\/15\/2023\/11\/IMG_8823.webp\"><img loading=\"lazy\" decoding=\"async\" class=\"wp-image-1456 size-full\" src=\"https:\/\/d2p6e6u75xmxt8.cloudfront.net\/15\/2023\/11\/IMG_8823.webp\" alt=\"\" width=\"1275\" height=\"850\" srcset=\"https:\/\/d2p6e6u75xmxt8.cloudfront.net\/15\/2023\/11\/IMG_8823.webp 1275w, https:\/\/d2p6e6u75xmxt8.cloudfront.net\/15\/2023\/11\/IMG_8823-300x200.webp 300w, https:\/\/d2p6e6u75xmxt8.cloudfront.net\/15\/2023\/11\/IMG_8823-1024x683.webp 1024w, https:\/\/d2p6e6u75xmxt8.cloudfront.net\/15\/2023\/11\/IMG_8823-768x512.webp 768w, https:\/\/d2p6e6u75xmxt8.cloudfront.net\/15\/2023\/11\/IMG_8823-400x267.webp 400w, https:\/\/d2p6e6u75xmxt8.cloudfront.net\/15\/2023\/11\/IMG_8823-272x182.webp 272w\" sizes=\"auto, (max-width: 1275px) 100vw, 1275px\" \/><\/a><figcaption id=\"caption-attachment-1456\" class=\"wp-caption-text\">Pilt on tehtud 2018. a Itaalias, Dolomitica Brenta Bike maratonil, mille v\u00f5itsin.<\/figcaption><\/figure>\n<figure id=\"attachment_1454\" aria-describedby=\"caption-attachment-1454\" style=\"width: 931px\" class=\"wp-caption aligncenter\"><a href=\"https:\/\/d2p6e6u75xmxt8.cloudfront.net\/15\/2023\/11\/IMG_8815.webp\"><img loading=\"lazy\" decoding=\"async\" class=\"wp-image-1454 size-full\" src=\"https:\/\/d2p6e6u75xmxt8.cloudfront.net\/15\/2023\/11\/IMG_8815.webp\" alt=\"\" width=\"931\" height=\"931\" srcset=\"https:\/\/d2p6e6u75xmxt8.cloudfront.net\/15\/2023\/11\/IMG_8815.webp 931w, https:\/\/d2p6e6u75xmxt8.cloudfront.net\/15\/2023\/11\/IMG_8815-300x300.webp 300w, https:\/\/d2p6e6u75xmxt8.cloudfront.net\/15\/2023\/11\/IMG_8815-150x150.webp 150w, https:\/\/d2p6e6u75xmxt8.cloudfront.net\/15\/2023\/11\/IMG_8815-768x768.webp 768w, https:\/\/d2p6e6u75xmxt8.cloudfront.net\/15\/2023\/11\/IMG_8815-400x400.webp 400w\" sizes=\"auto, (max-width: 931px) 100vw, 931px\" \/><\/a><figcaption id=\"caption-attachment-1454\" class=\"wp-caption-text\">Pilt on tehtud 4Islands MTB (Epic series) v\u00f5istlusel Horvaatias 2022. a, kus me tiimikaaslase Janina W\u00fcstiga l\u00f5petasime kokkuv\u00f5ttes 3. kohaga naised eliit arvestuses.<\/figcaption><\/figure>\n<figure id=\"attachment_1453\" aria-describedby=\"caption-attachment-1453\" style=\"width: 698px\" class=\"wp-caption aligncenter\"><a href=\"https:\/\/d2p6e6u75xmxt8.cloudfront.net\/15\/2023\/11\/IMG_8813.webp\"><img loading=\"lazy\" decoding=\"async\" class=\"wp-image-1453 size-full\" src=\"https:\/\/d2p6e6u75xmxt8.cloudfront.net\/15\/2023\/11\/IMG_8813.webp\" alt=\"\" width=\"698\" height=\"931\" srcset=\"https:\/\/d2p6e6u75xmxt8.cloudfront.net\/15\/2023\/11\/IMG_8813.webp 698w, https:\/\/d2p6e6u75xmxt8.cloudfront.net\/15\/2023\/11\/IMG_8813-225x300.webp 225w, https:\/\/d2p6e6u75xmxt8.cloudfront.net\/15\/2023\/11\/IMG_8813-300x400.webp 300w\" sizes=\"auto, (max-width: 698px) 100vw, 698px\" \/><\/a><figcaption id=\"caption-attachment-1453\" class=\"wp-caption-text\">Pilt tehtud 2022. a Alpentour Trophy-l koos teiste kategooriate \u00fcldv\u00f5itjatega. Mina tulin naised eliit kategooria \u00fcldv\u00f5itjaks. Meeste eliidi v\u00f5itja sel aastal oli Leonardo Paes, kes on muuhulgas ka kahekordne XCM maailmameister.<\/figcaption><\/figure>\n<figure id=\"attachment_1452\" aria-describedby=\"caption-attachment-1452\" style=\"width: 698px\" class=\"wp-caption aligncenter\"><a href=\"https:\/\/d2p6e6u75xmxt8.cloudfront.net\/15\/2023\/11\/IMG_8812.webp\"><img loading=\"lazy\" decoding=\"async\" class=\"wp-image-1452 size-full\" src=\"https:\/\/d2p6e6u75xmxt8.cloudfront.net\/15\/2023\/11\/IMG_8812.webp\" alt=\"\" width=\"698\" height=\"931\" srcset=\"https:\/\/d2p6e6u75xmxt8.cloudfront.net\/15\/2023\/11\/IMG_8812.webp 698w, https:\/\/d2p6e6u75xmxt8.cloudfront.net\/15\/2023\/11\/IMG_8812-225x300.webp 225w, https:\/\/d2p6e6u75xmxt8.cloudfront.net\/15\/2023\/11\/IMG_8812-300x400.webp 300w\" sizes=\"auto, (max-width: 698px) 100vw, 698px\" \/><\/a><figcaption id=\"caption-attachment-1452\" class=\"wp-caption-text\">Pilt tehtud 2023. a alguses Hispaanias, Calpes. Samal p\u00e4eval esitlesime oma tiimi Cannondale Vas Arabay.<\/figcaption><\/figure>\n<figure id=\"attachment_1451\" aria-describedby=\"caption-attachment-1451\" style=\"width: 698px\" class=\"wp-caption aligncenter\"><a href=\"https:\/\/d2p6e6u75xmxt8.cloudfront.net\/15\/2023\/11\/IMG_8808.webp\"><img loading=\"lazy\" decoding=\"async\" class=\"wp-image-1451 size-full\" src=\"https:\/\/d2p6e6u75xmxt8.cloudfront.net\/15\/2023\/11\/IMG_8808.webp\" alt=\"\" width=\"698\" height=\"931\" srcset=\"https:\/\/d2p6e6u75xmxt8.cloudfront.net\/15\/2023\/11\/IMG_8808.webp 698w, https:\/\/d2p6e6u75xmxt8.cloudfront.net\/15\/2023\/11\/IMG_8808-225x300.webp 225w, https:\/\/d2p6e6u75xmxt8.cloudfront.net\/15\/2023\/11\/IMG_8808-300x400.webp 300w\" sizes=\"auto, (max-width: 698px) 100vw, 698px\" \/><\/a><figcaption id=\"caption-attachment-1451\" class=\"wp-caption-text\">Pilt tehtud 2019. a XCM EM-il Norras. Olen koos medaliv\u00f5itjate Peeter Pruus-i ja Tiago Ferreira-ga. Sellel v\u00f5istlusel olin t\u00f5en\u00e4oliselt oma karj\u00e4\u00e4ri parimas vormis ning v\u00f5imeline medaliks, kahjuks purunenud rehv rikkus minu s\u00f5idu ning l\u00f5petasin 16. kohaga.<\/figcaption><\/figure>\n<figure id=\"attachment_1448\" aria-describedby=\"caption-attachment-1448\" style=\"width: 698px\" class=\"wp-caption aligncenter\"><a href=\"https:\/\/d2p6e6u75xmxt8.cloudfront.net\/15\/2023\/11\/IMG_5279.webp\"><img loading=\"lazy\" decoding=\"async\" class=\"wp-image-1448 size-full\" src=\"https:\/\/d2p6e6u75xmxt8.cloudfront.net\/15\/2023\/11\/IMG_5279.webp\" alt=\"\" width=\"698\" height=\"931\" srcset=\"https:\/\/d2p6e6u75xmxt8.cloudfront.net\/15\/2023\/11\/IMG_5279.webp 698w, https:\/\/d2p6e6u75xmxt8.cloudfront.net\/15\/2023\/11\/IMG_5279-225x300.webp 225w, https:\/\/d2p6e6u75xmxt8.cloudfront.net\/15\/2023\/11\/IMG_5279-300x400.webp 300w\" sizes=\"auto, (max-width: 698px) 100vw, 698px\" \/><\/a><figcaption id=\"caption-attachment-1448\" class=\"wp-caption-text\">Koos oma 2021.a tiimikaaslase Alice Pirard-iga Andalusia Bike Race-l. Muide, Alice on 8 kordne naiste eliidi Belgia maastikuratta maratoni meister.<\/figcaption><\/figure>\n<figure id=\"attachment_1447\" aria-describedby=\"caption-attachment-1447\" style=\"width: 1395px\" class=\"wp-caption aligncenter\"><a href=\"https:\/\/d2p6e6u75xmxt8.cloudfront.net\/15\/2023\/11\/IMG_4419.webp\"><img loading=\"lazy\" decoding=\"async\" class=\"wp-image-1447 size-full\" src=\"https:\/\/d2p6e6u75xmxt8.cloudfront.net\/15\/2023\/11\/IMG_4419.webp\" alt=\"\" width=\"1395\" height=\"931\" srcset=\"https:\/\/d2p6e6u75xmxt8.cloudfront.net\/15\/2023\/11\/IMG_4419.webp 1395w, https:\/\/d2p6e6u75xmxt8.cloudfront.net\/15\/2023\/11\/IMG_4419-300x200.webp 300w, https:\/\/d2p6e6u75xmxt8.cloudfront.net\/15\/2023\/11\/IMG_4419-1024x683.webp 1024w, https:\/\/d2p6e6u75xmxt8.cloudfront.net\/15\/2023\/11\/IMG_4419-768x513.webp 768w, https:\/\/d2p6e6u75xmxt8.cloudfront.net\/15\/2023\/11\/IMG_4419-400x267.webp 400w, https:\/\/d2p6e6u75xmxt8.cloudfront.net\/15\/2023\/11\/IMG_4419-272x182.webp 272w\" sizes=\"auto, (max-width: 1395px) 100vw, 1395px\" \/><\/a><figcaption id=\"caption-attachment-1447\" class=\"wp-caption-text\">Poodium UCI Marathon series, Jelenia Gora.<\/figcaption><\/figure>\n<figure id=\"attachment_1445\" aria-describedby=\"caption-attachment-1445\" style=\"width: 698px\" class=\"wp-caption aligncenter\"><a href=\"https:\/\/d2p6e6u75xmxt8.cloudfront.net\/15\/2023\/11\/IMG_1781.webp\"><img loading=\"lazy\" decoding=\"async\" class=\"wp-image-1445 size-full\" src=\"https:\/\/d2p6e6u75xmxt8.cloudfront.net\/15\/2023\/11\/IMG_1781.webp\" alt=\"\" width=\"698\" height=\"931\" srcset=\"https:\/\/d2p6e6u75xmxt8.cloudfront.net\/15\/2023\/11\/IMG_1781.webp 698w, https:\/\/d2p6e6u75xmxt8.cloudfront.net\/15\/2023\/11\/IMG_1781-225x300.webp 225w, https:\/\/d2p6e6u75xmxt8.cloudfront.net\/15\/2023\/11\/IMG_1781-300x400.webp 300w\" sizes=\"auto, (max-width: 698px) 100vw, 698px\" \/><\/a><figcaption id=\"caption-attachment-1445\" class=\"wp-caption-text\">Pildil koos 2022.a Cape Epic v\u00f5itjatega, Georg-i ja Lukas-ega. Tutvusin postega 2022. a alguses Hispaanias ning alati h\u00e4sti s\u00f5bralikud ning vaimukad sellid.<\/figcaption><\/figure>\n<figure id=\"attachment_1444\" aria-describedby=\"caption-attachment-1444\" style=\"width: 698px\" class=\"wp-caption aligncenter\"><a href=\"https:\/\/d2p6e6u75xmxt8.cloudfront.net\/15\/2023\/11\/IMG_1276.webp\"><img loading=\"lazy\" decoding=\"async\" class=\"wp-image-1444 size-full\" src=\"https:\/\/d2p6e6u75xmxt8.cloudfront.net\/15\/2023\/11\/IMG_1276.webp\" alt=\"\" width=\"698\" height=\"931\" srcset=\"https:\/\/d2p6e6u75xmxt8.cloudfront.net\/15\/2023\/11\/IMG_1276.webp 698w, https:\/\/d2p6e6u75xmxt8.cloudfront.net\/15\/2023\/11\/IMG_1276-225x300.webp 225w, https:\/\/d2p6e6u75xmxt8.cloudfront.net\/15\/2023\/11\/IMG_1276-300x400.webp 300w\" sizes=\"auto, (max-width: 698px) 100vw, 698px\" \/><\/a><figcaption id=\"caption-attachment-1444\" class=\"wp-caption-text\">Pildil koos Janika L\u00f5ivuga, Colina Triste, mille koos v\u00f5itsime. Janika oli minu paarilne p\u00e4ris mitmel tuuril. Meeldej\u00e4\u00e4vaimaks kindlasti Epic Israel.<\/figcaption><\/figure>\n<figure id=\"attachment_1443\" aria-describedby=\"caption-attachment-1443\" style=\"width: 932px\" class=\"wp-caption aligncenter\"><a href=\"https:\/\/d2p6e6u75xmxt8.cloudfront.net\/15\/2023\/11\/EFDE8BFE-95D2-4B1F-95A1-1E28C5EFB31A.webp\"><img loading=\"lazy\" decoding=\"async\" class=\"wp-image-1443 size-full\" src=\"https:\/\/d2p6e6u75xmxt8.cloudfront.net\/15\/2023\/11\/EFDE8BFE-95D2-4B1F-95A1-1E28C5EFB31A.webp\" alt=\"\" width=\"932\" height=\"931\" srcset=\"https:\/\/d2p6e6u75xmxt8.cloudfront.net\/15\/2023\/11\/EFDE8BFE-95D2-4B1F-95A1-1E28C5EFB31A.webp 932w, https:\/\/d2p6e6u75xmxt8.cloudfront.net\/15\/2023\/11\/EFDE8BFE-95D2-4B1F-95A1-1E28C5EFB31A-300x300.webp 300w, https:\/\/d2p6e6u75xmxt8.cloudfront.net\/15\/2023\/11\/EFDE8BFE-95D2-4B1F-95A1-1E28C5EFB31A-150x150.webp 150w, https:\/\/d2p6e6u75xmxt8.cloudfront.net\/15\/2023\/11\/EFDE8BFE-95D2-4B1F-95A1-1E28C5EFB31A-768x767.webp 768w, https:\/\/d2p6e6u75xmxt8.cloudfront.net\/15\/2023\/11\/EFDE8BFE-95D2-4B1F-95A1-1E28C5EFB31A-400x400.webp 400w\" sizes=\"auto, (max-width: 932px) 100vw, 932px\" \/><\/a><figcaption id=\"caption-attachment-1443\" class=\"wp-caption-text\">2022.a Portugal Brasil Ride naised eliit v\u00f5itja.<\/figcaption><\/figure>\n<figure id=\"attachment_1442\" aria-describedby=\"caption-attachment-1442\" style=\"width: 698px\" class=\"wp-caption aligncenter\"><a href=\"https:\/\/d2p6e6u75xmxt8.cloudfront.net\/15\/2023\/11\/afdb6160-edab-474b-bc66-6cfc0f033fbf.webp\"><img loading=\"lazy\" decoding=\"async\" class=\"wp-image-1442 size-full\" src=\"https:\/\/d2p6e6u75xmxt8.cloudfront.net\/15\/2023\/11\/afdb6160-edab-474b-bc66-6cfc0f033fbf.webp\" alt=\"\" width=\"698\" height=\"931\" srcset=\"https:\/\/d2p6e6u75xmxt8.cloudfront.net\/15\/2023\/11\/afdb6160-edab-474b-bc66-6cfc0f033fbf.webp 698w, https:\/\/d2p6e6u75xmxt8.cloudfront.net\/15\/2023\/11\/afdb6160-edab-474b-bc66-6cfc0f033fbf-225x300.webp 225w, https:\/\/d2p6e6u75xmxt8.cloudfront.net\/15\/2023\/11\/afdb6160-edab-474b-bc66-6cfc0f033fbf-300x400.webp 300w\" sizes=\"auto, (max-width: 698px) 100vw, 698px\" \/><\/a><figcaption id=\"caption-attachment-1442\" class=\"wp-caption-text\">Andorra MTB Classic (Epic Series event) naiste eliidi \u00fcldkokkuv\u00f5tte 2. koht, koos Alice-ga<\/figcaption><\/figure>\n<figure id=\"attachment_1441\" aria-describedby=\"caption-attachment-1441\" style=\"width: 698px\" class=\"wp-caption aligncenter\"><a href=\"https:\/\/d2p6e6u75xmxt8.cloudfront.net\/15\/2023\/11\/3682f30d-42ae-498a-ae7a-7b66855785fe.webp\"><img loading=\"lazy\" decoding=\"async\" class=\"wp-image-1441 size-full\" src=\"https:\/\/d2p6e6u75xmxt8.cloudfront.net\/15\/2023\/11\/3682f30d-42ae-498a-ae7a-7b66855785fe.webp\" alt=\"\" width=\"698\" height=\"931\" srcset=\"https:\/\/d2p6e6u75xmxt8.cloudfront.net\/15\/2023\/11\/3682f30d-42ae-498a-ae7a-7b66855785fe.webp 698w, https:\/\/d2p6e6u75xmxt8.cloudfront.net\/15\/2023\/11\/3682f30d-42ae-498a-ae7a-7b66855785fe-225x300.webp 225w, https:\/\/d2p6e6u75xmxt8.cloudfront.net\/15\/2023\/11\/3682f30d-42ae-498a-ae7a-7b66855785fe-300x400.webp 300w\" sizes=\"auto, (max-width: 698px) 100vw, 698px\" \/><\/a><figcaption id=\"caption-attachment-1441\" class=\"wp-caption-text\">Minu ainus maanteerattav\u00f5istlus v\u00e4lismaal. Vuelta a Portugal Femininas. Esindasin Portugali tiimi Maiatos Reabnorte. Pilt tehtud 2021. a septembris.<\/figcaption><\/figure>\n<figure id=\"attachment_1461\" aria-describedby=\"caption-attachment-1461\" style=\"width: 932px\" class=\"wp-caption aligncenter\"><a href=\"https:\/\/d2p6e6u75xmxt8.cloudfront.net\/15\/2023\/11\/31BCF802-4726-4EA6-99A5-9227ED197427.webp\"><img loading=\"lazy\" decoding=\"async\" class=\"wp-image-1461 size-full\" src=\"https:\/\/d2p6e6u75xmxt8.cloudfront.net\/15\/2023\/11\/31BCF802-4726-4EA6-99A5-9227ED197427.webp\" alt=\"\" width=\"932\" height=\"931\" srcset=\"https:\/\/d2p6e6u75xmxt8.cloudfront.net\/15\/2023\/11\/31BCF802-4726-4EA6-99A5-9227ED197427.webp 932w, https:\/\/d2p6e6u75xmxt8.cloudfront.net\/15\/2023\/11\/31BCF802-4726-4EA6-99A5-9227ED197427-300x300.webp 300w, https:\/\/d2p6e6u75xmxt8.cloudfront.net\/15\/2023\/11\/31BCF802-4726-4EA6-99A5-9227ED197427-150x150.webp 150w, https:\/\/d2p6e6u75xmxt8.cloudfront.net\/15\/2023\/11\/31BCF802-4726-4EA6-99A5-9227ED197427-768x767.webp 768w, https:\/\/d2p6e6u75xmxt8.cloudfront.net\/15\/2023\/11\/31BCF802-4726-4EA6-99A5-9227ED197427-400x400.webp 400w\" sizes=\"auto, (max-width: 932px) 100vw, 932px\" \/><\/a><figcaption id=\"caption-attachment-1461\" class=\"wp-caption-text\">MM 2021, Itaalias, Elba saarel. Pildil koos oma Saksa tiimi manageri ja suppordi ning \u00fche tiimiliikmega.<\/figcaption><\/figure>\n<figure id=\"attachment_1464\" aria-describedby=\"caption-attachment-1464\" style=\"width: 745px\" class=\"wp-caption aligncenter\"><a href=\"https:\/\/d2p6e6u75xmxt8.cloudfront.net\/15\/2023\/11\/45505201-58F8-4A03-BC69-20FAFCC4B6D6-1.webp\"><img loading=\"lazy\" decoding=\"async\" class=\"wp-image-1464 size-full\" src=\"https:\/\/d2p6e6u75xmxt8.cloudfront.net\/15\/2023\/11\/45505201-58F8-4A03-BC69-20FAFCC4B6D6-1.webp\" alt=\"\" width=\"745\" height=\"931\" srcset=\"https:\/\/d2p6e6u75xmxt8.cloudfront.net\/15\/2023\/11\/45505201-58F8-4A03-BC69-20FAFCC4B6D6-1.webp 745w, https:\/\/d2p6e6u75xmxt8.cloudfront.net\/15\/2023\/11\/45505201-58F8-4A03-BC69-20FAFCC4B6D6-1-240x300.webp 240w, https:\/\/d2p6e6u75xmxt8.cloudfront.net\/15\/2023\/11\/45505201-58F8-4A03-BC69-20FAFCC4B6D6-1-320x400.webp 320w\" sizes=\"auto, (max-width: 745px) 100vw, 745px\" \/><\/a><figcaption id=\"caption-attachment-1464\" class=\"wp-caption-text\">Pildil koos Janina W\u00fcsti-ga, minu tiimikaaslane 2022.a, EM XCM, Janina v\u00f5itis h\u00f5beda, mina olin 11<\/figcaption><\/figure>\n","protected":false},"excerpt":{"rendered":"<p>Greete Steinburg on We Love Cycling Estonia tiimi uusim liige!<\/p>\n","protected":false},"author":174,"featured_media":1491,"comment_status":"open","ping_status":"open","sticky":false,"template":"","format":"standard","meta":{"footnotes":""},"categories":[13],"tags":[156,153,157],"global-categories":[22],"class_list":["post-1428","post","type-post","status-publish","format-standard","has-post-thumbnail","hentry","category-blogi","tag-brandisaadik","tag-greete-steinburg","tag-we-love-cycling-estonia","global-categories-cycling"],"yoast_head":"<!-- This site is optimized with the Yoast SEO Premium plugin v25.3 (Yoast SEO v25.9) - https:\/\/yoast.com\/wordpress\/plugins\/seo\/ -->\n<title>Greete Steinburg on We Love Cycling Eesti tiimi liige ja br\u00e4ndisaadik. - \u0160koda We Love Cycling - Estonia<\/title>\n<meta name=\"description\" content=\"Greete Steinburg on We Love Cycling Estonia tiimi uusim liige! Greetet hakkad kohtama meie Instagrami ja Facebooki kanalitel ja ka paljudes p\u00f5nevates projektides, mis l\u00e4hiajala toimuva saavad. Enda kohta kirjutab Greete nii:\" \/>\n<meta name=\"robots\" content=\"index, follow, max-snippet:-1, max-image-preview:large, max-video-preview:-1\" \/>\n<link rel=\"canonical\" href=\"https:\/\/www.welovecycling.com\/ee\/2023\/11\/20\/greete-steinburg-on-we-love-cycling-eesti-ametlik-brandisaadik-ja-tiimi-liige\/\" \/>\n<meta property=\"og:locale\" content=\"et_EE\" \/>\n<meta property=\"og:type\" content=\"article\" \/>\n<meta property=\"og:title\" content=\"Greete Steinburg on We Love Cycling Eesti tiimi liige ja br\u00e4ndisaadik.\" \/>\n<meta property=\"og:description\" content=\"Greete Steinburg on We Love Cycling Estonia tiimi uusim liige! Greetet hakkad kohtama meie Instagrami ja Facebooki kanalitel ja ka paljudes p\u00f5nevates projektides, mis l\u00e4hiajala toimuva saavad. Enda kohta kirjutab Greete nii:\" \/>\n<meta property=\"og:url\" content=\"https:\/\/www.welovecycling.com\/ee\/2023\/11\/20\/greete-steinburg-on-we-love-cycling-eesti-ametlik-brandisaadik-ja-tiimi-liige\/\" \/>\n<meta property=\"og:site_name\" content=\"\u0160koda We Love Cycling - Estonia\" \/>\n<meta property=\"article:published_time\" content=\"2023-11-20T16:37:44+00:00\" \/>\n<meta property=\"article:modified_time\" content=\"2023-11-20T16:46:09+00:00\" \/>\n<meta property=\"og:image\" content=\"https:\/\/d2p6e6u75xmxt8.cloudfront.net\/15\/2023\/11\/IMG_0268-scaled.webp\" \/>\n\t<meta property=\"og:image:width\" content=\"2560\" \/>\n\t<meta property=\"og:image:height\" content=\"1920\" \/>\n\t<meta property=\"og:image:type\" content=\"image\/webp\" \/>\n<meta name=\"author\" content=\"andre\" \/>\n<meta name=\"twitter:card\" content=\"summary_large_image\" \/>\n<meta name=\"twitter:label1\" content=\"Written by\" \/>\n\t<meta name=\"twitter:data1\" content=\"andre\" \/>\n\t<meta name=\"twitter:label2\" content=\"Est. reading time\" \/>\n\t<meta name=\"twitter:data2\" content=\"7 minutes\" \/>\n<script type=\"application\/ld+json\" class=\"yoast-schema-graph\">{\"@context\":\"https:\/\/schema.org\",\"@graph\":[{\"@type\":\"WebPage\",\"@id\":\"https:\/\/www.welovecycling.com\/ee\/2023\/11\/20\/greete-steinburg-on-we-love-cycling-eesti-ametlik-brandisaadik-ja-tiimi-liige\/\",\"url\":\"https:\/\/www.welovecycling.com\/ee\/2023\/11\/20\/greete-steinburg-on-we-love-cycling-eesti-ametlik-brandisaadik-ja-tiimi-liige\/\",\"name\":\"Greete Steinburg on We Love Cycling Eesti tiimi liige ja br\u00e4ndisaadik. - \u0160koda We Love Cycling - Estonia\",\"isPartOf\":{\"@id\":\"https:\/\/www.welovecycling.com\/ee\/#website\"},\"primaryImageOfPage\":{\"@id\":\"https:\/\/www.welovecycling.com\/ee\/2023\/11\/20\/greete-steinburg-on-we-love-cycling-eesti-ametlik-brandisaadik-ja-tiimi-liige\/#primaryimage\"},\"image\":{\"@id\":\"https:\/\/www.welovecycling.com\/ee\/2023\/11\/20\/greete-steinburg-on-we-love-cycling-eesti-ametlik-brandisaadik-ja-tiimi-liige\/#primaryimage\"},\"thumbnailUrl\":\"https:\/\/d2p6e6u75xmxt8.cloudfront.net\/15\/2023\/11\/IMG_0268-scaled.webp\",\"datePublished\":\"2023-11-20T16:37:44+00:00\",\"dateModified\":\"2023-11-20T16:46:09+00:00\",\"author\":{\"@id\":\"https:\/\/www.welovecycling.com\/ee\/#\/schema\/person\/8b7101c4bd1b1ae9d3732ebb1e6caf57\"},\"description\":\"Greete Steinburg on We Love Cycling Estonia tiimi uusim liige! Greetet hakkad kohtama meie Instagrami ja Facebooki kanalitel ja ka paljudes p\u00f5nevates projektides, mis l\u00e4hiajala toimuva saavad. Enda kohta kirjutab Greete nii:\",\"inLanguage\":\"et\",\"potentialAction\":[{\"@type\":\"ReadAction\",\"target\":[\"https:\/\/www.welovecycling.com\/ee\/2023\/11\/20\/greete-steinburg-on-we-love-cycling-eesti-ametlik-brandisaadik-ja-tiimi-liige\/\"]}]},{\"@type\":\"ImageObject\",\"inLanguage\":\"et\",\"@id\":\"https:\/\/www.welovecycling.com\/ee\/2023\/11\/20\/greete-steinburg-on-we-love-cycling-eesti-ametlik-brandisaadik-ja-tiimi-liige\/#primaryimage\",\"url\":\"https:\/\/d2p6e6u75xmxt8.cloudfront.net\/15\/2023\/11\/IMG_0268-scaled.webp\",\"contentUrl\":\"https:\/\/d2p6e6u75xmxt8.cloudfront.net\/15\/2023\/11\/IMG_0268-scaled.webp\",\"width\":2560,\"height\":1920},{\"@type\":\"WebSite\",\"@id\":\"https:\/\/www.welovecycling.com\/ee\/#website\",\"url\":\"https:\/\/www.welovecycling.com\/ee\/\",\"name\":\"\u0160koda We Love Cycling - Estonia\",\"description\":\"\",\"potentialAction\":[{\"@type\":\"SearchAction\",\"target\":{\"@type\":\"EntryPoint\",\"urlTemplate\":\"https:\/\/www.welovecycling.com\/ee\/?s={search_term_string}\"},\"query-input\":{\"@type\":\"PropertyValueSpecification\",\"valueRequired\":true,\"valueName\":\"search_term_string\"}}],\"inLanguage\":\"et\"},{\"@type\":\"Person\",\"@id\":\"https:\/\/www.welovecycling.com\/ee\/#\/schema\/person\/8b7101c4bd1b1ae9d3732ebb1e6caf57\",\"name\":\"andre\",\"image\":{\"@type\":\"ImageObject\",\"inLanguage\":\"et\",\"@id\":\"https:\/\/www.welovecycling.com\/ee\/#\/schema\/person\/image\/\",\"url\":\"https:\/\/secure.gravatar.com\/avatar\/0656b3224fe17b018f43b8a562625dd43d30827f027b2f62bc5a05711fec9a61?s=96&d=mm&r=g\",\"contentUrl\":\"https:\/\/secure.gravatar.com\/avatar\/0656b3224fe17b018f43b8a562625dd43d30827f027b2f62bc5a05711fec9a61?s=96&d=mm&r=g\",\"caption\":\"andre\"},\"url\":\"https:\/\/www.welovecycling.com\/ee\/author\/andre\/\"}]}<\/script>\n<!-- \/ Yoast SEO Premium plugin. -->","yoast_head_json":{"title":"Greete Steinburg on We Love Cycling Eesti tiimi liige ja br\u00e4ndisaadik. - \u0160koda We Love Cycling - Estonia","description":"Greete Steinburg on We Love Cycling Estonia tiimi uusim liige! Greetet hakkad kohtama meie Instagrami ja Facebooki kanalitel ja ka paljudes p\u00f5nevates projektides, mis l\u00e4hiajala toimuva saavad. Enda kohta kirjutab Greete nii:","robots":{"index":"index","follow":"follow","max-snippet":"max-snippet:-1","max-image-preview":"max-image-preview:large","max-video-preview":"max-video-preview:-1"},"canonical":"https:\/\/www.welovecycling.com\/ee\/2023\/11\/20\/greete-steinburg-on-we-love-cycling-eesti-ametlik-brandisaadik-ja-tiimi-liige\/","og_locale":"et_EE","og_type":"article","og_title":"Greete Steinburg on We Love Cycling Eesti tiimi liige ja br\u00e4ndisaadik.","og_description":"Greete Steinburg on We Love Cycling Estonia tiimi uusim liige! Greetet hakkad kohtama meie Instagrami ja Facebooki kanalitel ja ka paljudes p\u00f5nevates projektides, mis l\u00e4hiajala toimuva saavad. Enda kohta kirjutab Greete nii:","og_url":"https:\/\/www.welovecycling.com\/ee\/2023\/11\/20\/greete-steinburg-on-we-love-cycling-eesti-ametlik-brandisaadik-ja-tiimi-liige\/","og_site_name":"\u0160koda We Love Cycling - Estonia","article_published_time":"2023-11-20T16:37:44+00:00","article_modified_time":"2023-11-20T16:46:09+00:00","og_image":[{"width":2560,"height":1920,"url":"https:\/\/d2p6e6u75xmxt8.cloudfront.net\/15\/2023\/11\/IMG_0268-scaled.webp","type":"image\/webp"}],"author":"andre","twitter_card":"summary_large_image","twitter_misc":{"Written by":"andre","Est. reading time":"7 minutes"},"schema":{"@context":"https:\/\/schema.org","@graph":[{"@type":"WebPage","@id":"https:\/\/www.welovecycling.com\/ee\/2023\/11\/20\/greete-steinburg-on-we-love-cycling-eesti-ametlik-brandisaadik-ja-tiimi-liige\/","url":"https:\/\/www.welovecycling.com\/ee\/2023\/11\/20\/greete-steinburg-on-we-love-cycling-eesti-ametlik-brandisaadik-ja-tiimi-liige\/","name":"Greete Steinburg on We Love Cycling Eesti tiimi liige ja br\u00e4ndisaadik. - \u0160koda We Love Cycling - Estonia","isPartOf":{"@id":"https:\/\/www.welovecycling.com\/ee\/#website"},"primaryImageOfPage":{"@id":"https:\/\/www.welovecycling.com\/ee\/2023\/11\/20\/greete-steinburg-on-we-love-cycling-eesti-ametlik-brandisaadik-ja-tiimi-liige\/#primaryimage"},"image":{"@id":"https:\/\/www.welovecycling.com\/ee\/2023\/11\/20\/greete-steinburg-on-we-love-cycling-eesti-ametlik-brandisaadik-ja-tiimi-liige\/#primaryimage"},"thumbnailUrl":"https:\/\/d2p6e6u75xmxt8.cloudfront.net\/15\/2023\/11\/IMG_0268-scaled.webp","datePublished":"2023-11-20T16:37:44+00:00","dateModified":"2023-11-20T16:46:09+00:00","author":{"@id":"https:\/\/www.welovecycling.com\/ee\/#\/schema\/person\/8b7101c4bd1b1ae9d3732ebb1e6caf57"},"description":"Greete Steinburg on We Love Cycling Estonia tiimi uusim liige! Greetet hakkad kohtama meie Instagrami ja Facebooki kanalitel ja ka paljudes p\u00f5nevates projektides, mis l\u00e4hiajala toimuva saavad. Enda kohta kirjutab Greete nii:","inLanguage":"et","potentialAction":[{"@type":"ReadAction","target":["https:\/\/www.welovecycling.com\/ee\/2023\/11\/20\/greete-steinburg-on-we-love-cycling-eesti-ametlik-brandisaadik-ja-tiimi-liige\/"]}]},{"@type":"ImageObject","inLanguage":"et","@id":"https:\/\/www.welovecycling.com\/ee\/2023\/11\/20\/greete-steinburg-on-we-love-cycling-eesti-ametlik-brandisaadik-ja-tiimi-liige\/#primaryimage","url":"https:\/\/d2p6e6u75xmxt8.cloudfront.net\/15\/2023\/11\/IMG_0268-scaled.webp","contentUrl":"https:\/\/d2p6e6u75xmxt8.cloudfront.net\/15\/2023\/11\/IMG_0268-scaled.webp","width":2560,"height":1920},{"@type":"WebSite","@id":"https:\/\/www.welovecycling.com\/ee\/#website","url":"https:\/\/www.welovecycling.com\/ee\/","name":"\u0160koda We Love Cycling - Estonia","description":"","potentialAction":[{"@type":"SearchAction","target":{"@type":"EntryPoint","urlTemplate":"https:\/\/www.welovecycling.com\/ee\/?s={search_term_string}"},"query-input":{"@type":"PropertyValueSpecification","valueRequired":true,"valueName":"search_term_string"}}],"inLanguage":"et"},{"@type":"Person","@id":"https:\/\/www.welovecycling.com\/ee\/#\/schema\/person\/8b7101c4bd1b1ae9d3732ebb1e6caf57","name":"andre","image":{"@type":"ImageObject","inLanguage":"et","@id":"https:\/\/www.welovecycling.com\/ee\/#\/schema\/person\/image\/","url":"https:\/\/secure.gravatar.com\/avatar\/0656b3224fe17b018f43b8a562625dd43d30827f027b2f62bc5a05711fec9a61?s=96&d=mm&r=g","contentUrl":"https:\/\/secure.gravatar.com\/avatar\/0656b3224fe17b018f43b8a562625dd43d30827f027b2f62bc5a05711fec9a61?s=96&d=mm&r=g","caption":"andre"},"url":"https:\/\/www.welovecycling.com\/ee\/author\/andre\/"}]}},"_links":{"self":[{"href":"https:\/\/www.welovecycling.com\/ee\/wp-json\/wp\/v2\/posts\/1428","targetHints":{"allow":["GET"]}}],"collection":[{"href":"https:\/\/www.welovecycling.com\/ee\/wp-json\/wp\/v2\/posts"}],"about":[{"href":"https:\/\/www.welovecycling.com\/ee\/wp-json\/wp\/v2\/types\/post"}],"author":[{"embeddable":true,"href":"https:\/\/www.welovecycling.com\/ee\/wp-json\/wp\/v2\/users\/174"}],"replies":[{"embeddable":true,"href":"https:\/\/www.welovecycling.com\/ee\/wp-json\/wp\/v2\/comments?post=1428"}],"version-history":[{"count":8,"href":"https:\/\/www.welovecycling.com\/ee\/wp-json\/wp\/v2\/posts\/1428\/revisions"}],"predecessor-version":[{"id":1494,"href":"https:\/\/www.welovecycling.com\/ee\/wp-json\/wp\/v2\/posts\/1428\/revisions\/1494"}],"wp:featuredmedia":[{"embeddable":true,"href":"https:\/\/www.welovecycling.com\/ee\/wp-json\/wp\/v2\/media\/1491"}],"wp:attachment":[{"href":"https:\/\/www.welovecycling.com\/ee\/wp-json\/wp\/v2\/media?parent=1428"}],"wp:term":[{"taxonomy":"category","embeddable":true,"href":"https:\/\/www.welovecycling.com\/ee\/wp-json\/wp\/v2\/categories?post=1428"},{"taxonomy":"post_tag","embeddable":true,"href":"https:\/\/www.welovecycling.com\/ee\/wp-json\/wp\/v2\/tags?post=1428"},{"taxonomy":"global-categories","embeddable":true,"href":"https:\/\/www.welovecycling.com\/ee\/wp-json\/wp\/v2\/global-categories?post=1428"}],"curies":[{"name":"wp","href":"https:\/\/api.w.org\/{rel}","templated":true}]}}