{"id":1414,"date":"2023-10-30T15:17:02","date_gmt":"2023-10-30T12:17:02","guid":{"rendered":"https:\/\/www.welovecycling.com\/ee\/?p=1414"},"modified":"2023-10-30T15:17:02","modified_gmt":"2023-10-30T12:17:02","slug":"2024-aasta-tour-de-francei-rada-neli-finisit-maetippudes-kaks-eraldistarti-ja-pariisi-polegi","status":"publish","type":"post","link":"https:\/\/www.welovecycling.com\/ee\/2023\/10\/30\/2024-aasta-tour-de-francei-rada-neli-finisit-maetippudes-kaks-eraldistarti-ja-pariisi-polegi\/","title":{"rendered":"2024 aasta Tour de France\u2019i rada: neli fini\u0161it m\u00e4etippudes, kaks eraldistarti ja Pariisi polegi"},"content":{"rendered":"<h2>Kolmap\u00e4eval, 25. oktoobril esitleti 2024. aasta Tour de France\u2019i rada, mis pakub midagi meeldivat iga\u00fchele \u2013 v\u00e4lja arvatud neile ratturitele ja pealtvaatajatele, kes armastavad k\u00fclastada Pariisi. M\u00e4gietappe saab olema seitse, neist nelja fini\u0161 on m\u00e4etipus, palju on k\u00fcnkaid, kaks eraldistardist tempos\u00f5itu (t\u00e4navuse \u00fche asemel), neist \u00fcks v\u00f5istluse l\u00f5pup\u00e4eval, ent mitte Pariisis, vaid Vahemere \u00e4\u00e4res Nice\u2019is.<\/h2>\n<p>V\u00f5istluse algus \u2013 Grand D\u00e9part \u2013 on esimest korda Itaalias, t\u00e4psemalt \u00f6eldes Firenzes. Ka Nice on fini\u0161ipaigaks esimest korda. 206-kilomeetrine avaetapp kulgeb l\u00e4bi Toskaana ja Emilia-Romagna, sisaldab piisavalt k\u00fcnkaid \u2013 t\u00e4psemalt seitse \u2013 ja on seet\u00f5ttu meelep\u00e4rane k\u00f5igile klassikute spetsidele. Etapp l\u00f5peb Riminis \u2013 see on \u00fcks viiest Itaalia linnast, kus esimest korda asub etapi start v\u00f5i fini\u0161.<\/p>\n<p>Kogu marsruut on 3404 kilomeetrit pikk ning sisaldab kokku \u00fcle 52 000 meetri t\u00f5usu, mis lubab rohkelt draamat. Palju draamat leiab kindlasti aset ka viimase puhkep\u00e4eva j\u00e4rel, kuna viimasest kuuest etapist kolm s\u00f5idetakse k\u00f5rgm\u00e4gedes ning v\u00f5istlust l\u00f5petav tempos\u00f5it k\u00fcnklikul maastikul. Viimasest kolmest m\u00e4gietapist omakorda kaks l\u00f5pevad m\u00e4etippudel \u2013 nendeks on Isola 2000 ja Col de la Couillole \u2013, mis paneb otsustava tempos\u00f5idu eel ratturite jalad t\u00f5siselt proovile. Eelviimase etapi m\u00e4gifini\u0161 Col de la Couillole\u2019il (15,7 kilomeetrit keskmise t\u00f5usuga 7,1%) on m\u00f5nele potentsiaalsele Touri v\u00f5idusoosikule juba tuttav t\u00e4navuselt Pariis\u2013Nice\u2019i tuurilt. Tadej Poga\u010dar edestas seal fini\u0161ijoonel David Gaudud ja t\u00e4navuse Touri v\u00f5itjat <a href=\"https:\/\/www.welovecycling.com\/wide\/2023\/07\/23\/vingegaard-on-winning-the-tour-its-been-a-long-journey-but-it-also-went-by-so-fast\/\">Jonas Vingegaardi<\/a>.<\/p>\n<p><iframe loading=\"lazy\" title=\"YouTube video player\" src=\"https:\/\/www.youtube-nocookie.com\/embed\/48eANiuRwM4?si=p2KZ-763-dpVL-gr\" width=\"560\" height=\"315\" frameborder=\"0\" allowfullscreen=\"allowfullscreen\"><\/iframe><\/p>\n<p>Kuna ka viimasel etapil s\u00f5idetakse t\u00f5siselt v\u00f5idu, j\u00e4\u00e4b \u00e4ra \u00fcldv\u00f5itja traditsiooniline \u0161ampanjatuur. Kui m\u00e4ed ei peaks v\u00f5itjat otsustama, v\u00f5ib 21. etapp kujuneda samasuguseks nagu legendaarsel 1989. aasta Touril. Toona v\u00f5ttis Greg LeMond prantslaselt Laurent Fignonilt kollase s\u00e4rgi \u00e4ra 21. ehk viimasel etapil eraldistardist s\u00f5iduga ning saavutas esikoha k\u00f5igest kaheksasekundilise eduga. See oli \u00fcks silmapaistvamaid viimase hetke \u0161okke Touri ajaloos. 35-kilomeetrine tempos\u00f5it sisaldab rasket t\u00f5usu La Turbie\u2019le (8,1 km @ 6,5%) ning l\u00fchikest, kuid j\u00e4rsku ronimist Col d\u2019\u00c8ze\u2019ile (1,6 km @ 8,1%), enne kui naaseb mere\u00e4\u00e4rsele lauskmaale fini\u0161iks ja autasustamistseremooniaks. V\u00f5ib ette kujutada, et Remco Evenepoel, kes tuleval aastal suure kindlusega osaleb oma esimesel Tour de France\u2019il, uurib juba praegu kaardilt seda l\u00f5puetappi, mis v\u00f5ib v\u00f5istluse tulemuse osas m\u00e4\u00e4ravaks saada.<\/p>\n<p>Korraldaja ASO kinnitusel sisaldab <a href=\"https:\/\/www.letour.fr\/en\/\">Tour<\/a> ka kaheksat lauskmaaetappi. Need r\u00f5\u00f5mustavad kindlasti mullust \u0160koda rohelise s\u00e4rgi v\u00f5itjat Jasper Philipseni ja Mark Cavendishi, kes otsustas errumineku edasi l\u00fckata, et v\u00f5tta Tourilt 35. etapiv\u00f5it ning astuda rekordiraamatutes legendaarse Eddy Merckxi asemele. Uus n\u00f5ks tuleval aastal on t\u00e4iendavate preemiasekundite \u2013 kaheksa, viis ja kaks \u2013 andmine vahefini\u0161ites lisaks seal jagatavatele boonuspunktidele ning tavap\u00e4rastele k\u00fcmnele, kuuele ja neljale sekundile etapi fini\u0161is. Ning \u00fcheksandal etapil tuleb ratturitel kuidagi hakkama saada 32 kilomeetri kruusateega.<\/p>\n<p>Nagu \u00f6eldud \u2013 tuleva aasta Touril leidub iga\u00fchele midagi, eriti aga p\u00f6idlahoidjatele ja pealtvaatajatele.<\/p>\n","protected":false},"excerpt":{"rendered":"<p>Kolmap\u00e4eval, 25. oktoobril esitleti 2024. aasta Tour de France\u2019i rada, mis pakub midagi meeldivat iga\u00fchele \u2013 v\u00e4lja arvatud neile ratturitele [&hellip;]<\/p>\n","protected":false},"author":174,"featured_media":1420,"comment_status":"open","ping_status":"open","sticky":false,"template":"","format":"standard","meta":{"footnotes":""},"categories":[7],"tags":[148,149,14],"global-categories":[22],"class_list":["post-1414","post","type-post","status-publish","format-standard","has-post-thumbnail","hentry","category-maanteeratas","tag-2024-tour-de-france","tag-2024-tour-de-france-marsruut","tag-tour-de-france","global-categories-cycling"],"yoast_head":"<!-- This site is optimized with the Yoast SEO Premium plugin v25.3 (Yoast SEO v25.9) - https:\/\/yoast.com\/wordpress\/plugins\/seo\/ -->\n<title>2024 aasta Tour de France\u2019i rada: neli fini\u0161it m\u00e4etippudes, kaks eraldistarti ja Pariisi polegi - \u0160koda We Love Cycling - Estonia<\/title>\n<meta name=\"description\" content=\"Kolmap\u00e4eval, 25. oktoobril esitleti 2024. aasta Tour de France\u2019i rada, mis pakub midagi meeldivat iga\u00fchele \u2013 v\u00e4lja arvatud neile ratturitele ja pealtvaatajatele, kes armastavad k\u00fclastada Pariisi. M\u00e4gietappe saab olema seitse, neist nelja fini\u0161 on m\u00e4etipus, palju on k\u00fcnkaid, kaks eraldistardist tempos\u00f5itu (t\u00e4navuse \u00fche asemel), neist \u00fcks v\u00f5istluse l\u00f5pup\u00e4eval, ent mitte Pariisis, vaid Vahemere \u00e4\u00e4res Nice\u2019is.\" \/>\n<meta name=\"robots\" content=\"index, follow, max-snippet:-1, max-image-preview:large, max-video-preview:-1\" \/>\n<link rel=\"canonical\" href=\"https:\/\/www.welovecycling.com\/ee\/2023\/10\/30\/2024-aasta-tour-de-francei-rada-neli-finisit-maetippudes-kaks-eraldistarti-ja-pariisi-polegi\/\" \/>\n<meta property=\"og:locale\" content=\"et_EE\" \/>\n<meta property=\"og:type\" content=\"article\" \/>\n<meta property=\"og:title\" content=\"2024 aasta Tour de France\u2019i rada: neli fini\u0161it m\u00e4etippudes, kaks eraldistarti ja Pariisi polegi\" \/>\n<meta property=\"og:description\" content=\"Kolmap\u00e4eval, 25. oktoobril esitleti 2024. aasta Tour de France\u2019i rada, mis pakub midagi meeldivat iga\u00fchele \u2013 v\u00e4lja arvatud neile ratturitele ja pealtvaatajatele, kes armastavad k\u00fclastada Pariisi. M\u00e4gietappe saab olema seitse, neist nelja fini\u0161 on m\u00e4etipus, palju on k\u00fcnkaid, kaks eraldistardist tempos\u00f5itu (t\u00e4navuse \u00fche asemel), neist \u00fcks v\u00f5istluse l\u00f5pup\u00e4eval, ent mitte Pariisis, vaid Vahemere \u00e4\u00e4res Nice\u2019is.\" \/>\n<meta property=\"og:url\" content=\"https:\/\/www.welovecycling.com\/ee\/2023\/10\/30\/2024-aasta-tour-de-francei-rada-neli-finisit-maetippudes-kaks-eraldistarti-ja-pariisi-polegi\/\" \/>\n<meta property=\"og:site_name\" content=\"\u0160koda We Love Cycling - Estonia\" \/>\n<meta property=\"article:published_time\" content=\"2023-10-30T12:17:02+00:00\" \/>\n<meta property=\"og:image\" content=\"https:\/\/d2p6e6u75xmxt8.cloudfront.net\/15\/2023\/10\/tour24.webp\" \/>\n\t<meta property=\"og:image:width\" content=\"990\" \/>\n\t<meta property=\"og:image:height\" content=\"656\" \/>\n\t<meta property=\"og:image:type\" content=\"image\/webp\" \/>\n<meta name=\"author\" content=\"andre\" \/>\n<meta name=\"twitter:card\" content=\"summary_large_image\" \/>\n<meta name=\"twitter:label1\" content=\"Written by\" \/>\n\t<meta name=\"twitter:data1\" content=\"Siegfried Mortkowitz\" \/>\n\t<meta name=\"twitter:label2\" content=\"Est. reading time\" \/>\n\t<meta name=\"twitter:data2\" content=\"5\" \/>\n<script type=\"application\/ld+json\" class=\"yoast-schema-graph\">{\"@context\":\"https:\/\/schema.org\",\"@graph\":[{\"@type\":\"WebPage\",\"@id\":\"https:\/\/www.welovecycling.com\/ee\/2023\/10\/30\/2024-aasta-tour-de-francei-rada-neli-finisit-maetippudes-kaks-eraldistarti-ja-pariisi-polegi\/\",\"url\":\"https:\/\/www.welovecycling.com\/ee\/2023\/10\/30\/2024-aasta-tour-de-francei-rada-neli-finisit-maetippudes-kaks-eraldistarti-ja-pariisi-polegi\/\",\"name\":\"2024 aasta Tour de France\u2019i rada: neli fini\u0161it m\u00e4etippudes, kaks eraldistarti ja Pariisi polegi - \u0160koda We Love Cycling - Estonia\",\"isPartOf\":{\"@id\":\"https:\/\/www.welovecycling.com\/ee\/#website\"},\"primaryImageOfPage\":{\"@id\":\"https:\/\/www.welovecycling.com\/ee\/2023\/10\/30\/2024-aasta-tour-de-francei-rada-neli-finisit-maetippudes-kaks-eraldistarti-ja-pariisi-polegi\/#primaryimage\"},\"image\":{\"@id\":\"https:\/\/www.welovecycling.com\/ee\/2023\/10\/30\/2024-aasta-tour-de-francei-rada-neli-finisit-maetippudes-kaks-eraldistarti-ja-pariisi-polegi\/#primaryimage\"},\"thumbnailUrl\":\"https:\/\/d2p6e6u75xmxt8.cloudfront.net\/15\/2023\/10\/tour24.webp\",\"datePublished\":\"2023-10-30T12:17:02+00:00\",\"author\":{\"@id\":\"https:\/\/www.welovecycling.com\/ee\/#\/schema\/person\/8b7101c4bd1b1ae9d3732ebb1e6caf57\"},\"description\":\"Kolmap\u00e4eval, 25. oktoobril esitleti 2024. aasta Tour de France\u2019i rada, mis pakub midagi meeldivat iga\u00fchele \u2013 v\u00e4lja arvatud neile ratturitele ja pealtvaatajatele, kes armastavad k\u00fclastada Pariisi. M\u00e4gietappe saab olema seitse, neist nelja fini\u0161 on m\u00e4etipus, palju on k\u00fcnkaid, kaks eraldistardist tempos\u00f5itu (t\u00e4navuse \u00fche asemel), neist \u00fcks v\u00f5istluse l\u00f5pup\u00e4eval, ent mitte Pariisis, vaid Vahemere \u00e4\u00e4res Nice\u2019is.\",\"inLanguage\":\"et\",\"potentialAction\":[{\"@type\":\"ReadAction\",\"target\":[\"https:\/\/www.welovecycling.com\/ee\/2023\/10\/30\/2024-aasta-tour-de-francei-rada-neli-finisit-maetippudes-kaks-eraldistarti-ja-pariisi-polegi\/\"]}]},{\"@type\":\"ImageObject\",\"inLanguage\":\"et\",\"@id\":\"https:\/\/www.welovecycling.com\/ee\/2023\/10\/30\/2024-aasta-tour-de-francei-rada-neli-finisit-maetippudes-kaks-eraldistarti-ja-pariisi-polegi\/#primaryimage\",\"url\":\"https:\/\/d2p6e6u75xmxt8.cloudfront.net\/15\/2023\/10\/tour24.webp\",\"contentUrl\":\"https:\/\/d2p6e6u75xmxt8.cloudfront.net\/15\/2023\/10\/tour24.webp\",\"width\":990,\"height\":656},{\"@type\":\"WebSite\",\"@id\":\"https:\/\/www.welovecycling.com\/ee\/#website\",\"url\":\"https:\/\/www.welovecycling.com\/ee\/\",\"name\":\"\u0160koda We Love Cycling - Estonia\",\"description\":\"\",\"potentialAction\":[{\"@type\":\"SearchAction\",\"target\":{\"@type\":\"EntryPoint\",\"urlTemplate\":\"https:\/\/www.welovecycling.com\/ee\/?s={search_term_string}\"},\"query-input\":{\"@type\":\"PropertyValueSpecification\",\"valueRequired\":true,\"valueName\":\"search_term_string\"}}],\"inLanguage\":\"et\"},{\"@type\":\"Person\",\"@id\":\"https:\/\/www.welovecycling.com\/ee\/#\/schema\/person\/8b7101c4bd1b1ae9d3732ebb1e6caf57\",\"name\":\"andre\",\"image\":{\"@type\":\"ImageObject\",\"inLanguage\":\"et\",\"@id\":\"https:\/\/www.welovecycling.com\/ee\/#\/schema\/person\/image\/\",\"url\":\"https:\/\/secure.gravatar.com\/avatar\/0656b3224fe17b018f43b8a562625dd43d30827f027b2f62bc5a05711fec9a61?s=96&d=mm&r=g\",\"contentUrl\":\"https:\/\/secure.gravatar.com\/avatar\/0656b3224fe17b018f43b8a562625dd43d30827f027b2f62bc5a05711fec9a61?s=96&d=mm&r=g\",\"caption\":\"andre\"},\"url\":\"https:\/\/www.welovecycling.com\/ee\/author\/andre\/\"}]}<\/script>\n<!-- \/ Yoast SEO Premium plugin. -->","yoast_head_json":{"title":"2024 aasta Tour de France\u2019i rada: neli fini\u0161it m\u00e4etippudes, kaks eraldistarti ja Pariisi polegi - \u0160koda We Love Cycling - Estonia","description":"Kolmap\u00e4eval, 25. oktoobril esitleti 2024. aasta Tour de France\u2019i rada, mis pakub midagi meeldivat iga\u00fchele \u2013 v\u00e4lja arvatud neile ratturitele ja pealtvaatajatele, kes armastavad k\u00fclastada Pariisi. M\u00e4gietappe saab olema seitse, neist nelja fini\u0161 on m\u00e4etipus, palju on k\u00fcnkaid, kaks eraldistardist tempos\u00f5itu (t\u00e4navuse \u00fche asemel), neist \u00fcks v\u00f5istluse l\u00f5pup\u00e4eval, ent mitte Pariisis, vaid Vahemere \u00e4\u00e4res Nice\u2019is.","robots":{"index":"index","follow":"follow","max-snippet":"max-snippet:-1","max-image-preview":"max-image-preview:large","max-video-preview":"max-video-preview:-1"},"canonical":"https:\/\/www.welovecycling.com\/ee\/2023\/10\/30\/2024-aasta-tour-de-francei-rada-neli-finisit-maetippudes-kaks-eraldistarti-ja-pariisi-polegi\/","og_locale":"et_EE","og_type":"article","og_title":"2024 aasta Tour de France\u2019i rada: neli fini\u0161it m\u00e4etippudes, kaks eraldistarti ja Pariisi polegi","og_description":"Kolmap\u00e4eval, 25. oktoobril esitleti 2024. aasta Tour de France\u2019i rada, mis pakub midagi meeldivat iga\u00fchele \u2013 v\u00e4lja arvatud neile ratturitele ja pealtvaatajatele, kes armastavad k\u00fclastada Pariisi. M\u00e4gietappe saab olema seitse, neist nelja fini\u0161 on m\u00e4etipus, palju on k\u00fcnkaid, kaks eraldistardist tempos\u00f5itu (t\u00e4navuse \u00fche asemel), neist \u00fcks v\u00f5istluse l\u00f5pup\u00e4eval, ent mitte Pariisis, vaid Vahemere \u00e4\u00e4res Nice\u2019is.","og_url":"https:\/\/www.welovecycling.com\/ee\/2023\/10\/30\/2024-aasta-tour-de-francei-rada-neli-finisit-maetippudes-kaks-eraldistarti-ja-pariisi-polegi\/","og_site_name":"\u0160koda We Love Cycling - Estonia","article_published_time":"2023-10-30T12:17:02+00:00","og_image":[{"width":990,"height":656,"url":"https:\/\/d2p6e6u75xmxt8.cloudfront.net\/15\/2023\/10\/tour24.webp","type":"image\/webp"}],"author":"andre","twitter_card":"summary_large_image","twitter_misc":{"Written by":"Siegfried Mortkowitz","Est. reading time":"5"},"schema":{"@context":"https:\/\/schema.org","@graph":[{"@type":"WebPage","@id":"https:\/\/www.welovecycling.com\/ee\/2023\/10\/30\/2024-aasta-tour-de-francei-rada-neli-finisit-maetippudes-kaks-eraldistarti-ja-pariisi-polegi\/","url":"https:\/\/www.welovecycling.com\/ee\/2023\/10\/30\/2024-aasta-tour-de-francei-rada-neli-finisit-maetippudes-kaks-eraldistarti-ja-pariisi-polegi\/","name":"2024 aasta Tour de France\u2019i rada: neli fini\u0161it m\u00e4etippudes, kaks eraldistarti ja Pariisi polegi - \u0160koda We Love Cycling - Estonia","isPartOf":{"@id":"https:\/\/www.welovecycling.com\/ee\/#website"},"primaryImageOfPage":{"@id":"https:\/\/www.welovecycling.com\/ee\/2023\/10\/30\/2024-aasta-tour-de-francei-rada-neli-finisit-maetippudes-kaks-eraldistarti-ja-pariisi-polegi\/#primaryimage"},"image":{"@id":"https:\/\/www.welovecycling.com\/ee\/2023\/10\/30\/2024-aasta-tour-de-francei-rada-neli-finisit-maetippudes-kaks-eraldistarti-ja-pariisi-polegi\/#primaryimage"},"thumbnailUrl":"https:\/\/d2p6e6u75xmxt8.cloudfront.net\/15\/2023\/10\/tour24.webp","datePublished":"2023-10-30T12:17:02+00:00","author":{"@id":"https:\/\/www.welovecycling.com\/ee\/#\/schema\/person\/8b7101c4bd1b1ae9d3732ebb1e6caf57"},"description":"Kolmap\u00e4eval, 25. oktoobril esitleti 2024. aasta Tour de France\u2019i rada, mis pakub midagi meeldivat iga\u00fchele \u2013 v\u00e4lja arvatud neile ratturitele ja pealtvaatajatele, kes armastavad k\u00fclastada Pariisi. M\u00e4gietappe saab olema seitse, neist nelja fini\u0161 on m\u00e4etipus, palju on k\u00fcnkaid, kaks eraldistardist tempos\u00f5itu (t\u00e4navuse \u00fche asemel), neist \u00fcks v\u00f5istluse l\u00f5pup\u00e4eval, ent mitte Pariisis, vaid Vahemere \u00e4\u00e4res Nice\u2019is.","inLanguage":"et","potentialAction":[{"@type":"ReadAction","target":["https:\/\/www.welovecycling.com\/ee\/2023\/10\/30\/2024-aasta-tour-de-francei-rada-neli-finisit-maetippudes-kaks-eraldistarti-ja-pariisi-polegi\/"]}]},{"@type":"ImageObject","inLanguage":"et","@id":"https:\/\/www.welovecycling.com\/ee\/2023\/10\/30\/2024-aasta-tour-de-francei-rada-neli-finisit-maetippudes-kaks-eraldistarti-ja-pariisi-polegi\/#primaryimage","url":"https:\/\/d2p6e6u75xmxt8.cloudfront.net\/15\/2023\/10\/tour24.webp","contentUrl":"https:\/\/d2p6e6u75xmxt8.cloudfront.net\/15\/2023\/10\/tour24.webp","width":990,"height":656},{"@type":"WebSite","@id":"https:\/\/www.welovecycling.com\/ee\/#website","url":"https:\/\/www.welovecycling.com\/ee\/","name":"\u0160koda We Love Cycling - Estonia","description":"","potentialAction":[{"@type":"SearchAction","target":{"@type":"EntryPoint","urlTemplate":"https:\/\/www.welovecycling.com\/ee\/?s={search_term_string}"},"query-input":{"@type":"PropertyValueSpecification","valueRequired":true,"valueName":"search_term_string"}}],"inLanguage":"et"},{"@type":"Person","@id":"https:\/\/www.welovecycling.com\/ee\/#\/schema\/person\/8b7101c4bd1b1ae9d3732ebb1e6caf57","name":"andre","image":{"@type":"ImageObject","inLanguage":"et","@id":"https:\/\/www.welovecycling.com\/ee\/#\/schema\/person\/image\/","url":"https:\/\/secure.gravatar.com\/avatar\/0656b3224fe17b018f43b8a562625dd43d30827f027b2f62bc5a05711fec9a61?s=96&d=mm&r=g","contentUrl":"https:\/\/secure.gravatar.com\/avatar\/0656b3224fe17b018f43b8a562625dd43d30827f027b2f62bc5a05711fec9a61?s=96&d=mm&r=g","caption":"andre"},"url":"https:\/\/www.welovecycling.com\/ee\/author\/andre\/"}]}},"_links":{"self":[{"href":"https:\/\/www.welovecycling.com\/ee\/wp-json\/wp\/v2\/posts\/1414","targetHints":{"allow":["GET"]}}],"collection":[{"href":"https:\/\/www.welovecycling.com\/ee\/wp-json\/wp\/v2\/posts"}],"about":[{"href":"https:\/\/www.welovecycling.com\/ee\/wp-json\/wp\/v2\/types\/post"}],"author":[{"embeddable":true,"href":"https:\/\/www.welovecycling.com\/ee\/wp-json\/wp\/v2\/users\/174"}],"replies":[{"embeddable":true,"href":"https:\/\/www.welovecycling.com\/ee\/wp-json\/wp\/v2\/comments?post=1414"}],"version-history":[{"count":5,"href":"https:\/\/www.welovecycling.com\/ee\/wp-json\/wp\/v2\/posts\/1414\/revisions"}],"predecessor-version":[{"id":1419,"href":"https:\/\/www.welovecycling.com\/ee\/wp-json\/wp\/v2\/posts\/1414\/revisions\/1419"}],"wp:featuredmedia":[{"embeddable":true,"href":"https:\/\/www.welovecycling.com\/ee\/wp-json\/wp\/v2\/media\/1420"}],"wp:attachment":[{"href":"https:\/\/www.welovecycling.com\/ee\/wp-json\/wp\/v2\/media?parent=1414"}],"wp:term":[{"taxonomy":"category","embeddable":true,"href":"https:\/\/www.welovecycling.com\/ee\/wp-json\/wp\/v2\/categories?post=1414"},{"taxonomy":"post_tag","embeddable":true,"href":"https:\/\/www.welovecycling.com\/ee\/wp-json\/wp\/v2\/tags?post=1414"},{"taxonomy":"global-categories","embeddable":true,"href":"https:\/\/www.welovecycling.com\/ee\/wp-json\/wp\/v2\/global-categories?post=1414"}],"curies":[{"name":"wp","href":"https:\/\/api.w.org\/{rel}","templated":true}]}}