{"id":1393,"date":"2023-10-16T11:14:55","date_gmt":"2023-10-16T11:14:55","guid":{"rendered":"https:\/\/www.welovecycling.com\/ee\/?p=1393"},"modified":"2023-10-16T11:14:55","modified_gmt":"2023-10-16T11:14:55","slug":"mark-cavendish-votab-2024-aastaks-sihikule-tour-de-francei-ajaloolise-voidu","status":"publish","type":"post","link":"https:\/\/www.welovecycling.com\/ee\/2023\/10\/16\/mark-cavendish-votab-2024-aastaks-sihikule-tour-de-francei-ajaloolise-voidu\/","title":{"rendered":"Mark Cavendish v\u00f5tab 2024. aastaks sihikule Tour de France\u2019i ajaloolise v\u00f5idu"},"content":{"rendered":"<h3><span style=\"font-weight: 400;\">\u00dcllataval kombel otsustas tunnustatud sprinter Mark Cavendish oma errumineku edasi l\u00fckata ning valmistub 2024. aasta Tour de France\u2019il rekordit p\u00fcstitama. Ta j\u00e4tkab oma teekonda Astana Qazaqstani tiimis ning sihib legendaarsel v\u00f5istlusel enneolematut, 35. etapiv\u00f5itu.<\/span><\/h3>\n<p><span style=\"font-weight: 400;\">Maikuus Giro d\u2019Italial andis Cavendish vihjeid karj\u00e4\u00e4ri l\u00f5petamise kohta, kuid n\u00fc\u00fcd valmistub j\u00e4\u00e4gitu p\u00fchendumusega oma 18. hooajaks. Oodatust keerukamaks osutunud rangluumurrust taastumise j\u00e4rel naasis Cavendish v\u00f5istlusrajale 8.\u201315. oktoobril toimunud T\u00fcrgi tuuril. Ta esines seal k\u00fcll kahvatult, aga ilmselt olid sellel tuurile tel endale seatud eesm\u00e4rgid teised.<\/span><\/p>\n<p><span style=\"font-weight: 400;\">Astana Qazaqstan andis kavatsustest \u2013 \u201eSee pole veel l\u00e4bi!\u201c \u2013 teada sotsiaalmeedias, saatjaks videomontaa\u017e Cavendishi legendaarsetest v\u00f5iduhetkedest <a href=\"https:\/\/www.letour.fr\/en\/\">Tour de France<\/a>\u2019il.<\/span><\/p>\n<p><span style=\"font-weight: 400;\">Cavendish selgitas ka l\u00e4hemalt oma otsust edasi pingutada: \u201eR\u00e4\u00e4kisin lastega ja k\u00fcsisin, mida issi peaks tegema. Nemad \u00fctlesid, et pane edasi. Nii et siin ma siis olen \u2013 ainult \u00fcheks aastaks, v\u00f5i mis?\u201c<\/span><\/p>\n<p><span style=\"font-weight: 400;\">Samuti avas ta oma l\u00f5petamiskavatsuste tagamaid: \u201eArvasin, et t\u00e4navu ongi minuga \u00fchel pool. Teatasin erruminekust. Ootasin, et ei pea enam \u00fcles t\u00f5usma ja trenni minema\u2026 Aga mida rohkem ma suvel rattaga s\u00f5itsin, seda rohkem sain aru, et armastan rattas\u00f5itu.\u201c<\/span><\/p>\n<p><span style=\"font-weight: 400;\">Kui 2023. aastal liitus Cavendish Kasahstani meeskonnaga ja teenis v\u00f5idu Giro d\u2019Italia l\u00f5puetapil, siis Tour de France\u2019il saadud vigastus muutis olukorda. Laialt hakkasid levima spekulatsioonid tema karj\u00e4\u00e4ri j\u00e4tkumise kohta.<\/span><\/p>\n<p><span style=\"font-weight: 400;\">Astana juht Aleksandr Vinokurov aga asus kohe ratturit toetama. \u201eMeile meeldiks, kui Mark j\u00e4tkaks ka aastal 2024 ja osaleks oma 15. Tour de France\u2019il, et v\u00f5tta 35. etapiv\u00f5it,\u201c teatas ta varsti p\u00e4rast Touri \u00f5nnetust.<\/span><\/p>\n<p><span style=\"font-weight: 400;\">\u201eMa usun, et t\u00f5eline meister ei peaks oma karj\u00e4\u00e4ri sel viisil l\u00f5petama. Minu arvates m\u00f5tles Mark t\u00f5siselt j\u00e4rele. Ei ole lihtne muuta juba kord tehtud otsust, kuid l\u00f5puks Mark n\u00f5ustus ja on ka aastal 2024 Astana Qazaqstani meeskonna rattur,\u201c valgustas Vinokurov toimunu tagamaid.<\/span><\/p>\n<p><span style=\"font-weight: 400;\">Astana Qazaqstan t\u00e4iendab ka oma ridu, et Cavendishile t\u00f5husat tuge pakkuda. Seda p\u00fchendumust kinnitavad olulisemad \u00fcleminekud, Astanasse suundusid Max Kanter Movistarist ja Davide Ballerini ja Michael M\u00f8rk\u00f8v Soudal-QuickStepist.\u00a0<\/span><\/p>\n<p><span style=\"font-weight: 400;\">Arvestades Cavendishi j\u00e4releandmatust ja Astana Qazaqstani strateegilisi samme koosseisu tugevdamiseks , ootame jul\u00e4bematult uut hooaega .<\/span><\/p>\n","protected":false},"excerpt":{"rendered":"<p>\u00dcllataval kombel otsustas tunnustatud sprinter Mark Cavendish oma errumineku edasi l\u00fckata ning valmistub 2024. aasta Tour de France\u2019il rekordit p\u00fcstitama. [&hellip;]<\/p>\n","protected":false},"author":174,"featured_media":1394,"comment_status":"open","ping_status":"open","sticky":false,"template":"","format":"standard","meta":{"footnotes":""},"categories":[39],"tags":[146,14],"global-categories":[22],"class_list":["post-1393","post","type-post","status-publish","format-standard","has-post-thumbnail","hentry","category-maanteesoit","tag-mark-cavendish","tag-tour-de-france","global-categories-cycling"],"yoast_head":"<!-- This site is optimized with the Yoast SEO Premium plugin v25.3 (Yoast SEO v25.9) - https:\/\/yoast.com\/wordpress\/plugins\/seo\/ -->\n<title>Mark Cavendish v\u00f5tab 2024. aastaks sihikule Tour de France\u2019i ajaloolise v\u00f5idu - \u0160koda We Love Cycling - Estonia<\/title>\n<meta name=\"description\" content=\"\u00dcllataval kombel otsustas tunnustatud sprinter Mark Cavendish oma errumineku edasi l\u00fckata ning valmistub 2024. aasta Tour de France\u2019il rekordit p\u00fcstitama. Ta j\u00e4tkab oma teekonda Astana Qazaqstani tiimis ning sihib legendaarsel v\u00f5istlusel enneolematut, 35. etapiv\u00f5itu.\" \/>\n<meta name=\"robots\" content=\"index, follow, max-snippet:-1, max-image-preview:large, max-video-preview:-1\" \/>\n<link rel=\"canonical\" href=\"https:\/\/www.welovecycling.com\/ee\/2023\/10\/16\/mark-cavendish-votab-2024-aastaks-sihikule-tour-de-francei-ajaloolise-voidu\/\" \/>\n<meta property=\"og:locale\" content=\"et_EE\" \/>\n<meta property=\"og:type\" content=\"article\" \/>\n<meta property=\"og:title\" content=\"Mark Cavendish v\u00f5tab 2024. aastaks sihikule Tour de France\u2019i ajaloolise v\u00f5idu\" \/>\n<meta property=\"og:description\" content=\"\u00dcllataval kombel otsustas tunnustatud sprinter Mark Cavendish oma errumineku edasi l\u00fckata ning valmistub 2024. aasta Tour de France\u2019il rekordit p\u00fcstitama. Ta j\u00e4tkab oma teekonda Astana Qazaqstani tiimis ning sihib legendaarsel v\u00f5istlusel enneolematut, 35. etapiv\u00f5itu.\" \/>\n<meta property=\"og:url\" content=\"https:\/\/www.welovecycling.com\/ee\/2023\/10\/16\/mark-cavendish-votab-2024-aastaks-sihikule-tour-de-francei-ajaloolise-voidu\/\" \/>\n<meta property=\"og:site_name\" content=\"\u0160koda We Love Cycling - Estonia\" \/>\n<meta property=\"article:published_time\" content=\"2023-10-16T11:14:55+00:00\" \/>\n<meta property=\"og:image\" content=\"https:\/\/d2p6e6u75xmxt8.cloudfront.net\/15\/2023\/10\/cavendish.webp\" \/>\n\t<meta property=\"og:image:width\" content=\"982\" \/>\n\t<meta property=\"og:image:height\" content=\"659\" \/>\n\t<meta property=\"og:image:type\" content=\"image\/webp\" \/>\n<meta name=\"author\" content=\"andre\" \/>\n<meta name=\"twitter:card\" content=\"summary_large_image\" \/>\n<meta name=\"twitter:label1\" content=\"Written by\" \/>\n\t<meta name=\"twitter:data1\" content=\"Monica Buck\" \/>\n\t<meta name=\"twitter:label2\" content=\"Est. reading time\" \/>\n\t<meta name=\"twitter:data2\" content=\"4\" \/>\n<script type=\"application\/ld+json\" class=\"yoast-schema-graph\">{\"@context\":\"https:\/\/schema.org\",\"@graph\":[{\"@type\":\"WebPage\",\"@id\":\"https:\/\/www.welovecycling.com\/ee\/2023\/10\/16\/mark-cavendish-votab-2024-aastaks-sihikule-tour-de-francei-ajaloolise-voidu\/\",\"url\":\"https:\/\/www.welovecycling.com\/ee\/2023\/10\/16\/mark-cavendish-votab-2024-aastaks-sihikule-tour-de-francei-ajaloolise-voidu\/\",\"name\":\"Mark Cavendish v\u00f5tab 2024. aastaks sihikule Tour de France\u2019i ajaloolise v\u00f5idu - \u0160koda We Love Cycling - Estonia\",\"isPartOf\":{\"@id\":\"https:\/\/www.welovecycling.com\/ee\/#website\"},\"primaryImageOfPage\":{\"@id\":\"https:\/\/www.welovecycling.com\/ee\/2023\/10\/16\/mark-cavendish-votab-2024-aastaks-sihikule-tour-de-francei-ajaloolise-voidu\/#primaryimage\"},\"image\":{\"@id\":\"https:\/\/www.welovecycling.com\/ee\/2023\/10\/16\/mark-cavendish-votab-2024-aastaks-sihikule-tour-de-francei-ajaloolise-voidu\/#primaryimage\"},\"thumbnailUrl\":\"https:\/\/d2p6e6u75xmxt8.cloudfront.net\/15\/2023\/10\/cavendish.webp\",\"datePublished\":\"2023-10-16T11:14:55+00:00\",\"author\":{\"@id\":\"https:\/\/www.welovecycling.com\/ee\/#\/schema\/person\/8b7101c4bd1b1ae9d3732ebb1e6caf57\"},\"description\":\"\u00dcllataval kombel otsustas tunnustatud sprinter Mark Cavendish oma errumineku edasi l\u00fckata ning valmistub 2024. aasta Tour de France\u2019il rekordit p\u00fcstitama. Ta j\u00e4tkab oma teekonda Astana Qazaqstani tiimis ning sihib legendaarsel v\u00f5istlusel enneolematut, 35. etapiv\u00f5itu.\",\"inLanguage\":\"et\",\"potentialAction\":[{\"@type\":\"ReadAction\",\"target\":[\"https:\/\/www.welovecycling.com\/ee\/2023\/10\/16\/mark-cavendish-votab-2024-aastaks-sihikule-tour-de-francei-ajaloolise-voidu\/\"]}]},{\"@type\":\"ImageObject\",\"inLanguage\":\"et\",\"@id\":\"https:\/\/www.welovecycling.com\/ee\/2023\/10\/16\/mark-cavendish-votab-2024-aastaks-sihikule-tour-de-francei-ajaloolise-voidu\/#primaryimage\",\"url\":\"https:\/\/d2p6e6u75xmxt8.cloudfront.net\/15\/2023\/10\/cavendish.webp\",\"contentUrl\":\"https:\/\/d2p6e6u75xmxt8.cloudfront.net\/15\/2023\/10\/cavendish.webp\",\"width\":982,\"height\":659},{\"@type\":\"WebSite\",\"@id\":\"https:\/\/www.welovecycling.com\/ee\/#website\",\"url\":\"https:\/\/www.welovecycling.com\/ee\/\",\"name\":\"\u0160koda We Love Cycling - Estonia\",\"description\":\"\",\"potentialAction\":[{\"@type\":\"SearchAction\",\"target\":{\"@type\":\"EntryPoint\",\"urlTemplate\":\"https:\/\/www.welovecycling.com\/ee\/?s={search_term_string}\"},\"query-input\":{\"@type\":\"PropertyValueSpecification\",\"valueRequired\":true,\"valueName\":\"search_term_string\"}}],\"inLanguage\":\"et\"},{\"@type\":\"Person\",\"@id\":\"https:\/\/www.welovecycling.com\/ee\/#\/schema\/person\/8b7101c4bd1b1ae9d3732ebb1e6caf57\",\"name\":\"andre\",\"image\":{\"@type\":\"ImageObject\",\"inLanguage\":\"et\",\"@id\":\"https:\/\/www.welovecycling.com\/ee\/#\/schema\/person\/image\/\",\"url\":\"https:\/\/secure.gravatar.com\/avatar\/0656b3224fe17b018f43b8a562625dd43d30827f027b2f62bc5a05711fec9a61?s=96&d=mm&r=g\",\"contentUrl\":\"https:\/\/secure.gravatar.com\/avatar\/0656b3224fe17b018f43b8a562625dd43d30827f027b2f62bc5a05711fec9a61?s=96&d=mm&r=g\",\"caption\":\"andre\"},\"url\":\"https:\/\/www.welovecycling.com\/ee\/author\/andre\/\"}]}<\/script>\n<!-- \/ Yoast SEO Premium plugin. -->","yoast_head_json":{"title":"Mark Cavendish v\u00f5tab 2024. aastaks sihikule Tour de France\u2019i ajaloolise v\u00f5idu - \u0160koda We Love Cycling - Estonia","description":"\u00dcllataval kombel otsustas tunnustatud sprinter Mark Cavendish oma errumineku edasi l\u00fckata ning valmistub 2024. aasta Tour de France\u2019il rekordit p\u00fcstitama. Ta j\u00e4tkab oma teekonda Astana Qazaqstani tiimis ning sihib legendaarsel v\u00f5istlusel enneolematut, 35. etapiv\u00f5itu.","robots":{"index":"index","follow":"follow","max-snippet":"max-snippet:-1","max-image-preview":"max-image-preview:large","max-video-preview":"max-video-preview:-1"},"canonical":"https:\/\/www.welovecycling.com\/ee\/2023\/10\/16\/mark-cavendish-votab-2024-aastaks-sihikule-tour-de-francei-ajaloolise-voidu\/","og_locale":"et_EE","og_type":"article","og_title":"Mark Cavendish v\u00f5tab 2024. aastaks sihikule Tour de France\u2019i ajaloolise v\u00f5idu","og_description":"\u00dcllataval kombel otsustas tunnustatud sprinter Mark Cavendish oma errumineku edasi l\u00fckata ning valmistub 2024. aasta Tour de France\u2019il rekordit p\u00fcstitama. Ta j\u00e4tkab oma teekonda Astana Qazaqstani tiimis ning sihib legendaarsel v\u00f5istlusel enneolematut, 35. etapiv\u00f5itu.","og_url":"https:\/\/www.welovecycling.com\/ee\/2023\/10\/16\/mark-cavendish-votab-2024-aastaks-sihikule-tour-de-francei-ajaloolise-voidu\/","og_site_name":"\u0160koda We Love Cycling - Estonia","article_published_time":"2023-10-16T11:14:55+00:00","og_image":[{"width":982,"height":659,"url":"https:\/\/d2p6e6u75xmxt8.cloudfront.net\/15\/2023\/10\/cavendish.webp","type":"image\/webp"}],"author":"andre","twitter_card":"summary_large_image","twitter_misc":{"Written by":"Monica Buck","Est. reading time":"4"},"schema":{"@context":"https:\/\/schema.org","@graph":[{"@type":"WebPage","@id":"https:\/\/www.welovecycling.com\/ee\/2023\/10\/16\/mark-cavendish-votab-2024-aastaks-sihikule-tour-de-francei-ajaloolise-voidu\/","url":"https:\/\/www.welovecycling.com\/ee\/2023\/10\/16\/mark-cavendish-votab-2024-aastaks-sihikule-tour-de-francei-ajaloolise-voidu\/","name":"Mark Cavendish v\u00f5tab 2024. aastaks sihikule Tour de France\u2019i ajaloolise v\u00f5idu - \u0160koda We Love Cycling - Estonia","isPartOf":{"@id":"https:\/\/www.welovecycling.com\/ee\/#website"},"primaryImageOfPage":{"@id":"https:\/\/www.welovecycling.com\/ee\/2023\/10\/16\/mark-cavendish-votab-2024-aastaks-sihikule-tour-de-francei-ajaloolise-voidu\/#primaryimage"},"image":{"@id":"https:\/\/www.welovecycling.com\/ee\/2023\/10\/16\/mark-cavendish-votab-2024-aastaks-sihikule-tour-de-francei-ajaloolise-voidu\/#primaryimage"},"thumbnailUrl":"https:\/\/d2p6e6u75xmxt8.cloudfront.net\/15\/2023\/10\/cavendish.webp","datePublished":"2023-10-16T11:14:55+00:00","author":{"@id":"https:\/\/www.welovecycling.com\/ee\/#\/schema\/person\/8b7101c4bd1b1ae9d3732ebb1e6caf57"},"description":"\u00dcllataval kombel otsustas tunnustatud sprinter Mark Cavendish oma errumineku edasi l\u00fckata ning valmistub 2024. aasta Tour de France\u2019il rekordit p\u00fcstitama. Ta j\u00e4tkab oma teekonda Astana Qazaqstani tiimis ning sihib legendaarsel v\u00f5istlusel enneolematut, 35. etapiv\u00f5itu.","inLanguage":"et","potentialAction":[{"@type":"ReadAction","target":["https:\/\/www.welovecycling.com\/ee\/2023\/10\/16\/mark-cavendish-votab-2024-aastaks-sihikule-tour-de-francei-ajaloolise-voidu\/"]}]},{"@type":"ImageObject","inLanguage":"et","@id":"https:\/\/www.welovecycling.com\/ee\/2023\/10\/16\/mark-cavendish-votab-2024-aastaks-sihikule-tour-de-francei-ajaloolise-voidu\/#primaryimage","url":"https:\/\/d2p6e6u75xmxt8.cloudfront.net\/15\/2023\/10\/cavendish.webp","contentUrl":"https:\/\/d2p6e6u75xmxt8.cloudfront.net\/15\/2023\/10\/cavendish.webp","width":982,"height":659},{"@type":"WebSite","@id":"https:\/\/www.welovecycling.com\/ee\/#website","url":"https:\/\/www.welovecycling.com\/ee\/","name":"\u0160koda We Love Cycling - Estonia","description":"","potentialAction":[{"@type":"SearchAction","target":{"@type":"EntryPoint","urlTemplate":"https:\/\/www.welovecycling.com\/ee\/?s={search_term_string}"},"query-input":{"@type":"PropertyValueSpecification","valueRequired":true,"valueName":"search_term_string"}}],"inLanguage":"et"},{"@type":"Person","@id":"https:\/\/www.welovecycling.com\/ee\/#\/schema\/person\/8b7101c4bd1b1ae9d3732ebb1e6caf57","name":"andre","image":{"@type":"ImageObject","inLanguage":"et","@id":"https:\/\/www.welovecycling.com\/ee\/#\/schema\/person\/image\/","url":"https:\/\/secure.gravatar.com\/avatar\/0656b3224fe17b018f43b8a562625dd43d30827f027b2f62bc5a05711fec9a61?s=96&d=mm&r=g","contentUrl":"https:\/\/secure.gravatar.com\/avatar\/0656b3224fe17b018f43b8a562625dd43d30827f027b2f62bc5a05711fec9a61?s=96&d=mm&r=g","caption":"andre"},"url":"https:\/\/www.welovecycling.com\/ee\/author\/andre\/"}]}},"_links":{"self":[{"href":"https:\/\/www.welovecycling.com\/ee\/wp-json\/wp\/v2\/posts\/1393","targetHints":{"allow":["GET"]}}],"collection":[{"href":"https:\/\/www.welovecycling.com\/ee\/wp-json\/wp\/v2\/posts"}],"about":[{"href":"https:\/\/www.welovecycling.com\/ee\/wp-json\/wp\/v2\/types\/post"}],"author":[{"embeddable":true,"href":"https:\/\/www.welovecycling.com\/ee\/wp-json\/wp\/v2\/users\/174"}],"replies":[{"embeddable":true,"href":"https:\/\/www.welovecycling.com\/ee\/wp-json\/wp\/v2\/comments?post=1393"}],"version-history":[{"count":2,"href":"https:\/\/www.welovecycling.com\/ee\/wp-json\/wp\/v2\/posts\/1393\/revisions"}],"predecessor-version":[{"id":1396,"href":"https:\/\/www.welovecycling.com\/ee\/wp-json\/wp\/v2\/posts\/1393\/revisions\/1396"}],"wp:featuredmedia":[{"embeddable":true,"href":"https:\/\/www.welovecycling.com\/ee\/wp-json\/wp\/v2\/media\/1394"}],"wp:attachment":[{"href":"https:\/\/www.welovecycling.com\/ee\/wp-json\/wp\/v2\/media?parent=1393"}],"wp:term":[{"taxonomy":"category","embeddable":true,"href":"https:\/\/www.welovecycling.com\/ee\/wp-json\/wp\/v2\/categories?post=1393"},{"taxonomy":"post_tag","embeddable":true,"href":"https:\/\/www.welovecycling.com\/ee\/wp-json\/wp\/v2\/tags?post=1393"},{"taxonomy":"global-categories","embeddable":true,"href":"https:\/\/www.welovecycling.com\/ee\/wp-json\/wp\/v2\/global-categories?post=1393"}],"curies":[{"name":"wp","href":"https:\/\/api.w.org\/{rel}","templated":true}]}}