{"id":1383,"date":"2023-10-12T07:16:18","date_gmt":"2023-10-12T07:16:18","guid":{"rendered":""},"modified":"2023-11-20T14:59:03","modified_gmt":"2023-11-20T11:59:03","slug":"viis-pohjust-miks-proovida-oist-rattasoitu","status":"publish","type":"post","link":"https:\/\/www.welovecycling.com\/ee\/2023\/10\/12\/viis-pohjust-miks-proovida-oist-rattasoitu\/","title":{"rendered":"Viis p\u00f5hjust, miks proovida \u00f6ist rattas\u00f5itu"},"content":{"rendered":"<h3><strong>Jalgrattas\u00f5it t\u00e4histaeva all annab Sulle v\u00f5imaluse kogeda tuttavaid maastikke uudsest vaatenurgast. Maailm tundub vaiksem, t\u00e4navad t\u00fchjemad ning \u00f5hus h\u00f5ljub rahu ja salap\u00e4ra joovastav h\u00f5ng. Kuidas tundub? Siin on viis p\u00f5hjust, miks Sa peaksid proovima \u00f6ist rattas\u00f5itu<\/p>\n<p><\/strong><\/h3>\n<p><!--more--><\/p>\n<h2>1. Seda saad oodata terve p\u00e4eva<\/h2>\n<p>Paljud inimesed ei salli varajast \u00fclest\u00f5usmist, et trenn enne p\u00e4eva algust \u00e4ra teha. Hilise rattas\u00f5idu v\u00f5lu seisneb aga hoopis selles, et \u00f5htust rituaali saad p\u00f5nevusega oodata terve p\u00e4ev. See pole \u00fcksnes f\u00fc\u00fcsiline tegevus, vaid ka v\u00f5imalus nautida t\u00f5eliselt vaba aega, lasta end l\u00f5dvaks ja panna pingelisele p\u00e4evale l\u00f5dvestav punkt. Jahedad \u00f5htused tuulehood, kehaline pingutus ja lemmikmuusika kuulamine moodustavad t\u00e4iusliku magamiseelse l\u00f5\u00f5gastuse.<\/p>\n<h2>2. V\u00e4hem liiklust, rohkem turvalisust<\/h2>\n<p>\u00d5htune rattas\u00f5it t\u00e4hendab tavaliselt ka v\u00e4hem s\u00f5idukeid maanteel ja \u00fcldse v\u00e4hem rahvast, mis peaks rattas\u00f5idu turvalisust t\u00f5stma. Moodne rattas\u00f5iduvarustus lahendab ka n\u00e4htavuse probleemi. V\u00f5id osta rattale <a href=\"https:\/\/www.hobisport.ee\/index.php\/poodi\/lisatarvikud\/esituled-ja-pealambid\">2000 + luumenise valgusvooga esitule<\/a>, mis on piisav isegi raskesti j\u00e4lgitavatel radadel. Kui t\u00e4iendad seda h\u00e4stin\u00e4htava riietusega, v\u00f5id rattaga turvaliselt liikuda nii linnas kui ka maal. Ja kui m\u00f5te \u00fcksinda hilis\u00f5htul rattaga s\u00f5ita Sind heidutab, v\u00f5id alati uurida, kas m\u00f5ni kohalik rattaklubi korraldab r\u00fchmas\u00f5ite, kus Sind \u00fcmbritsevad kogenumad \u00f6\u00f6s\u00f5itjad.<\/p>\n<figure id=\"attachment_1386\" aria-describedby=\"caption-attachment-1386\" style=\"width: 791px\" class=\"wp-caption aligncenter\"><a href=\"https:\/\/d2p6e6u75xmxt8.cloudfront.net\/15\/2023\/10\/lambikas2.webp\"><img loading=\"lazy\" decoding=\"async\" class=\"wp-image-1386 size-full\" src=\"https:\/\/d2p6e6u75xmxt8.cloudfront.net\/15\/2023\/10\/lambikas2.webp\" alt=\"\" width=\"791\" height=\"529\" srcset=\"https:\/\/d2p6e6u75xmxt8.cloudfront.net\/15\/2023\/10\/lambikas2.webp 791w, https:\/\/d2p6e6u75xmxt8.cloudfront.net\/15\/2023\/10\/lambikas2-300x201.webp 300w, https:\/\/d2p6e6u75xmxt8.cloudfront.net\/15\/2023\/10\/lambikas2-768x514.webp 768w, https:\/\/d2p6e6u75xmxt8.cloudfront.net\/15\/2023\/10\/lambikas2-400x268.webp 400w, https:\/\/d2p6e6u75xmxt8.cloudfront.net\/15\/2023\/10\/lambikas2-272x182.webp 272w\" sizes=\"auto, (max-width: 791px) 100vw, 791px\" \/><\/a><figcaption id=\"caption-attachment-1386\" class=\"wp-caption-text\">\u00a9 Van Gogh-Roosegaarde rattatee Hollandis Brabanti provintsis. Daan Roosegaarde &amp; Heijmans Infrastructure, Ferrari Press Agency<\/figcaption><\/figure>\n<h2>3. Rahulik ja enesesses\u00fc\u00fcvinud meeleolu<\/h2>\n<p>Hilis\u00f5htune vaikus juhib Su t\u00e4helepanu s\u00fcmfooniale, mida loodus meie \u00fcmber pidevalt esitab. V\u00f5ib tunduda \u00fcllatav, kui h\u00e4sti on kuulda puulehtede sahin, tuuleiilid ja rataste all krobisev maapind. Selline t\u00fc\u00fcne taust ja r\u00fctmiline pedaalis\u00f5tkumine lasevad kergesti s\u00fcgavale oma m\u00f5tetesse vajuda. Sinu sisemonoloogid ja mured vajuvad tagaplaanile ning esile kerkivad teravdatud aistingud. Tunned end \u00fcmbrusega \u00fchte sulavat ja uinud palju kergemini.<\/p>\n<h2>4. \u00d6\u00f6s on seiklusi ja p\u00f5nevust<\/h2>\n<p>K\u00f5ik rattarajad ja -teed, mida Sa peast tead, muutuvad pimeduse laskudes tundmatuseni ning pakuvad enda (taasavastamisel t\u00e4iesti uusi kogemusi. \u00d6\u00f6pimedus lisab annuse p\u00f5nevust igasse s\u00f5itu t\u00e4nu oma erilistele helidele ja aeg-ajalt ettetulevatele kohtumistele metsloomadega. S\u00f5it l\u00e4bi metsa kuuvalgel paneb adrenaliini voolama. Selliselt teravdatud meeleseisund v\u00f5ib isegi t\u00fc\u00fctuseni tuttavad marsruudid virgutavateks seiklusteks p\u00f6\u00f6rata.<\/p>\n<h2>5. S\u00f5ida talvel rohkem<\/h2>\n<p>Kui talve l\u00e4henedes p\u00e4evad l\u00fchemaks j\u00e4\u00e4vad, on keeruline \u00f5ues s\u00f5itmise aega tavap\u00e4rasel tasemel hoida. Hilis\u00f5htune pimedas s\u00f5itmine v\u00f5ib siin abiks olla. Pole vahet, kas tuled p\u00e4rast p\u00e4ikese loojumist rattaga t\u00f6\u00f6lt koju v\u00f5i v\u00f5tad ette \u00f5htuseid rattaseiklusi, rattas\u00f5it pimedas v\u00e4hendab <a href=\"https:\/\/www.hobisport.ee\/index.php\/wahoo-fitness\/kickr-smart-trena%C5%BE%C3%B6%C3%B6rid\">pukis<\/a> veedetud tunde. See v\u00f5ib oluliselt parandada Sinu motivatsiooni ja treeningute j\u00e4rjepidevust hooajav\u00e4lisel perioodil. Ning v\u00e4rskelt omandatud pimedas\u00f5idunippe v\u00f5id rakendada ka soojadel suve\u00f5htutel, kui need kord taas tulevad.<\/p>\n<p>Rattas\u00f5it pimedas on palju enamat kui lihtsalt treening. See on omaette kogemus, hilis\u00f5htune rituaal, mis v\u00f5imaldab nautida \u00fcksiolekut ja seiklusi v\u00f5i lihtsalt hoida treeninguid j\u00e4rjel. Kui see tundub Sulle p\u00f5nev, vaata ka k\u00e4esoleva sarja j\u00e4rgmist artiklit, kus r\u00e4\u00e4gitakse \u00f6ise s\u00f5idu ohutust tagavast varustusest.<\/p>\n","protected":false},"excerpt":{"rendered":"<p>Jalgrattas\u00f5it t\u00e4histaeva all annab Sulle v\u00f5imaluse kogeda tuttavaid maastikke uudsest vaatenurgast. Maailm tundub vaiksem, t\u00e4navad t\u00fchjemad ning \u00f5hus h\u00f5ljub rahu [&hellip;]<\/p>\n","protected":false},"author":174,"featured_media":1385,"comment_status":"open","ping_status":"open","sticky":false,"template":"","format":"standard","meta":{"footnotes":""},"categories":[5],"tags":[145,143,144],"global-categories":[22],"class_list":["post-1383","post","type-post","status-publish","format-standard","has-post-thumbnail","hentry","category-adrenaliin","tag-lambikas","tag-nightride","tag-oosoit","global-categories-cycling"],"yoast_head":"<!-- This site is optimized with the Yoast SEO Premium plugin v25.3 (Yoast SEO v25.9) - https:\/\/yoast.com\/wordpress\/plugins\/seo\/ -->\n<title>Viis p\u00f5hjust, miks proovida \u00f6ist rattas\u00f5itu - \u0160koda We Love Cycling - Estonia<\/title>\n<meta name=\"description\" content=\"Jalgrattas\u00f5it t\u00e4histaeva all annab Sulle v\u00f5imaluse kogeda tuttavaid maastikke uudsest vaatenurgast. Maailm tundub vaiksem, t\u00e4navad t\u00fchjemad ning \u00f5hus h\u00f5ljub rahu ja salap\u00e4ra joovastav h\u00f5ng. Kuidas tundub? Siin on viis p\u00f5hjust, miks Sa peaksid proovima \u00f6ist rattas\u00f5itu\" \/>\n<meta name=\"robots\" content=\"index, follow, max-snippet:-1, max-image-preview:large, max-video-preview:-1\" \/>\n<link rel=\"canonical\" href=\"https:\/\/www.welovecycling.com\/ee\/2023\/10\/12\/viis-pohjust-miks-proovida-oist-rattasoitu\/\" \/>\n<meta property=\"og:locale\" content=\"et_EE\" \/>\n<meta property=\"og:type\" content=\"article\" \/>\n<meta property=\"og:title\" content=\"Viis p\u00f5hjust, miks proovida \u00f6ist rattas\u00f5itu\" \/>\n<meta property=\"og:description\" content=\"Jalgrattas\u00f5it t\u00e4histaeva all annab Sulle v\u00f5imaluse kogeda tuttavaid maastikke uudsest vaatenurgast. Maailm tundub vaiksem, t\u00e4navad t\u00fchjemad ning \u00f5hus h\u00f5ljub rahu ja salap\u00e4ra joovastav h\u00f5ng. Kuidas tundub? Siin on viis p\u00f5hjust, miks Sa peaksid proovima \u00f6ist rattas\u00f5itu\" \/>\n<meta property=\"og:url\" content=\"https:\/\/www.welovecycling.com\/ee\/2023\/10\/12\/viis-pohjust-miks-proovida-oist-rattasoitu\/\" \/>\n<meta property=\"og:site_name\" content=\"\u0160koda We Love Cycling - Estonia\" \/>\n<meta property=\"article:published_time\" content=\"2023-10-12T07:16:18+00:00\" \/>\n<meta property=\"article:modified_time\" content=\"2023-11-20T11:59:03+00:00\" \/>\n<meta property=\"og:image\" content=\"https:\/\/d2p6e6u75xmxt8.cloudfront.net\/15\/2023\/10\/lambikas.webp\" \/>\n\t<meta property=\"og:image:width\" content=\"989\" \/>\n\t<meta property=\"og:image:height\" content=\"657\" \/>\n\t<meta property=\"og:image:type\" content=\"image\/webp\" \/>\n<meta name=\"author\" content=\"andre\" \/>\n<meta name=\"twitter:card\" content=\"summary_large_image\" \/>\n<meta name=\"twitter:label1\" content=\"Written by\" \/>\n\t<meta name=\"twitter:data1\" content=\"Ji\u0159\u00ed Kalo\u010d\" \/>\n\t<meta name=\"twitter:label2\" content=\"Est. reading time\" \/>\n\t<meta name=\"twitter:data2\" content=\"5\" \/>\n<script type=\"application\/ld+json\" class=\"yoast-schema-graph\">{\"@context\":\"https:\/\/schema.org\",\"@graph\":[{\"@type\":\"WebPage\",\"@id\":\"https:\/\/www.welovecycling.com\/ee\/2023\/10\/12\/viis-pohjust-miks-proovida-oist-rattasoitu\/\",\"url\":\"https:\/\/www.welovecycling.com\/ee\/2023\/10\/12\/viis-pohjust-miks-proovida-oist-rattasoitu\/\",\"name\":\"Viis p\u00f5hjust, miks proovida \u00f6ist rattas\u00f5itu - \u0160koda We Love Cycling - Estonia\",\"isPartOf\":{\"@id\":\"https:\/\/www.welovecycling.com\/ee\/#website\"},\"primaryImageOfPage\":{\"@id\":\"https:\/\/www.welovecycling.com\/ee\/2023\/10\/12\/viis-pohjust-miks-proovida-oist-rattasoitu\/#primaryimage\"},\"image\":{\"@id\":\"https:\/\/www.welovecycling.com\/ee\/2023\/10\/12\/viis-pohjust-miks-proovida-oist-rattasoitu\/#primaryimage\"},\"thumbnailUrl\":\"https:\/\/d2p6e6u75xmxt8.cloudfront.net\/15\/2023\/10\/lambikas.webp\",\"datePublished\":\"2023-10-12T07:16:18+00:00\",\"dateModified\":\"2023-11-20T11:59:03+00:00\",\"author\":{\"@id\":\"https:\/\/www.welovecycling.com\/ee\/#\/schema\/person\/8b7101c4bd1b1ae9d3732ebb1e6caf57\"},\"description\":\"Jalgrattas\u00f5it t\u00e4histaeva all annab Sulle v\u00f5imaluse kogeda tuttavaid maastikke uudsest vaatenurgast. Maailm tundub vaiksem, t\u00e4navad t\u00fchjemad ning \u00f5hus h\u00f5ljub rahu ja salap\u00e4ra joovastav h\u00f5ng. Kuidas tundub? Siin on viis p\u00f5hjust, miks Sa peaksid proovima \u00f6ist rattas\u00f5itu\",\"inLanguage\":\"et\",\"potentialAction\":[{\"@type\":\"ReadAction\",\"target\":[\"https:\/\/www.welovecycling.com\/ee\/2023\/10\/12\/viis-pohjust-miks-proovida-oist-rattasoitu\/\"]}]},{\"@type\":\"ImageObject\",\"inLanguage\":\"et\",\"@id\":\"https:\/\/www.welovecycling.com\/ee\/2023\/10\/12\/viis-pohjust-miks-proovida-oist-rattasoitu\/#primaryimage\",\"url\":\"https:\/\/d2p6e6u75xmxt8.cloudfront.net\/15\/2023\/10\/lambikas.webp\",\"contentUrl\":\"https:\/\/d2p6e6u75xmxt8.cloudfront.net\/15\/2023\/10\/lambikas.webp\",\"width\":989,\"height\":657},{\"@type\":\"WebSite\",\"@id\":\"https:\/\/www.welovecycling.com\/ee\/#website\",\"url\":\"https:\/\/www.welovecycling.com\/ee\/\",\"name\":\"\u0160koda We Love Cycling - Estonia\",\"description\":\"\",\"potentialAction\":[{\"@type\":\"SearchAction\",\"target\":{\"@type\":\"EntryPoint\",\"urlTemplate\":\"https:\/\/www.welovecycling.com\/ee\/?s={search_term_string}\"},\"query-input\":{\"@type\":\"PropertyValueSpecification\",\"valueRequired\":true,\"valueName\":\"search_term_string\"}}],\"inLanguage\":\"et\"},{\"@type\":\"Person\",\"@id\":\"https:\/\/www.welovecycling.com\/ee\/#\/schema\/person\/8b7101c4bd1b1ae9d3732ebb1e6caf57\",\"name\":\"andre\",\"image\":{\"@type\":\"ImageObject\",\"inLanguage\":\"et\",\"@id\":\"https:\/\/www.welovecycling.com\/ee\/#\/schema\/person\/image\/\",\"url\":\"https:\/\/secure.gravatar.com\/avatar\/0656b3224fe17b018f43b8a562625dd43d30827f027b2f62bc5a05711fec9a61?s=96&d=mm&r=g\",\"contentUrl\":\"https:\/\/secure.gravatar.com\/avatar\/0656b3224fe17b018f43b8a562625dd43d30827f027b2f62bc5a05711fec9a61?s=96&d=mm&r=g\",\"caption\":\"andre\"},\"url\":\"https:\/\/www.welovecycling.com\/ee\/author\/andre\/\"}]}<\/script>\n<!-- \/ Yoast SEO Premium plugin. -->","yoast_head_json":{"title":"Viis p\u00f5hjust, miks proovida \u00f6ist rattas\u00f5itu - \u0160koda We Love Cycling - Estonia","description":"Jalgrattas\u00f5it t\u00e4histaeva all annab Sulle v\u00f5imaluse kogeda tuttavaid maastikke uudsest vaatenurgast. Maailm tundub vaiksem, t\u00e4navad t\u00fchjemad ning \u00f5hus h\u00f5ljub rahu ja salap\u00e4ra joovastav h\u00f5ng. Kuidas tundub? Siin on viis p\u00f5hjust, miks Sa peaksid proovima \u00f6ist rattas\u00f5itu","robots":{"index":"index","follow":"follow","max-snippet":"max-snippet:-1","max-image-preview":"max-image-preview:large","max-video-preview":"max-video-preview:-1"},"canonical":"https:\/\/www.welovecycling.com\/ee\/2023\/10\/12\/viis-pohjust-miks-proovida-oist-rattasoitu\/","og_locale":"et_EE","og_type":"article","og_title":"Viis p\u00f5hjust, miks proovida \u00f6ist rattas\u00f5itu","og_description":"Jalgrattas\u00f5it t\u00e4histaeva all annab Sulle v\u00f5imaluse kogeda tuttavaid maastikke uudsest vaatenurgast. Maailm tundub vaiksem, t\u00e4navad t\u00fchjemad ning \u00f5hus h\u00f5ljub rahu ja salap\u00e4ra joovastav h\u00f5ng. Kuidas tundub? Siin on viis p\u00f5hjust, miks Sa peaksid proovima \u00f6ist rattas\u00f5itu","og_url":"https:\/\/www.welovecycling.com\/ee\/2023\/10\/12\/viis-pohjust-miks-proovida-oist-rattasoitu\/","og_site_name":"\u0160koda We Love Cycling - Estonia","article_published_time":"2023-10-12T07:16:18+00:00","article_modified_time":"2023-11-20T11:59:03+00:00","og_image":[{"width":989,"height":657,"url":"https:\/\/d2p6e6u75xmxt8.cloudfront.net\/15\/2023\/10\/lambikas.webp","type":"image\/webp"}],"author":"andre","twitter_card":"summary_large_image","twitter_misc":{"Written by":"Ji\u0159\u00ed Kalo\u010d","Est. reading time":"5"},"schema":{"@context":"https:\/\/schema.org","@graph":[{"@type":"WebPage","@id":"https:\/\/www.welovecycling.com\/ee\/2023\/10\/12\/viis-pohjust-miks-proovida-oist-rattasoitu\/","url":"https:\/\/www.welovecycling.com\/ee\/2023\/10\/12\/viis-pohjust-miks-proovida-oist-rattasoitu\/","name":"Viis p\u00f5hjust, miks proovida \u00f6ist rattas\u00f5itu - \u0160koda We Love Cycling - Estonia","isPartOf":{"@id":"https:\/\/www.welovecycling.com\/ee\/#website"},"primaryImageOfPage":{"@id":"https:\/\/www.welovecycling.com\/ee\/2023\/10\/12\/viis-pohjust-miks-proovida-oist-rattasoitu\/#primaryimage"},"image":{"@id":"https:\/\/www.welovecycling.com\/ee\/2023\/10\/12\/viis-pohjust-miks-proovida-oist-rattasoitu\/#primaryimage"},"thumbnailUrl":"https:\/\/d2p6e6u75xmxt8.cloudfront.net\/15\/2023\/10\/lambikas.webp","datePublished":"2023-10-12T07:16:18+00:00","dateModified":"2023-11-20T11:59:03+00:00","author":{"@id":"https:\/\/www.welovecycling.com\/ee\/#\/schema\/person\/8b7101c4bd1b1ae9d3732ebb1e6caf57"},"description":"Jalgrattas\u00f5it t\u00e4histaeva all annab Sulle v\u00f5imaluse kogeda tuttavaid maastikke uudsest vaatenurgast. Maailm tundub vaiksem, t\u00e4navad t\u00fchjemad ning \u00f5hus h\u00f5ljub rahu ja salap\u00e4ra joovastav h\u00f5ng. Kuidas tundub? Siin on viis p\u00f5hjust, miks Sa peaksid proovima \u00f6ist rattas\u00f5itu","inLanguage":"et","potentialAction":[{"@type":"ReadAction","target":["https:\/\/www.welovecycling.com\/ee\/2023\/10\/12\/viis-pohjust-miks-proovida-oist-rattasoitu\/"]}]},{"@type":"ImageObject","inLanguage":"et","@id":"https:\/\/www.welovecycling.com\/ee\/2023\/10\/12\/viis-pohjust-miks-proovida-oist-rattasoitu\/#primaryimage","url":"https:\/\/d2p6e6u75xmxt8.cloudfront.net\/15\/2023\/10\/lambikas.webp","contentUrl":"https:\/\/d2p6e6u75xmxt8.cloudfront.net\/15\/2023\/10\/lambikas.webp","width":989,"height":657},{"@type":"WebSite","@id":"https:\/\/www.welovecycling.com\/ee\/#website","url":"https:\/\/www.welovecycling.com\/ee\/","name":"\u0160koda We Love Cycling - Estonia","description":"","potentialAction":[{"@type":"SearchAction","target":{"@type":"EntryPoint","urlTemplate":"https:\/\/www.welovecycling.com\/ee\/?s={search_term_string}"},"query-input":{"@type":"PropertyValueSpecification","valueRequired":true,"valueName":"search_term_string"}}],"inLanguage":"et"},{"@type":"Person","@id":"https:\/\/www.welovecycling.com\/ee\/#\/schema\/person\/8b7101c4bd1b1ae9d3732ebb1e6caf57","name":"andre","image":{"@type":"ImageObject","inLanguage":"et","@id":"https:\/\/www.welovecycling.com\/ee\/#\/schema\/person\/image\/","url":"https:\/\/secure.gravatar.com\/avatar\/0656b3224fe17b018f43b8a562625dd43d30827f027b2f62bc5a05711fec9a61?s=96&d=mm&r=g","contentUrl":"https:\/\/secure.gravatar.com\/avatar\/0656b3224fe17b018f43b8a562625dd43d30827f027b2f62bc5a05711fec9a61?s=96&d=mm&r=g","caption":"andre"},"url":"https:\/\/www.welovecycling.com\/ee\/author\/andre\/"}]}},"_links":{"self":[{"href":"https:\/\/www.welovecycling.com\/ee\/wp-json\/wp\/v2\/posts\/1383","targetHints":{"allow":["GET"]}}],"collection":[{"href":"https:\/\/www.welovecycling.com\/ee\/wp-json\/wp\/v2\/posts"}],"about":[{"href":"https:\/\/www.welovecycling.com\/ee\/wp-json\/wp\/v2\/types\/post"}],"author":[{"embeddable":true,"href":"https:\/\/www.welovecycling.com\/ee\/wp-json\/wp\/v2\/users\/174"}],"replies":[{"embeddable":true,"href":"https:\/\/www.welovecycling.com\/ee\/wp-json\/wp\/v2\/comments?post=1383"}],"version-history":[{"count":8,"href":"https:\/\/www.welovecycling.com\/ee\/wp-json\/wp\/v2\/posts\/1383\/revisions"}],"predecessor-version":[{"id":1489,"href":"https:\/\/www.welovecycling.com\/ee\/wp-json\/wp\/v2\/posts\/1383\/revisions\/1489"}],"wp:featuredmedia":[{"embeddable":true,"href":"https:\/\/www.welovecycling.com\/ee\/wp-json\/wp\/v2\/media\/1385"}],"wp:attachment":[{"href":"https:\/\/www.welovecycling.com\/ee\/wp-json\/wp\/v2\/media?parent=1383"}],"wp:term":[{"taxonomy":"category","embeddable":true,"href":"https:\/\/www.welovecycling.com\/ee\/wp-json\/wp\/v2\/categories?post=1383"},{"taxonomy":"post_tag","embeddable":true,"href":"https:\/\/www.welovecycling.com\/ee\/wp-json\/wp\/v2\/tags?post=1383"},{"taxonomy":"global-categories","embeddable":true,"href":"https:\/\/www.welovecycling.com\/ee\/wp-json\/wp\/v2\/global-categories?post=1383"}],"curies":[{"name":"wp","href":"https:\/\/api.w.org\/{rel}","templated":true}]}}