{"id":1361,"date":"2023-10-04T10:21:07","date_gmt":"2023-10-04T10:21:07","guid":{"rendered":"https:\/\/www.welovecycling.com\/ee\/?p=1361"},"modified":"2023-10-04T10:21:07","modified_gmt":"2023-10-04T10:21:07","slug":"kumme-nippi-kuidas-rattaga-kooliminek-lastele-turvaliseks-ja-monusaks-teha","status":"publish","type":"post","link":"https:\/\/www.welovecycling.com\/ee\/2023\/10\/04\/kumme-nippi-kuidas-rattaga-kooliminek-lastele-turvaliseks-ja-monusaks-teha\/","title":{"rendered":"K\u00fcmme nippi, kuidas rattaga kooliminek lastele turvaliseks ja m\u00f5nusaks teha"},"content":{"rendered":"<p style=\"text-align: left;\"><b>Kui Sa juhtud olema jalgratturist lapsevanem, tahad ilmselt, et Su lapsedki saaksid nautida r\u00f5\u00f5mu ja vabadust, mida pakub rattaga kooli s\u00f5itmine. V\u00e4he sellest, et rattas\u00f5it on tervislik ja keskkonnas\u00f5bralik liiklemisviis, see s\u00fcstib noortesse ka iseseisvuse ja enesekindluse tunnet. Kuid seejuures on esmat\u00e4htis laste turvalisuse tagamine. Uue kooliaasta alguses tahamegi jagada nippe, kuidas rattaga koolis\u00f5it lastele ohutumaks ja meeldivamaks muuta. V\u00e4ikese ettevalmistuse ja m\u00f5ningate ettevaatusabin\u00f5udega v\u00f5id lapsi rattaga kooli saates end rahulikult tunda.<\/b><\/p>\n<h2 style=\"text-align: left;\"><span style=\"font-weight: 400;\">Vali \u00f5ige ratas ja riietus<\/span><\/h2>\n<p style=\"text-align: left;\"><span style=\"font-weight: 400;\">Alustuseks veendu, et lapse ratas oleks \u00f5ige suurusega ja heas korras. Sobiva suurusega jalgratas on v\u00e4ltimatu tasakaalu ja juhitavuse tagamiseks. Kontrolli pidureid, rehve ja jookse regulaarselt, et need korralikult toimiksid. Lisaks varusta laps <a href=\"https:\/\/www.welovecycling.com\/wide\/2022\/03\/25\/how-to-fit-a-childs-bike-helmet\/\">h\u00e4stiistuva kiivriga<\/a>, erksav\u00e4rviliste r\u00f5ivaste ja helkuritega. Kiiver on absoluutselt kohustuslik turvaelement, mis v\u00f5ib hoida \u00e4ra peavigastusi kukkumise v\u00f5i avarii korral.<\/span><\/p>\n<h2 style=\"text-align: left;\"><span style=\"font-weight: 400;\">\u00d5peta \u00f5igeid s\u00f5iduv\u00f5tteid<\/span><\/h2>\n<p style=\"text-align: left;\"><span style=\"font-weight: 400;\">Korralik rattas\u00f5iduoskus on lapse turvalisuse m\u00f6\u00f6dap\u00e4\u00e4smatu osa. \u00d5peta lapsele suunan\u00e4itamist, ristmikel peatumist ja sirgjoonelist s\u00f5itmist. Julgusta last, et ta vaataks \u00fcle \u00f5la tagasi enne rajavahetust v\u00f5i liiklusvooluga liitumist. \u00d5peta, kui oluline on kaasliiklejatele oma kavatsustest k\u00e4em\u00e4rkidega teada anda. Need oskused aitavad lapsel saada enesekindlaks ja vastutustundlikuks ratturiks.<\/span><\/p>\n<h2 style=\"text-align: left;\"><span style=\"font-weight: 400;\">Kavanda turvaline marsruut<\/span><\/h2>\n<p style=\"text-align: left;\"><span style=\"font-weight: 400;\">Aita lapsel koostada koolis\u00f5iduks turvaline marsruut, mis v\u00e4ldiks tiheda liiklusega t\u00e4navaid ja ohtlikke ristmikke. V\u00f5imalusel kasuta spetsiaalseid rattateid ja -radu ning vali minimaalse liiklusega teed. V\u00f5id jalgrattas\u00f5bralike marsruutide koostamiseks kasutada ka internetis pakutavaid abivahendeid nagu <a href=\"https:\/\/www.google.com\/maps\">Google Mapsi<\/a> rattas\u00f5idufunktsioon. \u00d5peta kasutama ettevalmistatud marsruuti ja v\u00e4ltima otseteid, eriti kui need l\u00e4hevad l\u00e4bi tiheda liiklusega v\u00f5\u00f5raste alade.<\/span><\/p>\n<h2 style=\"text-align: left;\"><span style=\"font-weight: 400;\">S\u00f5itke marsruut koos l\u00e4bi<\/span><\/h2>\n<p style=\"text-align: left;\"><span style=\"font-weight: 400;\">Enne kui laps omap\u00e4i kooliteele saata, leia aega marsruut koos temaga l\u00e4bi s\u00f5ita. N\u00e4ita v\u00f5imalikke riskikohti nagu tiheda liiklusega ristmikud, pilgu eest varjatud ohud v\u00f5i keerulised teeolud. \u00d5peta lapsele, kuidas neid paiku turvaliselt l\u00e4bida. Harjutamine t\u00f5stab enesekindlust ja tagab, et Su laps oleks igap\u00e4evasteks koolis\u00f5itudeks h\u00e4sti ette<\/span> <span style=\"font-weight: 400;\">valmistatud.<\/span><\/p>\n<h2 style=\"text-align: left;\"><span style=\"font-weight: 400;\">Anna head eeskuju<\/span><\/h2>\n<p style=\"text-align: left;\"><span style=\"font-weight: 400;\">Lapsed \u00f5pivad tihti n\u00e4idete pealt, seega pead pakkuma turvalisel rattas\u00f5idul eeskuju. \u00dchisel rattas\u00f5idul n\u00e4ita lapsele \u00f5iget liiklusk\u00e4itumist ja liiklusn\u00f5uete t\u00e4itmist. R\u00f5huta kiivri kandmise ja k\u00f5igi turvan\u00f5uete j\u00e4rgimise t\u00e4htsust. Kui laps n\u00e4eb, et Sina suhtud rattas\u00f5itu t\u00f5siselt, v\u00f5tab ta t\u00f5en\u00e4oliselt selle suhtumise \u00fcle.<\/span><\/p>\n<p style=\"text-align: left;\"><span style=\"font-weight: 400;\">V\u00f5id luua ka igahommikuse rituaali rattas\u00f5iduks valmisoleku kontrollnimekirjaga. Laps peab enne teeleasumist tegema korrasolekut kinnitavad linnukesed kastidesse \u201eKiiver?\u201c, \u201eTuled?\u201c ja \u201eHelkurid?\u201c\u00a0 Sellised visuaalsed meeldetuletused ei lase p\u00f5hilisi turvameetmeid unustada.<\/span><\/p>\n<figure id=\"attachment_1362\" aria-describedby=\"caption-attachment-1362\" style=\"width: 989px\" class=\"wp-caption alignleft\"><a href=\"https:\/\/d2p6e6u75xmxt8.cloudfront.net\/15\/2023\/10\/kool-1.webp\"><img loading=\"lazy\" decoding=\"async\" class=\"wp-image-1362 size-full\" src=\"https:\/\/d2p6e6u75xmxt8.cloudfront.net\/15\/2023\/10\/kool-1.webp\" alt=\"\" width=\"989\" height=\"660\" srcset=\"https:\/\/d2p6e6u75xmxt8.cloudfront.net\/15\/2023\/10\/kool-1.webp 989w, https:\/\/d2p6e6u75xmxt8.cloudfront.net\/15\/2023\/10\/kool-1-300x200.webp 300w, https:\/\/d2p6e6u75xmxt8.cloudfront.net\/15\/2023\/10\/kool-1-768x513.webp 768w, https:\/\/d2p6e6u75xmxt8.cloudfront.net\/15\/2023\/10\/kool-1-400x267.webp 400w, https:\/\/d2p6e6u75xmxt8.cloudfront.net\/15\/2023\/10\/kool-1-272x182.webp 272w\" sizes=\"auto, (max-width: 989px) 100vw, 989px\" \/><\/a><figcaption id=\"caption-attachment-1362\" class=\"wp-caption-text\">M\u00f5nikord pole lihtne tekitada lastes vaimustust rattaga koolis\u00f5idu suhtes. \u00d5nneks on rattas\u00f5idu menu noorte hulgas t\u00f5usuteel ning kooli v\u00f5i kogukonna toetusel l\u00e4biviidavad kampaaniad aitavad Sul lapsi veenda v\u00e4hemalt proovima. \u00a9 Profimedia<\/figcaption><\/figure>\n<h2 style=\"text-align: left;\"><span style=\"font-weight: 400;\">Arvesta ajakulu<\/span><\/h2>\n<p style=\"text-align: left;\"><span style=\"font-weight: 400;\">Aita lapsel paika panna m\u00f5istlik ajagraafik, et tal oleks piisavalt aega rahulikuks ja turvaliseks koolis\u00f5iduks. Kiirustamine v\u00f5ib kaasa tuua vigu ja tekitada ohte. T\u00f5use vajadusel varem, et laps saaks rahulikult hommikust s\u00fc\u00fca ja k\u00f5ik oma hommikused asjad kiirustamata tehtud. M\u00f5nusas tempos hommik annab kogu p\u00e4evale positiivse alatooni ja tagab, et laps saaks rahulikult rattas\u00f5idule keskenduda.<\/span><\/p>\n<h2 style=\"text-align: left;\"><span style=\"font-weight: 400;\">\u00c4ra unusta, kui t\u00e4htis on n\u00e4htavus<\/span><\/h2>\n<p style=\"text-align: left;\"><span style=\"font-weight: 400;\">Lapse n\u00e4htavaks tegemine on \u00e4\u00e4rmiselt oluline, eriti pimedamatel aastaaegadel. J\u00e4lgi, et ratas oleks varustatud tuledega \u2013 ees valge ja taga punasega \u2013 ning helkuritega. Helkuritega riietus ja manused, n\u00e4iteks vest v\u00f5i k\u00e4epaelad aitavad samuti ratturit n\u00e4htavamaks muuta. Tuleta lapsele meelde, et h\u00e4maras v\u00f5i udus tuleb kindlasti tuled sisse l\u00fclitada ja helkureid kanda.<\/span><\/p>\n<p style=\"text-align: left;\"><span style=\"font-weight: 400;\">V\u00f5id ka valida efektsema variandi ja hankida lapsele vilkuvate LED-valgustitega ranitsa, kus valgustust saab erinevates ts\u00fcklites vilkuma panna. See aitab mitte ainult n\u00e4htavust t\u00f5sta, vaid ka lapsel valgusts\u00fckleid valides oma isikup\u00e4ra v\u00e4ljendada.<\/span><\/p>\n<h2 style=\"text-align: left;\"><span style=\"font-weight: 400;\">\u00d5huta last s\u00f5itma koos s\u00f5pradega<\/span><\/h2>\n<p style=\"text-align: left;\"><span style=\"font-weight: 400;\">Rattas\u00f5it koos s\u00f5pradega v\u00f5ib koolitee nauditavamaks ja turvalisemaks teha. \u00d5huta last paari-kolme s\u00f5braga koos ratastel kooli s\u00f5itma. Nad saavad \u00fcksteise j\u00e4rele valvata ja jagada vastutust turvalise s\u00f5idu eest ning koos s\u00f5itmine ei lase igavust tunda. Aga kindlasti tasub lapsele meenutada, et kambakesi s\u00f5ites ei tasu liiga hoogu sattuda \u2013 turvalisus on alati k\u00f5ige olulisem.<\/span><\/p>\n<h2 style=\"text-align: left;\"><span style=\"font-weight: 400;\">Ole kursis kooli n\u00f5uetega<\/span><\/h2>\n<p style=\"text-align: left;\"><span style=\"font-weight: 400;\">Ole kursis n\u00f5uetega, mida Su lapse kool on kehtestanud rattas\u00f5idu osas. M\u00f5nel koolil v\u00f5ivad olla erin\u00f5udmised v\u00f5i -reeglid. Veendu, et Su laps teaks ja j\u00e4rgiks neid reegleid. M\u00f5istlik oleks ka v\u00f5tta \u00fchendust teiste vanematega, kelle lapsed samuti rattaga koolis k\u00e4ivad. Nii saate koos tegeleda v\u00f5imalike turvalisuse alaste murede v\u00f5i ettepanekutega.<\/span><\/p>\n<h2 style=\"text-align: left;\"><span style=\"font-weight: 400;\">Arenda turvalist m\u00f5tteviisi<\/span><\/h2>\n<p style=\"text-align: left;\"><span style=\"font-weight: 400;\">L\u00f5puks arenda oma lapses m\u00f5tteviisi, et turvalisus tuleb alati k\u00f5igepealt.\u00a0 Veendu, et laps saaks aru, miks ei tohi mugavuse v\u00f5i kiirustamise p\u00e4rast kunagi turvalisust unarusse j\u00e4tta. \u00d5huta last olema alati ettevaatlik ja t\u00e4helepanelik \u00fcmbruses toimuva suhtes. Meenuta vajadust olla valvas, mitte lasta end rattas\u00f5idu ajal k\u00f5rvalistest asjadest (n\u00e4iteks telefonist) segada ja mitte m\u00f5ttetult end ohtu seada. \u00c4ra lase lapsel unustada, et tema turvalisus on esmat\u00e4htis ja peab alati olema esimene eelistus. Et seda lapsele m\u00e4ngulisemaks ja lihtsamini meelde j\u00e4\u00e4vaks muuta, v\u00f5id isegi koostada interaktiivse turvakaardi. Koolitee marsruudile v\u00f5ib panna turvalisi alasid, ettevaatust vajavaid paiku v\u00f5i kokkusaamiskohti t\u00e4histavaid kleebiseid. Selline visuaalne meeldetuletus t\u00f5stab lapse teadlikkust v\u00f5imalike ohtude kohta.<\/span><\/p>\n","protected":false},"excerpt":{"rendered":"<p>Kui Sa juhtud olema jalgratturist lapsevanem, tahad ilmselt, et Su lapsedki saaksid nautida r\u00f5\u00f5mu ja vabadust, mida pakub rattaga kooli [&hellip;]<\/p>\n","protected":false},"author":174,"featured_media":1362,"comment_status":"open","ping_status":"open","sticky":false,"template":"","format":"standard","meta":{"footnotes":""},"categories":[9],"tags":[],"global-categories":[22],"class_list":["post-1361","post","type-post","status-publish","format-standard","has-post-thumbnail","hentry","category-perekond","global-categories-cycling"],"yoast_head":"<!-- This site is optimized with the Yoast SEO Premium plugin v25.3 (Yoast SEO v25.9) - https:\/\/yoast.com\/wordpress\/plugins\/seo\/ -->\n<title>K\u00fcmme nippi, kuidas rattaga kooliminek lastele turvaliseks ja m\u00f5nusaks teha - \u0160koda We Love Cycling - Estonia<\/title>\n<meta name=\"robots\" content=\"index, follow, max-snippet:-1, max-image-preview:large, max-video-preview:-1\" \/>\n<link rel=\"canonical\" href=\"https:\/\/www.welovecycling.com\/ee\/2023\/10\/04\/kumme-nippi-kuidas-rattaga-kooliminek-lastele-turvaliseks-ja-monusaks-teha\/\" \/>\n<meta property=\"og:locale\" content=\"et_EE\" \/>\n<meta property=\"og:type\" content=\"article\" \/>\n<meta property=\"og:title\" content=\"K\u00fcmme nippi, kuidas rattaga kooliminek lastele turvaliseks ja m\u00f5nusaks teha\" \/>\n<meta property=\"og:description\" content=\"Kui Sa juhtud olema jalgratturist lapsevanem, tahad ilmselt, et Su lapsedki saaksid nautida r\u00f5\u00f5mu ja vabadust, mida pakub rattaga kooli [&hellip;]\" \/>\n<meta property=\"og:url\" content=\"https:\/\/www.welovecycling.com\/ee\/2023\/10\/04\/kumme-nippi-kuidas-rattaga-kooliminek-lastele-turvaliseks-ja-monusaks-teha\/\" \/>\n<meta property=\"og:site_name\" content=\"\u0160koda We Love Cycling - Estonia\" \/>\n<meta property=\"article:published_time\" content=\"2023-10-04T10:21:07+00:00\" \/>\n<meta property=\"og:image\" content=\"https:\/\/d2p6e6u75xmxt8.cloudfront.net\/15\/2023\/10\/kool-1.webp\" \/>\n\t<meta property=\"og:image:width\" content=\"989\" \/>\n\t<meta property=\"og:image:height\" content=\"660\" \/>\n\t<meta property=\"og:image:type\" content=\"image\/webp\" \/>\n<meta name=\"author\" content=\"andre\" \/>\n<meta name=\"twitter:card\" content=\"summary_large_image\" \/>\n<meta name=\"twitter:label1\" content=\"Written by\" \/>\n\t<meta name=\"twitter:data1\" content=\"Megan Flottorp\" \/>\n\t<meta name=\"twitter:label2\" content=\"Est. reading time\" \/>\n\t<meta name=\"twitter:data2\" content=\"5\" \/>\n<script type=\"application\/ld+json\" class=\"yoast-schema-graph\">{\"@context\":\"https:\/\/schema.org\",\"@graph\":[{\"@type\":\"WebPage\",\"@id\":\"https:\/\/www.welovecycling.com\/ee\/2023\/10\/04\/kumme-nippi-kuidas-rattaga-kooliminek-lastele-turvaliseks-ja-monusaks-teha\/\",\"url\":\"https:\/\/www.welovecycling.com\/ee\/2023\/10\/04\/kumme-nippi-kuidas-rattaga-kooliminek-lastele-turvaliseks-ja-monusaks-teha\/\",\"name\":\"K\u00fcmme nippi, kuidas rattaga kooliminek lastele turvaliseks ja m\u00f5nusaks teha - \u0160koda We Love Cycling - Estonia\",\"isPartOf\":{\"@id\":\"https:\/\/www.welovecycling.com\/ee\/#website\"},\"primaryImageOfPage\":{\"@id\":\"https:\/\/www.welovecycling.com\/ee\/2023\/10\/04\/kumme-nippi-kuidas-rattaga-kooliminek-lastele-turvaliseks-ja-monusaks-teha\/#primaryimage\"},\"image\":{\"@id\":\"https:\/\/www.welovecycling.com\/ee\/2023\/10\/04\/kumme-nippi-kuidas-rattaga-kooliminek-lastele-turvaliseks-ja-monusaks-teha\/#primaryimage\"},\"thumbnailUrl\":\"https:\/\/d2p6e6u75xmxt8.cloudfront.net\/15\/2023\/10\/kool-1.webp\",\"datePublished\":\"2023-10-04T10:21:07+00:00\",\"author\":{\"@id\":\"https:\/\/www.welovecycling.com\/ee\/#\/schema\/person\/8b7101c4bd1b1ae9d3732ebb1e6caf57\"},\"inLanguage\":\"et\",\"potentialAction\":[{\"@type\":\"ReadAction\",\"target\":[\"https:\/\/www.welovecycling.com\/ee\/2023\/10\/04\/kumme-nippi-kuidas-rattaga-kooliminek-lastele-turvaliseks-ja-monusaks-teha\/\"]}]},{\"@type\":\"ImageObject\",\"inLanguage\":\"et\",\"@id\":\"https:\/\/www.welovecycling.com\/ee\/2023\/10\/04\/kumme-nippi-kuidas-rattaga-kooliminek-lastele-turvaliseks-ja-monusaks-teha\/#primaryimage\",\"url\":\"https:\/\/d2p6e6u75xmxt8.cloudfront.net\/15\/2023\/10\/kool-1.webp\",\"contentUrl\":\"https:\/\/d2p6e6u75xmxt8.cloudfront.net\/15\/2023\/10\/kool-1.webp\",\"width\":989,\"height\":660},{\"@type\":\"WebSite\",\"@id\":\"https:\/\/www.welovecycling.com\/ee\/#website\",\"url\":\"https:\/\/www.welovecycling.com\/ee\/\",\"name\":\"\u0160koda We Love Cycling - Estonia\",\"description\":\"\",\"potentialAction\":[{\"@type\":\"SearchAction\",\"target\":{\"@type\":\"EntryPoint\",\"urlTemplate\":\"https:\/\/www.welovecycling.com\/ee\/?s={search_term_string}\"},\"query-input\":{\"@type\":\"PropertyValueSpecification\",\"valueRequired\":true,\"valueName\":\"search_term_string\"}}],\"inLanguage\":\"et\"},{\"@type\":\"Person\",\"@id\":\"https:\/\/www.welovecycling.com\/ee\/#\/schema\/person\/8b7101c4bd1b1ae9d3732ebb1e6caf57\",\"name\":\"andre\",\"image\":{\"@type\":\"ImageObject\",\"inLanguage\":\"et\",\"@id\":\"https:\/\/www.welovecycling.com\/ee\/#\/schema\/person\/image\/\",\"url\":\"https:\/\/secure.gravatar.com\/avatar\/0656b3224fe17b018f43b8a562625dd43d30827f027b2f62bc5a05711fec9a61?s=96&d=mm&r=g\",\"contentUrl\":\"https:\/\/secure.gravatar.com\/avatar\/0656b3224fe17b018f43b8a562625dd43d30827f027b2f62bc5a05711fec9a61?s=96&d=mm&r=g\",\"caption\":\"andre\"},\"url\":\"https:\/\/www.welovecycling.com\/ee\/author\/andre\/\"}]}<\/script>\n<!-- \/ Yoast SEO Premium plugin. -->","yoast_head_json":{"title":"K\u00fcmme nippi, kuidas rattaga kooliminek lastele turvaliseks ja m\u00f5nusaks teha - \u0160koda We Love Cycling - Estonia","robots":{"index":"index","follow":"follow","max-snippet":"max-snippet:-1","max-image-preview":"max-image-preview:large","max-video-preview":"max-video-preview:-1"},"canonical":"https:\/\/www.welovecycling.com\/ee\/2023\/10\/04\/kumme-nippi-kuidas-rattaga-kooliminek-lastele-turvaliseks-ja-monusaks-teha\/","og_locale":"et_EE","og_type":"article","og_title":"K\u00fcmme nippi, kuidas rattaga kooliminek lastele turvaliseks ja m\u00f5nusaks teha","og_description":"Kui Sa juhtud olema jalgratturist lapsevanem, tahad ilmselt, et Su lapsedki saaksid nautida r\u00f5\u00f5mu ja vabadust, mida pakub rattaga kooli [&hellip;]","og_url":"https:\/\/www.welovecycling.com\/ee\/2023\/10\/04\/kumme-nippi-kuidas-rattaga-kooliminek-lastele-turvaliseks-ja-monusaks-teha\/","og_site_name":"\u0160koda We Love Cycling - Estonia","article_published_time":"2023-10-04T10:21:07+00:00","og_image":[{"width":989,"height":660,"url":"https:\/\/d2p6e6u75xmxt8.cloudfront.net\/15\/2023\/10\/kool-1.webp","type":"image\/webp"}],"author":"andre","twitter_card":"summary_large_image","twitter_misc":{"Written by":"Megan Flottorp","Est. reading time":"5"},"schema":{"@context":"https:\/\/schema.org","@graph":[{"@type":"WebPage","@id":"https:\/\/www.welovecycling.com\/ee\/2023\/10\/04\/kumme-nippi-kuidas-rattaga-kooliminek-lastele-turvaliseks-ja-monusaks-teha\/","url":"https:\/\/www.welovecycling.com\/ee\/2023\/10\/04\/kumme-nippi-kuidas-rattaga-kooliminek-lastele-turvaliseks-ja-monusaks-teha\/","name":"K\u00fcmme nippi, kuidas rattaga kooliminek lastele turvaliseks ja m\u00f5nusaks teha - \u0160koda We Love Cycling - Estonia","isPartOf":{"@id":"https:\/\/www.welovecycling.com\/ee\/#website"},"primaryImageOfPage":{"@id":"https:\/\/www.welovecycling.com\/ee\/2023\/10\/04\/kumme-nippi-kuidas-rattaga-kooliminek-lastele-turvaliseks-ja-monusaks-teha\/#primaryimage"},"image":{"@id":"https:\/\/www.welovecycling.com\/ee\/2023\/10\/04\/kumme-nippi-kuidas-rattaga-kooliminek-lastele-turvaliseks-ja-monusaks-teha\/#primaryimage"},"thumbnailUrl":"https:\/\/d2p6e6u75xmxt8.cloudfront.net\/15\/2023\/10\/kool-1.webp","datePublished":"2023-10-04T10:21:07+00:00","author":{"@id":"https:\/\/www.welovecycling.com\/ee\/#\/schema\/person\/8b7101c4bd1b1ae9d3732ebb1e6caf57"},"inLanguage":"et","potentialAction":[{"@type":"ReadAction","target":["https:\/\/www.welovecycling.com\/ee\/2023\/10\/04\/kumme-nippi-kuidas-rattaga-kooliminek-lastele-turvaliseks-ja-monusaks-teha\/"]}]},{"@type":"ImageObject","inLanguage":"et","@id":"https:\/\/www.welovecycling.com\/ee\/2023\/10\/04\/kumme-nippi-kuidas-rattaga-kooliminek-lastele-turvaliseks-ja-monusaks-teha\/#primaryimage","url":"https:\/\/d2p6e6u75xmxt8.cloudfront.net\/15\/2023\/10\/kool-1.webp","contentUrl":"https:\/\/d2p6e6u75xmxt8.cloudfront.net\/15\/2023\/10\/kool-1.webp","width":989,"height":660},{"@type":"WebSite","@id":"https:\/\/www.welovecycling.com\/ee\/#website","url":"https:\/\/www.welovecycling.com\/ee\/","name":"\u0160koda We Love Cycling - Estonia","description":"","potentialAction":[{"@type":"SearchAction","target":{"@type":"EntryPoint","urlTemplate":"https:\/\/www.welovecycling.com\/ee\/?s={search_term_string}"},"query-input":{"@type":"PropertyValueSpecification","valueRequired":true,"valueName":"search_term_string"}}],"inLanguage":"et"},{"@type":"Person","@id":"https:\/\/www.welovecycling.com\/ee\/#\/schema\/person\/8b7101c4bd1b1ae9d3732ebb1e6caf57","name":"andre","image":{"@type":"ImageObject","inLanguage":"et","@id":"https:\/\/www.welovecycling.com\/ee\/#\/schema\/person\/image\/","url":"https:\/\/secure.gravatar.com\/avatar\/0656b3224fe17b018f43b8a562625dd43d30827f027b2f62bc5a05711fec9a61?s=96&d=mm&r=g","contentUrl":"https:\/\/secure.gravatar.com\/avatar\/0656b3224fe17b018f43b8a562625dd43d30827f027b2f62bc5a05711fec9a61?s=96&d=mm&r=g","caption":"andre"},"url":"https:\/\/www.welovecycling.com\/ee\/author\/andre\/"}]}},"_links":{"self":[{"href":"https:\/\/www.welovecycling.com\/ee\/wp-json\/wp\/v2\/posts\/1361","targetHints":{"allow":["GET"]}}],"collection":[{"href":"https:\/\/www.welovecycling.com\/ee\/wp-json\/wp\/v2\/posts"}],"about":[{"href":"https:\/\/www.welovecycling.com\/ee\/wp-json\/wp\/v2\/types\/post"}],"author":[{"embeddable":true,"href":"https:\/\/www.welovecycling.com\/ee\/wp-json\/wp\/v2\/users\/174"}],"replies":[{"embeddable":true,"href":"https:\/\/www.welovecycling.com\/ee\/wp-json\/wp\/v2\/comments?post=1361"}],"version-history":[{"count":4,"href":"https:\/\/www.welovecycling.com\/ee\/wp-json\/wp\/v2\/posts\/1361\/revisions"}],"predecessor-version":[{"id":1367,"href":"https:\/\/www.welovecycling.com\/ee\/wp-json\/wp\/v2\/posts\/1361\/revisions\/1367"}],"wp:featuredmedia":[{"embeddable":true,"href":"https:\/\/www.welovecycling.com\/ee\/wp-json\/wp\/v2\/media\/1362"}],"wp:attachment":[{"href":"https:\/\/www.welovecycling.com\/ee\/wp-json\/wp\/v2\/media?parent=1361"}],"wp:term":[{"taxonomy":"category","embeddable":true,"href":"https:\/\/www.welovecycling.com\/ee\/wp-json\/wp\/v2\/categories?post=1361"},{"taxonomy":"post_tag","embeddable":true,"href":"https:\/\/www.welovecycling.com\/ee\/wp-json\/wp\/v2\/tags?post=1361"},{"taxonomy":"global-categories","embeddable":true,"href":"https:\/\/www.welovecycling.com\/ee\/wp-json\/wp\/v2\/global-categories?post=1361"}],"curies":[{"name":"wp","href":"https:\/\/api.w.org\/{rel}","templated":true}]}}