{"id":1336,"date":"2023-09-14T07:22:07","date_gmt":"2023-09-14T07:22:07","guid":{"rendered":"https:\/\/www.welovecycling.com\/ee\/?p=1336"},"modified":"2023-09-14T07:29:36","modified_gmt":"2023-09-14T07:29:36","slug":"2023-skoda-mtb-kolmapaevakute-sarja-finaal-keilas","status":"publish","type":"post","link":"https:\/\/www.welovecycling.com\/ee\/2023\/09\/14\/2023-skoda-mtb-kolmapaevakute-sarja-finaal-keilas\/","title":{"rendered":"2023 \u0160koda MTB Kolmap\u00e4evakute sarja finaal Keilas"},"content":{"rendered":"<h2><span style=\"font-weight: 400;\">Vaatamata p\u00e4eval valitsenud heitlikele ilmaoludele sai siiski peaagu p\u00e4ikeselises Keilas eile, 13.09.2023, joon alla t\u00f5mmatud juba 17 hooaega toimunud \u0160koda MTB Kolmap\u00e4evakute sarjale. <\/span><\/h2>\n<p>Nagu viimasele etapile traditsiooniks saanud,\u00a0 olid erinevalt teistest sarja etappidest kavas \u00fchisstardid, millele j\u00e4rgnes autasustamine ja selle s\u00fcgise esimene punkkontsert Keilas &#8211; lavale astus \u201cKurjam\u201d, kelle frontman Marko Sigus aka Maika astus lavale otse peale p\u00f5his\u00f5idu l\u00e4bimist. Boonusena olid sarja algusest peale korraldavad klubid lauale pannud enda liikmete poolt k\u00fcpsetatud s\u00fcgisesed koogid\/pirukat, mis haihtusid sekunditega. Kohal oli ka sarja peatoetaja \u0160koda\/SKO Motors\/We Love Cycling Estonia. \u0160koda-poolse tulihingelise rattaspordi toetaja Maario Orgla abiga said ka k\u00f5ik auhinnad \u00fcle antud.<\/p>\n<p><a href=\"https:\/\/d2p6e6u75xmxt8.cloudfront.net\/15\/2023\/09\/20230913_180333.webp\"><img loading=\"lazy\" decoding=\"async\" class=\"size-full wp-image-1339 alignleft\" src=\"https:\/\/d2p6e6u75xmxt8.cloudfront.net\/15\/2023\/09\/20230913_180333.webp\" alt=\"\" width=\"525\" height=\"931\" srcset=\"https:\/\/d2p6e6u75xmxt8.cloudfront.net\/15\/2023\/09\/20230913_180333.webp 525w, https:\/\/d2p6e6u75xmxt8.cloudfront.net\/15\/2023\/09\/20230913_180333-169x300.webp 169w, https:\/\/d2p6e6u75xmxt8.cloudfront.net\/15\/2023\/09\/20230913_180333-226x400.webp 226w\" sizes=\"auto, (max-width: 525px) 100vw, 525px\" \/><\/a><\/p>\n<p>&nbsp;<\/p>\n<p>N\u00fc\u00fcd v\u00e4ike tagasivaade hooajale ning natuke ka statistikat. Sari koosnes 12-st etapist. Sari on tasuta k\u00f5igile kuni 18 (kaasaarvatud) ratturitele. Esimese 5 etapil osalejate vahel loositi v\u00e4lja SKO Motorsi ja We Love Cycling Estonia poolt v\u00e4lja ainukordne all inclusive pakett Tour De France\u00b4i etapile. Pirita etapp oli SKO Motors spetsiaal ja k\u00f5igile jagati \u0160koda We Love Cycling ratta joogipudeleid. Samuti katsetasime see hooaeg esmakordselt elektriliste maastikurataste kaasamist kahel etapil.<br \/>\nSarjast v\u00f5ttis hooaja jooksul osa 203 last, 411 t\u00e4iskasvanut. Kokku siis 614 erinevat osalejat.<\/p>\n<p><a href=\"https:\/\/d2p6e6u75xmxt8.cloudfront.net\/15\/2023\/09\/20230913_182635.webp\"><img loading=\"lazy\" decoding=\"async\" class=\"size-full wp-image-1340 alignleft\" src=\"https:\/\/d2p6e6u75xmxt8.cloudfront.net\/15\/2023\/09\/20230913_182635.webp\" alt=\"\" width=\"524\" height=\"931\" srcset=\"https:\/\/d2p6e6u75xmxt8.cloudfront.net\/15\/2023\/09\/20230913_182635.webp 524w, https:\/\/d2p6e6u75xmxt8.cloudfront.net\/15\/2023\/09\/20230913_182635-169x300.webp 169w, https:\/\/d2p6e6u75xmxt8.cloudfront.net\/15\/2023\/09\/20230913_182635-225x400.webp 225w\" sizes=\"auto, (max-width: 524px) 100vw, 524px\" \/><\/a><\/p>\n<p>T\u00e4name k\u00f5igepealt k\u00f5iki, kes osalesid \u0160koda MTB Kolmap\u00e4evakutel. Korraldavate klubide liikmeid, kes oma vabast v\u00f5i t\u00f6\u00f6 ajast radu planeerisid, korralduslube taotlesid, radu maha m\u00e4rkisid, stardikoridore ehitasid, nooli ja linte koristasid. Suur kummardus SKO Motorsile ja Maario Orglale sarja j\u00e4tkuva toetamise eest, t\u00e4nud ka Janne Epnerile, kes k\u00f5ikidel etappidel meie tegemisi fotosilma l\u00e4bi j\u00e4\u00e4dvustas. Veel t\u00e4name A le Coqi joogipoolise\u00a0 ja Tallinna Linnavalitsust toetuse eest.<\/p>\n<p>Kohtume 14.10.23 SKO Motorsis peetaval Rattalaadal, kus on juba v\u00f5imalik registreerida ennast 2024 aasta sarjele.<\/p>\n<p>T\u00e4nud ja rajal n\u00e4eme!<\/p>\n<p><a href=\"https:\/\/d2p6e6u75xmxt8.cloudfront.net\/15\/2023\/09\/20230913_194506.webp\"><img loading=\"lazy\" decoding=\"async\" class=\"size-full wp-image-1342 alignleft\" src=\"https:\/\/d2p6e6u75xmxt8.cloudfront.net\/15\/2023\/09\/20230913_194506.webp\" alt=\"\" width=\"525\" height=\"931\" srcset=\"https:\/\/d2p6e6u75xmxt8.cloudfront.net\/15\/2023\/09\/20230913_194506.webp 525w, https:\/\/d2p6e6u75xmxt8.cloudfront.net\/15\/2023\/09\/20230913_194506-169x300.webp 169w, https:\/\/d2p6e6u75xmxt8.cloudfront.net\/15\/2023\/09\/20230913_194506-226x400.webp 226w\" sizes=\"auto, (max-width: 525px) 100vw, 525px\" \/><\/a><\/p>\n<p>&nbsp;<\/p>\n","protected":false},"excerpt":{"rendered":"<p>Vaatamata p\u00e4eval valitsenud heitlikele ilmaoludele sai siiski peaagu p\u00e4ikeselises Keilas eile, 13.09.2023, joon alla t\u00f5mmatud juba 17 hooaega toimunud \u0160koda [&hellip;]<\/p>\n","protected":false},"author":174,"featured_media":1337,"comment_status":"open","ping_status":"open","sticky":false,"template":"","format":"standard","meta":{"footnotes":""},"categories":[12],"tags":[142,116],"global-categories":[22],"class_list":["post-1336","post","type-post","status-publish","format-standard","has-post-thumbnail","hentry","category-cx-gravel-mtb","tag-sko-motors","tag-skoda-mtb-kolmapaevak","global-categories-cycling"],"yoast_head":"<!-- This site is optimized with the Yoast SEO Premium plugin v25.3 (Yoast SEO v25.9) - https:\/\/yoast.com\/wordpress\/plugins\/seo\/ -->\n<title>2023 \u0160koda MTB Kolmap\u00e4evakute sarja finaal Keilas - \u0160koda We Love Cycling - Estonia<\/title>\n<meta name=\"description\" content=\"Vaatamata p\u00e4eval valitsenud heitlikele ilmaoludele sai siiski peaagu p\u00e4ikeselises Keilas eile, 13.09.2023, joon alla t\u00f5mmatud juba 17 hooaega toimunud \u0160koda MTB Kolmap\u00e4evakute sarjale.\" \/>\n<meta name=\"robots\" content=\"index, follow, max-snippet:-1, max-image-preview:large, max-video-preview:-1\" \/>\n<link rel=\"canonical\" href=\"https:\/\/www.welovecycling.com\/ee\/2023\/09\/14\/2023-skoda-mtb-kolmapaevakute-sarja-finaal-keilas\/\" \/>\n<meta property=\"og:locale\" content=\"et_EE\" \/>\n<meta property=\"og:type\" content=\"article\" \/>\n<meta property=\"og:title\" content=\"2023 \u0160koda MTB Kolmap\u00e4evakute sarja finaal Keilas\" \/>\n<meta property=\"og:description\" content=\"Vaatamata p\u00e4eval valitsenud heitlikele ilmaoludele sai siiski peaagu p\u00e4ikeselises Keilas eile, 13.09.2023, joon alla t\u00f5mmatud juba 17 hooaega toimunud \u0160koda MTB Kolmap\u00e4evakute sarjale.\" \/>\n<meta property=\"og:url\" content=\"https:\/\/www.welovecycling.com\/ee\/2023\/09\/14\/2023-skoda-mtb-kolmapaevakute-sarja-finaal-keilas\/\" \/>\n<meta property=\"og:site_name\" content=\"\u0160koda We Love Cycling - Estonia\" \/>\n<meta property=\"article:published_time\" content=\"2023-09-14T07:22:07+00:00\" \/>\n<meta property=\"article:modified_time\" content=\"2023-09-14T07:29:36+00:00\" \/>\n<meta property=\"og:image\" content=\"https:\/\/d2p6e6u75xmxt8.cloudfront.net\/15\/2023\/09\/20230913_171322.webp\" \/>\n\t<meta property=\"og:image:width\" content=\"1651\" \/>\n\t<meta property=\"og:image:height\" content=\"931\" \/>\n\t<meta property=\"og:image:type\" content=\"image\/webp\" \/>\n<meta name=\"author\" content=\"andre\" \/>\n<meta name=\"twitter:card\" content=\"summary_large_image\" \/>\n<meta name=\"twitter:label1\" content=\"Written by\" \/>\n\t<meta name=\"twitter:data1\" content=\"Andre Kull\" \/>\n\t<meta name=\"twitter:label2\" content=\"Est. reading time\" \/>\n\t<meta name=\"twitter:data2\" content=\"1 minute\" \/>\n<script type=\"application\/ld+json\" class=\"yoast-schema-graph\">{\"@context\":\"https:\/\/schema.org\",\"@graph\":[{\"@type\":\"WebPage\",\"@id\":\"https:\/\/www.welovecycling.com\/ee\/2023\/09\/14\/2023-skoda-mtb-kolmapaevakute-sarja-finaal-keilas\/\",\"url\":\"https:\/\/www.welovecycling.com\/ee\/2023\/09\/14\/2023-skoda-mtb-kolmapaevakute-sarja-finaal-keilas\/\",\"name\":\"2023 \u0160koda MTB Kolmap\u00e4evakute sarja finaal Keilas - \u0160koda We Love Cycling - Estonia\",\"isPartOf\":{\"@id\":\"https:\/\/www.welovecycling.com\/ee\/#website\"},\"primaryImageOfPage\":{\"@id\":\"https:\/\/www.welovecycling.com\/ee\/2023\/09\/14\/2023-skoda-mtb-kolmapaevakute-sarja-finaal-keilas\/#primaryimage\"},\"image\":{\"@id\":\"https:\/\/www.welovecycling.com\/ee\/2023\/09\/14\/2023-skoda-mtb-kolmapaevakute-sarja-finaal-keilas\/#primaryimage\"},\"thumbnailUrl\":\"https:\/\/d2p6e6u75xmxt8.cloudfront.net\/15\/2023\/09\/20230913_171322.webp\",\"datePublished\":\"2023-09-14T07:22:07+00:00\",\"dateModified\":\"2023-09-14T07:29:36+00:00\",\"author\":{\"@id\":\"https:\/\/www.welovecycling.com\/ee\/#\/schema\/person\/8b7101c4bd1b1ae9d3732ebb1e6caf57\"},\"description\":\"Vaatamata p\u00e4eval valitsenud heitlikele ilmaoludele sai siiski peaagu p\u00e4ikeselises Keilas eile, 13.09.2023, joon alla t\u00f5mmatud juba 17 hooaega toimunud \u0160koda MTB Kolmap\u00e4evakute sarjale.\",\"inLanguage\":\"et\",\"potentialAction\":[{\"@type\":\"ReadAction\",\"target\":[\"https:\/\/www.welovecycling.com\/ee\/2023\/09\/14\/2023-skoda-mtb-kolmapaevakute-sarja-finaal-keilas\/\"]}]},{\"@type\":\"ImageObject\",\"inLanguage\":\"et\",\"@id\":\"https:\/\/www.welovecycling.com\/ee\/2023\/09\/14\/2023-skoda-mtb-kolmapaevakute-sarja-finaal-keilas\/#primaryimage\",\"url\":\"https:\/\/d2p6e6u75xmxt8.cloudfront.net\/15\/2023\/09\/20230913_171322.webp\",\"contentUrl\":\"https:\/\/d2p6e6u75xmxt8.cloudfront.net\/15\/2023\/09\/20230913_171322.webp\",\"width\":1651,\"height\":931},{\"@type\":\"WebSite\",\"@id\":\"https:\/\/www.welovecycling.com\/ee\/#website\",\"url\":\"https:\/\/www.welovecycling.com\/ee\/\",\"name\":\"\u0160koda We Love Cycling - Estonia\",\"description\":\"\",\"potentialAction\":[{\"@type\":\"SearchAction\",\"target\":{\"@type\":\"EntryPoint\",\"urlTemplate\":\"https:\/\/www.welovecycling.com\/ee\/?s={search_term_string}\"},\"query-input\":{\"@type\":\"PropertyValueSpecification\",\"valueRequired\":true,\"valueName\":\"search_term_string\"}}],\"inLanguage\":\"et\"},{\"@type\":\"Person\",\"@id\":\"https:\/\/www.welovecycling.com\/ee\/#\/schema\/person\/8b7101c4bd1b1ae9d3732ebb1e6caf57\",\"name\":\"andre\",\"image\":{\"@type\":\"ImageObject\",\"inLanguage\":\"et\",\"@id\":\"https:\/\/www.welovecycling.com\/ee\/#\/schema\/person\/image\/\",\"url\":\"https:\/\/secure.gravatar.com\/avatar\/0656b3224fe17b018f43b8a562625dd43d30827f027b2f62bc5a05711fec9a61?s=96&d=mm&r=g\",\"contentUrl\":\"https:\/\/secure.gravatar.com\/avatar\/0656b3224fe17b018f43b8a562625dd43d30827f027b2f62bc5a05711fec9a61?s=96&d=mm&r=g\",\"caption\":\"andre\"},\"url\":\"https:\/\/www.welovecycling.com\/ee\/author\/andre\/\"}]}<\/script>\n<!-- \/ Yoast SEO Premium plugin. -->","yoast_head_json":{"title":"2023 \u0160koda MTB Kolmap\u00e4evakute sarja finaal Keilas - \u0160koda We Love Cycling - Estonia","description":"Vaatamata p\u00e4eval valitsenud heitlikele ilmaoludele sai siiski peaagu p\u00e4ikeselises Keilas eile, 13.09.2023, joon alla t\u00f5mmatud juba 17 hooaega toimunud \u0160koda MTB Kolmap\u00e4evakute sarjale.","robots":{"index":"index","follow":"follow","max-snippet":"max-snippet:-1","max-image-preview":"max-image-preview:large","max-video-preview":"max-video-preview:-1"},"canonical":"https:\/\/www.welovecycling.com\/ee\/2023\/09\/14\/2023-skoda-mtb-kolmapaevakute-sarja-finaal-keilas\/","og_locale":"et_EE","og_type":"article","og_title":"2023 \u0160koda MTB Kolmap\u00e4evakute sarja finaal Keilas","og_description":"Vaatamata p\u00e4eval valitsenud heitlikele ilmaoludele sai siiski peaagu p\u00e4ikeselises Keilas eile, 13.09.2023, joon alla t\u00f5mmatud juba 17 hooaega toimunud \u0160koda MTB Kolmap\u00e4evakute sarjale.","og_url":"https:\/\/www.welovecycling.com\/ee\/2023\/09\/14\/2023-skoda-mtb-kolmapaevakute-sarja-finaal-keilas\/","og_site_name":"\u0160koda We Love Cycling - Estonia","article_published_time":"2023-09-14T07:22:07+00:00","article_modified_time":"2023-09-14T07:29:36+00:00","og_image":[{"width":1651,"height":931,"url":"https:\/\/d2p6e6u75xmxt8.cloudfront.net\/15\/2023\/09\/20230913_171322.webp","type":"image\/webp"}],"author":"andre","twitter_card":"summary_large_image","twitter_misc":{"Written by":"Andre Kull","Est. reading time":"1 minute"},"schema":{"@context":"https:\/\/schema.org","@graph":[{"@type":"WebPage","@id":"https:\/\/www.welovecycling.com\/ee\/2023\/09\/14\/2023-skoda-mtb-kolmapaevakute-sarja-finaal-keilas\/","url":"https:\/\/www.welovecycling.com\/ee\/2023\/09\/14\/2023-skoda-mtb-kolmapaevakute-sarja-finaal-keilas\/","name":"2023 \u0160koda MTB Kolmap\u00e4evakute sarja finaal Keilas - \u0160koda We Love Cycling - Estonia","isPartOf":{"@id":"https:\/\/www.welovecycling.com\/ee\/#website"},"primaryImageOfPage":{"@id":"https:\/\/www.welovecycling.com\/ee\/2023\/09\/14\/2023-skoda-mtb-kolmapaevakute-sarja-finaal-keilas\/#primaryimage"},"image":{"@id":"https:\/\/www.welovecycling.com\/ee\/2023\/09\/14\/2023-skoda-mtb-kolmapaevakute-sarja-finaal-keilas\/#primaryimage"},"thumbnailUrl":"https:\/\/d2p6e6u75xmxt8.cloudfront.net\/15\/2023\/09\/20230913_171322.webp","datePublished":"2023-09-14T07:22:07+00:00","dateModified":"2023-09-14T07:29:36+00:00","author":{"@id":"https:\/\/www.welovecycling.com\/ee\/#\/schema\/person\/8b7101c4bd1b1ae9d3732ebb1e6caf57"},"description":"Vaatamata p\u00e4eval valitsenud heitlikele ilmaoludele sai siiski peaagu p\u00e4ikeselises Keilas eile, 13.09.2023, joon alla t\u00f5mmatud juba 17 hooaega toimunud \u0160koda MTB Kolmap\u00e4evakute sarjale.","inLanguage":"et","potentialAction":[{"@type":"ReadAction","target":["https:\/\/www.welovecycling.com\/ee\/2023\/09\/14\/2023-skoda-mtb-kolmapaevakute-sarja-finaal-keilas\/"]}]},{"@type":"ImageObject","inLanguage":"et","@id":"https:\/\/www.welovecycling.com\/ee\/2023\/09\/14\/2023-skoda-mtb-kolmapaevakute-sarja-finaal-keilas\/#primaryimage","url":"https:\/\/d2p6e6u75xmxt8.cloudfront.net\/15\/2023\/09\/20230913_171322.webp","contentUrl":"https:\/\/d2p6e6u75xmxt8.cloudfront.net\/15\/2023\/09\/20230913_171322.webp","width":1651,"height":931},{"@type":"WebSite","@id":"https:\/\/www.welovecycling.com\/ee\/#website","url":"https:\/\/www.welovecycling.com\/ee\/","name":"\u0160koda We Love Cycling - Estonia","description":"","potentialAction":[{"@type":"SearchAction","target":{"@type":"EntryPoint","urlTemplate":"https:\/\/www.welovecycling.com\/ee\/?s={search_term_string}"},"query-input":{"@type":"PropertyValueSpecification","valueRequired":true,"valueName":"search_term_string"}}],"inLanguage":"et"},{"@type":"Person","@id":"https:\/\/www.welovecycling.com\/ee\/#\/schema\/person\/8b7101c4bd1b1ae9d3732ebb1e6caf57","name":"andre","image":{"@type":"ImageObject","inLanguage":"et","@id":"https:\/\/www.welovecycling.com\/ee\/#\/schema\/person\/image\/","url":"https:\/\/secure.gravatar.com\/avatar\/0656b3224fe17b018f43b8a562625dd43d30827f027b2f62bc5a05711fec9a61?s=96&d=mm&r=g","contentUrl":"https:\/\/secure.gravatar.com\/avatar\/0656b3224fe17b018f43b8a562625dd43d30827f027b2f62bc5a05711fec9a61?s=96&d=mm&r=g","caption":"andre"},"url":"https:\/\/www.welovecycling.com\/ee\/author\/andre\/"}]}},"_links":{"self":[{"href":"https:\/\/www.welovecycling.com\/ee\/wp-json\/wp\/v2\/posts\/1336","targetHints":{"allow":["GET"]}}],"collection":[{"href":"https:\/\/www.welovecycling.com\/ee\/wp-json\/wp\/v2\/posts"}],"about":[{"href":"https:\/\/www.welovecycling.com\/ee\/wp-json\/wp\/v2\/types\/post"}],"author":[{"embeddable":true,"href":"https:\/\/www.welovecycling.com\/ee\/wp-json\/wp\/v2\/users\/174"}],"replies":[{"embeddable":true,"href":"https:\/\/www.welovecycling.com\/ee\/wp-json\/wp\/v2\/comments?post=1336"}],"version-history":[{"count":9,"href":"https:\/\/www.welovecycling.com\/ee\/wp-json\/wp\/v2\/posts\/1336\/revisions"}],"predecessor-version":[{"id":1351,"href":"https:\/\/www.welovecycling.com\/ee\/wp-json\/wp\/v2\/posts\/1336\/revisions\/1351"}],"wp:featuredmedia":[{"embeddable":true,"href":"https:\/\/www.welovecycling.com\/ee\/wp-json\/wp\/v2\/media\/1337"}],"wp:attachment":[{"href":"https:\/\/www.welovecycling.com\/ee\/wp-json\/wp\/v2\/media?parent=1336"}],"wp:term":[{"taxonomy":"category","embeddable":true,"href":"https:\/\/www.welovecycling.com\/ee\/wp-json\/wp\/v2\/categories?post=1336"},{"taxonomy":"post_tag","embeddable":true,"href":"https:\/\/www.welovecycling.com\/ee\/wp-json\/wp\/v2\/tags?post=1336"},{"taxonomy":"global-categories","embeddable":true,"href":"https:\/\/www.welovecycling.com\/ee\/wp-json\/wp\/v2\/global-categories?post=1336"}],"curies":[{"name":"wp","href":"https:\/\/api.w.org\/{rel}","templated":true}]}}