{"id":1325,"date":"2023-09-11T12:23:17","date_gmt":"2023-09-11T12:23:17","guid":{"rendered":"https:\/\/www.welovecycling.com\/ee\/?p=1325"},"modified":"2023-09-11T12:23:17","modified_gmt":"2023-09-11T12:23:17","slug":"voimsusnaitajad-suurtuuridel-temposoidu-sokeerivad-tulemused","status":"publish","type":"post","link":"https:\/\/www.welovecycling.com\/ee\/2023\/09\/11\/voimsusnaitajad-suurtuuridel-temposoidu-sokeerivad-tulemused\/","title":{"rendered":"V\u00f5imsusn\u00e4itajad suurtuuridel \u2013 tempos\u00f5idu \u0161okeerivad tulemused"},"content":{"rendered":"<h4>Jonas Vingegaard \u00fcllatas k\u00f5iki, sealhulgas iseennast 2023. aasta Tour de France\u2019i individuaalses eraldistardiga s\u00f5idus. Edumaa, mille ta suutis saavutada ja v\u00f5imsuse-kaalu suhe, mida ta hoidis, olid h\u00e4mmastavad. Vaatame l\u00e4hemalt.<\/h4>\n<h3><strong>Tempos\u00f5idu esimene pool<\/strong><\/h3>\n<p>Esimesest vaheajapunktist alates oli n\u00e4ha, et Jonas v\u00f5ttis asja t\u00f5siselt. Sealt punktist lendas ta l\u00e4bi 16-sekundilise eduga pearivaali Tadej Poga\u010dari ning 49-sekundilise eduga oma Jumbo-Visma tiimikaaslase Wout van Aerti ees. Tema treenerid r\u00e4\u00e4kisid hiljem, et muretsesid: ega v\u00e4lkstardile tempos\u00f5idu hilisemas j\u00e4rgus l\u00f5ivu tule maksta? Kuid teine vaheajapunkt millelegi sellisele ei vihjanud, Jonas aina kasvatas oma edu.<\/p>\n<p><strong>Stardist 2. vaheajapunktini<\/strong><\/p>\n<ul>\n<li><strong>Vingegaard<\/strong>: aeg 19.05, keskmine kiirus 50,6 km\/h<\/li>\n<li><strong>Poga\u010dar<\/strong>: aeg 19.36, keskmine kiirus 49,3 km\/h<\/li>\n<li><strong>van Aert<\/strong>: aeg 20.16, keskmine kiirus 47,6 km\/h<\/li>\n<\/ul>\n<h3><strong>M\u00e4ekuninga punktid<\/strong><\/h3>\n<p>Kolmandas vaheajapunktis jagati ka m\u00e4ekuninga punkte ning teel sinna tuli \u00fcletada C\u00f4te de Domancy t\u00f5us. Giulio Ciccone kemples Neilson Powlessiga t\u00e4pilise s\u00e4rgi p\u00e4rast ning oli selge, et m\u00f5lemad panid maksimumpunktide nimel k\u00f5ik v\u00e4lja. Nad isegi vahetasid oma rasked tempos\u00f5idurattad t\u00f5usu jaoks \u00fclikergete m\u00e4kkeronimisrataste vastu. Ciccone suutiski Vingegaardi sel l\u00f5igul edestada, kuid ainult kolme sekundiga, vaatamata rattavahetusele ja m\u00e4rksa aeglasemale liikumisele tempos\u00f5idu esimesel poolel.<\/p>\n<p><strong>C\u00f4te de Domancy (2. ja 3. vaheajapunkti vahel)<\/strong><\/p>\n<ul>\n<li><strong>Ciccone<\/strong>: 6.44, ~7,4 W\/kg<\/li>\n<li><strong>Vingegaard<\/strong>: 6.47, ~7,4 W\/kg<\/li>\n<li><strong>Powless<\/strong>: 7.20, ~6,5 W\/kg<\/li>\n<li><strong>Poga\u010dar<\/strong>: 7.21, ~6,5 W\/kg<\/li>\n<li><strong>van Aert<\/strong>: 7.26, ~6,4 W\/kg<\/li>\n<\/ul>\n<h3><strong>Tempos\u00f5idu teine pool<\/strong><\/h3>\n<p>P\u00e4rast kolmandat vaheajapunkti t\u00f5usis trass v\u00e4iksema kaldenurgaga kuni Combloux\u2019s asunud fini\u0161ini v\u00e4lja. Pidev t\u00f5us teisest vaheajapunktist kuni fini\u0161ijooneni oli l\u00f5ik, kus Jonas Vingegaard suutis j\u00e4rjest umbes 13 minutit pingutada v\u00f5imsuse-kaalu ligikaudse suhtega 7,4 W\/kg. Selline sooritusv\u00f5ime on t\u00e4iesti ebamaine, eriti juba kaks n\u00e4dalat kestnud konkurentsitiheda Tour de France\u2019i taustal.<\/p>\n<p><strong>T\u00f5us Combloux\u2019sse (2. vaheajapunktist fini\u0161ini)<\/strong><\/p>\n<ul>\n<li><strong>Vingegaard<\/strong>: 13.31, ~7,4 W\/kg<\/li>\n<li><strong>Poga\u010dar<\/strong>: 14.38, ~6,7 W\/kg<\/li>\n<li><strong>van Aert<\/strong>: 15.11, ~6,2 W\/kg<\/li>\n<\/ul>\n<figure id=\"attachment_1328\" aria-describedby=\"caption-attachment-1328\" style=\"width: 790px\" class=\"wp-caption aligncenter\"><a href=\"https:\/\/d2p6e6u75xmxt8.cloudfront.net\/15\/2023\/09\/power2.webp\"><img loading=\"lazy\" decoding=\"async\" class=\"wp-image-1328 size-full\" src=\"https:\/\/d2p6e6u75xmxt8.cloudfront.net\/15\/2023\/09\/power2.webp\" alt=\"\" width=\"790\" height=\"522\" srcset=\"https:\/\/d2p6e6u75xmxt8.cloudfront.net\/15\/2023\/09\/power2.webp 790w, https:\/\/d2p6e6u75xmxt8.cloudfront.net\/15\/2023\/09\/power2-300x198.webp 300w, https:\/\/d2p6e6u75xmxt8.cloudfront.net\/15\/2023\/09\/power2-768x507.webp 768w, https:\/\/d2p6e6u75xmxt8.cloudfront.net\/15\/2023\/09\/power2-400x264.webp 400w\" sizes=\"auto, (max-width: 790px) 100vw, 790px\" \/><\/a><figcaption id=\"caption-attachment-1328\" class=\"wp-caption-text\">Van Aert \u00fcletab Tour de France\u2019i 16. etapi fini\u0161ijoone \u00a9 Profimedia<\/figcaption><\/figure>\n<h3><strong>Suurim edu tempos\u00f5idus rattaspordi moodsa ajaloo v\u00e4ltel<\/strong><\/h3>\n<p>Et Vingegaardi v\u00f5it paistaks \u00f5iges valguses, vaatame m\u00f5ningaid muljetavaldavalt \u00fclekaalukaid tempos\u00f5iduv\u00f5ite suurtuuride viimase k\u00fcmne aasta jooksul. N\u00e4iteks 2014. aasta <a href=\"https:\/\/www.letour.fr\/en\/\">Tour de France<\/a>\u2019i 20. etapi v\u00f5itis Tony Martin Tom Dumoulini ees 1 minuti ja 39 sekundiga \u2013 seda on sekund rohkem kui Vingegaardi t\u00e4navune edumaa. Aga probleem seisneb selles, et 2014. aastal oli etapi pikkus 54 kilomeetrit ja v\u00f5itja aeg 1 tund 6 minutit \u2013 rohkem kui kaks korda t\u00e4navusest enam.<\/p>\n<p>Etapi pikkust ja s\u00f5iduaega arvestades on kaks k\u00f5ige muljetavaldavamat edumaad Tadej Poga\u010dari 1 minut ja 21 sekundit 2020. aasta Tour de France\u2019i 20. etapil, kus ta 36,2 km l\u00e4bimiseks kulutas 55 minutit ja 55 sekundit. Ning Primo\u017e Rogli\u010di 19 sekundit 2019. aasta Giro d\u2019Italia avaetapi 8-kilomeetrisel trassil, mille ta l\u00e4bis ajaga 12.54.<\/p>\n<p>Aga kumbki neist ei j\u00f5ua ligil\u00e4hedalegi Jonas Vingegaardile, kes 22,4 kilomeetri pikkuse distantsi l\u00e4bis 32 minuti ja 36 sekundiga ning edestas j\u00e4rgmist 1 minuti ja 38 sekundiga. Ja tasub silmas pidada, et kui kohal poleks olnud Tadej Poga\u010dari, oleks vahe praegu kolmandaks j\u00e4\u00e4nud Wout van Aerti \u2013 kes tempos\u00f5idus pole kindlasti n\u00f5rguke \u2013 ees olnud lausa 2 minutit ja 51 sekundit.<\/p>\n<p>Aga rekordeid purustavad 2023. aasta v\u00f5imsusn\u00e4itajad ei piirdu ainult Vingegaard ja Poga\u010dariga. Sarja j\u00e4rgmises osas vaatame teisi rattureid, kes on suurtuuride legendaarsetel t\u00f5usudel n\u00e4idanud h\u00e4mmastavat sooritusv\u00f5imet.<\/p>\n","protected":false},"excerpt":{"rendered":"<p>Jonas Vingegaard \u00fcllatas k\u00f5iki, sealhulgas iseennast 2023. aasta Tour de France\u2019i individuaalses eraldistardiga s\u00f5idus. Edumaa, mille ta suutis saavutada ja [&hellip;]<\/p>\n","protected":false},"author":174,"featured_media":1327,"comment_status":"open","ping_status":"open","sticky":false,"template":"","format":"standard","meta":{"footnotes":""},"categories":[7],"tags":[14],"global-categories":[22],"class_list":["post-1325","post","type-post","status-publish","format-standard","has-post-thumbnail","hentry","category-maanteeratas","tag-tour-de-france","global-categories-cycling"],"yoast_head":"<!-- This site is optimized with the Yoast SEO Premium plugin v25.3 (Yoast SEO v25.9) - https:\/\/yoast.com\/wordpress\/plugins\/seo\/ -->\n<title>V\u00f5imsusn\u00e4itajad suurtuuridel \u2013 tempos\u00f5idu \u0161okeerivad tulemused - \u0160koda We Love Cycling - Estonia<\/title>\n<meta name=\"description\" content=\"Jonas Vingegaard \u00fcllatas k\u00f5iki, sealhulgas iseennast 2023. aasta Tour de France\u2019i individuaalses eraldistardiga s\u00f5idus. Edumaa, mille ta suutis saavutada ja v\u00f5imsuse-kaalu suhe, mida ta hoidis, olid h\u00e4mmastavad. Vaatame l\u00e4hemalt.\" \/>\n<meta name=\"robots\" content=\"index, follow, max-snippet:-1, max-image-preview:large, max-video-preview:-1\" \/>\n<link rel=\"canonical\" href=\"https:\/\/www.welovecycling.com\/ee\/2023\/09\/11\/voimsusnaitajad-suurtuuridel-temposoidu-sokeerivad-tulemused\/\" \/>\n<meta property=\"og:locale\" content=\"et_EE\" \/>\n<meta property=\"og:type\" content=\"article\" \/>\n<meta property=\"og:title\" content=\"V\u00f5imsusn\u00e4itajad suurtuuridel \u2013 tempos\u00f5idu \u0161okeerivad tulemused\" \/>\n<meta property=\"og:description\" content=\"Jonas Vingegaard \u00fcllatas k\u00f5iki, sealhulgas iseennast 2023. aasta Tour de France\u2019i individuaalses eraldistardiga s\u00f5idus. Edumaa, mille ta suutis saavutada ja v\u00f5imsuse-kaalu suhe, mida ta hoidis, olid h\u00e4mmastavad. Vaatame l\u00e4hemalt.\" \/>\n<meta property=\"og:url\" content=\"https:\/\/www.welovecycling.com\/ee\/2023\/09\/11\/voimsusnaitajad-suurtuuridel-temposoidu-sokeerivad-tulemused\/\" \/>\n<meta property=\"og:site_name\" content=\"\u0160koda We Love Cycling - Estonia\" \/>\n<meta property=\"article:published_time\" content=\"2023-09-11T12:23:17+00:00\" \/>\n<meta property=\"og:image\" content=\"https:\/\/d2p6e6u75xmxt8.cloudfront.net\/15\/2023\/09\/power.webp\" \/>\n\t<meta property=\"og:image:width\" content=\"992\" \/>\n\t<meta property=\"og:image:height\" content=\"659\" \/>\n\t<meta property=\"og:image:type\" content=\"image\/webp\" \/>\n<meta name=\"author\" content=\"andre\" \/>\n<meta name=\"twitter:card\" content=\"summary_large_image\" \/>\n<meta name=\"twitter:label1\" content=\"Written by\" \/>\n\t<meta name=\"twitter:data1\" content=\"Ji\u0159\u00ed Kalo\u010d\" \/>\n\t<meta name=\"twitter:label2\" content=\"Est. reading time\" \/>\n\t<meta name=\"twitter:data2\" content=\"5\" \/>\n<script type=\"application\/ld+json\" class=\"yoast-schema-graph\">{\"@context\":\"https:\/\/schema.org\",\"@graph\":[{\"@type\":\"WebPage\",\"@id\":\"https:\/\/www.welovecycling.com\/ee\/2023\/09\/11\/voimsusnaitajad-suurtuuridel-temposoidu-sokeerivad-tulemused\/\",\"url\":\"https:\/\/www.welovecycling.com\/ee\/2023\/09\/11\/voimsusnaitajad-suurtuuridel-temposoidu-sokeerivad-tulemused\/\",\"name\":\"V\u00f5imsusn\u00e4itajad suurtuuridel \u2013 tempos\u00f5idu \u0161okeerivad tulemused - \u0160koda We Love Cycling - Estonia\",\"isPartOf\":{\"@id\":\"https:\/\/www.welovecycling.com\/ee\/#website\"},\"primaryImageOfPage\":{\"@id\":\"https:\/\/www.welovecycling.com\/ee\/2023\/09\/11\/voimsusnaitajad-suurtuuridel-temposoidu-sokeerivad-tulemused\/#primaryimage\"},\"image\":{\"@id\":\"https:\/\/www.welovecycling.com\/ee\/2023\/09\/11\/voimsusnaitajad-suurtuuridel-temposoidu-sokeerivad-tulemused\/#primaryimage\"},\"thumbnailUrl\":\"https:\/\/d2p6e6u75xmxt8.cloudfront.net\/15\/2023\/09\/power.webp\",\"datePublished\":\"2023-09-11T12:23:17+00:00\",\"author\":{\"@id\":\"https:\/\/www.welovecycling.com\/ee\/#\/schema\/person\/8b7101c4bd1b1ae9d3732ebb1e6caf57\"},\"description\":\"Jonas Vingegaard \u00fcllatas k\u00f5iki, sealhulgas iseennast 2023. aasta Tour de France\u2019i individuaalses eraldistardiga s\u00f5idus. Edumaa, mille ta suutis saavutada ja v\u00f5imsuse-kaalu suhe, mida ta hoidis, olid h\u00e4mmastavad. Vaatame l\u00e4hemalt.\",\"inLanguage\":\"et\",\"potentialAction\":[{\"@type\":\"ReadAction\",\"target\":[\"https:\/\/www.welovecycling.com\/ee\/2023\/09\/11\/voimsusnaitajad-suurtuuridel-temposoidu-sokeerivad-tulemused\/\"]}]},{\"@type\":\"ImageObject\",\"inLanguage\":\"et\",\"@id\":\"https:\/\/www.welovecycling.com\/ee\/2023\/09\/11\/voimsusnaitajad-suurtuuridel-temposoidu-sokeerivad-tulemused\/#primaryimage\",\"url\":\"https:\/\/d2p6e6u75xmxt8.cloudfront.net\/15\/2023\/09\/power.webp\",\"contentUrl\":\"https:\/\/d2p6e6u75xmxt8.cloudfront.net\/15\/2023\/09\/power.webp\",\"width\":992,\"height\":659},{\"@type\":\"WebSite\",\"@id\":\"https:\/\/www.welovecycling.com\/ee\/#website\",\"url\":\"https:\/\/www.welovecycling.com\/ee\/\",\"name\":\"\u0160koda We Love Cycling - Estonia\",\"description\":\"\",\"potentialAction\":[{\"@type\":\"SearchAction\",\"target\":{\"@type\":\"EntryPoint\",\"urlTemplate\":\"https:\/\/www.welovecycling.com\/ee\/?s={search_term_string}\"},\"query-input\":{\"@type\":\"PropertyValueSpecification\",\"valueRequired\":true,\"valueName\":\"search_term_string\"}}],\"inLanguage\":\"et\"},{\"@type\":\"Person\",\"@id\":\"https:\/\/www.welovecycling.com\/ee\/#\/schema\/person\/8b7101c4bd1b1ae9d3732ebb1e6caf57\",\"name\":\"andre\",\"image\":{\"@type\":\"ImageObject\",\"inLanguage\":\"et\",\"@id\":\"https:\/\/www.welovecycling.com\/ee\/#\/schema\/person\/image\/\",\"url\":\"https:\/\/secure.gravatar.com\/avatar\/0656b3224fe17b018f43b8a562625dd43d30827f027b2f62bc5a05711fec9a61?s=96&d=mm&r=g\",\"contentUrl\":\"https:\/\/secure.gravatar.com\/avatar\/0656b3224fe17b018f43b8a562625dd43d30827f027b2f62bc5a05711fec9a61?s=96&d=mm&r=g\",\"caption\":\"andre\"},\"url\":\"https:\/\/www.welovecycling.com\/ee\/author\/andre\/\"}]}<\/script>\n<!-- \/ Yoast SEO Premium plugin. -->","yoast_head_json":{"title":"V\u00f5imsusn\u00e4itajad suurtuuridel \u2013 tempos\u00f5idu \u0161okeerivad tulemused - \u0160koda We Love Cycling - Estonia","description":"Jonas Vingegaard \u00fcllatas k\u00f5iki, sealhulgas iseennast 2023. aasta Tour de France\u2019i individuaalses eraldistardiga s\u00f5idus. Edumaa, mille ta suutis saavutada ja v\u00f5imsuse-kaalu suhe, mida ta hoidis, olid h\u00e4mmastavad. Vaatame l\u00e4hemalt.","robots":{"index":"index","follow":"follow","max-snippet":"max-snippet:-1","max-image-preview":"max-image-preview:large","max-video-preview":"max-video-preview:-1"},"canonical":"https:\/\/www.welovecycling.com\/ee\/2023\/09\/11\/voimsusnaitajad-suurtuuridel-temposoidu-sokeerivad-tulemused\/","og_locale":"et_EE","og_type":"article","og_title":"V\u00f5imsusn\u00e4itajad suurtuuridel \u2013 tempos\u00f5idu \u0161okeerivad tulemused","og_description":"Jonas Vingegaard \u00fcllatas k\u00f5iki, sealhulgas iseennast 2023. aasta Tour de France\u2019i individuaalses eraldistardiga s\u00f5idus. Edumaa, mille ta suutis saavutada ja v\u00f5imsuse-kaalu suhe, mida ta hoidis, olid h\u00e4mmastavad. Vaatame l\u00e4hemalt.","og_url":"https:\/\/www.welovecycling.com\/ee\/2023\/09\/11\/voimsusnaitajad-suurtuuridel-temposoidu-sokeerivad-tulemused\/","og_site_name":"\u0160koda We Love Cycling - Estonia","article_published_time":"2023-09-11T12:23:17+00:00","og_image":[{"width":992,"height":659,"url":"https:\/\/d2p6e6u75xmxt8.cloudfront.net\/15\/2023\/09\/power.webp","type":"image\/webp"}],"author":"andre","twitter_card":"summary_large_image","twitter_misc":{"Written by":"Ji\u0159\u00ed Kalo\u010d","Est. reading time":"5"},"schema":{"@context":"https:\/\/schema.org","@graph":[{"@type":"WebPage","@id":"https:\/\/www.welovecycling.com\/ee\/2023\/09\/11\/voimsusnaitajad-suurtuuridel-temposoidu-sokeerivad-tulemused\/","url":"https:\/\/www.welovecycling.com\/ee\/2023\/09\/11\/voimsusnaitajad-suurtuuridel-temposoidu-sokeerivad-tulemused\/","name":"V\u00f5imsusn\u00e4itajad suurtuuridel \u2013 tempos\u00f5idu \u0161okeerivad tulemused - \u0160koda We Love Cycling - Estonia","isPartOf":{"@id":"https:\/\/www.welovecycling.com\/ee\/#website"},"primaryImageOfPage":{"@id":"https:\/\/www.welovecycling.com\/ee\/2023\/09\/11\/voimsusnaitajad-suurtuuridel-temposoidu-sokeerivad-tulemused\/#primaryimage"},"image":{"@id":"https:\/\/www.welovecycling.com\/ee\/2023\/09\/11\/voimsusnaitajad-suurtuuridel-temposoidu-sokeerivad-tulemused\/#primaryimage"},"thumbnailUrl":"https:\/\/d2p6e6u75xmxt8.cloudfront.net\/15\/2023\/09\/power.webp","datePublished":"2023-09-11T12:23:17+00:00","author":{"@id":"https:\/\/www.welovecycling.com\/ee\/#\/schema\/person\/8b7101c4bd1b1ae9d3732ebb1e6caf57"},"description":"Jonas Vingegaard \u00fcllatas k\u00f5iki, sealhulgas iseennast 2023. aasta Tour de France\u2019i individuaalses eraldistardiga s\u00f5idus. Edumaa, mille ta suutis saavutada ja v\u00f5imsuse-kaalu suhe, mida ta hoidis, olid h\u00e4mmastavad. Vaatame l\u00e4hemalt.","inLanguage":"et","potentialAction":[{"@type":"ReadAction","target":["https:\/\/www.welovecycling.com\/ee\/2023\/09\/11\/voimsusnaitajad-suurtuuridel-temposoidu-sokeerivad-tulemused\/"]}]},{"@type":"ImageObject","inLanguage":"et","@id":"https:\/\/www.welovecycling.com\/ee\/2023\/09\/11\/voimsusnaitajad-suurtuuridel-temposoidu-sokeerivad-tulemused\/#primaryimage","url":"https:\/\/d2p6e6u75xmxt8.cloudfront.net\/15\/2023\/09\/power.webp","contentUrl":"https:\/\/d2p6e6u75xmxt8.cloudfront.net\/15\/2023\/09\/power.webp","width":992,"height":659},{"@type":"WebSite","@id":"https:\/\/www.welovecycling.com\/ee\/#website","url":"https:\/\/www.welovecycling.com\/ee\/","name":"\u0160koda We Love Cycling - Estonia","description":"","potentialAction":[{"@type":"SearchAction","target":{"@type":"EntryPoint","urlTemplate":"https:\/\/www.welovecycling.com\/ee\/?s={search_term_string}"},"query-input":{"@type":"PropertyValueSpecification","valueRequired":true,"valueName":"search_term_string"}}],"inLanguage":"et"},{"@type":"Person","@id":"https:\/\/www.welovecycling.com\/ee\/#\/schema\/person\/8b7101c4bd1b1ae9d3732ebb1e6caf57","name":"andre","image":{"@type":"ImageObject","inLanguage":"et","@id":"https:\/\/www.welovecycling.com\/ee\/#\/schema\/person\/image\/","url":"https:\/\/secure.gravatar.com\/avatar\/0656b3224fe17b018f43b8a562625dd43d30827f027b2f62bc5a05711fec9a61?s=96&d=mm&r=g","contentUrl":"https:\/\/secure.gravatar.com\/avatar\/0656b3224fe17b018f43b8a562625dd43d30827f027b2f62bc5a05711fec9a61?s=96&d=mm&r=g","caption":"andre"},"url":"https:\/\/www.welovecycling.com\/ee\/author\/andre\/"}]}},"_links":{"self":[{"href":"https:\/\/www.welovecycling.com\/ee\/wp-json\/wp\/v2\/posts\/1325","targetHints":{"allow":["GET"]}}],"collection":[{"href":"https:\/\/www.welovecycling.com\/ee\/wp-json\/wp\/v2\/posts"}],"about":[{"href":"https:\/\/www.welovecycling.com\/ee\/wp-json\/wp\/v2\/types\/post"}],"author":[{"embeddable":true,"href":"https:\/\/www.welovecycling.com\/ee\/wp-json\/wp\/v2\/users\/174"}],"replies":[{"embeddable":true,"href":"https:\/\/www.welovecycling.com\/ee\/wp-json\/wp\/v2\/comments?post=1325"}],"version-history":[{"count":7,"href":"https:\/\/www.welovecycling.com\/ee\/wp-json\/wp\/v2\/posts\/1325\/revisions"}],"predecessor-version":[{"id":1334,"href":"https:\/\/www.welovecycling.com\/ee\/wp-json\/wp\/v2\/posts\/1325\/revisions\/1334"}],"wp:featuredmedia":[{"embeddable":true,"href":"https:\/\/www.welovecycling.com\/ee\/wp-json\/wp\/v2\/media\/1327"}],"wp:attachment":[{"href":"https:\/\/www.welovecycling.com\/ee\/wp-json\/wp\/v2\/media?parent=1325"}],"wp:term":[{"taxonomy":"category","embeddable":true,"href":"https:\/\/www.welovecycling.com\/ee\/wp-json\/wp\/v2\/categories?post=1325"},{"taxonomy":"post_tag","embeddable":true,"href":"https:\/\/www.welovecycling.com\/ee\/wp-json\/wp\/v2\/tags?post=1325"},{"taxonomy":"global-categories","embeddable":true,"href":"https:\/\/www.welovecycling.com\/ee\/wp-json\/wp\/v2\/global-categories?post=1325"}],"curies":[{"name":"wp","href":"https:\/\/api.w.org\/{rel}","templated":true}]}}