{"id":1302,"date":"2023-08-28T17:44:39","date_gmt":"2023-08-28T17:44:39","guid":{"rendered":"https:\/\/www.welovecycling.com\/ee\/?p=1302"},"modified":"2023-08-28T17:44:39","modified_gmt":"2023-08-28T17:44:39","slug":"sprindivaesel-vueltal-voib-oodata-et-skoda-rohelise-sargi-teenib-evenepoel","status":"publish","type":"post","link":"https:\/\/www.welovecycling.com\/ee\/2023\/08\/28\/sprindivaesel-vueltal-voib-oodata-et-skoda-rohelise-sargi-teenib-evenepoel\/","title":{"rendered":"Sprindivaesel Vueltal v\u00f5ib oodata, et \u0160koda rohelise s\u00e4rgi teenib Evenepoel"},"content":{"rendered":"<h2>Keda on t\u00e4navusel Vueltal k\u00f5ige keerulisem leida? Ei, ei ole kala. K\u00f5ige raskem on leida sprintereid. Peaaegu k\u00f5ik tiimid on t\u00e4is m\u00e4gironijaid v\u00f5i m\u00e4kke ronida suutvaid rattureid, kelle \u00fclesanne on aidata oma tiimi liidreid m\u00f5nel tuuri m\u00e4gietapil ning loodetavasti ka kogu tuuril v\u00f5iduni. Sest t\u00e4navune Vuelta koosneb m\u00e4gedest, m\u00e4gedest ja veel kord m\u00e4gedest, mille vahel lauskmaad \u00f5ieti n\u00e4ha polegi.<\/h2>\n<p>H\u00fcva, see on v\u00e4ike liialdus, aga t\u00f5esti v\u00e4ike. Kui t\u00e4pne olla, sisaldab marsruut kuut lauskmaaetappi, kuid kahel neist on fini\u0161 m\u00e4etipul, mist\u00f5ttu grupifini\u0161eid seal ei n\u00e4e. Lisaks on kavas kuus k\u00fcnklikku etappi, seitse m\u00e4gietappi, meeskondlik tempos\u00f5it ja individuaalne tempos\u00f5it. Seega pole sprinteritel Vueltal t\u00f5esti suurt midagi teha. Kui isegi m\u00f5ni neist suudab neljal t\u00f5elisel lauskmaaetapil ja vahefini\u0161ites piisavalt punkte kokku kraapida ning parimale punktikogujale (potentsiaalselt sprinterile) m\u00f5eldud \u0160koda rohelisele s\u00e4rgile konkureerida, peavad nad s\u00e4rgi k\u00e4ttesaamiseks kuidagi venitama end \u00fcle k\u00f5igi ettej\u00e4\u00e4vate m\u00e4gede ja \u00fcheksasse m\u00e4efini\u0161isse etteantud ajalimiidi piires. See on pehmelt \u00f6eldes keeruline.<\/p>\n<p>Taustainfona tuleb lisada, et v\u00f5istlusel osaleb ainult kaks suurtuuride kogemusega ehtsat sprinterit: Bryan Coquard (Cofidis) ja Kaden Groves (Alpecin-Deceuninck). V\u00e4hemkogenud sprinteritest osalejad nagu Marijn van den Berg (EF Education-EasyPost) ja Juan Sebastian Molano (UAE Team Emirates) p\u00fc\u00fcavad v\u00f5tta m\u00f5ne etapiv\u00f5idu. Igal juhul on sprintereid v\u00e4he.<\/p>\n<p>Seda reaalsust arvestades tundub mulle, et Remco Evenepoel (Soudal Quick-Step), eelmise aasta \u00fcldv\u00f5itja ja t\u00e4navune favoriit, v\u00f5idab t\u00e4navu m\u00f5ned etapid, mille t\u00f5usud talle sobivad. Ta on suurep\u00e4rane m\u00e4gironija ja v\u00e4ga kiire sprindifini\u0161ites ning kogub t\u00f5en\u00e4oliselt piisavalt punkte, et v\u00f5istluse l\u00f5ppedes \u0160koda rohelist s\u00e4rki kanda. Ta v\u00f5ib rohelise ja ka noore ratturi valge s\u00e4rgi v\u00f5itmist lugeda edukaks esinemiseks ja piisavaks lohutuseks \u00fcldarvestuse esikoha kaotamise eest, mis t\u00f5en\u00e4oliselt l\u00e4heb \u00fchele kahest Jumbo-Visma tiimi liidrist: kas Jonas Vingegaardile v\u00f5i Primo\u017e Rogli\u010dile (kes <a href=\"https:\/\/escapecollective.com\/lidl-trek-is-trying-to-sign-primoz-roglic\/\">info kohaselt<\/a> peab ilmselt l\u00e4bir\u00e4\u00e4kimisi Lidl-Trekiga meeskonnavahetuse asjus).<\/p>\n<p>Vuelta pole juba aastaid olnud eriti sprinteris\u00f5bralik. Kolm ratturit on seal punktiarvestuse kolmel korral v\u00f5itnud: Sean Kelly, Laurent Jalabert ja Alejandro Valverde. Kelly, kes on v\u00f5itnud rohelisi s\u00e4rke ka Tour de France\u2019ilt, alustaski oma karj\u00e4\u00e4ri sprinterina, kuid hiljem kujunes temas universaal ja v\u00e4ga tugev klassikute s\u00f5itja. Jalabert oli puhas universaal, kes v\u00f5itis 1995. aasta Vueltal nii rohelise s\u00e4rgi kui ka m\u00e4ekuninga arvestuse. Valverde seevastu oli puhas \u00fcldj\u00e4rjestuses k\u00f5rgetele kohtadele p\u00fcrgija.<\/p>\n<p>Mullusel Vueltal v\u00f5itis \u0160koda rohelise s\u00e4rgi Trek-Segafredo Mads Pedersen, kes pole mitte sprinter, vaid pigem klassikute s\u00f5itja ja ka v\u00e4ga hea m\u00e4gironija. Teise koha selles arvestuses sai Fred Wright Bahrain Victoriousi meeskonnast, kes samuti pole sprinter. Kolmas oli Movistari Enric Mas ning neljas Evenepoel. \u00dcheksanda koha saanud Groves oli esik\u00fcmnes ainus puhas sprinter Ekuadori k\u00f5rgm\u00e4gedespetsi Richard Carapazi (EF Education-EasyPost) j\u00e4rel.<\/p>\n<p>T\u00e4navune marsruut n\u00e4ib aga grupifini\u0161eid \u00f5elalt p\u00f5lgavat, ehkki selles v\u00f5ib leida teatud loogikat. Minu arvates on p\u00f5hjus selles, <a href=\"https:\/\/www.lavuelta.es\/en\/\">et Vuelta<\/a> on kolmest suurtuurist viimane ja toimub isegi hiljem kui MM-v\u00f5istlused. Korraldajad tahtsid ilmselt panna kokku v\u00f5istluse, mis erineks eelnenutest \u2013 sest t\u00e4navune Tour de France oli t\u00f5epoolest erakordne ja MM-v\u00f5istlused samuti erilised. Nendega samale tasemele j\u00f5uda on keeruline. Korraldajad teavad, et rattav\u00f5istlus m\u00e4gedes on palju dramaatilisem kui lauskmaaetapi k\u00f5rgpunkti \u2013 fini\u0161isprindi \u2013 ootamine. Fini\u0161 m\u00e4etipus on veel eriti p\u00f5nev ning seet\u00f5ttu l\u00f5pebki kaks lauskmaaetappi m\u00e4kket\u00f5usuga. Loodetavasti peavad need arvestused paika.<\/p>\n","protected":false},"excerpt":{"rendered":"<p>Keda on t\u00e4navusel Vueltal k\u00f5ige keerulisem leida? Ei, ei ole kala. K\u00f5ige raskem on leida sprintereid. Peaaegu k\u00f5ik tiimid on [&hellip;]<\/p>\n","protected":false},"author":174,"featured_media":1304,"comment_status":"open","ping_status":"open","sticky":false,"template":"","format":"standard","meta":{"footnotes":""},"categories":[39],"tags":[139,140],"global-categories":[22],"class_list":["post-1302","post","type-post","status-publish","format-standard","has-post-thumbnail","hentry","category-maanteesoit","tag-la-vuelta","tag-la-vuelta-2023","global-categories-cycling"],"yoast_head":"<!-- This site is optimized with the Yoast SEO Premium plugin v25.3 (Yoast SEO v25.9) - https:\/\/yoast.com\/wordpress\/plugins\/seo\/ -->\n<title>Sprindivaesel Vueltal v\u00f5ib oodata, et \u0160koda rohelise s\u00e4rgi teenib Evenepoel - \u0160koda We Love Cycling - Estonia<\/title>\n<meta name=\"description\" content=\"Keda on t\u00e4navusel Vueltal k\u00f5ige keerulisem leida? Ei, ei ole kala. K\u00f5ige raskem on leida sprintereid. Peaaegu k\u00f5ik tiimid on t\u00e4is m\u00e4gironijaid v\u00f5i m\u00e4kke ronida suutvaid rattureid, kelle \u00fclesanne on aidata oma tiimi liidreid m\u00f5nel tuuri m\u00e4gietapil ning loodetavasti ka kogu tuuril v\u00f5iduni. Sest t\u00e4navune Vuelta koosneb m\u00e4gedest, m\u00e4gedest ja veel kord m\u00e4gedest, mille vahel lauskmaad \u00f5ieti n\u00e4ha polegi.\" \/>\n<meta name=\"robots\" content=\"index, follow, max-snippet:-1, max-image-preview:large, max-video-preview:-1\" \/>\n<link rel=\"canonical\" href=\"https:\/\/www.welovecycling.com\/ee\/2023\/08\/28\/sprindivaesel-vueltal-voib-oodata-et-skoda-rohelise-sargi-teenib-evenepoel\/\" \/>\n<meta property=\"og:locale\" content=\"et_EE\" \/>\n<meta property=\"og:type\" content=\"article\" \/>\n<meta property=\"og:title\" content=\"Sprindivaesel Vueltal v\u00f5ib oodata, et \u0160koda rohelise s\u00e4rgi teenib Evenepoel\" \/>\n<meta property=\"og:description\" content=\"Keda on t\u00e4navusel Vueltal k\u00f5ige keerulisem leida? Ei, ei ole kala. K\u00f5ige raskem on leida sprintereid. Peaaegu k\u00f5ik tiimid on t\u00e4is m\u00e4gironijaid v\u00f5i m\u00e4kke ronida suutvaid rattureid, kelle \u00fclesanne on aidata oma tiimi liidreid m\u00f5nel tuuri m\u00e4gietapil ning loodetavasti ka kogu tuuril v\u00f5iduni. Sest t\u00e4navune Vuelta koosneb m\u00e4gedest, m\u00e4gedest ja veel kord m\u00e4gedest, mille vahel lauskmaad \u00f5ieti n\u00e4ha polegi.\" \/>\n<meta property=\"og:url\" content=\"https:\/\/www.welovecycling.com\/ee\/2023\/08\/28\/sprindivaesel-vueltal-voib-oodata-et-skoda-rohelise-sargi-teenib-evenepoel\/\" \/>\n<meta property=\"og:site_name\" content=\"\u0160koda We Love Cycling - Estonia\" \/>\n<meta property=\"article:published_time\" content=\"2023-08-28T17:44:39+00:00\" \/>\n<meta property=\"og:image\" content=\"https:\/\/d2p6e6u75xmxt8.cloudfront.net\/15\/2023\/08\/vue1.webp\" \/>\n\t<meta property=\"og:image:width\" content=\"992\" \/>\n\t<meta property=\"og:image:height\" content=\"659\" \/>\n\t<meta property=\"og:image:type\" content=\"image\/webp\" \/>\n<meta name=\"author\" content=\"andre\" \/>\n<meta name=\"twitter:card\" content=\"summary_large_image\" \/>\n<meta name=\"twitter:label1\" content=\"Written by\" \/>\n\t<meta name=\"twitter:data1\" content=\"Siegfried Mortkowitz\" \/>\n\t<meta name=\"twitter:label2\" content=\"Est. reading time\" \/>\n\t<meta name=\"twitter:data2\" content=\"4\" \/>\n<script type=\"application\/ld+json\" class=\"yoast-schema-graph\">{\"@context\":\"https:\/\/schema.org\",\"@graph\":[{\"@type\":\"WebPage\",\"@id\":\"https:\/\/www.welovecycling.com\/ee\/2023\/08\/28\/sprindivaesel-vueltal-voib-oodata-et-skoda-rohelise-sargi-teenib-evenepoel\/\",\"url\":\"https:\/\/www.welovecycling.com\/ee\/2023\/08\/28\/sprindivaesel-vueltal-voib-oodata-et-skoda-rohelise-sargi-teenib-evenepoel\/\",\"name\":\"Sprindivaesel Vueltal v\u00f5ib oodata, et \u0160koda rohelise s\u00e4rgi teenib Evenepoel - \u0160koda We Love Cycling - Estonia\",\"isPartOf\":{\"@id\":\"https:\/\/www.welovecycling.com\/ee\/#website\"},\"primaryImageOfPage\":{\"@id\":\"https:\/\/www.welovecycling.com\/ee\/2023\/08\/28\/sprindivaesel-vueltal-voib-oodata-et-skoda-rohelise-sargi-teenib-evenepoel\/#primaryimage\"},\"image\":{\"@id\":\"https:\/\/www.welovecycling.com\/ee\/2023\/08\/28\/sprindivaesel-vueltal-voib-oodata-et-skoda-rohelise-sargi-teenib-evenepoel\/#primaryimage\"},\"thumbnailUrl\":\"https:\/\/d2p6e6u75xmxt8.cloudfront.net\/15\/2023\/08\/vue1.webp\",\"datePublished\":\"2023-08-28T17:44:39+00:00\",\"author\":{\"@id\":\"https:\/\/www.welovecycling.com\/ee\/#\/schema\/person\/8b7101c4bd1b1ae9d3732ebb1e6caf57\"},\"description\":\"Keda on t\u00e4navusel Vueltal k\u00f5ige keerulisem leida? Ei, ei ole kala. K\u00f5ige raskem on leida sprintereid. Peaaegu k\u00f5ik tiimid on t\u00e4is m\u00e4gironijaid v\u00f5i m\u00e4kke ronida suutvaid rattureid, kelle \u00fclesanne on aidata oma tiimi liidreid m\u00f5nel tuuri m\u00e4gietapil ning loodetavasti ka kogu tuuril v\u00f5iduni. Sest t\u00e4navune Vuelta koosneb m\u00e4gedest, m\u00e4gedest ja veel kord m\u00e4gedest, mille vahel lauskmaad \u00f5ieti n\u00e4ha polegi.\",\"inLanguage\":\"et\",\"potentialAction\":[{\"@type\":\"ReadAction\",\"target\":[\"https:\/\/www.welovecycling.com\/ee\/2023\/08\/28\/sprindivaesel-vueltal-voib-oodata-et-skoda-rohelise-sargi-teenib-evenepoel\/\"]}]},{\"@type\":\"ImageObject\",\"inLanguage\":\"et\",\"@id\":\"https:\/\/www.welovecycling.com\/ee\/2023\/08\/28\/sprindivaesel-vueltal-voib-oodata-et-skoda-rohelise-sargi-teenib-evenepoel\/#primaryimage\",\"url\":\"https:\/\/d2p6e6u75xmxt8.cloudfront.net\/15\/2023\/08\/vue1.webp\",\"contentUrl\":\"https:\/\/d2p6e6u75xmxt8.cloudfront.net\/15\/2023\/08\/vue1.webp\",\"width\":992,\"height\":659},{\"@type\":\"WebSite\",\"@id\":\"https:\/\/www.welovecycling.com\/ee\/#website\",\"url\":\"https:\/\/www.welovecycling.com\/ee\/\",\"name\":\"\u0160koda We Love Cycling - Estonia\",\"description\":\"\",\"potentialAction\":[{\"@type\":\"SearchAction\",\"target\":{\"@type\":\"EntryPoint\",\"urlTemplate\":\"https:\/\/www.welovecycling.com\/ee\/?s={search_term_string}\"},\"query-input\":{\"@type\":\"PropertyValueSpecification\",\"valueRequired\":true,\"valueName\":\"search_term_string\"}}],\"inLanguage\":\"et\"},{\"@type\":\"Person\",\"@id\":\"https:\/\/www.welovecycling.com\/ee\/#\/schema\/person\/8b7101c4bd1b1ae9d3732ebb1e6caf57\",\"name\":\"andre\",\"image\":{\"@type\":\"ImageObject\",\"inLanguage\":\"et\",\"@id\":\"https:\/\/www.welovecycling.com\/ee\/#\/schema\/person\/image\/\",\"url\":\"https:\/\/secure.gravatar.com\/avatar\/0656b3224fe17b018f43b8a562625dd43d30827f027b2f62bc5a05711fec9a61?s=96&d=mm&r=g\",\"contentUrl\":\"https:\/\/secure.gravatar.com\/avatar\/0656b3224fe17b018f43b8a562625dd43d30827f027b2f62bc5a05711fec9a61?s=96&d=mm&r=g\",\"caption\":\"andre\"},\"url\":\"https:\/\/www.welovecycling.com\/ee\/author\/andre\/\"}]}<\/script>\n<!-- \/ Yoast SEO Premium plugin. -->","yoast_head_json":{"title":"Sprindivaesel Vueltal v\u00f5ib oodata, et \u0160koda rohelise s\u00e4rgi teenib Evenepoel - \u0160koda We Love Cycling - Estonia","description":"Keda on t\u00e4navusel Vueltal k\u00f5ige keerulisem leida? Ei, ei ole kala. K\u00f5ige raskem on leida sprintereid. Peaaegu k\u00f5ik tiimid on t\u00e4is m\u00e4gironijaid v\u00f5i m\u00e4kke ronida suutvaid rattureid, kelle \u00fclesanne on aidata oma tiimi liidreid m\u00f5nel tuuri m\u00e4gietapil ning loodetavasti ka kogu tuuril v\u00f5iduni. Sest t\u00e4navune Vuelta koosneb m\u00e4gedest, m\u00e4gedest ja veel kord m\u00e4gedest, mille vahel lauskmaad \u00f5ieti n\u00e4ha polegi.","robots":{"index":"index","follow":"follow","max-snippet":"max-snippet:-1","max-image-preview":"max-image-preview:large","max-video-preview":"max-video-preview:-1"},"canonical":"https:\/\/www.welovecycling.com\/ee\/2023\/08\/28\/sprindivaesel-vueltal-voib-oodata-et-skoda-rohelise-sargi-teenib-evenepoel\/","og_locale":"et_EE","og_type":"article","og_title":"Sprindivaesel Vueltal v\u00f5ib oodata, et \u0160koda rohelise s\u00e4rgi teenib Evenepoel","og_description":"Keda on t\u00e4navusel Vueltal k\u00f5ige keerulisem leida? Ei, ei ole kala. K\u00f5ige raskem on leida sprintereid. Peaaegu k\u00f5ik tiimid on t\u00e4is m\u00e4gironijaid v\u00f5i m\u00e4kke ronida suutvaid rattureid, kelle \u00fclesanne on aidata oma tiimi liidreid m\u00f5nel tuuri m\u00e4gietapil ning loodetavasti ka kogu tuuril v\u00f5iduni. Sest t\u00e4navune Vuelta koosneb m\u00e4gedest, m\u00e4gedest ja veel kord m\u00e4gedest, mille vahel lauskmaad \u00f5ieti n\u00e4ha polegi.","og_url":"https:\/\/www.welovecycling.com\/ee\/2023\/08\/28\/sprindivaesel-vueltal-voib-oodata-et-skoda-rohelise-sargi-teenib-evenepoel\/","og_site_name":"\u0160koda We Love Cycling - Estonia","article_published_time":"2023-08-28T17:44:39+00:00","og_image":[{"width":992,"height":659,"url":"https:\/\/d2p6e6u75xmxt8.cloudfront.net\/15\/2023\/08\/vue1.webp","type":"image\/webp"}],"author":"andre","twitter_card":"summary_large_image","twitter_misc":{"Written by":"Siegfried Mortkowitz","Est. reading time":"4"},"schema":{"@context":"https:\/\/schema.org","@graph":[{"@type":"WebPage","@id":"https:\/\/www.welovecycling.com\/ee\/2023\/08\/28\/sprindivaesel-vueltal-voib-oodata-et-skoda-rohelise-sargi-teenib-evenepoel\/","url":"https:\/\/www.welovecycling.com\/ee\/2023\/08\/28\/sprindivaesel-vueltal-voib-oodata-et-skoda-rohelise-sargi-teenib-evenepoel\/","name":"Sprindivaesel Vueltal v\u00f5ib oodata, et \u0160koda rohelise s\u00e4rgi teenib Evenepoel - \u0160koda We Love Cycling - Estonia","isPartOf":{"@id":"https:\/\/www.welovecycling.com\/ee\/#website"},"primaryImageOfPage":{"@id":"https:\/\/www.welovecycling.com\/ee\/2023\/08\/28\/sprindivaesel-vueltal-voib-oodata-et-skoda-rohelise-sargi-teenib-evenepoel\/#primaryimage"},"image":{"@id":"https:\/\/www.welovecycling.com\/ee\/2023\/08\/28\/sprindivaesel-vueltal-voib-oodata-et-skoda-rohelise-sargi-teenib-evenepoel\/#primaryimage"},"thumbnailUrl":"https:\/\/d2p6e6u75xmxt8.cloudfront.net\/15\/2023\/08\/vue1.webp","datePublished":"2023-08-28T17:44:39+00:00","author":{"@id":"https:\/\/www.welovecycling.com\/ee\/#\/schema\/person\/8b7101c4bd1b1ae9d3732ebb1e6caf57"},"description":"Keda on t\u00e4navusel Vueltal k\u00f5ige keerulisem leida? Ei, ei ole kala. K\u00f5ige raskem on leida sprintereid. Peaaegu k\u00f5ik tiimid on t\u00e4is m\u00e4gironijaid v\u00f5i m\u00e4kke ronida suutvaid rattureid, kelle \u00fclesanne on aidata oma tiimi liidreid m\u00f5nel tuuri m\u00e4gietapil ning loodetavasti ka kogu tuuril v\u00f5iduni. Sest t\u00e4navune Vuelta koosneb m\u00e4gedest, m\u00e4gedest ja veel kord m\u00e4gedest, mille vahel lauskmaad \u00f5ieti n\u00e4ha polegi.","inLanguage":"et","potentialAction":[{"@type":"ReadAction","target":["https:\/\/www.welovecycling.com\/ee\/2023\/08\/28\/sprindivaesel-vueltal-voib-oodata-et-skoda-rohelise-sargi-teenib-evenepoel\/"]}]},{"@type":"ImageObject","inLanguage":"et","@id":"https:\/\/www.welovecycling.com\/ee\/2023\/08\/28\/sprindivaesel-vueltal-voib-oodata-et-skoda-rohelise-sargi-teenib-evenepoel\/#primaryimage","url":"https:\/\/d2p6e6u75xmxt8.cloudfront.net\/15\/2023\/08\/vue1.webp","contentUrl":"https:\/\/d2p6e6u75xmxt8.cloudfront.net\/15\/2023\/08\/vue1.webp","width":992,"height":659},{"@type":"WebSite","@id":"https:\/\/www.welovecycling.com\/ee\/#website","url":"https:\/\/www.welovecycling.com\/ee\/","name":"\u0160koda We Love Cycling - Estonia","description":"","potentialAction":[{"@type":"SearchAction","target":{"@type":"EntryPoint","urlTemplate":"https:\/\/www.welovecycling.com\/ee\/?s={search_term_string}"},"query-input":{"@type":"PropertyValueSpecification","valueRequired":true,"valueName":"search_term_string"}}],"inLanguage":"et"},{"@type":"Person","@id":"https:\/\/www.welovecycling.com\/ee\/#\/schema\/person\/8b7101c4bd1b1ae9d3732ebb1e6caf57","name":"andre","image":{"@type":"ImageObject","inLanguage":"et","@id":"https:\/\/www.welovecycling.com\/ee\/#\/schema\/person\/image\/","url":"https:\/\/secure.gravatar.com\/avatar\/0656b3224fe17b018f43b8a562625dd43d30827f027b2f62bc5a05711fec9a61?s=96&d=mm&r=g","contentUrl":"https:\/\/secure.gravatar.com\/avatar\/0656b3224fe17b018f43b8a562625dd43d30827f027b2f62bc5a05711fec9a61?s=96&d=mm&r=g","caption":"andre"},"url":"https:\/\/www.welovecycling.com\/ee\/author\/andre\/"}]}},"_links":{"self":[{"href":"https:\/\/www.welovecycling.com\/ee\/wp-json\/wp\/v2\/posts\/1302","targetHints":{"allow":["GET"]}}],"collection":[{"href":"https:\/\/www.welovecycling.com\/ee\/wp-json\/wp\/v2\/posts"}],"about":[{"href":"https:\/\/www.welovecycling.com\/ee\/wp-json\/wp\/v2\/types\/post"}],"author":[{"embeddable":true,"href":"https:\/\/www.welovecycling.com\/ee\/wp-json\/wp\/v2\/users\/174"}],"replies":[{"embeddable":true,"href":"https:\/\/www.welovecycling.com\/ee\/wp-json\/wp\/v2\/comments?post=1302"}],"version-history":[{"count":4,"href":"https:\/\/www.welovecycling.com\/ee\/wp-json\/wp\/v2\/posts\/1302\/revisions"}],"predecessor-version":[{"id":1307,"href":"https:\/\/www.welovecycling.com\/ee\/wp-json\/wp\/v2\/posts\/1302\/revisions\/1307"}],"wp:featuredmedia":[{"embeddable":true,"href":"https:\/\/www.welovecycling.com\/ee\/wp-json\/wp\/v2\/media\/1304"}],"wp:attachment":[{"href":"https:\/\/www.welovecycling.com\/ee\/wp-json\/wp\/v2\/media?parent=1302"}],"wp:term":[{"taxonomy":"category","embeddable":true,"href":"https:\/\/www.welovecycling.com\/ee\/wp-json\/wp\/v2\/categories?post=1302"},{"taxonomy":"post_tag","embeddable":true,"href":"https:\/\/www.welovecycling.com\/ee\/wp-json\/wp\/v2\/tags?post=1302"},{"taxonomy":"global-categories","embeddable":true,"href":"https:\/\/www.welovecycling.com\/ee\/wp-json\/wp\/v2\/global-categories?post=1302"}],"curies":[{"name":"wp","href":"https:\/\/api.w.org\/{rel}","templated":true}]}}