{"id":1291,"date":"2023-08-26T18:11:17","date_gmt":"2023-08-26T18:11:17","guid":{"rendered":"https:\/\/www.welovecycling.com\/ee\/?p=1291"},"modified":"2023-08-26T18:11:17","modified_gmt":"2023-08-26T18:11:17","slug":"mida-on-meil-oodata-tanavuselt-la-vueltalt-2023","status":"publish","type":"post","link":"https:\/\/www.welovecycling.com\/ee\/2023\/08\/26\/mida-on-meil-oodata-tanavuselt-la-vueltalt-2023\/","title":{"rendered":"Mida on meil oodata t\u00e4navuselt La Vueltalt 2023"},"content":{"rendered":"<h4><strong>78. korda s\u00f5idetav Vuelta Espa\u00f1a, t\u00e4navune kolmas ja viimane suurtuur Giro D\u2019Italia ja Tour de France\u2019i j\u00e4rel, algas laup\u00e4eval, 26. augustil Barcelonas ning l\u00f5peb kolm n\u00e4dalat hiljem Madridis p\u00e4rast 3153,8 kilomeetri l\u00e4bimist. <\/strong><\/h4>\n<p>Just seal antakse k\u00e4tte tuuri viimane punane s\u00e4rk ehk <em>maillot rojo<\/em>.Juba aastaid tundub Vueltal olevat imeliselt konkurentsitihe stardirivi, mis on tulvil planeedi parimaid suurtuuride s\u00f5itjaid. See aasta pole erand, kuid enne osav\u00f5tjate \u00fclevaatamist v\u00f5tame ette m\u00f5ned v\u00f5istlustrassi olulisemad kohad. Pole just \u00fcllatus, et see suurtuur sobib h\u00e4sti m\u00e4gironijatele.<\/p>\n<p>Stardipaik Barcelona on taustaks esimesele 14 kilomeetri pikkusele meeskondlikule tempos\u00f5idule, viimase aja Hispaania suurtuuri \u00fchele erip\u00e4rale. Seej\u00e4rel on kavas \u00fcks sprinteritele sobiv etapp, kuid juba kolmandal etapil on kavas esimene m\u00e4efini\u0161 Andorras Arinsalis \u2013 sinna suundub Vuelta esimest korda. M\u00e4gedest saab v\u00e4ga v\u00e4he puhkust ka 4. ja 5. etapil, ehkki need ei pruugi tulla olulised p\u00e4evad \u00fcldesikoha p\u00fc\u00fcdjatele. Kuuendal etapil seisab ees j\u00e4rjekordne m\u00e4etipus asuv fini\u0161 Javalambre astronoomiaobservatooriumi juures. Siinkohal peaksin kindlasti mainima, et t\u00e4navusel tuuril on tervelt k\u00fcmme \u2013 jah, k\u00fcmme! \u2013 fini\u0161it m\u00e4etipus. Ainu\u00fcksi sellele m\u00f5tlemine v\u00f5tab v\u00f5hmale.<\/p>\n<p>Seitsmes etapp, mis l\u00f5peb Valencia l\u00e4hedal Olivas, on \u00fcks v\u00e4heseid v\u00f5imalusi sprinteritele. J\u00e4rgnevad r\u00e4ngad m\u00e4gedep\u00e4evad vastavalt Xorret de Cati ja Caravaca de la Cruzi t\u00f5usudega, mille j\u00e4rel saabub l\u00f5puks kauaoodatud puhkep\u00e4ev.<\/p>\n<p>Loodetavasti pakub see piisavalt hinget\u00f5mbeaega enne Vuelta ainukest eraldistardist tempos\u00f5itu. K\u00fcmnes etapp on pikkusega 25,8 kilomeetrit ning s\u00f5idetakse lauskmaal Valladolidi \u2013 Loode-Hispaania Castilla-Le\u00f3ni autonoomse piirkonna keskuse \u2013 \u00fcmbruses. 11. etapp kulgeb taas lauskmaal, kuid selle l\u00f5pus ootab j\u00e4rgmine m\u00e4efini\u0161 Vinuesa Laguna Negra j\u00e4rve \u00e4\u00e4res. 12. etapp on omajagu m\u00e4gine, kuid \u00fchtegi kategooriaga t\u00f5usu seal pole ning oodata v\u00f5ib grupifini\u0161it. V\u00f5itlus \u00fcldesikoha peale aga t\u00f5useb esiplaanile legendaarsel 13. etapil, mis korraks ka Prantsusmaale p\u00f5ikab \u2013 fini\u0161 asub P\u00fcreneedes hirmu\u00e4rataval Tourmalet\u2019 m\u00e4ekurul. Ka 14. etapil ootab rattureid ees m\u00e4efini\u0161, kuna j\u00e4rgmisel p\u00e4eval v\u00f5ib Pamplona ja Lekkunberi vahel oodata lahtirebimiskatseid.<\/p>\n<p>Teine ja viimane puhkep\u00e4ev selle j\u00e4rel on h\u00e4davajalik, sest Vuelta viimased kuus v\u00f5itlusp\u00e4eva on t\u00f5eliselt kurnavad. Alustuseks ootab ees j\u00e4rjekordne m\u00e4efini\u0161 16. etapi l\u00f5pus Bejesis, kuid see on vaid soojendus j\u00e4rgmiseks, 17. etapiks. Seal k\u00fclastavad ratturid kurikuulsa Angliru tippu, mis on \u00fcks maailma kardetumaid m\u00e4kket\u00f5use. H\u00e4mmastaval kombel m\u00e4ed sellega veel ei l\u00f5pe, sest ka 18. etapi l\u00f5pp on m\u00e4gedes, La Cruz de Linareses.<\/p>\n<p>Allesj\u00e4\u00e4nud v\u00f5istlejatele pakub 19. etapp Iscari veidi hinget\u00f5mbeaega ja ka v\u00f5imalusi silma paista. 20. etapil ronitakse m\u00e4gedes viimast korda ning see on viimane \u0161anss \u00fcldarvestuses suuri muudatusi tekitada, kuna 207 kilomeetri pikkust marsruuti Manzanares El Realist Guadarramasse pikivad k\u00fcmme l\u00fchikest, kuid j\u00e4rsku t\u00f5usu, mille profiil meenutab krokodillihambaid. Viimasel, 21. etapil n\u00e4eme tavalist sprindirongk\u00e4iku, mis l\u00f5peb Madridi t\u00e4navatel ja kus l\u00f5puks kroonitakse tuuri v\u00e4\u00e4riline v\u00f5itja. Kes see k\u00fcll olla v\u00f5iks? Loe edasi.<\/p>\n<p>Alustame Vuelta mullusest v\u00f5itjast ja v\u00e4rskest tempos\u00f5idu maailmameistrist Remco Evenepoelist. Tal on olnud \u00fcliedukas aasta, kuigi Giro puhul j\u00e4i \u00f5hku k\u00fcsimus \u201emis oleks kui\u2026?\u201c, sest Evenepoel katkestas seal haiguse t\u00f5ttu. Tema meeskond Soudal Quick-Step on k\u00fcll tugev, ent mitte nii v\u00f5imas kui Jumbo-Visma v\u00f5i UAE Team Emirates. T\u00e4navused m\u00e4gimarsruudid sisaldavad mitmeid palju j\u00e4rsemaid ja pikemaid t\u00f5use, mis panevad Evenepoeli v\u00f5imed t\u00f5siselt proovile, eriti konkurente arvestades.<\/p>\n<p>Siin need on, suvalises j\u00e4rjekorras.<\/p>\n<p>Jumbo-Visma on minu meelest tuuri tugevaim meeskond, talentidest tulvil. Ent k\u00fcsimus on, kes saab olema nende liider: Giro v\u00f5itja Primo\u017e Rogli\u010d v\u00f5i Touri v\u00f5itja Jonas Vingegaard? Sloveen v\u00f5itis just Vuelta Burgose ja on selgelt heas vormis. Taanlasest on v\u00e4hem teada, ehkki tavaliselt ta vormiga alt ei l\u00e4he. Kas neil on \u00fchine plaan koost\u00f6\u00f6ks? V\u00f5i lastakse rajal otsustada? Sepp Kuss, Attila Valter, Dylan van Baarle ja Wilco Kelderman on t\u00f5en\u00e4oliselt nende veekandjad, kes suudavad grupi pikaks venitada.<\/p>\n<p>UAE Team Emirates evib samuti kaht liidrit Jo\u00e3o Almeida ja Juan Ayuso n\u00e4ol. M\u00f5lemad ratturid on end suurtuuridel heast k\u00fcljest n\u00e4idanud, kuid minu silmis on noor hispaanlane realistlikum ja tugevam pretendent k\u00f5rgele kohale. Ta on alles 20-aastane, kui j\u00f5udis mullu Vueltal juba kolmandaks tulla. Lisaks peaks ta olema v\u00e4rskem, sest alustas v\u00f5istlushooaega alles aprilli l\u00f5pus. Tiim, kus tiibu katavad Jay Vine ja Marc Soler, on igati arvestatav j\u00f5ud.<\/p>\n<p>Ineos Grenadiersis keerleb k\u00f5ik \u00fche mehe, 2018. aasta Tour de France\u2019i igihalja v\u00f5itja Geraint Thomase \u00fcmber. 37-aastasena ei n\u00e4ita ta mingeid \u00e4ravajumise m\u00e4rke, nagu kinnitas tema t\u00e4navune legendaarne duell Primo\u017e Rogli\u010diga Giro esikoha p\u00e4rast. Kogu stardirivi peale on temal k\u00f5ige rohkem suurtuuride kogemusi ning seljataga toeks tugev meeskond, kuhu kuuluvad Egan Bernal, Laurens de Plus, Fillipo Ganna ja Jonathan Castroviejo. Thomas teab, kuidas end k\u00f5ige olulisematel hetkedel kokku v\u00f5tta ning on ilmselt keskendunum kui kunagi enne.<\/p>\n<p>Esikohapretendentide sekka kuulub ka Enric Mas Movistari tiimist, kes on kodumaisel tuuril teisena l\u00f5petanud lausa kolmel korral, sealhulgas mullu Remco Evenepoeli j\u00e4rel. Aleksandr Vlassov on praegu heas s\u00f5iduvormis ning kannab Bora-Hansgrohe lootusi k\u00f5rgetele kohtadele. Briti rattur Hugh Carthy, 2020. aasta Vuelta kolmas ning Angliru m\u00e4gietapi v\u00f5itja, on EF Education-Easyposti tiimi liider. Kolumbialaste lootusi kannab oma \u00f5lgadel Santiago Buitrago, Bahrain Victoriousi meeskonnas toetavad teda Damiano Caruso ja Tour de France\u2019i etapiv\u00f5itja Wout Poels. Romain Bardet Team DSM-Firmenichist figureerib ilmselt samuti tippude seas, ehkki tema v\u00f5ib rahulduda pigem etapiv\u00f5iduga ega p\u00fc\u00fcagi \u00fcldarvestuses esik\u00fcmnesse j\u00f5uda.<\/p>\n<p>Sprinteritele palju v\u00f5imalusi Vueltal ei avane ja sestap oli neid Barcelonas stardis ka v\u00e4hev\u00f5itu: Juan Sebastien Molano UAE-st (kes v\u00f5itus mullu viimase etapi Madridis), Giro etapiv\u00f5itja Alberto Dainese Team DSM-Firmenichist, taanlane Casper Pedersen Soudal Quick-Stepist, Lotto Dstny\u2019 belglasest rattur Milan Menten, mullu Vueltal sprindietapi v\u00f5itnud austraallane Kaden Groves Alpecin-Deceuninckist, Ed Teuns Lidl-Trekist ning prantslane Bryan Coquard Cofidisest.<\/p>\n<p>T\u00e4navuse marsruut on nii klassikaline Vuelta kuidas v\u00e4he olla saab ning ma ei j\u00f5ua \u00e4ra oodata, kuidas v\u00f5istlus lahti rulluma hakkab. Kahe esimese n\u00e4dala jooksul hoolitsen ma <a href=\"https:\/\/www.instagram.com\/wlcmagazine\/\">WLC Instagrami-konto<\/a> eest ning avaldan oma arvamusi ja arusaamu k\u00f5igist etappidest, viimaseks n\u00e4dalaks v\u00f5tab ameti \u00fcle Cameron Jeffers.<\/p>\n<p>Nautige!<\/p>\n","protected":false},"excerpt":{"rendered":"<p>78. korda s\u00f5idetav Vuelta Espa\u00f1a, t\u00e4navune kolmas ja viimane suurtuur Giro D\u2019Italia ja Tour de France\u2019i j\u00e4rel, algas laup\u00e4eval, 26. [&hellip;]<\/p>\n","protected":false},"author":174,"featured_media":1293,"comment_status":"open","ping_status":"open","sticky":false,"template":"","format":"standard","meta":{"footnotes":""},"categories":[39],"tags":[139,140],"global-categories":[22],"class_list":["post-1291","post","type-post","status-publish","format-standard","has-post-thumbnail","hentry","category-maanteesoit","tag-la-vuelta","tag-la-vuelta-2023","global-categories-cycling"],"yoast_head":"<!-- This site is optimized with the Yoast SEO Premium plugin v25.3 (Yoast SEO v25.9) - https:\/\/yoast.com\/wordpress\/plugins\/seo\/ -->\n<title>Mida on meil oodata t\u00e4navuselt La Vueltalt 2023 - \u0160koda We Love Cycling - Estonia<\/title>\n<meta name=\"description\" content=\"78. korda s\u00f5idetav Vuelta Espa\u00f1a, t\u00e4navune kolmas ja viimane suurtuur Giro D\u2019Italia ja Tour de France\u2019i j\u00e4rel, algas laup\u00e4eval, 26. augustil Barcelonas ning l\u00f5peb kolm n\u00e4dalat hiljem Madridis p\u00e4rast 3153,8 kilomeetri l\u00e4bimist.\" \/>\n<meta name=\"robots\" content=\"index, follow, max-snippet:-1, max-image-preview:large, max-video-preview:-1\" \/>\n<link rel=\"canonical\" href=\"https:\/\/www.welovecycling.com\/ee\/2023\/08\/26\/mida-on-meil-oodata-tanavuselt-la-vueltalt-2023\/\" \/>\n<meta property=\"og:locale\" content=\"et_EE\" \/>\n<meta property=\"og:type\" content=\"article\" \/>\n<meta property=\"og:title\" content=\"Mida on meil oodata t\u00e4navuselt La Vueltalt 2023\" \/>\n<meta property=\"og:description\" content=\"78. korda s\u00f5idetav Vuelta Espa\u00f1a, t\u00e4navune kolmas ja viimane suurtuur Giro D\u2019Italia ja Tour de France\u2019i j\u00e4rel, algas laup\u00e4eval, 26. augustil Barcelonas ning l\u00f5peb kolm n\u00e4dalat hiljem Madridis p\u00e4rast 3153,8 kilomeetri l\u00e4bimist.\" \/>\n<meta property=\"og:url\" content=\"https:\/\/www.welovecycling.com\/ee\/2023\/08\/26\/mida-on-meil-oodata-tanavuselt-la-vueltalt-2023\/\" \/>\n<meta property=\"og:site_name\" content=\"\u0160koda We Love Cycling - Estonia\" \/>\n<meta property=\"article:published_time\" content=\"2023-08-26T18:11:17+00:00\" \/>\n<meta property=\"og:image\" content=\"https:\/\/d2p6e6u75xmxt8.cloudfront.net\/15\/2023\/08\/lavuelta.webp\" \/>\n\t<meta property=\"og:image:width\" content=\"990\" \/>\n\t<meta property=\"og:image:height\" content=\"660\" \/>\n\t<meta property=\"og:image:type\" content=\"image\/webp\" \/>\n<meta name=\"author\" content=\"andre\" \/>\n<meta name=\"twitter:card\" content=\"summary_large_image\" \/>\n<meta name=\"twitter:label1\" content=\"Written by\" \/>\n\t<meta name=\"twitter:data1\" content=\"Matt Stephens\" \/>\n\t<meta name=\"twitter:label2\" content=\"Est. reading time\" \/>\n\t<meta name=\"twitter:data2\" content=\"5\" \/>\n<script type=\"application\/ld+json\" class=\"yoast-schema-graph\">{\"@context\":\"https:\/\/schema.org\",\"@graph\":[{\"@type\":\"WebPage\",\"@id\":\"https:\/\/www.welovecycling.com\/ee\/2023\/08\/26\/mida-on-meil-oodata-tanavuselt-la-vueltalt-2023\/\",\"url\":\"https:\/\/www.welovecycling.com\/ee\/2023\/08\/26\/mida-on-meil-oodata-tanavuselt-la-vueltalt-2023\/\",\"name\":\"Mida on meil oodata t\u00e4navuselt La Vueltalt 2023 - \u0160koda We Love Cycling - Estonia\",\"isPartOf\":{\"@id\":\"https:\/\/www.welovecycling.com\/ee\/#website\"},\"primaryImageOfPage\":{\"@id\":\"https:\/\/www.welovecycling.com\/ee\/2023\/08\/26\/mida-on-meil-oodata-tanavuselt-la-vueltalt-2023\/#primaryimage\"},\"image\":{\"@id\":\"https:\/\/www.welovecycling.com\/ee\/2023\/08\/26\/mida-on-meil-oodata-tanavuselt-la-vueltalt-2023\/#primaryimage\"},\"thumbnailUrl\":\"https:\/\/d2p6e6u75xmxt8.cloudfront.net\/15\/2023\/08\/lavuelta.webp\",\"datePublished\":\"2023-08-26T18:11:17+00:00\",\"author\":{\"@id\":\"https:\/\/www.welovecycling.com\/ee\/#\/schema\/person\/8b7101c4bd1b1ae9d3732ebb1e6caf57\"},\"description\":\"78. korda s\u00f5idetav Vuelta Espa\u00f1a, t\u00e4navune kolmas ja viimane suurtuur Giro D\u2019Italia ja Tour de France\u2019i j\u00e4rel, algas laup\u00e4eval, 26. augustil Barcelonas ning l\u00f5peb kolm n\u00e4dalat hiljem Madridis p\u00e4rast 3153,8 kilomeetri l\u00e4bimist.\",\"inLanguage\":\"et\",\"potentialAction\":[{\"@type\":\"ReadAction\",\"target\":[\"https:\/\/www.welovecycling.com\/ee\/2023\/08\/26\/mida-on-meil-oodata-tanavuselt-la-vueltalt-2023\/\"]}]},{\"@type\":\"ImageObject\",\"inLanguage\":\"et\",\"@id\":\"https:\/\/www.welovecycling.com\/ee\/2023\/08\/26\/mida-on-meil-oodata-tanavuselt-la-vueltalt-2023\/#primaryimage\",\"url\":\"https:\/\/d2p6e6u75xmxt8.cloudfront.net\/15\/2023\/08\/lavuelta.webp\",\"contentUrl\":\"https:\/\/d2p6e6u75xmxt8.cloudfront.net\/15\/2023\/08\/lavuelta.webp\",\"width\":990,\"height\":660},{\"@type\":\"WebSite\",\"@id\":\"https:\/\/www.welovecycling.com\/ee\/#website\",\"url\":\"https:\/\/www.welovecycling.com\/ee\/\",\"name\":\"\u0160koda We Love Cycling - Estonia\",\"description\":\"\",\"potentialAction\":[{\"@type\":\"SearchAction\",\"target\":{\"@type\":\"EntryPoint\",\"urlTemplate\":\"https:\/\/www.welovecycling.com\/ee\/?s={search_term_string}\"},\"query-input\":{\"@type\":\"PropertyValueSpecification\",\"valueRequired\":true,\"valueName\":\"search_term_string\"}}],\"inLanguage\":\"et\"},{\"@type\":\"Person\",\"@id\":\"https:\/\/www.welovecycling.com\/ee\/#\/schema\/person\/8b7101c4bd1b1ae9d3732ebb1e6caf57\",\"name\":\"andre\",\"image\":{\"@type\":\"ImageObject\",\"inLanguage\":\"et\",\"@id\":\"https:\/\/www.welovecycling.com\/ee\/#\/schema\/person\/image\/\",\"url\":\"https:\/\/secure.gravatar.com\/avatar\/0656b3224fe17b018f43b8a562625dd43d30827f027b2f62bc5a05711fec9a61?s=96&d=mm&r=g\",\"contentUrl\":\"https:\/\/secure.gravatar.com\/avatar\/0656b3224fe17b018f43b8a562625dd43d30827f027b2f62bc5a05711fec9a61?s=96&d=mm&r=g\",\"caption\":\"andre\"},\"url\":\"https:\/\/www.welovecycling.com\/ee\/author\/andre\/\"}]}<\/script>\n<!-- \/ Yoast SEO Premium plugin. -->","yoast_head_json":{"title":"Mida on meil oodata t\u00e4navuselt La Vueltalt 2023 - \u0160koda We Love Cycling - Estonia","description":"78. korda s\u00f5idetav Vuelta Espa\u00f1a, t\u00e4navune kolmas ja viimane suurtuur Giro D\u2019Italia ja Tour de France\u2019i j\u00e4rel, algas laup\u00e4eval, 26. augustil Barcelonas ning l\u00f5peb kolm n\u00e4dalat hiljem Madridis p\u00e4rast 3153,8 kilomeetri l\u00e4bimist.","robots":{"index":"index","follow":"follow","max-snippet":"max-snippet:-1","max-image-preview":"max-image-preview:large","max-video-preview":"max-video-preview:-1"},"canonical":"https:\/\/www.welovecycling.com\/ee\/2023\/08\/26\/mida-on-meil-oodata-tanavuselt-la-vueltalt-2023\/","og_locale":"et_EE","og_type":"article","og_title":"Mida on meil oodata t\u00e4navuselt La Vueltalt 2023","og_description":"78. korda s\u00f5idetav Vuelta Espa\u00f1a, t\u00e4navune kolmas ja viimane suurtuur Giro D\u2019Italia ja Tour de France\u2019i j\u00e4rel, algas laup\u00e4eval, 26. augustil Barcelonas ning l\u00f5peb kolm n\u00e4dalat hiljem Madridis p\u00e4rast 3153,8 kilomeetri l\u00e4bimist.","og_url":"https:\/\/www.welovecycling.com\/ee\/2023\/08\/26\/mida-on-meil-oodata-tanavuselt-la-vueltalt-2023\/","og_site_name":"\u0160koda We Love Cycling - Estonia","article_published_time":"2023-08-26T18:11:17+00:00","og_image":[{"width":990,"height":660,"url":"https:\/\/d2p6e6u75xmxt8.cloudfront.net\/15\/2023\/08\/lavuelta.webp","type":"image\/webp"}],"author":"andre","twitter_card":"summary_large_image","twitter_misc":{"Written by":"Matt Stephens","Est. reading time":"5"},"schema":{"@context":"https:\/\/schema.org","@graph":[{"@type":"WebPage","@id":"https:\/\/www.welovecycling.com\/ee\/2023\/08\/26\/mida-on-meil-oodata-tanavuselt-la-vueltalt-2023\/","url":"https:\/\/www.welovecycling.com\/ee\/2023\/08\/26\/mida-on-meil-oodata-tanavuselt-la-vueltalt-2023\/","name":"Mida on meil oodata t\u00e4navuselt La Vueltalt 2023 - \u0160koda We Love Cycling - Estonia","isPartOf":{"@id":"https:\/\/www.welovecycling.com\/ee\/#website"},"primaryImageOfPage":{"@id":"https:\/\/www.welovecycling.com\/ee\/2023\/08\/26\/mida-on-meil-oodata-tanavuselt-la-vueltalt-2023\/#primaryimage"},"image":{"@id":"https:\/\/www.welovecycling.com\/ee\/2023\/08\/26\/mida-on-meil-oodata-tanavuselt-la-vueltalt-2023\/#primaryimage"},"thumbnailUrl":"https:\/\/d2p6e6u75xmxt8.cloudfront.net\/15\/2023\/08\/lavuelta.webp","datePublished":"2023-08-26T18:11:17+00:00","author":{"@id":"https:\/\/www.welovecycling.com\/ee\/#\/schema\/person\/8b7101c4bd1b1ae9d3732ebb1e6caf57"},"description":"78. korda s\u00f5idetav Vuelta Espa\u00f1a, t\u00e4navune kolmas ja viimane suurtuur Giro D\u2019Italia ja Tour de France\u2019i j\u00e4rel, algas laup\u00e4eval, 26. augustil Barcelonas ning l\u00f5peb kolm n\u00e4dalat hiljem Madridis p\u00e4rast 3153,8 kilomeetri l\u00e4bimist.","inLanguage":"et","potentialAction":[{"@type":"ReadAction","target":["https:\/\/www.welovecycling.com\/ee\/2023\/08\/26\/mida-on-meil-oodata-tanavuselt-la-vueltalt-2023\/"]}]},{"@type":"ImageObject","inLanguage":"et","@id":"https:\/\/www.welovecycling.com\/ee\/2023\/08\/26\/mida-on-meil-oodata-tanavuselt-la-vueltalt-2023\/#primaryimage","url":"https:\/\/d2p6e6u75xmxt8.cloudfront.net\/15\/2023\/08\/lavuelta.webp","contentUrl":"https:\/\/d2p6e6u75xmxt8.cloudfront.net\/15\/2023\/08\/lavuelta.webp","width":990,"height":660},{"@type":"WebSite","@id":"https:\/\/www.welovecycling.com\/ee\/#website","url":"https:\/\/www.welovecycling.com\/ee\/","name":"\u0160koda We Love Cycling - Estonia","description":"","potentialAction":[{"@type":"SearchAction","target":{"@type":"EntryPoint","urlTemplate":"https:\/\/www.welovecycling.com\/ee\/?s={search_term_string}"},"query-input":{"@type":"PropertyValueSpecification","valueRequired":true,"valueName":"search_term_string"}}],"inLanguage":"et"},{"@type":"Person","@id":"https:\/\/www.welovecycling.com\/ee\/#\/schema\/person\/8b7101c4bd1b1ae9d3732ebb1e6caf57","name":"andre","image":{"@type":"ImageObject","inLanguage":"et","@id":"https:\/\/www.welovecycling.com\/ee\/#\/schema\/person\/image\/","url":"https:\/\/secure.gravatar.com\/avatar\/0656b3224fe17b018f43b8a562625dd43d30827f027b2f62bc5a05711fec9a61?s=96&d=mm&r=g","contentUrl":"https:\/\/secure.gravatar.com\/avatar\/0656b3224fe17b018f43b8a562625dd43d30827f027b2f62bc5a05711fec9a61?s=96&d=mm&r=g","caption":"andre"},"url":"https:\/\/www.welovecycling.com\/ee\/author\/andre\/"}]}},"_links":{"self":[{"href":"https:\/\/www.welovecycling.com\/ee\/wp-json\/wp\/v2\/posts\/1291","targetHints":{"allow":["GET"]}}],"collection":[{"href":"https:\/\/www.welovecycling.com\/ee\/wp-json\/wp\/v2\/posts"}],"about":[{"href":"https:\/\/www.welovecycling.com\/ee\/wp-json\/wp\/v2\/types\/post"}],"author":[{"embeddable":true,"href":"https:\/\/www.welovecycling.com\/ee\/wp-json\/wp\/v2\/users\/174"}],"replies":[{"embeddable":true,"href":"https:\/\/www.welovecycling.com\/ee\/wp-json\/wp\/v2\/comments?post=1291"}],"version-history":[{"count":9,"href":"https:\/\/www.welovecycling.com\/ee\/wp-json\/wp\/v2\/posts\/1291\/revisions"}],"predecessor-version":[{"id":1301,"href":"https:\/\/www.welovecycling.com\/ee\/wp-json\/wp\/v2\/posts\/1291\/revisions\/1301"}],"wp:featuredmedia":[{"embeddable":true,"href":"https:\/\/www.welovecycling.com\/ee\/wp-json\/wp\/v2\/media\/1293"}],"wp:attachment":[{"href":"https:\/\/www.welovecycling.com\/ee\/wp-json\/wp\/v2\/media?parent=1291"}],"wp:term":[{"taxonomy":"category","embeddable":true,"href":"https:\/\/www.welovecycling.com\/ee\/wp-json\/wp\/v2\/categories?post=1291"},{"taxonomy":"post_tag","embeddable":true,"href":"https:\/\/www.welovecycling.com\/ee\/wp-json\/wp\/v2\/tags?post=1291"},{"taxonomy":"global-categories","embeddable":true,"href":"https:\/\/www.welovecycling.com\/ee\/wp-json\/wp\/v2\/global-categories?post=1291"}],"curies":[{"name":"wp","href":"https:\/\/api.w.org\/{rel}","templated":true}]}}