{"id":1216,"date":"2023-08-09T10:43:51","date_gmt":"2023-08-09T10:43:51","guid":{"rendered":"https:\/\/www.welovecycling.com\/ee\/?p=1216"},"modified":"2023-08-09T10:50:18","modified_gmt":"2023-08-09T10:50:18","slug":"mathieu-van-der-poel-voitis-vaatamata-kukkumisele-maailmameistritiitli","status":"publish","type":"post","link":"https:\/\/www.welovecycling.com\/ee\/2023\/08\/09\/mathieu-van-der-poel-voitis-vaatamata-kukkumisele-maailmameistritiitli\/","title":{"rendered":"Mathieu van der Poel v\u00f5itis vaatamata kukkumisele maailmameistritiitli."},"content":{"rendered":"<h2>Hollandlasest multitalent Mathieu van der Poel trotsis tee sulgenud protestijaid ja kukkumist, v\u00f5ites p\u00fchap\u00e4eval 2023. aasta UCI maantees\u00f5idu maailmameistriv\u00f5istlused ja saades esimeseks ratturiks, kes omab maailmameistriv\u00f5istluste tiitleid nii cyclo-crossis kui ka maantees\u00f5idus. Belgia rattur Wout van Aert saavutas teise koha, j\u00e4\u00e4des maha 1 minut ja 37 sekundit, samal ajal kui Tadej Poga\u010dar (Sloveenia) v\u00f5itis pronksmedali, kaotades 1 minut ja 45 sekundit, v\u00f5ites sprindi Taani ratturi Mads Pederseni vastu.<\/h2>\n<p>Protest, paljud rehvipurunemised ja l\u00f5putu arv kurve Glasgow linnaringil defineerisid selle veidra, kuid \u00e4\u00e4rmiselt meelelahutusliku v\u00f5idus\u00f5idu. \u00c4rev moment oli 16,5 km enne l\u00f5ppu, kui van der Poel kaotas oma ratta \u00fcle vihmam\u00e4rjal teel \u00fches kurvia kontrolli\u00a0 ja kukkus. Ta libises vastu piiret, t\u00f5usis \u00fcles, s\u00f5itis edasi, kuid tema s\u00e4rk oli purunenud ja jalatsi kinnitused kahjustatud. Muidu oli ta terve ja mis veelgi olulisem, tema ratas ei olnud kahjustatud. &#8220;K\u00f5ik juhtus \u00e4kki, olin korraga maas ,&#8221; r\u00e4\u00e4kis van der Poel Eurosportile. &#8220;Ma ei v\u00f5tnud suuri riske, aga tee oli \u00e4\u00e4rmiselt libe. Kui see oleks v\u00f5inud v\u00f5idu maksma minna, ei oleks ma ilmselt mitu p\u00e4eva magada saanud.&#8221;<\/p>\n<p>271 km pikkune trass viis s\u00f5itjad Edinburghist Glasgow&#8217;se. L\u00f5puringid olid Glasgows. S\u00f5itjad pidid l\u00e4bima 10&#215;14 km pikkust kurvilist t\u00e4navaringi. 23,5 km enne fini\u0161it kuulus van der Poel neljast ratturist koosnevasse gruppi, kuhu kuulusid veel, van Aerti, Poga\u010dar ja Pedersen, kes j\u00e4litasid itaallast Alberto Bettiolit. Grupp p\u00fc\u00fcdis Bettioli kinni l\u00fchikesel kuid j\u00e4rskul t\u00f5usul ja seda hetke kasutas \u00e4ra Poel, kes pani sisse uue k\u00e4igu ja kasvatas kiirelt edu . &#8220;Ma ei oodanud, et kohe selline vahe tekib, aga siis n\u00e4gin, et keegi ei tule mulle j\u00e4rgi,&#8221; \u00fctles ta. &#8220;See andis mulle tiivad.&#8221; Van der Poel m\u00e4rkis, et maailmameistriv\u00f5istluste tiitel t\u00e4hendas talle k\u00f5ike, lisades: &#8220;See oli \u00fcks suurimaid eesm\u00e4rke, mis mul oli, ja v\u00f5ita see t\u00e4na oli uskumatu. See v\u00f5ib-olla minu suurim v\u00f5it maanteel.&#8221;<\/p>\n<figure id=\"attachment_1223\" aria-describedby=\"caption-attachment-1223\" style=\"width: 791px\" class=\"wp-caption alignnone\"><a href=\"https:\/\/d2p6e6u75xmxt8.cloudfront.net\/15\/2023\/08\/glasgow2.webp\"><img loading=\"lazy\" decoding=\"async\" class=\"wp-image-1223 size-full\" src=\"https:\/\/d2p6e6u75xmxt8.cloudfront.net\/15\/2023\/08\/glasgow2.webp\" alt=\"\" width=\"791\" height=\"524\" srcset=\"https:\/\/d2p6e6u75xmxt8.cloudfront.net\/15\/2023\/08\/glasgow2.webp 791w, https:\/\/d2p6e6u75xmxt8.cloudfront.net\/15\/2023\/08\/glasgow2-300x199.webp 300w, https:\/\/d2p6e6u75xmxt8.cloudfront.net\/15\/2023\/08\/glasgow2-768x509.webp 768w, https:\/\/d2p6e6u75xmxt8.cloudfront.net\/15\/2023\/08\/glasgow2-400x265.webp 400w\" sizes=\"auto, (max-width: 791px) 100vw, 791px\" \/><\/a><figcaption id=\"caption-attachment-1223\" class=\"wp-caption-text\">UCI Maailmameistriv\u00f5istlused meeste eliit klassi grupis\u00f5idus Glasgow&#8217; ringidel oli t\u00e4is draamat, sealhulgas lauged kurvid, kiired p\u00f6\u00f6rded ja j\u00e4rsud t\u00f5usud. \u00a9 Profimedia<\/figcaption><\/figure>\n<p>Kukkumine polnud ainus katsumus, mille v\u00f5istluse v\u00f5itja pidi \u00fcletama. K\u00f5ik ratturid pidid peaagu tund aega v\u00f5istluse esimeses pooles seisma ja ootama, kuna keskkonnaaktivistid olid ennast tee pinnale liiminud. Kui segadus likvideeriti lasti selleks hetkeks peagrupiga 7 min 35 sekundit edu sisse s\u00f5itnud jooksikute grupp uuesti teele ja vastava vahega j\u00e4rgnes peagrupp. Jooksikud p\u00fc\u00fcti l\u00f5puks peagrupi poolt kinni 74 km enne l\u00f5ppu.<\/p>\n<p>Raske Glasgow&#8217; linnaring pani k\u00f5ik s\u00f5itjad proovile. Mitmed osalejad olid enne v\u00f5istlust seda kritiseerinud just paljude kurvide t\u00f5ttu. &#8220;Mul ei meeldi see rada,&#8221; \u00fctles Prantsusmaa meeskonna juht Thomas Voeckler. &#8220;Ma ei arva, et see on maailmameistriv\u00f5istlustele sobilik rada. See on kriteeriumirada.&#8221;.<\/p>\n<p>Arvamused j\u00e4id p\u00e4rast v\u00f5istlust samaks. &#8220;See oli mu elu raskem v\u00f5idus\u00f5it,&#8221; \u00fctles L\u00e4ti rattur Krists Neilands. &#8220;Seda oli liiga palju.&#8221; Neilands l\u00f5petas 23. kohaga. V\u00f5istlus oli liiga keeruline mitmetele ratturitele, sealhulgas \u00fchele eelv\u00f5istluse favoriidile, Belgia ratturile Jasper Philipsenile, kes loobus v\u00f5istlemisest 100 km enne l\u00f5ppu. V\u00f5istluse alustanud 193 ratturist j\u00f5udis fini\u0161isse vaid 51, paljud neist loobusid v\u00e4simuse t\u00f5ttu v\u00f5i hoidsid energiat teisteks startideks maailmameistriv\u00f5istlustel.<\/p>\n<p>V\u00f5istlus avaldas m\u00f5ju ka tavaliselt v\u00e4simatule Poga\u010darile, kes \u00fctles v\u00f5istlusej\u00e4rgsel intervjul, et ta on kurnatusest peaaegu minestamas ja teda tuli pressialast v\u00e4lja aidata. Ta j\u00f5udis kommenteerida ainult k\u00fcsimust, et kas ta nautis t\u00e4nast s\u00f5itu: &#8220;Huhh, ei. See oli \u00fcks raskemaid v\u00f5istlusi, mida ma kunagi s\u00f5itnud olen. See oli t\u00f5esti hull. Nautisin seda hetkeni, kui l\u00f5puni oli j\u00e4\u00e4nud 70 kilomeetrit, p\u00e4rast seda oli ainuke eesm\u00e4rk fini\u0161ini j\u00f5uda.&#8221;<\/p>\n<p>Eelmise aasta meistri Remco Evenepoeli jaoks oli see pettumust valmistav v\u00f5istlus, ta l\u00f5petas kaugel 25. kohal, kaotades 10 minutit ja 10 sekundit. 23-aastasele belglasele on \u00fcldiselt olnud raske aasta, ta pidi Covid-19 t\u00f5ttu loobuma Giro d&#8217;Italiast ja l\u00f5petas \u0160veitsi tuuril vaid kolmanda kohaga. Evenepoel m\u00e4rkis, et rada ei sobinud tema s\u00f5idustiiliga. &#8220;Pidevad kurvid ei v\u00f5imaldanud hoida kiirust,&#8221; \u00fctles ta. &#8220;See oli t\u00f5esti j\u00f5hker k\u00f5ikide nende pidurdamiste ja kiirendustega.&#8221; N\u00fc\u00fcd loodab ta v\u00f5ita kuldmedali individuaalsel tempos\u00f5idul, mis on kavas maailmameistriv\u00f5istluste viimasel p\u00e4eval 13. augustil.<\/p>\n","protected":false},"excerpt":{"rendered":"<p>Hollandlasest multitalent Mathieu van der Poel trotsis tee sulgenud protestijaid ja kukkumist, v\u00f5ites p\u00fchap\u00e4eval 2023. aasta UCI maantees\u00f5idu maailmameistriv\u00f5istlused ja [&hellip;]<\/p>\n","protected":false},"author":174,"featured_media":1222,"comment_status":"open","ping_status":"open","sticky":false,"template":"","format":"standard","meta":{"footnotes":""},"categories":[39],"tags":[136],"global-categories":[22],"class_list":["post-1216","post","type-post","status-publish","format-standard","has-post-thumbnail","hentry","category-maanteesoit","tag-2023-uci-cycling-world-championships","global-categories-cycling"],"yoast_head":"<!-- This site is optimized with the Yoast SEO Premium plugin v25.3 (Yoast SEO v25.9) - https:\/\/yoast.com\/wordpress\/plugins\/seo\/ -->\n<title>Mathieu van der Poel v\u00f5itis vaatamata kukkumisele maailmameistritiitli. - \u0160koda We Love Cycling - Estonia<\/title>\n<meta name=\"description\" content=\"Hollandlasest multitalent Mathieu van der Poel trotsis tee sulgenud protestijaid ja kukkumist, v\u00f5ites p\u00fchap\u00e4eval 2023. aasta UCI maantees\u00f5idu maailmameistriv\u00f5istlused ja saades esimeseks ratturiks, kes omab maailmameistriv\u00f5istluste tiitleid nii cyclo-crossis kui ka maantees\u00f5idus. Belgia rattur Wout van Aert saavutas teise koha, j\u00e4\u00e4des maha 1 minut ja 37 sekundit, samal ajal kui Tadej Poga\u010dar (Sloveenia) v\u00f5itis pronksmedali, kaotades 1 minut ja 45 sekundit, v\u00f5ites sprindi Taani ratturi Mads Pederseni vastu.\" \/>\n<meta name=\"robots\" content=\"index, follow, max-snippet:-1, max-image-preview:large, max-video-preview:-1\" \/>\n<link rel=\"canonical\" href=\"https:\/\/www.welovecycling.com\/ee\/2023\/08\/09\/mathieu-van-der-poel-voitis-vaatamata-kukkumisele-maailmameistritiitli\/\" \/>\n<meta property=\"og:locale\" content=\"et_EE\" \/>\n<meta property=\"og:type\" content=\"article\" \/>\n<meta property=\"og:title\" content=\"Mathieu van der Poel v\u00f5itis vaatamata kukkumisele maailmameistritiitli.\" \/>\n<meta property=\"og:description\" content=\"Hollandlasest multitalent Mathieu van der Poel trotsis tee sulgenud protestijaid ja kukkumist, v\u00f5ites p\u00fchap\u00e4eval 2023. aasta UCI maantees\u00f5idu maailmameistriv\u00f5istlused ja saades esimeseks ratturiks, kes omab maailmameistriv\u00f5istluste tiitleid nii cyclo-crossis kui ka maantees\u00f5idus. Belgia rattur Wout van Aert saavutas teise koha, j\u00e4\u00e4des maha 1 minut ja 37 sekundit, samal ajal kui Tadej Poga\u010dar (Sloveenia) v\u00f5itis pronksmedali, kaotades 1 minut ja 45 sekundit, v\u00f5ites sprindi Taani ratturi Mads Pederseni vastu.\" \/>\n<meta property=\"og:url\" content=\"https:\/\/www.welovecycling.com\/ee\/2023\/08\/09\/mathieu-van-der-poel-voitis-vaatamata-kukkumisele-maailmameistritiitli\/\" \/>\n<meta property=\"og:site_name\" content=\"\u0160koda We Love Cycling - Estonia\" \/>\n<meta property=\"article:published_time\" content=\"2023-08-09T10:43:51+00:00\" \/>\n<meta property=\"article:modified_time\" content=\"2023-08-09T10:50:18+00:00\" \/>\n<meta property=\"og:image\" content=\"https:\/\/d2p6e6u75xmxt8.cloudfront.net\/15\/2023\/08\/glasgow1.webp\" \/>\n\t<meta property=\"og:image:width\" content=\"988\" \/>\n\t<meta property=\"og:image:height\" content=\"656\" \/>\n\t<meta property=\"og:image:type\" content=\"image\/webp\" \/>\n<meta name=\"author\" content=\"andre\" \/>\n<meta name=\"twitter:card\" content=\"summary_large_image\" \/>\n<meta name=\"twitter:label1\" content=\"Written by\" \/>\n\t<meta name=\"twitter:data1\" content=\"Siegfried Mortkowitz\" \/>\n\t<meta name=\"twitter:label2\" content=\"Est. reading time\" \/>\n\t<meta name=\"twitter:data2\" content=\"5\" \/>\n<script type=\"application\/ld+json\" class=\"yoast-schema-graph\">{\"@context\":\"https:\/\/schema.org\",\"@graph\":[{\"@type\":\"WebPage\",\"@id\":\"https:\/\/www.welovecycling.com\/ee\/2023\/08\/09\/mathieu-van-der-poel-voitis-vaatamata-kukkumisele-maailmameistritiitli\/\",\"url\":\"https:\/\/www.welovecycling.com\/ee\/2023\/08\/09\/mathieu-van-der-poel-voitis-vaatamata-kukkumisele-maailmameistritiitli\/\",\"name\":\"Mathieu van der Poel v\u00f5itis vaatamata kukkumisele maailmameistritiitli. - \u0160koda We Love Cycling - Estonia\",\"isPartOf\":{\"@id\":\"https:\/\/www.welovecycling.com\/ee\/#website\"},\"primaryImageOfPage\":{\"@id\":\"https:\/\/www.welovecycling.com\/ee\/2023\/08\/09\/mathieu-van-der-poel-voitis-vaatamata-kukkumisele-maailmameistritiitli\/#primaryimage\"},\"image\":{\"@id\":\"https:\/\/www.welovecycling.com\/ee\/2023\/08\/09\/mathieu-van-der-poel-voitis-vaatamata-kukkumisele-maailmameistritiitli\/#primaryimage\"},\"thumbnailUrl\":\"https:\/\/d2p6e6u75xmxt8.cloudfront.net\/15\/2023\/08\/glasgow1.webp\",\"datePublished\":\"2023-08-09T10:43:51+00:00\",\"dateModified\":\"2023-08-09T10:50:18+00:00\",\"author\":{\"@id\":\"https:\/\/www.welovecycling.com\/ee\/#\/schema\/person\/8b7101c4bd1b1ae9d3732ebb1e6caf57\"},\"description\":\"Hollandlasest multitalent Mathieu van der Poel trotsis tee sulgenud protestijaid ja kukkumist, v\u00f5ites p\u00fchap\u00e4eval 2023. aasta UCI maantees\u00f5idu maailmameistriv\u00f5istlused ja saades esimeseks ratturiks, kes omab maailmameistriv\u00f5istluste tiitleid nii cyclo-crossis kui ka maantees\u00f5idus. Belgia rattur Wout van Aert saavutas teise koha, j\u00e4\u00e4des maha 1 minut ja 37 sekundit, samal ajal kui Tadej Poga\u010dar (Sloveenia) v\u00f5itis pronksmedali, kaotades 1 minut ja 45 sekundit, v\u00f5ites sprindi Taani ratturi Mads Pederseni vastu.\",\"inLanguage\":\"et\",\"potentialAction\":[{\"@type\":\"ReadAction\",\"target\":[\"https:\/\/www.welovecycling.com\/ee\/2023\/08\/09\/mathieu-van-der-poel-voitis-vaatamata-kukkumisele-maailmameistritiitli\/\"]}]},{\"@type\":\"ImageObject\",\"inLanguage\":\"et\",\"@id\":\"https:\/\/www.welovecycling.com\/ee\/2023\/08\/09\/mathieu-van-der-poel-voitis-vaatamata-kukkumisele-maailmameistritiitli\/#primaryimage\",\"url\":\"https:\/\/d2p6e6u75xmxt8.cloudfront.net\/15\/2023\/08\/glasgow1.webp\",\"contentUrl\":\"https:\/\/d2p6e6u75xmxt8.cloudfront.net\/15\/2023\/08\/glasgow1.webp\",\"width\":988,\"height\":656},{\"@type\":\"WebSite\",\"@id\":\"https:\/\/www.welovecycling.com\/ee\/#website\",\"url\":\"https:\/\/www.welovecycling.com\/ee\/\",\"name\":\"\u0160koda We Love Cycling - Estonia\",\"description\":\"\",\"potentialAction\":[{\"@type\":\"SearchAction\",\"target\":{\"@type\":\"EntryPoint\",\"urlTemplate\":\"https:\/\/www.welovecycling.com\/ee\/?s={search_term_string}\"},\"query-input\":{\"@type\":\"PropertyValueSpecification\",\"valueRequired\":true,\"valueName\":\"search_term_string\"}}],\"inLanguage\":\"et\"},{\"@type\":\"Person\",\"@id\":\"https:\/\/www.welovecycling.com\/ee\/#\/schema\/person\/8b7101c4bd1b1ae9d3732ebb1e6caf57\",\"name\":\"andre\",\"image\":{\"@type\":\"ImageObject\",\"inLanguage\":\"et\",\"@id\":\"https:\/\/www.welovecycling.com\/ee\/#\/schema\/person\/image\/\",\"url\":\"https:\/\/secure.gravatar.com\/avatar\/0656b3224fe17b018f43b8a562625dd43d30827f027b2f62bc5a05711fec9a61?s=96&d=mm&r=g\",\"contentUrl\":\"https:\/\/secure.gravatar.com\/avatar\/0656b3224fe17b018f43b8a562625dd43d30827f027b2f62bc5a05711fec9a61?s=96&d=mm&r=g\",\"caption\":\"andre\"},\"url\":\"https:\/\/www.welovecycling.com\/ee\/author\/andre\/\"}]}<\/script>\n<!-- \/ Yoast SEO Premium plugin. -->","yoast_head_json":{"title":"Mathieu van der Poel v\u00f5itis vaatamata kukkumisele maailmameistritiitli. - \u0160koda We Love Cycling - Estonia","description":"Hollandlasest multitalent Mathieu van der Poel trotsis tee sulgenud protestijaid ja kukkumist, v\u00f5ites p\u00fchap\u00e4eval 2023. aasta UCI maantees\u00f5idu maailmameistriv\u00f5istlused ja saades esimeseks ratturiks, kes omab maailmameistriv\u00f5istluste tiitleid nii cyclo-crossis kui ka maantees\u00f5idus. Belgia rattur Wout van Aert saavutas teise koha, j\u00e4\u00e4des maha 1 minut ja 37 sekundit, samal ajal kui Tadej Poga\u010dar (Sloveenia) v\u00f5itis pronksmedali, kaotades 1 minut ja 45 sekundit, v\u00f5ites sprindi Taani ratturi Mads Pederseni vastu.","robots":{"index":"index","follow":"follow","max-snippet":"max-snippet:-1","max-image-preview":"max-image-preview:large","max-video-preview":"max-video-preview:-1"},"canonical":"https:\/\/www.welovecycling.com\/ee\/2023\/08\/09\/mathieu-van-der-poel-voitis-vaatamata-kukkumisele-maailmameistritiitli\/","og_locale":"et_EE","og_type":"article","og_title":"Mathieu van der Poel v\u00f5itis vaatamata kukkumisele maailmameistritiitli.","og_description":"Hollandlasest multitalent Mathieu van der Poel trotsis tee sulgenud protestijaid ja kukkumist, v\u00f5ites p\u00fchap\u00e4eval 2023. aasta UCI maantees\u00f5idu maailmameistriv\u00f5istlused ja saades esimeseks ratturiks, kes omab maailmameistriv\u00f5istluste tiitleid nii cyclo-crossis kui ka maantees\u00f5idus. Belgia rattur Wout van Aert saavutas teise koha, j\u00e4\u00e4des maha 1 minut ja 37 sekundit, samal ajal kui Tadej Poga\u010dar (Sloveenia) v\u00f5itis pronksmedali, kaotades 1 minut ja 45 sekundit, v\u00f5ites sprindi Taani ratturi Mads Pederseni vastu.","og_url":"https:\/\/www.welovecycling.com\/ee\/2023\/08\/09\/mathieu-van-der-poel-voitis-vaatamata-kukkumisele-maailmameistritiitli\/","og_site_name":"\u0160koda We Love Cycling - Estonia","article_published_time":"2023-08-09T10:43:51+00:00","article_modified_time":"2023-08-09T10:50:18+00:00","og_image":[{"width":988,"height":656,"url":"https:\/\/d2p6e6u75xmxt8.cloudfront.net\/15\/2023\/08\/glasgow1.webp","type":"image\/webp"}],"author":"andre","twitter_card":"summary_large_image","twitter_misc":{"Written by":"Siegfried Mortkowitz","Est. reading time":"5"},"schema":{"@context":"https:\/\/schema.org","@graph":[{"@type":"WebPage","@id":"https:\/\/www.welovecycling.com\/ee\/2023\/08\/09\/mathieu-van-der-poel-voitis-vaatamata-kukkumisele-maailmameistritiitli\/","url":"https:\/\/www.welovecycling.com\/ee\/2023\/08\/09\/mathieu-van-der-poel-voitis-vaatamata-kukkumisele-maailmameistritiitli\/","name":"Mathieu van der Poel v\u00f5itis vaatamata kukkumisele maailmameistritiitli. - \u0160koda We Love Cycling - Estonia","isPartOf":{"@id":"https:\/\/www.welovecycling.com\/ee\/#website"},"primaryImageOfPage":{"@id":"https:\/\/www.welovecycling.com\/ee\/2023\/08\/09\/mathieu-van-der-poel-voitis-vaatamata-kukkumisele-maailmameistritiitli\/#primaryimage"},"image":{"@id":"https:\/\/www.welovecycling.com\/ee\/2023\/08\/09\/mathieu-van-der-poel-voitis-vaatamata-kukkumisele-maailmameistritiitli\/#primaryimage"},"thumbnailUrl":"https:\/\/d2p6e6u75xmxt8.cloudfront.net\/15\/2023\/08\/glasgow1.webp","datePublished":"2023-08-09T10:43:51+00:00","dateModified":"2023-08-09T10:50:18+00:00","author":{"@id":"https:\/\/www.welovecycling.com\/ee\/#\/schema\/person\/8b7101c4bd1b1ae9d3732ebb1e6caf57"},"description":"Hollandlasest multitalent Mathieu van der Poel trotsis tee sulgenud protestijaid ja kukkumist, v\u00f5ites p\u00fchap\u00e4eval 2023. aasta UCI maantees\u00f5idu maailmameistriv\u00f5istlused ja saades esimeseks ratturiks, kes omab maailmameistriv\u00f5istluste tiitleid nii cyclo-crossis kui ka maantees\u00f5idus. Belgia rattur Wout van Aert saavutas teise koha, j\u00e4\u00e4des maha 1 minut ja 37 sekundit, samal ajal kui Tadej Poga\u010dar (Sloveenia) v\u00f5itis pronksmedali, kaotades 1 minut ja 45 sekundit, v\u00f5ites sprindi Taani ratturi Mads Pederseni vastu.","inLanguage":"et","potentialAction":[{"@type":"ReadAction","target":["https:\/\/www.welovecycling.com\/ee\/2023\/08\/09\/mathieu-van-der-poel-voitis-vaatamata-kukkumisele-maailmameistritiitli\/"]}]},{"@type":"ImageObject","inLanguage":"et","@id":"https:\/\/www.welovecycling.com\/ee\/2023\/08\/09\/mathieu-van-der-poel-voitis-vaatamata-kukkumisele-maailmameistritiitli\/#primaryimage","url":"https:\/\/d2p6e6u75xmxt8.cloudfront.net\/15\/2023\/08\/glasgow1.webp","contentUrl":"https:\/\/d2p6e6u75xmxt8.cloudfront.net\/15\/2023\/08\/glasgow1.webp","width":988,"height":656},{"@type":"WebSite","@id":"https:\/\/www.welovecycling.com\/ee\/#website","url":"https:\/\/www.welovecycling.com\/ee\/","name":"\u0160koda We Love Cycling - Estonia","description":"","potentialAction":[{"@type":"SearchAction","target":{"@type":"EntryPoint","urlTemplate":"https:\/\/www.welovecycling.com\/ee\/?s={search_term_string}"},"query-input":{"@type":"PropertyValueSpecification","valueRequired":true,"valueName":"search_term_string"}}],"inLanguage":"et"},{"@type":"Person","@id":"https:\/\/www.welovecycling.com\/ee\/#\/schema\/person\/8b7101c4bd1b1ae9d3732ebb1e6caf57","name":"andre","image":{"@type":"ImageObject","inLanguage":"et","@id":"https:\/\/www.welovecycling.com\/ee\/#\/schema\/person\/image\/","url":"https:\/\/secure.gravatar.com\/avatar\/0656b3224fe17b018f43b8a562625dd43d30827f027b2f62bc5a05711fec9a61?s=96&d=mm&r=g","contentUrl":"https:\/\/secure.gravatar.com\/avatar\/0656b3224fe17b018f43b8a562625dd43d30827f027b2f62bc5a05711fec9a61?s=96&d=mm&r=g","caption":"andre"},"url":"https:\/\/www.welovecycling.com\/ee\/author\/andre\/"}]}},"_links":{"self":[{"href":"https:\/\/www.welovecycling.com\/ee\/wp-json\/wp\/v2\/posts\/1216","targetHints":{"allow":["GET"]}}],"collection":[{"href":"https:\/\/www.welovecycling.com\/ee\/wp-json\/wp\/v2\/posts"}],"about":[{"href":"https:\/\/www.welovecycling.com\/ee\/wp-json\/wp\/v2\/types\/post"}],"author":[{"embeddable":true,"href":"https:\/\/www.welovecycling.com\/ee\/wp-json\/wp\/v2\/users\/174"}],"replies":[{"embeddable":true,"href":"https:\/\/www.welovecycling.com\/ee\/wp-json\/wp\/v2\/comments?post=1216"}],"version-history":[{"count":8,"href":"https:\/\/www.welovecycling.com\/ee\/wp-json\/wp\/v2\/posts\/1216\/revisions"}],"predecessor-version":[{"id":1227,"href":"https:\/\/www.welovecycling.com\/ee\/wp-json\/wp\/v2\/posts\/1216\/revisions\/1227"}],"wp:featuredmedia":[{"embeddable":true,"href":"https:\/\/www.welovecycling.com\/ee\/wp-json\/wp\/v2\/media\/1222"}],"wp:attachment":[{"href":"https:\/\/www.welovecycling.com\/ee\/wp-json\/wp\/v2\/media?parent=1216"}],"wp:term":[{"taxonomy":"category","embeddable":true,"href":"https:\/\/www.welovecycling.com\/ee\/wp-json\/wp\/v2\/categories?post=1216"},{"taxonomy":"post_tag","embeddable":true,"href":"https:\/\/www.welovecycling.com\/ee\/wp-json\/wp\/v2\/tags?post=1216"},{"taxonomy":"global-categories","embeddable":true,"href":"https:\/\/www.welovecycling.com\/ee\/wp-json\/wp\/v2\/global-categories?post=1216"}],"curies":[{"name":"wp","href":"https:\/\/api.w.org\/{rel}","templated":true}]}}