{"id":1206,"date":"2023-08-03T08:44:56","date_gmt":"2023-08-03T08:44:56","guid":{"rendered":"https:\/\/www.welovecycling.com\/ee\/?p=1206"},"modified":"2023-08-03T08:47:09","modified_gmt":"2023-08-03T08:47:09","slug":"vastupandamatutest-horgutistest-koosnev-menuu-jalgrattaspordi-mm-voistlustel","status":"publish","type":"post","link":"https:\/\/www.welovecycling.com\/ee\/2023\/08\/03\/vastupandamatutest-horgutistest-koosnev-menuu-jalgrattaspordi-mm-voistlustel\/","title":{"rendered":"Vastupandamatutest h\u00f5rgutistest koosnev men\u00fc\u00fc jalgrattaspordi MM-v\u00f5istlustel"},"content":{"rendered":"<h2>2023 aasta jalgrattaspordi MM-v\u00f5istlused algavad Glasgow\u2019s 3. augustil ning pakuvad \u00fcheteistk\u00fcmne p\u00e4eva jooksul seitsmel alal maailma parimate ratturite osav\u00f5tul peetavaid v\u00f5istlusi, kus n\u00e4gemata ei tahaks midagi j\u00e4tta.<\/h2>\n<p>\u00dcks k\u00f5rgpunkte saab kindlasti oleme meeste eliitklassi grupis\u00f5it, mis peetakse 6. augustil. Trass Edinburghist Glasgow\u2019sse on v\u00e4ga k\u00fcnklik, 271,1 kilomeetri peale tuleb 3570 t\u00f5usumeetrit. V\u00f5idus\u00f5it l\u00f5peb k\u00fcmne 14,3-kilomeetrise ringiga, mis sisaldab ka 200-meetrist t\u00f5usu keskmise kaldega 13,9%. Marsruut peaks sobima klassikutel paremate sekka kuuluvatele ratturitele. \u00d5nneks on neli maailma paremat \u00fchep\u00e4evas\u00f5itjat \u2013 Tadej Poga\u010dar (Sloveenia), Mathieu van der Poel (Holland), Wout van Aert ja valitsev grupis\u00f5idu maailmameister Remco Evenepoel (m\u00f5lemad Belgia) \u2013 \u00fcles antud, nii et sellest peaks tulema p\u00f5nev v\u00f5istlus lahtirebimiskatsetega varajases ja vahetute vastasseisudega hilisemas faasis. Kujutage ette neid nelja ratturit fini\u0161i suunas s\u00f6\u00f6stmas, kui s\u00f5ita j\u00e4\u00e4b veel alla kilomeetri. Ainu\u00fcksi sellele m\u00f5tlemine toob kananaha ihule.<\/p>\n<p>Naiste eliitklassi grupis\u00f5it t\u00f5otab tulla sama kaasakiskuv, sest ratturid, t\u00e4nu kellele kujunes \u00e4sjane Tour de France Femmes with Zwift (TdFF) kaheksap\u00e4evaseks vahetpidamatuks p\u00f5nevusetenduseks, on k\u00f5ik 13. augustil stardijoonel. TdFF-i v\u00f5itja Demi Vollering, peatselt erru minev legendaarne Annemiek vam Vleuten ja v\u00e4ljapaistev klassikute spets Marianne Vos (k\u00f5ik Hollandist) v\u00f5tavad m\u00f5\u00f5tu TdFF-i teise koha omaniku ja \u0160koda rohelise s\u00e4rgi v\u00f5itja Lotte Kopecky (Belgia), eraldistardi Euroopa meistri Marlen Reusseri (\u0160veits) ning TdFF-il kolmanda koha saanud ja m\u00e4ekuninganna tiitli teeninud Katarzyna Niewiadomaga (Poola) v\u00f5idus\u00f5idul, mis k\u00f5igi m\u00e4rkide j\u00e4rgi kulgeb konkurentsitihedalt ja p\u00f5nevalt kuni fini\u0161ini.<\/p>\n<p>154,1-kilomeetrine trass Loch Lomondist Glasgow\u2019sse on samav\u00f5rra k\u00fcnklik kui meeste radagi ning peaks seet\u00f5ttu soosima klassikutel karastunud rattureid nagu Kopecky ja Vos. 2022. aastal edestas van Vleuten Kopeckyt fini\u0161ispurdiga, kuna Niewiadoma, sakslanna Liane Lippert, itaallanna Elisa Longo Borghini ja teised juhtivad ratturid l\u00f5petasid vaid sekund hiljem. T\u00e4navune v\u00f5itja aga v\u00f5ib vabalt tulla mulluste statistide seast.<\/p>\n<p>Naiste eliitklassi tempos\u00f5idu distants on 36,2 kilomeetrit, fini\u0161is ootab rattureid ees j\u00e4rsk n\u00f5lv ning see v\u00f5ib kujuneda TdFF-i tempos\u00f5idu korduseks, kus Reusser napilt edestas Volleringi. See v\u00f5istlus peetakse 10. augustil, \u00fcks p\u00e4ev enne meeste eraldistardist s\u00f5itu. Neil on distantsi pikkus 47,8 kilomeetrit ning see kulgeb tasasel maal, kus t\u00f5use on vaid 352 meetrit. See peaks olema m\u00e4ngumaa tempos\u00f5iduspetsidele nagu mullune \u00fcllatusv\u00f5itja Tobias Foss (Norra) ja eelmise aasta teine Stefan K\u00fcng. Ning ei maksa imestada, kui Evenepoel peaks v\u00f5itma nii grupi- kui ka tempos\u00f5idu.<\/p>\n<p>Kuid jalgrattaspordi MM koosneb m\u00f5istagi palju enamast kui maanteev\u00f5istlustest. Erilist huvi pakub 12. augustil peetav meeste eliitklassi ol\u00fcmpiakross (XCO), sest van der Poel osaleb seal sihiga teenida osalemis\u00f5igus 2024. aasta Pariisi ol\u00fcmpiam\u00e4ngudel. Van der Poel stardib grupi sabast, kuna pole sel aastal maastikus\u00f5itudes \u00fchtki punkti teeninud ning tema \u00fclesanne saab olema k\u00f5ike muud kui lihtne. \u0160veitslasest k\u00fcmnekordne maailmameister ja tiitlikaitsja Nino Schurter on loogiline favoriit isegi 37 aasta vanusena.<\/p>\n<p>Lisaks van der Poelile tuleb tal rinda pista inglise ratturi Tom Pidcockiga, kellele Tour de France kujunes pettumuseks, kuid kes on sel alal valitsev ol\u00fcmpiav\u00f5itja ja Euroopa meister. Seitsmekordne <a href=\"https:\/\/www.welovecycling.com\/wide\/2020\/09\/08\/the-story-of-the-skoda-green-jersey-and-the-legend-of-peter-sagan\/\">Tour de France\u2019i \u0160koda rohelise s\u00e4rgi v\u00f5itja Peter Sagan<\/a>, kes just osales oma karj\u00e4\u00e4ri viimasel Touril, p\u00fc\u00fcab samuti sel alal m\u00e4rki maha saada. Ol\u00fcmpiakrossi v\u00f5istlused peetakse Glasgow\u2019st 110 kilomeetrit l\u00f5una pool asuvas Glentress Foresti linnas. Rada on v\u00e4ga n\u00f5udlik ning sisaldab mitmeid j\u00e4rske h\u00fcppeid ja kiviseid l\u00f5ike.<\/p>\n<p>Palju j\u00e4lgijaid saab olema ka naiste trekiv\u00f5istlustel, sest Lotte Kopecky, kes n\u00e4ib rattasadulas k\u00f5ike suutvat, l\u00e4heb vikerkaarev\u00e4rvilise s\u00e4rgi nimel heitlema ka v\u00e4ljalangemiss\u00f5idus, punktis\u00f5idus ja omniumis. Kuid oma 2022. aasta MM-tiitlit madisonis ta kaitsma ei tule, sest tema toonane partner Shari Bossuyti keelatud ainete proov andis t\u00e4navu positiivse tulemuse. Kopecky on madisonis MM-tiitli v\u00f5itnud kahel korral. 2017. aastal, mil naiste madison kuulus \u00fcldse esimest korda MM-i kavva, oli ta v\u00f5idukas koos teise partneriga. Juhtumisi on ta valitsev maailmameister ka v\u00e4ljalangemiss\u00f5idus ja kavatseb Glasgow\u2019ski korraliku medalisaagi korjata. \u201eMul on MM-il auahned eesm\u00e4rgid nii trekil kui ka maanteel,\u201c <a href=\"https:\/\/www.cyclingnews.com\/news\/glasgow-worlds-no-madison-defence-for-kopecky-after-partner-bossuyts-positive\/\">r\u00e4\u00e4kis ta Cyclingnewsile.<\/a><\/p>\n<p>Peale k\u00f5ige muu huvitavad mind pararattas\u00f5idu v\u00f5istlused maanteel ja trekil. Eraldistardist s\u00f5idus v\u00f5isteldakse 9. ja 10. augustil, maantees\u00f5idud toimuvad 10. ja 11. augustil. V\u00f5istkondlik teates\u00f5it peetakse 13. augustil. Pararattas\u00f5idu trekiv\u00f5istlused kuuluvad esimest korda trekiv\u00f5istluste \u00fcldprogrammi ning toimuvad 3.-8. augustil. Kogu programmiga l\u00e4hemalt tutvuda saate siin.<\/p>\n","protected":false},"excerpt":{"rendered":"<p>2023 aasta jalgrattaspordi MM-v\u00f5istlused algavad Glasgow\u2019s 3. augustil ning pakuvad \u00fcheteistk\u00fcmne p\u00e4eva jooksul seitsmel alal maailma parimate ratturite osav\u00f5tul peetavaid [&hellip;]<\/p>\n","protected":false},"author":174,"featured_media":1208,"comment_status":"open","ping_status":"open","sticky":false,"template":"","format":"standard","meta":{"footnotes":""},"categories":[13],"tags":[136],"global-categories":[22],"class_list":["post-1206","post","type-post","status-publish","format-standard","has-post-thumbnail","hentry","category-blogi","tag-2023-uci-cycling-world-championships","global-categories-cycling"],"yoast_head":"<!-- This site is optimized with the Yoast SEO Premium plugin v25.3 (Yoast SEO v25.9) - https:\/\/yoast.com\/wordpress\/plugins\/seo\/ -->\n<title>Vastupandamatutest h\u00f5rgutistest koosnev men\u00fc\u00fc jalgrattaspordi MM-v\u00f5istlustel - \u0160koda We Love Cycling - Estonia<\/title>\n<meta name=\"description\" content=\"2023 aasta jalgrattaspordi MM-v\u00f5istlused algavad Glasgow\u2019s 3. augustil ning pakuvad \u00fcheteistk\u00fcmne p\u00e4eva jooksul seitsmel alal maailma parimate ratturite osav\u00f5tul peetavaid v\u00f5istlusi, kus n\u00e4gemata ei tahaks midagi j\u00e4tta.\" \/>\n<meta name=\"robots\" content=\"index, follow, max-snippet:-1, max-image-preview:large, max-video-preview:-1\" \/>\n<link rel=\"canonical\" href=\"https:\/\/www.welovecycling.com\/ee\/2023\/08\/03\/vastupandamatutest-horgutistest-koosnev-menuu-jalgrattaspordi-mm-voistlustel\/\" \/>\n<meta property=\"og:locale\" content=\"et_EE\" \/>\n<meta property=\"og:type\" content=\"article\" \/>\n<meta property=\"og:title\" content=\"Vastupandamatutest h\u00f5rgutistest koosnev men\u00fc\u00fc jalgrattaspordi MM-v\u00f5istlustel\" \/>\n<meta property=\"og:description\" content=\"2023 aasta jalgrattaspordi MM-v\u00f5istlused algavad Glasgow\u2019s 3. augustil ning pakuvad \u00fcheteistk\u00fcmne p\u00e4eva jooksul seitsmel alal maailma parimate ratturite osav\u00f5tul peetavaid v\u00f5istlusi, kus n\u00e4gemata ei tahaks midagi j\u00e4tta.\" \/>\n<meta property=\"og:url\" content=\"https:\/\/www.welovecycling.com\/ee\/2023\/08\/03\/vastupandamatutest-horgutistest-koosnev-menuu-jalgrattaspordi-mm-voistlustel\/\" \/>\n<meta property=\"og:site_name\" content=\"\u0160koda We Love Cycling - Estonia\" \/>\n<meta property=\"article:published_time\" content=\"2023-08-03T08:44:56+00:00\" \/>\n<meta property=\"article:modified_time\" content=\"2023-08-03T08:47:09+00:00\" \/>\n<meta property=\"og:image\" content=\"https:\/\/d2p6e6u75xmxt8.cloudfront.net\/15\/2023\/08\/uci1.webp\" \/>\n\t<meta property=\"og:image:width\" content=\"989\" \/>\n\t<meta property=\"og:image:height\" content=\"658\" \/>\n\t<meta property=\"og:image:type\" content=\"image\/webp\" \/>\n<meta name=\"author\" content=\"andre\" \/>\n<meta name=\"twitter:card\" content=\"summary_large_image\" \/>\n<meta name=\"twitter:label1\" content=\"Written by\" \/>\n\t<meta name=\"twitter:data1\" content=\"Siegfried Mortkowitz\" \/>\n\t<meta name=\"twitter:label2\" content=\"Est. reading time\" \/>\n\t<meta name=\"twitter:data2\" content=\"6\" \/>\n<script type=\"application\/ld+json\" class=\"yoast-schema-graph\">{\"@context\":\"https:\/\/schema.org\",\"@graph\":[{\"@type\":\"WebPage\",\"@id\":\"https:\/\/www.welovecycling.com\/ee\/2023\/08\/03\/vastupandamatutest-horgutistest-koosnev-menuu-jalgrattaspordi-mm-voistlustel\/\",\"url\":\"https:\/\/www.welovecycling.com\/ee\/2023\/08\/03\/vastupandamatutest-horgutistest-koosnev-menuu-jalgrattaspordi-mm-voistlustel\/\",\"name\":\"Vastupandamatutest h\u00f5rgutistest koosnev men\u00fc\u00fc jalgrattaspordi MM-v\u00f5istlustel - \u0160koda We Love Cycling - Estonia\",\"isPartOf\":{\"@id\":\"https:\/\/www.welovecycling.com\/ee\/#website\"},\"primaryImageOfPage\":{\"@id\":\"https:\/\/www.welovecycling.com\/ee\/2023\/08\/03\/vastupandamatutest-horgutistest-koosnev-menuu-jalgrattaspordi-mm-voistlustel\/#primaryimage\"},\"image\":{\"@id\":\"https:\/\/www.welovecycling.com\/ee\/2023\/08\/03\/vastupandamatutest-horgutistest-koosnev-menuu-jalgrattaspordi-mm-voistlustel\/#primaryimage\"},\"thumbnailUrl\":\"https:\/\/d2p6e6u75xmxt8.cloudfront.net\/15\/2023\/08\/uci1.webp\",\"datePublished\":\"2023-08-03T08:44:56+00:00\",\"dateModified\":\"2023-08-03T08:47:09+00:00\",\"author\":{\"@id\":\"https:\/\/www.welovecycling.com\/ee\/#\/schema\/person\/8b7101c4bd1b1ae9d3732ebb1e6caf57\"},\"description\":\"2023 aasta jalgrattaspordi MM-v\u00f5istlused algavad Glasgow\u2019s 3. augustil ning pakuvad \u00fcheteistk\u00fcmne p\u00e4eva jooksul seitsmel alal maailma parimate ratturite osav\u00f5tul peetavaid v\u00f5istlusi, kus n\u00e4gemata ei tahaks midagi j\u00e4tta.\",\"inLanguage\":\"et\",\"potentialAction\":[{\"@type\":\"ReadAction\",\"target\":[\"https:\/\/www.welovecycling.com\/ee\/2023\/08\/03\/vastupandamatutest-horgutistest-koosnev-menuu-jalgrattaspordi-mm-voistlustel\/\"]}]},{\"@type\":\"ImageObject\",\"inLanguage\":\"et\",\"@id\":\"https:\/\/www.welovecycling.com\/ee\/2023\/08\/03\/vastupandamatutest-horgutistest-koosnev-menuu-jalgrattaspordi-mm-voistlustel\/#primaryimage\",\"url\":\"https:\/\/d2p6e6u75xmxt8.cloudfront.net\/15\/2023\/08\/uci1.webp\",\"contentUrl\":\"https:\/\/d2p6e6u75xmxt8.cloudfront.net\/15\/2023\/08\/uci1.webp\",\"width\":989,\"height\":658},{\"@type\":\"WebSite\",\"@id\":\"https:\/\/www.welovecycling.com\/ee\/#website\",\"url\":\"https:\/\/www.welovecycling.com\/ee\/\",\"name\":\"\u0160koda We Love Cycling - Estonia\",\"description\":\"\",\"potentialAction\":[{\"@type\":\"SearchAction\",\"target\":{\"@type\":\"EntryPoint\",\"urlTemplate\":\"https:\/\/www.welovecycling.com\/ee\/?s={search_term_string}\"},\"query-input\":{\"@type\":\"PropertyValueSpecification\",\"valueRequired\":true,\"valueName\":\"search_term_string\"}}],\"inLanguage\":\"et\"},{\"@type\":\"Person\",\"@id\":\"https:\/\/www.welovecycling.com\/ee\/#\/schema\/person\/8b7101c4bd1b1ae9d3732ebb1e6caf57\",\"name\":\"andre\",\"image\":{\"@type\":\"ImageObject\",\"inLanguage\":\"et\",\"@id\":\"https:\/\/www.welovecycling.com\/ee\/#\/schema\/person\/image\/\",\"url\":\"https:\/\/secure.gravatar.com\/avatar\/0656b3224fe17b018f43b8a562625dd43d30827f027b2f62bc5a05711fec9a61?s=96&d=mm&r=g\",\"contentUrl\":\"https:\/\/secure.gravatar.com\/avatar\/0656b3224fe17b018f43b8a562625dd43d30827f027b2f62bc5a05711fec9a61?s=96&d=mm&r=g\",\"caption\":\"andre\"},\"url\":\"https:\/\/www.welovecycling.com\/ee\/author\/andre\/\"}]}<\/script>\n<!-- \/ Yoast SEO Premium plugin. -->","yoast_head_json":{"title":"Vastupandamatutest h\u00f5rgutistest koosnev men\u00fc\u00fc jalgrattaspordi MM-v\u00f5istlustel - \u0160koda We Love Cycling - Estonia","description":"2023 aasta jalgrattaspordi MM-v\u00f5istlused algavad Glasgow\u2019s 3. augustil ning pakuvad \u00fcheteistk\u00fcmne p\u00e4eva jooksul seitsmel alal maailma parimate ratturite osav\u00f5tul peetavaid v\u00f5istlusi, kus n\u00e4gemata ei tahaks midagi j\u00e4tta.","robots":{"index":"index","follow":"follow","max-snippet":"max-snippet:-1","max-image-preview":"max-image-preview:large","max-video-preview":"max-video-preview:-1"},"canonical":"https:\/\/www.welovecycling.com\/ee\/2023\/08\/03\/vastupandamatutest-horgutistest-koosnev-menuu-jalgrattaspordi-mm-voistlustel\/","og_locale":"et_EE","og_type":"article","og_title":"Vastupandamatutest h\u00f5rgutistest koosnev men\u00fc\u00fc jalgrattaspordi MM-v\u00f5istlustel","og_description":"2023 aasta jalgrattaspordi MM-v\u00f5istlused algavad Glasgow\u2019s 3. augustil ning pakuvad \u00fcheteistk\u00fcmne p\u00e4eva jooksul seitsmel alal maailma parimate ratturite osav\u00f5tul peetavaid v\u00f5istlusi, kus n\u00e4gemata ei tahaks midagi j\u00e4tta.","og_url":"https:\/\/www.welovecycling.com\/ee\/2023\/08\/03\/vastupandamatutest-horgutistest-koosnev-menuu-jalgrattaspordi-mm-voistlustel\/","og_site_name":"\u0160koda We Love Cycling - Estonia","article_published_time":"2023-08-03T08:44:56+00:00","article_modified_time":"2023-08-03T08:47:09+00:00","og_image":[{"width":989,"height":658,"url":"https:\/\/d2p6e6u75xmxt8.cloudfront.net\/15\/2023\/08\/uci1.webp","type":"image\/webp"}],"author":"andre","twitter_card":"summary_large_image","twitter_misc":{"Written by":"Siegfried Mortkowitz","Est. reading time":"6"},"schema":{"@context":"https:\/\/schema.org","@graph":[{"@type":"WebPage","@id":"https:\/\/www.welovecycling.com\/ee\/2023\/08\/03\/vastupandamatutest-horgutistest-koosnev-menuu-jalgrattaspordi-mm-voistlustel\/","url":"https:\/\/www.welovecycling.com\/ee\/2023\/08\/03\/vastupandamatutest-horgutistest-koosnev-menuu-jalgrattaspordi-mm-voistlustel\/","name":"Vastupandamatutest h\u00f5rgutistest koosnev men\u00fc\u00fc jalgrattaspordi MM-v\u00f5istlustel - \u0160koda We Love Cycling - Estonia","isPartOf":{"@id":"https:\/\/www.welovecycling.com\/ee\/#website"},"primaryImageOfPage":{"@id":"https:\/\/www.welovecycling.com\/ee\/2023\/08\/03\/vastupandamatutest-horgutistest-koosnev-menuu-jalgrattaspordi-mm-voistlustel\/#primaryimage"},"image":{"@id":"https:\/\/www.welovecycling.com\/ee\/2023\/08\/03\/vastupandamatutest-horgutistest-koosnev-menuu-jalgrattaspordi-mm-voistlustel\/#primaryimage"},"thumbnailUrl":"https:\/\/d2p6e6u75xmxt8.cloudfront.net\/15\/2023\/08\/uci1.webp","datePublished":"2023-08-03T08:44:56+00:00","dateModified":"2023-08-03T08:47:09+00:00","author":{"@id":"https:\/\/www.welovecycling.com\/ee\/#\/schema\/person\/8b7101c4bd1b1ae9d3732ebb1e6caf57"},"description":"2023 aasta jalgrattaspordi MM-v\u00f5istlused algavad Glasgow\u2019s 3. augustil ning pakuvad \u00fcheteistk\u00fcmne p\u00e4eva jooksul seitsmel alal maailma parimate ratturite osav\u00f5tul peetavaid v\u00f5istlusi, kus n\u00e4gemata ei tahaks midagi j\u00e4tta.","inLanguage":"et","potentialAction":[{"@type":"ReadAction","target":["https:\/\/www.welovecycling.com\/ee\/2023\/08\/03\/vastupandamatutest-horgutistest-koosnev-menuu-jalgrattaspordi-mm-voistlustel\/"]}]},{"@type":"ImageObject","inLanguage":"et","@id":"https:\/\/www.welovecycling.com\/ee\/2023\/08\/03\/vastupandamatutest-horgutistest-koosnev-menuu-jalgrattaspordi-mm-voistlustel\/#primaryimage","url":"https:\/\/d2p6e6u75xmxt8.cloudfront.net\/15\/2023\/08\/uci1.webp","contentUrl":"https:\/\/d2p6e6u75xmxt8.cloudfront.net\/15\/2023\/08\/uci1.webp","width":989,"height":658},{"@type":"WebSite","@id":"https:\/\/www.welovecycling.com\/ee\/#website","url":"https:\/\/www.welovecycling.com\/ee\/","name":"\u0160koda We Love Cycling - Estonia","description":"","potentialAction":[{"@type":"SearchAction","target":{"@type":"EntryPoint","urlTemplate":"https:\/\/www.welovecycling.com\/ee\/?s={search_term_string}"},"query-input":{"@type":"PropertyValueSpecification","valueRequired":true,"valueName":"search_term_string"}}],"inLanguage":"et"},{"@type":"Person","@id":"https:\/\/www.welovecycling.com\/ee\/#\/schema\/person\/8b7101c4bd1b1ae9d3732ebb1e6caf57","name":"andre","image":{"@type":"ImageObject","inLanguage":"et","@id":"https:\/\/www.welovecycling.com\/ee\/#\/schema\/person\/image\/","url":"https:\/\/secure.gravatar.com\/avatar\/0656b3224fe17b018f43b8a562625dd43d30827f027b2f62bc5a05711fec9a61?s=96&d=mm&r=g","contentUrl":"https:\/\/secure.gravatar.com\/avatar\/0656b3224fe17b018f43b8a562625dd43d30827f027b2f62bc5a05711fec9a61?s=96&d=mm&r=g","caption":"andre"},"url":"https:\/\/www.welovecycling.com\/ee\/author\/andre\/"}]}},"_links":{"self":[{"href":"https:\/\/www.welovecycling.com\/ee\/wp-json\/wp\/v2\/posts\/1206","targetHints":{"allow":["GET"]}}],"collection":[{"href":"https:\/\/www.welovecycling.com\/ee\/wp-json\/wp\/v2\/posts"}],"about":[{"href":"https:\/\/www.welovecycling.com\/ee\/wp-json\/wp\/v2\/types\/post"}],"author":[{"embeddable":true,"href":"https:\/\/www.welovecycling.com\/ee\/wp-json\/wp\/v2\/users\/174"}],"replies":[{"embeddable":true,"href":"https:\/\/www.welovecycling.com\/ee\/wp-json\/wp\/v2\/comments?post=1206"}],"version-history":[{"count":2,"href":"https:\/\/www.welovecycling.com\/ee\/wp-json\/wp\/v2\/posts\/1206\/revisions"}],"predecessor-version":[{"id":1209,"href":"https:\/\/www.welovecycling.com\/ee\/wp-json\/wp\/v2\/posts\/1206\/revisions\/1209"}],"wp:featuredmedia":[{"embeddable":true,"href":"https:\/\/www.welovecycling.com\/ee\/wp-json\/wp\/v2\/media\/1208"}],"wp:attachment":[{"href":"https:\/\/www.welovecycling.com\/ee\/wp-json\/wp\/v2\/media?parent=1206"}],"wp:term":[{"taxonomy":"category","embeddable":true,"href":"https:\/\/www.welovecycling.com\/ee\/wp-json\/wp\/v2\/categories?post=1206"},{"taxonomy":"post_tag","embeddable":true,"href":"https:\/\/www.welovecycling.com\/ee\/wp-json\/wp\/v2\/tags?post=1206"},{"taxonomy":"global-categories","embeddable":true,"href":"https:\/\/www.welovecycling.com\/ee\/wp-json\/wp\/v2\/global-categories?post=1206"}],"curies":[{"name":"wp","href":"https:\/\/api.w.org\/{rel}","templated":true}]}}