{"id":1181,"date":"2023-08-01T10:44:18","date_gmt":"2023-08-01T10:44:18","guid":{"rendered":""},"modified":"2023-08-09T15:21:37","modified_gmt":"2023-08-09T15:21:37","slug":"23-rakke-skoda-laagri-sko-motors-rattamaraton","status":"publish","type":"post","link":"https:\/\/www.welovecycling.com\/ee\/2023\/08\/01\/23-rakke-skoda-laagri-sko-motors-rattamaraton\/","title":{"rendered":"23. Rakke \u0160koda Laagri (SKO Motors) rattamaraton 2023 &#8211; j\u00e4relvaade"},"content":{"rendered":"<h2>30.07.23 toimus Bosch Eesti Maastikurattasarja etapp Rakkes. \u00dchtlasi oli see ka \u0160koda Laagri (SKO Motors) spetsiaaletapp.<\/h2>\n<p><a href=\"https:\/\/www.skodalaagri.ee\/\">SKO Motors<\/a> ja <a href=\"https:\/\/www.welovecycling.com\/ee\/\">We Love Cycling Estonia<\/a> olid kohal m\u00f5nusa \u0160koda\/WLC alaga, kus sai tutvuda uusimate \u0160koda mudelitega, soetada endale kvaliteetseid \u0160koda rattariideid ja tarvikuid ning lihtsalt m\u00f5nusalt aega veeta.<\/p>\n<figure id=\"attachment_1184\" aria-describedby=\"caption-attachment-1184\" style=\"width: 1024px\" class=\"wp-caption alignnone\"><a href=\"https:\/\/d2p6e6u75xmxt8.cloudfront.net\/15\/2023\/08\/20230730_095716.webp\"><img loading=\"lazy\" decoding=\"async\" class=\"wp-image-1184 size-large\" src=\"https:\/\/d2p6e6u75xmxt8.cloudfront.net\/15\/2023\/08\/20230730_095716-1024x576.webp\" alt=\"\" width=\"1024\" height=\"576\" srcset=\"https:\/\/d2p6e6u75xmxt8.cloudfront.net\/15\/2023\/08\/20230730_095716-1024x576.webp 1024w, https:\/\/d2p6e6u75xmxt8.cloudfront.net\/15\/2023\/08\/20230730_095716-300x169.webp 300w, https:\/\/d2p6e6u75xmxt8.cloudfront.net\/15\/2023\/08\/20230730_095716-768x432.webp 768w, https:\/\/d2p6e6u75xmxt8.cloudfront.net\/15\/2023\/08\/20230730_095716-1536x864.webp 1536w, https:\/\/d2p6e6u75xmxt8.cloudfront.net\/15\/2023\/08\/20230730_095716-400x225.webp 400w, https:\/\/d2p6e6u75xmxt8.cloudfront.net\/15\/2023\/08\/20230730_095716.webp 1655w\" sizes=\"auto, (max-width: 1024px) 100vw, 1024px\" \/><\/a><figcaption id=\"caption-attachment-1184\" class=\"wp-caption-text\">\u0160koda \/ WLC ala kutsus k\u00f5iki huvilisi tutvuma \u0160koda mudelitega, uurima kvaliteetseid \u0160koda rattariideid ja lihtsalt juttu r\u00e4\u00e4kima<\/figcaption><\/figure>\n<p>We Love Cycling vaheajapunktis oli Tour de France <em>director general\u00a0<\/em>\u0160koda Enyaq IV replika, mis lisas maratonile m\u00f5nusat suurv\u00f5istluse vaibi. Vaheaja punktis said k\u00f5ik v\u00f5istlejad t\u00e4nu tabloole ja kommentaatorile teada oma hetke koha, et j\u00e4rele j\u00e4\u00e4nud 7 km jooksul veel pingutada ja positsiooni parandada. Pika maa 220 koht ja poolmarataoni 20 koht said eriauhinnad SKO Motorsi ja We Love Cyclingu poolt.<\/p>\n<figure id=\"attachment_1186\" aria-describedby=\"caption-attachment-1186\" style=\"width: 492px\" class=\"wp-caption alignnone\"><a href=\"https:\/\/d2p6e6u75xmxt8.cloudfront.net\/15\/2023\/08\/20230730_112733.webp\"><img loading=\"lazy\" decoding=\"async\" class=\"wp-image-1186 size-full\" src=\"https:\/\/d2p6e6u75xmxt8.cloudfront.net\/15\/2023\/08\/20230730_112733.webp\" alt=\"\" width=\"492\" height=\"874\" srcset=\"https:\/\/d2p6e6u75xmxt8.cloudfront.net\/15\/2023\/08\/20230730_112733.webp 492w, https:\/\/d2p6e6u75xmxt8.cloudfront.net\/15\/2023\/08\/20230730_112733-169x300.webp 169w, https:\/\/d2p6e6u75xmxt8.cloudfront.net\/15\/2023\/08\/20230730_112733-225x400.webp 225w\" sizes=\"auto, (max-width: 492px) 100vw, 492px\" \/><\/a><figcaption id=\"caption-attachment-1186\" class=\"wp-caption-text\">We Love Cycling vaheajapunkt<\/figcaption><\/figure>\n<p>Samuti kingit k\u00f5igi poolmaratoni osalejatele \u0160koda We Love Cyclingu joogipudel. \u0160koda ja WLC premeerisid ka k\u00f5iki poodiumil k\u00e4inud sportlasi auhindadega.<\/p>\n<p>Erinevad galeriid toimunud \u00fcritusest on leitavad allj\u00e4rgnevatelt linkidelt:<\/p>\n<p><a href=\"https:\/\/www.flickr.com\/photos\/141776748@N07\/albums\/72177720310141699\">Galerii 1<\/a><br \/>\n<a href=\"https:\/\/www.flickr.com\/photos\/141776748@N07\/albums\/72177720310157223\">Galerii 2<\/a><br \/>\n<a href=\"https:\/\/www.flickr.com\/photos\/141776748@N07\/albums\/72177720310146751\">Galerii 3<\/a><br \/>\n<a href=\"https:\/\/www.flickr.com\/photos\/141776748@N07\/albums\/72177720310171996\">Galerii 4<\/a><\/p>\n<figure id=\"attachment_1188\" aria-describedby=\"caption-attachment-1188\" style=\"width: 492px\" class=\"wp-caption alignnone\"><a href=\"https:\/\/d2p6e6u75xmxt8.cloudfront.net\/15\/2023\/08\/20230730_160946.webp\"><img loading=\"lazy\" decoding=\"async\" class=\"wp-image-1188 size-full\" src=\"https:\/\/d2p6e6u75xmxt8.cloudfront.net\/15\/2023\/08\/20230730_160946.webp\" alt=\"\" width=\"492\" height=\"874\" srcset=\"https:\/\/d2p6e6u75xmxt8.cloudfront.net\/15\/2023\/08\/20230730_160946.webp 492w, https:\/\/d2p6e6u75xmxt8.cloudfront.net\/15\/2023\/08\/20230730_160946-169x300.webp 169w, https:\/\/d2p6e6u75xmxt8.cloudfront.net\/15\/2023\/08\/20230730_160946-225x400.webp 225w\" sizes=\"auto, (max-width: 492px) 100vw, 492px\" \/><\/a><figcaption id=\"caption-attachment-1188\" class=\"wp-caption-text\">Poodiumil s\u00e4rasid t\u00e4nase p\u00e4eva kangelased<\/figcaption><\/figure>\n<figure id=\"attachment_1185\" aria-describedby=\"caption-attachment-1185\" style=\"width: 1024px\" class=\"wp-caption alignnone\"><a href=\"https:\/\/d2p6e6u75xmxt8.cloudfront.net\/15\/2023\/08\/20230730_102644.webp\"><img loading=\"lazy\" decoding=\"async\" class=\"wp-image-1185 size-large\" src=\"https:\/\/d2p6e6u75xmxt8.cloudfront.net\/15\/2023\/08\/20230730_102644-1024x576.webp\" alt=\"\" width=\"1024\" height=\"576\" srcset=\"https:\/\/d2p6e6u75xmxt8.cloudfront.net\/15\/2023\/08\/20230730_102644-1024x576.webp 1024w, https:\/\/d2p6e6u75xmxt8.cloudfront.net\/15\/2023\/08\/20230730_102644-300x169.webp 300w, https:\/\/d2p6e6u75xmxt8.cloudfront.net\/15\/2023\/08\/20230730_102644-768x432.webp 768w, https:\/\/d2p6e6u75xmxt8.cloudfront.net\/15\/2023\/08\/20230730_102644-1536x864.webp 1536w, https:\/\/d2p6e6u75xmxt8.cloudfront.net\/15\/2023\/08\/20230730_102644-400x225.webp 400w, https:\/\/d2p6e6u75xmxt8.cloudfront.net\/15\/2023\/08\/20230730_102644.webp 1554w\" sizes=\"auto, (max-width: 1024px) 100vw, 1024px\" \/><\/a><figcaption id=\"caption-attachment-1185\" class=\"wp-caption-text\">SKO Motorsi ja We Love Cyclingu tiim t\u00e4nab k\u00f5iki osalejaid!<\/figcaption><\/figure>\n","protected":false},"excerpt":{"rendered":"<p>30.07.23 toimus Bosch Eesti Maastikurattasarja etapp Rakkes. \u00dchtlasi oli see ka \u0160koda Laagri (SKO Motors) spetsiaaletapp. SKO Motors ja We [&hellip;]<\/p>\n","protected":false},"author":174,"featured_media":1195,"comment_status":"open","ping_status":"open","sticky":false,"template":"","format":"standard","meta":{"footnotes":""},"categories":[13],"tags":[133,134],"global-categories":[22],"class_list":["post-1181","post","type-post","status-publish","format-standard","has-post-thumbnail","hentry","category-blogi","tag-bosch-eesti-maastikurattasari","tag-rakke-rattamaraton","global-categories-cycling"],"yoast_head":"<!-- This site is optimized with the Yoast SEO Premium plugin v25.3 (Yoast SEO v25.9) - https:\/\/yoast.com\/wordpress\/plugins\/seo\/ -->\n<title>23. Rakke \u0160koda Laagri (SKO Motors) rattamaraton 2023 - j\u00e4relvaade - \u0160koda We Love Cycling - Estonia<\/title>\n<meta name=\"description\" content=\"30.07.23 toimus Bosch Eesti Maastikurattasarja etapp Rakkes. \u00dchtlasi oli see ka \u0160koda Laagri (SKO Motors) spetsiaaletapp.Sko Motors ja We Love Cycling olid kohal m\u00f5nusa \u0160koda\/WLC alaga, kus sai tutvuda uusimate \u0160koda mudelitega, soetada endale kvalitetseid \u0160koda rattariideid ja tarvikuid ning lihtsalt m\u00f5nusalt aega veeta.\" \/>\n<meta name=\"robots\" content=\"index, follow, max-snippet:-1, max-image-preview:large, max-video-preview:-1\" \/>\n<link rel=\"canonical\" href=\"https:\/\/www.welovecycling.com\/ee\/2023\/08\/01\/23-rakke-skoda-laagri-sko-motors-rattamaraton\/\" \/>\n<meta property=\"og:locale\" content=\"et_EE\" \/>\n<meta property=\"og:type\" content=\"article\" \/>\n<meta property=\"og:title\" content=\"23. Rakke \u0160koda Laagri (SKO Motors) rattamaraton 2023 - j\u00e4relvaade\" \/>\n<meta property=\"og:description\" content=\"30.07.23 toimus Bosch Eesti Maastikurattasarja etapp Rakkes. \u00dchtlasi oli see ka \u0160koda Laagri (SKO Motors) spetsiaaletapp.Sko Motors ja We Love Cycling olid kohal m\u00f5nusa \u0160koda\/WLC alaga, kus sai tutvuda uusimate \u0160koda mudelitega, soetada endale kvalitetseid \u0160koda rattariideid ja tarvikuid ning lihtsalt m\u00f5nusalt aega veeta.\" \/>\n<meta property=\"og:url\" content=\"https:\/\/www.welovecycling.com\/ee\/2023\/08\/01\/23-rakke-skoda-laagri-sko-motors-rattamaraton\/\" \/>\n<meta property=\"og:site_name\" content=\"\u0160koda We Love Cycling - Estonia\" \/>\n<meta property=\"article:published_time\" content=\"2023-08-01T10:44:18+00:00\" \/>\n<meta property=\"article:modified_time\" content=\"2023-08-09T15:21:37+00:00\" \/>\n<meta property=\"og:image\" content=\"https:\/\/d2p6e6u75xmxt8.cloudfront.net\/15\/2023\/08\/53085935259_8244d9dbe1_c.webp\" \/>\n\t<meta property=\"og:image:width\" content=\"800\" \/>\n\t<meta property=\"og:image:height\" content=\"533\" \/>\n\t<meta property=\"og:image:type\" content=\"image\/webp\" \/>\n<meta name=\"author\" content=\"andre\" \/>\n<meta name=\"twitter:card\" content=\"summary_large_image\" \/>\n<meta name=\"twitter:label1\" content=\"Written by\" \/>\n\t<meta name=\"twitter:data1\" content=\"Andre Kull\" \/>\n\t<meta name=\"twitter:label2\" content=\"Est. reading time\" \/>\n\t<meta name=\"twitter:data2\" content=\"2\" \/>\n<script type=\"application\/ld+json\" class=\"yoast-schema-graph\">{\"@context\":\"https:\/\/schema.org\",\"@graph\":[{\"@type\":\"WebPage\",\"@id\":\"https:\/\/www.welovecycling.com\/ee\/2023\/08\/01\/23-rakke-skoda-laagri-sko-motors-rattamaraton\/\",\"url\":\"https:\/\/www.welovecycling.com\/ee\/2023\/08\/01\/23-rakke-skoda-laagri-sko-motors-rattamaraton\/\",\"name\":\"23. Rakke \u0160koda Laagri (SKO Motors) rattamaraton 2023 - j\u00e4relvaade - \u0160koda We Love Cycling - Estonia\",\"isPartOf\":{\"@id\":\"https:\/\/www.welovecycling.com\/ee\/#website\"},\"primaryImageOfPage\":{\"@id\":\"https:\/\/www.welovecycling.com\/ee\/2023\/08\/01\/23-rakke-skoda-laagri-sko-motors-rattamaraton\/#primaryimage\"},\"image\":{\"@id\":\"https:\/\/www.welovecycling.com\/ee\/2023\/08\/01\/23-rakke-skoda-laagri-sko-motors-rattamaraton\/#primaryimage\"},\"thumbnailUrl\":\"https:\/\/d2p6e6u75xmxt8.cloudfront.net\/15\/2023\/08\/53085935259_8244d9dbe1_c.webp\",\"datePublished\":\"2023-08-01T10:44:18+00:00\",\"dateModified\":\"2023-08-09T15:21:37+00:00\",\"author\":{\"@id\":\"https:\/\/www.welovecycling.com\/ee\/#\/schema\/person\/8b7101c4bd1b1ae9d3732ebb1e6caf57\"},\"description\":\"30.07.23 toimus Bosch Eesti Maastikurattasarja etapp Rakkes. \u00dchtlasi oli see ka \u0160koda Laagri (SKO Motors) spetsiaaletapp.Sko Motors ja We Love Cycling olid kohal m\u00f5nusa \u0160koda\/WLC alaga, kus sai tutvuda uusimate \u0160koda mudelitega, soetada endale kvalitetseid \u0160koda rattariideid ja tarvikuid ning lihtsalt m\u00f5nusalt aega veeta.\",\"inLanguage\":\"et\",\"potentialAction\":[{\"@type\":\"ReadAction\",\"target\":[\"https:\/\/www.welovecycling.com\/ee\/2023\/08\/01\/23-rakke-skoda-laagri-sko-motors-rattamaraton\/\"]}]},{\"@type\":\"ImageObject\",\"inLanguage\":\"et\",\"@id\":\"https:\/\/www.welovecycling.com\/ee\/2023\/08\/01\/23-rakke-skoda-laagri-sko-motors-rattamaraton\/#primaryimage\",\"url\":\"https:\/\/d2p6e6u75xmxt8.cloudfront.net\/15\/2023\/08\/53085935259_8244d9dbe1_c.webp\",\"contentUrl\":\"https:\/\/d2p6e6u75xmxt8.cloudfront.net\/15\/2023\/08\/53085935259_8244d9dbe1_c.webp\",\"width\":800,\"height\":533},{\"@type\":\"WebSite\",\"@id\":\"https:\/\/www.welovecycling.com\/ee\/#website\",\"url\":\"https:\/\/www.welovecycling.com\/ee\/\",\"name\":\"\u0160koda We Love Cycling - Estonia\",\"description\":\"\",\"potentialAction\":[{\"@type\":\"SearchAction\",\"target\":{\"@type\":\"EntryPoint\",\"urlTemplate\":\"https:\/\/www.welovecycling.com\/ee\/?s={search_term_string}\"},\"query-input\":{\"@type\":\"PropertyValueSpecification\",\"valueRequired\":true,\"valueName\":\"search_term_string\"}}],\"inLanguage\":\"et\"},{\"@type\":\"Person\",\"@id\":\"https:\/\/www.welovecycling.com\/ee\/#\/schema\/person\/8b7101c4bd1b1ae9d3732ebb1e6caf57\",\"name\":\"andre\",\"image\":{\"@type\":\"ImageObject\",\"inLanguage\":\"et\",\"@id\":\"https:\/\/www.welovecycling.com\/ee\/#\/schema\/person\/image\/\",\"url\":\"https:\/\/secure.gravatar.com\/avatar\/0656b3224fe17b018f43b8a562625dd43d30827f027b2f62bc5a05711fec9a61?s=96&d=mm&r=g\",\"contentUrl\":\"https:\/\/secure.gravatar.com\/avatar\/0656b3224fe17b018f43b8a562625dd43d30827f027b2f62bc5a05711fec9a61?s=96&d=mm&r=g\",\"caption\":\"andre\"},\"url\":\"https:\/\/www.welovecycling.com\/ee\/author\/andre\/\"}]}<\/script>\n<!-- \/ Yoast SEO Premium plugin. -->","yoast_head_json":{"title":"23. Rakke \u0160koda Laagri (SKO Motors) rattamaraton 2023 - j\u00e4relvaade - \u0160koda We Love Cycling - Estonia","description":"30.07.23 toimus Bosch Eesti Maastikurattasarja etapp Rakkes. \u00dchtlasi oli see ka \u0160koda Laagri (SKO Motors) spetsiaaletapp.Sko Motors ja We Love Cycling olid kohal m\u00f5nusa \u0160koda\/WLC alaga, kus sai tutvuda uusimate \u0160koda mudelitega, soetada endale kvalitetseid \u0160koda rattariideid ja tarvikuid ning lihtsalt m\u00f5nusalt aega veeta.","robots":{"index":"index","follow":"follow","max-snippet":"max-snippet:-1","max-image-preview":"max-image-preview:large","max-video-preview":"max-video-preview:-1"},"canonical":"https:\/\/www.welovecycling.com\/ee\/2023\/08\/01\/23-rakke-skoda-laagri-sko-motors-rattamaraton\/","og_locale":"et_EE","og_type":"article","og_title":"23. Rakke \u0160koda Laagri (SKO Motors) rattamaraton 2023 - j\u00e4relvaade","og_description":"30.07.23 toimus Bosch Eesti Maastikurattasarja etapp Rakkes. \u00dchtlasi oli see ka \u0160koda Laagri (SKO Motors) spetsiaaletapp.Sko Motors ja We Love Cycling olid kohal m\u00f5nusa \u0160koda\/WLC alaga, kus sai tutvuda uusimate \u0160koda mudelitega, soetada endale kvalitetseid \u0160koda rattariideid ja tarvikuid ning lihtsalt m\u00f5nusalt aega veeta.","og_url":"https:\/\/www.welovecycling.com\/ee\/2023\/08\/01\/23-rakke-skoda-laagri-sko-motors-rattamaraton\/","og_site_name":"\u0160koda We Love Cycling - Estonia","article_published_time":"2023-08-01T10:44:18+00:00","article_modified_time":"2023-08-09T15:21:37+00:00","og_image":[{"width":800,"height":533,"url":"https:\/\/d2p6e6u75xmxt8.cloudfront.net\/15\/2023\/08\/53085935259_8244d9dbe1_c.webp","type":"image\/webp"}],"author":"andre","twitter_card":"summary_large_image","twitter_misc":{"Written by":"Andre Kull","Est. reading time":"2"},"schema":{"@context":"https:\/\/schema.org","@graph":[{"@type":"WebPage","@id":"https:\/\/www.welovecycling.com\/ee\/2023\/08\/01\/23-rakke-skoda-laagri-sko-motors-rattamaraton\/","url":"https:\/\/www.welovecycling.com\/ee\/2023\/08\/01\/23-rakke-skoda-laagri-sko-motors-rattamaraton\/","name":"23. Rakke \u0160koda Laagri (SKO Motors) rattamaraton 2023 - j\u00e4relvaade - \u0160koda We Love Cycling - Estonia","isPartOf":{"@id":"https:\/\/www.welovecycling.com\/ee\/#website"},"primaryImageOfPage":{"@id":"https:\/\/www.welovecycling.com\/ee\/2023\/08\/01\/23-rakke-skoda-laagri-sko-motors-rattamaraton\/#primaryimage"},"image":{"@id":"https:\/\/www.welovecycling.com\/ee\/2023\/08\/01\/23-rakke-skoda-laagri-sko-motors-rattamaraton\/#primaryimage"},"thumbnailUrl":"https:\/\/d2p6e6u75xmxt8.cloudfront.net\/15\/2023\/08\/53085935259_8244d9dbe1_c.webp","datePublished":"2023-08-01T10:44:18+00:00","dateModified":"2023-08-09T15:21:37+00:00","author":{"@id":"https:\/\/www.welovecycling.com\/ee\/#\/schema\/person\/8b7101c4bd1b1ae9d3732ebb1e6caf57"},"description":"30.07.23 toimus Bosch Eesti Maastikurattasarja etapp Rakkes. \u00dchtlasi oli see ka \u0160koda Laagri (SKO Motors) spetsiaaletapp.Sko Motors ja We Love Cycling olid kohal m\u00f5nusa \u0160koda\/WLC alaga, kus sai tutvuda uusimate \u0160koda mudelitega, soetada endale kvalitetseid \u0160koda rattariideid ja tarvikuid ning lihtsalt m\u00f5nusalt aega veeta.","inLanguage":"et","potentialAction":[{"@type":"ReadAction","target":["https:\/\/www.welovecycling.com\/ee\/2023\/08\/01\/23-rakke-skoda-laagri-sko-motors-rattamaraton\/"]}]},{"@type":"ImageObject","inLanguage":"et","@id":"https:\/\/www.welovecycling.com\/ee\/2023\/08\/01\/23-rakke-skoda-laagri-sko-motors-rattamaraton\/#primaryimage","url":"https:\/\/d2p6e6u75xmxt8.cloudfront.net\/15\/2023\/08\/53085935259_8244d9dbe1_c.webp","contentUrl":"https:\/\/d2p6e6u75xmxt8.cloudfront.net\/15\/2023\/08\/53085935259_8244d9dbe1_c.webp","width":800,"height":533},{"@type":"WebSite","@id":"https:\/\/www.welovecycling.com\/ee\/#website","url":"https:\/\/www.welovecycling.com\/ee\/","name":"\u0160koda We Love Cycling - Estonia","description":"","potentialAction":[{"@type":"SearchAction","target":{"@type":"EntryPoint","urlTemplate":"https:\/\/www.welovecycling.com\/ee\/?s={search_term_string}"},"query-input":{"@type":"PropertyValueSpecification","valueRequired":true,"valueName":"search_term_string"}}],"inLanguage":"et"},{"@type":"Person","@id":"https:\/\/www.welovecycling.com\/ee\/#\/schema\/person\/8b7101c4bd1b1ae9d3732ebb1e6caf57","name":"andre","image":{"@type":"ImageObject","inLanguage":"et","@id":"https:\/\/www.welovecycling.com\/ee\/#\/schema\/person\/image\/","url":"https:\/\/secure.gravatar.com\/avatar\/0656b3224fe17b018f43b8a562625dd43d30827f027b2f62bc5a05711fec9a61?s=96&d=mm&r=g","contentUrl":"https:\/\/secure.gravatar.com\/avatar\/0656b3224fe17b018f43b8a562625dd43d30827f027b2f62bc5a05711fec9a61?s=96&d=mm&r=g","caption":"andre"},"url":"https:\/\/www.welovecycling.com\/ee\/author\/andre\/"}]}},"_links":{"self":[{"href":"https:\/\/www.welovecycling.com\/ee\/wp-json\/wp\/v2\/posts\/1181","targetHints":{"allow":["GET"]}}],"collection":[{"href":"https:\/\/www.welovecycling.com\/ee\/wp-json\/wp\/v2\/posts"}],"about":[{"href":"https:\/\/www.welovecycling.com\/ee\/wp-json\/wp\/v2\/types\/post"}],"author":[{"embeddable":true,"href":"https:\/\/www.welovecycling.com\/ee\/wp-json\/wp\/v2\/users\/174"}],"replies":[{"embeddable":true,"href":"https:\/\/www.welovecycling.com\/ee\/wp-json\/wp\/v2\/comments?post=1181"}],"version-history":[{"count":9,"href":"https:\/\/www.welovecycling.com\/ee\/wp-json\/wp\/v2\/posts\/1181\/revisions"}],"predecessor-version":[{"id":1230,"href":"https:\/\/www.welovecycling.com\/ee\/wp-json\/wp\/v2\/posts\/1181\/revisions\/1230"}],"wp:featuredmedia":[{"embeddable":true,"href":"https:\/\/www.welovecycling.com\/ee\/wp-json\/wp\/v2\/media\/1195"}],"wp:attachment":[{"href":"https:\/\/www.welovecycling.com\/ee\/wp-json\/wp\/v2\/media?parent=1181"}],"wp:term":[{"taxonomy":"category","embeddable":true,"href":"https:\/\/www.welovecycling.com\/ee\/wp-json\/wp\/v2\/categories?post=1181"},{"taxonomy":"post_tag","embeddable":true,"href":"https:\/\/www.welovecycling.com\/ee\/wp-json\/wp\/v2\/tags?post=1181"},{"taxonomy":"global-categories","embeddable":true,"href":"https:\/\/www.welovecycling.com\/ee\/wp-json\/wp\/v2\/global-categories?post=1181"}],"curies":[{"name":"wp","href":"https:\/\/api.w.org\/{rel}","templated":true}]}}