{"id":1166,"date":"2023-07-27T12:48:01","date_gmt":"2023-07-27T12:48:01","guid":{"rendered":"https:\/\/www.welovecycling.com\/ee\/?p=1166"},"modified":"2023-07-27T12:49:45","modified_gmt":"2023-07-27T12:49:45","slug":"23-skoda-laagri-sko-motors-rakke-rattamaraton","status":"publish","type":"post","link":"https:\/\/www.welovecycling.com\/ee\/2023\/07\/27\/23-skoda-laagri-sko-motors-rakke-rattamaraton\/","title":{"rendered":"23. \u0160koda Laagri (SKO Motors) Rakke Rattamaraton"},"content":{"rendered":"<div>\n<div class=\"\" dir=\"auto\">\n<div id=\":r6i:\" class=\"x1iorvi4 x1pi30zi x1l90r2v x1swvt13\" data-ad-comet-preview=\"message\" data-ad-preview=\"message\">\n<div class=\"x78zum5 xdt5ytf xz62fqu x16ldp7u\">\n<div class=\"xu06os2 x1ok221b\">\n<div class=\"xdj266r x11i5rnm xat24cr x1mh8g0r x1vvkbs x126k92a\">\n<h2 dir=\"auto\">Juba sellel p\u00fchap\u00e4eval, 30.07.23 j\u00e4tkub <a class=\"x1i10hfl xjbqb8w x6umtig x1b1mbwd xaqea5y xav7gou x9f619 x1ypdohk xt0psk2 xe8uvvx xdj266r x11i5rnm xat24cr x1mh8g0r xexx8yu x4uap5 x18d9i69 xkhd6sd x16tdsg8 x1hl2dhg xggy1nq x1a2a7pz xt0b8zv x1qq9wsj xo1l8bm\" tabindex=\"0\" role=\"link\" href=\"https:\/\/www.facebook.com\/rattamaratonid.ee?__cft__[0]=AZV5_8Iy0K2nFS_fHUyplgqpLb3Dz2GK2oWdVJBVg4IwRIjt4OJp4RFziKIRZJmyto8HhnyvEJHhBYnDeD0zvmIiIM4cAbpXa8b6zURL6VCmGdDmVOb9wdkm17kO6v7pBHSvVRftwFAjJ4Bl6grZfqEd&amp;__tn__=-]K-R\"><span class=\"xt0psk2\">Bosch Eesti Maastikurattasari<\/span><\/a> ja leiab aset 23. <a class=\"x1i10hfl xjbqb8w x6umtig x1b1mbwd xaqea5y xav7gou x9f619 x1ypdohk xt0psk2 xe8uvvx xdj266r x11i5rnm xat24cr x1mh8g0r xexx8yu x4uap5 x18d9i69 xkhd6sd x16tdsg8 x1hl2dhg xggy1nq x1a2a7pz xt0b8zv x1qq9wsj xo1l8bm\" tabindex=\"0\" role=\"link\" href=\"https:\/\/www.facebook.com\/skodalaagri?__cft__[0]=AZV5_8Iy0K2nFS_fHUyplgqpLb3Dz2GK2oWdVJBVg4IwRIjt4OJp4RFziKIRZJmyto8HhnyvEJHhBYnDeD0zvmIiIM4cAbpXa8b6zURL6VCmGdDmVOb9wdkm17kO6v7pBHSvVRftwFAjJ4Bl6grZfqEd&amp;__tn__=-]K-R\"><span class=\"xt0psk2\">\u0160KODA Laagri<\/span><\/a> (SKO Motors) Rakke Rattamaraton. Seekord tuleb see eriline &#8211; mis t\u00e4psemlt toimub?<\/h2>\n<div dir=\"auto\">OLULISED PUNKTID \u0160KODA LAAGRI 23. RAKKE RATTAMARATONI RAJAL<\/div>\n<ul>\n<li>Nii 48km P\u00f5his\u00f5idu kui ka 17km poolmaratoni v\u00f5istlusrada Rakke linnam\u00e4e staadionil \u00fcmbruses on muutunud. Viimane kilomeeter peaks olema v\u00f5istluskeskusest h\u00e4sti j\u00e4lgitav.<\/li>\n<li><span class=\"x3nfvp2 x1j61x8r x1fcty0u xdj266r xhhsvwb xat24cr xgzva0m xxymvpz xlup9mm x1kky2od\">Rakkes on Metsahakke vahefini\u0161 Emum\u00e4el 20. kilomeetril. Seal jagatakse esimestele nagu ikka punkte ja fikseeritakse k\u00f5igi vaheaeg ning koht.<\/span><\/li>\n<li>6km enne raja l\u00f5ppu on <a href=\"https:\/\/www.welovecycling.com\/ee\/\">We Love Cycling Estonia<\/a> vaheajapunkt. Seal fikseeritakse nii poolmaratoni kui p\u00f5his\u00f5idu s\u00f5itjate hetke koht.<\/li>\n<li>Ekraanil n\u00e4ed oma aega ja kohta ning \u0160koda <a href=\"https:\/\/www.welovecycling.com\/ee\/\">We Love Cycling<\/a> poolt on loosiauhinnad poolmaratoni 20. kohale ja P\u00f5his\u00f5idu 220. kohale(Sest 20 aastat on kestnud koost\u00f6\u00f6d \u0160koda ja Tour de France vahel. Vaheajapunktis on muusika, kommentaator ja Tour de France\u00b4i v\u00e4rvides \u0160koda Enyaq IV, mille taustal fotograaf teist pilti teeb.<\/li>\n<li>Stardialas on <a href=\"https:\/\/www.welovecycling.com\/ee\/\">\u0160koda We Love Cyclingu<\/a> telgid, kus saab enne v\u00f5i p\u00e4rast pingutust veidi puhata ja juttu ajada.<\/li>\n<li>Lisaks on igale poolmaratonil osalejale v\u00e4ike kingitus \u0160koda We Love Cyclingu poolt.<\/li>\n<li>\u0160koda tunnustab ka k\u00f5ike poodiumile astujaid teemakohaste auhindadega.<\/li>\n<\/ul>\n<div dir=\"auto\"><\/div>\n<\/div>\n<\/div>\n<\/div>\n<\/div>\n<\/div>\n<div id=\":r6j:\" class=\"x1n2onr6\">\n<div class=\"x1n2onr6\">\n<div class=\"x6s0dn4 x1jx94hy x78zum5 xdt5ytf x6ikm8r x10wlt62 x1n2onr6 xh8yej3\">\n<div>\n<div class=\"xqtp20y x6ikm8r x10wlt62 x1n2onr6\">\n<div class=\"x10l6tqk x13vifvy\"><img loading=\"lazy\" decoding=\"async\" class=\"x1ey2m1c xds687c x5yr21d x10l6tqk x17qophe x13vifvy xh8yej3 xl1xv1r\" src=\"https:\/\/scontent-arn2-1.xx.fbcdn.net\/v\/t39.30808-6\/363360863_230895739907000_3021653026741463829_n.jpg?_nc_cat=110&amp;cb=99be929b-3346023f&amp;ccb=1-7&amp;_nc_sid=730e14&amp;_nc_ohc=UhasheGskzYAX-c___z&amp;_nc_ht=scontent-arn2-1.xx&amp;oh=00_AfAM3581usIa3NcMJxUsdnRojjLjnuyIMmZDx-9wJzoBDA&amp;oe=64C6E8E7\" alt=\"V\u00f5ib olla pilt j\u00e4rgmisest: auto ja tekst\" width=\"513\" height=\"640\" \/><\/div>\n<div>Kohtume 30.07.23 Rakke staadionil!<\/div>\n<\/div>\n<\/div>\n<\/div>\n<div class=\"x1o1ewxj x3x9cwd x1e5q0jg x13rtm0m x1ey2m1c xds687c xg01cxk x47corl x10l6tqk x17qophe x13vifvy x1ebt8du x19991ni x1dhq9h\" data-visualcompletion=\"ignore\"><\/div>\n<\/div>\n<\/div>\n<\/div>\n<div>\n<div class=\"x168nmei x13lgxp2 x30kzoy x9jhf4c x6ikm8r x10wlt62\" data-visualcompletion=\"ignore-dynamic\">\n<div>\n<div>\n<div>\n<div class=\"x1n2onr6\">\n<div class=\"x6s0dn4 xi81zsa x78zum5 x6prxxf x13a6bvl xvq8zen xdj266r xktsk01 xat24cr x1d52u69 x889kno x4uap5 x1a8lsjc xkhd6sd xdppsyt\">\n<div class=\"x6s0dn4 x78zum5 x1iyjqo2 x6ikm8r x10wlt62\">\n<div class=\"\">\n<div class=\"x1i10hfl xjbqb8w x6umtig x1b1mbwd xaqea5y xav7gou x9f619 x1ypdohk xe8uvvx xdj266r x11i5rnm xat24cr x1mh8g0r xexx8yu x4uap5 x18d9i69 xkhd6sd x16tdsg8 x1hl2dhg xggy1nq x1o1ewxj x3x9cwd x1e5q0jg x13rtm0m x1n2onr6 x87ps6o x1lku1pv x1a2a7pz x1heor9g xnl1qt8 x6ikm8r x10wlt62 x1vjfegm x1lliihq\" tabindex=\"0\" role=\"button\"><\/div>\n<\/div>\n<\/div>\n<div class=\"x1c4vz4f x2lah0s xci0xqf\"><\/div>\n<div class=\"x9f619 x1n2onr6 x1ja2u2z x78zum5 x2lah0s x1qughib x1qjc9v5 xozqiw3 x1q0g3np xykv574 xbmpl8g x4cne27 xifccgj\"><\/div>\n<\/div>\n<\/div>\n<\/div>\n<\/div>\n<\/div>\n<\/div>\n<\/div>\n","protected":false},"excerpt":{"rendered":"<p>Juba sellel p\u00fchap\u00e4eval, 30.07.23 j\u00e4tkub Bosch Eesti Maastikurattasari ja leiab aset 23. \u0160KODA Laagri (SKO Motors) Rakke Rattamaraton. Seekord tuleb [&hellip;]<\/p>\n","protected":false},"author":174,"featured_media":1172,"comment_status":"open","ping_status":"open","sticky":false,"template":"","format":"standard","meta":{"footnotes":""},"categories":[13],"tags":[133,134,135],"global-categories":[22],"class_list":["post-1166","post","type-post","status-publish","format-standard","has-post-thumbnail","hentry","category-blogi","tag-bosch-eesti-maastikurattasari","tag-rakke-rattamaraton","tag-skoda","global-categories-cycling"],"yoast_head":"<!-- This site is optimized with the Yoast SEO Premium plugin v25.3 (Yoast SEO v25.9) - https:\/\/yoast.com\/wordpress\/plugins\/seo\/ -->\n<title>23. \u0160koda Laagri (SKO Motors) Rakke Rattamaraton - \u0160koda We Love Cycling - Estonia<\/title>\n<meta name=\"description\" content=\"Juba sellel p\u00fchap\u00e4eval, 30.07.23 j\u00e4tkub Bosch Eesti Maastikurattasari ja leiab aset 23. \u0160KODA Laagri (SKO Motors) Rakke Rattamaraton. Seekord tuleb see eriline - mis t\u00e4psemlt toimub?\" \/>\n<meta name=\"robots\" content=\"index, follow, max-snippet:-1, max-image-preview:large, max-video-preview:-1\" \/>\n<link rel=\"canonical\" href=\"https:\/\/www.welovecycling.com\/ee\/2023\/07\/27\/23-skoda-laagri-sko-motors-rakke-rattamaraton\/\" \/>\n<meta property=\"og:locale\" content=\"et_EE\" \/>\n<meta property=\"og:type\" content=\"article\" \/>\n<meta property=\"og:title\" content=\"23. \u0160koda Laagri (SKO Motors) Rakke Rattamaraton\" \/>\n<meta property=\"og:description\" content=\"Juba sellel p\u00fchap\u00e4eval, 30.07.23 j\u00e4tkub Bosch Eesti Maastikurattasari ja leiab aset 23. \u0160KODA Laagri (SKO Motors) Rakke Rattamaraton. Seekord tuleb see eriline - mis t\u00e4psemlt toimub?\" \/>\n<meta property=\"og:url\" content=\"https:\/\/www.welovecycling.com\/ee\/2023\/07\/27\/23-skoda-laagri-sko-motors-rakke-rattamaraton\/\" \/>\n<meta property=\"og:site_name\" content=\"\u0160koda We Love Cycling - Estonia\" \/>\n<meta property=\"article:published_time\" content=\"2023-07-27T12:48:01+00:00\" \/>\n<meta property=\"article:modified_time\" content=\"2023-07-27T12:49:45+00:00\" \/>\n<meta property=\"og:image\" content=\"https:\/\/d2p6e6u75xmxt8.cloudfront.net\/15\/2023\/07\/356198694_859280912230292_5149053337094647678_n.webp\" \/>\n\t<meta property=\"og:image:width\" content=\"799\" \/>\n\t<meta property=\"og:image:height\" content=\"532\" \/>\n\t<meta property=\"og:image:type\" content=\"image\/webp\" \/>\n<meta name=\"author\" content=\"andre\" \/>\n<meta name=\"twitter:card\" content=\"summary_large_image\" \/>\n<meta name=\"twitter:label1\" content=\"Written by\" \/>\n\t<meta name=\"twitter:data1\" content=\"Andre Kull\" \/>\n\t<meta name=\"twitter:label2\" content=\"Est. reading time\" \/>\n\t<meta name=\"twitter:data2\" content=\"2\" \/>\n<script type=\"application\/ld+json\" class=\"yoast-schema-graph\">{\"@context\":\"https:\/\/schema.org\",\"@graph\":[{\"@type\":\"WebPage\",\"@id\":\"https:\/\/www.welovecycling.com\/ee\/2023\/07\/27\/23-skoda-laagri-sko-motors-rakke-rattamaraton\/\",\"url\":\"https:\/\/www.welovecycling.com\/ee\/2023\/07\/27\/23-skoda-laagri-sko-motors-rakke-rattamaraton\/\",\"name\":\"23. \u0160koda Laagri (SKO Motors) Rakke Rattamaraton - \u0160koda We Love Cycling - Estonia\",\"isPartOf\":{\"@id\":\"https:\/\/www.welovecycling.com\/ee\/#website\"},\"primaryImageOfPage\":{\"@id\":\"https:\/\/www.welovecycling.com\/ee\/2023\/07\/27\/23-skoda-laagri-sko-motors-rakke-rattamaraton\/#primaryimage\"},\"image\":{\"@id\":\"https:\/\/www.welovecycling.com\/ee\/2023\/07\/27\/23-skoda-laagri-sko-motors-rakke-rattamaraton\/#primaryimage\"},\"thumbnailUrl\":\"https:\/\/d2p6e6u75xmxt8.cloudfront.net\/15\/2023\/07\/356198694_859280912230292_5149053337094647678_n.webp\",\"datePublished\":\"2023-07-27T12:48:01+00:00\",\"dateModified\":\"2023-07-27T12:49:45+00:00\",\"author\":{\"@id\":\"https:\/\/www.welovecycling.com\/ee\/#\/schema\/person\/8b7101c4bd1b1ae9d3732ebb1e6caf57\"},\"description\":\"Juba sellel p\u00fchap\u00e4eval, 30.07.23 j\u00e4tkub Bosch Eesti Maastikurattasari ja leiab aset 23. \u0160KODA Laagri (SKO Motors) Rakke Rattamaraton. Seekord tuleb see eriline - mis t\u00e4psemlt toimub?\",\"inLanguage\":\"et\",\"potentialAction\":[{\"@type\":\"ReadAction\",\"target\":[\"https:\/\/www.welovecycling.com\/ee\/2023\/07\/27\/23-skoda-laagri-sko-motors-rakke-rattamaraton\/\"]}]},{\"@type\":\"ImageObject\",\"inLanguage\":\"et\",\"@id\":\"https:\/\/www.welovecycling.com\/ee\/2023\/07\/27\/23-skoda-laagri-sko-motors-rakke-rattamaraton\/#primaryimage\",\"url\":\"https:\/\/d2p6e6u75xmxt8.cloudfront.net\/15\/2023\/07\/356198694_859280912230292_5149053337094647678_n.webp\",\"contentUrl\":\"https:\/\/d2p6e6u75xmxt8.cloudfront.net\/15\/2023\/07\/356198694_859280912230292_5149053337094647678_n.webp\",\"width\":799,\"height\":532},{\"@type\":\"WebSite\",\"@id\":\"https:\/\/www.welovecycling.com\/ee\/#website\",\"url\":\"https:\/\/www.welovecycling.com\/ee\/\",\"name\":\"\u0160koda We Love Cycling - Estonia\",\"description\":\"\",\"potentialAction\":[{\"@type\":\"SearchAction\",\"target\":{\"@type\":\"EntryPoint\",\"urlTemplate\":\"https:\/\/www.welovecycling.com\/ee\/?s={search_term_string}\"},\"query-input\":{\"@type\":\"PropertyValueSpecification\",\"valueRequired\":true,\"valueName\":\"search_term_string\"}}],\"inLanguage\":\"et\"},{\"@type\":\"Person\",\"@id\":\"https:\/\/www.welovecycling.com\/ee\/#\/schema\/person\/8b7101c4bd1b1ae9d3732ebb1e6caf57\",\"name\":\"andre\",\"image\":{\"@type\":\"ImageObject\",\"inLanguage\":\"et\",\"@id\":\"https:\/\/www.welovecycling.com\/ee\/#\/schema\/person\/image\/\",\"url\":\"https:\/\/secure.gravatar.com\/avatar\/0656b3224fe17b018f43b8a562625dd43d30827f027b2f62bc5a05711fec9a61?s=96&d=mm&r=g\",\"contentUrl\":\"https:\/\/secure.gravatar.com\/avatar\/0656b3224fe17b018f43b8a562625dd43d30827f027b2f62bc5a05711fec9a61?s=96&d=mm&r=g\",\"caption\":\"andre\"},\"url\":\"https:\/\/www.welovecycling.com\/ee\/author\/andre\/\"}]}<\/script>\n<!-- \/ Yoast SEO Premium plugin. -->","yoast_head_json":{"title":"23. \u0160koda Laagri (SKO Motors) Rakke Rattamaraton - \u0160koda We Love Cycling - Estonia","description":"Juba sellel p\u00fchap\u00e4eval, 30.07.23 j\u00e4tkub Bosch Eesti Maastikurattasari ja leiab aset 23. \u0160KODA Laagri (SKO Motors) Rakke Rattamaraton. Seekord tuleb see eriline - mis t\u00e4psemlt toimub?","robots":{"index":"index","follow":"follow","max-snippet":"max-snippet:-1","max-image-preview":"max-image-preview:large","max-video-preview":"max-video-preview:-1"},"canonical":"https:\/\/www.welovecycling.com\/ee\/2023\/07\/27\/23-skoda-laagri-sko-motors-rakke-rattamaraton\/","og_locale":"et_EE","og_type":"article","og_title":"23. \u0160koda Laagri (SKO Motors) Rakke Rattamaraton","og_description":"Juba sellel p\u00fchap\u00e4eval, 30.07.23 j\u00e4tkub Bosch Eesti Maastikurattasari ja leiab aset 23. \u0160KODA Laagri (SKO Motors) Rakke Rattamaraton. Seekord tuleb see eriline - mis t\u00e4psemlt toimub?","og_url":"https:\/\/www.welovecycling.com\/ee\/2023\/07\/27\/23-skoda-laagri-sko-motors-rakke-rattamaraton\/","og_site_name":"\u0160koda We Love Cycling - Estonia","article_published_time":"2023-07-27T12:48:01+00:00","article_modified_time":"2023-07-27T12:49:45+00:00","og_image":[{"width":799,"height":532,"url":"https:\/\/d2p6e6u75xmxt8.cloudfront.net\/15\/2023\/07\/356198694_859280912230292_5149053337094647678_n.webp","type":"image\/webp"}],"author":"andre","twitter_card":"summary_large_image","twitter_misc":{"Written by":"Andre Kull","Est. reading time":"2"},"schema":{"@context":"https:\/\/schema.org","@graph":[{"@type":"WebPage","@id":"https:\/\/www.welovecycling.com\/ee\/2023\/07\/27\/23-skoda-laagri-sko-motors-rakke-rattamaraton\/","url":"https:\/\/www.welovecycling.com\/ee\/2023\/07\/27\/23-skoda-laagri-sko-motors-rakke-rattamaraton\/","name":"23. \u0160koda Laagri (SKO Motors) Rakke Rattamaraton - \u0160koda We Love Cycling - Estonia","isPartOf":{"@id":"https:\/\/www.welovecycling.com\/ee\/#website"},"primaryImageOfPage":{"@id":"https:\/\/www.welovecycling.com\/ee\/2023\/07\/27\/23-skoda-laagri-sko-motors-rakke-rattamaraton\/#primaryimage"},"image":{"@id":"https:\/\/www.welovecycling.com\/ee\/2023\/07\/27\/23-skoda-laagri-sko-motors-rakke-rattamaraton\/#primaryimage"},"thumbnailUrl":"https:\/\/d2p6e6u75xmxt8.cloudfront.net\/15\/2023\/07\/356198694_859280912230292_5149053337094647678_n.webp","datePublished":"2023-07-27T12:48:01+00:00","dateModified":"2023-07-27T12:49:45+00:00","author":{"@id":"https:\/\/www.welovecycling.com\/ee\/#\/schema\/person\/8b7101c4bd1b1ae9d3732ebb1e6caf57"},"description":"Juba sellel p\u00fchap\u00e4eval, 30.07.23 j\u00e4tkub Bosch Eesti Maastikurattasari ja leiab aset 23. \u0160KODA Laagri (SKO Motors) Rakke Rattamaraton. Seekord tuleb see eriline - mis t\u00e4psemlt toimub?","inLanguage":"et","potentialAction":[{"@type":"ReadAction","target":["https:\/\/www.welovecycling.com\/ee\/2023\/07\/27\/23-skoda-laagri-sko-motors-rakke-rattamaraton\/"]}]},{"@type":"ImageObject","inLanguage":"et","@id":"https:\/\/www.welovecycling.com\/ee\/2023\/07\/27\/23-skoda-laagri-sko-motors-rakke-rattamaraton\/#primaryimage","url":"https:\/\/d2p6e6u75xmxt8.cloudfront.net\/15\/2023\/07\/356198694_859280912230292_5149053337094647678_n.webp","contentUrl":"https:\/\/d2p6e6u75xmxt8.cloudfront.net\/15\/2023\/07\/356198694_859280912230292_5149053337094647678_n.webp","width":799,"height":532},{"@type":"WebSite","@id":"https:\/\/www.welovecycling.com\/ee\/#website","url":"https:\/\/www.welovecycling.com\/ee\/","name":"\u0160koda We Love Cycling - Estonia","description":"","potentialAction":[{"@type":"SearchAction","target":{"@type":"EntryPoint","urlTemplate":"https:\/\/www.welovecycling.com\/ee\/?s={search_term_string}"},"query-input":{"@type":"PropertyValueSpecification","valueRequired":true,"valueName":"search_term_string"}}],"inLanguage":"et"},{"@type":"Person","@id":"https:\/\/www.welovecycling.com\/ee\/#\/schema\/person\/8b7101c4bd1b1ae9d3732ebb1e6caf57","name":"andre","image":{"@type":"ImageObject","inLanguage":"et","@id":"https:\/\/www.welovecycling.com\/ee\/#\/schema\/person\/image\/","url":"https:\/\/secure.gravatar.com\/avatar\/0656b3224fe17b018f43b8a562625dd43d30827f027b2f62bc5a05711fec9a61?s=96&d=mm&r=g","contentUrl":"https:\/\/secure.gravatar.com\/avatar\/0656b3224fe17b018f43b8a562625dd43d30827f027b2f62bc5a05711fec9a61?s=96&d=mm&r=g","caption":"andre"},"url":"https:\/\/www.welovecycling.com\/ee\/author\/andre\/"}]}},"_links":{"self":[{"href":"https:\/\/www.welovecycling.com\/ee\/wp-json\/wp\/v2\/posts\/1166","targetHints":{"allow":["GET"]}}],"collection":[{"href":"https:\/\/www.welovecycling.com\/ee\/wp-json\/wp\/v2\/posts"}],"about":[{"href":"https:\/\/www.welovecycling.com\/ee\/wp-json\/wp\/v2\/types\/post"}],"author":[{"embeddable":true,"href":"https:\/\/www.welovecycling.com\/ee\/wp-json\/wp\/v2\/users\/174"}],"replies":[{"embeddable":true,"href":"https:\/\/www.welovecycling.com\/ee\/wp-json\/wp\/v2\/comments?post=1166"}],"version-history":[{"count":8,"href":"https:\/\/www.welovecycling.com\/ee\/wp-json\/wp\/v2\/posts\/1166\/revisions"}],"predecessor-version":[{"id":1175,"href":"https:\/\/www.welovecycling.com\/ee\/wp-json\/wp\/v2\/posts\/1166\/revisions\/1175"}],"wp:featuredmedia":[{"embeddable":true,"href":"https:\/\/www.welovecycling.com\/ee\/wp-json\/wp\/v2\/media\/1172"}],"wp:attachment":[{"href":"https:\/\/www.welovecycling.com\/ee\/wp-json\/wp\/v2\/media?parent=1166"}],"wp:term":[{"taxonomy":"category","embeddable":true,"href":"https:\/\/www.welovecycling.com\/ee\/wp-json\/wp\/v2\/categories?post=1166"},{"taxonomy":"post_tag","embeddable":true,"href":"https:\/\/www.welovecycling.com\/ee\/wp-json\/wp\/v2\/tags?post=1166"},{"taxonomy":"global-categories","embeddable":true,"href":"https:\/\/www.welovecycling.com\/ee\/wp-json\/wp\/v2\/global-categories?post=1166"}],"curies":[{"name":"wp","href":"https:\/\/api.w.org\/{rel}","templated":true}]}}