{"id":1160,"date":"2023-07-26T08:36:15","date_gmt":"2023-07-26T08:36:15","guid":{"rendered":"https:\/\/www.welovecycling.com\/ee\/?p=1160"},"modified":"2023-07-26T08:36:15","modified_gmt":"2023-07-26T08:36:15","slug":"2023-aasta-touri-kokkuvote-juba-toimusmisajal-legendaarne","status":"publish","type":"post","link":"https:\/\/www.welovecycling.com\/ee\/2023\/07\/26\/2023-aasta-touri-kokkuvote-juba-toimusmisajal-legendaarne\/","title":{"rendered":"2023 aasta Touri kokkuv\u00f5te: juba toimusmisajal legendaarne"},"content":{"rendered":"<h2>Minu lemmikmoment sel m\u00e4rkimisv\u00e4\u00e4rsel Touril, mis sisaldas rohkem m\u00e4lestusv\u00e4\u00e4rseid hetki kui kaksk\u00fcmmend p\u00e4eva mesin\u00e4dalaid, oli Matej Mohori\u010di reaktsioon oma v\u00f5idule 19. etapil ning sellele j\u00e4rgnenud \u00e4\u00e4rmiselt kirglik intervjuu. Mohori\u010di tiimi Bahrain Victorious esinemist Touril varjutas nende populaarse ratturi Gino M\u00e4deri surm \u0160veitsi velotuuril, kuid meeskond austas tema m\u00e4lestust kolme etapiv\u00f5iduga, millest \u00fche t\u00f5i just 28-aastane sloveen.<\/h2>\n<p>P\u00e4rast 172,8 kilomeetri pikkuse 19. etapi viimasel kahek\u00fcmnel kilomeetril toimunud arvukaid meeletuid lahtirebimiskatseid leidis Mohori\u010d end fini\u0161i poole spurtimas koos Ben O\u2019Connori (AG2R Citro\u00ebn) ja Kaspar Asgreeniga (Soudal Quick-Step) \u2013 viimane oli eelmise etapi v\u00f5itnud just samasuguses kolme mehe vahelises sprindis. Mohori\u010d ja Asgreen \u00fcletasidki fini\u0161ijoone korraga ja kuni fotofini\u0161it anal\u00fc\u00fcsiti, istus sloveen kannatlikult maas. Kui ta l\u00f5puks kahesentimeetrise eduga v\u00f5itjaks kuulutati, kargas Mohori\u010d r\u00f5\u00f5mur\u00f6\u00f6gatuse saatel \u00f5hku, kuid hakkas seej\u00e4rel nutma \u2013 kergendustundest, kurnatusest ja nagu ta peagi ise selgitas, ka k\u00f5ikv\u00f5imalike muude emotsioonide tulvast.<\/p>\n<p>J\u00e4rgnenud intervjuus kirjeldas Mohori\u010d \u2013 sageli s\u00fcdantl\u00f5hestaval moel \u2013 elu nii Tour de France\u2019il ratturina kui ka taustaj\u00f5udude liikmena. \u201eSee v\u00f5it t\u00e4hendab mulle palju, sest professionaalse ratturi amet on raske ja karm. Ettevalmistus paneb sind kannatama. Sa ohverdad oma elu, oma pere ja teed k\u00f5ik v\u00f5imaliku, et siia j\u00f5udes valmis olla. Ja m\u00f5ne p\u00e4eva p\u00e4rast saad aru, kuidas siin on k\u00f5ik nii uskumatult tugevad, et m\u00f5nikord on isegi eess\u00f5itjal j\u00e4rel p\u00fcsida raske.\u201c N\u00fc\u00fcdseks kolmekordne Touri etapiv\u00f5itja l\u00f5petas intervjuu s\u00f5nadega: \u201eMa tean, kui palju v\u00f5it Tour de France\u2019il v\u00f5ib su elu muuta. Ma tahaksin, et iga\u00fcks saaks Tour de France\u2019il etapi v\u00f5ita, kuigi see pole kahjuks v\u00f5imalik. Ning see on karm.\u201c (Iga lugeja, kes armastab Tour de France\u2019i ja imetleb sealseid rattureid, peaks kogu intervjuud kuulama <a href=\"https:\/\/twitter.com\/LeTour\/status\/1682422045458550785?s=20\">siit<\/a>.)<\/p>\n<p><a href=\"https:\/\/d2p6e6u75xmxt8.cloudfront.net\/15\/2023\/07\/leg2.webp\"><img loading=\"lazy\" decoding=\"async\" class=\"alignnone size-full wp-image-1163\" src=\"https:\/\/d2p6e6u75xmxt8.cloudfront.net\/15\/2023\/07\/leg2.webp\" alt=\"\" width=\"931\" height=\"722\" srcset=\"https:\/\/d2p6e6u75xmxt8.cloudfront.net\/15\/2023\/07\/leg2.webp 931w, https:\/\/d2p6e6u75xmxt8.cloudfront.net\/15\/2023\/07\/leg2-300x233.webp 300w, https:\/\/d2p6e6u75xmxt8.cloudfront.net\/15\/2023\/07\/leg2-768x596.webp 768w, https:\/\/d2p6e6u75xmxt8.cloudfront.net\/15\/2023\/07\/leg2-400x310.webp 400w\" sizes=\"auto, (max-width: 931px) 100vw, 931px\" \/><\/a><\/p>\n<p>Minu teine lemmikmoment saabus 20. etapil. Prantslane Thibaud Pinot l\u00e4bis oma kodukandis oma viimast m\u00e4gietappi oma viimasel Tour de France\u2019il ning j\u00f5udis etapi eelviimase t\u00f5usu, Petit Balloni (pikkus 9,3 km, kalle 8,1%) tippu 20-sekundilise eduga j\u00e4litajate ees ja rohkem kui minut enne peagruppi. Rahva vaimustusm\u00f6irged, mis teda vastu v\u00f5tsid ja saatsid, t\u00f5id k\u00f5rvalseisjale kananaha ihule ning korvasid kindlasti kuhjaga fakti, et Pinot\u2019l ei \u00f5nnestunudki oma viimasel Touril \u00fchtki etappi v\u00f5ita.<\/p>\n<p>Niisugune oli Tour de France, mis selliseid momente s\u00fcnnitas ja \u00fchtlasi v\u00e4\u00e4ris. Seda v\u00f5istlust m\u00e4letatakse veel kaua tema intensiivsuse ning paljude \u00fcllatuste ja dramaatiliste ootamatuste, aga eelk\u00f5ige kompromissitu duelli p\u00e4rast, mille pidasid maha kaks \u00fclej\u00e4\u00e4nutest mitme pea jagu paremat ratturit. Esimese 15 etapi jooksul m\u00f5\u00f5deti vahet Jonas Vingegaardi (Jumbo-Visma) ja Tadej Poga\u010dari (UAE Team Emirates) vahel v\u00e4hestes sekundites, kuni taanlase etteaste 16. etapi tempos\u00f5idul \u00fcllatas teda ennastki. \u201eTundsin end t\u00e4na suurep\u00e4raselt,\u201c \u00fctles ta p\u00e4rast otsustavat v\u00f5itu, olles oma rivaali edestanud minuti ja 38 sekundiga. \u201eEi uskunud, et nii h\u00e4sti hakkama saan.\u201c<\/p>\n<p>L\u00f5pliku hoobi andis ta j\u00e4rgmisel, Touri kroonietapil ning just v\u00f5istluse k\u00f5ige r\u00e4ngemal, Col de la Loze\u2019i (28,1 km, 6%) t\u00f5usul. Sealsed n\u00f5lvad sobivad Vingegaardile, kuid mitte Poga\u010darile. 24-aastane sloveen murdus \u00fcllatavalt vara, kui t\u00f5usu oli j\u00e4\u00e4nud v\u00f5tta veel \u00fcle kaheksa kilomeetri. \u201eMa olen l\u00e4inud,\u201c teatas ta tiimile raadio teel. \u201eOlen surnud.\u201c K\u00f5ige rohkem \u00fcllatas see olukord Vingegaardi, kes muudkui vaatas allam\u00e4ge ega osanud nagu midagi ette v\u00f5tta. V\u00f5ib-olla arvas ta, et Poga\u010dar kukkus ja kaalus, et ehk peaks konkurenti j\u00e4rele ootama, nagu n\u00e4eb ette \u00fcldv\u00f5idu p\u00e4rast v\u00f5itlejate etikett. Aga ei, Poga\u010daril oli lihtsalt toss v\u00e4ljas. Ta l\u00f5petas etapi 22. kohal, 7.37 v\u00f5itjast Felix Gallist (AG2R Citro\u00ebn) maas ja ligi kuus minutit Vingegaardist hiljem.<\/p>\n<p>Kuid kollase s\u00e4rgi saatus otsustati arvatavasti hoopis 23. aprillil, kui Poga\u010dar Li\u00e8ge\u2013Bastogne\u2013Li\u00e8ge\u2019i v\u00f5idus\u00f5idul randme murdis. Selle tagaj\u00e4rjel kaotas mees hulga treeninguaega ning Touri eel tal v\u00f5istluspraktika sama h\u00e4sti kui puudus. See v\u00f5is olla tema haruldase ja \u00e4kilise vormilanguse p\u00f5hjus. Poga\u010dar v\u00f5itis k\u00fcll talle omases stiilis 20. etapi ja sai v\u00e4hemalt osa enesekindlusest tagasi, kuid Touri v\u00f5it oli l\u00e4inud. \u201eMa ei saanud aru, et ma pole mina ise,\u201c r\u00e4\u00e4kis Poga\u010dar hiljem. \u201eV\u00f5tsin v\u00f5istlust p\u00e4ev-p\u00e4evalt ja tundsin end lihtsalt kehvemini. Col de la Loze\u2019il juhtunud ma t\u00f5esti selgitada ei oska. Arvatavasti kogeb iga\u00fcks oma karj\u00e4\u00e4ri jooksul midagi sellist.\u201c Ning kindlasti oli Poga\u010daril \u00f5igus, kui ta nentis: \u201eMa ise murdusin, keegi teine mind ei murdnud.\u201c<\/p>\n<p>Kuni selle hetkeni olid kaks v\u00f5itlejat pakkunud meile dramaatilist duelli \u00fchel k\u00f5igi aegade dramaatilisemal Touril. Paljuski tuleb selle eest t\u00e4nada korraldajaid ASO-st, kes olid kokku pannud ebatraditsioonilise <a href=\"https:\/\/www.welovecycling.com\/wide\/2023\/07\/17\/tour-de-france-week-2-offered-more-drama-than-a-soap-opera\/\">v\u00f5istlusmarsruudi<\/a>. See meenutas meile, kui niisugust meeldetuletust peaks vaja olema, miks Tour on maailma suurima vaatajate arvuga spordiv\u00f5istlus, mida j\u00e4lgib hinnanguliselt <a href=\"https:\/\/www.roadtrips.com\/blog\/the-most-watched-sporting-events-in-the-world\/\">3,5 miljardit inimest.<\/a><\/p>\n<p><a href=\"https:\/\/d2p6e6u75xmxt8.cloudfront.net\/15\/2023\/07\/leg3.webp\"><img loading=\"lazy\" decoding=\"async\" class=\"alignnone size-full wp-image-1164\" src=\"https:\/\/d2p6e6u75xmxt8.cloudfront.net\/15\/2023\/07\/leg3.webp\" alt=\"\" width=\"1414\" height=\"699\" srcset=\"https:\/\/d2p6e6u75xmxt8.cloudfront.net\/15\/2023\/07\/leg3.webp 1414w, https:\/\/d2p6e6u75xmxt8.cloudfront.net\/15\/2023\/07\/leg3-300x148.webp 300w, https:\/\/d2p6e6u75xmxt8.cloudfront.net\/15\/2023\/07\/leg3-1024x506.webp 1024w, https:\/\/d2p6e6u75xmxt8.cloudfront.net\/15\/2023\/07\/leg3-768x380.webp 768w, https:\/\/d2p6e6u75xmxt8.cloudfront.net\/15\/2023\/07\/leg3-400x198.webp 400w\" sizes=\"auto, (max-width: 1414px) 100vw, 1414px\" \/><\/a><\/p>\n<p>Kuid vaatem\u00e4ngu s\u00fcnnile aitasid kaasa ka paljud teised. N\u00e4iteks Yatesi kaksikud Adam (UAE Team Emirates) ja Simon (Jayco AlUla), kes teineteisega konkureerides ja aeg-ajalt abistades l\u00f5petasid \u00fcldarvestuses vastavalt kolmanda ja neljandana. Ning 25-aastane austerlane Gall, kes ennast ja meid \u00fcllatades suutis m\u00f5ningatel t\u00f5usudel parimate m\u00e4gironijatega koos p\u00fcsida ja v\u00f5ita tolle r\u00e4nga kroonietapi. \u201eOlen h\u00e4mmastunud sellest, mida ma siin Touril suudan,\u201c \u00fctles Gall p\u00e4rast etapiv\u00f5itu. M\u00e4ekuninga tiitli aga v\u00f5itis Giulio Ciccone (Lidl-Trek) t\u00e4nu \u00fchtlastele esitustele, v\u00e4ga toetavale tiimile ja t\u00e4iuslikule plaanile.<\/p>\n<p>Kuid nagu Mohori\u010d oma emotsionaalses intervjuus mainis, v\u00e4\u00e4ris iga kolme n\u00e4dala eest Bilbaos startinud rattur \u2013 \u00fcksk\u00f5ik, kas ta tassis tiimikaaslastele vett ja s\u00f6\u00f6ki, tundus osalevat igas lahtirebimiskatses nagu Victor Campenaerts (Lotto Dstny) v\u00f5i pakkus liidrile tuulevarju \u2013 kollast s\u00e4rki oma rolli eest Touri muutmisel unustamatuks spordis\u00fcndmuseks.<\/p>\n","protected":false},"excerpt":{"rendered":"<p>Minu lemmikmoment sel m\u00e4rkimisv\u00e4\u00e4rsel Touril, mis sisaldas rohkem m\u00e4lestusv\u00e4\u00e4rseid hetki kui kaksk\u00fcmmend p\u00e4eva mesin\u00e4dalaid, oli Matej Mohori\u010di reaktsioon oma v\u00f5idule [&hellip;]<\/p>\n","protected":false},"author":174,"featured_media":1162,"comment_status":"open","ping_status":"open","sticky":false,"template":"","format":"standard","meta":{"footnotes":""},"categories":[7],"tags":[129,132,14],"global-categories":[22],"class_list":["post-1160","post","type-post","status-publish","format-standard","has-post-thumbnail","hentry","category-maanteeratas","tag-le-tour","tag-le-tour-de-france-2023","tag-tour-de-france","global-categories-cycling"],"yoast_head":"<!-- This site is optimized with the Yoast SEO Premium plugin v25.3 (Yoast SEO v25.9) - https:\/\/yoast.com\/wordpress\/plugins\/seo\/ -->\n<title>2023 aasta Touri kokkuv\u00f5te: juba toimusmisajal legendaarne - \u0160koda We Love Cycling - Estonia<\/title>\n<meta name=\"description\" content=\"Minu lemmikmoment sel m\u00e4rkimisv\u00e4\u00e4rsel Touril, mis sisaldas rohkem m\u00e4lestusv\u00e4\u00e4rseid hetki kui kaksk\u00fcmmend p\u00e4eva mesin\u00e4dalaid, oli Matej Mohori\u010di reaktsioon oma v\u00f5idule 19. etapil ning sellele j\u00e4rgnenud \u00e4\u00e4rmiselt kirglik intervjuu. Mohori\u010di tiimi Bahrain Victorious esinemist Touril varjutas nende populaarse ratturi Gino M\u00e4deri surm \u0160veitsi velotuuril, kuid meeskond austas tema m\u00e4lestust kolme etapiv\u00f5iduga, millest \u00fche t\u00f5i just 28-aastane sloveen.\" \/>\n<meta name=\"robots\" content=\"index, follow, max-snippet:-1, max-image-preview:large, max-video-preview:-1\" \/>\n<link rel=\"canonical\" href=\"https:\/\/www.welovecycling.com\/ee\/2023\/07\/26\/2023-aasta-touri-kokkuvote-juba-toimusmisajal-legendaarne\/\" \/>\n<meta property=\"og:locale\" content=\"et_EE\" \/>\n<meta property=\"og:type\" content=\"article\" \/>\n<meta property=\"og:title\" content=\"2023 aasta Touri kokkuv\u00f5te: juba toimusmisajal legendaarne\" \/>\n<meta property=\"og:description\" content=\"Minu lemmikmoment sel m\u00e4rkimisv\u00e4\u00e4rsel Touril, mis sisaldas rohkem m\u00e4lestusv\u00e4\u00e4rseid hetki kui kaksk\u00fcmmend p\u00e4eva mesin\u00e4dalaid, oli Matej Mohori\u010di reaktsioon oma v\u00f5idule 19. etapil ning sellele j\u00e4rgnenud \u00e4\u00e4rmiselt kirglik intervjuu. Mohori\u010di tiimi Bahrain Victorious esinemist Touril varjutas nende populaarse ratturi Gino M\u00e4deri surm \u0160veitsi velotuuril, kuid meeskond austas tema m\u00e4lestust kolme etapiv\u00f5iduga, millest \u00fche t\u00f5i just 28-aastane sloveen.\" \/>\n<meta property=\"og:url\" content=\"https:\/\/www.welovecycling.com\/ee\/2023\/07\/26\/2023-aasta-touri-kokkuvote-juba-toimusmisajal-legendaarne\/\" \/>\n<meta property=\"og:site_name\" content=\"\u0160koda We Love Cycling - Estonia\" \/>\n<meta property=\"article:published_time\" content=\"2023-07-26T08:36:15+00:00\" \/>\n<meta property=\"og:image\" content=\"https:\/\/d2p6e6u75xmxt8.cloudfront.net\/15\/2023\/07\/leg1.webp\" \/>\n\t<meta property=\"og:image:width\" content=\"891\" \/>\n\t<meta property=\"og:image:height\" content=\"593\" \/>\n\t<meta property=\"og:image:type\" content=\"image\/webp\" \/>\n<meta name=\"author\" content=\"andre\" \/>\n<meta name=\"twitter:card\" content=\"summary_large_image\" \/>\n<meta name=\"twitter:label1\" content=\"Written by\" \/>\n\t<meta name=\"twitter:data1\" content=\"Siegfried Mortkowitz\" \/>\n\t<meta name=\"twitter:label2\" content=\"Est. reading time\" \/>\n\t<meta name=\"twitter:data2\" content=\"4\" \/>\n<script type=\"application\/ld+json\" class=\"yoast-schema-graph\">{\"@context\":\"https:\/\/schema.org\",\"@graph\":[{\"@type\":\"WebPage\",\"@id\":\"https:\/\/www.welovecycling.com\/ee\/2023\/07\/26\/2023-aasta-touri-kokkuvote-juba-toimusmisajal-legendaarne\/\",\"url\":\"https:\/\/www.welovecycling.com\/ee\/2023\/07\/26\/2023-aasta-touri-kokkuvote-juba-toimusmisajal-legendaarne\/\",\"name\":\"2023 aasta Touri kokkuv\u00f5te: juba toimusmisajal legendaarne - \u0160koda We Love Cycling - Estonia\",\"isPartOf\":{\"@id\":\"https:\/\/www.welovecycling.com\/ee\/#website\"},\"primaryImageOfPage\":{\"@id\":\"https:\/\/www.welovecycling.com\/ee\/2023\/07\/26\/2023-aasta-touri-kokkuvote-juba-toimusmisajal-legendaarne\/#primaryimage\"},\"image\":{\"@id\":\"https:\/\/www.welovecycling.com\/ee\/2023\/07\/26\/2023-aasta-touri-kokkuvote-juba-toimusmisajal-legendaarne\/#primaryimage\"},\"thumbnailUrl\":\"https:\/\/d2p6e6u75xmxt8.cloudfront.net\/15\/2023\/07\/leg1.webp\",\"datePublished\":\"2023-07-26T08:36:15+00:00\",\"author\":{\"@id\":\"https:\/\/www.welovecycling.com\/ee\/#\/schema\/person\/8b7101c4bd1b1ae9d3732ebb1e6caf57\"},\"description\":\"Minu lemmikmoment sel m\u00e4rkimisv\u00e4\u00e4rsel Touril, mis sisaldas rohkem m\u00e4lestusv\u00e4\u00e4rseid hetki kui kaksk\u00fcmmend p\u00e4eva mesin\u00e4dalaid, oli Matej Mohori\u010di reaktsioon oma v\u00f5idule 19. etapil ning sellele j\u00e4rgnenud \u00e4\u00e4rmiselt kirglik intervjuu. Mohori\u010di tiimi Bahrain Victorious esinemist Touril varjutas nende populaarse ratturi Gino M\u00e4deri surm \u0160veitsi velotuuril, kuid meeskond austas tema m\u00e4lestust kolme etapiv\u00f5iduga, millest \u00fche t\u00f5i just 28-aastane sloveen.\",\"inLanguage\":\"et\",\"potentialAction\":[{\"@type\":\"ReadAction\",\"target\":[\"https:\/\/www.welovecycling.com\/ee\/2023\/07\/26\/2023-aasta-touri-kokkuvote-juba-toimusmisajal-legendaarne\/\"]}]},{\"@type\":\"ImageObject\",\"inLanguage\":\"et\",\"@id\":\"https:\/\/www.welovecycling.com\/ee\/2023\/07\/26\/2023-aasta-touri-kokkuvote-juba-toimusmisajal-legendaarne\/#primaryimage\",\"url\":\"https:\/\/d2p6e6u75xmxt8.cloudfront.net\/15\/2023\/07\/leg1.webp\",\"contentUrl\":\"https:\/\/d2p6e6u75xmxt8.cloudfront.net\/15\/2023\/07\/leg1.webp\",\"width\":891,\"height\":593},{\"@type\":\"WebSite\",\"@id\":\"https:\/\/www.welovecycling.com\/ee\/#website\",\"url\":\"https:\/\/www.welovecycling.com\/ee\/\",\"name\":\"\u0160koda We Love Cycling - Estonia\",\"description\":\"\",\"potentialAction\":[{\"@type\":\"SearchAction\",\"target\":{\"@type\":\"EntryPoint\",\"urlTemplate\":\"https:\/\/www.welovecycling.com\/ee\/?s={search_term_string}\"},\"query-input\":{\"@type\":\"PropertyValueSpecification\",\"valueRequired\":true,\"valueName\":\"search_term_string\"}}],\"inLanguage\":\"et\"},{\"@type\":\"Person\",\"@id\":\"https:\/\/www.welovecycling.com\/ee\/#\/schema\/person\/8b7101c4bd1b1ae9d3732ebb1e6caf57\",\"name\":\"andre\",\"image\":{\"@type\":\"ImageObject\",\"inLanguage\":\"et\",\"@id\":\"https:\/\/www.welovecycling.com\/ee\/#\/schema\/person\/image\/\",\"url\":\"https:\/\/secure.gravatar.com\/avatar\/0656b3224fe17b018f43b8a562625dd43d30827f027b2f62bc5a05711fec9a61?s=96&d=mm&r=g\",\"contentUrl\":\"https:\/\/secure.gravatar.com\/avatar\/0656b3224fe17b018f43b8a562625dd43d30827f027b2f62bc5a05711fec9a61?s=96&d=mm&r=g\",\"caption\":\"andre\"},\"url\":\"https:\/\/www.welovecycling.com\/ee\/author\/andre\/\"}]}<\/script>\n<!-- \/ Yoast SEO Premium plugin. -->","yoast_head_json":{"title":"2023 aasta Touri kokkuv\u00f5te: juba toimusmisajal legendaarne - \u0160koda We Love Cycling - Estonia","description":"Minu lemmikmoment sel m\u00e4rkimisv\u00e4\u00e4rsel Touril, mis sisaldas rohkem m\u00e4lestusv\u00e4\u00e4rseid hetki kui kaksk\u00fcmmend p\u00e4eva mesin\u00e4dalaid, oli Matej Mohori\u010di reaktsioon oma v\u00f5idule 19. etapil ning sellele j\u00e4rgnenud \u00e4\u00e4rmiselt kirglik intervjuu. Mohori\u010di tiimi Bahrain Victorious esinemist Touril varjutas nende populaarse ratturi Gino M\u00e4deri surm \u0160veitsi velotuuril, kuid meeskond austas tema m\u00e4lestust kolme etapiv\u00f5iduga, millest \u00fche t\u00f5i just 28-aastane sloveen.","robots":{"index":"index","follow":"follow","max-snippet":"max-snippet:-1","max-image-preview":"max-image-preview:large","max-video-preview":"max-video-preview:-1"},"canonical":"https:\/\/www.welovecycling.com\/ee\/2023\/07\/26\/2023-aasta-touri-kokkuvote-juba-toimusmisajal-legendaarne\/","og_locale":"et_EE","og_type":"article","og_title":"2023 aasta Touri kokkuv\u00f5te: juba toimusmisajal legendaarne","og_description":"Minu lemmikmoment sel m\u00e4rkimisv\u00e4\u00e4rsel Touril, mis sisaldas rohkem m\u00e4lestusv\u00e4\u00e4rseid hetki kui kaksk\u00fcmmend p\u00e4eva mesin\u00e4dalaid, oli Matej Mohori\u010di reaktsioon oma v\u00f5idule 19. etapil ning sellele j\u00e4rgnenud \u00e4\u00e4rmiselt kirglik intervjuu. Mohori\u010di tiimi Bahrain Victorious esinemist Touril varjutas nende populaarse ratturi Gino M\u00e4deri surm \u0160veitsi velotuuril, kuid meeskond austas tema m\u00e4lestust kolme etapiv\u00f5iduga, millest \u00fche t\u00f5i just 28-aastane sloveen.","og_url":"https:\/\/www.welovecycling.com\/ee\/2023\/07\/26\/2023-aasta-touri-kokkuvote-juba-toimusmisajal-legendaarne\/","og_site_name":"\u0160koda We Love Cycling - Estonia","article_published_time":"2023-07-26T08:36:15+00:00","og_image":[{"width":891,"height":593,"url":"https:\/\/d2p6e6u75xmxt8.cloudfront.net\/15\/2023\/07\/leg1.webp","type":"image\/webp"}],"author":"andre","twitter_card":"summary_large_image","twitter_misc":{"Written by":"Siegfried Mortkowitz","Est. reading time":"4"},"schema":{"@context":"https:\/\/schema.org","@graph":[{"@type":"WebPage","@id":"https:\/\/www.welovecycling.com\/ee\/2023\/07\/26\/2023-aasta-touri-kokkuvote-juba-toimusmisajal-legendaarne\/","url":"https:\/\/www.welovecycling.com\/ee\/2023\/07\/26\/2023-aasta-touri-kokkuvote-juba-toimusmisajal-legendaarne\/","name":"2023 aasta Touri kokkuv\u00f5te: juba toimusmisajal legendaarne - \u0160koda We Love Cycling - Estonia","isPartOf":{"@id":"https:\/\/www.welovecycling.com\/ee\/#website"},"primaryImageOfPage":{"@id":"https:\/\/www.welovecycling.com\/ee\/2023\/07\/26\/2023-aasta-touri-kokkuvote-juba-toimusmisajal-legendaarne\/#primaryimage"},"image":{"@id":"https:\/\/www.welovecycling.com\/ee\/2023\/07\/26\/2023-aasta-touri-kokkuvote-juba-toimusmisajal-legendaarne\/#primaryimage"},"thumbnailUrl":"https:\/\/d2p6e6u75xmxt8.cloudfront.net\/15\/2023\/07\/leg1.webp","datePublished":"2023-07-26T08:36:15+00:00","author":{"@id":"https:\/\/www.welovecycling.com\/ee\/#\/schema\/person\/8b7101c4bd1b1ae9d3732ebb1e6caf57"},"description":"Minu lemmikmoment sel m\u00e4rkimisv\u00e4\u00e4rsel Touril, mis sisaldas rohkem m\u00e4lestusv\u00e4\u00e4rseid hetki kui kaksk\u00fcmmend p\u00e4eva mesin\u00e4dalaid, oli Matej Mohori\u010di reaktsioon oma v\u00f5idule 19. etapil ning sellele j\u00e4rgnenud \u00e4\u00e4rmiselt kirglik intervjuu. Mohori\u010di tiimi Bahrain Victorious esinemist Touril varjutas nende populaarse ratturi Gino M\u00e4deri surm \u0160veitsi velotuuril, kuid meeskond austas tema m\u00e4lestust kolme etapiv\u00f5iduga, millest \u00fche t\u00f5i just 28-aastane sloveen.","inLanguage":"et","potentialAction":[{"@type":"ReadAction","target":["https:\/\/www.welovecycling.com\/ee\/2023\/07\/26\/2023-aasta-touri-kokkuvote-juba-toimusmisajal-legendaarne\/"]}]},{"@type":"ImageObject","inLanguage":"et","@id":"https:\/\/www.welovecycling.com\/ee\/2023\/07\/26\/2023-aasta-touri-kokkuvote-juba-toimusmisajal-legendaarne\/#primaryimage","url":"https:\/\/d2p6e6u75xmxt8.cloudfront.net\/15\/2023\/07\/leg1.webp","contentUrl":"https:\/\/d2p6e6u75xmxt8.cloudfront.net\/15\/2023\/07\/leg1.webp","width":891,"height":593},{"@type":"WebSite","@id":"https:\/\/www.welovecycling.com\/ee\/#website","url":"https:\/\/www.welovecycling.com\/ee\/","name":"\u0160koda We Love Cycling - Estonia","description":"","potentialAction":[{"@type":"SearchAction","target":{"@type":"EntryPoint","urlTemplate":"https:\/\/www.welovecycling.com\/ee\/?s={search_term_string}"},"query-input":{"@type":"PropertyValueSpecification","valueRequired":true,"valueName":"search_term_string"}}],"inLanguage":"et"},{"@type":"Person","@id":"https:\/\/www.welovecycling.com\/ee\/#\/schema\/person\/8b7101c4bd1b1ae9d3732ebb1e6caf57","name":"andre","image":{"@type":"ImageObject","inLanguage":"et","@id":"https:\/\/www.welovecycling.com\/ee\/#\/schema\/person\/image\/","url":"https:\/\/secure.gravatar.com\/avatar\/0656b3224fe17b018f43b8a562625dd43d30827f027b2f62bc5a05711fec9a61?s=96&d=mm&r=g","contentUrl":"https:\/\/secure.gravatar.com\/avatar\/0656b3224fe17b018f43b8a562625dd43d30827f027b2f62bc5a05711fec9a61?s=96&d=mm&r=g","caption":"andre"},"url":"https:\/\/www.welovecycling.com\/ee\/author\/andre\/"}]}},"_links":{"self":[{"href":"https:\/\/www.welovecycling.com\/ee\/wp-json\/wp\/v2\/posts\/1160","targetHints":{"allow":["GET"]}}],"collection":[{"href":"https:\/\/www.welovecycling.com\/ee\/wp-json\/wp\/v2\/posts"}],"about":[{"href":"https:\/\/www.welovecycling.com\/ee\/wp-json\/wp\/v2\/types\/post"}],"author":[{"embeddable":true,"href":"https:\/\/www.welovecycling.com\/ee\/wp-json\/wp\/v2\/users\/174"}],"replies":[{"embeddable":true,"href":"https:\/\/www.welovecycling.com\/ee\/wp-json\/wp\/v2\/comments?post=1160"}],"version-history":[{"count":2,"href":"https:\/\/www.welovecycling.com\/ee\/wp-json\/wp\/v2\/posts\/1160\/revisions"}],"predecessor-version":[{"id":1165,"href":"https:\/\/www.welovecycling.com\/ee\/wp-json\/wp\/v2\/posts\/1160\/revisions\/1165"}],"wp:featuredmedia":[{"embeddable":true,"href":"https:\/\/www.welovecycling.com\/ee\/wp-json\/wp\/v2\/media\/1162"}],"wp:attachment":[{"href":"https:\/\/www.welovecycling.com\/ee\/wp-json\/wp\/v2\/media?parent=1160"}],"wp:term":[{"taxonomy":"category","embeddable":true,"href":"https:\/\/www.welovecycling.com\/ee\/wp-json\/wp\/v2\/categories?post=1160"},{"taxonomy":"post_tag","embeddable":true,"href":"https:\/\/www.welovecycling.com\/ee\/wp-json\/wp\/v2\/tags?post=1160"},{"taxonomy":"global-categories","embeddable":true,"href":"https:\/\/www.welovecycling.com\/ee\/wp-json\/wp\/v2\/global-categories?post=1160"}],"curies":[{"name":"wp","href":"https:\/\/api.w.org\/{rel}","templated":true}]}}