{"id":1145,"date":"2023-07-21T13:35:14","date_gmt":"2023-07-21T13:35:14","guid":{"rendered":"https:\/\/www.welovecycling.com\/ee\/?p=1145"},"modified":"2023-07-21T17:45:31","modified_gmt":"2023-07-21T17:45:31","slug":"le-tour-de-france-2023-viimase-otsustava-etapi-eel","status":"publish","type":"post","link":"https:\/\/www.welovecycling.com\/ee\/2023\/07\/21\/le-tour-de-france-2023-viimase-otsustava-etapi-eel\/","title":{"rendered":"Le Tour de France 2023 viimase otsustava etapi eel"},"content":{"rendered":"<h2>Ma tean, et spordis \u00fcks \u00fcleliia kasutatud v\u00e4ljend on &#8220;uskumatu&#8221;. Aga selle aastane TDF on <strong>uskumatu<\/strong>. Vastasseis Vingegaardi ja Pogacari vahel on olnud nii eepiline, et paljud meist on j\u00e4tnud pooleli oma igap\u00e4evased kohustused ja klammerdunud teleka ekraanide k\u00fclge. Vaadata kuidas sportlased ennast k\u00f5rgm\u00e4gedes, 35 kraadises kuumuses piinavad ja seda k\u00f5ike selleks, et meie meelt lahutada&#8230; jalgrattasport on karm.<\/h2>\n<p>Kuni 18.07.23 toimunud eraldistardini oli veel Kollase s\u00e4rgi k\u00fcsimus t\u00e4iesti lahtine. Aga mis siis sellel TT etapil tegelikult juhtus? Pogacar kaotas 20 km pikkusel eraldistardi etapil Vingegaardile 1 min 38 sek. Seda on v\u00e4ga palju. Aga naljakas on, et paljud ei saa aru, et Pogacar tegi v\u00e4ga korraliku esituse, edestades kolmandaks j\u00e4\u00e4nud van Aerti 1 min 13 sek. Ilma Vingegaardi uskumatu s\u00f5iduta oleks see olnud super tulemus.<\/p>\n<p><a href=\"https:\/\/d2p6e6u75xmxt8.cloudfront.net\/15\/2023\/07\/a6d24.webp\"><img loading=\"lazy\" decoding=\"async\" class=\"alignnone size-full wp-image-1153\" src=\"https:\/\/d2p6e6u75xmxt8.cloudfront.net\/15\/2023\/07\/a6d24.webp\" alt=\"\" width=\"1000\" height=\"667\" srcset=\"https:\/\/d2p6e6u75xmxt8.cloudfront.net\/15\/2023\/07\/a6d24.webp 1000w, https:\/\/d2p6e6u75xmxt8.cloudfront.net\/15\/2023\/07\/a6d24-300x200.webp 300w, https:\/\/d2p6e6u75xmxt8.cloudfront.net\/15\/2023\/07\/a6d24-768x512.webp 768w, https:\/\/d2p6e6u75xmxt8.cloudfront.net\/15\/2023\/07\/a6d24-400x267.webp 400w, https:\/\/d2p6e6u75xmxt8.cloudfront.net\/15\/2023\/07\/a6d24-272x182.webp 272w\" sizes=\"auto, (max-width: 1000px) 100vw, 1000px\" \/><\/a><\/p>\n<p>Aga Vingegaard oli sellel p\u00e4eval lihtsalt k\u00f5igist mitte pea, vaid poole keha v\u00f5rra k\u00f5rgemast klassist. Kogu tema viis &#8211; kuidas ta r\u00fcndas seda etappi juba stardi rambilt maha s\u00f5ites, nagu see oleks 2 km proloog. Kuidas ta v\u00f5ttis k\u00f5iki kurve maksimaalse riski piiril. Kuidas ta v\u00e4ntas igal v\u00f5imalikul allam\u00e4e k\u00f5igul juurde jne. Pogacari otsus vahetada ratast enne l\u00f5pu t\u00f5usu ei olnud samuti \u00f5ige otsus. Ta ei vahetanud ratast kohas, kus kiirus oleks minimaalne ja lisaks v\u00f5ttis see k\u00f5ik liiga palju aega. Suurt pilti ei oleks see muutnud, aga ikka.<\/p>\n<p><a href=\"https:\/\/d2p6e6u75xmxt8.cloudfront.net\/15\/2023\/07\/dad10.webp\"><img loading=\"lazy\" decoding=\"async\" class=\"alignnone size-full wp-image-1154\" src=\"https:\/\/d2p6e6u75xmxt8.cloudfront.net\/15\/2023\/07\/dad10.webp\" alt=\"\" width=\"1000\" height=\"666\" srcset=\"https:\/\/d2p6e6u75xmxt8.cloudfront.net\/15\/2023\/07\/dad10.webp 1000w, https:\/\/d2p6e6u75xmxt8.cloudfront.net\/15\/2023\/07\/dad10-300x200.webp 300w, https:\/\/d2p6e6u75xmxt8.cloudfront.net\/15\/2023\/07\/dad10-768x511.webp 768w, https:\/\/d2p6e6u75xmxt8.cloudfront.net\/15\/2023\/07\/dad10-400x266.webp 400w, https:\/\/d2p6e6u75xmxt8.cloudfront.net\/15\/2023\/07\/dad10-272x182.webp 272w\" sizes=\"auto, (max-width: 1000px) 100vw, 1000px\" \/><\/a><\/p>\n<p>J\u00e4rgmise p\u00e4eva oli kavas selle aastase TDF &#8220;<em>queen stage<\/em>&#8220;. Pogacar pidi hakkama saama eelmise p\u00e4eva kaotusega, lisaks kukkus ta kohe etapi alguses ja Vingegaard vormistas sellele etapil oma v\u00f5imsa esitusega selle aastase Kollase S\u00e4rgi suure t\u00f5en\u00e4osusega \u00e4ra. Vingegaard oli sellel etapil Pogacarist \u00fcle 5 min kiirem. &#8220;<em>Guys, I am finsihed I am dead<\/em>!&#8221; j\u00e4\u00e4vad ilmselt paljudele meelde. &#8220;See oli mu elu halvima enesetundega p\u00e4ev rattal&#8221;, oli mehe enda kommentaar etapi l\u00f5pus.<\/p>\n<p>Aga see k\u00f5ik l\u00f5peb siiski alles Champs-\u00c9lys\u00e9el ja enne seda on veel \u00fcks v\u00e4ga raske etapp laup\u00e4eval. Kuigi suure t\u00f5n\u00e4osusega on poodiumi j\u00e4rjestus paigas (1. Vingegaard 2.Pogacar 3. A.Yates) v\u00f5ib veel nii m\u00f5ndagi juhtuda.<\/p>\n<p><a href=\"https:\/\/d2p6e6u75xmxt8.cloudfront.net\/15\/2023\/07\/362558854_10224536309735378_740013653582504494_n.webp\"><img loading=\"lazy\" decoding=\"async\" class=\"alignnone size-extra-large wp-image-1152\" src=\"https:\/\/d2p6e6u75xmxt8.cloudfront.net\/15\/2023\/07\/362558854_10224536309735378_740013653582504494_n-1920x1280.webp\" alt=\"\" width=\"1920\" height=\"1280\" srcset=\"https:\/\/d2p6e6u75xmxt8.cloudfront.net\/15\/2023\/07\/362558854_10224536309735378_740013653582504494_n-1920x1280.webp 1920w, https:\/\/d2p6e6u75xmxt8.cloudfront.net\/15\/2023\/07\/362558854_10224536309735378_740013653582504494_n-300x200.webp 300w, https:\/\/d2p6e6u75xmxt8.cloudfront.net\/15\/2023\/07\/362558854_10224536309735378_740013653582504494_n-1024x683.webp 1024w, https:\/\/d2p6e6u75xmxt8.cloudfront.net\/15\/2023\/07\/362558854_10224536309735378_740013653582504494_n-768x512.webp 768w, https:\/\/d2p6e6u75xmxt8.cloudfront.net\/15\/2023\/07\/362558854_10224536309735378_740013653582504494_n-1536x1024.webp 1536w, https:\/\/d2p6e6u75xmxt8.cloudfront.net\/15\/2023\/07\/362558854_10224536309735378_740013653582504494_n-400x267.webp 400w, https:\/\/d2p6e6u75xmxt8.cloudfront.net\/15\/2023\/07\/362558854_10224536309735378_740013653582504494_n-272x182.webp 272w, https:\/\/d2p6e6u75xmxt8.cloudfront.net\/15\/2023\/07\/362558854_10224536309735378_740013653582504494_n.webp 2048w, https:\/\/d2p6e6u75xmxt8.cloudfront.net\/15\/2023\/07\/362558854_10224536309735378_740013653582504494_n-1920x1280.webp 1920w\" sizes=\"auto, (max-width: 1920px) 100vw, 1920px\" \/><\/a><\/p>\n<p>&nbsp;<\/p>\n","protected":false},"excerpt":{"rendered":"<p>Ma tean, et spordis \u00fcks \u00fcleliia kasutatud v\u00e4ljend on &#8220;uskumatu&#8221;. Aga selle aastane TDF on uskumatu. Vastasseis Vingegaardi ja Pogacari [&hellip;]<\/p>\n","protected":false},"author":174,"featured_media":1151,"comment_status":"open","ping_status":"open","sticky":false,"template":"","format":"standard","meta":{"footnotes":""},"categories":[7],"tags":[129,132,14],"global-categories":[22],"class_list":["post-1145","post","type-post","status-publish","format-standard","has-post-thumbnail","hentry","category-maanteeratas","tag-le-tour","tag-le-tour-de-france-2023","tag-tour-de-france","global-categories-cycling"],"yoast_head":"<!-- This site is optimized with the Yoast SEO Premium plugin v25.3 (Yoast SEO v25.9) - https:\/\/yoast.com\/wordpress\/plugins\/seo\/ -->\n<title>Le Tour de France 2023 viimase otsustava etapi eel - \u0160koda We Love Cycling - Estonia<\/title>\n<meta name=\"robots\" content=\"index, follow, max-snippet:-1, max-image-preview:large, max-video-preview:-1\" \/>\n<link rel=\"canonical\" href=\"https:\/\/www.welovecycling.com\/ee\/2023\/07\/21\/le-tour-de-france-2023-viimase-otsustava-etapi-eel\/\" \/>\n<meta property=\"og:locale\" content=\"et_EE\" \/>\n<meta property=\"og:type\" content=\"article\" \/>\n<meta property=\"og:title\" content=\"Le Tour de France 2023 viimase otsustava etapi eel\" \/>\n<meta property=\"og:description\" content=\"Ma tean, et spordis \u00fcks \u00fcleliia kasutatud v\u00e4ljend on &#8220;uskumatu&#8221;. Aga selle aastane TDF on uskumatu. Vastasseis Vingegaardi ja Pogacari [&hellip;]\" \/>\n<meta property=\"og:url\" content=\"https:\/\/www.welovecycling.com\/ee\/2023\/07\/21\/le-tour-de-france-2023-viimase-otsustava-etapi-eel\/\" \/>\n<meta property=\"og:site_name\" content=\"\u0160koda We Love Cycling - Estonia\" \/>\n<meta property=\"article:published_time\" content=\"2023-07-21T13:35:14+00:00\" \/>\n<meta property=\"article:modified_time\" content=\"2023-07-21T17:45:31+00:00\" \/>\n<meta property=\"og:image\" content=\"https:\/\/d2p6e6u75xmxt8.cloudfront.net\/15\/2023\/07\/361961795_10224537774211989_5058407754457492804_n.webp\" \/>\n\t<meta property=\"og:image:width\" content=\"2048\" \/>\n\t<meta property=\"og:image:height\" content=\"1365\" \/>\n\t<meta property=\"og:image:type\" content=\"image\/webp\" \/>\n<meta name=\"author\" content=\"andre\" \/>\n<meta name=\"twitter:card\" content=\"summary_large_image\" \/>\n<meta name=\"twitter:label1\" content=\"Written by\" \/>\n\t<meta name=\"twitter:data1\" content=\"Andre Kull\" \/>\n\t<meta name=\"twitter:label2\" content=\"Est. reading time\" \/>\n\t<meta name=\"twitter:data2\" content=\"2 minutes\" \/>\n<script type=\"application\/ld+json\" class=\"yoast-schema-graph\">{\"@context\":\"https:\/\/schema.org\",\"@graph\":[{\"@type\":\"WebPage\",\"@id\":\"https:\/\/www.welovecycling.com\/ee\/2023\/07\/21\/le-tour-de-france-2023-viimase-otsustava-etapi-eel\/\",\"url\":\"https:\/\/www.welovecycling.com\/ee\/2023\/07\/21\/le-tour-de-france-2023-viimase-otsustava-etapi-eel\/\",\"name\":\"Le Tour de France 2023 viimase otsustava etapi eel - \u0160koda We Love Cycling - Estonia\",\"isPartOf\":{\"@id\":\"https:\/\/www.welovecycling.com\/ee\/#website\"},\"primaryImageOfPage\":{\"@id\":\"https:\/\/www.welovecycling.com\/ee\/2023\/07\/21\/le-tour-de-france-2023-viimase-otsustava-etapi-eel\/#primaryimage\"},\"image\":{\"@id\":\"https:\/\/www.welovecycling.com\/ee\/2023\/07\/21\/le-tour-de-france-2023-viimase-otsustava-etapi-eel\/#primaryimage\"},\"thumbnailUrl\":\"https:\/\/d2p6e6u75xmxt8.cloudfront.net\/15\/2023\/07\/361961795_10224537774211989_5058407754457492804_n.webp\",\"datePublished\":\"2023-07-21T13:35:14+00:00\",\"dateModified\":\"2023-07-21T17:45:31+00:00\",\"author\":{\"@id\":\"https:\/\/www.welovecycling.com\/ee\/#\/schema\/person\/8b7101c4bd1b1ae9d3732ebb1e6caf57\"},\"inLanguage\":\"et\",\"potentialAction\":[{\"@type\":\"ReadAction\",\"target\":[\"https:\/\/www.welovecycling.com\/ee\/2023\/07\/21\/le-tour-de-france-2023-viimase-otsustava-etapi-eel\/\"]}]},{\"@type\":\"ImageObject\",\"inLanguage\":\"et\",\"@id\":\"https:\/\/www.welovecycling.com\/ee\/2023\/07\/21\/le-tour-de-france-2023-viimase-otsustava-etapi-eel\/#primaryimage\",\"url\":\"https:\/\/d2p6e6u75xmxt8.cloudfront.net\/15\/2023\/07\/361961795_10224537774211989_5058407754457492804_n.webp\",\"contentUrl\":\"https:\/\/d2p6e6u75xmxt8.cloudfront.net\/15\/2023\/07\/361961795_10224537774211989_5058407754457492804_n.webp\",\"width\":2048,\"height\":1365},{\"@type\":\"WebSite\",\"@id\":\"https:\/\/www.welovecycling.com\/ee\/#website\",\"url\":\"https:\/\/www.welovecycling.com\/ee\/\",\"name\":\"\u0160koda We Love Cycling - Estonia\",\"description\":\"\",\"potentialAction\":[{\"@type\":\"SearchAction\",\"target\":{\"@type\":\"EntryPoint\",\"urlTemplate\":\"https:\/\/www.welovecycling.com\/ee\/?s={search_term_string}\"},\"query-input\":{\"@type\":\"PropertyValueSpecification\",\"valueRequired\":true,\"valueName\":\"search_term_string\"}}],\"inLanguage\":\"et\"},{\"@type\":\"Person\",\"@id\":\"https:\/\/www.welovecycling.com\/ee\/#\/schema\/person\/8b7101c4bd1b1ae9d3732ebb1e6caf57\",\"name\":\"andre\",\"image\":{\"@type\":\"ImageObject\",\"inLanguage\":\"et\",\"@id\":\"https:\/\/www.welovecycling.com\/ee\/#\/schema\/person\/image\/\",\"url\":\"https:\/\/secure.gravatar.com\/avatar\/0656b3224fe17b018f43b8a562625dd43d30827f027b2f62bc5a05711fec9a61?s=96&d=mm&r=g\",\"contentUrl\":\"https:\/\/secure.gravatar.com\/avatar\/0656b3224fe17b018f43b8a562625dd43d30827f027b2f62bc5a05711fec9a61?s=96&d=mm&r=g\",\"caption\":\"andre\"},\"url\":\"https:\/\/www.welovecycling.com\/ee\/author\/andre\/\"}]}<\/script>\n<!-- \/ Yoast SEO Premium plugin. -->","yoast_head_json":{"title":"Le Tour de France 2023 viimase otsustava etapi eel - \u0160koda We Love Cycling - Estonia","robots":{"index":"index","follow":"follow","max-snippet":"max-snippet:-1","max-image-preview":"max-image-preview:large","max-video-preview":"max-video-preview:-1"},"canonical":"https:\/\/www.welovecycling.com\/ee\/2023\/07\/21\/le-tour-de-france-2023-viimase-otsustava-etapi-eel\/","og_locale":"et_EE","og_type":"article","og_title":"Le Tour de France 2023 viimase otsustava etapi eel","og_description":"Ma tean, et spordis \u00fcks \u00fcleliia kasutatud v\u00e4ljend on &#8220;uskumatu&#8221;. Aga selle aastane TDF on uskumatu. Vastasseis Vingegaardi ja Pogacari [&hellip;]","og_url":"https:\/\/www.welovecycling.com\/ee\/2023\/07\/21\/le-tour-de-france-2023-viimase-otsustava-etapi-eel\/","og_site_name":"\u0160koda We Love Cycling - Estonia","article_published_time":"2023-07-21T13:35:14+00:00","article_modified_time":"2023-07-21T17:45:31+00:00","og_image":[{"width":2048,"height":1365,"url":"https:\/\/d2p6e6u75xmxt8.cloudfront.net\/15\/2023\/07\/361961795_10224537774211989_5058407754457492804_n.webp","type":"image\/webp"}],"author":"andre","twitter_card":"summary_large_image","twitter_misc":{"Written by":"Andre Kull","Est. reading time":"2 minutes"},"schema":{"@context":"https:\/\/schema.org","@graph":[{"@type":"WebPage","@id":"https:\/\/www.welovecycling.com\/ee\/2023\/07\/21\/le-tour-de-france-2023-viimase-otsustava-etapi-eel\/","url":"https:\/\/www.welovecycling.com\/ee\/2023\/07\/21\/le-tour-de-france-2023-viimase-otsustava-etapi-eel\/","name":"Le Tour de France 2023 viimase otsustava etapi eel - \u0160koda We Love Cycling - Estonia","isPartOf":{"@id":"https:\/\/www.welovecycling.com\/ee\/#website"},"primaryImageOfPage":{"@id":"https:\/\/www.welovecycling.com\/ee\/2023\/07\/21\/le-tour-de-france-2023-viimase-otsustava-etapi-eel\/#primaryimage"},"image":{"@id":"https:\/\/www.welovecycling.com\/ee\/2023\/07\/21\/le-tour-de-france-2023-viimase-otsustava-etapi-eel\/#primaryimage"},"thumbnailUrl":"https:\/\/d2p6e6u75xmxt8.cloudfront.net\/15\/2023\/07\/361961795_10224537774211989_5058407754457492804_n.webp","datePublished":"2023-07-21T13:35:14+00:00","dateModified":"2023-07-21T17:45:31+00:00","author":{"@id":"https:\/\/www.welovecycling.com\/ee\/#\/schema\/person\/8b7101c4bd1b1ae9d3732ebb1e6caf57"},"inLanguage":"et","potentialAction":[{"@type":"ReadAction","target":["https:\/\/www.welovecycling.com\/ee\/2023\/07\/21\/le-tour-de-france-2023-viimase-otsustava-etapi-eel\/"]}]},{"@type":"ImageObject","inLanguage":"et","@id":"https:\/\/www.welovecycling.com\/ee\/2023\/07\/21\/le-tour-de-france-2023-viimase-otsustava-etapi-eel\/#primaryimage","url":"https:\/\/d2p6e6u75xmxt8.cloudfront.net\/15\/2023\/07\/361961795_10224537774211989_5058407754457492804_n.webp","contentUrl":"https:\/\/d2p6e6u75xmxt8.cloudfront.net\/15\/2023\/07\/361961795_10224537774211989_5058407754457492804_n.webp","width":2048,"height":1365},{"@type":"WebSite","@id":"https:\/\/www.welovecycling.com\/ee\/#website","url":"https:\/\/www.welovecycling.com\/ee\/","name":"\u0160koda We Love Cycling - Estonia","description":"","potentialAction":[{"@type":"SearchAction","target":{"@type":"EntryPoint","urlTemplate":"https:\/\/www.welovecycling.com\/ee\/?s={search_term_string}"},"query-input":{"@type":"PropertyValueSpecification","valueRequired":true,"valueName":"search_term_string"}}],"inLanguage":"et"},{"@type":"Person","@id":"https:\/\/www.welovecycling.com\/ee\/#\/schema\/person\/8b7101c4bd1b1ae9d3732ebb1e6caf57","name":"andre","image":{"@type":"ImageObject","inLanguage":"et","@id":"https:\/\/www.welovecycling.com\/ee\/#\/schema\/person\/image\/","url":"https:\/\/secure.gravatar.com\/avatar\/0656b3224fe17b018f43b8a562625dd43d30827f027b2f62bc5a05711fec9a61?s=96&d=mm&r=g","contentUrl":"https:\/\/secure.gravatar.com\/avatar\/0656b3224fe17b018f43b8a562625dd43d30827f027b2f62bc5a05711fec9a61?s=96&d=mm&r=g","caption":"andre"},"url":"https:\/\/www.welovecycling.com\/ee\/author\/andre\/"}]}},"_links":{"self":[{"href":"https:\/\/www.welovecycling.com\/ee\/wp-json\/wp\/v2\/posts\/1145","targetHints":{"allow":["GET"]}}],"collection":[{"href":"https:\/\/www.welovecycling.com\/ee\/wp-json\/wp\/v2\/posts"}],"about":[{"href":"https:\/\/www.welovecycling.com\/ee\/wp-json\/wp\/v2\/types\/post"}],"author":[{"embeddable":true,"href":"https:\/\/www.welovecycling.com\/ee\/wp-json\/wp\/v2\/users\/174"}],"replies":[{"embeddable":true,"href":"https:\/\/www.welovecycling.com\/ee\/wp-json\/wp\/v2\/comments?post=1145"}],"version-history":[{"count":10,"href":"https:\/\/www.welovecycling.com\/ee\/wp-json\/wp\/v2\/posts\/1145\/revisions"}],"predecessor-version":[{"id":1159,"href":"https:\/\/www.welovecycling.com\/ee\/wp-json\/wp\/v2\/posts\/1145\/revisions\/1159"}],"wp:featuredmedia":[{"embeddable":true,"href":"https:\/\/www.welovecycling.com\/ee\/wp-json\/wp\/v2\/media\/1151"}],"wp:attachment":[{"href":"https:\/\/www.welovecycling.com\/ee\/wp-json\/wp\/v2\/media?parent=1145"}],"wp:term":[{"taxonomy":"category","embeddable":true,"href":"https:\/\/www.welovecycling.com\/ee\/wp-json\/wp\/v2\/categories?post=1145"},{"taxonomy":"post_tag","embeddable":true,"href":"https:\/\/www.welovecycling.com\/ee\/wp-json\/wp\/v2\/tags?post=1145"},{"taxonomy":"global-categories","embeddable":true,"href":"https:\/\/www.welovecycling.com\/ee\/wp-json\/wp\/v2\/global-categories?post=1145"}],"curies":[{"name":"wp","href":"https:\/\/api.w.org\/{rel}","templated":true}]}}