{"id":1107,"date":"2023-07-13T13:51:36","date_gmt":"2023-07-13T13:51:36","guid":{"rendered":"https:\/\/www.welovecycling.com\/ee\/?p=1107"},"modified":"2023-07-13T13:51:36","modified_gmt":"2023-07-13T13:51:36","slug":"tour-de-france-2023-etapid-7-11","status":"publish","type":"post","link":"https:\/\/www.welovecycling.com\/ee\/2023\/07\/13\/tour-de-france-2023-etapid-7-11\/","title":{"rendered":"Tour de France 2023 etapid 7-11"},"content":{"rendered":"<h2>Tour de France 7-11 etappide m\u00e4rks\u00f5nad on Philipsen, Vingegaard, Pogacar ja Cavendish. V\u00e4ga kiire kokkuv\u00f5te toimunust.<\/h2>\n<p>7. Etapp. See oli Cavendishi senine parim v\u00f5imalus. V\u00e4idetav tehniline mure aga j\u00e4ttis Marck &#8220;Manx Missile&#8221; Cavendishi teiseks. V\u00f5itis muidugi Philipsen (Alpecin-Deceuninck).<\/p>\n<p><a href=\"https:\/\/d2p6e6u75xmxt8.cloudfront.net\/15\/2023\/07\/7.etapp_.webp\"><img loading=\"lazy\" decoding=\"async\" class=\"alignnone size-extra-large wp-image-1114\" src=\"https:\/\/d2p6e6u75xmxt8.cloudfront.net\/15\/2023\/07\/7.etapp_-1920x1280.webp\" alt=\"\" width=\"1920\" height=\"1280\" srcset=\"https:\/\/d2p6e6u75xmxt8.cloudfront.net\/15\/2023\/07\/7.etapp_-1920x1280.webp 1920w, https:\/\/d2p6e6u75xmxt8.cloudfront.net\/15\/2023\/07\/7.etapp_-300x200.webp 300w, https:\/\/d2p6e6u75xmxt8.cloudfront.net\/15\/2023\/07\/7.etapp_-1024x683.webp 1024w, https:\/\/d2p6e6u75xmxt8.cloudfront.net\/15\/2023\/07\/7.etapp_-768x512.webp 768w, https:\/\/d2p6e6u75xmxt8.cloudfront.net\/15\/2023\/07\/7.etapp_-1536x1024.webp 1536w, https:\/\/d2p6e6u75xmxt8.cloudfront.net\/15\/2023\/07\/7.etapp_-400x267.webp 400w, https:\/\/d2p6e6u75xmxt8.cloudfront.net\/15\/2023\/07\/7.etapp_-272x182.webp 272w, https:\/\/d2p6e6u75xmxt8.cloudfront.net\/15\/2023\/07\/7.etapp_.webp 2048w, https:\/\/d2p6e6u75xmxt8.cloudfront.net\/15\/2023\/07\/7.etapp_-1920x1280.webp 1920w\" sizes=\"auto, (max-width: 1920px) 100vw, 1920px\" \/><\/a><\/p>\n<p>8. Etapp. Vahelduseks Philipsenile sai belglase eest etapiv\u00f5idu Pedersen (Lidl Trek). Paraku pidi Cavendish kukkumise tulemusena tuuri pooleli j\u00e4tma ja rekordi purustamine peab j\u00e4\u00e4ma j\u00e4rgmiseks korraks. Kas see kord ka tuleb, selgub ilmselt selle aasta jooksul.<\/p>\n<p><a href=\"https:\/\/d2p6e6u75xmxt8.cloudfront.net\/15\/2023\/07\/8.etapp_.webp\"><img loading=\"lazy\" decoding=\"async\" class=\"alignnone size-extra-large wp-image-1115\" src=\"https:\/\/d2p6e6u75xmxt8.cloudfront.net\/15\/2023\/07\/8.etapp_-1920x1279.webp\" alt=\"\" width=\"1920\" height=\"1279\" srcset=\"https:\/\/d2p6e6u75xmxt8.cloudfront.net\/15\/2023\/07\/8.etapp_-1920x1279.webp 1920w, https:\/\/d2p6e6u75xmxt8.cloudfront.net\/15\/2023\/07\/8.etapp_-300x200.webp 300w, https:\/\/d2p6e6u75xmxt8.cloudfront.net\/15\/2023\/07\/8.etapp_-1024x682.webp 1024w, https:\/\/d2p6e6u75xmxt8.cloudfront.net\/15\/2023\/07\/8.etapp_-768x512.webp 768w, https:\/\/d2p6e6u75xmxt8.cloudfront.net\/15\/2023\/07\/8.etapp_-1536x1023.webp 1536w, https:\/\/d2p6e6u75xmxt8.cloudfront.net\/15\/2023\/07\/8.etapp_-400x266.webp 400w, https:\/\/d2p6e6u75xmxt8.cloudfront.net\/15\/2023\/07\/8.etapp_-272x182.webp 272w, https:\/\/d2p6e6u75xmxt8.cloudfront.net\/15\/2023\/07\/8.etapp_.webp 2048w, https:\/\/d2p6e6u75xmxt8.cloudfront.net\/15\/2023\/07\/8.etapp_-1920x1279.webp 1920w\" sizes=\"auto, (max-width: 1920px) 100vw, 1920px\" \/><\/a><\/p>\n<p>9. Etapp. V\u00e4ga raske Puy de Dome l\u00f5put\u00f5usuga etapp oli paras triller. Kahju oli vaadata, kuidas elu s\u00f5itu teinud Jorgensen lagunes viimasel raske t\u00f5usunurgaga kilomeetril ja oli sunnitud j\u00e4\u00e4ma neljandaks. Temast m\u00f6\u00f6dusid 36 aastave Woods (Israel-Premier Tech), Latour (TotalEnergies) ja Mohoric (Bahrain Victorious). Kollase s\u00e4rgi v\u00f5itluses n\u00e4itas taas Pogacar, et tal on veidi parem minek ja v\u00f5ttis Vingagaardilt 8 sekundit tagasi.<br \/>\n\u00dcldarvestuse seis peale 9. etappi : 1. Vingegaard, 2. Pogacar +17, 3. Hindley +2.40.<\/p>\n<p><a href=\"https:\/\/d2p6e6u75xmxt8.cloudfront.net\/15\/2023\/07\/9.etapp_.webp\"><img loading=\"lazy\" decoding=\"async\" class=\"alignnone size-full wp-image-1116\" src=\"https:\/\/d2p6e6u75xmxt8.cloudfront.net\/15\/2023\/07\/9.etapp_.webp\" alt=\"\" width=\"1920\" height=\"1280\" srcset=\"https:\/\/d2p6e6u75xmxt8.cloudfront.net\/15\/2023\/07\/9.etapp_.webp 1920w, https:\/\/d2p6e6u75xmxt8.cloudfront.net\/15\/2023\/07\/9.etapp_-300x200.webp 300w, https:\/\/d2p6e6u75xmxt8.cloudfront.net\/15\/2023\/07\/9.etapp_-1024x683.webp 1024w, https:\/\/d2p6e6u75xmxt8.cloudfront.net\/15\/2023\/07\/9.etapp_-768x512.webp 768w, https:\/\/d2p6e6u75xmxt8.cloudfront.net\/15\/2023\/07\/9.etapp_-1536x1024.webp 1536w, https:\/\/d2p6e6u75xmxt8.cloudfront.net\/15\/2023\/07\/9.etapp_-400x267.webp 400w, https:\/\/d2p6e6u75xmxt8.cloudfront.net\/15\/2023\/07\/9.etapp_-272x182.webp 272w\" sizes=\"auto, (max-width: 1920px) 100vw, 1920px\" \/><\/a><\/p>\n<p>10. Etapp. See etapp l\u00e4ks jooksikutele. L\u00f5pus jooksikute grupist r\u00fcnnanud l\u00f5unanaaber Neilands (Israel-Premier Tech) p\u00fc\u00fcti paraku enne l\u00f5ppu kinni ja etapi v\u00f5itis Bilbao (Bahrain Victorious) kes p\u00fchendas v\u00f5idu oma varalahkunud tiimikaaslasele Gino M\u00e4derile.<\/p>\n<p><a href=\"https:\/\/d2p6e6u75xmxt8.cloudfront.net\/15\/2023\/07\/10.etapp_.webp\"><img loading=\"lazy\" decoding=\"async\" class=\"alignnone size-extra-large wp-image-1117\" src=\"https:\/\/d2p6e6u75xmxt8.cloudfront.net\/15\/2023\/07\/10.etapp_-1920x1280.webp\" alt=\"\" width=\"1920\" height=\"1280\" srcset=\"https:\/\/d2p6e6u75xmxt8.cloudfront.net\/15\/2023\/07\/10.etapp_-1920x1280.webp 1920w, https:\/\/d2p6e6u75xmxt8.cloudfront.net\/15\/2023\/07\/10.etapp_-300x200.webp 300w, https:\/\/d2p6e6u75xmxt8.cloudfront.net\/15\/2023\/07\/10.etapp_-1024x683.webp 1024w, https:\/\/d2p6e6u75xmxt8.cloudfront.net\/15\/2023\/07\/10.etapp_-768x512.webp 768w, https:\/\/d2p6e6u75xmxt8.cloudfront.net\/15\/2023\/07\/10.etapp_-1536x1024.webp 1536w, https:\/\/d2p6e6u75xmxt8.cloudfront.net\/15\/2023\/07\/10.etapp_-400x267.webp 400w, https:\/\/d2p6e6u75xmxt8.cloudfront.net\/15\/2023\/07\/10.etapp_-272x182.webp 272w, https:\/\/d2p6e6u75xmxt8.cloudfront.net\/15\/2023\/07\/10.etapp_.webp 2048w, https:\/\/d2p6e6u75xmxt8.cloudfront.net\/15\/2023\/07\/10.etapp_-1920x1280.webp 1920w\" sizes=\"auto, (max-width: 1920px) 100vw, 1920px\" \/><\/a><\/p>\n<p>11. Etapp oli taas sprinterite pidu ja ei olnud kellelgil midagi Philipseni vastu panna ja mees v\u00f5itis oma neljanda etapi sellelt tuurilt.<\/p>\n<p>Edasi l\u00e4heb trass j\u00e4lle v\u00e4ga loodist v\u00e4lja ja fookusesse v\u00f5etakse taas kollase s\u00e4rgi n\u00f5udlejad.<\/p>\n<p>&nbsp;<\/p>\n","protected":false},"excerpt":{"rendered":"<p>Tour de France 7-11 etappide m\u00e4rks\u00f5nad on Philipsen, Vingegaard, Pogacar ja Cavendish. V\u00e4ga kiire kokkuv\u00f5te toimunust. 7. Etapp. See oli [&hellip;]<\/p>\n","protected":false},"author":174,"featured_media":1119,"comment_status":"open","ping_status":"open","sticky":false,"template":"","format":"standard","meta":{"footnotes":""},"categories":[7],"tags":[129,132,14],"global-categories":[],"class_list":["post-1107","post","type-post","status-publish","format-standard","has-post-thumbnail","hentry","category-maanteeratas","tag-le-tour","tag-le-tour-de-france-2023","tag-tour-de-france"],"yoast_head":"<!-- This site is optimized with the Yoast SEO Premium plugin v25.3 (Yoast SEO v25.9) - https:\/\/yoast.com\/wordpress\/plugins\/seo\/ -->\n<title>Tour de France 2023 etapid 7-11 - \u0160koda We Love Cycling - Estonia<\/title>\n<meta name=\"description\" content=\"Tour de France 7-11 etappide m\u00e4rks\u00f5nad on Philipsen, Vingegaard, Pogacar ja Cavendish. V\u00e4ga kiire kokkuv\u00f5te toimunust.\" \/>\n<meta name=\"robots\" content=\"index, follow, max-snippet:-1, max-image-preview:large, max-video-preview:-1\" \/>\n<link rel=\"canonical\" href=\"https:\/\/www.welovecycling.com\/ee\/2023\/07\/13\/tour-de-france-2023-etapid-7-11\/\" \/>\n<meta property=\"og:locale\" content=\"et_EE\" \/>\n<meta property=\"og:type\" content=\"article\" \/>\n<meta property=\"og:title\" content=\"Tour de France 2023 etapid 7-11\" \/>\n<meta property=\"og:description\" content=\"Tour de France 7-11 etappide m\u00e4rks\u00f5nad on Philipsen, Vingegaard, Pogacar ja Cavendish. V\u00e4ga kiire kokkuv\u00f5te toimunust.\" \/>\n<meta property=\"og:url\" content=\"https:\/\/www.welovecycling.com\/ee\/2023\/07\/13\/tour-de-france-2023-etapid-7-11\/\" \/>\n<meta property=\"og:site_name\" content=\"\u0160koda We Love Cycling - Estonia\" \/>\n<meta property=\"article:published_time\" content=\"2023-07-13T13:51:36+00:00\" \/>\n<meta property=\"og:image\" content=\"https:\/\/d2p6e6u75xmxt8.cloudfront.net\/15\/2023\/07\/kaane.webp\" \/>\n\t<meta property=\"og:image:width\" content=\"2048\" \/>\n\t<meta property=\"og:image:height\" content=\"1365\" \/>\n\t<meta property=\"og:image:type\" content=\"image\/webp\" \/>\n<meta name=\"author\" content=\"andre\" \/>\n<meta name=\"twitter:card\" content=\"summary_large_image\" \/>\n<meta name=\"twitter:label1\" content=\"Written by\" \/>\n\t<meta name=\"twitter:data1\" content=\"Andre Kull\" \/>\n\t<meta name=\"twitter:label2\" content=\"Est. reading time\" \/>\n\t<meta name=\"twitter:data2\" content=\"3\" \/>\n<script type=\"application\/ld+json\" class=\"yoast-schema-graph\">{\"@context\":\"https:\/\/schema.org\",\"@graph\":[{\"@type\":\"WebPage\",\"@id\":\"https:\/\/www.welovecycling.com\/ee\/2023\/07\/13\/tour-de-france-2023-etapid-7-11\/\",\"url\":\"https:\/\/www.welovecycling.com\/ee\/2023\/07\/13\/tour-de-france-2023-etapid-7-11\/\",\"name\":\"Tour de France 2023 etapid 7-11 - \u0160koda We Love Cycling - Estonia\",\"isPartOf\":{\"@id\":\"https:\/\/www.welovecycling.com\/ee\/#website\"},\"primaryImageOfPage\":{\"@id\":\"https:\/\/www.welovecycling.com\/ee\/2023\/07\/13\/tour-de-france-2023-etapid-7-11\/#primaryimage\"},\"image\":{\"@id\":\"https:\/\/www.welovecycling.com\/ee\/2023\/07\/13\/tour-de-france-2023-etapid-7-11\/#primaryimage\"},\"thumbnailUrl\":\"https:\/\/d2p6e6u75xmxt8.cloudfront.net\/15\/2023\/07\/kaane.webp\",\"datePublished\":\"2023-07-13T13:51:36+00:00\",\"author\":{\"@id\":\"https:\/\/www.welovecycling.com\/ee\/#\/schema\/person\/8b7101c4bd1b1ae9d3732ebb1e6caf57\"},\"description\":\"Tour de France 7-11 etappide m\u00e4rks\u00f5nad on Philipsen, Vingegaard, Pogacar ja Cavendish. V\u00e4ga kiire kokkuv\u00f5te toimunust.\",\"inLanguage\":\"et\",\"potentialAction\":[{\"@type\":\"ReadAction\",\"target\":[\"https:\/\/www.welovecycling.com\/ee\/2023\/07\/13\/tour-de-france-2023-etapid-7-11\/\"]}]},{\"@type\":\"ImageObject\",\"inLanguage\":\"et\",\"@id\":\"https:\/\/www.welovecycling.com\/ee\/2023\/07\/13\/tour-de-france-2023-etapid-7-11\/#primaryimage\",\"url\":\"https:\/\/d2p6e6u75xmxt8.cloudfront.net\/15\/2023\/07\/kaane.webp\",\"contentUrl\":\"https:\/\/d2p6e6u75xmxt8.cloudfront.net\/15\/2023\/07\/kaane.webp\",\"width\":2048,\"height\":1365},{\"@type\":\"WebSite\",\"@id\":\"https:\/\/www.welovecycling.com\/ee\/#website\",\"url\":\"https:\/\/www.welovecycling.com\/ee\/\",\"name\":\"\u0160koda We Love Cycling - Estonia\",\"description\":\"\",\"potentialAction\":[{\"@type\":\"SearchAction\",\"target\":{\"@type\":\"EntryPoint\",\"urlTemplate\":\"https:\/\/www.welovecycling.com\/ee\/?s={search_term_string}\"},\"query-input\":{\"@type\":\"PropertyValueSpecification\",\"valueRequired\":true,\"valueName\":\"search_term_string\"}}],\"inLanguage\":\"et\"},{\"@type\":\"Person\",\"@id\":\"https:\/\/www.welovecycling.com\/ee\/#\/schema\/person\/8b7101c4bd1b1ae9d3732ebb1e6caf57\",\"name\":\"andre\",\"image\":{\"@type\":\"ImageObject\",\"inLanguage\":\"et\",\"@id\":\"https:\/\/www.welovecycling.com\/ee\/#\/schema\/person\/image\/\",\"url\":\"https:\/\/secure.gravatar.com\/avatar\/0656b3224fe17b018f43b8a562625dd43d30827f027b2f62bc5a05711fec9a61?s=96&d=mm&r=g\",\"contentUrl\":\"https:\/\/secure.gravatar.com\/avatar\/0656b3224fe17b018f43b8a562625dd43d30827f027b2f62bc5a05711fec9a61?s=96&d=mm&r=g\",\"caption\":\"andre\"},\"url\":\"https:\/\/www.welovecycling.com\/ee\/author\/andre\/\"}]}<\/script>\n<!-- \/ Yoast SEO Premium plugin. -->","yoast_head_json":{"title":"Tour de France 2023 etapid 7-11 - \u0160koda We Love Cycling - Estonia","description":"Tour de France 7-11 etappide m\u00e4rks\u00f5nad on Philipsen, Vingegaard, Pogacar ja Cavendish. V\u00e4ga kiire kokkuv\u00f5te toimunust.","robots":{"index":"index","follow":"follow","max-snippet":"max-snippet:-1","max-image-preview":"max-image-preview:large","max-video-preview":"max-video-preview:-1"},"canonical":"https:\/\/www.welovecycling.com\/ee\/2023\/07\/13\/tour-de-france-2023-etapid-7-11\/","og_locale":"et_EE","og_type":"article","og_title":"Tour de France 2023 etapid 7-11","og_description":"Tour de France 7-11 etappide m\u00e4rks\u00f5nad on Philipsen, Vingegaard, Pogacar ja Cavendish. V\u00e4ga kiire kokkuv\u00f5te toimunust.","og_url":"https:\/\/www.welovecycling.com\/ee\/2023\/07\/13\/tour-de-france-2023-etapid-7-11\/","og_site_name":"\u0160koda We Love Cycling - Estonia","article_published_time":"2023-07-13T13:51:36+00:00","og_image":[{"width":2048,"height":1365,"url":"https:\/\/d2p6e6u75xmxt8.cloudfront.net\/15\/2023\/07\/kaane.webp","type":"image\/webp"}],"author":"andre","twitter_card":"summary_large_image","twitter_misc":{"Written by":"Andre Kull","Est. reading time":"3"},"schema":{"@context":"https:\/\/schema.org","@graph":[{"@type":"WebPage","@id":"https:\/\/www.welovecycling.com\/ee\/2023\/07\/13\/tour-de-france-2023-etapid-7-11\/","url":"https:\/\/www.welovecycling.com\/ee\/2023\/07\/13\/tour-de-france-2023-etapid-7-11\/","name":"Tour de France 2023 etapid 7-11 - \u0160koda We Love Cycling - Estonia","isPartOf":{"@id":"https:\/\/www.welovecycling.com\/ee\/#website"},"primaryImageOfPage":{"@id":"https:\/\/www.welovecycling.com\/ee\/2023\/07\/13\/tour-de-france-2023-etapid-7-11\/#primaryimage"},"image":{"@id":"https:\/\/www.welovecycling.com\/ee\/2023\/07\/13\/tour-de-france-2023-etapid-7-11\/#primaryimage"},"thumbnailUrl":"https:\/\/d2p6e6u75xmxt8.cloudfront.net\/15\/2023\/07\/kaane.webp","datePublished":"2023-07-13T13:51:36+00:00","author":{"@id":"https:\/\/www.welovecycling.com\/ee\/#\/schema\/person\/8b7101c4bd1b1ae9d3732ebb1e6caf57"},"description":"Tour de France 7-11 etappide m\u00e4rks\u00f5nad on Philipsen, Vingegaard, Pogacar ja Cavendish. V\u00e4ga kiire kokkuv\u00f5te toimunust.","inLanguage":"et","potentialAction":[{"@type":"ReadAction","target":["https:\/\/www.welovecycling.com\/ee\/2023\/07\/13\/tour-de-france-2023-etapid-7-11\/"]}]},{"@type":"ImageObject","inLanguage":"et","@id":"https:\/\/www.welovecycling.com\/ee\/2023\/07\/13\/tour-de-france-2023-etapid-7-11\/#primaryimage","url":"https:\/\/d2p6e6u75xmxt8.cloudfront.net\/15\/2023\/07\/kaane.webp","contentUrl":"https:\/\/d2p6e6u75xmxt8.cloudfront.net\/15\/2023\/07\/kaane.webp","width":2048,"height":1365},{"@type":"WebSite","@id":"https:\/\/www.welovecycling.com\/ee\/#website","url":"https:\/\/www.welovecycling.com\/ee\/","name":"\u0160koda We Love Cycling - Estonia","description":"","potentialAction":[{"@type":"SearchAction","target":{"@type":"EntryPoint","urlTemplate":"https:\/\/www.welovecycling.com\/ee\/?s={search_term_string}"},"query-input":{"@type":"PropertyValueSpecification","valueRequired":true,"valueName":"search_term_string"}}],"inLanguage":"et"},{"@type":"Person","@id":"https:\/\/www.welovecycling.com\/ee\/#\/schema\/person\/8b7101c4bd1b1ae9d3732ebb1e6caf57","name":"andre","image":{"@type":"ImageObject","inLanguage":"et","@id":"https:\/\/www.welovecycling.com\/ee\/#\/schema\/person\/image\/","url":"https:\/\/secure.gravatar.com\/avatar\/0656b3224fe17b018f43b8a562625dd43d30827f027b2f62bc5a05711fec9a61?s=96&d=mm&r=g","contentUrl":"https:\/\/secure.gravatar.com\/avatar\/0656b3224fe17b018f43b8a562625dd43d30827f027b2f62bc5a05711fec9a61?s=96&d=mm&r=g","caption":"andre"},"url":"https:\/\/www.welovecycling.com\/ee\/author\/andre\/"}]}},"_links":{"self":[{"href":"https:\/\/www.welovecycling.com\/ee\/wp-json\/wp\/v2\/posts\/1107","targetHints":{"allow":["GET"]}}],"collection":[{"href":"https:\/\/www.welovecycling.com\/ee\/wp-json\/wp\/v2\/posts"}],"about":[{"href":"https:\/\/www.welovecycling.com\/ee\/wp-json\/wp\/v2\/types\/post"}],"author":[{"embeddable":true,"href":"https:\/\/www.welovecycling.com\/ee\/wp-json\/wp\/v2\/users\/174"}],"replies":[{"embeddable":true,"href":"https:\/\/www.welovecycling.com\/ee\/wp-json\/wp\/v2\/comments?post=1107"}],"version-history":[{"count":7,"href":"https:\/\/www.welovecycling.com\/ee\/wp-json\/wp\/v2\/posts\/1107\/revisions"}],"predecessor-version":[{"id":1122,"href":"https:\/\/www.welovecycling.com\/ee\/wp-json\/wp\/v2\/posts\/1107\/revisions\/1122"}],"wp:featuredmedia":[{"embeddable":true,"href":"https:\/\/www.welovecycling.com\/ee\/wp-json\/wp\/v2\/media\/1119"}],"wp:attachment":[{"href":"https:\/\/www.welovecycling.com\/ee\/wp-json\/wp\/v2\/media?parent=1107"}],"wp:term":[{"taxonomy":"category","embeddable":true,"href":"https:\/\/www.welovecycling.com\/ee\/wp-json\/wp\/v2\/categories?post=1107"},{"taxonomy":"post_tag","embeddable":true,"href":"https:\/\/www.welovecycling.com\/ee\/wp-json\/wp\/v2\/tags?post=1107"},{"taxonomy":"global-categories","embeddable":true,"href":"https:\/\/www.welovecycling.com\/ee\/wp-json\/wp\/v2\/global-categories?post=1107"}],"curies":[{"name":"wp","href":"https:\/\/api.w.org\/{rel}","templated":true}]}}