{"id":1078,"date":"2023-07-11T09:23:11","date_gmt":"2023-07-11T09:23:11","guid":{"rendered":"https:\/\/www.welovecycling.com\/ee\/?p=1078"},"modified":"2023-07-11T09:23:11","modified_gmt":"2023-07-11T09:23:11","slug":"tiimide-dunaamika-muutused-tour-de-franceil-viimase-20-aasta-jooksul","status":"publish","type":"post","link":"https:\/\/www.welovecycling.com\/ee\/2023\/07\/11\/tiimide-dunaamika-muutused-tour-de-franceil-viimase-20-aasta-jooksul\/","title":{"rendered":"Tiimide d\u00fcnaamika muutused Tour de France\u2019il viimase 20 aasta jooksul"},"content":{"rendered":"<h4 class=\"kodaliid\"><span style=\"mso-bidi-font-size: 12.0pt; mso-fareast-font-family: 'SKODA Next'; mso-bidi-font-weight: bold;\">Tour de France\u2019i viimase kahe aastak\u00fcmne jooksul on tiimide d\u00fcnaamikas aset leidnud m\u00e4rkimisv\u00e4\u00e4rsed nihked. Tiimid on kohandanud oma taktikat muutunud oludega, alates strateegiliste \u201esprindirongide\u201c moodustamisest kuni pidevalt \u00fcmberpaiknevate prioriteetideni oma liidrite toetamisel. Samal ajal on tiimide koosseisu v\u00e4henemine tuntavalt m\u00f5jutanud v\u00f5istluse strateegiat ja ressursside jaotamist.<\/span><\/h4>\n<p class=\"MsoNormal\"><span style=\"mso-fareast-font-family: 'SKODA Next';\">Vaatame esiteks \u201esprindironge\u201c v\u00f5i \u201evedajaid\u201c sellistele kiiretele meestele nagu n\u00e4iteks Mark Cavendish, Caleb Ewan v\u00f5i Marcel Kittel.<\/span><\/p>\n<h4 class=\"kodavahepealkiri\"><span style=\"mso-bidi-font-size: 12.0pt; mso-fareast-font-family: 'SKODA Next Black';\">Sprindirongide esilekerkimine<\/span><\/h4>\n<p class=\"MsoNormal\"><span style=\"mso-fareast-font-family: 'SKODA Next';\"><a href=\"https:\/\/www.letour.fr\/en\/\">Tour de France\u2019i<\/a> juhtivaks j\u00f5uks kujunenud sprindirongid ilmusid millal 2000. aastate algul, umbes sel ajal, kui minagi veel rattaproff olin. Enne seda lootsid sprinterid p\u00f5hiliselt isiklikule andele, \u00fchele olulisele tuge pakkuvale tiimikaaslasele ja taktikalisele vilumusele, et end sageli kaootiliseks kujunevas l\u00f5puspurdis \u00f5igel ajal \u00f5igele kohale man\u00f6\u00f6verdada. Ent kui tiimid jagasid \u00e4ra eelise, mida pakub oma ratturitest organiseeritud vedajate rong, muutus sprindifini\u0161ite d\u00fcnaamika p\u00f5hjalikult. M\u00f5elge n\u00e4iteks Mario Cipollinile ja tema Saeco tiimi vedajatele, kes olid \u00fched esimesed. M\u00e4letan mitmeid kordi, kui ma nende tegutsemist aukartusega pealt vaatasin, ise pisut kaugemalt grupis veeredes.<\/span><\/p>\n<p class=\"MsoNormal\"><span style=\"mso-fareast-font-family: 'SKODA Next';\">Et oleks selge: sprindirong t\u00e4hendab mitmeid rattureid, kes oma tiimi sprinteri grupi etteotsa viimiseks t\u00f6\u00f6tavad koos \u00fclisuurel kiirusel, v\u00f5imaldades viimasel l\u00f5puspurti v\u00f5imalikult t\u00f5husalt alustada. See \u00fclimalt spetsiifiline tegevus on m\u00f5eldud maksimeerima sprinteri v\u00f5iduv\u00f5imalusi, minimeerides selliseid m\u00f5jureid nagu tuuletakistus v\u00f5i v\u00f5itlus positsiooni p\u00e4rast. \u00dcks paremaid moodsate p\u00e4evade n\u00e4iteid sellelt alalt on Quick Stepi tiim, mis viis 2021. aasta Tour de France\u2019il Mark Cavendishi rekordit kordava nelja v\u00f5iduni. Viimase fini\u0161ieelse vedajana oli seal ametis Michael Morkov.<\/span><\/p>\n<h4 class=\"kodavahepealkiri\"><span style=\"mso-bidi-font-size: 12.0pt; mso-fareast-font-family: 'SKODA Next Black';\">Universaalide muutuv maailm<\/span><\/h4>\n<p class=\"MsoNormal\"><span style=\"mso-fareast-font-family: 'SKODA Next';\">Sprindirongide tekke ja arengu varjus kujunes \u00fcmber ka universaalide (\u00fcldkokkuv\u00f5tte kohale s\u00f5itvad tiimi liidrid) vaheline v\u00f5itlus \u00fcldarvestuse esikoha p\u00e4rast. Traditsiooniliselt toetusid universaalid oma tiimi abile m\u00e4gedes, et kaitsta kohta ja v\u00f5imaluse korral v\u00f5ita aega rivaalide vastu. Kuid viimase 20 aasta jooksul on tiimid hakanud tegutsema eripalgelisemalt, ehitades meeskonna \u00fcles oma universaalide konkreetsetele tugevustele p\u00f5hinedes. M\u00f5elge n\u00e4iteks Team Skyle Chris Froome\u2019i v\u00f5i Bradley Wigginsi teenistuses ning Jumbo-Visma k\u00f5ikev\u00f5itvale meeskonnale, kes aitas Jonas Vingegaardi 2023. aasta Touri v\u00f5itjaks. D<i>omestique\u00b4d (<\/i>tiimi liidri ablised)\u00a0on t\u00e4nap\u00e4eval tihtilugu nii-\u00f6elda luksusabilised, kes isegi suutelised v\u00f5idus\u00f5ite v\u00f5itma. Geraint Thomas Chris Froome\u2019i abistamas v\u00f5i Wout van Aert Jonas Vingegaardi toena on vast kaks parimat n\u00e4idet.<\/span><\/p>\n<figure id=\"attachment_1081\" aria-describedby=\"caption-attachment-1081\" style=\"width: 892px\" class=\"wp-caption alignnone\"><a href=\"https:\/\/d2p6e6u75xmxt8.cloudfront.net\/15\/2023\/07\/muutused2.webp\"><img loading=\"lazy\" decoding=\"async\" class=\"wp-image-1081 size-full\" src=\"https:\/\/d2p6e6u75xmxt8.cloudfront.net\/15\/2023\/07\/muutused2.webp\" alt=\"\" width=\"892\" height=\"595\" srcset=\"https:\/\/d2p6e6u75xmxt8.cloudfront.net\/15\/2023\/07\/muutused2.webp 892w, https:\/\/d2p6e6u75xmxt8.cloudfront.net\/15\/2023\/07\/muutused2-300x200.webp 300w, https:\/\/d2p6e6u75xmxt8.cloudfront.net\/15\/2023\/07\/muutused2-768x512.webp 768w, https:\/\/d2p6e6u75xmxt8.cloudfront.net\/15\/2023\/07\/muutused2-400x267.webp 400w, https:\/\/d2p6e6u75xmxt8.cloudfront.net\/15\/2023\/07\/muutused2-272x182.webp 272w\" sizes=\"auto, (max-width: 892px) 100vw, 892px\" \/><\/a><figcaption id=\"caption-attachment-1081\" class=\"wp-caption-text\">Simon Clarke v\u00f5idab 2022. aasta tuuri viienda etapi Intermarche-Wanty-Gobert Materiaux\u2019 tiimi esindanud hollandlane Taco van der Hoorni ees. \u00a9 Profimedia<\/figcaption><\/figure>\n<p class=\"MsoNormal\"><span style=\"mso-fareast-font-family: 'SKODA Next';\"><br \/>\nT\u00e4nap\u00e4eval on tugevate universaalide meeskonnad selge struktuuriga \u00fcksused, kus m\u00e4gironijad ja \u201ekoduabilised\u201c t\u00f6\u00f6tavad koos oma tiimi liidri m\u00e4gedest \u00fclevedamise nimel, aidates tal hakkama saada nii munakivide kui ka k\u00fclgtuulega. See nihe on teravdanud ka tiimidevahelist konkurentsi, sest keskendutakse mitte ainult \u00fcksikutele s\u00f5itjatele, vaid kogu tiimi kui terviku tugevusele. Tiimit\u00f6\u00f6 t\u00e4htsuse t\u00f5us on omakorda kergitanud strateegilise ja taktikalise v\u00f5itluse olulisust ning igal ratturil on seal kaalukas roll. Kes saaks unustada 2022. aasta Touri 11. etappi, kus \u00fcldliider Tadej Poga\u010dari r\u00fcndasid vaheldumisi Jumbo-Visma tiimi s\u00f5itjad Primo\u017e Rogli\u010d, Wout van Aert ja Jonas Vingegaard ning kulutasid liidri j\u00f5uvarusid mitmete etterebimistega. Ilmselt just see p\u00e4ev t\u00f5igi Touri \u00fcldv\u00f5idu l\u00f5puks Vingegaardile, kuna Poga\u010dar sellest taktikalisest kallaletungist enam t\u00e4ielikult ei taastunudki.<\/span><\/p>\n<h4 class=\"kodavahepealkiri\"><span style=\"mso-bidi-font-size: 12.0pt; mso-fareast-font-family: 'SKODA Next Black';\">Meeskonna suuruse m\u00f5ju<\/span><\/h4>\n<p class=\"MsoNormal\"><span style=\"mso-fareast-font-family: 'SKODA Next';\">Veel \u00fcks oluline Tour de France\u2019i d\u00fcnaamikat k\u00f5igutanud muudatus oli tiimide koosseisu kahandamine. Aastani 2018 olid tiimid \u00fcheksaliikmelised, kuid alates aastast 2019 kahandas rahvusvaheline rattaliit UCI (Union Cycliste Internationale) tiimi maksimumsuuruse kaheksale. See sundis meeskondi tegema strateegilisi otsuseid ressursside jagamise osas ja valima endale rattureid, kes on tugevad mitmes vallas.<\/span><\/p>\n<p class=\"MsoNormal\"><span style=\"mso-fareast-font-family: 'SKODA Next';\">\u00dche v\u00e4hems\u00f5itja puhul pidid tiimid olema strateegia kujundamisel hoolikamad ja t\u00f5husamad, kuid samal ajal muutusid leidlikumaks ja loovamaks, mis on kaasa toonud v\u00e4ga p\u00f5nevaid v\u00f5idus\u00f5ite. \u00dche s\u00f5itja puudumine v\u00f5ib olla selgelt tuntav, eriti \u00fcldv\u00f5idu p\u00fc\u00fcdlejate toetamisel. Samuti pidid meeskonnad j\u00e4lgima, et igal ratturil oleks vajalikud oskused-v\u00f5imed t\u00f5husa toetuse osutamiseks v\u00e4ga erinevates v\u00f5istlusolukordades.<\/span><\/p>\n<h4 class=\"kodavahepealkiri\"><span style=\"mso-bidi-font-size: 12.0pt; mso-fareast-font-family: 'SKODA Next Black';\">Ressursside jaotamine ja taktika<\/span><\/h4>\n<p class=\"MsoNormal\"><span style=\"mso-fareast-font-family: 'SKODA Next';\">Tiimi kooseisu kokkut\u00f5mbamine muutis ka ressursside jaotust ja taktikalisi valikuid. Kuna liidri toetajaid on v\u00e4hem, peavad tiimid otsustama, millistele etappidele keskenduda, valides oma liidri jaoks k\u00f5ige sobivama maastiku. Samuti peavad tiimid m\u00f5tlema strateegiliselt oma \u201ekoduabiliste\u201c kasutamisele, tagades v\u00f5istluse kriitilistel hetkedel nende \u00f5igel ajal \u00f5iges kohas viibimise. Ineos Grenadiers n\u00e4iteks roteerib oma rattureid, et need oleksid olulistel etappidel v\u00e4rsked ja suudaksid oma \u00fclesannetega hakkama saada.<\/span><\/p>\n<p class=\"MsoNormal\"><span style=\"mso-fareast-font-family: 'SKODA Next';\">Tour de France aga areneb ja muutub omasoodu, olles endiselt tiimit\u00f6\u00f6, strateegia ja individuaalse meisterlikkuse paeluv n\u00e4ide, mis meid k\u00f5iki inspireerib ja meil meelt lahutab. Viimase paarik\u00fcmne aasta jooksul n\u00e4htud muutused tiimide d\u00fcnaamikas r\u00f5hutavad meie spordiala pidevaid p\u00fc\u00fcdlusi uuenduste ja kohanemise suunas, \u00f5hutades meeskondi nihutama v\u00f5imatu ja v\u00f5imaliku piire maailma suurimal jalgrattav\u00f5istlusel. Ma ei j\u00f5ua \u00e4ra oodata, mida k\u00f5ike p\u00f5nevat 2023. aasta v\u00f5istlus toob.<\/span><\/p>\n","protected":false},"excerpt":{"rendered":"<p>Tour de France\u2019i viimase kahe aastak\u00fcmne jooksul on tiimide d\u00fcnaamikas aset leidnud m\u00e4rkimisv\u00e4\u00e4rsed nihked. Tiimid on kohandanud oma taktikat muutunud [&hellip;]<\/p>\n","protected":false},"author":174,"featured_media":1080,"comment_status":"open","ping_status":"open","sticky":false,"template":"","format":"standard","meta":{"footnotes":""},"categories":[39],"tags":[132,14],"global-categories":[22],"class_list":["post-1078","post","type-post","status-publish","format-standard","has-post-thumbnail","hentry","category-maanteesoit","tag-le-tour-de-france-2023","tag-tour-de-france","global-categories-cycling"],"yoast_head":"<!-- This site is optimized with the Yoast SEO Premium plugin v25.3 (Yoast SEO v25.9) - https:\/\/yoast.com\/wordpress\/plugins\/seo\/ -->\n<title>Tiimide d\u00fcnaamika muutused Tour de France\u2019il viimase 20 aasta jooksul - \u0160koda We Love Cycling - Estonia<\/title>\n<meta name=\"description\" content=\"Tour de France\u2019i viimase kahe aastak\u00fcmne jooksul on tiimide d\u00fcnaamikas aset leidnud m\u00e4rkimisv\u00e4\u00e4rsed nihked. Tiimid on kohandanud oma taktikat muutunud oludega, alates strateegiliste \u201esprindirongide\u201c moodustamisest kuni pidevalt \u00fcmberpaiknevate prioriteetideni oma liidrite toetamisel. Samal ajal on tiimide koosseisu v\u00e4henemine tuntavalt m\u00f5jutanud v\u00f5istluse strateegiat ja ressursside jaotamist.\" \/>\n<meta name=\"robots\" content=\"index, follow, max-snippet:-1, max-image-preview:large, max-video-preview:-1\" \/>\n<link rel=\"canonical\" href=\"https:\/\/www.welovecycling.com\/ee\/2023\/07\/11\/tiimide-dunaamika-muutused-tour-de-franceil-viimase-20-aasta-jooksul\/\" \/>\n<meta property=\"og:locale\" content=\"et_EE\" \/>\n<meta property=\"og:type\" content=\"article\" \/>\n<meta property=\"og:title\" content=\"Tiimide d\u00fcnaamika muutused Tour de France\u2019il viimase 20 aasta jooksul\" \/>\n<meta property=\"og:description\" content=\"Tour de France\u2019i viimase kahe aastak\u00fcmne jooksul on tiimide d\u00fcnaamikas aset leidnud m\u00e4rkimisv\u00e4\u00e4rsed nihked. Tiimid on kohandanud oma taktikat muutunud oludega, alates strateegiliste \u201esprindirongide\u201c moodustamisest kuni pidevalt \u00fcmberpaiknevate prioriteetideni oma liidrite toetamisel. Samal ajal on tiimide koosseisu v\u00e4henemine tuntavalt m\u00f5jutanud v\u00f5istluse strateegiat ja ressursside jaotamist.\" \/>\n<meta property=\"og:url\" content=\"https:\/\/www.welovecycling.com\/ee\/2023\/07\/11\/tiimide-dunaamika-muutused-tour-de-franceil-viimase-20-aasta-jooksul\/\" \/>\n<meta property=\"og:site_name\" content=\"\u0160koda We Love Cycling - Estonia\" \/>\n<meta property=\"article:published_time\" content=\"2023-07-11T09:23:11+00:00\" \/>\n<meta property=\"og:image\" content=\"https:\/\/d2p6e6u75xmxt8.cloudfront.net\/15\/2023\/07\/muutused1.webp\" \/>\n\t<meta property=\"og:image:width\" content=\"890\" \/>\n\t<meta property=\"og:image:height\" content=\"594\" \/>\n\t<meta property=\"og:image:type\" content=\"image\/webp\" \/>\n<meta name=\"author\" content=\"andre\" \/>\n<meta name=\"twitter:card\" content=\"summary_large_image\" \/>\n<meta name=\"twitter:label1\" content=\"Written by\" \/>\n\t<meta name=\"twitter:data1\" content=\"Matt Stephens\" \/>\n\t<meta name=\"twitter:label2\" content=\"Est. reading time\" \/>\n\t<meta name=\"twitter:data2\" content=\"5\" \/>\n<script type=\"application\/ld+json\" class=\"yoast-schema-graph\">{\"@context\":\"https:\/\/schema.org\",\"@graph\":[{\"@type\":\"WebPage\",\"@id\":\"https:\/\/www.welovecycling.com\/ee\/2023\/07\/11\/tiimide-dunaamika-muutused-tour-de-franceil-viimase-20-aasta-jooksul\/\",\"url\":\"https:\/\/www.welovecycling.com\/ee\/2023\/07\/11\/tiimide-dunaamika-muutused-tour-de-franceil-viimase-20-aasta-jooksul\/\",\"name\":\"Tiimide d\u00fcnaamika muutused Tour de France\u2019il viimase 20 aasta jooksul - \u0160koda We Love Cycling - Estonia\",\"isPartOf\":{\"@id\":\"https:\/\/www.welovecycling.com\/ee\/#website\"},\"primaryImageOfPage\":{\"@id\":\"https:\/\/www.welovecycling.com\/ee\/2023\/07\/11\/tiimide-dunaamika-muutused-tour-de-franceil-viimase-20-aasta-jooksul\/#primaryimage\"},\"image\":{\"@id\":\"https:\/\/www.welovecycling.com\/ee\/2023\/07\/11\/tiimide-dunaamika-muutused-tour-de-franceil-viimase-20-aasta-jooksul\/#primaryimage\"},\"thumbnailUrl\":\"https:\/\/d2p6e6u75xmxt8.cloudfront.net\/15\/2023\/07\/muutused1.webp\",\"datePublished\":\"2023-07-11T09:23:11+00:00\",\"author\":{\"@id\":\"https:\/\/www.welovecycling.com\/ee\/#\/schema\/person\/8b7101c4bd1b1ae9d3732ebb1e6caf57\"},\"description\":\"Tour de France\u2019i viimase kahe aastak\u00fcmne jooksul on tiimide d\u00fcnaamikas aset leidnud m\u00e4rkimisv\u00e4\u00e4rsed nihked. Tiimid on kohandanud oma taktikat muutunud oludega, alates strateegiliste \u201esprindirongide\u201c moodustamisest kuni pidevalt \u00fcmberpaiknevate prioriteetideni oma liidrite toetamisel. Samal ajal on tiimide koosseisu v\u00e4henemine tuntavalt m\u00f5jutanud v\u00f5istluse strateegiat ja ressursside jaotamist.\",\"inLanguage\":\"et\",\"potentialAction\":[{\"@type\":\"ReadAction\",\"target\":[\"https:\/\/www.welovecycling.com\/ee\/2023\/07\/11\/tiimide-dunaamika-muutused-tour-de-franceil-viimase-20-aasta-jooksul\/\"]}]},{\"@type\":\"ImageObject\",\"inLanguage\":\"et\",\"@id\":\"https:\/\/www.welovecycling.com\/ee\/2023\/07\/11\/tiimide-dunaamika-muutused-tour-de-franceil-viimase-20-aasta-jooksul\/#primaryimage\",\"url\":\"https:\/\/d2p6e6u75xmxt8.cloudfront.net\/15\/2023\/07\/muutused1.webp\",\"contentUrl\":\"https:\/\/d2p6e6u75xmxt8.cloudfront.net\/15\/2023\/07\/muutused1.webp\",\"width\":890,\"height\":594},{\"@type\":\"WebSite\",\"@id\":\"https:\/\/www.welovecycling.com\/ee\/#website\",\"url\":\"https:\/\/www.welovecycling.com\/ee\/\",\"name\":\"\u0160koda We Love Cycling - Estonia\",\"description\":\"\",\"potentialAction\":[{\"@type\":\"SearchAction\",\"target\":{\"@type\":\"EntryPoint\",\"urlTemplate\":\"https:\/\/www.welovecycling.com\/ee\/?s={search_term_string}\"},\"query-input\":{\"@type\":\"PropertyValueSpecification\",\"valueRequired\":true,\"valueName\":\"search_term_string\"}}],\"inLanguage\":\"et\"},{\"@type\":\"Person\",\"@id\":\"https:\/\/www.welovecycling.com\/ee\/#\/schema\/person\/8b7101c4bd1b1ae9d3732ebb1e6caf57\",\"name\":\"andre\",\"image\":{\"@type\":\"ImageObject\",\"inLanguage\":\"et\",\"@id\":\"https:\/\/www.welovecycling.com\/ee\/#\/schema\/person\/image\/\",\"url\":\"https:\/\/secure.gravatar.com\/avatar\/0656b3224fe17b018f43b8a562625dd43d30827f027b2f62bc5a05711fec9a61?s=96&d=mm&r=g\",\"contentUrl\":\"https:\/\/secure.gravatar.com\/avatar\/0656b3224fe17b018f43b8a562625dd43d30827f027b2f62bc5a05711fec9a61?s=96&d=mm&r=g\",\"caption\":\"andre\"},\"url\":\"https:\/\/www.welovecycling.com\/ee\/author\/andre\/\"}]}<\/script>\n<!-- \/ Yoast SEO Premium plugin. -->","yoast_head_json":{"title":"Tiimide d\u00fcnaamika muutused Tour de France\u2019il viimase 20 aasta jooksul - \u0160koda We Love Cycling - Estonia","description":"Tour de France\u2019i viimase kahe aastak\u00fcmne jooksul on tiimide d\u00fcnaamikas aset leidnud m\u00e4rkimisv\u00e4\u00e4rsed nihked. Tiimid on kohandanud oma taktikat muutunud oludega, alates strateegiliste \u201esprindirongide\u201c moodustamisest kuni pidevalt \u00fcmberpaiknevate prioriteetideni oma liidrite toetamisel. Samal ajal on tiimide koosseisu v\u00e4henemine tuntavalt m\u00f5jutanud v\u00f5istluse strateegiat ja ressursside jaotamist.","robots":{"index":"index","follow":"follow","max-snippet":"max-snippet:-1","max-image-preview":"max-image-preview:large","max-video-preview":"max-video-preview:-1"},"canonical":"https:\/\/www.welovecycling.com\/ee\/2023\/07\/11\/tiimide-dunaamika-muutused-tour-de-franceil-viimase-20-aasta-jooksul\/","og_locale":"et_EE","og_type":"article","og_title":"Tiimide d\u00fcnaamika muutused Tour de France\u2019il viimase 20 aasta jooksul","og_description":"Tour de France\u2019i viimase kahe aastak\u00fcmne jooksul on tiimide d\u00fcnaamikas aset leidnud m\u00e4rkimisv\u00e4\u00e4rsed nihked. Tiimid on kohandanud oma taktikat muutunud oludega, alates strateegiliste \u201esprindirongide\u201c moodustamisest kuni pidevalt \u00fcmberpaiknevate prioriteetideni oma liidrite toetamisel. Samal ajal on tiimide koosseisu v\u00e4henemine tuntavalt m\u00f5jutanud v\u00f5istluse strateegiat ja ressursside jaotamist.","og_url":"https:\/\/www.welovecycling.com\/ee\/2023\/07\/11\/tiimide-dunaamika-muutused-tour-de-franceil-viimase-20-aasta-jooksul\/","og_site_name":"\u0160koda We Love Cycling - Estonia","article_published_time":"2023-07-11T09:23:11+00:00","og_image":[{"width":890,"height":594,"url":"https:\/\/d2p6e6u75xmxt8.cloudfront.net\/15\/2023\/07\/muutused1.webp","type":"image\/webp"}],"author":"andre","twitter_card":"summary_large_image","twitter_misc":{"Written by":"Matt Stephens","Est. reading time":"5"},"schema":{"@context":"https:\/\/schema.org","@graph":[{"@type":"WebPage","@id":"https:\/\/www.welovecycling.com\/ee\/2023\/07\/11\/tiimide-dunaamika-muutused-tour-de-franceil-viimase-20-aasta-jooksul\/","url":"https:\/\/www.welovecycling.com\/ee\/2023\/07\/11\/tiimide-dunaamika-muutused-tour-de-franceil-viimase-20-aasta-jooksul\/","name":"Tiimide d\u00fcnaamika muutused Tour de France\u2019il viimase 20 aasta jooksul - \u0160koda We Love Cycling - Estonia","isPartOf":{"@id":"https:\/\/www.welovecycling.com\/ee\/#website"},"primaryImageOfPage":{"@id":"https:\/\/www.welovecycling.com\/ee\/2023\/07\/11\/tiimide-dunaamika-muutused-tour-de-franceil-viimase-20-aasta-jooksul\/#primaryimage"},"image":{"@id":"https:\/\/www.welovecycling.com\/ee\/2023\/07\/11\/tiimide-dunaamika-muutused-tour-de-franceil-viimase-20-aasta-jooksul\/#primaryimage"},"thumbnailUrl":"https:\/\/d2p6e6u75xmxt8.cloudfront.net\/15\/2023\/07\/muutused1.webp","datePublished":"2023-07-11T09:23:11+00:00","author":{"@id":"https:\/\/www.welovecycling.com\/ee\/#\/schema\/person\/8b7101c4bd1b1ae9d3732ebb1e6caf57"},"description":"Tour de France\u2019i viimase kahe aastak\u00fcmne jooksul on tiimide d\u00fcnaamikas aset leidnud m\u00e4rkimisv\u00e4\u00e4rsed nihked. Tiimid on kohandanud oma taktikat muutunud oludega, alates strateegiliste \u201esprindirongide\u201c moodustamisest kuni pidevalt \u00fcmberpaiknevate prioriteetideni oma liidrite toetamisel. Samal ajal on tiimide koosseisu v\u00e4henemine tuntavalt m\u00f5jutanud v\u00f5istluse strateegiat ja ressursside jaotamist.","inLanguage":"et","potentialAction":[{"@type":"ReadAction","target":["https:\/\/www.welovecycling.com\/ee\/2023\/07\/11\/tiimide-dunaamika-muutused-tour-de-franceil-viimase-20-aasta-jooksul\/"]}]},{"@type":"ImageObject","inLanguage":"et","@id":"https:\/\/www.welovecycling.com\/ee\/2023\/07\/11\/tiimide-dunaamika-muutused-tour-de-franceil-viimase-20-aasta-jooksul\/#primaryimage","url":"https:\/\/d2p6e6u75xmxt8.cloudfront.net\/15\/2023\/07\/muutused1.webp","contentUrl":"https:\/\/d2p6e6u75xmxt8.cloudfront.net\/15\/2023\/07\/muutused1.webp","width":890,"height":594},{"@type":"WebSite","@id":"https:\/\/www.welovecycling.com\/ee\/#website","url":"https:\/\/www.welovecycling.com\/ee\/","name":"\u0160koda We Love Cycling - Estonia","description":"","potentialAction":[{"@type":"SearchAction","target":{"@type":"EntryPoint","urlTemplate":"https:\/\/www.welovecycling.com\/ee\/?s={search_term_string}"},"query-input":{"@type":"PropertyValueSpecification","valueRequired":true,"valueName":"search_term_string"}}],"inLanguage":"et"},{"@type":"Person","@id":"https:\/\/www.welovecycling.com\/ee\/#\/schema\/person\/8b7101c4bd1b1ae9d3732ebb1e6caf57","name":"andre","image":{"@type":"ImageObject","inLanguage":"et","@id":"https:\/\/www.welovecycling.com\/ee\/#\/schema\/person\/image\/","url":"https:\/\/secure.gravatar.com\/avatar\/0656b3224fe17b018f43b8a562625dd43d30827f027b2f62bc5a05711fec9a61?s=96&d=mm&r=g","contentUrl":"https:\/\/secure.gravatar.com\/avatar\/0656b3224fe17b018f43b8a562625dd43d30827f027b2f62bc5a05711fec9a61?s=96&d=mm&r=g","caption":"andre"},"url":"https:\/\/www.welovecycling.com\/ee\/author\/andre\/"}]}},"_links":{"self":[{"href":"https:\/\/www.welovecycling.com\/ee\/wp-json\/wp\/v2\/posts\/1078","targetHints":{"allow":["GET"]}}],"collection":[{"href":"https:\/\/www.welovecycling.com\/ee\/wp-json\/wp\/v2\/posts"}],"about":[{"href":"https:\/\/www.welovecycling.com\/ee\/wp-json\/wp\/v2\/types\/post"}],"author":[{"embeddable":true,"href":"https:\/\/www.welovecycling.com\/ee\/wp-json\/wp\/v2\/users\/174"}],"replies":[{"embeddable":true,"href":"https:\/\/www.welovecycling.com\/ee\/wp-json\/wp\/v2\/comments?post=1078"}],"version-history":[{"count":9,"href":"https:\/\/www.welovecycling.com\/ee\/wp-json\/wp\/v2\/posts\/1078\/revisions"}],"predecessor-version":[{"id":1089,"href":"https:\/\/www.welovecycling.com\/ee\/wp-json\/wp\/v2\/posts\/1078\/revisions\/1089"}],"wp:featuredmedia":[{"embeddable":true,"href":"https:\/\/www.welovecycling.com\/ee\/wp-json\/wp\/v2\/media\/1080"}],"wp:attachment":[{"href":"https:\/\/www.welovecycling.com\/ee\/wp-json\/wp\/v2\/media?parent=1078"}],"wp:term":[{"taxonomy":"category","embeddable":true,"href":"https:\/\/www.welovecycling.com\/ee\/wp-json\/wp\/v2\/categories?post=1078"},{"taxonomy":"post_tag","embeddable":true,"href":"https:\/\/www.welovecycling.com\/ee\/wp-json\/wp\/v2\/tags?post=1078"},{"taxonomy":"global-categories","embeddable":true,"href":"https:\/\/www.welovecycling.com\/ee\/wp-json\/wp\/v2\/global-categories?post=1078"}],"curies":[{"name":"wp","href":"https:\/\/api.w.org\/{rel}","templated":true}]}}