{"id":1071,"date":"2023-07-06T12:46:32","date_gmt":"2023-07-06T12:46:32","guid":{"rendered":"https:\/\/www.welovecycling.com\/ee\/?p=1071"},"modified":"2023-07-06T12:48:16","modified_gmt":"2023-07-06T12:48:16","slug":"partnerluse-20-aastapaev","status":"publish","type":"post","link":"https:\/\/www.welovecycling.com\/ee\/2023\/07\/06\/partnerluse-20-aastapaev\/","title":{"rendered":"Partnerluse 20. aastap\u00e4ev: kuidas \u0160koda aitab Tour de France\u2019il teoks saada"},"content":{"rendered":"<p class=\"kodasuurpealkiri\" style=\"line-height: 110%;\">\n<p><iframe loading=\"lazy\" title=\"YouTube video player\" src=\"https:\/\/www.youtube-nocookie.com\/embed\/o6eswDD3ELc\" width=\"560\" height=\"315\" frameborder=\"0\" allowfullscreen=\"allowfullscreen\"><\/iframe><\/p>\n<h4 class=\"MsoNormal\" style=\"line-height: 110%;\">110. Tour de France ja teine Tour de France Femmes avec Zwift on t\u00e4navu tunnistajaks veel \u00fchele juubelih\u00f5ngulisele aastap\u00e4evale: \u0160koda on 20 aastat olnud Touri ametlik p\u00f5hipartner. Nii et Tour de France\u2019i stardis Baskimaal ja Tour de France Femmes\u2019i stardis Clermont-Ferrandis pole ratturid sugugi \u00fcksi, vaid neid toetab partner, kes tunneb rattaspordi suhtes tohutut kirge.<\/h4>\n<p class=\"MsoNormal\" style=\"line-height: 110%;\">Aastast 2004 on \u0160koda olnud alati legendaarse rattav\u00f5istluse toimumise juures ning alates aastast 2015 spondeerinud ka punktiarvestuse liidri rohelist s\u00e4rki. 20 aastaga on paljugi muutunud, kuid see partnerlus muutub \u00fcha tugevamaks ja t\u00f5husamaks. T\u00e4navu annab \u0160koda v\u00f5istluse korraldajate k\u00e4sutusse 209 s\u00f5idukit, enamikus iV-mudelid v\u00f5i h\u00fcbriidid, sealhulgas hoolduse ja tehnilise abi s\u00f5idukid ning loomulikult v\u00f5istluse direktori juhtauto. Kui lisada siia veel tiimide autod, tuleb kokku, et \u0160koda saadab igal aastal v\u00f5istlusele \u00fcle 250 s\u00f5iduki.<\/p>\n<p class=\"MsoNormal\" style=\"line-height: 110%;\">\u0160koda Auto m\u00fc\u00fcgi- ja turundusdirektor Martin Jahn kommenteeris aastap\u00e4eva j\u00e4rgmiselt: \u201eSee partnerlus annab meile ideaalse v\u00f5imaluse demonstreerida kindlat p\u00fchendumist rohelisemale elektrilisele tulevikule, j\u00e4\u00e4des seejuures truuks oma algup\u00e4rastele v\u00e4\u00e4rtustele ja traditsioonidele, mille juured ulatuvad s\u00fcgavale jalgrattas\u00f5itu.\u201c Martin Jahni viimase v\u00e4ite kinnituseks tasub meenutada, et t\u00e4nane \u0160koda sai alguse 1895. aastal asutatud v\u00e4ikesest jalgrattat\u00f6\u00f6kojast nimega Laurin &amp; Klement. Margi s\u00fcnnilugu seobki ta tihedalt jalgrattas\u00f5idu ja -spordiga.<\/p>\n<p><a href=\"https:\/\/d2p6e6u75xmxt8.cloudfront.net\/15\/2023\/07\/Skoda_UrsaPremik_498A6529-s.webp\"><img loading=\"lazy\" decoding=\"async\" class=\"alignnone size-full wp-image-1073\" src=\"https:\/\/d2p6e6u75xmxt8.cloudfront.net\/15\/2023\/07\/Skoda_UrsaPremik_498A6529-s.webp\" alt=\"\" width=\"8192\" height=\"5464\" srcset=\"https:\/\/d2p6e6u75xmxt8.cloudfront.net\/15\/2023\/07\/Skoda_UrsaPremik_498A6529-s.webp 8192w, https:\/\/d2p6e6u75xmxt8.cloudfront.net\/15\/2023\/07\/Skoda_UrsaPremik_498A6529-s-300x200.webp 300w, https:\/\/d2p6e6u75xmxt8.cloudfront.net\/15\/2023\/07\/Skoda_UrsaPremik_498A6529-s-1024x683.webp 1024w, https:\/\/d2p6e6u75xmxt8.cloudfront.net\/15\/2023\/07\/Skoda_UrsaPremik_498A6529-s-768x512.webp 768w, https:\/\/d2p6e6u75xmxt8.cloudfront.net\/15\/2023\/07\/Skoda_UrsaPremik_498A6529-s-1536x1025.webp 1536w, https:\/\/d2p6e6u75xmxt8.cloudfront.net\/15\/2023\/07\/Skoda_UrsaPremik_498A6529-s-400x267.webp 400w, https:\/\/d2p6e6u75xmxt8.cloudfront.net\/15\/2023\/07\/Skoda_UrsaPremik_498A6529-s-272x182.webp 272w\" sizes=\"auto, (max-width: 8192px) 100vw, 8192px\" \/><\/a><\/p>\n<p class=\"MsoNormal\" style=\"line-height: 110%;\">Vaatame natuke l\u00e4hemalt s\u00f5idukeid, mis tuuril kohal on. P\u00e4ris tipust alustades on Tour de France\u2019i v\u00f5istluse direktori juhtauto kahtlemata k\u00f5ige tuntum mootors\u00f5iduk jalgrattaspordis. See liigub igal etapil v\u00f5istlejaterivi ees ja toimib v\u00f5istluse direktori(te) mobiilse komandokeskusena, kust peetakse \u00fchendust kohtunike, tiimide ja toetusautodega. \u201ePunane auto\u201c on koht, kus v\u00f5istluse k\u00e4igus v\u00f5etakse vastu k\u00f5ige t\u00e4htsamad ja kiiremad otsused. Sel aastal saavad Touri direktor Christian Prudhomme ja Tour Femmes\u2019i direktor Marion Rousse enda k\u00e4sutusse spetsiaalselt selleks kohandatud \u0160koda Enyaq Sportline\u2019id.<\/p>\n<p class=\"MsoNormal\" style=\"line-height: 110%;\">Loomulikult on juhtauto 20 aasta jooksul l\u00e4bi teinud olulisi muutusi, kuna \u0160koda on pidevalt v\u00e4lja toonud uusi mudeleid. V\u00f5istluse direktori juhtauto rollis on esinenud k\u00f5ik kolm \u0160koda Superbi p\u00f5lvkonda. Esimene selleks otstarbeks rakendatud mittediisel oli kolmanda p\u00f5lvkonna Superb iV aastal 2020, selle j\u00e4rgnes juba t\u00e4iselektriline Enyaq, mis on kasutusel t\u00e4nini. Juhtauto v\u00e4ljastpoolt silmahakkavad ise\u00e4rasused on kleebised ja kirjad, Velvet Red-tooni kerev\u00e4rv, kollane tuulet\u00f5ke esiklaasi \u00fclaservas, kuus antenni, spetsiaalne helisignaal, lipualus, lahtik\u00e4iv panoraam-katuseaken ja palju muud.<\/p>\n<p class=\"MsoNormal\" style=\"line-height: 110%;\">Sageli palgatakse direktori autot juhtima endiseid profirattureid, sest nemad teavad t\u00e4pselt grupi k\u00e4itumise sisemist loogikat ning oskavad sealt osavalt ja t\u00f5husalt l\u00e4bi p\u00e4\u00e4seda. Prudhomme\u2019i autojuhiks on t\u00e4navu kahekordne Prantsusmaa tempos\u00f5idumeister Gilles Maignan, kes l\u00f5petas ratturikarj\u00e4\u00e4ri aastal 2001.<\/p>\n<p class=\"MsoNormal\" style=\"line-height: 110%;\">Juhtautoks oleva \u0160koda Enyaq Sportline\u2019i k\u00f5rval koosneb Touri autopark peamiselt Octavia ja Superbi mudelitest. Need tegutsevad neutraalsete tehnilise abi autodena, tiimide ja korraldajate s\u00f5idukitena. Tehnilise abi autod ehk \u201eneljarattalised inglid\u201c veavad rataste varuosi, kette, k\u00e4ppasid, veepudeleid ja muud sellist, et vajadusel aidata h\u00e4ttasattunud rattureid. <a href=\"https:\/\/www.welovecycling.com\/wide\/2021\/07\/06\/inside-the-skoda-shimano-neutral-service-cars\/\">Shimano<\/a> sai nende autode varustajaks aastal 2022, kui sama rolli aastast 1977 t\u00e4itnud Mavic selle kohustuse \u00fcle andis. Tiimide autod (igal tiimil on neid mitu) on tihedalt t\u00e4istuubitud t\u00f6\u00f6kojad, sidekeskused, joogijaamad ja esmaabipunktid ning mehitatud mehaanikutega. Tihtilugu s\u00f5ltub ratturi tulemus tiimiauto kiirusest ja t\u00f5hususest, seega on nende meeskonnad alati valvel ja tegutsemisvalmis.<\/p>\n<p class=\"MsoNormal\" style=\"line-height: 110%;\">Christian Prudhomme kommenteeris autode rolli maailmakuulsal rattav\u00f5istlusel j\u00e4rgmiselt: \u201eIgal \u0160koda autol on oluline osa v\u00f5istluse sujuval kulgemisel, sest praktiliselt kogu selle toimumise aja jooksul me ju liigume.\u201c<\/p>\n<p class=\"MsoNormal\" style=\"line-height: 110%;\">Oleme loomulikult p\u00f5nevil, sest t\u00e4navune Tour de France on juba alanud ning toome teieni v\u00e4rskeid uudiseid, intrigeerivaid pisiasju ja sisekaemusi neilt jalgrattaspordi pidup\u00e4evadelt.<\/p>\n<p>&nbsp;<\/p>\n<p class=\"MsoNormal\" style=\"line-height: 110%;\">\u00c4rge j\u00e4tke kahe silma vahele meie iga-aastast <a href=\"https:\/\/www.welovecycling.com\/ee\/tour-de-france-2023\/#contest\">Tour de France\u2019ile p\u00fchendatud lugejatevahelist v\u00f5istlust<\/a>, mille eriauhinnad meenutavad v\u00f5istluse ja \u0160koda 20-aastast koost\u00f6\u00f6d. J\u00e4lgige nii Tour de France\u2019i kui ka Tour de France Femmes\u2019i ajal meid <a href=\"https:\/\/www.instagram.com\/welovecycling.ee\/\">Instagramis<\/a>, kus Cameron Jeffers ja Kasia Niewiadoma toovad teieni erireportaa\u017ee kulisside tagant.<\/p>\n","protected":false},"excerpt":{"rendered":"<p>110. Tour de France ja teine Tour de France Femmes avec Zwift on t\u00e4navu tunnistajaks veel \u00fchele juubelih\u00f5ngulisele aastap\u00e4evale: \u0160koda [&hellip;]<\/p>\n","protected":false},"author":174,"featured_media":1074,"comment_status":"open","ping_status":"open","sticky":false,"template":"","format":"standard","meta":{"footnotes":""},"categories":[7],"tags":[130,14],"global-categories":[22],"class_list":["post-1071","post","type-post","status-publish","format-standard","has-post-thumbnail","hentry","category-maanteeratas","tag-20th-year-of-partnerhip","tag-tour-de-france","global-categories-cycling"],"yoast_head":"<!-- This site is optimized with the Yoast SEO Premium plugin v25.3 (Yoast SEO v25.9) - https:\/\/yoast.com\/wordpress\/plugins\/seo\/ -->\n<title>Partnerluse 20. aastap\u00e4ev: kuidas \u0160koda aitab Tour de France\u2019il teoks saada - \u0160koda We Love Cycling - Estonia<\/title>\n<meta name=\"description\" content=\"110. Tour de France ja teine Tour de France Femmes avec Zwift on t\u00e4navu tunnistajaks veel \u00fchele juubelih\u00f5ngulisele aastap\u00e4evale: \u0160koda on 20 aastat olnud Touri ametlik p\u00f5hipartner. Nii et Tour de France\u2019i stardis Baskimaal ja Tour de France Femmes\u2019i stardis Clermont-Ferrandis pole ratturid sugugi \u00fcksi, vaid neid toetab partner, kes tunneb rattaspordi suhtes tohutut kirge.\" \/>\n<meta name=\"robots\" content=\"index, follow, max-snippet:-1, max-image-preview:large, max-video-preview:-1\" \/>\n<link rel=\"canonical\" href=\"https:\/\/www.welovecycling.com\/ee\/2023\/07\/06\/partnerluse-20-aastapaev\/\" \/>\n<meta property=\"og:locale\" content=\"et_EE\" \/>\n<meta property=\"og:type\" content=\"article\" \/>\n<meta property=\"og:title\" content=\"Partnerluse 20. aastap\u00e4ev: kuidas \u0160koda aitab Tour de France\u2019il teoks saada\" \/>\n<meta property=\"og:description\" content=\"110. Tour de France ja teine Tour de France Femmes avec Zwift on t\u00e4navu tunnistajaks veel \u00fchele juubelih\u00f5ngulisele aastap\u00e4evale: \u0160koda on 20 aastat olnud Touri ametlik p\u00f5hipartner. Nii et Tour de France\u2019i stardis Baskimaal ja Tour de France Femmes\u2019i stardis Clermont-Ferrandis pole ratturid sugugi \u00fcksi, vaid neid toetab partner, kes tunneb rattaspordi suhtes tohutut kirge.\" \/>\n<meta property=\"og:url\" content=\"https:\/\/www.welovecycling.com\/ee\/2023\/07\/06\/partnerluse-20-aastapaev\/\" \/>\n<meta property=\"og:site_name\" content=\"\u0160koda We Love Cycling - Estonia\" \/>\n<meta property=\"article:published_time\" content=\"2023-07-06T12:46:32+00:00\" \/>\n<meta property=\"article:modified_time\" content=\"2023-07-06T12:48:16+00:00\" \/>\n<meta property=\"og:image\" content=\"https:\/\/d2p6e6u75xmxt8.cloudfront.net\/15\/2023\/07\/Skoda_UrsaPremik_498A8773-s-1024x683.webp\" \/>\n\t<meta property=\"og:image:width\" content=\"1024\" \/>\n\t<meta property=\"og:image:height\" content=\"683\" \/>\n\t<meta property=\"og:image:type\" content=\"image\/webp\" \/>\n<meta name=\"author\" content=\"andre\" \/>\n<meta name=\"twitter:card\" content=\"summary_large_image\" \/>\n<meta name=\"twitter:label1\" content=\"Written by\" \/>\n\t<meta name=\"twitter:data1\" content=\"We Love Cycling\" \/>\n\t<meta name=\"twitter:label2\" content=\"Est. reading time\" \/>\n\t<meta name=\"twitter:data2\" content=\"4\" \/>\n<script type=\"application\/ld+json\" class=\"yoast-schema-graph\">{\"@context\":\"https:\/\/schema.org\",\"@graph\":[{\"@type\":\"WebPage\",\"@id\":\"https:\/\/www.welovecycling.com\/ee\/2023\/07\/06\/partnerluse-20-aastapaev\/\",\"url\":\"https:\/\/www.welovecycling.com\/ee\/2023\/07\/06\/partnerluse-20-aastapaev\/\",\"name\":\"Partnerluse 20. aastap\u00e4ev: kuidas \u0160koda aitab Tour de France\u2019il teoks saada - \u0160koda We Love Cycling - Estonia\",\"isPartOf\":{\"@id\":\"https:\/\/www.welovecycling.com\/ee\/#website\"},\"primaryImageOfPage\":{\"@id\":\"https:\/\/www.welovecycling.com\/ee\/2023\/07\/06\/partnerluse-20-aastapaev\/#primaryimage\"},\"image\":{\"@id\":\"https:\/\/www.welovecycling.com\/ee\/2023\/07\/06\/partnerluse-20-aastapaev\/#primaryimage\"},\"thumbnailUrl\":\"https:\/\/d2p6e6u75xmxt8.cloudfront.net\/15\/2023\/07\/Skoda_UrsaPremik_498A8773-s.webp\",\"datePublished\":\"2023-07-06T12:46:32+00:00\",\"dateModified\":\"2023-07-06T12:48:16+00:00\",\"author\":{\"@id\":\"https:\/\/www.welovecycling.com\/ee\/#\/schema\/person\/8b7101c4bd1b1ae9d3732ebb1e6caf57\"},\"description\":\"110. Tour de France ja teine Tour de France Femmes avec Zwift on t\u00e4navu tunnistajaks veel \u00fchele juubelih\u00f5ngulisele aastap\u00e4evale: \u0160koda on 20 aastat olnud Touri ametlik p\u00f5hipartner. Nii et Tour de France\u2019i stardis Baskimaal ja Tour de France Femmes\u2019i stardis Clermont-Ferrandis pole ratturid sugugi \u00fcksi, vaid neid toetab partner, kes tunneb rattaspordi suhtes tohutut kirge.\",\"inLanguage\":\"et\",\"potentialAction\":[{\"@type\":\"ReadAction\",\"target\":[\"https:\/\/www.welovecycling.com\/ee\/2023\/07\/06\/partnerluse-20-aastapaev\/\"]}]},{\"@type\":\"ImageObject\",\"inLanguage\":\"et\",\"@id\":\"https:\/\/www.welovecycling.com\/ee\/2023\/07\/06\/partnerluse-20-aastapaev\/#primaryimage\",\"url\":\"https:\/\/d2p6e6u75xmxt8.cloudfront.net\/15\/2023\/07\/Skoda_UrsaPremik_498A8773-s.webp\",\"contentUrl\":\"https:\/\/d2p6e6u75xmxt8.cloudfront.net\/15\/2023\/07\/Skoda_UrsaPremik_498A8773-s.webp\",\"width\":8192,\"height\":5464},{\"@type\":\"WebSite\",\"@id\":\"https:\/\/www.welovecycling.com\/ee\/#website\",\"url\":\"https:\/\/www.welovecycling.com\/ee\/\",\"name\":\"\u0160koda We Love Cycling - Estonia\",\"description\":\"\",\"potentialAction\":[{\"@type\":\"SearchAction\",\"target\":{\"@type\":\"EntryPoint\",\"urlTemplate\":\"https:\/\/www.welovecycling.com\/ee\/?s={search_term_string}\"},\"query-input\":{\"@type\":\"PropertyValueSpecification\",\"valueRequired\":true,\"valueName\":\"search_term_string\"}}],\"inLanguage\":\"et\"},{\"@type\":\"Person\",\"@id\":\"https:\/\/www.welovecycling.com\/ee\/#\/schema\/person\/8b7101c4bd1b1ae9d3732ebb1e6caf57\",\"name\":\"andre\",\"image\":{\"@type\":\"ImageObject\",\"inLanguage\":\"et\",\"@id\":\"https:\/\/www.welovecycling.com\/ee\/#\/schema\/person\/image\/\",\"url\":\"https:\/\/secure.gravatar.com\/avatar\/0656b3224fe17b018f43b8a562625dd43d30827f027b2f62bc5a05711fec9a61?s=96&d=mm&r=g\",\"contentUrl\":\"https:\/\/secure.gravatar.com\/avatar\/0656b3224fe17b018f43b8a562625dd43d30827f027b2f62bc5a05711fec9a61?s=96&d=mm&r=g\",\"caption\":\"andre\"},\"url\":\"https:\/\/www.welovecycling.com\/ee\/author\/andre\/\"}]}<\/script>\n<!-- \/ Yoast SEO Premium plugin. -->","yoast_head_json":{"title":"Partnerluse 20. aastap\u00e4ev: kuidas \u0160koda aitab Tour de France\u2019il teoks saada - \u0160koda We Love Cycling - Estonia","description":"110. Tour de France ja teine Tour de France Femmes avec Zwift on t\u00e4navu tunnistajaks veel \u00fchele juubelih\u00f5ngulisele aastap\u00e4evale: \u0160koda on 20 aastat olnud Touri ametlik p\u00f5hipartner. Nii et Tour de France\u2019i stardis Baskimaal ja Tour de France Femmes\u2019i stardis Clermont-Ferrandis pole ratturid sugugi \u00fcksi, vaid neid toetab partner, kes tunneb rattaspordi suhtes tohutut kirge.","robots":{"index":"index","follow":"follow","max-snippet":"max-snippet:-1","max-image-preview":"max-image-preview:large","max-video-preview":"max-video-preview:-1"},"canonical":"https:\/\/www.welovecycling.com\/ee\/2023\/07\/06\/partnerluse-20-aastapaev\/","og_locale":"et_EE","og_type":"article","og_title":"Partnerluse 20. aastap\u00e4ev: kuidas \u0160koda aitab Tour de France\u2019il teoks saada","og_description":"110. Tour de France ja teine Tour de France Femmes avec Zwift on t\u00e4navu tunnistajaks veel \u00fchele juubelih\u00f5ngulisele aastap\u00e4evale: \u0160koda on 20 aastat olnud Touri ametlik p\u00f5hipartner. Nii et Tour de France\u2019i stardis Baskimaal ja Tour de France Femmes\u2019i stardis Clermont-Ferrandis pole ratturid sugugi \u00fcksi, vaid neid toetab partner, kes tunneb rattaspordi suhtes tohutut kirge.","og_url":"https:\/\/www.welovecycling.com\/ee\/2023\/07\/06\/partnerluse-20-aastapaev\/","og_site_name":"\u0160koda We Love Cycling - Estonia","article_published_time":"2023-07-06T12:46:32+00:00","article_modified_time":"2023-07-06T12:48:16+00:00","og_image":[{"width":1024,"height":683,"url":"https:\/\/d2p6e6u75xmxt8.cloudfront.net\/15\/2023\/07\/Skoda_UrsaPremik_498A8773-s-1024x683.webp","type":"image\/webp"}],"author":"andre","twitter_card":"summary_large_image","twitter_misc":{"Written by":"We Love Cycling","Est. reading time":"4"},"schema":{"@context":"https:\/\/schema.org","@graph":[{"@type":"WebPage","@id":"https:\/\/www.welovecycling.com\/ee\/2023\/07\/06\/partnerluse-20-aastapaev\/","url":"https:\/\/www.welovecycling.com\/ee\/2023\/07\/06\/partnerluse-20-aastapaev\/","name":"Partnerluse 20. aastap\u00e4ev: kuidas \u0160koda aitab Tour de France\u2019il teoks saada - \u0160koda We Love Cycling - Estonia","isPartOf":{"@id":"https:\/\/www.welovecycling.com\/ee\/#website"},"primaryImageOfPage":{"@id":"https:\/\/www.welovecycling.com\/ee\/2023\/07\/06\/partnerluse-20-aastapaev\/#primaryimage"},"image":{"@id":"https:\/\/www.welovecycling.com\/ee\/2023\/07\/06\/partnerluse-20-aastapaev\/#primaryimage"},"thumbnailUrl":"https:\/\/d2p6e6u75xmxt8.cloudfront.net\/15\/2023\/07\/Skoda_UrsaPremik_498A8773-s.webp","datePublished":"2023-07-06T12:46:32+00:00","dateModified":"2023-07-06T12:48:16+00:00","author":{"@id":"https:\/\/www.welovecycling.com\/ee\/#\/schema\/person\/8b7101c4bd1b1ae9d3732ebb1e6caf57"},"description":"110. Tour de France ja teine Tour de France Femmes avec Zwift on t\u00e4navu tunnistajaks veel \u00fchele juubelih\u00f5ngulisele aastap\u00e4evale: \u0160koda on 20 aastat olnud Touri ametlik p\u00f5hipartner. Nii et Tour de France\u2019i stardis Baskimaal ja Tour de France Femmes\u2019i stardis Clermont-Ferrandis pole ratturid sugugi \u00fcksi, vaid neid toetab partner, kes tunneb rattaspordi suhtes tohutut kirge.","inLanguage":"et","potentialAction":[{"@type":"ReadAction","target":["https:\/\/www.welovecycling.com\/ee\/2023\/07\/06\/partnerluse-20-aastapaev\/"]}]},{"@type":"ImageObject","inLanguage":"et","@id":"https:\/\/www.welovecycling.com\/ee\/2023\/07\/06\/partnerluse-20-aastapaev\/#primaryimage","url":"https:\/\/d2p6e6u75xmxt8.cloudfront.net\/15\/2023\/07\/Skoda_UrsaPremik_498A8773-s.webp","contentUrl":"https:\/\/d2p6e6u75xmxt8.cloudfront.net\/15\/2023\/07\/Skoda_UrsaPremik_498A8773-s.webp","width":8192,"height":5464},{"@type":"WebSite","@id":"https:\/\/www.welovecycling.com\/ee\/#website","url":"https:\/\/www.welovecycling.com\/ee\/","name":"\u0160koda We Love Cycling - Estonia","description":"","potentialAction":[{"@type":"SearchAction","target":{"@type":"EntryPoint","urlTemplate":"https:\/\/www.welovecycling.com\/ee\/?s={search_term_string}"},"query-input":{"@type":"PropertyValueSpecification","valueRequired":true,"valueName":"search_term_string"}}],"inLanguage":"et"},{"@type":"Person","@id":"https:\/\/www.welovecycling.com\/ee\/#\/schema\/person\/8b7101c4bd1b1ae9d3732ebb1e6caf57","name":"andre","image":{"@type":"ImageObject","inLanguage":"et","@id":"https:\/\/www.welovecycling.com\/ee\/#\/schema\/person\/image\/","url":"https:\/\/secure.gravatar.com\/avatar\/0656b3224fe17b018f43b8a562625dd43d30827f027b2f62bc5a05711fec9a61?s=96&d=mm&r=g","contentUrl":"https:\/\/secure.gravatar.com\/avatar\/0656b3224fe17b018f43b8a562625dd43d30827f027b2f62bc5a05711fec9a61?s=96&d=mm&r=g","caption":"andre"},"url":"https:\/\/www.welovecycling.com\/ee\/author\/andre\/"}]}},"_links":{"self":[{"href":"https:\/\/www.welovecycling.com\/ee\/wp-json\/wp\/v2\/posts\/1071","targetHints":{"allow":["GET"]}}],"collection":[{"href":"https:\/\/www.welovecycling.com\/ee\/wp-json\/wp\/v2\/posts"}],"about":[{"href":"https:\/\/www.welovecycling.com\/ee\/wp-json\/wp\/v2\/types\/post"}],"author":[{"embeddable":true,"href":"https:\/\/www.welovecycling.com\/ee\/wp-json\/wp\/v2\/users\/174"}],"replies":[{"embeddable":true,"href":"https:\/\/www.welovecycling.com\/ee\/wp-json\/wp\/v2\/comments?post=1071"}],"version-history":[{"count":4,"href":"https:\/\/www.welovecycling.com\/ee\/wp-json\/wp\/v2\/posts\/1071\/revisions"}],"predecessor-version":[{"id":1077,"href":"https:\/\/www.welovecycling.com\/ee\/wp-json\/wp\/v2\/posts\/1071\/revisions\/1077"}],"wp:featuredmedia":[{"embeddable":true,"href":"https:\/\/www.welovecycling.com\/ee\/wp-json\/wp\/v2\/media\/1074"}],"wp:attachment":[{"href":"https:\/\/www.welovecycling.com\/ee\/wp-json\/wp\/v2\/media?parent=1071"}],"wp:term":[{"taxonomy":"category","embeddable":true,"href":"https:\/\/www.welovecycling.com\/ee\/wp-json\/wp\/v2\/categories?post=1071"},{"taxonomy":"post_tag","embeddable":true,"href":"https:\/\/www.welovecycling.com\/ee\/wp-json\/wp\/v2\/tags?post=1071"},{"taxonomy":"global-categories","embeddable":true,"href":"https:\/\/www.welovecycling.com\/ee\/wp-json\/wp\/v2\/global-categories?post=1071"}],"curies":[{"name":"wp","href":"https:\/\/api.w.org\/{rel}","templated":true}]}}