{"id":9999,"date":"2022-01-03T12:43:55","date_gmt":"2022-01-03T11:43:55","guid":{"rendered":"https:\/\/www.welovecycling.com\/de\/?p=9999"},"modified":"2022-01-03T12:43:55","modified_gmt":"2022-01-03T11:43:55","slug":"froome-wegen-knieverletzung-nicht-auf-dem-rad-und-mehr-neuigkeiten-aus-der-radsportwelt","status":"publish","type":"post","link":"https:\/\/www.welovecycling.com\/de\/2022\/01\/03\/froome-wegen-knieverletzung-nicht-auf-dem-rad-und-mehr-neuigkeiten-aus-der-radsportwelt\/","title":{"rendered":"Froome wegen Knieverletzung nicht auf dem Rad und mehr Neuigkeiten aus der Radsportwelt"},"content":{"rendered":"<p lang=\"en-GB\"><strong>Es ist wieder Montag und somit Zeit f\u00fcr Neuigkeiten aus der Radsportwelt! Hier ein \u00dcberblick, damit ihr auch nichts verpasst.<\/strong><br \/>\n<!--more--><\/p>\n<h2 lang=\"en-GB\"><strong>Chris Froomes Training unterbrochen<\/strong><\/h2>\n<p>Der vierfache Tour-de-France-Sieger wird eine ganze Woche lang pausieren m\u00fcssen. Froome erkl\u00e4rte auf seinem YouTube-Kanal, dass er nach seiner Saisonpause <span style=\"font-size: 16px;\">zu fr\u00fch und<\/span> zu hart trainiert habe. Dies f\u00fchrte zu einer Entz\u00fcndung seines Tensor fascia latae, eines kleinen Muskels, der am Iliotibialband ansetzt und an der Beugung, Abduktion und Innenrotation der H\u00fcfte sowie an der Beugung und seitlichen Rotation des Knies beteiligt ist &#8211; alles Bewegungen, die f\u00fcr den Radsport entscheidend sind.<\/p>\n<p lang=\"en-GB\">&#8222;Seit etwa zehn Tagen habe ich beim Treten in die Pedale starke Schmerzen an der Au\u00dfenseite meines Knies. Die Scans haben gezeigt, dass ich meine TFL-Sehne besch\u00e4digt habe, wo das IT-Band an der Seite des Knies ansetzt&#8220;, erkl\u00e4rt er in dem Video.<\/p>\n<lite-youtube videoid=hV2TQPNafiY params=\"enablejsapi=1\" style=\"background-image: url('https:\/\/i.ytimg.com\/vi_webp\/hV2TQPNafiY\/maxresdefault.webp');\"><\/lite-youtube>\n<p>&#8222;Ungl\u00fccklicherweise denke ich, dass ich in den letzten Wochen, als ich wieder ins Training eingestiegen bin, vielleicht ein bisschen zu eifrig war und ein bisschen zu sehr gepusht habe. Das war nach ein paar Wochen Radpause und vielleicht war der K\u00f6rper noch nicht bereit, so hart zu arbeiten. Es ist aufgeflammt und hat eine kleine Entz\u00fcndung verursacht.&#8220;<\/p>\n<p lang=\"en-GB\">Froome konnte seit seinem dramatischen Sturz beim Crit\u00e9rium du Dauphin\u00e9 2019 nicht mehr an die Spitze zur\u00fcckkehren.<\/p>\n<p lang=\"en-GB\">&#8222;Das ist definitiv ein R\u00fcckschlag f\u00fcr mich. Ich bin mir nicht ganz sicher, wo ich die Rennsaison beginnen werde. Das wird auf jeden Fall alles ein wenig nach hinten verschieben.&#8220;<\/p>\n<p lang=\"en-GB\">&#8222;Es ist bedauerlich, aber ich muss das Beste daraus machen und weiter an den Dingen arbeiten, an denen ich abseits des Radfahrens arbeiten kann &#8211; ich muss sicherstellen, dass ich viel an der K\u00f6rpermitte arbeite und die Muskeln st\u00e4rke, ohne die Sehne weiter zu belasten.&#8220;<\/p>\n<p lang=\"en-GB\">Wir w\u00fcnschen dir eine baldige Genesung, Chris!<\/p>\n<h2 lang=\"en-GB\"><b>Sicher bleiben<\/b><\/h2>\n<div class=\"embed-controller-wrapper\">\n<blockquote class=\"twitter-tweet\" data-width=\"500\" data-dnt=\"true\">\n<p lang=\"en\" dir=\"ltr\">Happy new year everybody!\ud83c\udf7e\ud83c\udf89\ud83c\udf8a <br \/>Have a wonderful 2022 and stay safe <a href=\"https:\/\/t.co\/XcJokPUUz5\">pic.twitter.com\/XcJokPUUz5<\/a><\/p>\n<p>&mdash; Peter Sagan (@petosagan) <a href=\"https:\/\/twitter.com\/petosagan\/status\/1477054809379422210?ref_src=twsrc%5Etfw\">December 31, 2021<\/a><\/p><\/blockquote>\n<p><script async data-src=\"https:\/\/platform.twitter.com\/widgets.js\" charset=\"utf-8\"><\/script><\/div>\n<h2 lang=\"en-GB\"><b>Gesund bleiben<\/b><\/h2>\n<div class=\"embed-controller-wrapper\">\n<blockquote class=\"twitter-tweet\" data-width=\"500\" data-dnt=\"true\">\n<p lang=\"en\" dir=\"ltr\">Happy New Year from the INEOS Grenadiers! \ud83e\udd73<\/p>\n<p>Bring on 2\ufe0f\u20e30\ufe0f\u20e32\ufe0f\u20e32\ufe0f\u20e3 \ud83d\udc4a <a href=\"https:\/\/t.co\/CuhDuoTxGL\">pic.twitter.com\/CuhDuoTxGL<\/a><\/p>\n<p>&mdash; INEOS Grenadiers (@INEOSGrenadiers) <a href=\"https:\/\/twitter.com\/INEOSGrenadiers\/status\/1477187882565701632?ref_src=twsrc%5Etfw\">January 1, 2022<\/a><\/p><\/blockquote>\n<p><script async data-src=\"https:\/\/platform.twitter.com\/widgets.js\" charset=\"utf-8\"><\/script><\/div>\n<h2 lang=\"en-GB\"><b>Erobert die Spitze<\/b><\/h2>\n<div class=\"embed-controller-wrapper\">\n<blockquote class=\"twitter-tweet\" data-width=\"500\" data-dnt=\"true\">\n<p lang=\"fr\" dir=\"ltr\">2021 \u2705 en route pour 2022 et je vous souhaite du fond du c\u0153ur tout le meilleur, du bonheur, de la r\u00e9ussite et surtout la sant\u00e9. <br \/>H\u00e2te de vous retrouver, \u00e0 tr\u00e8s vite \ud83d\ude4c<\/p>\n<p>Julian <\/p>\n<p>\ud83d\udcf7 <a href=\"https:\/\/twitter.com\/BeelWout?ref_src=twsrc%5Etfw\">@BeelWout<\/a> <a href=\"https:\/\/t.co\/OOt0xcKmFU\">pic.twitter.com\/OOt0xcKmFU<\/a><\/p>\n<p>&mdash; Julian Alaphilippe Officiel (@alafpolak1) <a href=\"https:\/\/twitter.com\/alafpolak1\/status\/1477322795000516609?ref_src=twsrc%5Etfw\">January 1, 2022<\/a><\/p><\/blockquote>\n<p><script async data-src=\"https:\/\/platform.twitter.com\/widgets.js\" charset=\"utf-8\"><\/script><\/div>\n<h2 lang=\"en-GB\"><strong>Vergesst nicht, Eure Garmin zu starten<\/strong><\/h2>\n<div class=\"embed-controller-wrapper\">\n<blockquote class=\"twitter-tweet\" data-width=\"500\" data-dnt=\"true\">\n<p lang=\"qme\" dir=\"ltr\">\ud83c\udde7\ud83c\uddea <a href=\"https:\/\/twitter.com\/hashtag\/Baal?src=hash&amp;ref_src=twsrc%5Etfw\">#Baal<\/a> <\/p>\n<p>\ud83d\udde3\u2b07\ufe0f <a href=\"https:\/\/t.co\/Ur07DFlwCB\">pic.twitter.com\/Ur07DFlwCB<\/a><\/p>\n<p>&mdash; Team Visma | Lease a Bike (@vismaleaseabike) <a href=\"https:\/\/twitter.com\/vismaleaseabike\/status\/1477241607950852100?ref_src=twsrc%5Etfw\">January 1, 2022<\/a><\/p><\/blockquote>\n<p><script async data-src=\"https:\/\/platform.twitter.com\/widgets.js\" charset=\"utf-8\"><\/script><\/div>\n","protected":false},"excerpt":{"rendered":"<p>Es ist wieder Montag und somit Zeit f\u00fcr Neuigkeiten aus der Radsportwelt! Hier ein \u00dcberblick, damit ihr auch nichts verpasst.<\/p>\n","protected":false},"author":115,"featured_media":10005,"comment_status":"open","ping_status":"open","sticky":false,"template":"","format":"standard","meta":{"footnotes":""},"categories":[1],"tags":[],"global-categories":[],"class_list":["post-9999","post","type-post","status-publish","format-standard","has-post-thumbnail","hentry","category-allgemein"],"yoast_head":"<!-- This site is optimized with the Yoast SEO Premium plugin v25.3 (Yoast SEO v25.9) - https:\/\/yoast.com\/wordpress\/plugins\/seo\/ -->\n<title>Froome wegen Knieverletzung nicht auf dem Rad<\/title>\n<meta name=\"description\" content=\"Es ist wieder Montag und somit Zeit f\u00fcr Neuigkeiten aus der Radsportwelt! Hier ein \u00dcberblick, damit ihr auch nichts verpasst.\" \/>\n<meta name=\"robots\" content=\"index, follow, max-snippet:-1, max-image-preview:large, max-video-preview:-1\" \/>\n<link rel=\"canonical\" href=\"https:\/\/www.welovecycling.com\/de\/2022\/01\/03\/froome-wegen-knieverletzung-nicht-auf-dem-rad-und-mehr-neuigkeiten-aus-der-radsportwelt\/\" \/>\n<meta property=\"og:locale\" content=\"de_DE\" \/>\n<meta property=\"og:type\" content=\"article\" \/>\n<meta property=\"og:title\" content=\"Froome wegen Knieverletzung nicht auf dem Rad und mehr Neuigkeiten aus der Radsportwelt\" \/>\n<meta property=\"og:description\" content=\"Es ist wieder Montag und somit Zeit f\u00fcr Neuigkeiten aus der Radsportwelt! Hier ein \u00dcberblick, damit ihr auch nichts verpasst.\" \/>\n<meta property=\"og:url\" content=\"https:\/\/www.welovecycling.com\/de\/2022\/01\/03\/froome-wegen-knieverletzung-nicht-auf-dem-rad-und-mehr-neuigkeiten-aus-der-radsportwelt\/\" \/>\n<meta property=\"og:site_name\" content=\"\u0160koda We Love Cycling - Deutschland\" \/>\n<meta property=\"article:published_time\" content=\"2022-01-03T11:43:55+00:00\" \/>\n<meta property=\"og:image\" content=\"https:\/\/d2p6e6u75xmxt8.cloudfront.net\/10\/2022\/01\/Chris-Froome-CVR-profimedia-0619723325.jpg\" \/>\n\t<meta property=\"og:image:width\" content=\"1366\" \/>\n\t<meta property=\"og:image:height\" content=\"600\" \/>\n\t<meta property=\"og:image:type\" content=\"image\/jpeg\" \/>\n<meta name=\"author\" content=\"jbraeker\" \/>\n<meta name=\"twitter:card\" content=\"summary_large_image\" \/>\n<meta name=\"twitter:label1\" content=\"Written by\" \/>\n\t<meta name=\"twitter:data1\" content=\"WeLoveCycling\" \/>\n\t<meta name=\"twitter:label2\" content=\"Est. reading time\" \/>\n\t<meta name=\"twitter:data2\" content=\"4\" \/>\n<script type=\"application\/ld+json\" class=\"yoast-schema-graph\">{\"@context\":\"https:\/\/schema.org\",\"@graph\":[{\"@type\":\"WebPage\",\"@id\":\"https:\/\/www.welovecycling.com\/de\/2022\/01\/03\/froome-wegen-knieverletzung-nicht-auf-dem-rad-und-mehr-neuigkeiten-aus-der-radsportwelt\/\",\"url\":\"https:\/\/www.welovecycling.com\/de\/2022\/01\/03\/froome-wegen-knieverletzung-nicht-auf-dem-rad-und-mehr-neuigkeiten-aus-der-radsportwelt\/\",\"name\":\"Froome wegen Knieverletzung nicht auf dem Rad\",\"isPartOf\":{\"@id\":\"https:\/\/www.welovecycling.com\/de\/#website\"},\"primaryImageOfPage\":{\"@id\":\"https:\/\/www.welovecycling.com\/de\/2022\/01\/03\/froome-wegen-knieverletzung-nicht-auf-dem-rad-und-mehr-neuigkeiten-aus-der-radsportwelt\/#primaryimage\"},\"image\":{\"@id\":\"https:\/\/www.welovecycling.com\/de\/2022\/01\/03\/froome-wegen-knieverletzung-nicht-auf-dem-rad-und-mehr-neuigkeiten-aus-der-radsportwelt\/#primaryimage\"},\"thumbnailUrl\":\"https:\/\/d2p6e6u75xmxt8.cloudfront.net\/10\/2022\/01\/Chris-Froome-CVR-profimedia-0619723325.jpg\",\"datePublished\":\"2022-01-03T11:43:55+00:00\",\"author\":{\"@id\":\"https:\/\/www.welovecycling.com\/de\/#\/schema\/person\/915694b3c8d0de9019932587781ba6b3\"},\"description\":\"Es ist wieder Montag und somit Zeit f\u00fcr Neuigkeiten aus der Radsportwelt! Hier ein \u00dcberblick, damit ihr auch nichts verpasst.\",\"breadcrumb\":{\"@id\":\"https:\/\/www.welovecycling.com\/de\/2022\/01\/03\/froome-wegen-knieverletzung-nicht-auf-dem-rad-und-mehr-neuigkeiten-aus-der-radsportwelt\/#breadcrumb\"},\"inLanguage\":\"de-DE\",\"potentialAction\":[{\"@type\":\"ReadAction\",\"target\":[\"https:\/\/www.welovecycling.com\/de\/2022\/01\/03\/froome-wegen-knieverletzung-nicht-auf-dem-rad-und-mehr-neuigkeiten-aus-der-radsportwelt\/\"]}]},{\"@type\":\"ImageObject\",\"inLanguage\":\"de-DE\",\"@id\":\"https:\/\/www.welovecycling.com\/de\/2022\/01\/03\/froome-wegen-knieverletzung-nicht-auf-dem-rad-und-mehr-neuigkeiten-aus-der-radsportwelt\/#primaryimage\",\"url\":\"https:\/\/d2p6e6u75xmxt8.cloudfront.net\/10\/2022\/01\/Chris-Froome-CVR-profimedia-0619723325.jpg\",\"contentUrl\":\"https:\/\/d2p6e6u75xmxt8.cloudfront.net\/10\/2022\/01\/Chris-Froome-CVR-profimedia-0619723325.jpg\",\"width\":1366,\"height\":600,\"caption\":\"Chris Froome\"},{\"@type\":\"BreadcrumbList\",\"@id\":\"https:\/\/www.welovecycling.com\/de\/2022\/01\/03\/froome-wegen-knieverletzung-nicht-auf-dem-rad-und-mehr-neuigkeiten-aus-der-radsportwelt\/#breadcrumb\",\"itemListElement\":[{\"@type\":\"ListItem\",\"position\":1,\"name\":\"Home\",\"item\":\"https:\/\/www.welovecycling.com\/de\/\"},{\"@type\":\"ListItem\",\"position\":2,\"name\":\"Froome wegen Knieverletzung nicht auf dem Rad und mehr Neuigkeiten aus der Radsportwelt\"}]},{\"@type\":\"WebSite\",\"@id\":\"https:\/\/www.welovecycling.com\/de\/#website\",\"url\":\"https:\/\/www.welovecycling.com\/de\/\",\"name\":\"\u0160koda We Love Cycling - Deutschland\",\"description\":\"Just another \u0160koda WeLoveCycling Sites site\",\"potentialAction\":[{\"@type\":\"SearchAction\",\"target\":{\"@type\":\"EntryPoint\",\"urlTemplate\":\"https:\/\/www.welovecycling.com\/de\/?s={search_term_string}\"},\"query-input\":{\"@type\":\"PropertyValueSpecification\",\"valueRequired\":true,\"valueName\":\"search_term_string\"}}],\"inLanguage\":\"de-DE\"},{\"@type\":\"Person\",\"@id\":\"https:\/\/www.welovecycling.com\/de\/#\/schema\/person\/915694b3c8d0de9019932587781ba6b3\",\"name\":\"jbraeker\",\"image\":{\"@type\":\"ImageObject\",\"inLanguage\":\"de-DE\",\"@id\":\"https:\/\/www.welovecycling.com\/de\/#\/schema\/person\/image\/\",\"url\":\"https:\/\/secure.gravatar.com\/avatar\/8b4aea90e4535aae30b5b720249e5b723ae59fcf3d54757dd8b748d97b46d3c9?s=96&d=mm&r=g\",\"contentUrl\":\"https:\/\/secure.gravatar.com\/avatar\/8b4aea90e4535aae30b5b720249e5b723ae59fcf3d54757dd8b748d97b46d3c9?s=96&d=mm&r=g\",\"caption\":\"jbraeker\"},\"url\":\"https:\/\/www.welovecycling.com\/de\/author\/jbraeker\/\"}]}<\/script>\n<!-- \/ Yoast SEO Premium plugin. -->","yoast_head_json":{"title":"Froome wegen Knieverletzung nicht auf dem Rad","description":"Es ist wieder Montag und somit Zeit f\u00fcr Neuigkeiten aus der Radsportwelt! Hier ein \u00dcberblick, damit ihr auch nichts verpasst.","robots":{"index":"index","follow":"follow","max-snippet":"max-snippet:-1","max-image-preview":"max-image-preview:large","max-video-preview":"max-video-preview:-1"},"canonical":"https:\/\/www.welovecycling.com\/de\/2022\/01\/03\/froome-wegen-knieverletzung-nicht-auf-dem-rad-und-mehr-neuigkeiten-aus-der-radsportwelt\/","og_locale":"de_DE","og_type":"article","og_title":"Froome wegen Knieverletzung nicht auf dem Rad und mehr Neuigkeiten aus der Radsportwelt","og_description":"Es ist wieder Montag und somit Zeit f\u00fcr Neuigkeiten aus der Radsportwelt! Hier ein \u00dcberblick, damit ihr auch nichts verpasst.","og_url":"https:\/\/www.welovecycling.com\/de\/2022\/01\/03\/froome-wegen-knieverletzung-nicht-auf-dem-rad-und-mehr-neuigkeiten-aus-der-radsportwelt\/","og_site_name":"\u0160koda We Love Cycling - Deutschland","article_published_time":"2022-01-03T11:43:55+00:00","og_image":[{"width":1366,"height":600,"url":"https:\/\/d2p6e6u75xmxt8.cloudfront.net\/10\/2022\/01\/Chris-Froome-CVR-profimedia-0619723325.jpg","type":"image\/jpeg"}],"author":"jbraeker","twitter_card":"summary_large_image","twitter_misc":{"Written by":"WeLoveCycling","Est. reading time":"4"},"schema":{"@context":"https:\/\/schema.org","@graph":[{"@type":"WebPage","@id":"https:\/\/www.welovecycling.com\/de\/2022\/01\/03\/froome-wegen-knieverletzung-nicht-auf-dem-rad-und-mehr-neuigkeiten-aus-der-radsportwelt\/","url":"https:\/\/www.welovecycling.com\/de\/2022\/01\/03\/froome-wegen-knieverletzung-nicht-auf-dem-rad-und-mehr-neuigkeiten-aus-der-radsportwelt\/","name":"Froome wegen Knieverletzung nicht auf dem Rad","isPartOf":{"@id":"https:\/\/www.welovecycling.com\/de\/#website"},"primaryImageOfPage":{"@id":"https:\/\/www.welovecycling.com\/de\/2022\/01\/03\/froome-wegen-knieverletzung-nicht-auf-dem-rad-und-mehr-neuigkeiten-aus-der-radsportwelt\/#primaryimage"},"image":{"@id":"https:\/\/www.welovecycling.com\/de\/2022\/01\/03\/froome-wegen-knieverletzung-nicht-auf-dem-rad-und-mehr-neuigkeiten-aus-der-radsportwelt\/#primaryimage"},"thumbnailUrl":"https:\/\/d2p6e6u75xmxt8.cloudfront.net\/10\/2022\/01\/Chris-Froome-CVR-profimedia-0619723325.jpg","datePublished":"2022-01-03T11:43:55+00:00","author":{"@id":"https:\/\/www.welovecycling.com\/de\/#\/schema\/person\/915694b3c8d0de9019932587781ba6b3"},"description":"Es ist wieder Montag und somit Zeit f\u00fcr Neuigkeiten aus der Radsportwelt! Hier ein \u00dcberblick, damit ihr auch nichts verpasst.","breadcrumb":{"@id":"https:\/\/www.welovecycling.com\/de\/2022\/01\/03\/froome-wegen-knieverletzung-nicht-auf-dem-rad-und-mehr-neuigkeiten-aus-der-radsportwelt\/#breadcrumb"},"inLanguage":"de-DE","potentialAction":[{"@type":"ReadAction","target":["https:\/\/www.welovecycling.com\/de\/2022\/01\/03\/froome-wegen-knieverletzung-nicht-auf-dem-rad-und-mehr-neuigkeiten-aus-der-radsportwelt\/"]}]},{"@type":"ImageObject","inLanguage":"de-DE","@id":"https:\/\/www.welovecycling.com\/de\/2022\/01\/03\/froome-wegen-knieverletzung-nicht-auf-dem-rad-und-mehr-neuigkeiten-aus-der-radsportwelt\/#primaryimage","url":"https:\/\/d2p6e6u75xmxt8.cloudfront.net\/10\/2022\/01\/Chris-Froome-CVR-profimedia-0619723325.jpg","contentUrl":"https:\/\/d2p6e6u75xmxt8.cloudfront.net\/10\/2022\/01\/Chris-Froome-CVR-profimedia-0619723325.jpg","width":1366,"height":600,"caption":"Chris Froome"},{"@type":"BreadcrumbList","@id":"https:\/\/www.welovecycling.com\/de\/2022\/01\/03\/froome-wegen-knieverletzung-nicht-auf-dem-rad-und-mehr-neuigkeiten-aus-der-radsportwelt\/#breadcrumb","itemListElement":[{"@type":"ListItem","position":1,"name":"Home","item":"https:\/\/www.welovecycling.com\/de\/"},{"@type":"ListItem","position":2,"name":"Froome wegen Knieverletzung nicht auf dem Rad und mehr Neuigkeiten aus der Radsportwelt"}]},{"@type":"WebSite","@id":"https:\/\/www.welovecycling.com\/de\/#website","url":"https:\/\/www.welovecycling.com\/de\/","name":"\u0160koda We Love Cycling - Deutschland","description":"Just another \u0160koda WeLoveCycling Sites site","potentialAction":[{"@type":"SearchAction","target":{"@type":"EntryPoint","urlTemplate":"https:\/\/www.welovecycling.com\/de\/?s={search_term_string}"},"query-input":{"@type":"PropertyValueSpecification","valueRequired":true,"valueName":"search_term_string"}}],"inLanguage":"de-DE"},{"@type":"Person","@id":"https:\/\/www.welovecycling.com\/de\/#\/schema\/person\/915694b3c8d0de9019932587781ba6b3","name":"jbraeker","image":{"@type":"ImageObject","inLanguage":"de-DE","@id":"https:\/\/www.welovecycling.com\/de\/#\/schema\/person\/image\/","url":"https:\/\/secure.gravatar.com\/avatar\/8b4aea90e4535aae30b5b720249e5b723ae59fcf3d54757dd8b748d97b46d3c9?s=96&d=mm&r=g","contentUrl":"https:\/\/secure.gravatar.com\/avatar\/8b4aea90e4535aae30b5b720249e5b723ae59fcf3d54757dd8b748d97b46d3c9?s=96&d=mm&r=g","caption":"jbraeker"},"url":"https:\/\/www.welovecycling.com\/de\/author\/jbraeker\/"}]}},"_links":{"self":[{"href":"https:\/\/www.welovecycling.com\/de\/wp-json\/wp\/v2\/posts\/9999","targetHints":{"allow":["GET"]}}],"collection":[{"href":"https:\/\/www.welovecycling.com\/de\/wp-json\/wp\/v2\/posts"}],"about":[{"href":"https:\/\/www.welovecycling.com\/de\/wp-json\/wp\/v2\/types\/post"}],"author":[{"embeddable":true,"href":"https:\/\/www.welovecycling.com\/de\/wp-json\/wp\/v2\/users\/115"}],"replies":[{"embeddable":true,"href":"https:\/\/www.welovecycling.com\/de\/wp-json\/wp\/v2\/comments?post=9999"}],"version-history":[{"count":1,"href":"https:\/\/www.welovecycling.com\/de\/wp-json\/wp\/v2\/posts\/9999\/revisions"}],"predecessor-version":[{"id":10006,"href":"https:\/\/www.welovecycling.com\/de\/wp-json\/wp\/v2\/posts\/9999\/revisions\/10006"}],"wp:featuredmedia":[{"embeddable":true,"href":"https:\/\/www.welovecycling.com\/de\/wp-json\/wp\/v2\/media\/10005"}],"wp:attachment":[{"href":"https:\/\/www.welovecycling.com\/de\/wp-json\/wp\/v2\/media?parent=9999"}],"wp:term":[{"taxonomy":"category","embeddable":true,"href":"https:\/\/www.welovecycling.com\/de\/wp-json\/wp\/v2\/categories?post=9999"},{"taxonomy":"post_tag","embeddable":true,"href":"https:\/\/www.welovecycling.com\/de\/wp-json\/wp\/v2\/tags?post=9999"},{"taxonomy":"global-categories","embeddable":true,"href":"https:\/\/www.welovecycling.com\/de\/wp-json\/wp\/v2\/global-categories?post=9999"}],"curies":[{"name":"wp","href":"https:\/\/api.w.org\/{rel}","templated":true}]}}