{"id":9990,"date":"2021-12-20T13:55:17","date_gmt":"2021-12-20T12:55:17","guid":{"rendered":"https:\/\/www.welovecycling.com\/de\/?p=9990"},"modified":"2021-12-20T13:55:17","modified_gmt":"2021-12-20T12:55:17","slug":"die-worldtour-der-frauen-steigt-auf-71-renntage-und-mehr-neuigkeiten-aus-der-radsportwelt","status":"publish","type":"post","link":"https:\/\/www.welovecycling.com\/de\/2021\/12\/20\/die-worldtour-der-frauen-steigt-auf-71-renntage-und-mehr-neuigkeiten-aus-der-radsportwelt\/","title":{"rendered":"Die WorldTour der Frauen steigt auf 71 Renntage und mehr Neuigkeiten aus der Radsportwelt"},"content":{"rendered":"<p><strong>Es ist wieder Montag und somit Zeit f\u00fcr Neuigkeiten aus der Radsportwelt! Hier ein \u00dcberblick, damit ihr auch nichts verpasst.<\/strong><\/p>\n<p><!--more--><\/p>\n<h2><strong>37 in 2021, 71 in 2022<\/strong><\/h2>\n<p>Die Anzahl der Renntage wird im Jahr 2022 sch\u00f6ner anzusehen sein. Sie ist am vergangenen Donnerstag auf 71 gestiegen, als die Ceratizit Challenge by La Vuelta bekannt gab, dass sie ihr Etappenrennen von vier auf f\u00fcnf Tage verl\u00e4ngern wird.<\/p>\n<p>Die letzten beiden Jahre waren f\u00fcr alle und alles hart. Der Frauenradsport bildete da keine Ausnahme. Im Jahr 2021 fanden nur 37 Renntage statt, und wegen der Pandemie endete die Saison 2020 mit nur 21 Renntagen. Wir k\u00f6nnen auf das Jahr 2019 als das letzte normale Jahr zur\u00fcckblicken. Damals fanden 54 Renntage statt.<\/p>\n<figure id=\"attachment_8882\" aria-describedby=\"caption-attachment-8882\" style=\"width: 1250px\" class=\"wp-caption alignnone\"><a href=\"https:\/\/d2p6e6u75xmxt8.cloudfront.net\/10\/2021\/03\/profimedia-0601854576.jpg\"><img loading=\"lazy\" decoding=\"async\" class=\"size-full wp-image-8882\" src=\"https:\/\/d2p6e6u75xmxt8.cloudfront.net\/10\/2021\/03\/profimedia-0601854576.jpg\" alt=\"Marianne Vos\" width=\"1250\" height=\"834\" srcset=\"https:\/\/d2p6e6u75xmxt8.cloudfront.net\/10\/2021\/03\/profimedia-0601854576.jpg 1250w, https:\/\/d2p6e6u75xmxt8.cloudfront.net\/10\/2021\/03\/profimedia-0601854576-300x200.jpg 300w, https:\/\/d2p6e6u75xmxt8.cloudfront.net\/10\/2021\/03\/profimedia-0601854576-1024x683.jpg 1024w, https:\/\/d2p6e6u75xmxt8.cloudfront.net\/10\/2021\/03\/profimedia-0601854576-768x512.jpg 768w, https:\/\/d2p6e6u75xmxt8.cloudfront.net\/10\/2021\/03\/profimedia-0601854576-272x182.jpg 272w\" sizes=\"auto, (max-width: 1250px) 100vw, 1250px\" \/><\/a><figcaption id=\"caption-attachment-8882\" class=\"wp-caption-text\">Die Frauenausgabe des Gent-Wevelgem in Flandern. \u00a9 Profimedia<\/figcaption><\/figure>\n<p>Im Jahr 2022 wird es viele neue Veranstaltungen geben. Der prestigetr\u00e4chtigste Neuzugang im Kalender wird die Tour de France Femmes sein, die nun La Course ersetzt. Es gibt aber auch das Etappenrennen rund um die Veranstaltung RideLondon oder die Battle of the North. Insgesamt sind 10 Etappenrennen geplant.<\/p>\n<p>Die Ver\u00e4nderungen werden sich zwangsl\u00e4ufig auf das Frauenfeld auswirken, wie Lizzie Deignan (Trek-Segafredo) k\u00fcrzlich in einer Pressekonferenz feststellte.<\/p>\n<p>&#8222;In meiner f\u00fchrenden Position im Frauenradsport in den letzten wie auch immer f\u00fcnf, zehn Jahren, musste ich st\u00e4ndig in Form sein, weil von uns erwartet wird, dass wir auf vielen verschiedenen Terrains gewinnen k\u00f6nnen. Aber ich denke, je professioneller der Sport wird, desto spezialisierter werden die Leute.&#8220;<\/p>\n<p>&#8222;Ich denke also, dass sich wie im Radsport der M\u00e4nner spezielle Teams entwickeln werden. Man hat ein Fr\u00fchjahrsteam [f\u00fcr die Klassiker] und dann ein Grand-Tour-Team oder was auch immer.&#8220;<\/p>\n<p>Stimmt ihr zu? Wir k\u00f6nnen es kaum erwarten, dass die Saison beginnt und wir es herausfinden.<\/p>\n<h2><strong>Schon aufgeregt?<\/strong><\/h2>\n<div class=\"embed-controller-wrapper\">\n<blockquote class=\"twitter-tweet\" data-width=\"500\" data-dnt=\"true\">\n<p lang=\"en\" dir=\"ltr\">Professional cyclist, Nicolas Roche has represented Ireland on a world stage\u2026 but he\u2019s giving up cycling for some sparkle!<\/p>\n<p>This is going to be a very different race, <a href=\"https:\/\/twitter.com\/nicholasroche?ref_src=twsrc%5Etfw\">@nicholasroche<\/a>! \ud83d\udeb4 <a href=\"https:\/\/twitter.com\/hashtag\/DWTSIrl?src=hash&amp;ref_src=twsrc%5Etfw\">#DWTSIrl<\/a> <a href=\"https:\/\/twitter.com\/hashtag\/DWTS?src=hash&amp;ref_src=twsrc%5Etfw\">#DWTS<\/a> <a href=\"https:\/\/t.co\/nzN8NgYkKT\">pic.twitter.com\/nzN8NgYkKT<\/a><\/p>\n<p>&mdash; DWTS Ireland (@DWTSIRL) <a href=\"https:\/\/twitter.com\/DWTSIRL\/status\/1469916036883533824?ref_src=twsrc%5Etfw\">December 12, 2021<\/a><\/p><\/blockquote>\n<p><script async data-src=\"https:\/\/platform.twitter.com\/widgets.js\" charset=\"utf-8\"><\/script><\/div>\n<h2><strong>Jeden Tag ein St\u00fcckchen n\u00e4her<\/strong><\/h2>\n<div class=\"embed-controller-wrapper\">\n<blockquote class=\"twitter-tweet\" data-width=\"500\" data-dnt=\"true\">\n<p lang=\"en\" dir=\"ltr\">Is it nearly The Tour de France?<\/p>\n<p>&mdash; Ned Boulting \ud83c\udff3\ufe0f\u200d\u26a7\ufe0f (@nedboulting) <a href=\"https:\/\/twitter.com\/nedboulting\/status\/1471849550700851209?ref_src=twsrc%5Etfw\">December 17, 2021<\/a><\/p><\/blockquote>\n<p><script async data-src=\"https:\/\/platform.twitter.com\/widgets.js\" charset=\"utf-8\"><\/script><\/div>\n<h2><strong>Los geht&#8217;s<\/strong><\/h2>\n<p>https:\/\/www.instagram.com\/p\/CXl2ZPSLSsB\/<\/p>\n","protected":false},"excerpt":{"rendered":"<p>Es ist wieder Montag und somit Zeit f\u00fcr Neuigkeiten aus der Radsportwelt! Hier ein \u00dcberblick, damit ihr auch nichts verpasst.<\/p>\n","protected":false},"author":115,"featured_media":9995,"comment_status":"open","ping_status":"open","sticky":false,"template":"","format":"standard","meta":{"footnotes":""},"categories":[1],"tags":[],"global-categories":[],"class_list":["post-9990","post","type-post","status-publish","format-standard","has-post-thumbnail","hentry","category-allgemein"],"yoast_head":"<!-- This site is optimized with the Yoast SEO Premium plugin v25.3 (Yoast SEO v25.9) - https:\/\/yoast.com\/wordpress\/plugins\/seo\/ -->\n<title>Die WorldTour der Frauen steigt auf 71 Renntage<\/title>\n<meta name=\"description\" content=\"Es ist wieder Montag und somit Zeit f\u00fcr Neuigkeiten aus der Radsportwelt! Hier ein \u00dcberblick, damit ihr auch nichts verpasst.\" \/>\n<meta name=\"robots\" content=\"index, follow, max-snippet:-1, max-image-preview:large, max-video-preview:-1\" \/>\n<link rel=\"canonical\" href=\"https:\/\/www.welovecycling.com\/de\/2021\/12\/20\/die-worldtour-der-frauen-steigt-auf-71-renntage-und-mehr-neuigkeiten-aus-der-radsportwelt\/\" \/>\n<meta property=\"og:locale\" content=\"de_DE\" \/>\n<meta property=\"og:type\" content=\"article\" \/>\n<meta property=\"og:title\" content=\"Die WorldTour der Frauen steigt auf 71 Renntage und mehr Neuigkeiten aus der Radsportwelt\" \/>\n<meta property=\"og:description\" content=\"Es ist wieder Montag und somit Zeit f\u00fcr Neuigkeiten aus der Radsportwelt! Hier ein \u00dcberblick, damit ihr auch nichts verpasst.\" \/>\n<meta property=\"og:url\" content=\"https:\/\/www.welovecycling.com\/de\/2021\/12\/20\/die-worldtour-der-frauen-steigt-auf-71-renntage-und-mehr-neuigkeiten-aus-der-radsportwelt\/\" \/>\n<meta property=\"og:site_name\" content=\"\u0160koda We Love Cycling - Deutschland\" \/>\n<meta property=\"article:published_time\" content=\"2021-12-20T12:55:17+00:00\" \/>\n<meta property=\"og:image\" content=\"https:\/\/d2p6e6u75xmxt8.cloudfront.net\/10\/2021\/12\/Womens-cycling-peloton-profimedia-0636675165-cVR.jpg\" \/>\n\t<meta property=\"og:image:width\" content=\"1366\" \/>\n\t<meta property=\"og:image:height\" content=\"600\" \/>\n\t<meta property=\"og:image:type\" content=\"image\/jpeg\" \/>\n<meta name=\"author\" content=\"jbraeker\" \/>\n<meta name=\"twitter:card\" content=\"summary_large_image\" \/>\n<meta name=\"twitter:label1\" content=\"Written by\" \/>\n\t<meta name=\"twitter:data1\" content=\"WeLoveCycling\" \/>\n\t<meta name=\"twitter:label2\" content=\"Est. reading time\" \/>\n\t<meta name=\"twitter:data2\" content=\"4\" \/>\n<script type=\"application\/ld+json\" class=\"yoast-schema-graph\">{\"@context\":\"https:\/\/schema.org\",\"@graph\":[{\"@type\":\"WebPage\",\"@id\":\"https:\/\/www.welovecycling.com\/de\/2021\/12\/20\/die-worldtour-der-frauen-steigt-auf-71-renntage-und-mehr-neuigkeiten-aus-der-radsportwelt\/\",\"url\":\"https:\/\/www.welovecycling.com\/de\/2021\/12\/20\/die-worldtour-der-frauen-steigt-auf-71-renntage-und-mehr-neuigkeiten-aus-der-radsportwelt\/\",\"name\":\"Die WorldTour der Frauen steigt auf 71 Renntage\",\"isPartOf\":{\"@id\":\"https:\/\/www.welovecycling.com\/de\/#website\"},\"primaryImageOfPage\":{\"@id\":\"https:\/\/www.welovecycling.com\/de\/2021\/12\/20\/die-worldtour-der-frauen-steigt-auf-71-renntage-und-mehr-neuigkeiten-aus-der-radsportwelt\/#primaryimage\"},\"image\":{\"@id\":\"https:\/\/www.welovecycling.com\/de\/2021\/12\/20\/die-worldtour-der-frauen-steigt-auf-71-renntage-und-mehr-neuigkeiten-aus-der-radsportwelt\/#primaryimage\"},\"thumbnailUrl\":\"https:\/\/d2p6e6u75xmxt8.cloudfront.net\/10\/2021\/12\/Womens-cycling-peloton-profimedia-0636675165-cVR.jpg\",\"datePublished\":\"2021-12-20T12:55:17+00:00\",\"author\":{\"@id\":\"https:\/\/www.welovecycling.com\/de\/#\/schema\/person\/915694b3c8d0de9019932587781ba6b3\"},\"description\":\"Es ist wieder Montag und somit Zeit f\u00fcr Neuigkeiten aus der Radsportwelt! Hier ein \u00dcberblick, damit ihr auch nichts verpasst.\",\"breadcrumb\":{\"@id\":\"https:\/\/www.welovecycling.com\/de\/2021\/12\/20\/die-worldtour-der-frauen-steigt-auf-71-renntage-und-mehr-neuigkeiten-aus-der-radsportwelt\/#breadcrumb\"},\"inLanguage\":\"de-DE\",\"potentialAction\":[{\"@type\":\"ReadAction\",\"target\":[\"https:\/\/www.welovecycling.com\/de\/2021\/12\/20\/die-worldtour-der-frauen-steigt-auf-71-renntage-und-mehr-neuigkeiten-aus-der-radsportwelt\/\"]}]},{\"@type\":\"ImageObject\",\"inLanguage\":\"de-DE\",\"@id\":\"https:\/\/www.welovecycling.com\/de\/2021\/12\/20\/die-worldtour-der-frauen-steigt-auf-71-renntage-und-mehr-neuigkeiten-aus-der-radsportwelt\/#primaryimage\",\"url\":\"https:\/\/d2p6e6u75xmxt8.cloudfront.net\/10\/2021\/12\/Womens-cycling-peloton-profimedia-0636675165-cVR.jpg\",\"contentUrl\":\"https:\/\/d2p6e6u75xmxt8.cloudfront.net\/10\/2021\/12\/Womens-cycling-peloton-profimedia-0636675165-cVR.jpg\",\"width\":1366,\"height\":600,\"caption\":\"Women's Cycling\"},{\"@type\":\"BreadcrumbList\",\"@id\":\"https:\/\/www.welovecycling.com\/de\/2021\/12\/20\/die-worldtour-der-frauen-steigt-auf-71-renntage-und-mehr-neuigkeiten-aus-der-radsportwelt\/#breadcrumb\",\"itemListElement\":[{\"@type\":\"ListItem\",\"position\":1,\"name\":\"Home\",\"item\":\"https:\/\/www.welovecycling.com\/de\/\"},{\"@type\":\"ListItem\",\"position\":2,\"name\":\"Die WorldTour der Frauen steigt auf 71 Renntage und mehr Neuigkeiten aus der Radsportwelt\"}]},{\"@type\":\"WebSite\",\"@id\":\"https:\/\/www.welovecycling.com\/de\/#website\",\"url\":\"https:\/\/www.welovecycling.com\/de\/\",\"name\":\"\u0160koda We Love Cycling - Deutschland\",\"description\":\"Just another \u0160koda WeLoveCycling Sites site\",\"potentialAction\":[{\"@type\":\"SearchAction\",\"target\":{\"@type\":\"EntryPoint\",\"urlTemplate\":\"https:\/\/www.welovecycling.com\/de\/?s={search_term_string}\"},\"query-input\":{\"@type\":\"PropertyValueSpecification\",\"valueRequired\":true,\"valueName\":\"search_term_string\"}}],\"inLanguage\":\"de-DE\"},{\"@type\":\"Person\",\"@id\":\"https:\/\/www.welovecycling.com\/de\/#\/schema\/person\/915694b3c8d0de9019932587781ba6b3\",\"name\":\"jbraeker\",\"image\":{\"@type\":\"ImageObject\",\"inLanguage\":\"de-DE\",\"@id\":\"https:\/\/www.welovecycling.com\/de\/#\/schema\/person\/image\/\",\"url\":\"https:\/\/secure.gravatar.com\/avatar\/8b4aea90e4535aae30b5b720249e5b723ae59fcf3d54757dd8b748d97b46d3c9?s=96&d=mm&r=g\",\"contentUrl\":\"https:\/\/secure.gravatar.com\/avatar\/8b4aea90e4535aae30b5b720249e5b723ae59fcf3d54757dd8b748d97b46d3c9?s=96&d=mm&r=g\",\"caption\":\"jbraeker\"},\"url\":\"https:\/\/www.welovecycling.com\/de\/author\/jbraeker\/\"}]}<\/script>\n<!-- \/ Yoast SEO Premium plugin. -->","yoast_head_json":{"title":"Die WorldTour der Frauen steigt auf 71 Renntage","description":"Es ist wieder Montag und somit Zeit f\u00fcr Neuigkeiten aus der Radsportwelt! Hier ein \u00dcberblick, damit ihr auch nichts verpasst.","robots":{"index":"index","follow":"follow","max-snippet":"max-snippet:-1","max-image-preview":"max-image-preview:large","max-video-preview":"max-video-preview:-1"},"canonical":"https:\/\/www.welovecycling.com\/de\/2021\/12\/20\/die-worldtour-der-frauen-steigt-auf-71-renntage-und-mehr-neuigkeiten-aus-der-radsportwelt\/","og_locale":"de_DE","og_type":"article","og_title":"Die WorldTour der Frauen steigt auf 71 Renntage und mehr Neuigkeiten aus der Radsportwelt","og_description":"Es ist wieder Montag und somit Zeit f\u00fcr Neuigkeiten aus der Radsportwelt! Hier ein \u00dcberblick, damit ihr auch nichts verpasst.","og_url":"https:\/\/www.welovecycling.com\/de\/2021\/12\/20\/die-worldtour-der-frauen-steigt-auf-71-renntage-und-mehr-neuigkeiten-aus-der-radsportwelt\/","og_site_name":"\u0160koda We Love Cycling - Deutschland","article_published_time":"2021-12-20T12:55:17+00:00","og_image":[{"width":1366,"height":600,"url":"https:\/\/d2p6e6u75xmxt8.cloudfront.net\/10\/2021\/12\/Womens-cycling-peloton-profimedia-0636675165-cVR.jpg","type":"image\/jpeg"}],"author":"jbraeker","twitter_card":"summary_large_image","twitter_misc":{"Written by":"WeLoveCycling","Est. reading time":"4"},"schema":{"@context":"https:\/\/schema.org","@graph":[{"@type":"WebPage","@id":"https:\/\/www.welovecycling.com\/de\/2021\/12\/20\/die-worldtour-der-frauen-steigt-auf-71-renntage-und-mehr-neuigkeiten-aus-der-radsportwelt\/","url":"https:\/\/www.welovecycling.com\/de\/2021\/12\/20\/die-worldtour-der-frauen-steigt-auf-71-renntage-und-mehr-neuigkeiten-aus-der-radsportwelt\/","name":"Die WorldTour der Frauen steigt auf 71 Renntage","isPartOf":{"@id":"https:\/\/www.welovecycling.com\/de\/#website"},"primaryImageOfPage":{"@id":"https:\/\/www.welovecycling.com\/de\/2021\/12\/20\/die-worldtour-der-frauen-steigt-auf-71-renntage-und-mehr-neuigkeiten-aus-der-radsportwelt\/#primaryimage"},"image":{"@id":"https:\/\/www.welovecycling.com\/de\/2021\/12\/20\/die-worldtour-der-frauen-steigt-auf-71-renntage-und-mehr-neuigkeiten-aus-der-radsportwelt\/#primaryimage"},"thumbnailUrl":"https:\/\/d2p6e6u75xmxt8.cloudfront.net\/10\/2021\/12\/Womens-cycling-peloton-profimedia-0636675165-cVR.jpg","datePublished":"2021-12-20T12:55:17+00:00","author":{"@id":"https:\/\/www.welovecycling.com\/de\/#\/schema\/person\/915694b3c8d0de9019932587781ba6b3"},"description":"Es ist wieder Montag und somit Zeit f\u00fcr Neuigkeiten aus der Radsportwelt! Hier ein \u00dcberblick, damit ihr auch nichts verpasst.","breadcrumb":{"@id":"https:\/\/www.welovecycling.com\/de\/2021\/12\/20\/die-worldtour-der-frauen-steigt-auf-71-renntage-und-mehr-neuigkeiten-aus-der-radsportwelt\/#breadcrumb"},"inLanguage":"de-DE","potentialAction":[{"@type":"ReadAction","target":["https:\/\/www.welovecycling.com\/de\/2021\/12\/20\/die-worldtour-der-frauen-steigt-auf-71-renntage-und-mehr-neuigkeiten-aus-der-radsportwelt\/"]}]},{"@type":"ImageObject","inLanguage":"de-DE","@id":"https:\/\/www.welovecycling.com\/de\/2021\/12\/20\/die-worldtour-der-frauen-steigt-auf-71-renntage-und-mehr-neuigkeiten-aus-der-radsportwelt\/#primaryimage","url":"https:\/\/d2p6e6u75xmxt8.cloudfront.net\/10\/2021\/12\/Womens-cycling-peloton-profimedia-0636675165-cVR.jpg","contentUrl":"https:\/\/d2p6e6u75xmxt8.cloudfront.net\/10\/2021\/12\/Womens-cycling-peloton-profimedia-0636675165-cVR.jpg","width":1366,"height":600,"caption":"Women's Cycling"},{"@type":"BreadcrumbList","@id":"https:\/\/www.welovecycling.com\/de\/2021\/12\/20\/die-worldtour-der-frauen-steigt-auf-71-renntage-und-mehr-neuigkeiten-aus-der-radsportwelt\/#breadcrumb","itemListElement":[{"@type":"ListItem","position":1,"name":"Home","item":"https:\/\/www.welovecycling.com\/de\/"},{"@type":"ListItem","position":2,"name":"Die WorldTour der Frauen steigt auf 71 Renntage und mehr Neuigkeiten aus der Radsportwelt"}]},{"@type":"WebSite","@id":"https:\/\/www.welovecycling.com\/de\/#website","url":"https:\/\/www.welovecycling.com\/de\/","name":"\u0160koda We Love Cycling - Deutschland","description":"Just another \u0160koda WeLoveCycling Sites site","potentialAction":[{"@type":"SearchAction","target":{"@type":"EntryPoint","urlTemplate":"https:\/\/www.welovecycling.com\/de\/?s={search_term_string}"},"query-input":{"@type":"PropertyValueSpecification","valueRequired":true,"valueName":"search_term_string"}}],"inLanguage":"de-DE"},{"@type":"Person","@id":"https:\/\/www.welovecycling.com\/de\/#\/schema\/person\/915694b3c8d0de9019932587781ba6b3","name":"jbraeker","image":{"@type":"ImageObject","inLanguage":"de-DE","@id":"https:\/\/www.welovecycling.com\/de\/#\/schema\/person\/image\/","url":"https:\/\/secure.gravatar.com\/avatar\/8b4aea90e4535aae30b5b720249e5b723ae59fcf3d54757dd8b748d97b46d3c9?s=96&d=mm&r=g","contentUrl":"https:\/\/secure.gravatar.com\/avatar\/8b4aea90e4535aae30b5b720249e5b723ae59fcf3d54757dd8b748d97b46d3c9?s=96&d=mm&r=g","caption":"jbraeker"},"url":"https:\/\/www.welovecycling.com\/de\/author\/jbraeker\/"}]}},"_links":{"self":[{"href":"https:\/\/www.welovecycling.com\/de\/wp-json\/wp\/v2\/posts\/9990","targetHints":{"allow":["GET"]}}],"collection":[{"href":"https:\/\/www.welovecycling.com\/de\/wp-json\/wp\/v2\/posts"}],"about":[{"href":"https:\/\/www.welovecycling.com\/de\/wp-json\/wp\/v2\/types\/post"}],"author":[{"embeddable":true,"href":"https:\/\/www.welovecycling.com\/de\/wp-json\/wp\/v2\/users\/115"}],"replies":[{"embeddable":true,"href":"https:\/\/www.welovecycling.com\/de\/wp-json\/wp\/v2\/comments?post=9990"}],"version-history":[{"count":2,"href":"https:\/\/www.welovecycling.com\/de\/wp-json\/wp\/v2\/posts\/9990\/revisions"}],"predecessor-version":[{"id":9996,"href":"https:\/\/www.welovecycling.com\/de\/wp-json\/wp\/v2\/posts\/9990\/revisions\/9996"}],"wp:featuredmedia":[{"embeddable":true,"href":"https:\/\/www.welovecycling.com\/de\/wp-json\/wp\/v2\/media\/9995"}],"wp:attachment":[{"href":"https:\/\/www.welovecycling.com\/de\/wp-json\/wp\/v2\/media?parent=9990"}],"wp:term":[{"taxonomy":"category","embeddable":true,"href":"https:\/\/www.welovecycling.com\/de\/wp-json\/wp\/v2\/categories?post=9990"},{"taxonomy":"post_tag","embeddable":true,"href":"https:\/\/www.welovecycling.com\/de\/wp-json\/wp\/v2\/tags?post=9990"},{"taxonomy":"global-categories","embeddable":true,"href":"https:\/\/www.welovecycling.com\/de\/wp-json\/wp\/v2\/global-categories?post=9990"}],"curies":[{"name":"wp","href":"https:\/\/api.w.org\/{rel}","templated":true}]}}