{"id":9979,"date":"2021-12-14T09:53:14","date_gmt":"2021-12-14T08:53:14","guid":{"rendered":"https:\/\/www.welovecycling.com\/de\/?p=9979"},"modified":"2021-12-14T09:53:14","modified_gmt":"2021-12-14T08:53:14","slug":"wout-van-aert-siegt-im-verschneiten-val-di-sole-und-mehr-neuigkeiten-aus-der-radsportwelt","status":"publish","type":"post","link":"https:\/\/www.welovecycling.com\/de\/2021\/12\/14\/wout-van-aert-siegt-im-verschneiten-val-di-sole-und-mehr-neuigkeiten-aus-der-radsportwelt\/","title":{"rendered":"Wout van Aert siegt im verschneiten Val di Sole und mehr Neuigkeiten aus der Radsportwelt"},"content":{"rendered":"<p><strong>Es ist wieder Montag und somit Zeit f\u00fcr Neuigkeiten aus der Radsportwelt! Hier ein \u00dcberblick, damit ihr auch nichts verpasst.<\/strong><\/p>\n<p><!--more--><\/p>\n<h2><strong>Er hat es wieder getan<\/strong><\/h2>\n<p>Nach einer beeindruckenden Leistung in Val di Sole baut Wout van Aert seine Siegesserie auf drei in Folge aus. Der Belgier kam fast eine Minute vor Michael Vanthourenhout ins Ziel. Tom Pidcock belegte den dritten Platz mit einem R\u00fcckstand von 40 Sekunden.<\/p>\n<p>Das Rennen der Frauen war weitaus spannender. Fem van Empel kam mit nur sechs Sekunden Vorsprung vor Marianne Vos ins Ziel. Die 19-J\u00e4hrige war im Finale in der Defensive als Vos sie \u00fcberholen wollte. Doch Vos geriet in einen Zaun, st\u00fcrzte vom Rad und Van Empel konnte davonfahren und gewinnen.<\/p>\n<div class=\"embed-controller-wrapper\">\n<blockquote class=\"twitter-tweet\" data-width=\"500\" data-dnt=\"true\">\n<p lang=\"en\" dir=\"ltr\">A spectacular race in Italy with an even more spectacular finish! \ud83c\uddee\ud83c\uddf9 Relive Fem van Empel\u2019s first professional victory! \ud83d\udc4f <a href=\"https:\/\/twitter.com\/hashtag\/CXWorldCup?src=hash&amp;ref_src=twsrc%5Etfw\">#CXWorldCup<\/a> <a href=\"https:\/\/t.co\/5ct2JsIgn1\">pic.twitter.com\/5ct2JsIgn1<\/a><\/p>\n<p>&mdash; UCI Cyclo-cross World Cup (@UCIcyclocrossWC) <a href=\"https:\/\/twitter.com\/UCIcyclocrossWC\/status\/1470061950004510731?ref_src=twsrc%5Etfw\">December 12, 2021<\/a><\/p><\/blockquote>\n<p><script async data-src=\"https:\/\/platform.twitter.com\/widgets.js\" charset=\"utf-8\"><\/script><\/div>\n<p>&#8222;Nach dem Fehler in der letzten Kurve war ich entt\u00e4uscht, aber ich bin trotzdem gl\u00fccklich&#8220;, sagte Vos nach dem Zieleinlauf. &#8222;Ich bin froh, dass ich noch um den Sieg k\u00e4mpfen konnte. Aber Fem ist gro\u00dfartig gefahren, und ich wei\u00df, dass ich einen Fehler gemacht habe und ihn nicht wieder gutmachen konnte.&#8220;<\/p>\n<p>&#8222;Wir haben eine Menge Spektakel gesehen. Das ist Sport auf h\u00f6chstem Niveau und an einem gro\u00dfartigen Ort. Dieses Rennen hat bewiesen, dass man \u00fcberall Cyclocross fahren kann&#8220;, sagte Van Aert \u00fcber seinen Tag im Schnee. &#8222;In einem Park in einer gro\u00dfen Stadt, aber auch in den Bergen. Wir haben das bewiesen. Es ist toll, dass ich das erleben durfte und ein Teil davon bin.&#8220;<\/p>\n<p>&#8222;Ich werde nach Dendermonde zur\u00fcckkehren, aber n\u00e4chste Woche wegen eines Trainingslagers mit dem Team nicht da sein&#8220;, so Van Aert \u00fcber die kommenden Wintermonate. &#8222;Und danach werde ich die gesamte Weihnachtssaison fast alle Rennen fahren. Auf jeden Fall war das ein guter Start in die Saison und ich hoffe auf einen guten Rest der Saison.&#8220;<\/p>\n<div class=\"embed-controller-wrapper\">\n<blockquote class=\"twitter-tweet\" data-width=\"500\" data-dnt=\"true\">\n<p lang=\"en\" dir=\"ltr\">You could see this round-up coming, right? \ud83d\ude1c Relive yesterday\u2019s races through these beauties \u26c4\ufe0f <a href=\"https:\/\/twitter.com\/hashtag\/CXWorldCup?src=hash&amp;ref_src=twsrc%5Etfw\">#CXWorldCup<\/a> <a href=\"https:\/\/t.co\/AV1aBnIJbl\">pic.twitter.com\/AV1aBnIJbl<\/a><\/p>\n<p>&mdash; UCI Cyclo-cross World Cup (@UCIcyclocrossWC) <a href=\"https:\/\/twitter.com\/UCIcyclocrossWC\/status\/1470319022159843330?ref_src=twsrc%5Etfw\">December 13, 2021<\/a><\/p><\/blockquote>\n<p><script async data-src=\"https:\/\/platform.twitter.com\/widgets.js\" charset=\"utf-8\"><\/script><\/div>\n<h4>Rennen der M\u00e4nner<\/h4>\n<ol>\n<li>Wout van Aert (Bel) \u2013 59:27<\/li>\n<li>Michael Vanthourenhout (Bel) + 49 seconds<\/li>\n<li>Tom Pidcock (GBr) + 1:28<\/li>\n<li>Eli Iserbyt (Bel) + 1:44<\/li>\n<li>Quinten Hermans (Bel) + 2:15<\/li>\n<li>Niels Vandeputte (Bel) + 2:16<\/li>\n<li>Kevin Kuhn (Sui) + 2:29<\/li>\n<li>Daan Soete (Bel) + 2:46<\/li>\n<li>Toon Vandebosch (Bel) + 3:36<\/li>\n<li>Corn\u00e9 van Kessel (Ned) + 3:52<\/li>\n<\/ol>\n<h4>Rennen der Frauen<\/h4>\n<ol>\n<li>Fem van Empel (Ned) \u2013 51:50<\/li>\n<li>Marianne Vos (Ned) + 6 seconds<\/li>\n<li>Maghalie Rochette (Can) + 11 seconds<\/li>\n<li>Eva Lechner (Ita) + 23 seconds<\/li>\n<li>Denise Betsema (Ned) + 45 seconds<\/li>\n<li>H\u00e9lene Clauzel (Fra) + 2:03<\/li>\n<li>Alice Maria Arzuffi (Ita) + 2:07<\/li>\n<li>Sanne Cant (Bel) + 2:42<\/li>\n<li>Puck Pieterse (Ned) + 2:54<\/li>\n<li>Silvia Persico (Ita) + 3:35<\/li>\n<\/ol>\n<h2><strong>So etwas wie schlechtes Wetter gibt es nicht<\/strong><\/h2>\n<p>https:\/\/www.instagram.com\/p\/CXTP33EoE9L\/<\/p>\n<h2><strong>Nicht so<\/strong><\/h2>\n<div class=\"embed-controller-wrapper\">\n<blockquote class=\"twitter-tweet\" data-width=\"500\" data-dnt=\"true\">\n<p lang=\"en\" dir=\"ltr\">Ever get the feeling you\u2019re being watched? \ud83e\uddd0 <a href=\"https:\/\/t.co\/e8CmCsmdUh\">pic.twitter.com\/e8CmCsmdUh<\/a><\/p>\n<p>&mdash; Geraint Thomas (@GeraintThomas86) <a href=\"https:\/\/twitter.com\/GeraintThomas86\/status\/1469403835194032133?ref_src=twsrc%5Etfw\">December 10, 2021<\/a><\/p><\/blockquote>\n<p><script async data-src=\"https:\/\/platform.twitter.com\/widgets.js\" charset=\"utf-8\"><\/script><\/div>\n<h2><strong>&#8222;Es ist, als ob du immer im zweiten Gang feststeckst&#8220;<\/strong><\/h2>\n<div class=\"embed-controller-wrapper\">\n<blockquote class=\"twitter-tweet\" data-width=\"500\" data-dnt=\"true\">\n<p lang=\"en\" dir=\"ltr\">Gonna tell our kids this was the cast of Friends.<\/p>\n<p>But who&#39;s who? <a href=\"https:\/\/t.co\/EcQRfqO6Ii\">pic.twitter.com\/EcQRfqO6Ii<\/a><\/p>\n<p>&mdash; Lidl-Trek (@LidlTrek) <a href=\"https:\/\/twitter.com\/LidlTrek\/status\/1469363952954097672?ref_src=twsrc%5Etfw\">December 10, 2021<\/a><\/p><\/blockquote>\n<p><script async data-src=\"https:\/\/platform.twitter.com\/widgets.js\" charset=\"utf-8\"><\/script><\/div>\n<h2><strong>Was passiert hier?<\/strong><\/h2>\n<div class=\"embed-controller-wrapper\">\n<blockquote class=\"twitter-tweet\" data-width=\"500\" data-dnt=\"true\">\n<p lang=\"es\" dir=\"ltr\">Con toda la actitud porqu\u00e9 el dolor de patas es muy sabroso <a href=\"https:\/\/twitter.com\/TeamEFCoaching?ref_src=twsrc%5Etfw\">@TeamEFCoaching<\/a> <a href=\"https:\/\/t.co\/JUn0wrEY9n\">pic.twitter.com\/JUn0wrEY9n<\/a><\/p>\n<p>&mdash; Rigoberto Ur\u00e1n \u042fU (@UranRigoberto) <a href=\"https:\/\/twitter.com\/UranRigoberto\/status\/1469033569901334534?ref_src=twsrc%5Etfw\">December 9, 2021<\/a><\/p><\/blockquote>\n<p><script async data-src=\"https:\/\/platform.twitter.com\/widgets.js\" charset=\"utf-8\"><\/script><\/div>\n<h2><strong>Nach all dieser Zeit? Immer<\/strong><\/h2>\n<p>https:\/\/www.instagram.com\/p\/CXJhxzEoFy4\/<\/p>\n","protected":false},"excerpt":{"rendered":"<p>Es ist wieder Montag und somit Zeit f\u00fcr Neuigkeiten aus der Radsportwelt! Hier ein \u00dcberblick, damit ihr auch nichts verpasst.<\/p>\n","protected":false},"author":115,"featured_media":9987,"comment_status":"open","ping_status":"open","sticky":false,"template":"","format":"standard","meta":{"footnotes":""},"categories":[1],"tags":[],"global-categories":[],"class_list":["post-9979","post","type-post","status-publish","format-standard","has-post-thumbnail","hentry","category-allgemein"],"yoast_head":"<!-- This site is optimized with the Yoast SEO Premium plugin v25.3 (Yoast SEO v25.9) - https:\/\/yoast.com\/wordpress\/plugins\/seo\/ -->\n<title>Wout van Aert Wins in the Snowy Val di Sole - We Love Cycling<\/title>\n<meta name=\"description\" content=\"Wout van Aert siegt im verschneiten Val di Sole und mehr Neuigkeiten aus der Radsportwelt\" \/>\n<meta name=\"robots\" content=\"index, follow, max-snippet:-1, max-image-preview:large, max-video-preview:-1\" \/>\n<link rel=\"canonical\" href=\"https:\/\/www.welovecycling.com\/de\/2021\/12\/14\/wout-van-aert-siegt-im-verschneiten-val-di-sole-und-mehr-neuigkeiten-aus-der-radsportwelt\/\" \/>\n<meta property=\"og:locale\" content=\"de_DE\" \/>\n<meta property=\"og:type\" content=\"article\" \/>\n<meta property=\"og:title\" content=\"Wout van Aert siegt im verschneiten Val di Sole und mehr Neuigkeiten aus der Radsportwelt\" \/>\n<meta property=\"og:description\" content=\"Another Monday is here, and so is our news from the world of cycling. So, what did you miss?\" \/>\n<meta property=\"og:url\" content=\"https:\/\/www.welovecycling.com\/de\/2021\/12\/14\/wout-van-aert-siegt-im-verschneiten-val-di-sole-und-mehr-neuigkeiten-aus-der-radsportwelt\/\" \/>\n<meta property=\"og:site_name\" content=\"\u0160koda We Love Cycling - Deutschland\" \/>\n<meta property=\"article:published_time\" content=\"2021-12-14T08:53:14+00:00\" \/>\n<meta property=\"og:image\" content=\"https:\/\/d2p6e6u75xmxt8.cloudfront.net\/10\/2021\/12\/Wout-van-Aert-profimedia-0647577492-CVR.jpg\" \/>\n\t<meta property=\"og:image:width\" content=\"1366\" \/>\n\t<meta property=\"og:image:height\" content=\"600\" \/>\n\t<meta property=\"og:image:type\" content=\"image\/jpeg\" \/>\n<meta name=\"author\" content=\"jbraeker\" \/>\n<meta name=\"twitter:card\" content=\"summary_large_image\" \/>\n<meta name=\"twitter:label1\" content=\"Written by\" \/>\n\t<meta name=\"twitter:data1\" content=\"WeLoveCycling\" \/>\n\t<meta name=\"twitter:label2\" content=\"Est. reading time\" \/>\n\t<meta name=\"twitter:data2\" content=\"5\" \/>\n<script type=\"application\/ld+json\" class=\"yoast-schema-graph\">{\"@context\":\"https:\/\/schema.org\",\"@graph\":[{\"@type\":\"WebPage\",\"@id\":\"https:\/\/www.welovecycling.com\/de\/2021\/12\/14\/wout-van-aert-siegt-im-verschneiten-val-di-sole-und-mehr-neuigkeiten-aus-der-radsportwelt\/\",\"url\":\"https:\/\/www.welovecycling.com\/de\/2021\/12\/14\/wout-van-aert-siegt-im-verschneiten-val-di-sole-und-mehr-neuigkeiten-aus-der-radsportwelt\/\",\"name\":\"Wout van Aert Wins in the Snowy Val di Sole - We Love Cycling\",\"isPartOf\":{\"@id\":\"https:\/\/www.welovecycling.com\/de\/#website\"},\"primaryImageOfPage\":{\"@id\":\"https:\/\/www.welovecycling.com\/de\/2021\/12\/14\/wout-van-aert-siegt-im-verschneiten-val-di-sole-und-mehr-neuigkeiten-aus-der-radsportwelt\/#primaryimage\"},\"image\":{\"@id\":\"https:\/\/www.welovecycling.com\/de\/2021\/12\/14\/wout-van-aert-siegt-im-verschneiten-val-di-sole-und-mehr-neuigkeiten-aus-der-radsportwelt\/#primaryimage\"},\"thumbnailUrl\":\"https:\/\/d2p6e6u75xmxt8.cloudfront.net\/10\/2021\/12\/Wout-van-Aert-profimedia-0647577492-CVR.jpg\",\"datePublished\":\"2021-12-14T08:53:14+00:00\",\"author\":{\"@id\":\"https:\/\/www.welovecycling.com\/de\/#\/schema\/person\/915694b3c8d0de9019932587781ba6b3\"},\"description\":\"Wout van Aert siegt im verschneiten Val di Sole und mehr Neuigkeiten aus der Radsportwelt\",\"breadcrumb\":{\"@id\":\"https:\/\/www.welovecycling.com\/de\/2021\/12\/14\/wout-van-aert-siegt-im-verschneiten-val-di-sole-und-mehr-neuigkeiten-aus-der-radsportwelt\/#breadcrumb\"},\"inLanguage\":\"de-DE\",\"potentialAction\":[{\"@type\":\"ReadAction\",\"target\":[\"https:\/\/www.welovecycling.com\/de\/2021\/12\/14\/wout-van-aert-siegt-im-verschneiten-val-di-sole-und-mehr-neuigkeiten-aus-der-radsportwelt\/\"]}]},{\"@type\":\"ImageObject\",\"inLanguage\":\"de-DE\",\"@id\":\"https:\/\/www.welovecycling.com\/de\/2021\/12\/14\/wout-van-aert-siegt-im-verschneiten-val-di-sole-und-mehr-neuigkeiten-aus-der-radsportwelt\/#primaryimage\",\"url\":\"https:\/\/d2p6e6u75xmxt8.cloudfront.net\/10\/2021\/12\/Wout-van-Aert-profimedia-0647577492-CVR.jpg\",\"contentUrl\":\"https:\/\/d2p6e6u75xmxt8.cloudfront.net\/10\/2021\/12\/Wout-van-Aert-profimedia-0647577492-CVR.jpg\",\"width\":1366,\"height\":600,\"caption\":\"Wout van Aert\"},{\"@type\":\"BreadcrumbList\",\"@id\":\"https:\/\/www.welovecycling.com\/de\/2021\/12\/14\/wout-van-aert-siegt-im-verschneiten-val-di-sole-und-mehr-neuigkeiten-aus-der-radsportwelt\/#breadcrumb\",\"itemListElement\":[{\"@type\":\"ListItem\",\"position\":1,\"name\":\"Home\",\"item\":\"https:\/\/www.welovecycling.com\/de\/\"},{\"@type\":\"ListItem\",\"position\":2,\"name\":\"Wout van Aert siegt im verschneiten Val di Sole und mehr Neuigkeiten aus der Radsportwelt\"}]},{\"@type\":\"WebSite\",\"@id\":\"https:\/\/www.welovecycling.com\/de\/#website\",\"url\":\"https:\/\/www.welovecycling.com\/de\/\",\"name\":\"\u0160koda We Love Cycling - Deutschland\",\"description\":\"Just another \u0160koda WeLoveCycling Sites site\",\"potentialAction\":[{\"@type\":\"SearchAction\",\"target\":{\"@type\":\"EntryPoint\",\"urlTemplate\":\"https:\/\/www.welovecycling.com\/de\/?s={search_term_string}\"},\"query-input\":{\"@type\":\"PropertyValueSpecification\",\"valueRequired\":true,\"valueName\":\"search_term_string\"}}],\"inLanguage\":\"de-DE\"},{\"@type\":\"Person\",\"@id\":\"https:\/\/www.welovecycling.com\/de\/#\/schema\/person\/915694b3c8d0de9019932587781ba6b3\",\"name\":\"jbraeker\",\"image\":{\"@type\":\"ImageObject\",\"inLanguage\":\"de-DE\",\"@id\":\"https:\/\/www.welovecycling.com\/de\/#\/schema\/person\/image\/\",\"url\":\"https:\/\/secure.gravatar.com\/avatar\/8b4aea90e4535aae30b5b720249e5b723ae59fcf3d54757dd8b748d97b46d3c9?s=96&d=mm&r=g\",\"contentUrl\":\"https:\/\/secure.gravatar.com\/avatar\/8b4aea90e4535aae30b5b720249e5b723ae59fcf3d54757dd8b748d97b46d3c9?s=96&d=mm&r=g\",\"caption\":\"jbraeker\"},\"url\":\"https:\/\/www.welovecycling.com\/de\/author\/jbraeker\/\"}]}<\/script>\n<!-- \/ Yoast SEO Premium plugin. -->","yoast_head_json":{"title":"Wout van Aert Wins in the Snowy Val di Sole - We Love Cycling","description":"Wout van Aert siegt im verschneiten Val di Sole und mehr Neuigkeiten aus der Radsportwelt","robots":{"index":"index","follow":"follow","max-snippet":"max-snippet:-1","max-image-preview":"max-image-preview:large","max-video-preview":"max-video-preview:-1"},"canonical":"https:\/\/www.welovecycling.com\/de\/2021\/12\/14\/wout-van-aert-siegt-im-verschneiten-val-di-sole-und-mehr-neuigkeiten-aus-der-radsportwelt\/","og_locale":"de_DE","og_type":"article","og_title":"Wout van Aert siegt im verschneiten Val di Sole und mehr Neuigkeiten aus der Radsportwelt","og_description":"Another Monday is here, and so is our news from the world of cycling. So, what did you miss?","og_url":"https:\/\/www.welovecycling.com\/de\/2021\/12\/14\/wout-van-aert-siegt-im-verschneiten-val-di-sole-und-mehr-neuigkeiten-aus-der-radsportwelt\/","og_site_name":"\u0160koda We Love Cycling - Deutschland","article_published_time":"2021-12-14T08:53:14+00:00","og_image":[{"width":1366,"height":600,"url":"https:\/\/d2p6e6u75xmxt8.cloudfront.net\/10\/2021\/12\/Wout-van-Aert-profimedia-0647577492-CVR.jpg","type":"image\/jpeg"}],"author":"jbraeker","twitter_card":"summary_large_image","twitter_misc":{"Written by":"WeLoveCycling","Est. reading time":"5"},"schema":{"@context":"https:\/\/schema.org","@graph":[{"@type":"WebPage","@id":"https:\/\/www.welovecycling.com\/de\/2021\/12\/14\/wout-van-aert-siegt-im-verschneiten-val-di-sole-und-mehr-neuigkeiten-aus-der-radsportwelt\/","url":"https:\/\/www.welovecycling.com\/de\/2021\/12\/14\/wout-van-aert-siegt-im-verschneiten-val-di-sole-und-mehr-neuigkeiten-aus-der-radsportwelt\/","name":"Wout van Aert Wins in the Snowy Val di Sole - We Love Cycling","isPartOf":{"@id":"https:\/\/www.welovecycling.com\/de\/#website"},"primaryImageOfPage":{"@id":"https:\/\/www.welovecycling.com\/de\/2021\/12\/14\/wout-van-aert-siegt-im-verschneiten-val-di-sole-und-mehr-neuigkeiten-aus-der-radsportwelt\/#primaryimage"},"image":{"@id":"https:\/\/www.welovecycling.com\/de\/2021\/12\/14\/wout-van-aert-siegt-im-verschneiten-val-di-sole-und-mehr-neuigkeiten-aus-der-radsportwelt\/#primaryimage"},"thumbnailUrl":"https:\/\/d2p6e6u75xmxt8.cloudfront.net\/10\/2021\/12\/Wout-van-Aert-profimedia-0647577492-CVR.jpg","datePublished":"2021-12-14T08:53:14+00:00","author":{"@id":"https:\/\/www.welovecycling.com\/de\/#\/schema\/person\/915694b3c8d0de9019932587781ba6b3"},"description":"Wout van Aert siegt im verschneiten Val di Sole und mehr Neuigkeiten aus der Radsportwelt","breadcrumb":{"@id":"https:\/\/www.welovecycling.com\/de\/2021\/12\/14\/wout-van-aert-siegt-im-verschneiten-val-di-sole-und-mehr-neuigkeiten-aus-der-radsportwelt\/#breadcrumb"},"inLanguage":"de-DE","potentialAction":[{"@type":"ReadAction","target":["https:\/\/www.welovecycling.com\/de\/2021\/12\/14\/wout-van-aert-siegt-im-verschneiten-val-di-sole-und-mehr-neuigkeiten-aus-der-radsportwelt\/"]}]},{"@type":"ImageObject","inLanguage":"de-DE","@id":"https:\/\/www.welovecycling.com\/de\/2021\/12\/14\/wout-van-aert-siegt-im-verschneiten-val-di-sole-und-mehr-neuigkeiten-aus-der-radsportwelt\/#primaryimage","url":"https:\/\/d2p6e6u75xmxt8.cloudfront.net\/10\/2021\/12\/Wout-van-Aert-profimedia-0647577492-CVR.jpg","contentUrl":"https:\/\/d2p6e6u75xmxt8.cloudfront.net\/10\/2021\/12\/Wout-van-Aert-profimedia-0647577492-CVR.jpg","width":1366,"height":600,"caption":"Wout van Aert"},{"@type":"BreadcrumbList","@id":"https:\/\/www.welovecycling.com\/de\/2021\/12\/14\/wout-van-aert-siegt-im-verschneiten-val-di-sole-und-mehr-neuigkeiten-aus-der-radsportwelt\/#breadcrumb","itemListElement":[{"@type":"ListItem","position":1,"name":"Home","item":"https:\/\/www.welovecycling.com\/de\/"},{"@type":"ListItem","position":2,"name":"Wout van Aert siegt im verschneiten Val di Sole und mehr Neuigkeiten aus der Radsportwelt"}]},{"@type":"WebSite","@id":"https:\/\/www.welovecycling.com\/de\/#website","url":"https:\/\/www.welovecycling.com\/de\/","name":"\u0160koda We Love Cycling - Deutschland","description":"Just another \u0160koda WeLoveCycling Sites site","potentialAction":[{"@type":"SearchAction","target":{"@type":"EntryPoint","urlTemplate":"https:\/\/www.welovecycling.com\/de\/?s={search_term_string}"},"query-input":{"@type":"PropertyValueSpecification","valueRequired":true,"valueName":"search_term_string"}}],"inLanguage":"de-DE"},{"@type":"Person","@id":"https:\/\/www.welovecycling.com\/de\/#\/schema\/person\/915694b3c8d0de9019932587781ba6b3","name":"jbraeker","image":{"@type":"ImageObject","inLanguage":"de-DE","@id":"https:\/\/www.welovecycling.com\/de\/#\/schema\/person\/image\/","url":"https:\/\/secure.gravatar.com\/avatar\/8b4aea90e4535aae30b5b720249e5b723ae59fcf3d54757dd8b748d97b46d3c9?s=96&d=mm&r=g","contentUrl":"https:\/\/secure.gravatar.com\/avatar\/8b4aea90e4535aae30b5b720249e5b723ae59fcf3d54757dd8b748d97b46d3c9?s=96&d=mm&r=g","caption":"jbraeker"},"url":"https:\/\/www.welovecycling.com\/de\/author\/jbraeker\/"}]}},"_links":{"self":[{"href":"https:\/\/www.welovecycling.com\/de\/wp-json\/wp\/v2\/posts\/9979","targetHints":{"allow":["GET"]}}],"collection":[{"href":"https:\/\/www.welovecycling.com\/de\/wp-json\/wp\/v2\/posts"}],"about":[{"href":"https:\/\/www.welovecycling.com\/de\/wp-json\/wp\/v2\/types\/post"}],"author":[{"embeddable":true,"href":"https:\/\/www.welovecycling.com\/de\/wp-json\/wp\/v2\/users\/115"}],"replies":[{"embeddable":true,"href":"https:\/\/www.welovecycling.com\/de\/wp-json\/wp\/v2\/comments?post=9979"}],"version-history":[{"count":1,"href":"https:\/\/www.welovecycling.com\/de\/wp-json\/wp\/v2\/posts\/9979\/revisions"}],"predecessor-version":[{"id":9988,"href":"https:\/\/www.welovecycling.com\/de\/wp-json\/wp\/v2\/posts\/9979\/revisions\/9988"}],"wp:featuredmedia":[{"embeddable":true,"href":"https:\/\/www.welovecycling.com\/de\/wp-json\/wp\/v2\/media\/9987"}],"wp:attachment":[{"href":"https:\/\/www.welovecycling.com\/de\/wp-json\/wp\/v2\/media?parent=9979"}],"wp:term":[{"taxonomy":"category","embeddable":true,"href":"https:\/\/www.welovecycling.com\/de\/wp-json\/wp\/v2\/categories?post=9979"},{"taxonomy":"post_tag","embeddable":true,"href":"https:\/\/www.welovecycling.com\/de\/wp-json\/wp\/v2\/tags?post=9979"},{"taxonomy":"global-categories","embeddable":true,"href":"https:\/\/www.welovecycling.com\/de\/wp-json\/wp\/v2\/global-categories?post=9979"}],"curies":[{"name":"wp","href":"https:\/\/api.w.org\/{rel}","templated":true}]}}