{"id":9965,"date":"2021-12-06T15:40:05","date_gmt":"2021-12-06T14:40:05","guid":{"rendered":"https:\/\/www.welovecycling.com\/de\/?p=9965"},"modified":"2021-12-06T15:52:19","modified_gmt":"2021-12-06T14:52:19","slug":"wout-van-aerts-beeindruckende-rueckkehr-im-cyclocross","status":"publish","type":"post","link":"https:\/\/www.welovecycling.com\/de\/2021\/12\/06\/wout-van-aerts-beeindruckende-rueckkehr-im-cyclocross\/","title":{"rendered":"Wout van Aerts beeindruckende R\u00fcckkehr im Cyclocross und mehr Neuigkeiten aus der Radsportwelt"},"content":{"rendered":"<p><strong>Es ist wieder Montag und somit Zeit f\u00fcr Neuigkeiten aus der Radsportwelt! Hier ein \u00dcberblick, damit ihr auch nichts verpasst.<\/strong><\/p>\n<p><!--more--><\/p>\n<h2><strong>Wird van Aert weiterhin dominieren?<\/strong><\/h2>\n<p>Die Cyclocross Stars waren nach der R\u00fcckkehr des Belgiers fassungslos und bef\u00fcrchten, dass der oberste Platz auf dem Podium f\u00fcr einige Zeit unerreichbar sein k\u00f6nnte. &#8222;Wir m\u00fcssen ehrlich sein, es k\u00f6nnte eine Weihnachtszeit ohne Siege werden&#8220;, sagt Toon Aerts.<\/p>\n<div class=\"embed-controller-wrapper\">\n<blockquote class=\"twitter-tweet\" data-width=\"500\" data-dnt=\"true\">\n<p lang=\"en\" dir=\"ltr\">New cross season \u2b95 new cross bike \ud83d\ude0f<br \/>We\u2019re happy to introduce the <a href=\"https:\/\/twitter.com\/cervelo?ref_src=twsrc%5Etfw\">@cervelo<\/a> R5-CX \ud83e\udd29 <a href=\"https:\/\/t.co\/NxAF9btMQq\">pic.twitter.com\/NxAF9btMQq<\/a><\/p>\n<p>&mdash; Team Visma | Lease a Bike (@vismaleaseabike) <a href=\"https:\/\/twitter.com\/vismaleaseabike\/status\/1466408217517379588?ref_src=twsrc%5Etfw\">December 2, 2021<\/a><\/p><\/blockquote>\n<p><script async data-src=\"https:\/\/platform.twitter.com\/widgets.js\" charset=\"utf-8\"><\/script><\/div>\n<p>Van Aert selbst hatte die Erwartungen vor dem Superprestige-Rennen in Boom am Samstag heruntergespielt. Er sagte, dass er seit den Weltmeisterschaften im Januar kein Cyclocross-Rennen mehr bestritten habe und in den letzten zwei Monaten \u00fcberhaupt nicht gefahren sei, au\u00dferdem habe er unter der Woche unter einer Erk\u00e4ltung gelitten. Doch all das schien keine Rolle zu spielen.<\/p>\n<p>In der zweiten von sieben Runden setzte er sich ab und kam mit einem Vorsprung von 1:40 Minuten ins Ziel. Und das, obwohl er in der vorletzten Runde st\u00fcrzte.<\/p>\n<p>&#8222;Ich dachte eigentlich, dass der Vergleich mit Toon einen Unterschied machen w\u00fcrde, aber als ich pl\u00f6tzlich zur\u00fcckblickte, sah ich, dass der Abstand gro\u00df war. Ich habe mit dann auf mein eigenes Tempo konzentriert und das war schneller als das der anderen&#8220;, sagte Van Aert laut Sporza.according to Sporza.<\/p>\n<p>&#8222;Wir sollten daraus keine allzu gro\u00dfen Schl\u00fcsse ziehen, aber ich bin auf jeden Fall viel besser, als ich erwartet hatte&#8220;, f\u00fcgte Van Aert hinzu. &#8222;Die Trainingsstunden im Regen letzte Woche waren nicht umsonst. Und das gibt Zuversicht f\u00fcr das, was noch kommen wird.&#8220;<\/p>\n<figure id=\"attachment_9972\" aria-describedby=\"caption-attachment-9972\" style=\"width: 1000px\" class=\"wp-caption alignnone\"><a href=\"https:\/\/d2p6e6u75xmxt8.cloudfront.net\/10\/2021\/12\/Wout-van-Aert-profimedia-0646359176.jpg\"><img loading=\"lazy\" decoding=\"async\" class=\"wp-image-9972 size-full\" src=\"https:\/\/d2p6e6u75xmxt8.cloudfront.net\/10\/2021\/12\/Wout-van-Aert-profimedia-0646359176.jpg\" alt=\"Wout van Aert\" width=\"1000\" height=\"666\" srcset=\"https:\/\/d2p6e6u75xmxt8.cloudfront.net\/10\/2021\/12\/Wout-van-Aert-profimedia-0646359176.jpg 1000w, https:\/\/d2p6e6u75xmxt8.cloudfront.net\/10\/2021\/12\/Wout-van-Aert-profimedia-0646359176-300x200.jpg 300w, https:\/\/d2p6e6u75xmxt8.cloudfront.net\/10\/2021\/12\/Wout-van-Aert-profimedia-0646359176-768x511.jpg 768w, https:\/\/d2p6e6u75xmxt8.cloudfront.net\/10\/2021\/12\/Wout-van-Aert-profimedia-0646359176-272x182.jpg 272w\" sizes=\"auto, (max-width: 1000px) 100vw, 1000px\" \/><\/a><figcaption id=\"caption-attachment-9972\" class=\"wp-caption-text\">Ein beeindruckendes Comeback. \u00a9 Profimedia<\/figcaption><\/figure>\n<div class=\"lmt__inner_textarea_container\" title=\"Ein Wort anklicken, um weitere \u00dcbersetzungen zu sehen\"><\/div>\n<div title=\"Ein Wort anklicken, um weitere \u00dcbersetzungen zu sehen\">&#8222;Es ist unglaublich, was Wout van Aert hier geleistet hat&#8220;, sagte Toon Aerts, der ihm auf dem zweiten Platz am n\u00e4chsten kam, gegen\u00fcber Sporza.<\/div>\n<div title=\"Ein Wort anklicken, um weitere \u00dcbersetzungen zu sehen\"><\/div>\n<p>&#8222;Es war zu erwarten, dass er sich schnell an die Spitze des Geschehens setzen w\u00fcrde, aber dass er nach nur einer Runde eine solche Runde hinlegt, zeigt viel Selbstvertrauen. Dieses Rennen wird ihn f\u00fcr die kommenden Wochen noch selbstbewusster machen.&#8220;<\/p>\n<p>An der Zuversicht gibt es keinen Zweifel. Nicht, dass es Wout van Aert daran mangeln w\u00fcrde. Wird er die Cyclocross-Rennen weiterhin dominieren? Lassen Sie es uns wissen!<\/p>\n<h2><strong>Verpassen Sie nicht unsere Verlosung!<\/strong><\/h2>\n<p>https:\/\/www.instagram.com\/p\/CXA2KHsII84\/<\/p>\n<h2><strong>Was ist wirklich passiert?<\/strong><\/h2>\n<div class=\"embed-controller-wrapper\">\n<blockquote class=\"twitter-tweet\" data-width=\"500\" data-dnt=\"true\">\n<p lang=\"en\" dir=\"ltr\">What&#39;s happening here then <a href=\"https:\/\/twitter.com\/MichaelValgren?ref_src=twsrc%5Etfw\">@MichaelValgren<\/a> \ud83e\udd23<\/p>\n<p>Let&#39;s have a caption competition \ud83d\udc47 <a href=\"https:\/\/t.co\/YsDjdepoB5\">pic.twitter.com\/YsDjdepoB5<\/a><\/p>\n<p>&mdash; Geraint Thomas (@GeraintThomas86) <a href=\"https:\/\/twitter.com\/GeraintThomas86\/status\/1466076175843876873?ref_src=twsrc%5Etfw\">December 1, 2021<\/a><\/p><\/blockquote>\n<p><script async data-src=\"https:\/\/platform.twitter.com\/widgets.js\" charset=\"utf-8\"><\/script><\/div>\n<h2><strong>H\u00f6rt sich gut an<\/strong><\/h2>\n<div class=\"embed-controller-wrapper\">\n<blockquote class=\"twitter-tweet\" data-width=\"500\" data-dnt=\"true\">\n<p lang=\"en\" dir=\"ltr\">Current status. <a href=\"https:\/\/t.co\/mCmA5IkfKo\">https:\/\/t.co\/mCmA5IkfKo<\/a><\/p>\n<p>&mdash; Cyclocross24.com (@cyclocross24) <a href=\"https:\/\/twitter.com\/cyclocross24\/status\/1467480017248604160?ref_src=twsrc%5Etfw\">December 5, 2021<\/a><\/p><\/blockquote>\n<p><script async data-src=\"https:\/\/platform.twitter.com\/widgets.js\" charset=\"utf-8\"><\/script><\/div>\n<h2><strong>Nagut&#8230;<\/strong><\/h2>\n<div class=\"embed-controller-wrapper\">\n<blockquote class=\"twitter-tweet\" data-width=\"500\" data-dnt=\"true\">\n<p lang=\"zxx\" dir=\"ltr\"><a href=\"https:\/\/t.co\/CPZLHd8g67\">pic.twitter.com\/CPZLHd8g67<\/a><\/p>\n<p>&mdash; Cycling out of context (@OutOfCycling) <a href=\"https:\/\/twitter.com\/OutOfCycling\/status\/1465731808490889221?ref_src=twsrc%5Etfw\">November 30, 2021<\/a><\/p><\/blockquote>\n<p><script async data-src=\"https:\/\/platform.twitter.com\/widgets.js\" charset=\"utf-8\"><\/script><\/div>\n<h2><strong>An diesem Punkt waren wir alle schon einmal<\/strong><\/h2>\n<div class=\"embed-controller-wrapper\">\n<blockquote class=\"twitter-tweet\" data-width=\"500\" data-dnt=\"true\">\n<p lang=\"en\" dir=\"ltr\">First ride back after 3w off. Went far too hard, far too soon, for far too long, without enough food or water, blew my doors, stopped at a service station, ate too much, went too hard, blew my doors, froze, thawed out.Made all the amateur mistakes in one hit, rest day tomorrow \u2620\ufe0f <a href=\"https:\/\/t.co\/CrSRuaVYyN\">pic.twitter.com\/CrSRuaVYyN<\/a><\/p>\n<p>&mdash; Alex Dowsett (@alexdowsett) <a href=\"https:\/\/twitter.com\/alexdowsett\/status\/1464593548666408974?ref_src=twsrc%5Etfw\">November 27, 2021<\/a><\/p><\/blockquote>\n<p><script async data-src=\"https:\/\/platform.twitter.com\/widgets.js\" charset=\"utf-8\"><\/script><\/div>\n","protected":false},"excerpt":{"rendered":"<p>Es ist wieder Montag und somit Zeit f\u00fcr Neuigkeiten aus der Radsportwelt! Hier ein \u00dcberblick, damit ihr auch nichts verpasst.<\/p>\n","protected":false},"author":115,"featured_media":9974,"comment_status":"open","ping_status":"open","sticky":false,"template":"","format":"standard","meta":{"footnotes":""},"categories":[1],"tags":[71,72,70,69,68],"global-categories":[],"class_list":["post-9965","post","type-post","status-publish","format-standard","has-post-thumbnail","hentry","category-allgemein","tag-cyclocross","tag-neuigkeiten","tag-rueckkehr","tag-van-aert","tag-wout"],"yoast_head":"<!-- This site is optimized with the Yoast SEO Premium plugin v25.3 (Yoast SEO v25.9) - https:\/\/yoast.com\/wordpress\/plugins\/seo\/ -->\n<title>Wout van Aerts beeindruckende R\u00fcckkehr<\/title>\n<meta name=\"description\" content=\"Es ist wieder Montag und somit Zeit f\u00fcr Neuigkeiten aus der Radsportwelt! Hier ein \u00dcberblick, damit ihr auch nichts verpasst.\" \/>\n<meta name=\"robots\" content=\"index, follow, max-snippet:-1, max-image-preview:large, max-video-preview:-1\" \/>\n<link rel=\"canonical\" href=\"https:\/\/www.welovecycling.com\/de\/2021\/12\/06\/wout-van-aerts-beeindruckende-rueckkehr-im-cyclocross\/\" \/>\n<meta property=\"og:locale\" content=\"de_DE\" \/>\n<meta property=\"og:type\" content=\"article\" \/>\n<meta property=\"og:title\" content=\"Wout van Aerts beeindruckende R\u00fcckkehr im Cyclocross und mehr Neuigkeiten aus der Radsportwelt\" \/>\n<meta property=\"og:description\" content=\"Es ist wieder Montag und somit Zeit f\u00fcr Neuigkeiten aus der Radsportwelt! Hier ein \u00dcberblick, damit ihr auch nichts verpasst.\" \/>\n<meta property=\"og:url\" content=\"https:\/\/www.welovecycling.com\/de\/2021\/12\/06\/wout-van-aerts-beeindruckende-rueckkehr-im-cyclocross\/\" \/>\n<meta property=\"og:site_name\" content=\"\u0160koda We Love Cycling - Deutschland\" \/>\n<meta property=\"article:published_time\" content=\"2021-12-06T14:40:05+00:00\" \/>\n<meta property=\"article:modified_time\" content=\"2021-12-06T14:52:19+00:00\" \/>\n<meta property=\"og:image\" content=\"https:\/\/d2p6e6u75xmxt8.cloudfront.net\/10\/2021\/12\/Wout-van-Aert-profimedia-0646351941-CVR.jpg\" \/>\n\t<meta property=\"og:image:width\" content=\"1366\" \/>\n\t<meta property=\"og:image:height\" content=\"600\" \/>\n\t<meta property=\"og:image:type\" content=\"image\/jpeg\" \/>\n<meta name=\"author\" content=\"jbraeker\" \/>\n<meta name=\"twitter:card\" content=\"summary_large_image\" \/>\n<meta name=\"twitter:label1\" content=\"Written by\" \/>\n\t<meta name=\"twitter:data1\" content=\"WeLoveCycling\" \/>\n\t<meta name=\"twitter:label2\" content=\"Est. reading time\" \/>\n\t<meta name=\"twitter:data2\" content=\"5\" \/>\n<script type=\"application\/ld+json\" class=\"yoast-schema-graph\">{\"@context\":\"https:\/\/schema.org\",\"@graph\":[{\"@type\":\"WebPage\",\"@id\":\"https:\/\/www.welovecycling.com\/de\/2021\/12\/06\/wout-van-aerts-beeindruckende-rueckkehr-im-cyclocross\/\",\"url\":\"https:\/\/www.welovecycling.com\/de\/2021\/12\/06\/wout-van-aerts-beeindruckende-rueckkehr-im-cyclocross\/\",\"name\":\"Wout van Aerts beeindruckende R\u00fcckkehr\",\"isPartOf\":{\"@id\":\"https:\/\/www.welovecycling.com\/de\/#website\"},\"primaryImageOfPage\":{\"@id\":\"https:\/\/www.welovecycling.com\/de\/2021\/12\/06\/wout-van-aerts-beeindruckende-rueckkehr-im-cyclocross\/#primaryimage\"},\"image\":{\"@id\":\"https:\/\/www.welovecycling.com\/de\/2021\/12\/06\/wout-van-aerts-beeindruckende-rueckkehr-im-cyclocross\/#primaryimage\"},\"thumbnailUrl\":\"https:\/\/d2p6e6u75xmxt8.cloudfront.net\/10\/2021\/12\/Wout-van-Aert-profimedia-0646351941-CVR.jpg\",\"datePublished\":\"2021-12-06T14:40:05+00:00\",\"dateModified\":\"2021-12-06T14:52:19+00:00\",\"author\":{\"@id\":\"https:\/\/www.welovecycling.com\/de\/#\/schema\/person\/915694b3c8d0de9019932587781ba6b3\"},\"description\":\"Es ist wieder Montag und somit Zeit f\u00fcr Neuigkeiten aus der Radsportwelt! Hier ein \u00dcberblick, damit ihr auch nichts verpasst.\",\"breadcrumb\":{\"@id\":\"https:\/\/www.welovecycling.com\/de\/2021\/12\/06\/wout-van-aerts-beeindruckende-rueckkehr-im-cyclocross\/#breadcrumb\"},\"inLanguage\":\"de-DE\",\"potentialAction\":[{\"@type\":\"ReadAction\",\"target\":[\"https:\/\/www.welovecycling.com\/de\/2021\/12\/06\/wout-van-aerts-beeindruckende-rueckkehr-im-cyclocross\/\"]}]},{\"@type\":\"ImageObject\",\"inLanguage\":\"de-DE\",\"@id\":\"https:\/\/www.welovecycling.com\/de\/2021\/12\/06\/wout-van-aerts-beeindruckende-rueckkehr-im-cyclocross\/#primaryimage\",\"url\":\"https:\/\/d2p6e6u75xmxt8.cloudfront.net\/10\/2021\/12\/Wout-van-Aert-profimedia-0646351941-CVR.jpg\",\"contentUrl\":\"https:\/\/d2p6e6u75xmxt8.cloudfront.net\/10\/2021\/12\/Wout-van-Aert-profimedia-0646351941-CVR.jpg\",\"width\":1366,\"height\":600,\"caption\":\"Wout van Aert\"},{\"@type\":\"BreadcrumbList\",\"@id\":\"https:\/\/www.welovecycling.com\/de\/2021\/12\/06\/wout-van-aerts-beeindruckende-rueckkehr-im-cyclocross\/#breadcrumb\",\"itemListElement\":[{\"@type\":\"ListItem\",\"position\":1,\"name\":\"Home\",\"item\":\"https:\/\/www.welovecycling.com\/de\/\"},{\"@type\":\"ListItem\",\"position\":2,\"name\":\"Wout van Aerts beeindruckende R\u00fcckkehr im Cyclocross und mehr Neuigkeiten aus der Radsportwelt\"}]},{\"@type\":\"WebSite\",\"@id\":\"https:\/\/www.welovecycling.com\/de\/#website\",\"url\":\"https:\/\/www.welovecycling.com\/de\/\",\"name\":\"\u0160koda We Love Cycling - Deutschland\",\"description\":\"Just another \u0160koda WeLoveCycling Sites site\",\"potentialAction\":[{\"@type\":\"SearchAction\",\"target\":{\"@type\":\"EntryPoint\",\"urlTemplate\":\"https:\/\/www.welovecycling.com\/de\/?s={search_term_string}\"},\"query-input\":{\"@type\":\"PropertyValueSpecification\",\"valueRequired\":true,\"valueName\":\"search_term_string\"}}],\"inLanguage\":\"de-DE\"},{\"@type\":\"Person\",\"@id\":\"https:\/\/www.welovecycling.com\/de\/#\/schema\/person\/915694b3c8d0de9019932587781ba6b3\",\"name\":\"jbraeker\",\"image\":{\"@type\":\"ImageObject\",\"inLanguage\":\"de-DE\",\"@id\":\"https:\/\/www.welovecycling.com\/de\/#\/schema\/person\/image\/\",\"url\":\"https:\/\/secure.gravatar.com\/avatar\/8b4aea90e4535aae30b5b720249e5b723ae59fcf3d54757dd8b748d97b46d3c9?s=96&d=mm&r=g\",\"contentUrl\":\"https:\/\/secure.gravatar.com\/avatar\/8b4aea90e4535aae30b5b720249e5b723ae59fcf3d54757dd8b748d97b46d3c9?s=96&d=mm&r=g\",\"caption\":\"jbraeker\"},\"url\":\"https:\/\/www.welovecycling.com\/de\/author\/jbraeker\/\"}]}<\/script>\n<!-- \/ Yoast SEO Premium plugin. -->","yoast_head_json":{"title":"Wout van Aerts beeindruckende R\u00fcckkehr","description":"Es ist wieder Montag und somit Zeit f\u00fcr Neuigkeiten aus der Radsportwelt! Hier ein \u00dcberblick, damit ihr auch nichts verpasst.","robots":{"index":"index","follow":"follow","max-snippet":"max-snippet:-1","max-image-preview":"max-image-preview:large","max-video-preview":"max-video-preview:-1"},"canonical":"https:\/\/www.welovecycling.com\/de\/2021\/12\/06\/wout-van-aerts-beeindruckende-rueckkehr-im-cyclocross\/","og_locale":"de_DE","og_type":"article","og_title":"Wout van Aerts beeindruckende R\u00fcckkehr im Cyclocross und mehr Neuigkeiten aus der Radsportwelt","og_description":"Es ist wieder Montag und somit Zeit f\u00fcr Neuigkeiten aus der Radsportwelt! Hier ein \u00dcberblick, damit ihr auch nichts verpasst.","og_url":"https:\/\/www.welovecycling.com\/de\/2021\/12\/06\/wout-van-aerts-beeindruckende-rueckkehr-im-cyclocross\/","og_site_name":"\u0160koda We Love Cycling - Deutschland","article_published_time":"2021-12-06T14:40:05+00:00","article_modified_time":"2021-12-06T14:52:19+00:00","og_image":[{"width":1366,"height":600,"url":"https:\/\/d2p6e6u75xmxt8.cloudfront.net\/10\/2021\/12\/Wout-van-Aert-profimedia-0646351941-CVR.jpg","type":"image\/jpeg"}],"author":"jbraeker","twitter_card":"summary_large_image","twitter_misc":{"Written by":"WeLoveCycling","Est. reading time":"5"},"schema":{"@context":"https:\/\/schema.org","@graph":[{"@type":"WebPage","@id":"https:\/\/www.welovecycling.com\/de\/2021\/12\/06\/wout-van-aerts-beeindruckende-rueckkehr-im-cyclocross\/","url":"https:\/\/www.welovecycling.com\/de\/2021\/12\/06\/wout-van-aerts-beeindruckende-rueckkehr-im-cyclocross\/","name":"Wout van Aerts beeindruckende R\u00fcckkehr","isPartOf":{"@id":"https:\/\/www.welovecycling.com\/de\/#website"},"primaryImageOfPage":{"@id":"https:\/\/www.welovecycling.com\/de\/2021\/12\/06\/wout-van-aerts-beeindruckende-rueckkehr-im-cyclocross\/#primaryimage"},"image":{"@id":"https:\/\/www.welovecycling.com\/de\/2021\/12\/06\/wout-van-aerts-beeindruckende-rueckkehr-im-cyclocross\/#primaryimage"},"thumbnailUrl":"https:\/\/d2p6e6u75xmxt8.cloudfront.net\/10\/2021\/12\/Wout-van-Aert-profimedia-0646351941-CVR.jpg","datePublished":"2021-12-06T14:40:05+00:00","dateModified":"2021-12-06T14:52:19+00:00","author":{"@id":"https:\/\/www.welovecycling.com\/de\/#\/schema\/person\/915694b3c8d0de9019932587781ba6b3"},"description":"Es ist wieder Montag und somit Zeit f\u00fcr Neuigkeiten aus der Radsportwelt! Hier ein \u00dcberblick, damit ihr auch nichts verpasst.","breadcrumb":{"@id":"https:\/\/www.welovecycling.com\/de\/2021\/12\/06\/wout-van-aerts-beeindruckende-rueckkehr-im-cyclocross\/#breadcrumb"},"inLanguage":"de-DE","potentialAction":[{"@type":"ReadAction","target":["https:\/\/www.welovecycling.com\/de\/2021\/12\/06\/wout-van-aerts-beeindruckende-rueckkehr-im-cyclocross\/"]}]},{"@type":"ImageObject","inLanguage":"de-DE","@id":"https:\/\/www.welovecycling.com\/de\/2021\/12\/06\/wout-van-aerts-beeindruckende-rueckkehr-im-cyclocross\/#primaryimage","url":"https:\/\/d2p6e6u75xmxt8.cloudfront.net\/10\/2021\/12\/Wout-van-Aert-profimedia-0646351941-CVR.jpg","contentUrl":"https:\/\/d2p6e6u75xmxt8.cloudfront.net\/10\/2021\/12\/Wout-van-Aert-profimedia-0646351941-CVR.jpg","width":1366,"height":600,"caption":"Wout van Aert"},{"@type":"BreadcrumbList","@id":"https:\/\/www.welovecycling.com\/de\/2021\/12\/06\/wout-van-aerts-beeindruckende-rueckkehr-im-cyclocross\/#breadcrumb","itemListElement":[{"@type":"ListItem","position":1,"name":"Home","item":"https:\/\/www.welovecycling.com\/de\/"},{"@type":"ListItem","position":2,"name":"Wout van Aerts beeindruckende R\u00fcckkehr im Cyclocross und mehr Neuigkeiten aus der Radsportwelt"}]},{"@type":"WebSite","@id":"https:\/\/www.welovecycling.com\/de\/#website","url":"https:\/\/www.welovecycling.com\/de\/","name":"\u0160koda We Love Cycling - Deutschland","description":"Just another \u0160koda WeLoveCycling Sites site","potentialAction":[{"@type":"SearchAction","target":{"@type":"EntryPoint","urlTemplate":"https:\/\/www.welovecycling.com\/de\/?s={search_term_string}"},"query-input":{"@type":"PropertyValueSpecification","valueRequired":true,"valueName":"search_term_string"}}],"inLanguage":"de-DE"},{"@type":"Person","@id":"https:\/\/www.welovecycling.com\/de\/#\/schema\/person\/915694b3c8d0de9019932587781ba6b3","name":"jbraeker","image":{"@type":"ImageObject","inLanguage":"de-DE","@id":"https:\/\/www.welovecycling.com\/de\/#\/schema\/person\/image\/","url":"https:\/\/secure.gravatar.com\/avatar\/8b4aea90e4535aae30b5b720249e5b723ae59fcf3d54757dd8b748d97b46d3c9?s=96&d=mm&r=g","contentUrl":"https:\/\/secure.gravatar.com\/avatar\/8b4aea90e4535aae30b5b720249e5b723ae59fcf3d54757dd8b748d97b46d3c9?s=96&d=mm&r=g","caption":"jbraeker"},"url":"https:\/\/www.welovecycling.com\/de\/author\/jbraeker\/"}]}},"_links":{"self":[{"href":"https:\/\/www.welovecycling.com\/de\/wp-json\/wp\/v2\/posts\/9965","targetHints":{"allow":["GET"]}}],"collection":[{"href":"https:\/\/www.welovecycling.com\/de\/wp-json\/wp\/v2\/posts"}],"about":[{"href":"https:\/\/www.welovecycling.com\/de\/wp-json\/wp\/v2\/types\/post"}],"author":[{"embeddable":true,"href":"https:\/\/www.welovecycling.com\/de\/wp-json\/wp\/v2\/users\/115"}],"replies":[{"embeddable":true,"href":"https:\/\/www.welovecycling.com\/de\/wp-json\/wp\/v2\/comments?post=9965"}],"version-history":[{"count":2,"href":"https:\/\/www.welovecycling.com\/de\/wp-json\/wp\/v2\/posts\/9965\/revisions"}],"predecessor-version":[{"id":9977,"href":"https:\/\/www.welovecycling.com\/de\/wp-json\/wp\/v2\/posts\/9965\/revisions\/9977"}],"wp:featuredmedia":[{"embeddable":true,"href":"https:\/\/www.welovecycling.com\/de\/wp-json\/wp\/v2\/media\/9974"}],"wp:attachment":[{"href":"https:\/\/www.welovecycling.com\/de\/wp-json\/wp\/v2\/media?parent=9965"}],"wp:term":[{"taxonomy":"category","embeddable":true,"href":"https:\/\/www.welovecycling.com\/de\/wp-json\/wp\/v2\/categories?post=9965"},{"taxonomy":"post_tag","embeddable":true,"href":"https:\/\/www.welovecycling.com\/de\/wp-json\/wp\/v2\/tags?post=9965"},{"taxonomy":"global-categories","embeddable":true,"href":"https:\/\/www.welovecycling.com\/de\/wp-json\/wp\/v2\/global-categories?post=9965"}],"curies":[{"name":"wp","href":"https:\/\/api.w.org\/{rel}","templated":true}]}}