{"id":8690,"date":"2021-02-02T16:11:12","date_gmt":"2021-02-02T15:11:12","guid":{"rendered":"https:\/\/www.welovecycling.com\/de\/?p=8690"},"modified":"2021-02-02T16:11:12","modified_gmt":"2021-02-02T15:11:12","slug":"radsport-neuigkeiten","status":"publish","type":"post","link":"https:\/\/www.welovecycling.com\/de\/2021\/02\/02\/radsport-neuigkeiten\/","title":{"rendered":"Mathieu van der Poel gewinnt Cyclocross-Weltmeisterschaft und weitere coole Neuigkeiten aus der Radsportwelt"},"content":{"rendered":"<p><strong>Mit dem Start der neuen Woche kommen auch die Neuigkeiten aus der Radsportwelt. Was hast du verpasst?<\/strong><\/p>\n<p><!--more--><\/p>\n<h2><strong>Mathieu van der Poel ist neuer alter Weltmeister<\/strong><\/h2>\n<p>Schon fr\u00fch im Rennen war Mathieu van der Poel mehr der fliegende Holl\u00e4nder, als neuer Cyclocross-Weltmeister, als er in einer schlammigen Kurve \u00fcber den Lenker flog.\u00a0Van Aert, der gr\u00f6\u00dfte Konkurrent von van der Poel, beschleunigte und versuchte seinen Vorteil auszunutzen. Es sah so aus, als w\u00e4re f\u00fcr van der Poel\u00a0alles vorbei. Doch dann hatte Wout van Aert eine Reifenpanne und Mathieu lie\u00df ihn hinter sich. Seinen Vorsprung stetig ausbauend, kreuzte Mathieu van der Poel die Linie 37 Sekunden. Er holte sich das dritte Regenbogentrikot in Folge und das vierte insgesamt. Herzlichen Gl\u00fcckwunsch! Wohlverdient, Champion.<\/p>\n<div class=\"embed-controller-wrapper\">\n<blockquote class=\"twitter-tweet\" data-width=\"500\" data-dnt=\"true\">\n<p lang=\"en\" dir=\"ltr\">\ud83d\ude1b<a href=\"https:\/\/twitter.com\/mathieuvdpoel?ref_src=twsrc%5Etfw\">@mathieuvdpoel<\/a> \ud83c\uddf3\ud83c\uddf1 retains the title.<br \/>The rainbow \ud83c\udf08 bands are his for another year!<a href=\"https:\/\/twitter.com\/hashtag\/Ostend2021?src=hash&amp;ref_src=twsrc%5Etfw\">#Ostend2021<\/a> <a href=\"https:\/\/t.co\/99QcF5TOXL\">pic.twitter.com\/99QcF5TOXL<\/a><\/p>\n<p>&mdash; UCI Cyclocross (@UCI_CX) <a href=\"https:\/\/twitter.com\/UCI_CX\/status\/1355899128824401922?ref_src=twsrc%5Etfw\">January 31, 2021<\/a><\/p><\/blockquote>\n<p><script async data-src=\"https:\/\/platform.twitter.com\/widgets.js\" charset=\"utf-8\"><\/script><\/div>\n<h2>Elite Herren Cyclocross-Weltmeisterschaften 2021 Ergebnisse<\/h2>\n<ul>\n<li>Mathieu van der Poel (NED) \u2013 58:57<\/li>\n<li>Wout van Aert (BEL) + 37 Sekunden<\/li>\n<li>Toon Aerts (BEL) + 1:24<\/li>\n<li>Tom Pidcock (GB) + 1:37<\/li>\n<li>Laurens Sweeck (BEL) + 2:05<\/li>\n<li>Michael Vanthourenhout (BEL) + 2:14<\/li>\n<li>Eli Iserbyt (BEL) + 2:18<\/li>\n<li>Quinten Hermans (BEL) + 2:23<\/li>\n<li>Lars Van der Haar (BEL) + 2:41<\/li>\n<li>Joris Nieuwenhuis (NED) + 3:15<\/li>\n<\/ul>\n<h2><\/h2>\n<h2><strong>Pure Liebe<\/strong><\/h2>\n<p>https:\/\/www.instagram.com\/p\/CKjxKsHKTJ3\/<\/p>\n<h2><strong>Freude an der Freude<\/strong><\/h2>\n<div class=\"embed-controller-wrapper\">\n<blockquote class=\"twitter-tweet\" data-width=\"500\" data-dnt=\"true\">\n<p lang=\"en\" dir=\"ltr\">UCI testers were the ones that lit the bonfire yesterday morning at our house after an hour trying to get the little lady back to sleep \ud83d\ude2d<\/p>\n<p>&mdash; Alex Howes (@alex_howes) <a href=\"https:\/\/twitter.com\/alex_howes\/status\/1354808078407852034?ref_src=twsrc%5Etfw\">January 28, 2021<\/a><\/p><\/blockquote>\n<p><script async data-src=\"https:\/\/platform.twitter.com\/widgets.js\" charset=\"utf-8\"><\/script><\/div>\n<h2><\/h2>\n<p>&nbsp;<\/p>\n","protected":false},"excerpt":{"rendered":"<p>Mit dem Start der neuen Woche kommen auch die Neuigkeiten aus der Radsportwelt. Was hast du verpasst?<\/p>\n","protected":false},"author":115,"featured_media":8696,"comment_status":"open","ping_status":"open","sticky":false,"template":"","format":"standard","meta":{"footnotes":""},"categories":[1],"tags":[],"global-categories":[],"class_list":["post-8690","post","type-post","status-publish","format-standard","has-post-thumbnail","hentry","category-allgemein"],"yoast_head":"<!-- This site is optimized with the Yoast SEO Premium plugin v25.3 (Yoast SEO v25.9) - https:\/\/yoast.com\/wordpress\/plugins\/seo\/ -->\n<title>Mathieu van der Poel gewinnt Cyclocross-Weltmeisterschaft und weitere coole Neuigkeiten aus der Radsportwelt<\/title>\n<meta name=\"description\" content=\"Trotz Anfangsschwierigkeiten holt Mathieu van der Poel sich das dritte Regenbogentrikot in Folge. Und andere coole News aus der Radsportwelt.\" \/>\n<meta name=\"robots\" content=\"index, follow, max-snippet:-1, max-image-preview:large, max-video-preview:-1\" \/>\n<link rel=\"canonical\" href=\"https:\/\/www.welovecycling.com\/de\/2021\/02\/02\/radsport-neuigkeiten\/\" \/>\n<meta property=\"og:locale\" content=\"de_DE\" \/>\n<meta property=\"og:type\" content=\"article\" \/>\n<meta property=\"og:title\" content=\"Mathieu van der Poel gewinnt Cyclocross-Weltmeisterschaft und weitere coole Neuigkeiten aus der Radsportwelt\" \/>\n<meta property=\"og:description\" content=\"Trotz Anfangsschwierigkeiten holt Mathieu van der Poel sich das dritte Regenbogentrikot in Folge. Und andere coole News aus der Radsportwelt.\" \/>\n<meta property=\"og:url\" content=\"https:\/\/www.welovecycling.com\/de\/2021\/02\/02\/radsport-neuigkeiten\/\" \/>\n<meta property=\"og:site_name\" content=\"\u0160koda We Love Cycling - Deutschland\" \/>\n<meta property=\"article:published_time\" content=\"2021-02-02T15:11:12+00:00\" \/>\n<meta property=\"og:image\" content=\"https:\/\/d2p6e6u75xmxt8.cloudfront.net\/10\/2021\/02\/Mathieu-van-der-Poel-profimedia-0587583424-CVR.jpg\" \/>\n\t<meta property=\"og:image:width\" content=\"1366\" \/>\n\t<meta property=\"og:image:height\" content=\"600\" \/>\n\t<meta property=\"og:image:type\" content=\"image\/jpeg\" \/>\n<meta name=\"author\" content=\"jbraeker\" \/>\n<meta name=\"twitter:card\" content=\"summary_large_image\" \/>\n<meta name=\"twitter:label1\" content=\"Written by\" \/>\n\t<meta name=\"twitter:data1\" content=\"WeLoveCycling\" \/>\n\t<meta name=\"twitter:label2\" content=\"Est. reading time\" \/>\n\t<meta name=\"twitter:data2\" content=\"4\" \/>\n<script type=\"application\/ld+json\" class=\"yoast-schema-graph\">{\"@context\":\"https:\/\/schema.org\",\"@graph\":[{\"@type\":\"WebPage\",\"@id\":\"https:\/\/www.welovecycling.com\/de\/2021\/02\/02\/radsport-neuigkeiten\/\",\"url\":\"https:\/\/www.welovecycling.com\/de\/2021\/02\/02\/radsport-neuigkeiten\/\",\"name\":\"Mathieu van der Poel gewinnt Cyclocross-Weltmeisterschaft und weitere coole Neuigkeiten aus der Radsportwelt\",\"isPartOf\":{\"@id\":\"https:\/\/www.welovecycling.com\/de\/#website\"},\"primaryImageOfPage\":{\"@id\":\"https:\/\/www.welovecycling.com\/de\/2021\/02\/02\/radsport-neuigkeiten\/#primaryimage\"},\"image\":{\"@id\":\"https:\/\/www.welovecycling.com\/de\/2021\/02\/02\/radsport-neuigkeiten\/#primaryimage\"},\"thumbnailUrl\":\"https:\/\/d2p6e6u75xmxt8.cloudfront.net\/10\/2021\/02\/Mathieu-van-der-Poel-profimedia-0587583424-CVR.jpg\",\"datePublished\":\"2021-02-02T15:11:12+00:00\",\"author\":{\"@id\":\"https:\/\/www.welovecycling.com\/de\/#\/schema\/person\/915694b3c8d0de9019932587781ba6b3\"},\"description\":\"Trotz Anfangsschwierigkeiten holt Mathieu van der Poel sich das dritte Regenbogentrikot in Folge. Und andere coole News aus der Radsportwelt.\",\"breadcrumb\":{\"@id\":\"https:\/\/www.welovecycling.com\/de\/2021\/02\/02\/radsport-neuigkeiten\/#breadcrumb\"},\"inLanguage\":\"de-DE\",\"potentialAction\":[{\"@type\":\"ReadAction\",\"target\":[\"https:\/\/www.welovecycling.com\/de\/2021\/02\/02\/radsport-neuigkeiten\/\"]}]},{\"@type\":\"ImageObject\",\"inLanguage\":\"de-DE\",\"@id\":\"https:\/\/www.welovecycling.com\/de\/2021\/02\/02\/radsport-neuigkeiten\/#primaryimage\",\"url\":\"https:\/\/d2p6e6u75xmxt8.cloudfront.net\/10\/2021\/02\/Mathieu-van-der-Poel-profimedia-0587583424-CVR.jpg\",\"contentUrl\":\"https:\/\/d2p6e6u75xmxt8.cloudfront.net\/10\/2021\/02\/Mathieu-van-der-Poel-profimedia-0587583424-CVR.jpg\",\"width\":1366,\"height\":600,\"caption\":\"Mathieu van der Poel\"},{\"@type\":\"BreadcrumbList\",\"@id\":\"https:\/\/www.welovecycling.com\/de\/2021\/02\/02\/radsport-neuigkeiten\/#breadcrumb\",\"itemListElement\":[{\"@type\":\"ListItem\",\"position\":1,\"name\":\"Home\",\"item\":\"https:\/\/www.welovecycling.com\/de\/\"},{\"@type\":\"ListItem\",\"position\":2,\"name\":\"Mathieu van der Poel gewinnt Cyclocross-Weltmeisterschaft und weitere coole Neuigkeiten aus der Radsportwelt\"}]},{\"@type\":\"WebSite\",\"@id\":\"https:\/\/www.welovecycling.com\/de\/#website\",\"url\":\"https:\/\/www.welovecycling.com\/de\/\",\"name\":\"\u0160koda We Love Cycling - Deutschland\",\"description\":\"Just another \u0160koda WeLoveCycling Sites site\",\"potentialAction\":[{\"@type\":\"SearchAction\",\"target\":{\"@type\":\"EntryPoint\",\"urlTemplate\":\"https:\/\/www.welovecycling.com\/de\/?s={search_term_string}\"},\"query-input\":{\"@type\":\"PropertyValueSpecification\",\"valueRequired\":true,\"valueName\":\"search_term_string\"}}],\"inLanguage\":\"de-DE\"},{\"@type\":\"Person\",\"@id\":\"https:\/\/www.welovecycling.com\/de\/#\/schema\/person\/915694b3c8d0de9019932587781ba6b3\",\"name\":\"jbraeker\",\"image\":{\"@type\":\"ImageObject\",\"inLanguage\":\"de-DE\",\"@id\":\"https:\/\/www.welovecycling.com\/de\/#\/schema\/person\/image\/\",\"url\":\"https:\/\/secure.gravatar.com\/avatar\/8b4aea90e4535aae30b5b720249e5b723ae59fcf3d54757dd8b748d97b46d3c9?s=96&d=mm&r=g\",\"contentUrl\":\"https:\/\/secure.gravatar.com\/avatar\/8b4aea90e4535aae30b5b720249e5b723ae59fcf3d54757dd8b748d97b46d3c9?s=96&d=mm&r=g\",\"caption\":\"jbraeker\"},\"url\":\"https:\/\/www.welovecycling.com\/de\/author\/jbraeker\/\"}]}<\/script>\n<!-- \/ Yoast SEO Premium plugin. -->","yoast_head_json":{"title":"Mathieu van der Poel gewinnt Cyclocross-Weltmeisterschaft und weitere coole Neuigkeiten aus der Radsportwelt","description":"Trotz Anfangsschwierigkeiten holt Mathieu van der Poel sich das dritte Regenbogentrikot in Folge. Und andere coole News aus der Radsportwelt.","robots":{"index":"index","follow":"follow","max-snippet":"max-snippet:-1","max-image-preview":"max-image-preview:large","max-video-preview":"max-video-preview:-1"},"canonical":"https:\/\/www.welovecycling.com\/de\/2021\/02\/02\/radsport-neuigkeiten\/","og_locale":"de_DE","og_type":"article","og_title":"Mathieu van der Poel gewinnt Cyclocross-Weltmeisterschaft und weitere coole Neuigkeiten aus der Radsportwelt","og_description":"Trotz Anfangsschwierigkeiten holt Mathieu van der Poel sich das dritte Regenbogentrikot in Folge. Und andere coole News aus der Radsportwelt.","og_url":"https:\/\/www.welovecycling.com\/de\/2021\/02\/02\/radsport-neuigkeiten\/","og_site_name":"\u0160koda We Love Cycling - Deutschland","article_published_time":"2021-02-02T15:11:12+00:00","og_image":[{"width":1366,"height":600,"url":"https:\/\/d2p6e6u75xmxt8.cloudfront.net\/10\/2021\/02\/Mathieu-van-der-Poel-profimedia-0587583424-CVR.jpg","type":"image\/jpeg"}],"author":"jbraeker","twitter_card":"summary_large_image","twitter_misc":{"Written by":"WeLoveCycling","Est. reading time":"4"},"schema":{"@context":"https:\/\/schema.org","@graph":[{"@type":"WebPage","@id":"https:\/\/www.welovecycling.com\/de\/2021\/02\/02\/radsport-neuigkeiten\/","url":"https:\/\/www.welovecycling.com\/de\/2021\/02\/02\/radsport-neuigkeiten\/","name":"Mathieu van der Poel gewinnt Cyclocross-Weltmeisterschaft und weitere coole Neuigkeiten aus der Radsportwelt","isPartOf":{"@id":"https:\/\/www.welovecycling.com\/de\/#website"},"primaryImageOfPage":{"@id":"https:\/\/www.welovecycling.com\/de\/2021\/02\/02\/radsport-neuigkeiten\/#primaryimage"},"image":{"@id":"https:\/\/www.welovecycling.com\/de\/2021\/02\/02\/radsport-neuigkeiten\/#primaryimage"},"thumbnailUrl":"https:\/\/d2p6e6u75xmxt8.cloudfront.net\/10\/2021\/02\/Mathieu-van-der-Poel-profimedia-0587583424-CVR.jpg","datePublished":"2021-02-02T15:11:12+00:00","author":{"@id":"https:\/\/www.welovecycling.com\/de\/#\/schema\/person\/915694b3c8d0de9019932587781ba6b3"},"description":"Trotz Anfangsschwierigkeiten holt Mathieu van der Poel sich das dritte Regenbogentrikot in Folge. Und andere coole News aus der Radsportwelt.","breadcrumb":{"@id":"https:\/\/www.welovecycling.com\/de\/2021\/02\/02\/radsport-neuigkeiten\/#breadcrumb"},"inLanguage":"de-DE","potentialAction":[{"@type":"ReadAction","target":["https:\/\/www.welovecycling.com\/de\/2021\/02\/02\/radsport-neuigkeiten\/"]}]},{"@type":"ImageObject","inLanguage":"de-DE","@id":"https:\/\/www.welovecycling.com\/de\/2021\/02\/02\/radsport-neuigkeiten\/#primaryimage","url":"https:\/\/d2p6e6u75xmxt8.cloudfront.net\/10\/2021\/02\/Mathieu-van-der-Poel-profimedia-0587583424-CVR.jpg","contentUrl":"https:\/\/d2p6e6u75xmxt8.cloudfront.net\/10\/2021\/02\/Mathieu-van-der-Poel-profimedia-0587583424-CVR.jpg","width":1366,"height":600,"caption":"Mathieu van der Poel"},{"@type":"BreadcrumbList","@id":"https:\/\/www.welovecycling.com\/de\/2021\/02\/02\/radsport-neuigkeiten\/#breadcrumb","itemListElement":[{"@type":"ListItem","position":1,"name":"Home","item":"https:\/\/www.welovecycling.com\/de\/"},{"@type":"ListItem","position":2,"name":"Mathieu van der Poel gewinnt Cyclocross-Weltmeisterschaft und weitere coole Neuigkeiten aus der Radsportwelt"}]},{"@type":"WebSite","@id":"https:\/\/www.welovecycling.com\/de\/#website","url":"https:\/\/www.welovecycling.com\/de\/","name":"\u0160koda We Love Cycling - Deutschland","description":"Just another \u0160koda WeLoveCycling Sites site","potentialAction":[{"@type":"SearchAction","target":{"@type":"EntryPoint","urlTemplate":"https:\/\/www.welovecycling.com\/de\/?s={search_term_string}"},"query-input":{"@type":"PropertyValueSpecification","valueRequired":true,"valueName":"search_term_string"}}],"inLanguage":"de-DE"},{"@type":"Person","@id":"https:\/\/www.welovecycling.com\/de\/#\/schema\/person\/915694b3c8d0de9019932587781ba6b3","name":"jbraeker","image":{"@type":"ImageObject","inLanguage":"de-DE","@id":"https:\/\/www.welovecycling.com\/de\/#\/schema\/person\/image\/","url":"https:\/\/secure.gravatar.com\/avatar\/8b4aea90e4535aae30b5b720249e5b723ae59fcf3d54757dd8b748d97b46d3c9?s=96&d=mm&r=g","contentUrl":"https:\/\/secure.gravatar.com\/avatar\/8b4aea90e4535aae30b5b720249e5b723ae59fcf3d54757dd8b748d97b46d3c9?s=96&d=mm&r=g","caption":"jbraeker"},"url":"https:\/\/www.welovecycling.com\/de\/author\/jbraeker\/"}]}},"_links":{"self":[{"href":"https:\/\/www.welovecycling.com\/de\/wp-json\/wp\/v2\/posts\/8690","targetHints":{"allow":["GET"]}}],"collection":[{"href":"https:\/\/www.welovecycling.com\/de\/wp-json\/wp\/v2\/posts"}],"about":[{"href":"https:\/\/www.welovecycling.com\/de\/wp-json\/wp\/v2\/types\/post"}],"author":[{"embeddable":true,"href":"https:\/\/www.welovecycling.com\/de\/wp-json\/wp\/v2\/users\/115"}],"replies":[{"embeddable":true,"href":"https:\/\/www.welovecycling.com\/de\/wp-json\/wp\/v2\/comments?post=8690"}],"version-history":[{"count":1,"href":"https:\/\/www.welovecycling.com\/de\/wp-json\/wp\/v2\/posts\/8690\/revisions"}],"predecessor-version":[{"id":8697,"href":"https:\/\/www.welovecycling.com\/de\/wp-json\/wp\/v2\/posts\/8690\/revisions\/8697"}],"wp:featuredmedia":[{"embeddable":true,"href":"https:\/\/www.welovecycling.com\/de\/wp-json\/wp\/v2\/media\/8696"}],"wp:attachment":[{"href":"https:\/\/www.welovecycling.com\/de\/wp-json\/wp\/v2\/media?parent=8690"}],"wp:term":[{"taxonomy":"category","embeddable":true,"href":"https:\/\/www.welovecycling.com\/de\/wp-json\/wp\/v2\/categories?post=8690"},{"taxonomy":"post_tag","embeddable":true,"href":"https:\/\/www.welovecycling.com\/de\/wp-json\/wp\/v2\/tags?post=8690"},{"taxonomy":"global-categories","embeddable":true,"href":"https:\/\/www.welovecycling.com\/de\/wp-json\/wp\/v2\/global-categories?post=8690"}],"curies":[{"name":"wp","href":"https:\/\/api.w.org\/{rel}","templated":true}]}}