{"id":8328,"date":"2020-07-06T12:46:47","date_gmt":"2020-07-06T11:46:47","guid":{"rendered":"https:\/\/www.welovecycling.com\/de\/?p=8328"},"modified":"2020-07-06T12:46:47","modified_gmt":"2020-07-06T11:46:47","slug":"die-virtuelle-tour-de-france-erklaert-fuer-ride2unite","status":"publish","type":"post","link":"https:\/\/www.welovecycling.com\/de\/2020\/07\/06\/die-virtuelle-tour-de-france-erklaert-fuer-ride2unite\/","title":{"rendered":"Die virtuelle Tour de France erkl\u00e4rt f\u00fcr #ride2unite"},"content":{"rendered":"<p>Auch das prestigetr\u00e4chtigste Ereignis der Radsportsaison, die Tour de France, ist von der COVID-19-Pandemie betroffen und wurde deshalb auf September 2020 verschoben. Der urspr\u00fcngliche Termin der Tour im Juli wurde nun digital zum Leben erweckt! Wir freuen uns sehr, dass Julien Goupil, der Mediendirektor der A.S.O., der f\u00fcr \u00d6ffentlichkeitsarbeit und damit f\u00fcr das Image der Tour verantwortlich ist, uns diese Idee der virtuellen Tour de France in einem #Ride2Unite Livestream n\u00e4herbringen wird.<\/p>\n<p>Schalte ein: am Mittwoch, den 8. Juli um 16.00 Uhr auf dem Instagram-Kanal des <a href=\"https:\/\/www.instagram.com\/wlcmagazine\/\">WeLoveCycling Magazins<\/a>.<\/p>\n<p>Nach einer erfolgreichen Karriere im Werbe-Bereich und in den Medien ist Julien Goupil seit 2004 in den Reihen der A.S.O. t\u00e4tig. Die Amaury Sport Organisation (A.S.O.) organisiert renommierte Profi-Stra\u00dfenrennen, darunter die Tour de France, Vuelta a Espa\u00f1a, Paris-Nizza, Eschborn-Frankfurt und viele mehr. Seine Aufgabe umfasst heute das Management der TV-Produktion und -Distribution, der digitale Auftritt und der Kommunikation aller A.S.O.-Veranstaltungen auf mehreren analogen und digitalen Kan\u00e4len. Wenn es also jemanden gibt, der die neue digitale Realit\u00e4t der Welt des Profiradsports am besten erkl\u00e4ren kann, dann ist es Julien Goupil.<\/p>\n<p>An drei Wochenenden, vom 4. Juli bis zum 19. Juli, wird auf der virtuellen Trainings- und Rennplattform Zwift eine virtuelle Tour de France \u00fcber sechs digitale Etappen stattfinden. Die digitale Version bietet wie die reelle Tour de France Profiteams mit renommierten Namen, wundersch\u00f6ne Landschaften, das Peloton und nicht zuletzt alle vier Wertungstrikots, um die es zu k\u00e4mpfen gilt.<\/p>\n<p>Es ist wirkliche Premiere, denn eine solche Veranstaltung ist noch nie komplett virtuell ausgetragen worden. Begleitet wird die virtuelle Tour de France auch von einer beliebten Amateurversion des Rennens &#8211; der l&#8217;\u00c9tape du Tour. Jeder kann an dieser digitalen Version mit Zwift teilnehmen und zum Teil die gleichen Strecken fahren wie die Profis! Wenn du also ein aktiver Radsportfan bist, der offen f\u00fcr Neuheiten ist, kannst du dich f\u00fcr das virtuelle l&#8217;\u00c9tape anmelden und es die Teilnahme lohnt sich gleich doppelt. Denn mit etwas Gl\u00fcck, kannst Du beim <a href=\"https:\/\/www.welovecycling.com\/de\/2020\/07\/03\/gewinne-ein-einmaliges-tour-de-france-erlebnis\/\">&#8222;We Love Cycling&#8220;-Wettbewerb<\/a> eines von drei Tour de France VIP Pakete gewinnen und dann bei der Tour LIVE dabei sein!<\/p>\n<p>Unsere Livestream-Moderatorin, Laura Meseguer wird mit Julien Goupil spannende Einblicke in diese neue digitale Welt des Radsports geben.<\/p>\n<p>Wenn du irgendwelche Fragen hast, dann schick uns gerne eine Nachricht auf unserem <a href=\"https:\/\/www.instagram.com\/welovecycling.de\/\">Instagram-Kanal<\/a> und wir leiten die weiter. Oder du stellst deine Frage direkt im Chat auf Instagram, wenn wir live gehen! Schalte <a href=\"https:\/\/www.instagram.com\/wlcmagazine\/\">Instagram<\/a> am Mittwoch, den 8. Juli um 16 Uhr ein.<\/p>\n<p>&nbsp;<\/p>\n","protected":false},"excerpt":{"rendered":"<p>Auch das prestigetr\u00e4chtigste Ereignis der Radsportsaison, die Tour de France, ist von der COVID-19-Pandemie betroffen und wurde deshalb auf September [&hellip;]<\/p>\n","protected":false},"author":115,"featured_media":8329,"comment_status":"open","ping_status":"open","sticky":false,"template":"","format":"standard","meta":{"footnotes":""},"categories":[41,1],"tags":[],"global-categories":[19],"class_list":["post-8328","post","type-post","status-publish","format-standard","has-post-thumbnail","hentry","category-ride2unite","category-allgemein","global-categories-cycling"],"yoast_head":"<!-- This site is optimized with the Yoast SEO Premium plugin v25.3 (Yoast SEO v25.9) - https:\/\/yoast.com\/wordpress\/plugins\/seo\/ -->\n<title>Die virtuelle Tour de France erkl\u00e4rt f\u00fcr #ride2unite -<\/title>\n<meta name=\"description\" content=\"Julien Goupil, seit 2004 in den Reihen der A.S.O. t\u00e4tig, erkl\u00e4rt im Rahmen von #ride2unite die neue virtuelle Welt der Tour de France!\" \/>\n<meta name=\"robots\" content=\"index, follow, max-snippet:-1, max-image-preview:large, max-video-preview:-1\" \/>\n<link rel=\"canonical\" href=\"https:\/\/www.welovecycling.com\/de\/2020\/07\/06\/die-virtuelle-tour-de-france-erklaert-fuer-ride2unite\/\" \/>\n<meta property=\"og:locale\" content=\"de_DE\" \/>\n<meta property=\"og:type\" content=\"article\" \/>\n<meta property=\"og:title\" content=\"Die virtuelle Tour de France erkl\u00e4rt f\u00fcr #ride2unite\" \/>\n<meta property=\"og:description\" content=\"Julien Goupil, seit 2004 in den Reihen der A.S.O. t\u00e4tig, erkl\u00e4rt im Rahmen von #ride2unite die neue virtuelle Welt der Tour de France!\" \/>\n<meta property=\"og:url\" content=\"https:\/\/www.welovecycling.com\/de\/2020\/07\/06\/die-virtuelle-tour-de-france-erklaert-fuer-ride2unite\/\" \/>\n<meta property=\"og:site_name\" content=\"\u0160koda We Love Cycling - Deutschland\" \/>\n<meta property=\"article:published_time\" content=\"2020-07-06T11:46:47+00:00\" \/>\n<meta property=\"og:image\" content=\"https:\/\/d2p6e6u75xmxt8.cloudfront.net\/10\/2020\/07\/r2u_linkshare_1200x628_Goupil.jpg\" \/>\n\t<meta property=\"og:image:width\" content=\"1200\" \/>\n\t<meta property=\"og:image:height\" content=\"628\" \/>\n\t<meta property=\"og:image:type\" content=\"image\/jpeg\" \/>\n<meta name=\"author\" content=\"jbraeker\" \/>\n<meta name=\"twitter:card\" content=\"summary_large_image\" \/>\n<meta name=\"twitter:label1\" content=\"Written by\" \/>\n\t<meta name=\"twitter:data1\" content=\"WeLoveCycling\" \/>\n\t<meta name=\"twitter:label2\" content=\"Est. reading time\" \/>\n\t<meta name=\"twitter:data2\" content=\"2 minutes\" \/>\n<script type=\"application\/ld+json\" class=\"yoast-schema-graph\">{\"@context\":\"https:\/\/schema.org\",\"@graph\":[{\"@type\":\"WebPage\",\"@id\":\"https:\/\/www.welovecycling.com\/de\/2020\/07\/06\/die-virtuelle-tour-de-france-erklaert-fuer-ride2unite\/\",\"url\":\"https:\/\/www.welovecycling.com\/de\/2020\/07\/06\/die-virtuelle-tour-de-france-erklaert-fuer-ride2unite\/\",\"name\":\"Die virtuelle Tour de France erkl\u00e4rt f\u00fcr #ride2unite -\",\"isPartOf\":{\"@id\":\"https:\/\/www.welovecycling.com\/de\/#website\"},\"primaryImageOfPage\":{\"@id\":\"https:\/\/www.welovecycling.com\/de\/2020\/07\/06\/die-virtuelle-tour-de-france-erklaert-fuer-ride2unite\/#primaryimage\"},\"image\":{\"@id\":\"https:\/\/www.welovecycling.com\/de\/2020\/07\/06\/die-virtuelle-tour-de-france-erklaert-fuer-ride2unite\/#primaryimage\"},\"thumbnailUrl\":\"https:\/\/d2p6e6u75xmxt8.cloudfront.net\/10\/2020\/07\/r2u_linkshare_1200x628_Goupil.jpg\",\"datePublished\":\"2020-07-06T11:46:47+00:00\",\"author\":{\"@id\":\"https:\/\/www.welovecycling.com\/de\/#\/schema\/person\/915694b3c8d0de9019932587781ba6b3\"},\"description\":\"Julien Goupil, seit 2004 in den Reihen der A.S.O. t\u00e4tig, erkl\u00e4rt im Rahmen von #ride2unite die neue virtuelle Welt der Tour de France!\",\"breadcrumb\":{\"@id\":\"https:\/\/www.welovecycling.com\/de\/2020\/07\/06\/die-virtuelle-tour-de-france-erklaert-fuer-ride2unite\/#breadcrumb\"},\"inLanguage\":\"de-DE\",\"potentialAction\":[{\"@type\":\"ReadAction\",\"target\":[\"https:\/\/www.welovecycling.com\/de\/2020\/07\/06\/die-virtuelle-tour-de-france-erklaert-fuer-ride2unite\/\"]}]},{\"@type\":\"ImageObject\",\"inLanguage\":\"de-DE\",\"@id\":\"https:\/\/www.welovecycling.com\/de\/2020\/07\/06\/die-virtuelle-tour-de-france-erklaert-fuer-ride2unite\/#primaryimage\",\"url\":\"https:\/\/d2p6e6u75xmxt8.cloudfront.net\/10\/2020\/07\/r2u_linkshare_1200x628_Goupil.jpg\",\"contentUrl\":\"https:\/\/d2p6e6u75xmxt8.cloudfront.net\/10\/2020\/07\/r2u_linkshare_1200x628_Goupil.jpg\",\"width\":1200,\"height\":628},{\"@type\":\"BreadcrumbList\",\"@id\":\"https:\/\/www.welovecycling.com\/de\/2020\/07\/06\/die-virtuelle-tour-de-france-erklaert-fuer-ride2unite\/#breadcrumb\",\"itemListElement\":[{\"@type\":\"ListItem\",\"position\":1,\"name\":\"Home\",\"item\":\"https:\/\/www.welovecycling.com\/de\/\"},{\"@type\":\"ListItem\",\"position\":2,\"name\":\"Die virtuelle Tour de France erkl\u00e4rt f\u00fcr #ride2unite\"}]},{\"@type\":\"WebSite\",\"@id\":\"https:\/\/www.welovecycling.com\/de\/#website\",\"url\":\"https:\/\/www.welovecycling.com\/de\/\",\"name\":\"\u0160koda We Love Cycling - Deutschland\",\"description\":\"Just another \u0160koda WeLoveCycling Sites site\",\"potentialAction\":[{\"@type\":\"SearchAction\",\"target\":{\"@type\":\"EntryPoint\",\"urlTemplate\":\"https:\/\/www.welovecycling.com\/de\/?s={search_term_string}\"},\"query-input\":{\"@type\":\"PropertyValueSpecification\",\"valueRequired\":true,\"valueName\":\"search_term_string\"}}],\"inLanguage\":\"de-DE\"},{\"@type\":\"Person\",\"@id\":\"https:\/\/www.welovecycling.com\/de\/#\/schema\/person\/915694b3c8d0de9019932587781ba6b3\",\"name\":\"jbraeker\",\"image\":{\"@type\":\"ImageObject\",\"inLanguage\":\"de-DE\",\"@id\":\"https:\/\/www.welovecycling.com\/de\/#\/schema\/person\/image\/\",\"url\":\"https:\/\/secure.gravatar.com\/avatar\/8b4aea90e4535aae30b5b720249e5b723ae59fcf3d54757dd8b748d97b46d3c9?s=96&d=mm&r=g\",\"contentUrl\":\"https:\/\/secure.gravatar.com\/avatar\/8b4aea90e4535aae30b5b720249e5b723ae59fcf3d54757dd8b748d97b46d3c9?s=96&d=mm&r=g\",\"caption\":\"jbraeker\"},\"url\":\"https:\/\/www.welovecycling.com\/de\/author\/jbraeker\/\"}]}<\/script>\n<!-- \/ Yoast SEO Premium plugin. -->","yoast_head_json":{"title":"Die virtuelle Tour de France erkl\u00e4rt f\u00fcr #ride2unite -","description":"Julien Goupil, seit 2004 in den Reihen der A.S.O. t\u00e4tig, erkl\u00e4rt im Rahmen von #ride2unite die neue virtuelle Welt der Tour de France!","robots":{"index":"index","follow":"follow","max-snippet":"max-snippet:-1","max-image-preview":"max-image-preview:large","max-video-preview":"max-video-preview:-1"},"canonical":"https:\/\/www.welovecycling.com\/de\/2020\/07\/06\/die-virtuelle-tour-de-france-erklaert-fuer-ride2unite\/","og_locale":"de_DE","og_type":"article","og_title":"Die virtuelle Tour de France erkl\u00e4rt f\u00fcr #ride2unite","og_description":"Julien Goupil, seit 2004 in den Reihen der A.S.O. t\u00e4tig, erkl\u00e4rt im Rahmen von #ride2unite die neue virtuelle Welt der Tour de France!","og_url":"https:\/\/www.welovecycling.com\/de\/2020\/07\/06\/die-virtuelle-tour-de-france-erklaert-fuer-ride2unite\/","og_site_name":"\u0160koda We Love Cycling - Deutschland","article_published_time":"2020-07-06T11:46:47+00:00","og_image":[{"width":1200,"height":628,"url":"https:\/\/d2p6e6u75xmxt8.cloudfront.net\/10\/2020\/07\/r2u_linkshare_1200x628_Goupil.jpg","type":"image\/jpeg"}],"author":"jbraeker","twitter_card":"summary_large_image","twitter_misc":{"Written by":"WeLoveCycling","Est. reading time":"2 minutes"},"schema":{"@context":"https:\/\/schema.org","@graph":[{"@type":"WebPage","@id":"https:\/\/www.welovecycling.com\/de\/2020\/07\/06\/die-virtuelle-tour-de-france-erklaert-fuer-ride2unite\/","url":"https:\/\/www.welovecycling.com\/de\/2020\/07\/06\/die-virtuelle-tour-de-france-erklaert-fuer-ride2unite\/","name":"Die virtuelle Tour de France erkl\u00e4rt f\u00fcr #ride2unite -","isPartOf":{"@id":"https:\/\/www.welovecycling.com\/de\/#website"},"primaryImageOfPage":{"@id":"https:\/\/www.welovecycling.com\/de\/2020\/07\/06\/die-virtuelle-tour-de-france-erklaert-fuer-ride2unite\/#primaryimage"},"image":{"@id":"https:\/\/www.welovecycling.com\/de\/2020\/07\/06\/die-virtuelle-tour-de-france-erklaert-fuer-ride2unite\/#primaryimage"},"thumbnailUrl":"https:\/\/d2p6e6u75xmxt8.cloudfront.net\/10\/2020\/07\/r2u_linkshare_1200x628_Goupil.jpg","datePublished":"2020-07-06T11:46:47+00:00","author":{"@id":"https:\/\/www.welovecycling.com\/de\/#\/schema\/person\/915694b3c8d0de9019932587781ba6b3"},"description":"Julien Goupil, seit 2004 in den Reihen der A.S.O. t\u00e4tig, erkl\u00e4rt im Rahmen von #ride2unite die neue virtuelle Welt der Tour de France!","breadcrumb":{"@id":"https:\/\/www.welovecycling.com\/de\/2020\/07\/06\/die-virtuelle-tour-de-france-erklaert-fuer-ride2unite\/#breadcrumb"},"inLanguage":"de-DE","potentialAction":[{"@type":"ReadAction","target":["https:\/\/www.welovecycling.com\/de\/2020\/07\/06\/die-virtuelle-tour-de-france-erklaert-fuer-ride2unite\/"]}]},{"@type":"ImageObject","inLanguage":"de-DE","@id":"https:\/\/www.welovecycling.com\/de\/2020\/07\/06\/die-virtuelle-tour-de-france-erklaert-fuer-ride2unite\/#primaryimage","url":"https:\/\/d2p6e6u75xmxt8.cloudfront.net\/10\/2020\/07\/r2u_linkshare_1200x628_Goupil.jpg","contentUrl":"https:\/\/d2p6e6u75xmxt8.cloudfront.net\/10\/2020\/07\/r2u_linkshare_1200x628_Goupil.jpg","width":1200,"height":628},{"@type":"BreadcrumbList","@id":"https:\/\/www.welovecycling.com\/de\/2020\/07\/06\/die-virtuelle-tour-de-france-erklaert-fuer-ride2unite\/#breadcrumb","itemListElement":[{"@type":"ListItem","position":1,"name":"Home","item":"https:\/\/www.welovecycling.com\/de\/"},{"@type":"ListItem","position":2,"name":"Die virtuelle Tour de France erkl\u00e4rt f\u00fcr #ride2unite"}]},{"@type":"WebSite","@id":"https:\/\/www.welovecycling.com\/de\/#website","url":"https:\/\/www.welovecycling.com\/de\/","name":"\u0160koda We Love Cycling - Deutschland","description":"Just another \u0160koda WeLoveCycling Sites site","potentialAction":[{"@type":"SearchAction","target":{"@type":"EntryPoint","urlTemplate":"https:\/\/www.welovecycling.com\/de\/?s={search_term_string}"},"query-input":{"@type":"PropertyValueSpecification","valueRequired":true,"valueName":"search_term_string"}}],"inLanguage":"de-DE"},{"@type":"Person","@id":"https:\/\/www.welovecycling.com\/de\/#\/schema\/person\/915694b3c8d0de9019932587781ba6b3","name":"jbraeker","image":{"@type":"ImageObject","inLanguage":"de-DE","@id":"https:\/\/www.welovecycling.com\/de\/#\/schema\/person\/image\/","url":"https:\/\/secure.gravatar.com\/avatar\/8b4aea90e4535aae30b5b720249e5b723ae59fcf3d54757dd8b748d97b46d3c9?s=96&d=mm&r=g","contentUrl":"https:\/\/secure.gravatar.com\/avatar\/8b4aea90e4535aae30b5b720249e5b723ae59fcf3d54757dd8b748d97b46d3c9?s=96&d=mm&r=g","caption":"jbraeker"},"url":"https:\/\/www.welovecycling.com\/de\/author\/jbraeker\/"}]}},"_links":{"self":[{"href":"https:\/\/www.welovecycling.com\/de\/wp-json\/wp\/v2\/posts\/8328","targetHints":{"allow":["GET"]}}],"collection":[{"href":"https:\/\/www.welovecycling.com\/de\/wp-json\/wp\/v2\/posts"}],"about":[{"href":"https:\/\/www.welovecycling.com\/de\/wp-json\/wp\/v2\/types\/post"}],"author":[{"embeddable":true,"href":"https:\/\/www.welovecycling.com\/de\/wp-json\/wp\/v2\/users\/115"}],"replies":[{"embeddable":true,"href":"https:\/\/www.welovecycling.com\/de\/wp-json\/wp\/v2\/comments?post=8328"}],"version-history":[{"count":1,"href":"https:\/\/www.welovecycling.com\/de\/wp-json\/wp\/v2\/posts\/8328\/revisions"}],"predecessor-version":[{"id":8330,"href":"https:\/\/www.welovecycling.com\/de\/wp-json\/wp\/v2\/posts\/8328\/revisions\/8330"}],"wp:featuredmedia":[{"embeddable":true,"href":"https:\/\/www.welovecycling.com\/de\/wp-json\/wp\/v2\/media\/8329"}],"wp:attachment":[{"href":"https:\/\/www.welovecycling.com\/de\/wp-json\/wp\/v2\/media?parent=8328"}],"wp:term":[{"taxonomy":"category","embeddable":true,"href":"https:\/\/www.welovecycling.com\/de\/wp-json\/wp\/v2\/categories?post=8328"},{"taxonomy":"post_tag","embeddable":true,"href":"https:\/\/www.welovecycling.com\/de\/wp-json\/wp\/v2\/tags?post=8328"},{"taxonomy":"global-categories","embeddable":true,"href":"https:\/\/www.welovecycling.com\/de\/wp-json\/wp\/v2\/global-categories?post=8328"}],"curies":[{"name":"wp","href":"https:\/\/api.w.org\/{rel}","templated":true}]}}