{"id":8310,"date":"2020-06-23T09:33:25","date_gmt":"2020-06-23T08:33:25","guid":{"rendered":"https:\/\/www.welovecycling.com\/de\/?p=8310"},"modified":"2020-06-23T09:33:25","modified_gmt":"2020-06-23T08:33:25","slug":"philippe-gilbert-der-koenig-der-klassiker","status":"publish","type":"post","link":"https:\/\/www.welovecycling.com\/de\/2020\/06\/23\/philippe-gilbert-der-koenig-der-klassiker\/","title":{"rendered":"Philippe Gilbert: Der K\u00f6nig der Klassiker"},"content":{"rendered":"<p>Wir freuen uns, einen der vielseitigsten Stra\u00dfenrennfahrer der Gegenwart, den Belgier Philippe Gilbert vom Team Lotto Soudal, am Mittwoch, 24. Juni um 17 Uhr am Mikrofon von unserer Moderatorin Laura Meseguer begr\u00fc\u00dfen zu d\u00fcrfen.<\/p>\n<p>Von dem Spitznamen eines Fahrers kann man schon viel lernen und Philippe \u201eWildsau der Ardennen\u201c Gilbert ist angesichts seiner Vorliebe f\u00fcr Angriffe und seiner Ausdauer bei schlechten Wetterbedingungen keine Ausnahme.<\/p>\n<p>Bevor er 2019 zum Team Lotto Soudal wechselte, fuhr Gilbert seit 2017 f\u00fcr das Team Quick-Step Floors, nachdem er f\u00fcnf Jahre das Trikot von BMC getragen hat, in welchem er 2012 die UCI Stra\u00dfen-Weltmeisterschaft gewann.<\/p>\n<p>Zuvor hat Gilbert bereits 2011 als zweite Person (und erster Belgier) in der Geschichte alle drei Ardennen-Klassiker &#8211; das Amstel Gold Race, La Fl\u00e8che Wallonne und L\u00fcttich-Bastogne-L\u00fcttich &#8211; in einem einzigen Jahr gewonnen.<\/p>\n<p>Dar\u00fcber hinaus gewann er sowohl die Flandern-Rundfahrt als auch den Klassiker L\u00fcttich-Bastogne-L\u00fcttich in einer Saison (2017), was ein ganz besonderes Talent erfordert. Denn die beiden Rennen k\u00f6nnten von der Streckenf\u00fchrung nicht unterschiedlicher sein und sowohl Sprinter- als auch Kletterf\u00e4higkeiten erfordern. Der letzte Belgier vor Gilbert, der beide Rennen gewann, war Eddy Merckx.<\/p>\n<p>Bei den gro\u00dfen Rundfahrten konnte Philippe Gilbert auch schon einige Erfolge verzeichnen. 11 Siege beim Giro d&#8217;Italia, bei der Tour de France und bei der La Vuelta stehen auf seinem Konto.<\/p>\n<p>Seid am <a href=\"https:\/\/www.instagram.com\/welovecycling.de\/\">Mittwoch, 24. Juni, 17 Uhr<\/a> mit dabei, wenn wir mit Laura Meseguer herausfinden, wie eine bestimmte Landschaft um eine belgische Kleinstadt einen anpassungsf\u00e4higen Radfahrer geformt hat, wie es sich anf\u00fchlt, wenn die gro\u00dfen Pl\u00e4ne durch eine Pandemie unterbrochen werden und wie man Vielseitigkeit und Ausdauer trainiert.<\/p>\n<p><a href=\"https:\/\/www.instagram.com\/welovecycling.de\/\">Folgt uns<\/a> auf Instagram, um den Livestream nicht zu verpassen. Wenn ihr Fragen an Philippe habt, dann schreibt uns gerne eine Nachricht und wir geben eure Fragen gerne weiter.<\/p>\n","protected":false},"excerpt":{"rendered":"<p>Wir freuen uns, einen der vielseitigsten Stra\u00dfenrennfahrer der Gegenwart, den Belgier Philippe Gilbert vom Team Lotto Soudal, am Mittwoch, 24. [&hellip;]<\/p>\n","protected":false},"author":115,"featured_media":8311,"comment_status":"open","ping_status":"open","sticky":false,"template":"","format":"standard","meta":{"footnotes":""},"categories":[41,1],"tags":[],"global-categories":[19],"class_list":["post-8310","post","type-post","status-publish","format-standard","has-post-thumbnail","hentry","category-ride2unite","category-allgemein","global-categories-cycling"],"yoast_head":"<!-- This site is optimized with the Yoast SEO Premium plugin v25.3 (Yoast SEO v25.9) - https:\/\/yoast.com\/wordpress\/plugins\/seo\/ -->\n<title>Philippe Gilbert: Der K\u00f6nig der Klassiker<\/title>\n<meta name=\"description\" content=\"Wir freuen uns, den Belgier Philippe Gilbert vom Team Lotto Soudal an unserem #ride2unite-Mikrofon mit der Moderatorin Laura Meseguer begr\u00fc\u00dfen zu d\u00fcrfen.\" \/>\n<meta name=\"robots\" content=\"index, follow, max-snippet:-1, max-image-preview:large, max-video-preview:-1\" \/>\n<link rel=\"canonical\" href=\"https:\/\/www.welovecycling.com\/de\/2020\/06\/23\/philippe-gilbert-der-koenig-der-klassiker\/\" \/>\n<meta property=\"og:locale\" content=\"de_DE\" \/>\n<meta property=\"og:type\" content=\"article\" \/>\n<meta property=\"og:title\" content=\"Philippe Gilbert: Der K\u00f6nig der Klassiker\" \/>\n<meta property=\"og:description\" content=\"Wir freuen uns, den Belgier Philippe Gilbert vom Team Lotto Soudal an unserem #ride2unite-Mikrofon mit der Moderatorin Laura Meseguer begr\u00fc\u00dfen zu d\u00fcrfen.\" \/>\n<meta property=\"og:url\" content=\"https:\/\/www.welovecycling.com\/de\/2020\/06\/23\/philippe-gilbert-der-koenig-der-klassiker\/\" \/>\n<meta property=\"og:site_name\" content=\"\u0160koda We Love Cycling - Deutschland\" \/>\n<meta property=\"article:published_time\" content=\"2020-06-23T08:33:25+00:00\" \/>\n<meta property=\"og:image\" content=\"https:\/\/d2p6e6u75xmxt8.cloudfront.net\/10\/2020\/06\/r2u_linkshare_1200x628_Gilbert.jpg\" \/>\n\t<meta property=\"og:image:width\" content=\"1200\" \/>\n\t<meta property=\"og:image:height\" content=\"628\" \/>\n\t<meta property=\"og:image:type\" content=\"image\/jpeg\" \/>\n<meta name=\"author\" content=\"jbraeker\" \/>\n<meta name=\"twitter:card\" content=\"summary_large_image\" \/>\n<meta name=\"twitter:label1\" content=\"Written by\" \/>\n\t<meta name=\"twitter:data1\" content=\"WeLoveCycling\" \/>\n\t<meta name=\"twitter:label2\" content=\"Est. reading time\" \/>\n\t<meta name=\"twitter:data2\" content=\"2 minutes\" \/>\n<script type=\"application\/ld+json\" class=\"yoast-schema-graph\">{\"@context\":\"https:\/\/schema.org\",\"@graph\":[{\"@type\":\"WebPage\",\"@id\":\"https:\/\/www.welovecycling.com\/de\/2020\/06\/23\/philippe-gilbert-der-koenig-der-klassiker\/\",\"url\":\"https:\/\/www.welovecycling.com\/de\/2020\/06\/23\/philippe-gilbert-der-koenig-der-klassiker\/\",\"name\":\"Philippe Gilbert: Der K\u00f6nig der Klassiker\",\"isPartOf\":{\"@id\":\"https:\/\/www.welovecycling.com\/de\/#website\"},\"primaryImageOfPage\":{\"@id\":\"https:\/\/www.welovecycling.com\/de\/2020\/06\/23\/philippe-gilbert-der-koenig-der-klassiker\/#primaryimage\"},\"image\":{\"@id\":\"https:\/\/www.welovecycling.com\/de\/2020\/06\/23\/philippe-gilbert-der-koenig-der-klassiker\/#primaryimage\"},\"thumbnailUrl\":\"https:\/\/d2p6e6u75xmxt8.cloudfront.net\/10\/2020\/06\/r2u_linkshare_1200x628_Gilbert.jpg\",\"datePublished\":\"2020-06-23T08:33:25+00:00\",\"author\":{\"@id\":\"https:\/\/www.welovecycling.com\/de\/#\/schema\/person\/915694b3c8d0de9019932587781ba6b3\"},\"description\":\"Wir freuen uns, den Belgier Philippe Gilbert vom Team Lotto Soudal an unserem #ride2unite-Mikrofon mit der Moderatorin Laura Meseguer begr\u00fc\u00dfen zu d\u00fcrfen.\",\"breadcrumb\":{\"@id\":\"https:\/\/www.welovecycling.com\/de\/2020\/06\/23\/philippe-gilbert-der-koenig-der-klassiker\/#breadcrumb\"},\"inLanguage\":\"de-DE\",\"potentialAction\":[{\"@type\":\"ReadAction\",\"target\":[\"https:\/\/www.welovecycling.com\/de\/2020\/06\/23\/philippe-gilbert-der-koenig-der-klassiker\/\"]}]},{\"@type\":\"ImageObject\",\"inLanguage\":\"de-DE\",\"@id\":\"https:\/\/www.welovecycling.com\/de\/2020\/06\/23\/philippe-gilbert-der-koenig-der-klassiker\/#primaryimage\",\"url\":\"https:\/\/d2p6e6u75xmxt8.cloudfront.net\/10\/2020\/06\/r2u_linkshare_1200x628_Gilbert.jpg\",\"contentUrl\":\"https:\/\/d2p6e6u75xmxt8.cloudfront.net\/10\/2020\/06\/r2u_linkshare_1200x628_Gilbert.jpg\",\"width\":1200,\"height\":628},{\"@type\":\"BreadcrumbList\",\"@id\":\"https:\/\/www.welovecycling.com\/de\/2020\/06\/23\/philippe-gilbert-der-koenig-der-klassiker\/#breadcrumb\",\"itemListElement\":[{\"@type\":\"ListItem\",\"position\":1,\"name\":\"Home\",\"item\":\"https:\/\/www.welovecycling.com\/de\/\"},{\"@type\":\"ListItem\",\"position\":2,\"name\":\"Philippe Gilbert: Der K\u00f6nig der Klassiker\"}]},{\"@type\":\"WebSite\",\"@id\":\"https:\/\/www.welovecycling.com\/de\/#website\",\"url\":\"https:\/\/www.welovecycling.com\/de\/\",\"name\":\"\u0160koda We Love Cycling - Deutschland\",\"description\":\"Just another \u0160koda WeLoveCycling Sites site\",\"potentialAction\":[{\"@type\":\"SearchAction\",\"target\":{\"@type\":\"EntryPoint\",\"urlTemplate\":\"https:\/\/www.welovecycling.com\/de\/?s={search_term_string}\"},\"query-input\":{\"@type\":\"PropertyValueSpecification\",\"valueRequired\":true,\"valueName\":\"search_term_string\"}}],\"inLanguage\":\"de-DE\"},{\"@type\":\"Person\",\"@id\":\"https:\/\/www.welovecycling.com\/de\/#\/schema\/person\/915694b3c8d0de9019932587781ba6b3\",\"name\":\"jbraeker\",\"image\":{\"@type\":\"ImageObject\",\"inLanguage\":\"de-DE\",\"@id\":\"https:\/\/www.welovecycling.com\/de\/#\/schema\/person\/image\/\",\"url\":\"https:\/\/secure.gravatar.com\/avatar\/8b4aea90e4535aae30b5b720249e5b723ae59fcf3d54757dd8b748d97b46d3c9?s=96&d=mm&r=g\",\"contentUrl\":\"https:\/\/secure.gravatar.com\/avatar\/8b4aea90e4535aae30b5b720249e5b723ae59fcf3d54757dd8b748d97b46d3c9?s=96&d=mm&r=g\",\"caption\":\"jbraeker\"},\"url\":\"https:\/\/www.welovecycling.com\/de\/author\/jbraeker\/\"}]}<\/script>\n<!-- \/ Yoast SEO Premium plugin. -->","yoast_head_json":{"title":"Philippe Gilbert: Der K\u00f6nig der Klassiker","description":"Wir freuen uns, den Belgier Philippe Gilbert vom Team Lotto Soudal an unserem #ride2unite-Mikrofon mit der Moderatorin Laura Meseguer begr\u00fc\u00dfen zu d\u00fcrfen.","robots":{"index":"index","follow":"follow","max-snippet":"max-snippet:-1","max-image-preview":"max-image-preview:large","max-video-preview":"max-video-preview:-1"},"canonical":"https:\/\/www.welovecycling.com\/de\/2020\/06\/23\/philippe-gilbert-der-koenig-der-klassiker\/","og_locale":"de_DE","og_type":"article","og_title":"Philippe Gilbert: Der K\u00f6nig der Klassiker","og_description":"Wir freuen uns, den Belgier Philippe Gilbert vom Team Lotto Soudal an unserem #ride2unite-Mikrofon mit der Moderatorin Laura Meseguer begr\u00fc\u00dfen zu d\u00fcrfen.","og_url":"https:\/\/www.welovecycling.com\/de\/2020\/06\/23\/philippe-gilbert-der-koenig-der-klassiker\/","og_site_name":"\u0160koda We Love Cycling - Deutschland","article_published_time":"2020-06-23T08:33:25+00:00","og_image":[{"width":1200,"height":628,"url":"https:\/\/d2p6e6u75xmxt8.cloudfront.net\/10\/2020\/06\/r2u_linkshare_1200x628_Gilbert.jpg","type":"image\/jpeg"}],"author":"jbraeker","twitter_card":"summary_large_image","twitter_misc":{"Written by":"WeLoveCycling","Est. reading time":"2 minutes"},"schema":{"@context":"https:\/\/schema.org","@graph":[{"@type":"WebPage","@id":"https:\/\/www.welovecycling.com\/de\/2020\/06\/23\/philippe-gilbert-der-koenig-der-klassiker\/","url":"https:\/\/www.welovecycling.com\/de\/2020\/06\/23\/philippe-gilbert-der-koenig-der-klassiker\/","name":"Philippe Gilbert: Der K\u00f6nig der Klassiker","isPartOf":{"@id":"https:\/\/www.welovecycling.com\/de\/#website"},"primaryImageOfPage":{"@id":"https:\/\/www.welovecycling.com\/de\/2020\/06\/23\/philippe-gilbert-der-koenig-der-klassiker\/#primaryimage"},"image":{"@id":"https:\/\/www.welovecycling.com\/de\/2020\/06\/23\/philippe-gilbert-der-koenig-der-klassiker\/#primaryimage"},"thumbnailUrl":"https:\/\/d2p6e6u75xmxt8.cloudfront.net\/10\/2020\/06\/r2u_linkshare_1200x628_Gilbert.jpg","datePublished":"2020-06-23T08:33:25+00:00","author":{"@id":"https:\/\/www.welovecycling.com\/de\/#\/schema\/person\/915694b3c8d0de9019932587781ba6b3"},"description":"Wir freuen uns, den Belgier Philippe Gilbert vom Team Lotto Soudal an unserem #ride2unite-Mikrofon mit der Moderatorin Laura Meseguer begr\u00fc\u00dfen zu d\u00fcrfen.","breadcrumb":{"@id":"https:\/\/www.welovecycling.com\/de\/2020\/06\/23\/philippe-gilbert-der-koenig-der-klassiker\/#breadcrumb"},"inLanguage":"de-DE","potentialAction":[{"@type":"ReadAction","target":["https:\/\/www.welovecycling.com\/de\/2020\/06\/23\/philippe-gilbert-der-koenig-der-klassiker\/"]}]},{"@type":"ImageObject","inLanguage":"de-DE","@id":"https:\/\/www.welovecycling.com\/de\/2020\/06\/23\/philippe-gilbert-der-koenig-der-klassiker\/#primaryimage","url":"https:\/\/d2p6e6u75xmxt8.cloudfront.net\/10\/2020\/06\/r2u_linkshare_1200x628_Gilbert.jpg","contentUrl":"https:\/\/d2p6e6u75xmxt8.cloudfront.net\/10\/2020\/06\/r2u_linkshare_1200x628_Gilbert.jpg","width":1200,"height":628},{"@type":"BreadcrumbList","@id":"https:\/\/www.welovecycling.com\/de\/2020\/06\/23\/philippe-gilbert-der-koenig-der-klassiker\/#breadcrumb","itemListElement":[{"@type":"ListItem","position":1,"name":"Home","item":"https:\/\/www.welovecycling.com\/de\/"},{"@type":"ListItem","position":2,"name":"Philippe Gilbert: Der K\u00f6nig der Klassiker"}]},{"@type":"WebSite","@id":"https:\/\/www.welovecycling.com\/de\/#website","url":"https:\/\/www.welovecycling.com\/de\/","name":"\u0160koda We Love Cycling - Deutschland","description":"Just another \u0160koda WeLoveCycling Sites site","potentialAction":[{"@type":"SearchAction","target":{"@type":"EntryPoint","urlTemplate":"https:\/\/www.welovecycling.com\/de\/?s={search_term_string}"},"query-input":{"@type":"PropertyValueSpecification","valueRequired":true,"valueName":"search_term_string"}}],"inLanguage":"de-DE"},{"@type":"Person","@id":"https:\/\/www.welovecycling.com\/de\/#\/schema\/person\/915694b3c8d0de9019932587781ba6b3","name":"jbraeker","image":{"@type":"ImageObject","inLanguage":"de-DE","@id":"https:\/\/www.welovecycling.com\/de\/#\/schema\/person\/image\/","url":"https:\/\/secure.gravatar.com\/avatar\/8b4aea90e4535aae30b5b720249e5b723ae59fcf3d54757dd8b748d97b46d3c9?s=96&d=mm&r=g","contentUrl":"https:\/\/secure.gravatar.com\/avatar\/8b4aea90e4535aae30b5b720249e5b723ae59fcf3d54757dd8b748d97b46d3c9?s=96&d=mm&r=g","caption":"jbraeker"},"url":"https:\/\/www.welovecycling.com\/de\/author\/jbraeker\/"}]}},"_links":{"self":[{"href":"https:\/\/www.welovecycling.com\/de\/wp-json\/wp\/v2\/posts\/8310","targetHints":{"allow":["GET"]}}],"collection":[{"href":"https:\/\/www.welovecycling.com\/de\/wp-json\/wp\/v2\/posts"}],"about":[{"href":"https:\/\/www.welovecycling.com\/de\/wp-json\/wp\/v2\/types\/post"}],"author":[{"embeddable":true,"href":"https:\/\/www.welovecycling.com\/de\/wp-json\/wp\/v2\/users\/115"}],"replies":[{"embeddable":true,"href":"https:\/\/www.welovecycling.com\/de\/wp-json\/wp\/v2\/comments?post=8310"}],"version-history":[{"count":1,"href":"https:\/\/www.welovecycling.com\/de\/wp-json\/wp\/v2\/posts\/8310\/revisions"}],"predecessor-version":[{"id":8312,"href":"https:\/\/www.welovecycling.com\/de\/wp-json\/wp\/v2\/posts\/8310\/revisions\/8312"}],"wp:featuredmedia":[{"embeddable":true,"href":"https:\/\/www.welovecycling.com\/de\/wp-json\/wp\/v2\/media\/8311"}],"wp:attachment":[{"href":"https:\/\/www.welovecycling.com\/de\/wp-json\/wp\/v2\/media?parent=8310"}],"wp:term":[{"taxonomy":"category","embeddable":true,"href":"https:\/\/www.welovecycling.com\/de\/wp-json\/wp\/v2\/categories?post=8310"},{"taxonomy":"post_tag","embeddable":true,"href":"https:\/\/www.welovecycling.com\/de\/wp-json\/wp\/v2\/tags?post=8310"},{"taxonomy":"global-categories","embeddable":true,"href":"https:\/\/www.welovecycling.com\/de\/wp-json\/wp\/v2\/global-categories?post=8310"}],"curies":[{"name":"wp","href":"https:\/\/api.w.org\/{rel}","templated":true}]}}